{"id":4749,"date":"2018-03-12T22:39:42","date_gmt":"2018-03-12T22:39:42","guid":{"rendered":"http:\/\/www.shqiperia.com\/blog\/?p=4749"},"modified":"2018-03-12T22:39:55","modified_gmt":"2018-03-12T22:39:55","slug":"gjirokaster-lsi-pd-rrembejne-drejtim-e-keshillit-bashkiak-ps-se","status":"publish","type":"post","link":"https:\/\/www.shqiperia.com\/blog\/gjirokaster-lsi-pd-rrembejne-drejtim-e-keshillit-bashkiak-ps-se\/","title":{"rendered":"Gjirokast\u00ebr: LSI-PD rr\u00ebmbejn\u00eb drejtim e k\u00ebshillit bashkiak PS-s\u00eb. &#8211;"},"content":{"rendered":"<p><strong><img data-recalc-dims=\"1\" loading=\"lazy\" decoding=\"async\" data-attachment-id=\"4750\" data-permalink=\"https:\/\/www.shqiperia.com\/blog\/gjirokaster-lsi-pd-rrembejne-drejtim-e-keshillit-bashkiak-ps-se\/gjirokaster-keshilli-bashkiak-640x364\/\" data-orig-file=\"https:\/\/i0.wp.com\/www.shqiperia.com\/blog\/wp-content\/uploads\/2018\/03\/Gjirokaster-keshilli-bashkiak-640x364.jpg?fit=640%2C364&amp;ssl=1\" data-orig-size=\"640,364\" data-comments-opened=\"1\" data-image-meta=\"{&quot;aperture&quot;:&quot;0&quot;,&quot;credit&quot;:&quot;&quot;,&quot;camera&quot;:&quot;&quot;,&quot;caption&quot;:&quot;&quot;,&quot;created_timestamp&quot;:&quot;0&quot;,&quot;copyright&quot;:&quot;&quot;,&quot;focal_length&quot;:&quot;0&quot;,&quot;iso&quot;:&quot;0&quot;,&quot;shutter_speed&quot;:&quot;0&quot;,&quot;title&quot;:&quot;&quot;,&quot;orientation&quot;:&quot;0&quot;}\" data-image-title=\"Gjirokaster-keshilli-bashkiak-640&#215;364\" data-image-description=\"\" data-image-caption=\"\" data-medium-file=\"https:\/\/i0.wp.com\/www.shqiperia.com\/blog\/wp-content\/uploads\/2018\/03\/Gjirokaster-keshilli-bashkiak-640x364.jpg?fit=300%2C171&amp;ssl=1\" data-large-file=\"https:\/\/i0.wp.com\/www.shqiperia.com\/blog\/wp-content\/uploads\/2018\/03\/Gjirokaster-keshilli-bashkiak-640x364.jpg?fit=640%2C364&amp;ssl=1\" class=\"alignnone wp-image-4750\" alt=\"\" src=\"https:\/\/i0.wp.com\/www.shqiperia.com\/blog\/wp-content\/uploads\/2018\/03\/Gjirokaster-keshilli-bashkiak-640x364-300x171.jpg?resize=370%2C211\" width=\"370\" height=\"211\" srcset=\"https:\/\/i0.wp.com\/www.shqiperia.com\/blog\/wp-content\/uploads\/2018\/03\/Gjirokaster-keshilli-bashkiak-640x364.jpg?resize=300%2C171&amp;ssl=1 300w, https:\/\/i0.wp.com\/www.shqiperia.com\/blog\/wp-content\/uploads\/2018\/03\/Gjirokaster-keshilli-bashkiak-640x364.jpg?resize=640%2C364&amp;ssl=1 640w\" sizes=\"auto, (max-width: 370px) 100vw, 370px\" \/><\/strong><\/p>\n<p>Gjirokast\u00ebr, LSI-PD rr\u00ebmbejn\u00eb drejtim e k\u00ebshillit bashkiak PS-s\u00eb . Lufta e ashp\u00ebr politike mes pozit\u00ebs dhe opozit\u00ebs n\u00eb k\u00ebshillin bashkiak t\u00eb Gjirokastr\u00ebs \u00ebsht\u00eb shoq\u00ebruar me largime dhe shkarkime.<\/p>\n<p>Arena e luft\u00ebs politike gjat\u00eb jav\u00ebs s\u00eb fundit u shdrruan dy mbledhje t\u00eb nj\u00ebpasnj\u00ebshme t\u00eb k\u00ebshilli bashkiak.<\/p>\n<p>Sh\u00ebrri nisi n\u00eb fund t\u00eb mbledhjes s\u00eb parafundit kur dy k\u00ebshilltar\u00eb, u larguan nga grupi i LSI-s\u00eb dhe kaluar tek PS.<\/p>\n<p>N\u00ebnkryetari i k\u00ebshillit \u00a0i LSI-s\u00eb Ardian Hyska dhe Selaudin Mosho pjestar i grupit t\u00eb LSI-s\u00eb depozituan kalimin me PS-n<\/p>\n<p>N\u00eb mbledhje e sotme u deklarua largimi i tret\u00eb nga radh\u00ebt e LSI-s\u00eb p\u00ebr tu bashkuar me grupin e PS. K\u00ebshilltari i LSI-s\u00eb \u00ebsht\u00eb larguar Arben Rexh\u00ebn \u00ebsht\u00eb deklaruar sot se i \u00ebsht\u00eb bashkuar grupit t\u00eb k\u00ebshilltar\u00ebve t\u00eb PS-s\u00eb.<\/p>\n<p>Me gjith\u00eb largimin e tre antar\u00ebve, grupi i PS nuk mundi t\u00eb krijoj\u00eb maxhoranc\u00eb n\u00eb k\u00ebshillin me 31 antar\u00eb.<\/p>\n<p>Grupet e LSI-s\u00eb, \u00a0PD-s\u00eb dhe satelit\u00ebt e vegj\u00ebl duke ruajtur maxhoranc\u00ebn me 16 antar\u00eb, kaluan menj\u00ebher\u00eb n\u00eb \u201csulm\u201d. Ata k\u00ebrkuan shkarkimin e tre drejtuesve t\u00eb k\u00ebshillit bashkiak, kryetarit dhe dy n\u00ebnkryetar\u00ebve.<\/p>\n<p>Pasi k\u00ebshilltar\u00ebt e PD dhe t\u00eb LSI k\u00ebrkuan shkakimin e drejtuesve t\u00eb k\u00ebshillit, antar\u00ebt socialist lan\u00eb sall\u00ebm e mbledhjes.<\/p>\n<p>Pjesa e mbetur e k\u00ebshillit bashkiak vazhdoi mbledhjen n\u00ebn drejtimin e Thoma Andreas, k\u00ebshilltarit m\u00eb t\u00eb vjet\u00ebr.<\/p>\n<p>Pas votimit, me shumic\u00eb votash, u shkakuan kryetari i k\u00ebshillit Roland Karali dhe dy n\u00ebnkryetar\u00ebt Merita Isaraj dhe Ardian Hyska.<\/p>\n<p>Pas bashkimit t\u00eb votive t\u00eb LSI-PD, n\u00eb krye t\u00eb k\u00ebshillit bashkiak me shumic\u00eb votash u zgjodh ishprefektja Mimoza \u00c7omo e PD. Nd\u00ebrsa n\u00ebnkryetar\u00eb u zgjodh\u00ebn Mirela Mamani e LSI-s\u00eb dhe Gramoz Braho i PEISH.<\/p>\n<p>T\u00eb sapozgjedhurit M.\u00c7omo, M.Mamani e G.Braho, zur\u00ebn vendet drejtuese dhe vijuan mbledhjen sipas rendit t\u00eb dit\u00ebs.<\/p>\n<p><img data-recalc-dims=\"1\" loading=\"lazy\" decoding=\"async\" data-attachment-id=\"4751\" data-permalink=\"https:\/\/www.shqiperia.com\/blog\/gjirokaster-lsi-pd-rrembejne-drejtim-e-keshillit-bashkiak-ps-se\/gjirokaster_gjykata_apelit_5475\/\" data-orig-file=\"https:\/\/i0.wp.com\/www.shqiperia.com\/blog\/wp-content\/uploads\/2018\/03\/gjirokaster_gjykata_apelit_5475.jpg?fit=700%2C467&amp;ssl=1\" data-orig-size=\"700,467\" data-comments-opened=\"1\" data-image-meta=\"{&quot;aperture&quot;:&quot;0&quot;,&quot;credit&quot;:&quot;&quot;,&quot;camera&quot;:&quot;&quot;,&quot;caption&quot;:&quot;&quot;,&quot;created_timestamp&quot;:&quot;0&quot;,&quot;copyright&quot;:&quot;&quot;,&quot;focal_length&quot;:&quot;0&quot;,&quot;iso&quot;:&quot;0&quot;,&quot;shutter_speed&quot;:&quot;0&quot;,&quot;title&quot;:&quot;&quot;,&quot;orientation&quot;:&quot;1&quot;}\" data-image-title=\"gjirokaster_gjykata_apelit_5475\" data-image-description=\"\" data-image-caption=\"\" data-medium-file=\"https:\/\/i0.wp.com\/www.shqiperia.com\/blog\/wp-content\/uploads\/2018\/03\/gjirokaster_gjykata_apelit_5475.jpg?fit=300%2C200&amp;ssl=1\" data-large-file=\"https:\/\/i0.wp.com\/www.shqiperia.com\/blog\/wp-content\/uploads\/2018\/03\/gjirokaster_gjykata_apelit_5475.jpg?fit=700%2C467&amp;ssl=1\" class=\"alignnone wp-image-4751\" alt=\"\" src=\"https:\/\/i0.wp.com\/www.shqiperia.com\/blog\/wp-content\/uploads\/2018\/03\/gjirokaster_gjykata_apelit_5475-300x200.jpg?resize=626%2C417\" width=\"626\" height=\"417\" srcset=\"https:\/\/i0.wp.com\/www.shqiperia.com\/blog\/wp-content\/uploads\/2018\/03\/gjirokaster_gjykata_apelit_5475.jpg?resize=300%2C200&amp;ssl=1 300w, https:\/\/i0.wp.com\/www.shqiperia.com\/blog\/wp-content\/uploads\/2018\/03\/gjirokaster_gjykata_apelit_5475.jpg?w=700&amp;ssl=1 700w\" sizes=\"auto, (max-width: 626px) 100vw, 626px\" \/><\/p>\n<p>Zhvillimet e vrullshme n\u00eb gjirin e k\u00ebshillit bashkiak t\u00eb Gjirokastr\u00ebs paralajm\u00ebrojn\u00eb ashp\u00ebrsimin e luft\u00ebs politike.<\/p>\n<p>Pas lagimit t\u00eb Arben Rexh\u00ebs te PS, grupi i k\u00ebshlltar\u00ebve t\u00eb saj shkon n\u00eb 15 antar\u00eb t\u00eb k\u00ebtij k\u00ebshilli me 31 gjith\u00ebsejt.<\/p>\n<p>Nd\u00ebrkaq PD-LSI kan\u00eb shumic\u00ebn me 16 k\u00ebshilltar\u00eb, por nj\u00eb shumic\u00eb e brisht\u00eb pasi PS nuk parashikohet t\u00eb ndalet n\u00eb \u201cblerje\u201d.<\/p>\n<p>L\u00ebvizjet m\u00eb t\u00eb fundit n\u00eb k\u00ebshill, LSI-PD i kan\u00eb cil\u00ebsuar si: \u201ct\u00eb pamoralshme, n\u00ebn presion dhe p\u00ebr p\u00ebrfitime personale.<\/p>\n","protected":false},"excerpt":{"rendered":"<p>Gjirokast\u00ebr, LSI-PD rr\u00ebmbejn\u00eb drejtim e k\u00ebshillit bashkiak PS-s\u00eb . Lufta e ashp\u00ebr politike mes pozit\u00ebs dhe opozit\u00ebs n\u00eb k\u00ebshillin bashkiak t\u00eb Gjirokastr\u00ebs \u00ebsht\u00eb shoq\u00ebruar me largime dhe shkarkime. Arena e luft\u00ebs politike gjat\u00eb jav\u00ebs s\u00eb fundit u shdrruan dy mbledhje t\u00eb nj\u00ebpasnj\u00ebshme t\u00eb k\u00ebshilli bashkiak. Sh\u00ebrri nisi n\u00eb fund t\u00eb mbledhjes s\u00eb parafundit kur dy [&hellip;]<\/p>\n","protected":false},"author":9,"featured_media":4750,"comment_status":"open","ping_status":"open","sticky":false,"template":"","format":"standard","meta":{"jetpack_post_was_ever_published":false,"_jetpack_newsletter_access":"","_jetpack_dont_email_post_to_subs":false,"_jetpack_newsletter_tier_id":0,"_jetpack_memberships_contains_paywalled_content":false,"_jetpack_memberships_contains_paid_content":false,"footnotes":"","jetpack_publicize_message":"","jetpack_publicize_feature_enabled":true,"jetpack_social_post_already_shared":true,"jetpack_social_options":{"image_generator_settings":{"template":"highway","default_image_id":0,"font":"","enabled":false},"version":2}},"categories":[1],"tags":[],"class_list":["post-4749","post","type-post","status-publish","format-standard","has-post-thumbnail","hentry","category-njoftime-shtypi"],"jetpack_publicize_connections":[],"jetpack_featured_media_url":"https:\/\/i0.wp.com\/www.shqiperia.com\/blog\/wp-content\/uploads\/2018\/03\/Gjirokaster-keshilli-bashkiak-640x364.jpg?fit=640%2C364&ssl=1","jetpack_sharing_enabled":true,"jetpack_shortlink":"https:\/\/wp.me\/p5Z6wp-1eB","jetpack-related-posts":[{"id":36751,"url":"https:\/\/www.shqiperia.com\/blog\/mos-te-harrojme-keta-jane-keshilltaret-bashkiake-me-dy-tre-e-kater-rroga-qe-votuan-per-shembjen-e-teatrit\/","url_meta":{"origin":4749,"position":0},"title":"Mos te Harrojme: K\u00ebta jan\u00eb k\u00ebshilltar\u00ebt bashkiak\u00eb me dy, tre e kater rroga q\u00eb votuan p\u00ebr shembjen e Teatrit","author":"Kurt Farka","date":"August 1, 2020","format":false,"excerpt":"Mos te Harrojme: K\u00ebta jan\u00eb k\u00ebshilltar\u00ebt bashkiak\u00eb me dy, tre e kater rroga q\u00eb votuan p\u00ebr shembjen e Teatrit 19 Maj, 2020 \u201cKESHILLTARET E TURPIT!! NE MEMORJEN E TIRANES DO TE KENE VETEM NJE EMER : TE MALLKUAR!!\u201d- shkruan Vasili. Si k\u00ebshilltari i vet\u00ebm opozitar n\u00eb bashkin\u00eb e Tiran\u00ebs, Fabian\u2026","rel":"","context":"In &quot;Blogu i Udh\u00ebtarit&quot;","block_context":{"text":"Blogu i Udh\u00ebtarit","link":"https:\/\/www.shqiperia.com\/blog\/category\/blogu-i-udhetarit\/"},"img":{"alt_text":"","src":"https:\/\/i0.wp.com\/www.shqiperia.com\/blog\/wp-content\/uploads\/2020\/08\/Keshilltaret-Copy.jpg?fit=840%2C478&ssl=1&resize=350%2C200","width":350,"height":200,"srcset":"https:\/\/i0.wp.com\/www.shqiperia.com\/blog\/wp-content\/uploads\/2020\/08\/Keshilltaret-Copy.jpg?fit=840%2C478&ssl=1&resize=350%2C200 1x, https:\/\/i0.wp.com\/www.shqiperia.com\/blog\/wp-content\/uploads\/2020\/08\/Keshilltaret-Copy.jpg?fit=840%2C478&ssl=1&resize=525%2C300 1.5x, https:\/\/i0.wp.com\/www.shqiperia.com\/blog\/wp-content\/uploads\/2020\/08\/Keshilltaret-Copy.jpg?fit=840%2C478&ssl=1&resize=700%2C400 2x"},"classes":[]},{"id":4732,"url":"https:\/\/www.shqiperia.com\/blog\/sallate-ruse-kokaine-ushqimi-qe-politika-shqiptare-po-jep-publikut-po-lsi-ku-eshte\/","url_meta":{"origin":4749,"position":1},"title":"Sallat\u00eb ruse me kokain\u00eb, \u201cushqimi\u201d q\u00eb politika shqiptare po i jep publikut. Po LSI ku \u00ebsht\u00eb? &#8211;","author":"Kurt Farka","date":"March 12, 2018","format":false,"excerpt":"\u00a0 Si rrall\u00eb her\u00eb, kryeministri Edi Rama me 4-5 postime n\u00eb dit\u00eb n\u00eb Facebook ka sulmuar Bash\u00ebn, at\u00eb q\u00eb dikur e quante \u201cdjal\u00eb t\u00eb mir\u00eb\u201d. Nga selia blu gjuajn\u00eb me dy \u201cgur\u00eb\u201d: Kokain\u00ebn e kapur n\u00eb Durr\u00ebs dhe p\u00ebr nj\u00eb takim q\u00eb thuhet mes Ram\u00ebs e Tahirit. \u201cSallata ruse\u201d dhe\u2026","rel":"","context":"In &quot;Blogu i Udh\u00ebtarit&quot;","block_context":{"text":"Blogu i Udh\u00ebtarit","link":"https:\/\/www.shqiperia.com\/blog\/category\/blogu-i-udhetarit\/"},"img":{"alt_text":"","src":"https:\/\/i0.wp.com\/www.shqiperia.com\/blog\/wp-content\/uploads\/2018\/03\/Rama-dhe-Basha.jpg?fit=720%2C405&ssl=1&resize=350%2C200","width":350,"height":200,"srcset":"https:\/\/i0.wp.com\/www.shqiperia.com\/blog\/wp-content\/uploads\/2018\/03\/Rama-dhe-Basha.jpg?fit=720%2C405&ssl=1&resize=350%2C200 1x, https:\/\/i0.wp.com\/www.shqiperia.com\/blog\/wp-content\/uploads\/2018\/03\/Rama-dhe-Basha.jpg?fit=720%2C405&ssl=1&resize=525%2C300 1.5x, https:\/\/i0.wp.com\/www.shqiperia.com\/blog\/wp-content\/uploads\/2018\/03\/Rama-dhe-Basha.jpg?fit=720%2C405&ssl=1&resize=700%2C400 2x"},"classes":[]},{"id":30449,"url":"https:\/\/www.shqiperia.com\/blog\/rama-basha-drejt-qeverise-se-integrimit-pd-le-ne-balte-lsi-per-zyrtarizimin-e-koalicionit-ja-si-po-shkohet-te-skenari-i-2017\/","url_meta":{"origin":4749,"position":2},"title":"Rama-Basha drejt \u201cqeveris\u00eb s\u00eb integrimit\u201d, PD l\u00eb n\u00eb balt\u00eb LSI p\u00ebr zyrtarizimin e koalicionit, ja si po shkohet te skenari i 2017","author":"Kurt Farka","date":"January 18, 2020","format":false,"excerpt":"Rama-Basha drejt \u201cqeveris\u00eb s\u00eb integrimit\u201d, PD l\u00eb n\u00eb balt\u00eb LSI p\u00ebr zyrtarizimin e koalicionit, ja si po shkohet te skenari i 2017 NGA KLITI TOPALLI 18 JANAR 2020 Tryeza e dialogut p\u00ebr reform\u00ebn zgjedhore pritet t\u00eb prodhoj\u00eb surpriza. Ashtu si takimi Rama-Basha i 17 majit, edhe k\u00ebt\u00eb her\u00eb pal\u00ebt jan\u00eb\u2026","rel":"","context":"In &quot;Blogu i Udh\u00ebtarit&quot;","block_context":{"text":"Blogu i Udh\u00ebtarit","link":"https:\/\/www.shqiperia.com\/blog\/category\/blogu-i-udhetarit\/"},"img":{"alt_text":"","src":"https:\/\/i0.wp.com\/www.shqiperia.com\/blog\/wp-content\/uploads\/2020\/01\/800-0-5e22b148c9ead.jpg?fit=753%2C407&ssl=1&resize=350%2C200","width":350,"height":200,"srcset":"https:\/\/i0.wp.com\/www.shqiperia.com\/blog\/wp-content\/uploads\/2020\/01\/800-0-5e22b148c9ead.jpg?fit=753%2C407&ssl=1&resize=350%2C200 1x, https:\/\/i0.wp.com\/www.shqiperia.com\/blog\/wp-content\/uploads\/2020\/01\/800-0-5e22b148c9ead.jpg?fit=753%2C407&ssl=1&resize=525%2C300 1.5x, https:\/\/i0.wp.com\/www.shqiperia.com\/blog\/wp-content\/uploads\/2020\/01\/800-0-5e22b148c9ead.jpg?fit=753%2C407&ssl=1&resize=700%2C400 2x"},"classes":[]},{"id":16607,"url":"https:\/\/www.shqiperia.com\/blog\/lsi-ne-panik-per-nje-pakt-te-dyte-rama-basha-nderkombetaret-tentativa-per-te-ulur-palet-ne-tryeze\/","url_meta":{"origin":4749,"position":3},"title":"LSI n\u00eb panik p\u00ebr nj\u00eb pakt t\u00eb dyt\u00eb Rama-Basha, nd\u00ebrkomb\u00ebtar\u00ebt tentativa p\u00ebr t\u00eb ulur pal\u00ebt n\u00eb tryez\u00eb. &#8211;","author":"Kurt Farka","date":"January 26, 2019","format":false,"excerpt":"LSI n\u00eb panik p\u00ebr nj\u00eb pakt t\u00eb dyt\u00eb Rama-Basha, nd\u00ebrkomb\u00ebtar\u00ebt tentativa p\u00ebr t\u00eb ulur pal\u00ebt n\u00eb tryez\u00eb. - 26\/01\/2019 Lideri i opozit\u00ebs Lulzim Basha dhe kryeministri Edi Rama mund t\u00eb shkojn\u00eb drejt nj\u00eb pakti t\u00eb dyt\u00eb mes tyre. M\u00eb 17 maj 2017 t\u00eb dy lider\u00ebt politik\u00eb i dhan\u00eb fund kriz\u00ebs\u2026","rel":"","context":"In &quot;Blogu i Udh\u00ebtarit&quot;","block_context":{"text":"Blogu i Udh\u00ebtarit","link":"https:\/\/www.shqiperia.com\/blog\/category\/blogu-i-udhetarit\/"},"img":{"alt_text":"","src":"https:\/\/i0.wp.com\/www.shqiperia.com\/blog\/wp-content\/uploads\/2019\/01\/rama-basha_1492720833-2978584.jpg?fit=685%2C352&ssl=1&resize=350%2C200","width":350,"height":200,"srcset":"https:\/\/i0.wp.com\/www.shqiperia.com\/blog\/wp-content\/uploads\/2019\/01\/rama-basha_1492720833-2978584.jpg?fit=685%2C352&ssl=1&resize=350%2C200 1x, https:\/\/i0.wp.com\/www.shqiperia.com\/blog\/wp-content\/uploads\/2019\/01\/rama-basha_1492720833-2978584.jpg?fit=685%2C352&ssl=1&resize=525%2C300 1.5x"},"classes":[]},{"id":92471,"url":"https:\/\/www.shqiperia.com\/blog\/birn-fushebetejat-percaktuese-te-11-majit-maxhoranca-vendoset-ne-tirane\/","url_meta":{"origin":4749,"position":4},"title":"BIRN: &#8211; Fush\u00ebbetejat p\u00ebrcaktuese t\u00eb 11 majit! &#8211; Maxhoranca vendoset n\u00eb Tiran\u00eb","author":"Kurt Farka","date":"May 9, 2025","format":false,"excerpt":"9 Maji 2025 Rezultati i zgjedhjeve t\u00eb kaluara tregon se me 49% t\u00eb votave, Partia Socialiste arriti t\u00eb siguroj\u00eb 74 mandate, por kat\u00ebr nga k\u00ebto mandate erdh\u00ebn drejtp\u00ebrs\u00ebdrejti si pasoj\u00eb e garimit ve\u00e7mas t\u00eb PD-s\u00eb dhe LSI-s\u00eb. Tani q\u00eb k\u00ebto dy parti garojn\u00eb bashk\u00eb, n\u00ebse rezultati i vitit 2021 del\u2026","rel":"","context":"In &quot;Blogu i Udh\u00ebtarit&quot;","block_context":{"text":"Blogu i Udh\u00ebtarit","link":"https:\/\/www.shqiperia.com\/blog\/category\/blogu-i-udhetarit\/"},"img":{"alt_text":"","src":"https:\/\/i0.wp.com\/www.shqiperia.com\/blog\/wp-content\/uploads\/2025\/05\/Gqc_Hz6XAAAXUaN.jpg?fit=1200%2C800&ssl=1&resize=350%2C200","width":350,"height":200,"srcset":"https:\/\/i0.wp.com\/www.shqiperia.com\/blog\/wp-content\/uploads\/2025\/05\/Gqc_Hz6XAAAXUaN.jpg?fit=1200%2C800&ssl=1&resize=350%2C200 1x, https:\/\/i0.wp.com\/www.shqiperia.com\/blog\/wp-content\/uploads\/2025\/05\/Gqc_Hz6XAAAXUaN.jpg?fit=1200%2C800&ssl=1&resize=525%2C300 1.5x, https:\/\/i0.wp.com\/www.shqiperia.com\/blog\/wp-content\/uploads\/2025\/05\/Gqc_Hz6XAAAXUaN.jpg?fit=1200%2C800&ssl=1&resize=700%2C400 2x, https:\/\/i0.wp.com\/www.shqiperia.com\/blog\/wp-content\/uploads\/2025\/05\/Gqc_Hz6XAAAXUaN.jpg?fit=1200%2C800&ssl=1&resize=1050%2C600 3x"},"classes":[]},{"id":47143,"url":"https:\/\/www.shqiperia.com\/blog\/lsi-te-cmontojme-zgjedhjet-mafioze\/","url_meta":{"origin":4749,"position":5},"title":"LSI. &#8211; T\u00eb \u00e7montojm\u00eb zgjedhjet mafioze!","author":"Kurt Farka","date":"May 2, 2021","format":false,"excerpt":"LSI. - T\u00eb \u00e7montojm\u00eb zgjedhjet mafioze! 30 PRILL 2021 N\u00ebnkryetari i LSI-s\u00eb, Peterit Vasili iu ka d\u00ebrgua nj\u00eb mesazh p\u00ebr mobilizim an\u00ebtar\u00ebve t\u00eb grupit t\u00eb k\u00ebsaj partie. Pas humbjes n\u00eb zgjedhje n\u00eb selit\u00eb e PD dhe LSI jan\u00eb mobilizuar p\u00ebr t\u00eb par\u00eb pamjet filmike t\u00eb qendrave t\u00eb votimit nj\u00eb p\u00ebr\u2026","rel":"","context":"In &quot;Blogu i Udh\u00ebtarit&quot;","block_context":{"text":"Blogu i Udh\u00ebtarit","link":"https:\/\/www.shqiperia.com\/blog\/category\/blogu-i-udhetarit\/"},"img":{"alt_text":"","src":"https:\/\/i0.wp.com\/www.shqiperia.com\/blog\/wp-content\/uploads\/2021\/05\/800-0-608bcb7510a02.jpg?fit=800%2C466&ssl=1&resize=350%2C200","width":350,"height":200,"srcset":"https:\/\/i0.wp.com\/www.shqiperia.com\/blog\/wp-content\/uploads\/2021\/05\/800-0-608bcb7510a02.jpg?fit=800%2C466&ssl=1&resize=350%2C200 1x, https:\/\/i0.wp.com\/www.shqiperia.com\/blog\/wp-content\/uploads\/2021\/05\/800-0-608bcb7510a02.jpg?fit=800%2C466&ssl=1&resize=525%2C300 1.5x, https:\/\/i0.wp.com\/www.shqiperia.com\/blog\/wp-content\/uploads\/2021\/05\/800-0-608bcb7510a02.jpg?fit=800%2C466&ssl=1&resize=700%2C400 2x"},"classes":[]}],"_links":{"self":[{"href":"https:\/\/www.shqiperia.com\/blog\/wp-json\/wp\/v2\/posts\/4749","targetHints":{"allow":["GET"]}}],"collection":[{"href":"https:\/\/www.shqiperia.com\/blog\/wp-json\/wp\/v2\/posts"}],"about":[{"href":"https:\/\/www.shqiperia.com\/blog\/wp-json\/wp\/v2\/types\/post"}],"author":[{"embeddable":true,"href":"https:\/\/www.shqiperia.com\/blog\/wp-json\/wp\/v2\/users\/9"}],"replies":[{"embeddable":true,"href":"https:\/\/www.shqiperia.com\/blog\/wp-json\/wp\/v2\/comments?post=4749"}],"version-history":[{"count":1,"href":"https:\/\/www.shqiperia.com\/blog\/wp-json\/wp\/v2\/posts\/4749\/revisions"}],"predecessor-version":[{"id":4752,"href":"https:\/\/www.shqiperia.com\/blog\/wp-json\/wp\/v2\/posts\/4749\/revisions\/4752"}],"wp:featuredmedia":[{"embeddable":true,"href":"https:\/\/www.shqiperia.com\/blog\/wp-json\/wp\/v2\/media\/4750"}],"wp:attachment":[{"href":"https:\/\/www.shqiperia.com\/blog\/wp-json\/wp\/v2\/media?parent=4749"}],"wp:term":[{"taxonomy":"category","embeddable":true,"href":"https:\/\/www.shqiperia.com\/blog\/wp-json\/wp\/v2\/categories?post=4749"},{"taxonomy":"post_tag","embeddable":true,"href":"https:\/\/www.shqiperia.com\/blog\/wp-json\/wp\/v2\/tags?post=4749"}],"curies":[{"name":"wp","href":"https:\/\/api.w.org\/{rel}","templated":true}]}}