{"id":4740,"date":"2018-03-12T20:55:32","date_gmt":"2018-03-12T20:55:32","guid":{"rendered":"http:\/\/www.shqiperia.com\/blog\/?p=4740"},"modified":"2018-03-12T20:55:49","modified_gmt":"2018-03-12T20:55:49","slug":"ramadan-sokoli-jeta-tragjike-e-nje-prej-te-medhenjve-studiues-te-muzikes-ngadhnjimi-nje-vullnese-sfidash-sakrifikuese","status":"publish","type":"post","link":"https:\/\/www.shqiperia.com\/blog\/ramadan-sokoli-jeta-tragjike-e-nje-prej-te-medhenjve-studiues-te-muzikes-ngadhnjimi-nje-vullnese-sfidash-sakrifikuese\/","title":{"rendered":"Ramadan Sokoli, jeta tragjike e nj\u00eb prej m\u00eb t\u00eb m\u00ebdhenjve studiues t\u00eb muzik\u00ebs. Ngadhnjimi i nj\u00eb vullnese sfidash sakrifikuese. &#8211;"},"content":{"rendered":"<p><img data-recalc-dims=\"1\" loading=\"lazy\" decoding=\"async\" data-attachment-id=\"4741\" data-permalink=\"https:\/\/www.shqiperia.com\/blog\/ramadan-sokoli-jeta-tragjike-e-nje-prej-te-medhenjve-studiues-te-muzikes-ngadhnjimi-nje-vullnese-sfidash-sakrifikuese\/etnomuzikologu-ramadan-sokoli\/\" data-orig-file=\"https:\/\/i0.wp.com\/www.shqiperia.com\/blog\/wp-content\/uploads\/2018\/03\/Etnomuzikologu-Ramadan-Sokoli.jpg?fit=752%2C440&amp;ssl=1\" data-orig-size=\"752,440\" data-comments-opened=\"1\" data-image-meta=\"{&quot;aperture&quot;:&quot;0&quot;,&quot;credit&quot;:&quot;&quot;,&quot;camera&quot;:&quot;&quot;,&quot;caption&quot;:&quot;&quot;,&quot;created_timestamp&quot;:&quot;0&quot;,&quot;copyright&quot;:&quot;&quot;,&quot;focal_length&quot;:&quot;0&quot;,&quot;iso&quot;:&quot;0&quot;,&quot;shutter_speed&quot;:&quot;0&quot;,&quot;title&quot;:&quot;&quot;,&quot;orientation&quot;:&quot;0&quot;}\" data-image-title=\"Etnomuzikologu-Ramadan-Sokoli\" data-image-description=\"\" data-image-caption=\"\" data-medium-file=\"https:\/\/i0.wp.com\/www.shqiperia.com\/blog\/wp-content\/uploads\/2018\/03\/Etnomuzikologu-Ramadan-Sokoli.jpg?fit=300%2C176&amp;ssl=1\" data-large-file=\"https:\/\/i0.wp.com\/www.shqiperia.com\/blog\/wp-content\/uploads\/2018\/03\/Etnomuzikologu-Ramadan-Sokoli.jpg?fit=752%2C440&amp;ssl=1\" class=\"alignnone size-medium wp-image-4741\" alt=\"\" src=\"https:\/\/i0.wp.com\/www.shqiperia.com\/blog\/wp-content\/uploads\/2018\/03\/Etnomuzikologu-Ramadan-Sokoli-300x176.jpg?resize=300%2C176\" width=\"300\" height=\"176\" srcset=\"https:\/\/i0.wp.com\/www.shqiperia.com\/blog\/wp-content\/uploads\/2018\/03\/Etnomuzikologu-Ramadan-Sokoli.jpg?resize=300%2C176&amp;ssl=1 300w, https:\/\/i0.wp.com\/www.shqiperia.com\/blog\/wp-content\/uploads\/2018\/03\/Etnomuzikologu-Ramadan-Sokoli.jpg?w=752&amp;ssl=1 752w\" sizes=\"auto, (max-width: 300px) 100vw, 300px\" \/><\/p>\n<p><strong>Nga Albert Vataj.-<br \/>\n<\/strong><\/p>\n<p>Ramadan Sokoli ka l\u00ebn\u00eb n\u00eb testamentin e kujtes\u00eb historike t\u00eb vlerave krenuese nj\u00eb pasuri t\u00eb parrokshme. Kudo q\u00eb sublimja e tij krijuese u qas t\u00eb jet\u00ebsonte n\u00eb vep\u00ebr pasionin dhe shpirtin e tij, hyri drojsh\u00ebm dhe doli triumfator, p\u00ebr t\u00eb qen\u00eb nj\u00eb referenc\u00eb e gjeneratave, nj\u00eb em\u00ebr q\u00eb ka skalitur me shk\u00ebndija stralli at\u00eb kontelacion vepre, t\u00eb cil\u00ebn na e la amanet, na e la p\u00ebr ta \u00e7muar dhe p\u00ebr ta \u00e7uar n\u00eb panteonin e vlerave komb\u00ebtare, ku meriton t\u00eb nderohet me p\u00ebrul\u00ebsi dhe respekt. Me \u00e7mos e shleu at\u00eb shpirt vullnetesh t\u00eb hovshme krijimi ky njeri shpirtmir\u00eb dhe i palodhur. Shk\u00eblqeu si muzikant dhe kompozitor, ngulm\u00ebtar dhe i m\u00ebvet\u00ebsish\u00ebm ishte si shkrimtar, i pap\u00ebrs\u00ebritsh\u00ebm dhe i p\u00ebrgjithmonsh\u00ebm do t\u00eb mbetet si etnomuzikolog. \u00c7mohet si nj\u00ebri prej studiuesve m\u00eb t\u00eb m\u00ebdhenj t\u00eb muzik\u00ebs shqiptare dhe ballkanike.<\/p>\n<p>Historia e panjohur e profesorit dhe etnomuzikologut t\u00eb famsh\u00ebm, Ramadan Sokoli, pinjoll i nj\u00eb prej familjeve m\u00eb t\u00eb vjetra t\u00eb qytetit t\u00eb Shkodr\u00ebs, i cili n\u00eb vitet\u201940 u diplomua n\u00eb Konservatorin e Firences p\u00ebr Kompozicion. Kthimi i tij n\u00eb Shqip\u00ebri dhe jeta plot peripecira, duke provuar burgjet e regjimit komunist p\u00ebr vite me radh\u00eb s\u00eb bashku me dy v\u00ebllez\u00ebrit dhe baban\u00eb e tyre. Kalvari rr\u00ebqeth\u00ebs i intelektualit t\u00eb shquar i cili u detyrua t\u00eb shiste pianoforten p\u00ebr t\u00eb paguar gjob\u00ebn e v\u00ebn\u00eb nga Instituti i Folklorit.<\/p>\n<p>Jo shum\u00eb larg qendr\u00ebs s\u00eb kryeqytetit, n\u00eb af\u00ebrsi t\u00eb \u201cRrug\u00ebs s\u00eb Barrikadave\u201d, n\u00eb katin p\u00ebrdhes, apo m\u00eb sakt\u00eb n\u00eb bodrumin e nj\u00eb sht\u00ebpie t\u00eb vjet\u00ebr tiranase, pron\u00eb e familjes s\u00eb njohur, Petrela, jetonte i vet\u00ebm profesori i famsh\u00ebm, Ramadan Sokoli. Q\u00eb para pak vitesh, kur bashk\u00ebshortja e tij, nj\u00eb grua fisnike nga familja Petrela, u nda nga kjo jet\u00eb, muzikologu i njohur i ngrysi dit\u00ebt me breng\u00ebn e vetmis\u00eb s\u00eb pakthyeshme. Nj\u00eb vizitor i zakonsh\u00ebm q\u00eb do t\u00eb hynte n\u00eb at\u00eb sht\u00ebpi, do t\u00eb qortonte veten se kishte shkelur gabimisht n\u00eb ndonj\u00eb muze antik apo t\u00eb Mesjet\u00ebs, apo n\u00eb ndonj\u00eb galeri arti e antikuar\u00ebsh t\u00eb nd\u00ebrthurura mes librash t\u00eb vjet\u00ebr e t\u00eb rinj, ku partiturat klasike e moderne gjendeshin kudo n\u00ebp\u00ebr rafte dhe sirtar\u00eb. Vite t\u00eb shkuara, k\u00ebtu e nj\u00eb dekad\u00eb m\u00eb par\u00eb, kur muzikologu i famsh\u00ebm nuk ishte i r\u00ebnduar ende nga sh\u00ebndeti e memoria, pas disa takimesh jo t\u00eb pakta n\u00eb at\u00eb mjedis brilant t\u00eb sht\u00ebpis\u00eb s\u00eb tij ku ta kishte \u00ebnda ta shijoje p\u00ebrs\u00ebri, me shum\u00eb mundime arrit\u00ebm ta bindnim profesorin flok\u00ebbardh\u00eb p\u00ebr t\u00eb shkruar di\u00e7ka nga jeta e tij. Ose e th\u00ebn\u00eb ndryshe, p\u00ebr t\u00eb sh\u00ebnuar di\u00e7ka nga kalvari i gjat\u00eb n\u00eb t\u00eb cilin ai kaloi p\u00ebr afro 45 vjet n\u00ebn regjimin komunist.<\/p>\n<p><strong>\u00a0Familja Sokoli n\u00eb kronikat e Evla Celebiut<\/strong><\/p>\n<p>Po t\u00eb rr\u00ebmosh nd\u00ebr libra t\u00eb vjet\u00ebr, tutje n\u00eb thell\u00ebsit\u00eb e shekujve, me familjen Sokoli do ta ndeshesh n\u00eb memuaret e kronikanit turk, Evla Celebi, i cili e ka p\u00ebrshkruar at\u00eb si nj\u00eb familje pronare e madhe tokash. Asokohe, ajo familje njihej me mbiemrin Dervishaj, ku pothuajse t\u00eb gjith\u00eb an\u00ebtar\u00ebt e saj ishin t\u00eb shkolluar n\u00ebp\u00ebr kolegjet e universitetet m\u00eb t\u00eb d\u00ebgjuara t\u00eb koh\u00ebs. Sipas kronikanit t\u00eb famsh\u00ebm turk, n\u00eb periudh\u00ebn e sundimit t\u00eb Bushatllinjve, ajo familje b\u00ebri krushqi me ta. K\u00ebshtu, Veziri i parafundit i Bushatllinjve, Mustafa Pasha, mori p\u00ebr nuse p\u00ebr v\u00ebllan\u00eb e tij, nj\u00eb vajz\u00eb nga dera e Dervishajve. Nga kjo martes\u00eb lind\u00ebn dy djem, q\u00eb ishin nipat e Dervishajve, dhe pas vdekjes s\u00eb t\u00eb atit t\u00eb tyre, ajo familje u shua fare prej Vezirit t\u00eb fundit, si rezultat i kontradiktave t\u00eb thella e armiq\u00ebsive t\u00eb brendshme familjare. Dy djemt\u00eb e k\u00ebsaj familje t\u00eb cil\u00ebt quheshin; Mahmut e Dervish, u rrit\u00ebn n\u00eb pallatin e Sulltanit n\u00eb Stamboll. Mahmuti kishte dy djem; Hodon dhe Ibrahimin, kurse Dervishi kishte nj\u00eb djal\u00eb q\u00eb quhej Duro. Ibrahimi kishte nj\u00eb djal\u00eb; Isufin, nd\u00ebrsa Hodo, djali i Mahmutit, kishte nj\u00eb mot\u00ebr t\u00eb martuar te Veziri i Tivarit, dhe nj\u00eb tjet\u00ebr tek Iljaz Pash\u00eb Dibra (Kryetari i Lidhjes s\u00eb Prizrenit). Hodo vet\u00eb, i cili ishte baxhanak me Oso Kuk\u00ebn e famsh\u00ebm, kishte mbaruar Akademin\u00eb Ushtarake t\u00eb Stambollit. Nj\u00eb far\u00eb kohe ai kishte sh\u00ebrbyer n\u00eb detyr\u00ebn e qark-komandantit t\u00eb k\u00ebtij qyteti, kryeqendra e Perandoris\u00eb Osmane. N\u00eb koh\u00ebn e kriz\u00ebs s\u00eb thell\u00eb lindore, Hodua erdhi p\u00ebrs\u00ebri n\u00eb Shqip\u00ebri, i caktuar me komisionin e mbik\u00ebqyrjes s\u00eb kufijve. Jusufi (babai i Ramadanit), u shkollua n\u00eb Shkod\u00ebr e Stamboll, pa arritur t\u00eb diplomohet, kurse Ibrahimi, pasi mbaroi me rezultate t\u00eb larta Universitetin e Drejt\u00ebsis\u00eb n\u00eb Stamboll, punoi si gjykat\u00ebs, apo m\u00eb sakt\u00eb si interpretues i Kanunit t\u00eb Lek\u00eb Dukagjinit.<\/p>\n<p>(vijon) &#8230;<\/p>\n","protected":false},"excerpt":{"rendered":"<p>Nga Albert Vataj.- Ramadan Sokoli ka l\u00ebn\u00eb n\u00eb testamentin e kujtes\u00eb historike t\u00eb vlerave krenuese nj\u00eb pasuri t\u00eb parrokshme. Kudo q\u00eb sublimja e tij krijuese u qas t\u00eb jet\u00ebsonte n\u00eb vep\u00ebr pasionin dhe shpirtin e tij, hyri drojsh\u00ebm dhe doli triumfator, p\u00ebr t\u00eb qen\u00eb nj\u00eb referenc\u00eb e gjeneratave, nj\u00eb em\u00ebr q\u00eb ka skalitur me shk\u00ebndija [&hellip;]<\/p>\n","protected":false},"author":9,"featured_media":4741,"comment_status":"open","ping_status":"open","sticky":false,"template":"","format":"standard","meta":{"jetpack_post_was_ever_published":false,"_jetpack_newsletter_access":"","_jetpack_dont_email_post_to_subs":false,"_jetpack_newsletter_tier_id":0,"_jetpack_memberships_contains_paywalled_content":false,"_jetpack_memberships_contains_paid_content":false,"footnotes":"","jetpack_publicize_message":"","jetpack_publicize_feature_enabled":true,"jetpack_social_post_already_shared":true,"jetpack_social_options":{"image_generator_settings":{"template":"highway","default_image_id":0,"font":"","enabled":false},"version":2}},"categories":[27,85],"tags":[],"class_list":["post-4740","post","type-post","status-publish","format-standard","has-post-thumbnail","hentry","category-blogu-i-udhetarit","category-histori"],"jetpack_publicize_connections":[],"jetpack_featured_media_url":"https:\/\/i0.wp.com\/www.shqiperia.com\/blog\/wp-content\/uploads\/2018\/03\/Etnomuzikologu-Ramadan-Sokoli.jpg?fit=752%2C440&ssl=1","jetpack_sharing_enabled":true,"jetpack_shortlink":"https:\/\/wp.me\/p5Z6wp-1es","jetpack-related-posts":[{"id":76680,"url":"https:\/\/www.shqiperia.com\/blog\/e-bija-e-ramadan-sokolit-zbulon-pasionet-e-fshehta-te-babait-dhe-kujton-ekspeditat-e-para-momenti-me-i-dhimbshem-per-te-ishte-shitja-e-pianos\/","url_meta":{"origin":4740,"position":0},"title":"E bija e Ramadan Sokolit zbulon pasionet e fshehta t\u00eb babait dhe kujton ekspeditat e para.  &#8211; Momenti m\u00eb i dhimbsh\u00ebm p\u00ebr t\u00eb ishte shitja e pianos","author":"Kurt Farka","date":"December 26, 2023","format":false,"excerpt":"26 Dhjetor 2023 \"... Ai zbuloi disa muzikant shqiptar nd\u00ebr shekujt q\u00eb bota nuk i njihte, iu dha emrin shqiptar dhe n\u00eb vend q\u00eb t\u00eb merrte nj\u00eb shp\u00ebrblim, mori nj\u00eb gjob\u00eb, sepse brenda saj kishte muzik\u00eb fetare\". Gjat\u00eb rr\u00ebfimit n\u00eb emisionin \u201cPas Mesnate\u201d, Mirilinda Sokoli, vajza e etnomuzikologut t\u00eb njohur,\u2026","rel":"","context":"In &quot;Blogu i Udh\u00ebtarit&quot;","block_context":{"text":"Blogu i Udh\u00ebtarit","link":"https:\/\/www.shqiperia.com\/blog\/category\/blogu-i-udhetarit\/"},"img":{"alt_text":"","src":"https:\/\/i0.wp.com\/www.shqiperia.com\/blog\/wp-content\/uploads\/2023\/12\/ramadan.jpg?fit=1096%2C574&ssl=1&resize=350%2C200","width":350,"height":200,"srcset":"https:\/\/i0.wp.com\/www.shqiperia.com\/blog\/wp-content\/uploads\/2023\/12\/ramadan.jpg?fit=1096%2C574&ssl=1&resize=350%2C200 1x, https:\/\/i0.wp.com\/www.shqiperia.com\/blog\/wp-content\/uploads\/2023\/12\/ramadan.jpg?fit=1096%2C574&ssl=1&resize=525%2C300 1.5x, https:\/\/i0.wp.com\/www.shqiperia.com\/blog\/wp-content\/uploads\/2023\/12\/ramadan.jpg?fit=1096%2C574&ssl=1&resize=700%2C400 2x, https:\/\/i0.wp.com\/www.shqiperia.com\/blog\/wp-content\/uploads\/2023\/12\/ramadan.jpg?fit=1096%2C574&ssl=1&resize=1050%2C600 3x"},"classes":[]},{"id":35895,"url":"https:\/\/www.shqiperia.com\/blog\/ramadan-sokoli-personalitet-ne-fushen-e-muzikes-shqiptare\/","url_meta":{"origin":4740,"position":1},"title":"Ramadan Sokoli; &#8211; personalitet n\u00eb fush\u00ebn e muzik\u00ebs shqiptare","author":"Kurt Farka","date":"June 21, 2020","format":false,"excerpt":"Ramadan Sokoli; - personalitet n\u00eb fush\u00ebn e muzik\u00ebs shqiptare 20 Qershor 2020 Ramadan Sokoli etnomuzikolog, muzikant dhe kompozitor, vler\u00ebsohet si nj\u00eb nga studiuesit m\u00eb t\u00eb dalluar t\u00eb muzik\u00ebs shqiptare dhe ballkanike. Ramadan Sokoli lindi n\u00eb qershor t\u00eb 1920 n\u00eb Shkod\u00ebr. Me rastin e 100-vjetorit t\u00eb vjetorit t\u00eb lindjes t\u00eb studiuesit\u2026","rel":"","context":"In &quot;Blogu i Udh\u00ebtarit&quot;","block_context":{"text":"Blogu i Udh\u00ebtarit","link":"https:\/\/www.shqiperia.com\/blog\/category\/blogu-i-udhetarit\/"},"img":{"alt_text":"","src":"https:\/\/i0.wp.com\/www.shqiperia.com\/blog\/wp-content\/uploads\/2020\/06\/Ramadan-Sokoli.jpg?fit=800%2C463&ssl=1&resize=350%2C200","width":350,"height":200,"srcset":"https:\/\/i0.wp.com\/www.shqiperia.com\/blog\/wp-content\/uploads\/2020\/06\/Ramadan-Sokoli.jpg?fit=800%2C463&ssl=1&resize=350%2C200 1x, https:\/\/i0.wp.com\/www.shqiperia.com\/blog\/wp-content\/uploads\/2020\/06\/Ramadan-Sokoli.jpg?fit=800%2C463&ssl=1&resize=525%2C300 1.5x, https:\/\/i0.wp.com\/www.shqiperia.com\/blog\/wp-content\/uploads\/2020\/06\/Ramadan-Sokoli.jpg?fit=800%2C463&ssl=1&resize=700%2C400 2x"},"classes":[]},{"id":47887,"url":"https:\/\/www.shqiperia.com\/blog\/prof-ramadan-sokoli-14-qershor-1920-shkoder-tirane-11-mars-2008\/","url_meta":{"origin":4740,"position":2},"title":"Prof. Ramadan Sokoli. (14 qershor 1920, Shkod\u00ebr-Tirane 11 mars 2008).","author":"Kurt Farka","date":"June 14, 2021","format":false,"excerpt":"Prof. Ramadan Sokoli.\u00a0 (14 qershor 1920, Shkod\u00ebr-Tirane 11 mars 2008). Nga: www.vasiltole.com Me 14 qershor, ditelindja e themeluesit te etnomuzikologjise shqiptare Prof. Ramadan Sokoli (14 qershor 1920, Shkod\u00ebr-Tirane 11 mars 2008). Lindi n\u00eb qytetin e Shkodr\u00ebs m\u00eb 14 Qershor 1920 n\u00eb familjen patriotike dhe atdhetare t\u00eb Sokolave. Arsimin fillor dhe\u2026","rel":"","context":"In &quot;Blogu i Udh\u00ebtarit&quot;","block_context":{"text":"Blogu i Udh\u00ebtarit","link":"https:\/\/www.shqiperia.com\/blog\/category\/blogu-i-udhetarit\/"},"img":{"alt_text":"","src":"https:\/\/i0.wp.com\/www.shqiperia.com\/blog\/wp-content\/uploads\/2021\/06\/Prof.-Ramadan-Sokoli.jpg?fit=915%2C527&ssl=1&resize=350%2C200","width":350,"height":200,"srcset":"https:\/\/i0.wp.com\/www.shqiperia.com\/blog\/wp-content\/uploads\/2021\/06\/Prof.-Ramadan-Sokoli.jpg?fit=915%2C527&ssl=1&resize=350%2C200 1x, https:\/\/i0.wp.com\/www.shqiperia.com\/blog\/wp-content\/uploads\/2021\/06\/Prof.-Ramadan-Sokoli.jpg?fit=915%2C527&ssl=1&resize=525%2C300 1.5x, https:\/\/i0.wp.com\/www.shqiperia.com\/blog\/wp-content\/uploads\/2021\/06\/Prof.-Ramadan-Sokoli.jpg?fit=915%2C527&ssl=1&resize=700%2C400 2x"},"classes":[]},{"id":59013,"url":"https:\/\/www.shqiperia.com\/blog\/prof-ramadan-sokoli-102-vjetori-i-lindjes-nje-nga-studiuesit-me-te-shquar-te-etnokultures-trashegimise-dhe-qyteterimit-iliro-arberor\/","url_meta":{"origin":4740,"position":3},"title":"Prof. Ramadan Sokoli, 102 vjetori i lindjes \u2013 Nj\u00eb nga studiuesit m\u00eb t\u00eb shquar t\u00eb etnokultur\u00ebs, trash\u00ebgimis\u00eb dhe qytet\u00ebrimit Iliro-arb\u00ebror","author":"Kurt Farka","date":"June 14, 2022","format":false,"excerpt":"Prof. Ramadan Sokoli, 102 vjetori i lindjes \u2013 Nj\u00eb nga studiuesit m\u00eb t\u00eb shquar t\u00eb etnokultur\u00ebs, trash\u00ebgimis\u00eb dhe qytet\u00ebrimit Iliro-arb\u00ebror Nga Gazeta BOTA SOT, Prishtine. NGA: JAHO BRAHAJ Fotografi q\u00eb publikohet p\u00ebr her\u00eb t\u00eb par\u00eb pas 24 vitesh Ramadan Sokoli (14 qershor 1920 - 12 mars 2008) Ramadan Sokoli (14\u2026","rel":"","context":"In &quot;Blogu i Udh\u00ebtarit&quot;","block_context":{"text":"Blogu i Udh\u00ebtarit","link":"https:\/\/www.shqiperia.com\/blog\/category\/blogu-i-udhetarit\/"},"img":{"alt_text":"","src":"https:\/\/i0.wp.com\/www.shqiperia.com\/blog\/wp-content\/uploads\/2022\/06\/Prof.-Ramadan-Sokoli-102-vjetori-i-lindjes-%E2%80%93-Nje-nga-studiuesit-me-te-shquar-te-etnokultures-trashegimise-dhe-qyteterimit-Iliro-arberor.jpg?fit=720%2C446&ssl=1&resize=350%2C200","width":350,"height":200,"srcset":"https:\/\/i0.wp.com\/www.shqiperia.com\/blog\/wp-content\/uploads\/2022\/06\/Prof.-Ramadan-Sokoli-102-vjetori-i-lindjes-%E2%80%93-Nje-nga-studiuesit-me-te-shquar-te-etnokultures-trashegimise-dhe-qyteterimit-Iliro-arberor.jpg?fit=720%2C446&ssl=1&resize=350%2C200 1x, https:\/\/i0.wp.com\/www.shqiperia.com\/blog\/wp-content\/uploads\/2022\/06\/Prof.-Ramadan-Sokoli-102-vjetori-i-lindjes-%E2%80%93-Nje-nga-studiuesit-me-te-shquar-te-etnokultures-trashegimise-dhe-qyteterimit-Iliro-arberor.jpg?fit=720%2C446&ssl=1&resize=525%2C300 1.5x, https:\/\/i0.wp.com\/www.shqiperia.com\/blog\/wp-content\/uploads\/2022\/06\/Prof.-Ramadan-Sokoli-102-vjetori-i-lindjes-%E2%80%93-Nje-nga-studiuesit-me-te-shquar-te-etnokultures-trashegimise-dhe-qyteterimit-Iliro-arberor.jpg?fit=720%2C446&ssl=1&resize=700%2C400 2x"},"classes":[]},{"id":47207,"url":"https:\/\/www.shqiperia.com\/blog\/ramadan-sokoli-personaliteti-i-nje-profesori-ne-nje-fotograf-takimet-me-muzikologun-e-shquar-perpara-nje-filxhani-kafeje-prill-2021\/","url_meta":{"origin":4740,"position":4},"title":"Ramadan Sokoli, personaliteti i nj\u00eb profesori n\u00eb nj\u00eb fotograf! Takimet me muzikologun e shquar p\u00ebrpara nj\u00eb filxhani kafeje  Prill 2021","author":"Kurt Farka","date":"May 4, 2021","format":false,"excerpt":"Ramadan Sokoli, personaliteti i nj\u00eb profesori n\u00eb nj\u00eb fotograf! Takimet me muzikologun e shquar p\u00ebrpara nj\u00eb filxhani kafeje Prill 2021 QERIM VRIONI\/ Profesor Ramadan Sokoli (Shkod\u00ebr, qershor 1920 \u2013 Tiran\u00eb, mars 2008), miku im i vyer, n\u00eb vizitat e shpeshta q\u00eb i b\u00ebja n\u00eb sht\u00ebpin\u00eb ku banonte (kati -1), pas\u2026","rel":"","context":"In &quot;Blogu i Udh\u00ebtarit&quot;","block_context":{"text":"Blogu i Udh\u00ebtarit","link":"https:\/\/www.shqiperia.com\/blog\/category\/blogu-i-udhetarit\/"},"img":{"alt_text":"","src":"https:\/\/i0.wp.com\/www.shqiperia.com\/blog\/wp-content\/uploads\/2021\/05\/sokol-ramadani-Copy.jpeg?fit=600%2C340&ssl=1&resize=350%2C200","width":350,"height":200,"srcset":"https:\/\/i0.wp.com\/www.shqiperia.com\/blog\/wp-content\/uploads\/2021\/05\/sokol-ramadani-Copy.jpeg?fit=600%2C340&ssl=1&resize=350%2C200 1x, https:\/\/i0.wp.com\/www.shqiperia.com\/blog\/wp-content\/uploads\/2021\/05\/sokol-ramadani-Copy.jpeg?fit=600%2C340&ssl=1&resize=525%2C300 1.5x"},"classes":[]},{"id":64484,"url":"https:\/\/www.shqiperia.com\/blog\/prof-ramadan-sokoli-libri-flamuri-kombetar-shqiptar-nga-jaho-brahaj-veper-me-peshe-per-autoktonine-e-shqiptareve-ne-ballkan\/","url_meta":{"origin":4740,"position":5},"title":"Prof. Ramadan Sokoli: &#8211; Libri \u201cFlamuri Komb\u00ebtar Shqiptar\u201d nga Jaho Brahaj &#8211; vep\u00ebr me pesh\u00eb p\u00ebr autoktonin\u00eb e shqiptar\u00ebve n\u00eb Ballkan\u201d.","author":"Kurt Farka","date":"November 19, 2022","format":false,"excerpt":"- Shkruar ne Janar 2007. Ky lib\u00ebr i studiuesit Jaho Brahaj \u00ebsht\u00eb i mirpritur dhe i domosdosh\u00ebm, p\u00ebr nj\u00eb nga pasurit\u00eb m\u00eb t\u00eb m\u00ebdha shpirt\u00ebrore e materiale, q\u00eb ka trash\u00ebguar n\u00eb shekuj kombi yn\u00eb, por edhe nj\u00eb simbol identifikues i shpirtit dhe qen\u00ebsis\u00eb s\u00eb shqiptarit, p\u00ebr t\u00eb cilin ka derdhur\u2026","rel":"","context":"In &quot;Arte&quot;","block_context":{"text":"Arte","link":"https:\/\/www.shqiperia.com\/blog\/category\/arte\/"},"img":{"alt_text":"","src":"https:\/\/i0.wp.com\/www.shqiperia.com\/blog\/wp-content\/uploads\/2022\/11\/5-Ribotime-ka-patur-ne-vite-studimi-monografik-Flamuri-i-Kombit-Shqiptar-i-autorit-Jaho-Brahaj.-1.jpg?fit=1200%2C685&ssl=1&resize=350%2C200","width":350,"height":200,"srcset":"https:\/\/i0.wp.com\/www.shqiperia.com\/blog\/wp-content\/uploads\/2022\/11\/5-Ribotime-ka-patur-ne-vite-studimi-monografik-Flamuri-i-Kombit-Shqiptar-i-autorit-Jaho-Brahaj.-1.jpg?fit=1200%2C685&ssl=1&resize=350%2C200 1x, https:\/\/i0.wp.com\/www.shqiperia.com\/blog\/wp-content\/uploads\/2022\/11\/5-Ribotime-ka-patur-ne-vite-studimi-monografik-Flamuri-i-Kombit-Shqiptar-i-autorit-Jaho-Brahaj.-1.jpg?fit=1200%2C685&ssl=1&resize=525%2C300 1.5x, https:\/\/i0.wp.com\/www.shqiperia.com\/blog\/wp-content\/uploads\/2022\/11\/5-Ribotime-ka-patur-ne-vite-studimi-monografik-Flamuri-i-Kombit-Shqiptar-i-autorit-Jaho-Brahaj.-1.jpg?fit=1200%2C685&ssl=1&resize=700%2C400 2x, https:\/\/i0.wp.com\/www.shqiperia.com\/blog\/wp-content\/uploads\/2022\/11\/5-Ribotime-ka-patur-ne-vite-studimi-monografik-Flamuri-i-Kombit-Shqiptar-i-autorit-Jaho-Brahaj.-1.jpg?fit=1200%2C685&ssl=1&resize=1050%2C600 3x"},"classes":[]}],"_links":{"self":[{"href":"https:\/\/www.shqiperia.com\/blog\/wp-json\/wp\/v2\/posts\/4740","targetHints":{"allow":["GET"]}}],"collection":[{"href":"https:\/\/www.shqiperia.com\/blog\/wp-json\/wp\/v2\/posts"}],"about":[{"href":"https:\/\/www.shqiperia.com\/blog\/wp-json\/wp\/v2\/types\/post"}],"author":[{"embeddable":true,"href":"https:\/\/www.shqiperia.com\/blog\/wp-json\/wp\/v2\/users\/9"}],"replies":[{"embeddable":true,"href":"https:\/\/www.shqiperia.com\/blog\/wp-json\/wp\/v2\/comments?post=4740"}],"version-history":[{"count":1,"href":"https:\/\/www.shqiperia.com\/blog\/wp-json\/wp\/v2\/posts\/4740\/revisions"}],"predecessor-version":[{"id":4742,"href":"https:\/\/www.shqiperia.com\/blog\/wp-json\/wp\/v2\/posts\/4740\/revisions\/4742"}],"wp:featuredmedia":[{"embeddable":true,"href":"https:\/\/www.shqiperia.com\/blog\/wp-json\/wp\/v2\/media\/4741"}],"wp:attachment":[{"href":"https:\/\/www.shqiperia.com\/blog\/wp-json\/wp\/v2\/media?parent=4740"}],"wp:term":[{"taxonomy":"category","embeddable":true,"href":"https:\/\/www.shqiperia.com\/blog\/wp-json\/wp\/v2\/categories?post=4740"},{"taxonomy":"post_tag","embeddable":true,"href":"https:\/\/www.shqiperia.com\/blog\/wp-json\/wp\/v2\/tags?post=4740"}],"curies":[{"name":"wp","href":"https:\/\/api.w.org\/{rel}","templated":true}]}}