{"id":4736,"date":"2018-03-12T19:22:34","date_gmt":"2018-03-12T19:22:34","guid":{"rendered":"http:\/\/www.shqiperia.com\/blog\/?p=4736"},"modified":"2018-03-12T19:22:54","modified_gmt":"2018-03-12T19:22:54","slug":"kisha-e-shen-e-premtes-lukove-ne-agoni-huazim-nga-fb","status":"publish","type":"post","link":"https:\/\/www.shqiperia.com\/blog\/kisha-e-shen-e-premtes-lukove-ne-agoni-huazim-nga-fb\/","title":{"rendered":"Kisha e Sh\u00ebn e Premtes Lukove &#8211; n\u00eb agoni. Huazim nga FB. &#8211;"},"content":{"rendered":"<p><img data-recalc-dims=\"1\" loading=\"lazy\" decoding=\"async\" data-attachment-id=\"4737\" data-permalink=\"https:\/\/www.shqiperia.com\/blog\/kisha-e-shen-e-premtes-lukove-ne-agoni-huazim-nga-fb\/kisha-e-shen-premtes-lukove\/\" data-orig-file=\"https:\/\/i0.wp.com\/www.shqiperia.com\/blog\/wp-content\/uploads\/2018\/03\/Kisha-e-Shen-Premtes-Lukove.jpg?fit=925%2C613&amp;ssl=1\" data-orig-size=\"925,613\" data-comments-opened=\"1\" data-image-meta=\"{&quot;aperture&quot;:&quot;0&quot;,&quot;credit&quot;:&quot;&quot;,&quot;camera&quot;:&quot;&quot;,&quot;caption&quot;:&quot;&quot;,&quot;created_timestamp&quot;:&quot;0&quot;,&quot;copyright&quot;:&quot;&quot;,&quot;focal_length&quot;:&quot;0&quot;,&quot;iso&quot;:&quot;0&quot;,&quot;shutter_speed&quot;:&quot;0&quot;,&quot;title&quot;:&quot;&quot;,&quot;orientation&quot;:&quot;0&quot;}\" data-image-title=\"Kisha e Shen Premtes Lukove\" data-image-description=\"\" data-image-caption=\"\" data-medium-file=\"https:\/\/i0.wp.com\/www.shqiperia.com\/blog\/wp-content\/uploads\/2018\/03\/Kisha-e-Shen-Premtes-Lukove.jpg?fit=300%2C199&amp;ssl=1\" data-large-file=\"https:\/\/i0.wp.com\/www.shqiperia.com\/blog\/wp-content\/uploads\/2018\/03\/Kisha-e-Shen-Premtes-Lukove.jpg?fit=925%2C613&amp;ssl=1\" class=\"alignnone wp-image-4737\" alt=\"\" src=\"https:\/\/i0.wp.com\/www.shqiperia.com\/blog\/wp-content\/uploads\/2018\/03\/Kisha-e-Shen-Premtes-Lukove-300x199.jpg?resize=372%2C247\" width=\"372\" height=\"247\" srcset=\"https:\/\/i0.wp.com\/www.shqiperia.com\/blog\/wp-content\/uploads\/2018\/03\/Kisha-e-Shen-Premtes-Lukove.jpg?resize=300%2C199&amp;ssl=1 300w, https:\/\/i0.wp.com\/www.shqiperia.com\/blog\/wp-content\/uploads\/2018\/03\/Kisha-e-Shen-Premtes-Lukove.jpg?resize=768%2C509&amp;ssl=1 768w, https:\/\/i0.wp.com\/www.shqiperia.com\/blog\/wp-content\/uploads\/2018\/03\/Kisha-e-Shen-Premtes-Lukove.jpg?w=925&amp;ssl=1 925w\" sizes=\"auto, (max-width: 372px) 100vw, 372px\" \/><\/p>\n<p>Nga: Ilir Bala<\/p>\n<p>\u0395 vendosur brenda peizazhit t\u00eb mrekulluesh\u00ebm me ullinj t\u00eb Lukov\u00ebs, kisha e Sh\u00ebn e Premtes q\u00ebndron e fshehur n\u00eb agoni.<br \/>\nAjo \u00ebsht\u00eb nd\u00ebrtuar n\u00eb shek. XVII sipas tipit bazilikal me kupol\u00eb dhe p\u00ebrb\u00ebn nj\u00eb vler\u00eb t\u00eb p\u00ebrve\u00e7me si p\u00ebr trash\u00ebgimin\u00eb kulturore ashtu edhe p\u00ebr historin\u00eb ton\u00eb.<br \/>\nSot ajo l\u00ebngon&#8230;<\/p>\n<p><img data-recalc-dims=\"1\" loading=\"lazy\" decoding=\"async\" data-attachment-id=\"4738\" data-permalink=\"https:\/\/www.shqiperia.com\/blog\/kisha-e-shen-e-premtes-lukove-ne-agoni-huazim-nga-fb\/kisha-e-shen-premtes-lukove-2\/\" data-orig-file=\"https:\/\/i0.wp.com\/www.shqiperia.com\/blog\/wp-content\/uploads\/2018\/03\/Kisha-e-Shen-Premtes-Lukove-2.jpg?fit=960%2C720&amp;ssl=1\" data-orig-size=\"960,720\" data-comments-opened=\"1\" data-image-meta=\"{&quot;aperture&quot;:&quot;0&quot;,&quot;credit&quot;:&quot;&quot;,&quot;camera&quot;:&quot;&quot;,&quot;caption&quot;:&quot;&quot;,&quot;created_timestamp&quot;:&quot;0&quot;,&quot;copyright&quot;:&quot;&quot;,&quot;focal_length&quot;:&quot;0&quot;,&quot;iso&quot;:&quot;0&quot;,&quot;shutter_speed&quot;:&quot;0&quot;,&quot;title&quot;:&quot;&quot;,&quot;orientation&quot;:&quot;0&quot;}\" data-image-title=\"Kisha e Shen Premtes Lukove (2)\" data-image-description=\"\" data-image-caption=\"\" data-medium-file=\"https:\/\/i0.wp.com\/www.shqiperia.com\/blog\/wp-content\/uploads\/2018\/03\/Kisha-e-Shen-Premtes-Lukove-2.jpg?fit=300%2C225&amp;ssl=1\" data-large-file=\"https:\/\/i0.wp.com\/www.shqiperia.com\/blog\/wp-content\/uploads\/2018\/03\/Kisha-e-Shen-Premtes-Lukove-2.jpg?fit=960%2C720&amp;ssl=1\" class=\"alignnone wp-image-4738\" alt=\"\" src=\"https:\/\/i0.wp.com\/www.shqiperia.com\/blog\/wp-content\/uploads\/2018\/03\/Kisha-e-Shen-Premtes-Lukove-2-300x225.jpg?resize=724%2C543\" width=\"724\" height=\"543\" srcset=\"https:\/\/i0.wp.com\/www.shqiperia.com\/blog\/wp-content\/uploads\/2018\/03\/Kisha-e-Shen-Premtes-Lukove-2.jpg?resize=300%2C225&amp;ssl=1 300w, https:\/\/i0.wp.com\/www.shqiperia.com\/blog\/wp-content\/uploads\/2018\/03\/Kisha-e-Shen-Premtes-Lukove-2.jpg?resize=768%2C576&amp;ssl=1 768w, https:\/\/i0.wp.com\/www.shqiperia.com\/blog\/wp-content\/uploads\/2018\/03\/Kisha-e-Shen-Premtes-Lukove-2.jpg?w=960&amp;ssl=1 960w\" sizes=\"auto, (max-width: 724px) 100vw, 724px\" \/><\/p>\n<h5>Koment nga Sokol \u00c7unga:<\/h5>\n<p>Sikur t\u00eb kishte qen\u00eb n\u00eb qend\u00ebr t\u00eb Tiran\u00ebs kjo qisha, do kishte shp\u00ebtuar, se do t&#8217;i kishte b\u00ebr\u00eb ustai nja 6-9 kulla rreth e qark. Po meq\u00eb s&#8217;\u00ebsht\u00eb, n\u00eb esfelt &#8230;<\/p>\n","protected":false},"excerpt":{"rendered":"<p>Nga: Ilir Bala \u0395 vendosur brenda peizazhit t\u00eb mrekulluesh\u00ebm me ullinj t\u00eb Lukov\u00ebs, kisha e Sh\u00ebn e Premtes q\u00ebndron e fshehur n\u00eb agoni. Ajo \u00ebsht\u00eb nd\u00ebrtuar n\u00eb shek. XVII sipas tipit bazilikal me kupol\u00eb dhe p\u00ebrb\u00ebn nj\u00eb vler\u00eb t\u00eb p\u00ebrve\u00e7me si p\u00ebr trash\u00ebgimin\u00eb kulturore ashtu edhe p\u00ebr historin\u00eb ton\u00eb. Sot ajo l\u00ebngon&#8230; Koment nga Sokol [&hellip;]<\/p>\n","protected":false},"author":9,"featured_media":4737,"comment_status":"open","ping_status":"open","sticky":false,"template":"","format":"standard","meta":{"jetpack_post_was_ever_published":false,"_jetpack_newsletter_access":"","_jetpack_dont_email_post_to_subs":false,"_jetpack_newsletter_tier_id":0,"_jetpack_memberships_contains_paywalled_content":false,"_jetpack_memberships_contains_paid_content":false,"footnotes":"","jetpack_publicize_message":"","jetpack_publicize_feature_enabled":true,"jetpack_social_post_already_shared":true,"jetpack_social_options":{"image_generator_settings":{"template":"highway","default_image_id":0,"font":"","enabled":false},"version":2}},"categories":[86],"tags":[],"class_list":["post-4736","post","type-post","status-publish","format-standard","has-post-thumbnail","hentry","category-trashegimi-kulturore"],"jetpack_publicize_connections":[],"jetpack_featured_media_url":"https:\/\/i0.wp.com\/www.shqiperia.com\/blog\/wp-content\/uploads\/2018\/03\/Kisha-e-Shen-Premtes-Lukove.jpg?fit=925%2C613&ssl=1","jetpack_sharing_enabled":true,"jetpack_shortlink":"https:\/\/wp.me\/p5Z6wp-1eo","jetpack-related-posts":[{"id":10702,"url":"https:\/\/www.shqiperia.com\/blog\/kisha-e-shen-premtes-ne-permet\/","url_meta":{"origin":4736,"position":0},"title":"Kisha e Sh\u00ebn Premtes ne PERMET. &#8211;","author":"Kurt Farka","date":"August 8, 2018","format":false,"excerpt":"Kisha e Sh\u00ebn Premtes ne PERMET. - Nga: Ilir Bala. Ndodhet n\u00eb pjes\u00ebn e lagjeve karakteristike t\u00eb qytetit. Ajo \u00ebsht\u00eb e tipit bazilik me p\u00ebrmasa 22m e gjat\u00eb, 16 m e gjer\u00eb dhe 8 m e lart\u00eb. Mbishkrimi i gdhendur mbi nj\u00eb pllak\u00eb guri, tregon p\u00ebr nd\u00ebrtimin e kish\u00ebs m\u00eb\u2026","rel":"","context":"In &quot;Histori&quot;","block_context":{"text":"Histori","link":"https:\/\/www.shqiperia.com\/blog\/category\/histori\/"},"img":{"alt_text":"","src":"https:\/\/i0.wp.com\/www.shqiperia.com\/blog\/wp-content\/uploads\/2018\/08\/Kisha-e-Shen-Prendes-Permet-Copy.jpg?fit=960%2C719&ssl=1&resize=350%2C200","width":350,"height":200,"srcset":"https:\/\/i0.wp.com\/www.shqiperia.com\/blog\/wp-content\/uploads\/2018\/08\/Kisha-e-Shen-Prendes-Permet-Copy.jpg?fit=960%2C719&ssl=1&resize=350%2C200 1x, https:\/\/i0.wp.com\/www.shqiperia.com\/blog\/wp-content\/uploads\/2018\/08\/Kisha-e-Shen-Prendes-Permet-Copy.jpg?fit=960%2C719&ssl=1&resize=525%2C300 1.5x, https:\/\/i0.wp.com\/www.shqiperia.com\/blog\/wp-content\/uploads\/2018\/08\/Kisha-e-Shen-Prendes-Permet-Copy.jpg?fit=960%2C719&ssl=1&resize=700%2C400 2x"},"classes":[]},{"id":10931,"url":"https:\/\/www.shqiperia.com\/blog\/kisha-e-shen-premtes-ne-permet-2\/","url_meta":{"origin":4736,"position":1},"title":"Kisha e Sh\u00ebn Premtes ne PERMET. &#8211;","author":"Kurt Farka","date":"August 24, 2018","format":false,"excerpt":"Kisha e Sh\u00ebn Premtes ne PERMET. - Nga: Ilir Bala. Ndodhet n\u00eb pjes\u00ebn e lagjeve karakteristike t\u00eb qytetit. Ajo \u00ebsht\u00eb e tipit bazilik me p\u00ebrmasa 22m e gjat\u00eb, 16 m e gjer\u00eb dhe 8 m e lart\u00eb. Mbishkrimi i gdhendur mbi nj\u00eb pllak\u00eb guri, tregon p\u00ebr nd\u00ebrtimin e kish\u00ebs m\u00eb\u2026","rel":"","context":"In &quot;Histori&quot;","block_context":{"text":"Histori","link":"https:\/\/www.shqiperia.com\/blog\/category\/histori\/"},"img":{"alt_text":"","src":"https:\/\/i0.wp.com\/www.shqiperia.com\/blog\/wp-content\/uploads\/2018\/08\/Kisha-e-Shen-Prendes-Permet-Copy-1.jpg?fit=736%2C525&ssl=1&resize=350%2C200","width":350,"height":200,"srcset":"https:\/\/i0.wp.com\/www.shqiperia.com\/blog\/wp-content\/uploads\/2018\/08\/Kisha-e-Shen-Prendes-Permet-Copy-1.jpg?fit=736%2C525&ssl=1&resize=350%2C200 1x, https:\/\/i0.wp.com\/www.shqiperia.com\/blog\/wp-content\/uploads\/2018\/08\/Kisha-e-Shen-Prendes-Permet-Copy-1.jpg?fit=736%2C525&ssl=1&resize=525%2C300 1.5x, https:\/\/i0.wp.com\/www.shqiperia.com\/blog\/wp-content\/uploads\/2018\/08\/Kisha-e-Shen-Prendes-Permet-Copy-1.jpg?fit=736%2C525&ssl=1&resize=700%2C400 2x"},"classes":[]},{"id":11516,"url":"https:\/\/www.shqiperia.com\/blog\/11516-2\/","url_meta":{"origin":4736,"position":2},"title":"Kisha e Sh\u00ebn M\u00ebris\u00eb dhe ajo e Sh\u00ebn Premtes rrezikojn\u00eb shembjen.","author":"Kurt Farka","date":"September 14, 2018","format":false,"excerpt":"Kisha e Sh\u00ebn M\u00ebris\u00eb dhe ajo e Sh\u00ebn Premtes rrezikojn\u00eb shembjen. Kisha e Sh\u00ebn M\u00ebris\u00eb n\u00eb manastirin e Krorez\u00ebs, e cila daton q\u00eb prej viteve 1600 rrezikon shembjen. Shkak p\u00ebr k\u00ebt\u00eb \u00ebsht\u00eb b\u00ebr\u00eb moskujdesi nga strukturat p\u00ebrkat\u00ebse, duke b\u00ebr\u00eb q\u00eb rr\u00ebnj\u00ebt e pem\u00ebve t\u00eb dep\u00ebrtojn\u00eb n\u00eb mure, q\u00eb sjell p\u00ebr\u2026","rel":"","context":"In &quot;Histori&quot;","block_context":{"text":"Histori","link":"https:\/\/www.shqiperia.com\/blog\/category\/histori\/"},"img":{"alt_text":"","src":"https:\/\/i0.wp.com\/www.shqiperia.com\/blog\/wp-content\/uploads\/2018\/09\/dy_kishat_drejt_shkaterrimit_faqe_19-2-300x174.jpg?resize=350%2C200","width":350,"height":200},"classes":[]},{"id":11896,"url":"https:\/\/www.shqiperia.com\/blog\/kisha-e-shen-premtes-prizren-ne-zanafille-perkushtuar-hyjneshes-ilire-te-plleshmerise-dhe-lindjes-prenda-apo-premta\/","url_meta":{"origin":4736,"position":3},"title":"Kisha e Sh\u00ebn Premtes \u2013Prizren. &#8211; Ne zanafille p\u00ebrkushtuar hyjnesh\u00ebs ilire t\u00eb plleshm\u00ebris\u00eb dhe lindjes: Prenda apo Premta. &#8211;","author":"Kurt Farka","date":"September 23, 2018","format":false,"excerpt":"Kisha e Sh\u00ebn Premtes \u2013Prizren. - Ne zanafille p\u00ebrkushtuar hyjnesh\u00ebs ilire t\u00eb plleshm\u00ebris\u00eb dhe lindjes: Prenda apo Premta. - Kisha e Sh\u00ebn Premtes, e cila gjendet n\u00eb Zon\u00ebn Historike t\u00eb Prizrenit, u rind\u00ebrtua me urdh\u00ebrin e mbretit Millutin, m\u00eb 1306\/7. Pun\u00ebt meremetuese u udh\u00ebhoq\u00ebn nga mjeshtrit e njohur t\u00eb asaj\u2026","rel":"","context":"In &quot;Blogu i Udh\u00ebtarit&quot;","block_context":{"text":"Blogu i Udh\u00ebtarit","link":"https:\/\/www.shqiperia.com\/blog\/category\/blogu-i-udhetarit\/"},"img":{"alt_text":"","src":"https:\/\/i0.wp.com\/www.shqiperia.com\/blog\/wp-content\/uploads\/2018\/09\/IMG_6178.jpg?fit=1200%2C649&ssl=1&resize=350%2C200","width":350,"height":200,"srcset":"https:\/\/i0.wp.com\/www.shqiperia.com\/blog\/wp-content\/uploads\/2018\/09\/IMG_6178.jpg?fit=1200%2C649&ssl=1&resize=350%2C200 1x, https:\/\/i0.wp.com\/www.shqiperia.com\/blog\/wp-content\/uploads\/2018\/09\/IMG_6178.jpg?fit=1200%2C649&ssl=1&resize=525%2C300 1.5x, https:\/\/i0.wp.com\/www.shqiperia.com\/blog\/wp-content\/uploads\/2018\/09\/IMG_6178.jpg?fit=1200%2C649&ssl=1&resize=700%2C400 2x, https:\/\/i0.wp.com\/www.shqiperia.com\/blog\/wp-content\/uploads\/2018\/09\/IMG_6178.jpg?fit=1200%2C649&ssl=1&resize=1050%2C600 3x"},"classes":[]},{"id":37113,"url":"https:\/\/www.shqiperia.com\/blog\/restaurimi-i-rralle-e-katandisur-ne-depo-si-iu-kthye-shkelqimi-kishes-se-shen-e-premtes-balldre\/","url_meta":{"origin":4736,"position":4},"title":"Restaurimi i rrall\u00eb\/ E katandisur n\u00eb depo, si iu kthye shk\u00eblqimi Kish\u00ebs s\u00eb Sh\u00ebn e Premtes, Balldre","author":"Kurt Farka","date":"August 12, 2020","format":false,"excerpt":"Restaurimi i rrall\u00eb\/ E katandisur n\u00eb depo, si iu kthye shk\u00eblqimi Kish\u00ebs s\u00eb Sh\u00ebn e Premtes, Balldre. \u00a012 gusht 2020. Nga: RESHAT GEGA. Kisha e Sh\u00ebn e Premtes n\u00eb Balldren t\u00eb Lezh\u00ebs u takon atyre shembujve, t\u00eb cil\u00ebt, p\u00ebr rast\u00ebsi apo jo, pas nj\u00eb periudhe t\u00eb konsiderueshme, p\u00ebrgjat\u00eb s\u00eb cil\u00ebs\u2026","rel":"","context":"In &quot;Histori&quot;","block_context":{"text":"Histori","link":"https:\/\/www.shqiperia.com\/blog\/category\/histori\/"},"img":{"alt_text":"","src":"https:\/\/i0.wp.com\/www.shqiperia.com\/blog\/wp-content\/uploads\/2020\/08\/Kisha-e-Sh%C3%ABn-e-Premtes-n%C3%AB-Balldren-t%C3%AB-Lezh%C3%ABs-2.png?fit=498%2C313&ssl=1&resize=350%2C200","width":350,"height":200},"classes":[]},{"id":76529,"url":"https:\/\/www.shqiperia.com\/blog\/promovohet-libri-mbi-kishen-e-shen-e-premtes-ne-prizren-trashegimi-e-unesco-s\/","url_meta":{"origin":4736,"position":5},"title":"Promovohet libri mbi Kish\u00ebn e Sh\u00ebn e Premtes n\u00eb Prizren, trash\u00ebgimi e UNESCO-s","author":"Kurt Farka","date":"December 22, 2023","format":false,"excerpt":"22 Dhjetor 2023 N\u00eb Kino Lumbardhi, n\u00eb Prizren, \u00ebsht\u00eb promovuar mbr\u00ebmjen e djeshme, \u00a0libri \u201cSjell\u00eb m\u00eb pran\u00eb njer\u00ebzve: Arti i Afreskeve t\u00eb Kish\u00ebs s\u00eb Sh\u00ebn Premtes\u201d i botuar nga Fondacioni Lumbardhi dhe redaktuar nga Sezgin Boynik, q\u00eb rrjedh nga nj\u00eb tekst origjinal i Otto Bihajli-Merin nga viti 1953. Libri d\u00ebshmon\u2026","rel":"","context":"In &quot;Arte&quot;","block_context":{"text":"Arte","link":"https:\/\/www.shqiperia.com\/blog\/category\/arte\/"},"img":{"alt_text":"","src":"https:\/\/i0.wp.com\/www.shqiperia.com\/blog\/wp-content\/uploads\/2023\/12\/640-0-libri-1703080090.jpg?fit=640%2C427&ssl=1&resize=350%2C200","width":350,"height":200,"srcset":"https:\/\/i0.wp.com\/www.shqiperia.com\/blog\/wp-content\/uploads\/2023\/12\/640-0-libri-1703080090.jpg?fit=640%2C427&ssl=1&resize=350%2C200 1x, https:\/\/i0.wp.com\/www.shqiperia.com\/blog\/wp-content\/uploads\/2023\/12\/640-0-libri-1703080090.jpg?fit=640%2C427&ssl=1&resize=525%2C300 1.5x"},"classes":[]}],"_links":{"self":[{"href":"https:\/\/www.shqiperia.com\/blog\/wp-json\/wp\/v2\/posts\/4736","targetHints":{"allow":["GET"]}}],"collection":[{"href":"https:\/\/www.shqiperia.com\/blog\/wp-json\/wp\/v2\/posts"}],"about":[{"href":"https:\/\/www.shqiperia.com\/blog\/wp-json\/wp\/v2\/types\/post"}],"author":[{"embeddable":true,"href":"https:\/\/www.shqiperia.com\/blog\/wp-json\/wp\/v2\/users\/9"}],"replies":[{"embeddable":true,"href":"https:\/\/www.shqiperia.com\/blog\/wp-json\/wp\/v2\/comments?post=4736"}],"version-history":[{"count":1,"href":"https:\/\/www.shqiperia.com\/blog\/wp-json\/wp\/v2\/posts\/4736\/revisions"}],"predecessor-version":[{"id":4739,"href":"https:\/\/www.shqiperia.com\/blog\/wp-json\/wp\/v2\/posts\/4736\/revisions\/4739"}],"wp:featuredmedia":[{"embeddable":true,"href":"https:\/\/www.shqiperia.com\/blog\/wp-json\/wp\/v2\/media\/4737"}],"wp:attachment":[{"href":"https:\/\/www.shqiperia.com\/blog\/wp-json\/wp\/v2\/media?parent=4736"}],"wp:term":[{"taxonomy":"category","embeddable":true,"href":"https:\/\/www.shqiperia.com\/blog\/wp-json\/wp\/v2\/categories?post=4736"},{"taxonomy":"post_tag","embeddable":true,"href":"https:\/\/www.shqiperia.com\/blog\/wp-json\/wp\/v2\/tags?post=4736"}],"curies":[{"name":"wp","href":"https:\/\/api.w.org\/{rel}","templated":true}]}}