{"id":47223,"date":"2021-05-05T08:38:11","date_gmt":"2021-05-05T08:38:11","guid":{"rendered":"https:\/\/www.shqiperia.com\/blog\/?p=47223"},"modified":"2021-05-05T08:38:11","modified_gmt":"2021-05-05T08:38:11","slug":"nderron-jete-aktori-i-njohur-guljelm-radoja-ishte-shtruar-ne-spitalin-shefqet-ndroqi","status":"publish","type":"post","link":"https:\/\/www.shqiperia.com\/blog\/nderron-jete-aktori-i-njohur-guljelm-radoja-ishte-shtruar-ne-spitalin-shefqet-ndroqi\/","title":{"rendered":"Nd\u00ebrron jet\u00eb aktori i njohur Guljelm Radoja, ishte shtruar n\u00eb spitalin \u2018Shefqet Ndroqi\u2019"},"content":{"rendered":"<p><img data-recalc-dims=\"1\" loading=\"lazy\" decoding=\"async\" data-attachment-id=\"47224\" data-permalink=\"https:\/\/www.shqiperia.com\/blog\/nderron-jete-aktori-i-njohur-guljelm-radoja-ishte-shtruar-ne-spitalin-shefqet-ndroqi\/guljem-radoja\/\" data-orig-file=\"https:\/\/i0.wp.com\/www.shqiperia.com\/blog\/wp-content\/uploads\/2021\/05\/Guljem-radoja.jpg?fit=533%2C300&amp;ssl=1\" data-orig-size=\"533,300\" data-comments-opened=\"1\" data-image-meta=\"{&quot;aperture&quot;:&quot;0&quot;,&quot;credit&quot;:&quot;&quot;,&quot;camera&quot;:&quot;&quot;,&quot;caption&quot;:&quot;&quot;,&quot;created_timestamp&quot;:&quot;0&quot;,&quot;copyright&quot;:&quot;&quot;,&quot;focal_length&quot;:&quot;0&quot;,&quot;iso&quot;:&quot;0&quot;,&quot;shutter_speed&quot;:&quot;0&quot;,&quot;title&quot;:&quot;&quot;,&quot;orientation&quot;:&quot;0&quot;}\" data-image-title=\"Guljem radoja\" data-image-description=\"\" data-image-caption=\"\" data-medium-file=\"https:\/\/i0.wp.com\/www.shqiperia.com\/blog\/wp-content\/uploads\/2021\/05\/Guljem-radoja.jpg?fit=300%2C169&amp;ssl=1\" data-large-file=\"https:\/\/i0.wp.com\/www.shqiperia.com\/blog\/wp-content\/uploads\/2021\/05\/Guljem-radoja.jpg?fit=533%2C300&amp;ssl=1\" class=\"alignnone  wp-image-47224\" alt=\"\" src=\"https:\/\/i0.wp.com\/www.shqiperia.com\/blog\/wp-content\/uploads\/2021\/05\/Guljem-radoja.jpg?resize=566%2C319&#038;ssl=1\" width=\"566\" height=\"319\" srcset=\"https:\/\/i0.wp.com\/www.shqiperia.com\/blog\/wp-content\/uploads\/2021\/05\/Guljem-radoja.jpg?resize=300%2C169&amp;ssl=1 300w, https:\/\/i0.wp.com\/www.shqiperia.com\/blog\/wp-content\/uploads\/2021\/05\/Guljem-radoja.jpg?resize=450%2C253&amp;ssl=1 450w, https:\/\/i0.wp.com\/www.shqiperia.com\/blog\/wp-content\/uploads\/2021\/05\/Guljem-radoja.jpg?resize=400%2C225&amp;ssl=1 400w, https:\/\/i0.wp.com\/www.shqiperia.com\/blog\/wp-content\/uploads\/2021\/05\/Guljem-radoja.jpg?w=533&amp;ssl=1 533w\" sizes=\"auto, (max-width: 566px) 100vw, 566px\" \/><\/p>\n<p><a href=\"http:\/\/www.panorama.com.al\/lajm-i-fundit-nderron-jete-aktori-i-njohur-guljelm-radoja-ishte-shtruar-ne-spitalin-shefqet-ndroqi\/\">Nd\u00ebrron jet\u00eb aktori i njohur Guljelm Radoja, ishte shtruar n\u00eb spitalin \u2018Shefqet Ndroqi\u2019<\/a><\/p>\n<p><em>5 maji 2021 <\/em><\/p>\n<p><strong>Aktori i njohur Guljelm Radoja ka nd\u00ebrruar jet\u00eb dit\u00ebn e sotme, nj\u00eb dit\u00eb pasi u transferua n\u00eb spitalin \u2018Shefqet Ndroqi\u2019.<\/strong><\/p>\n<p>Aktori, i cili ishte infektuar me Covid-19 dhe s\u00ebmundja i la pasoja serioze n\u00eb mushk\u00ebri, u shtrua n\u00eb spitalin \u201cShefqet Ndroqi\u201d.<\/p>\n<p>Prej m\u00eb shum\u00eb se nj\u00eb muaj, aktori ndodhej i shtruar n\u00eb reanimacionin e Spitalit t\u00eb Durr\u00ebsit.<\/p>\n<p>Prej disa jav\u00ebsh, miqt\u00eb e aktorit b\u00ebn\u00eb thirrje n\u00eb rrjetet sociale dhe k\u00ebrkuan ndihm\u00eb q\u00eb Guljelm Radoja t\u00eb kurohej jasht\u00eb vendit.<\/p>\n<p>Por sipas mjek\u00ebve n\u00eb Durr\u00ebs, ishte i v\u00ebshtir\u00eb dhe transporti drejt Tiran\u00ebs, nd\u00ebrsa dje u gjet mund\u00ebsia p\u00ebr ta transferuar aktorin tek Covid2. Por m\u00eb dat\u00ebn 5 maj, aktori mbylli syt\u00eb p\u00ebrgjithmon\u00eb.<\/p>\n<div id=\"attachment_47226\" style=\"width: 674px\" class=\"wp-caption alignnone\"><img data-recalc-dims=\"1\" loading=\"lazy\" decoding=\"async\" aria-describedby=\"caption-attachment-47226\" data-attachment-id=\"47226\" data-permalink=\"https:\/\/www.shqiperia.com\/blog\/nderron-jete-aktori-i-njohur-guljelm-radoja-ishte-shtruar-ne-spitalin-shefqet-ndroqi\/guljelm-radoja\/\" data-orig-file=\"https:\/\/i0.wp.com\/www.shqiperia.com\/blog\/wp-content\/uploads\/2021\/05\/guljelm-Radoja.jpg?fit=600%2C364&amp;ssl=1\" data-orig-size=\"600,364\" data-comments-opened=\"1\" data-image-meta=\"{&quot;aperture&quot;:&quot;0&quot;,&quot;credit&quot;:&quot;&quot;,&quot;camera&quot;:&quot;&quot;,&quot;caption&quot;:&quot;&quot;,&quot;created_timestamp&quot;:&quot;0&quot;,&quot;copyright&quot;:&quot;&quot;,&quot;focal_length&quot;:&quot;0&quot;,&quot;iso&quot;:&quot;0&quot;,&quot;shutter_speed&quot;:&quot;0&quot;,&quot;title&quot;:&quot;&quot;,&quot;orientation&quot;:&quot;0&quot;}\" data-image-title=\"guljelm Radoja\" data-image-description=\"\" data-image-caption=\"&lt;p&gt;Guljem Radoja&lt;\/p&gt;\n\" data-medium-file=\"https:\/\/i0.wp.com\/www.shqiperia.com\/blog\/wp-content\/uploads\/2021\/05\/guljelm-Radoja.jpg?fit=300%2C182&amp;ssl=1\" data-large-file=\"https:\/\/i0.wp.com\/www.shqiperia.com\/blog\/wp-content\/uploads\/2021\/05\/guljelm-Radoja.jpg?fit=600%2C364&amp;ssl=1\" class=\" wp-image-47226\" alt=\"\" src=\"https:\/\/i0.wp.com\/www.shqiperia.com\/blog\/wp-content\/uploads\/2021\/05\/guljelm-Radoja.jpg?resize=664%2C403&#038;ssl=1\" width=\"664\" height=\"403\" srcset=\"https:\/\/i0.wp.com\/www.shqiperia.com\/blog\/wp-content\/uploads\/2021\/05\/guljelm-Radoja.jpg?resize=300%2C182&amp;ssl=1 300w, https:\/\/i0.wp.com\/www.shqiperia.com\/blog\/wp-content\/uploads\/2021\/05\/guljelm-Radoja.jpg?resize=450%2C273&amp;ssl=1 450w, https:\/\/i0.wp.com\/www.shqiperia.com\/blog\/wp-content\/uploads\/2021\/05\/guljelm-Radoja.jpg?resize=400%2C243&amp;ssl=1 400w, https:\/\/i0.wp.com\/www.shqiperia.com\/blog\/wp-content\/uploads\/2021\/05\/guljelm-Radoja.jpg?w=600&amp;ssl=1 600w\" sizes=\"auto, (max-width: 664px) 100vw, 664px\" \/><p id=\"caption-attachment-47226\" class=\"wp-caption-text\">Guljem Radoja<\/p><\/div>\n<p><strong>JETESHKRIMI<\/strong><\/p>\n<p>Guljelm Radoja ka lindur n\u00eb 2 korrik t\u00eb vitit 1945 n\u00eb qytetin e Shkodr\u00ebs.<\/p>\n<p>Pas p\u00ebrfundimeve studimeve t\u00eb larta n\u00eb Institutin e Lart\u00eb t\u00eb Arteve (sot Akademia e Arteve) p\u00ebr Dramaturgji n\u00eb vitin 1972, filloi pun\u00ebn si aktor profesionist n\u00eb Teatrin e Librazhdit.<\/p>\n<p>M\u00eb pas largohet nga ky teat\u00ebr p\u00ebr t\u00eb punuar si aktor dhe regjisor pran\u00eb Teatrit \u201cBylis\u201d t\u00eb qytetit t\u00eb Fierit dhe m\u00eb pas si aktor n\u00eb Teatrin \u201cAleksand\u00ebr Mojsiu\u201d n\u00eb Durr\u00ebs.<\/p>\n<p>Nd\u00ebr interpretimet e tij n\u00eb teat\u00ebr mund t\u00eb p\u00ebrmendim rolet e tij n\u00eb dramat \u201cBourgeois Wedding\u201d e Bertold Brehtit, \u201cMe syrin e nj\u00eb klouni\u201d e Heinrich B\u00ebllit, \u201cTrojan\u00ebt\u201d e Vasilis Theodoropulosit etj.<\/p>\n<p>N\u00eb kinematografi ai ka luajtur m\u00eb shum\u00eb se 30 role.<\/p>\n<p>Roli i i tij i par\u00eb ishte ai i inxhinnierit t\u00eb pyjeve n\u00eb filmin \u201cGjurma\u201d n\u00eb vitin 1970.<\/p>\n<p>M\u00eb tej do t\u00eb vazhdonin nj\u00eb s\u00ebr\u00eb rolesh t\u00eb tjera si roli i Tenente Gruabardhit n\u00eb filmin \u201cN\u00eb fillim te ver\u00ebs\u201d n\u00eb vitin 1975, roli i Stefan Bardhit n\u00eb filmin \u201cM\u00ebsonj\u00ebtorja\u201d n\u00eb vitin 1979, roli i Petro Nini Luarasit n\u00eb filmin \u201cKush vdes n\u00eb k\u00ebmb\u00eb\u201d n\u00eb vitin 1984, roli i priftit n\u00eb filmin \u201cKthimi i ushtris\u00eb s\u00eb vdekur\u201d n\u00eb vitin 1989, roli i prokurorit n\u00eb filmin \u201cKolonel Bunker\u201d n\u00eb vitin 1998, etj.<\/p>\n<div id=\"attachment_47227\" style=\"width: 684px\" class=\"wp-caption alignnone\"><img data-recalc-dims=\"1\" loading=\"lazy\" decoding=\"async\" aria-describedby=\"caption-attachment-47227\" data-attachment-id=\"47227\" data-permalink=\"https:\/\/www.shqiperia.com\/blog\/nderron-jete-aktori-i-njohur-guljelm-radoja-ishte-shtruar-ne-spitalin-shefqet-ndroqi\/guljem-radoja-2-2\/\" data-orig-file=\"https:\/\/i0.wp.com\/www.shqiperia.com\/blog\/wp-content\/uploads\/2021\/05\/Guljem-Radoja-2.jpg?fit=296%2C170&amp;ssl=1\" data-orig-size=\"296,170\" data-comments-opened=\"1\" data-image-meta=\"{&quot;aperture&quot;:&quot;0&quot;,&quot;credit&quot;:&quot;&quot;,&quot;camera&quot;:&quot;&quot;,&quot;caption&quot;:&quot;&quot;,&quot;created_timestamp&quot;:&quot;0&quot;,&quot;copyright&quot;:&quot;&quot;,&quot;focal_length&quot;:&quot;0&quot;,&quot;iso&quot;:&quot;0&quot;,&quot;shutter_speed&quot;:&quot;0&quot;,&quot;title&quot;:&quot;&quot;,&quot;orientation&quot;:&quot;0&quot;}\" data-image-title=\"Guljem Radoja\" data-image-description=\"\" data-image-caption=\"&lt;p&gt;Guljem Radoja&lt;\/p&gt;\n\" data-medium-file=\"https:\/\/i0.wp.com\/www.shqiperia.com\/blog\/wp-content\/uploads\/2021\/05\/Guljem-Radoja-2.jpg?fit=296%2C170&amp;ssl=1\" data-large-file=\"https:\/\/i0.wp.com\/www.shqiperia.com\/blog\/wp-content\/uploads\/2021\/05\/Guljem-Radoja-2.jpg?fit=296%2C170&amp;ssl=1\" class=\" wp-image-47227\" alt=\"\" src=\"https:\/\/i0.wp.com\/www.shqiperia.com\/blog\/wp-content\/uploads\/2021\/05\/Guljem-Radoja-2.jpg?resize=674%2C387&#038;ssl=1\" width=\"674\" height=\"387\" \/><p id=\"caption-attachment-47227\" class=\"wp-caption-text\">Guljem Radoja<\/p><\/div>\n<p>P\u00ebr meritat e tij artistike Guljelm Radoja \u00ebsht\u00eb nderuar me titullin \u201cArtist i Merituar\u201d.<\/p>\n<p>Gazeta Panorama<\/p>\n","protected":false},"excerpt":{"rendered":"<p>Nd\u00ebrron jet\u00eb aktori i njohur Guljelm Radoja, ishte shtruar n\u00eb spitalin \u2018Shefqet Ndroqi\u2019 5 maji 2021 Aktori i njohur Guljelm Radoja ka nd\u00ebrruar jet\u00eb dit\u00ebn e sotme, nj\u00eb dit\u00eb pasi u transferua n\u00eb spitalin \u2018Shefqet Ndroqi\u2019. Aktori, i cili ishte infektuar me Covid-19 dhe s\u00ebmundja i la pasoja serioze n\u00eb mushk\u00ebri, u shtrua n\u00eb spitalin [&hellip;]<\/p>\n","protected":false},"author":9,"featured_media":47224,"comment_status":"open","ping_status":"open","sticky":false,"template":"","format":"standard","meta":{"jetpack_post_was_ever_published":false,"_jetpack_newsletter_access":"","_jetpack_dont_email_post_to_subs":false,"_jetpack_newsletter_tier_id":0,"_jetpack_memberships_contains_paywalled_content":false,"_jetpack_memberships_contains_paid_content":false,"footnotes":"","jetpack_publicize_message":"","jetpack_publicize_feature_enabled":true,"jetpack_social_post_already_shared":true,"jetpack_social_options":{"image_generator_settings":{"template":"highway","default_image_id":0,"font":"","enabled":false},"version":2}},"categories":[87,10,1],"tags":[],"class_list":["post-47223","post","type-post","status-publish","format-standard","has-post-thumbnail","hentry","category-arte","category-kultura","category-njoftime-shtypi"],"jetpack_publicize_connections":[],"jetpack_featured_media_url":"https:\/\/i0.wp.com\/www.shqiperia.com\/blog\/wp-content\/uploads\/2021\/05\/Guljem-radoja.jpg?fit=533%2C300&ssl=1","jetpack_sharing_enabled":true,"jetpack_shortlink":"https:\/\/wp.me\/p5Z6wp-chF","jetpack-related-posts":[{"id":32988,"url":"https:\/\/www.shqiperia.com\/blog\/aparaturat-shpetuese-shqiperia-siguron-5-respiratore-te-rinj-per-spitalin-shefqet-ndroqi\/","url_meta":{"origin":47223,"position":0},"title":"Aparaturat shp\u00ebtuese, Shqip\u00ebria siguron 5 respirator\u00eb t\u00eb rinj p\u00ebr Spitalin \u201cShefqet Ndroqi\u201d","author":"Kurt Farka","date":"April 2, 2020","format":false,"excerpt":"Aparaturat shp\u00ebtuese, Shqip\u00ebria siguron 5 respirator\u00eb t\u00eb rinj p\u00ebr Spitalin \u201cShefqet Ndroqi\u201d 2 Prill 2020 Vjen sasia e par\u00eb e respirator\u00ebve t\u00eb rinj, financim i qeveris\u00eb shqiptare p\u00ebr forcimin e kapaciteteve n\u00eb p\u00ebrballimin e situat\u00ebs s\u00eb COVID-19. Ministrja e Sh\u00ebndet\u00ebsis\u00eb dhe Mbrojtjes Sociale Ogerta Manastirliu ka komunikuar drejtp\u00ebrdrejt me ekipin\u2026","rel":"","context":"In &quot;Blogu i Udh\u00ebtarit&quot;","block_context":{"text":"Blogu i Udh\u00ebtarit","link":"https:\/\/www.shqiperia.com\/blog\/category\/blogu-i-udhetarit\/"},"img":{"alt_text":"","src":"https:\/\/i0.wp.com\/www.shqiperia.com\/blog\/wp-content\/uploads\/2020\/04\/auto_Foto-Respiratore_NEONATOLOGJIA_11556190945.jpg?fit=900%2C515&ssl=1&resize=350%2C200","width":350,"height":200,"srcset":"https:\/\/i0.wp.com\/www.shqiperia.com\/blog\/wp-content\/uploads\/2020\/04\/auto_Foto-Respiratore_NEONATOLOGJIA_11556190945.jpg?fit=900%2C515&ssl=1&resize=350%2C200 1x, https:\/\/i0.wp.com\/www.shqiperia.com\/blog\/wp-content\/uploads\/2020\/04\/auto_Foto-Respiratore_NEONATOLOGJIA_11556190945.jpg?fit=900%2C515&ssl=1&resize=525%2C300 1.5x, https:\/\/i0.wp.com\/www.shqiperia.com\/blog\/wp-content\/uploads\/2020\/04\/auto_Foto-Respiratore_NEONATOLOGJIA_11556190945.jpg?fit=900%2C515&ssl=1&resize=700%2C400 2x"},"classes":[]},{"id":101590,"url":"https:\/\/www.shqiperia.com\/blog\/shuhet-ne-moshen-79-vjecare-aktori-i-i-mirenjohur-gjergji-lala\/","url_meta":{"origin":47223,"position":1},"title":"Shuhet n\u00eb mosh\u00ebn 79-vje\u00e7are aktori i i mir\u00ebnjohur Gjergji Lala","author":"Kurt Farka","date":"June 18, 2026","format":false,"excerpt":"\u00cbsht\u00eb ndar\u00eb nga jeta n\u00eb mosh\u00ebn 79-vje\u00e7are aktori i kinematografis\u00eb shqiptare, Gjergji Lala. Aktori nd\u00ebrroi jet\u00eb n\u00eb nj\u00eb spital n\u00eb Itali, pas nj\u00eb s\u00ebmundjeje prej t\u00eb cil\u00ebs vuante prej koh\u00ebsh. Publiku e kujton Gjergji Lal\u00ebn ve\u00e7an\u00ebrisht p\u00ebr rolin e Mihal Gramenos, n\u00eb krah t\u00eb Timo Fllokos, te filmi \u201cLiri a\u2026","rel":"","context":"In &quot;Kultura&quot;","block_context":{"text":"Kultura","link":"https:\/\/www.shqiperia.com\/blog\/category\/kultura\/"},"img":{"alt_text":"","src":"https:\/\/i0.wp.com\/www.shqiperia.com\/blog\/wp-content\/uploads\/2026\/06\/900-0-1781690023ximages-2-583.jpg?fit=900%2C675&ssl=1&resize=350%2C200","width":350,"height":200,"srcset":"https:\/\/i0.wp.com\/www.shqiperia.com\/blog\/wp-content\/uploads\/2026\/06\/900-0-1781690023ximages-2-583.jpg?fit=900%2C675&ssl=1&resize=350%2C200 1x, https:\/\/i0.wp.com\/www.shqiperia.com\/blog\/wp-content\/uploads\/2026\/06\/900-0-1781690023ximages-2-583.jpg?fit=900%2C675&ssl=1&resize=525%2C300 1.5x, https:\/\/i0.wp.com\/www.shqiperia.com\/blog\/wp-content\/uploads\/2026\/06\/900-0-1781690023ximages-2-583.jpg?fit=900%2C675&ssl=1&resize=700%2C400 2x"},"classes":[]},{"id":32471,"url":"https:\/\/www.shqiperia.com\/blog\/pas-hetimeve-tek-shefqet-ndroqi-u-identifikuan-dhe-2-raste-te-tjera-nga-personeli\/","url_meta":{"origin":47223,"position":2},"title":"Pas hetimeve tek Shefqet Ndroqi, u identifikuan dhe 2 raste t\u00eb tjera nga personeli.","author":"Kurt Farka","date":"March 17, 2020","format":false,"excerpt":"Pas hetimeve tek Shefqet Ndroqi, u identifikuan dhe 2 raste t\u00eb tjera nga personeli. LAJM I FUNDIT\/ 4 raste t\u00eb reja me COVID-19 n\u00eb vend, shkon n\u00eb 55 numri i t\u00eb prekurve 17 mars 2020 4 raste t\u00eb reja me COVID-19 brenda 24 or\u00ebve duke e ccuar numrin n\u00eb 55.\u2026","rel":"","context":"In &quot;Blogu i Udh\u00ebtarit&quot;","block_context":{"text":"Blogu i Udh\u00ebtarit","link":"https:\/\/www.shqiperia.com\/blog\/category\/blogu-i-udhetarit\/"},"img":{"alt_text":"","src":"https:\/\/i0.wp.com\/www.shqiperia.com\/blog\/wp-content\/uploads\/2020\/03\/kor-905x450-3.png?fit=905%2C450&ssl=1&resize=350%2C200","width":350,"height":200,"srcset":"https:\/\/i0.wp.com\/www.shqiperia.com\/blog\/wp-content\/uploads\/2020\/03\/kor-905x450-3.png?fit=905%2C450&ssl=1&resize=350%2C200 1x, https:\/\/i0.wp.com\/www.shqiperia.com\/blog\/wp-content\/uploads\/2020\/03\/kor-905x450-3.png?fit=905%2C450&ssl=1&resize=525%2C300 1.5x, https:\/\/i0.wp.com\/www.shqiperia.com\/blog\/wp-content\/uploads\/2020\/03\/kor-905x450-3.png?fit=905%2C450&ssl=1&resize=700%2C400 2x"},"classes":[]},{"id":36894,"url":"https:\/\/www.shqiperia.com\/blog\/shqip-denoncon-serish-fshehjen-e-shifrave-nga-ministria-te-shefqet-ndroqi-mbi-170-paciente-me-covid\/","url_meta":{"origin":47223,"position":3},"title":"\u201cShqip&#8221; denoncon s\u00ebrish fshehjen e shifrave nga ministria, te &#8220;Shefqet Ndroqi&#8221; mbi 170 pacient\u00eb me Covid","author":"Kurt Farka","date":"August 6, 2020","format":false,"excerpt":"\u201cShqip\" denoncon s\u00ebrish fshehjen e shifrave nga ministria, te \"Shefqet Ndroqi\" mbi 170 pacient\u00eb me Covid 3 gusht 2020. Ministria e Sh\u00ebndet\u00ebsis\u00eb nuk po raporton realisht numrin e shtrimeve nga koronavirusi n\u00eb dy spitalet q\u00eb po trajtojn\u00eb t\u00eb s\u00ebmur\u00ebt me Covid-19. Nga t\u00eb dh\u00ebnat e deklaruara gjat\u00eb daljes s\u00eb radh\u00ebs,\u2026","rel":"","context":"In &quot;Blogu i Udh\u00ebtarit&quot;","block_context":{"text":"Blogu i Udh\u00ebtarit","link":"https:\/\/www.shqiperia.com\/blog\/category\/blogu-i-udhetarit\/"},"img":{"alt_text":"","src":"https:\/\/i0.wp.com\/www.shqiperia.com\/blog\/wp-content\/uploads\/2020\/08\/auto_foto11596549780.jpg?fit=850%2C501&ssl=1&resize=350%2C200","width":350,"height":200,"srcset":"https:\/\/i0.wp.com\/www.shqiperia.com\/blog\/wp-content\/uploads\/2020\/08\/auto_foto11596549780.jpg?fit=850%2C501&ssl=1&resize=350%2C200 1x, https:\/\/i0.wp.com\/www.shqiperia.com\/blog\/wp-content\/uploads\/2020\/08\/auto_foto11596549780.jpg?fit=850%2C501&ssl=1&resize=525%2C300 1.5x, https:\/\/i0.wp.com\/www.shqiperia.com\/blog\/wp-content\/uploads\/2020\/08\/auto_foto11596549780.jpg?fit=850%2C501&ssl=1&resize=700%2C400 2x"},"classes":[]},{"id":103554,"url":"https:\/\/www.shqiperia.com\/blog\/behet-zyrtare-qeveria-i-jep-kompanise-qe-promovon-aktori-i-njohur-turk-885-mije-metra-katrore-toke-ne-vlore-per-1-euro\/","url_meta":{"origin":47223,"position":4},"title":"B\u00ebhet zyrtare: Qeveria i jep kompanis\u00eb q\u00eb promovon aktori i njohur turk 885 mij\u00eb metra katror\u00eb tok\u00eb n\u00eb Vlor\u00eb p\u00ebr 1 euro","author":"Kurt Farka","date":"July 31, 2026","format":false,"excerpt":"31 Korrik 2026 Qeveria Rama ka zyrtarizuar nj\u00eb kontrat\u00eb t\u00eb p\u00ebrfolur me turqit p\u00ebr t\u2019u dh\u00ebn\u00eb 885 mij\u00eb metra katror\u00eb tok\u00eb shtet\u00ebrore n\u00eb Vlor\u00eb me tarif\u00ebn simbolike 1 euro. Pas lajmeve t\u00eb para nj\u00eb muaji, n\u00eb mbledhjen e djeshme t\u00eb qeveris\u00eb \u00ebsht\u00eb marr\u00eb vendimi q\u00eb kompania q\u00eb promovon aktori turk\u2026","rel":"","context":"In &quot;Blogu i Udh\u00ebtarit&quot;","block_context":{"text":"Blogu i Udh\u00ebtarit","link":"https:\/\/www.shqiperia.com\/blog\/category\/blogu-i-udhetarit\/"},"img":{"alt_text":"","src":"https:\/\/i0.wp.com\/www.shqiperia.com\/blog\/wp-content\/uploads\/2026\/07\/900-0-1785444253x800-0-1750257058x1dredha7-309-667-1.jpg?fit=900%2C601&ssl=1&resize=350%2C200","width":350,"height":200,"srcset":"https:\/\/i0.wp.com\/www.shqiperia.com\/blog\/wp-content\/uploads\/2026\/07\/900-0-1785444253x800-0-1750257058x1dredha7-309-667-1.jpg?fit=900%2C601&ssl=1&resize=350%2C200 1x, https:\/\/i0.wp.com\/www.shqiperia.com\/blog\/wp-content\/uploads\/2026\/07\/900-0-1785444253x800-0-1750257058x1dredha7-309-667-1.jpg?fit=900%2C601&ssl=1&resize=525%2C300 1.5x, https:\/\/i0.wp.com\/www.shqiperia.com\/blog\/wp-content\/uploads\/2026\/07\/900-0-1785444253x800-0-1750257058x1dredha7-309-667-1.jpg?fit=900%2C601&ssl=1&resize=700%2C400 2x"},"classes":[]},{"id":37972,"url":"https:\/\/www.shqiperia.com\/blog\/u-hodh-nga-spitali-shefqet-ndroqi-zbardhet-biseda-telefonike-e-viktimes-me-fqinjin-po-ta-dija-se-cfare-behet-ketu-nuk-do-te\/","url_meta":{"origin":47223,"position":5},"title":"U hodh nga spitali \u201cShefqet Ndroqi\u201d\/ Zbardhet biseda telefonike e viktim\u00ebs me fqinjin: Po ta dija se \u00e7far\u00eb b\u00ebhet k\u00ebtu, nuk do t\u00eb\u2026","author":"Kurt Farka","date":"September 3, 2020","format":false,"excerpt":"U hodh nga spitali \u201cShefqet Ndroqi\u201d\/ Zbardhet biseda telefonike e viktim\u00ebs me fqinjin: Po ta dija se \u00e7far\u00eb b\u00ebhet k\u00ebtu, nuk do t\u00eb\u2026 \u00a02 shtator \u00a02020 Zbardhet d\u00ebshmia trondit\u00ebse q\u00eb tregon p\u00ebr gjendjen e r\u00ebnduar psikologjike t\u00eb pacientit 65-vje\u00e7ar, i cili i dha fund jet\u00ebs duke u vet\u00ebhedhur nga dritarja\u2026","rel":"","context":"In &quot;Blogu i Udh\u00ebtarit&quot;","block_context":{"text":"Blogu i Udh\u00ebtarit","link":"https:\/\/www.shqiperia.com\/blog\/category\/blogu-i-udhetarit\/"},"img":{"alt_text":"","src":"https:\/\/i0.wp.com\/www.shqiperia.com\/blog\/wp-content\/uploads\/2020\/09\/download-300x150.jpg?resize=350%2C200&ssl=1","width":350,"height":200},"classes":[]}],"_links":{"self":[{"href":"https:\/\/www.shqiperia.com\/blog\/wp-json\/wp\/v2\/posts\/47223","targetHints":{"allow":["GET"]}}],"collection":[{"href":"https:\/\/www.shqiperia.com\/blog\/wp-json\/wp\/v2\/posts"}],"about":[{"href":"https:\/\/www.shqiperia.com\/blog\/wp-json\/wp\/v2\/types\/post"}],"author":[{"embeddable":true,"href":"https:\/\/www.shqiperia.com\/blog\/wp-json\/wp\/v2\/users\/9"}],"replies":[{"embeddable":true,"href":"https:\/\/www.shqiperia.com\/blog\/wp-json\/wp\/v2\/comments?post=47223"}],"version-history":[{"count":1,"href":"https:\/\/www.shqiperia.com\/blog\/wp-json\/wp\/v2\/posts\/47223\/revisions"}],"predecessor-version":[{"id":47228,"href":"https:\/\/www.shqiperia.com\/blog\/wp-json\/wp\/v2\/posts\/47223\/revisions\/47228"}],"wp:featuredmedia":[{"embeddable":true,"href":"https:\/\/www.shqiperia.com\/blog\/wp-json\/wp\/v2\/media\/47224"}],"wp:attachment":[{"href":"https:\/\/www.shqiperia.com\/blog\/wp-json\/wp\/v2\/media?parent=47223"}],"wp:term":[{"taxonomy":"category","embeddable":true,"href":"https:\/\/www.shqiperia.com\/blog\/wp-json\/wp\/v2\/categories?post=47223"},{"taxonomy":"post_tag","embeddable":true,"href":"https:\/\/www.shqiperia.com\/blog\/wp-json\/wp\/v2\/tags?post=47223"}],"curies":[{"name":"wp","href":"https:\/\/api.w.org\/{rel}","templated":true}]}}