{"id":47200,"date":"2021-05-04T07:43:42","date_gmt":"2021-05-04T07:43:42","guid":{"rendered":"https:\/\/www.shqiperia.com\/blog\/?p=47200"},"modified":"2021-05-04T07:44:22","modified_gmt":"2021-05-04T07:44:22","slug":"gjithmone-dardha-e-ka-bishtin-pas-manjani-reagon-per-lajmin-e-mire-qe-pritet-te-marre-shqiperia-nga-be-ja-dhe-habit-me-ate-qe-thote-per-kryeministrin-edi-rama","status":"publish","type":"post","link":"https:\/\/www.shqiperia.com\/blog\/gjithmone-dardha-e-ka-bishtin-pas-manjani-reagon-per-lajmin-e-mire-qe-pritet-te-marre-shqiperia-nga-be-ja-dhe-habit-me-ate-qe-thote-per-kryeministrin-edi-rama\/","title":{"rendered":"\u201cGjithmon\u00eb dardha e ka bishtin pas\u201d. &#8211; Manjani reagon p\u00ebr lajmin e mir\u00eb q\u00eb pritet t\u00eb marr\u00eb Shqip\u00ebria nga BE-ja dhe habit me at\u00eb q\u00eb thot\u00eb p\u00ebr kryeministrin Edi Rama"},"content":{"rendered":"<p><img data-recalc-dims=\"1\" loading=\"lazy\" decoding=\"async\" data-attachment-id=\"47201\" data-permalink=\"https:\/\/www.shqiperia.com\/blog\/gjithmone-dardha-e-ka-bishtin-pas-manjani-reagon-per-lajmin-e-mire-qe-pritet-te-marre-shqiperia-nga-be-ja-dhe-habit-me-ate-qe-thote-per-kryeministrin-edi-rama\/ylli-manjani-4\/\" data-orig-file=\"https:\/\/i0.wp.com\/www.shqiperia.com\/blog\/wp-content\/uploads\/2021\/05\/Ylli-Manjani.jpg?fit=800%2C457&amp;ssl=1\" data-orig-size=\"800,457\" data-comments-opened=\"1\" data-image-meta=\"{&quot;aperture&quot;:&quot;0&quot;,&quot;credit&quot;:&quot;&quot;,&quot;camera&quot;:&quot;&quot;,&quot;caption&quot;:&quot;&quot;,&quot;created_timestamp&quot;:&quot;0&quot;,&quot;copyright&quot;:&quot;&quot;,&quot;focal_length&quot;:&quot;0&quot;,&quot;iso&quot;:&quot;0&quot;,&quot;shutter_speed&quot;:&quot;0&quot;,&quot;title&quot;:&quot;&quot;,&quot;orientation&quot;:&quot;0&quot;}\" data-image-title=\"Ylli Manjani\" data-image-description=\"\" data-image-caption=\"\" data-medium-file=\"https:\/\/i0.wp.com\/www.shqiperia.com\/blog\/wp-content\/uploads\/2021\/05\/Ylli-Manjani.jpg?fit=300%2C171&amp;ssl=1\" data-large-file=\"https:\/\/i0.wp.com\/www.shqiperia.com\/blog\/wp-content\/uploads\/2021\/05\/Ylli-Manjani.jpg?fit=800%2C457&amp;ssl=1\" class=\"alignnone wp-image-47201\" alt=\"\" src=\"https:\/\/i0.wp.com\/www.shqiperia.com\/blog\/wp-content\/uploads\/2021\/05\/Ylli-Manjani.jpg?resize=470%2C268&#038;ssl=1\" width=\"470\" height=\"268\" srcset=\"https:\/\/i0.wp.com\/www.shqiperia.com\/blog\/wp-content\/uploads\/2021\/05\/Ylli-Manjani.jpg?resize=300%2C171&amp;ssl=1 300w, https:\/\/i0.wp.com\/www.shqiperia.com\/blog\/wp-content\/uploads\/2021\/05\/Ylli-Manjani.jpg?resize=768%2C439&amp;ssl=1 768w, https:\/\/i0.wp.com\/www.shqiperia.com\/blog\/wp-content\/uploads\/2021\/05\/Ylli-Manjani.jpg?resize=450%2C257&amp;ssl=1 450w, https:\/\/i0.wp.com\/www.shqiperia.com\/blog\/wp-content\/uploads\/2021\/05\/Ylli-Manjani.jpg?resize=600%2C343&amp;ssl=1 600w, https:\/\/i0.wp.com\/www.shqiperia.com\/blog\/wp-content\/uploads\/2021\/05\/Ylli-Manjani.jpg?resize=400%2C229&amp;ssl=1 400w, https:\/\/i0.wp.com\/www.shqiperia.com\/blog\/wp-content\/uploads\/2021\/05\/Ylli-Manjani.jpg?w=800&amp;ssl=1 800w\" sizes=\"auto, (max-width: 470px) 100vw, 470px\" \/><\/p>\n<p>\u201cGjithmon\u00eb dardha e ka bishtin pas\u201d. &#8211; Manjani reagon p\u00ebr lajmin e mir\u00eb q\u00eb pritet t\u00eb marr\u00eb Shqip\u00ebria nga BE-ja dhe habit me at\u00eb q\u00eb thot\u00eb p\u00ebr kryeministrin Edi Rama<\/p>\n<p>4 MAJ 2021<\/p>\n<ul>\n<li>Edi Rama e ka festuar nja 3 her\u00eb \u00e7eljen e negociatave. Se e festoi edhe nj\u00eb t\u00eb kat\u00ebrt nuk ndryshon asgj\u00eb.<\/li>\n<li>Ish-ministri i Drejt\u00ebsis\u00eb, Ylli Manjani ka dal\u00eb me nj\u00eb reagim t\u00eb fort\u00eb p\u00ebr z\u00ebrat q\u00eb qarkullojn\u00eb se BE do t\u00eb \u00e7el\u00eb negociatat me vendin ton\u00eb. Sipas tij, ky \u00ebsht\u00eb nj\u00eb lajm i mir\u00eb.<\/li>\n<\/ul>\n<p>Mir\u00ebpo sipas Manjanit, gjithmon\u00eb dardha e ka bishtin pas dhe hapja e bisedimeve me BE \u00ebsht\u00eb dardha, bishti i t\u00eb cil\u00ebs \u00ebsht\u00eb pjesa m\u00eb e hidhur e \u00e7do kryeministri.<\/p>\n<p>Postimi i plot\u00eb:<\/p>\n<p>N\u00ebse v\u00ebrtet\u00eb \u00e7elen negociatat \u00ebsht\u00eb lajm i mir\u00eb.\u00a0 Ne kemi nevoj\u00eb p\u00ebr nj\u00eb Bruksel q\u00eb na monitoron rrept\u00eb, jo p\u00ebr Bruksel q\u00eb na ngop me lug\u00ebn bosh t\u00eb ambasador\u00ebve q\u00eb d\u00ebrgojn\u00eb k\u00ebtu&#8230;<\/p>\n<p>Formula e re e an\u00ebtar\u00ebsimit q\u00eb adaproi BE p\u00ebr vendet aspirante \u00ebsht\u00eb perfekte. \u00c7do gj\u00eb matet me progres jo me llafe. Sikur e kan\u00eb shkruar p\u00ebr ne.<\/p>\n<p>Ata q\u00eb kan\u00eb merak se Edi Rama do ta shes\u00eb si arritje t\u00eb veten k\u00ebt\u00eb gj\u00eb i ftoj t\u00eb arsyetojn\u00eb.<\/p>\n<ol>\n<li>Edhe 30 vjet t\u00eb rrij\u00eb n\u00eb pushtet, Edi Rama nuk arrin dot at\u00eb q\u00eb arriti Sali Berisha. An\u00ebtar\u00ebson n\u00eb K\u00ebshiilin e Europ\u00ebn e NATO dhe l\u00ebvizjen e lir\u00eb pa viza n\u00eb Europ\u00eb.<\/li>\n<li>Edi Rama e ka festuar nja 3 her\u00eb \u00e7eljen e negociatave. Se e festoi edhe nj\u00eb t\u00eb kat\u00ebrt nuk ndryshon asgj\u00eb.<\/li>\n<li>Gjithmon\u00eb dardha e ka bishtin pas. Dhe hapja e bisedimeve me BE \u00ebsht\u00eb dardha, bishti i t\u00eb cil\u00ebs \u00ebsht\u00eb pjesa m\u00eb e hidhur e \u00e7do kryeministri.<\/li>\n<\/ol>\n<p>Nda ne kemi nevoj\u00eb t\u00eb ulemi me Europ\u00ebn dhe jo t\u00eb g\u00ebzohemi q\u00eb po largohemi prej saj, qoft\u00eb edhe p\u00ebr inat t\u00eb Edi Ram\u00ebs&#8230;<\/p>\n<p>Gazeta Sot.<\/p>\n","protected":false},"excerpt":{"rendered":"<p>\u201cGjithmon\u00eb dardha e ka bishtin pas\u201d. &#8211; Manjani reagon p\u00ebr lajmin e mir\u00eb q\u00eb pritet t\u00eb marr\u00eb Shqip\u00ebria nga BE-ja dhe habit me at\u00eb q\u00eb thot\u00eb p\u00ebr kryeministrin Edi Rama 4 MAJ 2021 Edi Rama e ka festuar nja 3 her\u00eb \u00e7eljen e negociatave. Se e festoi edhe nj\u00eb t\u00eb kat\u00ebrt nuk ndryshon asgj\u00eb. Ish-ministri [&hellip;]<\/p>\n","protected":false},"author":9,"featured_media":47201,"comment_status":"open","ping_status":"open","sticky":false,"template":"","format":"standard","meta":{"jetpack_post_was_ever_published":false,"_jetpack_newsletter_access":"","_jetpack_dont_email_post_to_subs":false,"_jetpack_newsletter_tier_id":0,"_jetpack_memberships_contains_paywalled_content":false,"_jetpack_memberships_contains_paid_content":false,"footnotes":"","jetpack_publicize_message":"","jetpack_publicize_feature_enabled":true,"jetpack_social_post_already_shared":true,"jetpack_social_options":{"image_generator_settings":{"template":"highway","default_image_id":0,"font":"","enabled":false},"version":2}},"categories":[27,2],"tags":[],"class_list":["post-47200","post","type-post","status-publish","format-standard","has-post-thumbnail","hentry","category-blogu-i-udhetarit","category-politika"],"jetpack_publicize_connections":[],"jetpack_featured_media_url":"https:\/\/i0.wp.com\/www.shqiperia.com\/blog\/wp-content\/uploads\/2021\/05\/Ylli-Manjani.jpg?fit=800%2C457&ssl=1","jetpack_sharing_enabled":true,"jetpack_shortlink":"https:\/\/wp.me\/p5Z6wp-chi","jetpack-related-posts":[{"id":105288,"url":"https:\/\/www.shqiperia.com\/blog\/arrestimi-i-agasit-reagon-shehaj-radha-e-rames-e-kishte-krah-te-djathte-e-mbrojti-nderkombetarisht\/","url_meta":{"origin":47200,"position":0},"title":"Arrestimi i Agasit, reagon Shehaj: Radha e Ram\u00ebs, e kishte krah t\u00eb djatht\u00eb, e mbrojti nd\u00ebrkomb\u00ebtarisht","author":"Kurt Farka","date":"August 27, 2026","format":false,"excerpt":"27 Gusht 2026 Kryetari i Partis\u00eb Mund\u00ebsia Agron Shehaj ka reaguar lidhur me arrestimin e Ergys Agasit, i shpallur n\u00eb k\u00ebrkim nga SPAK n\u00eb kuad\u00ebr t\u00eb dosjes s\u00eb AKSHI-t. N\u00eb nj\u00eb video n\u00eb rrjetet sociale Shehaj thekson se Agasi ishte krahu i djatht\u00eb i kryeministrit dhe se tani radha \u00ebsht\u00eb\u2026","rel":"","context":"In &quot;Blogu i Udh\u00ebtarit&quot;","block_context":{"text":"Blogu i Udh\u00ebtarit","link":"https:\/\/www.shqiperia.com\/blog\/category\/blogu-i-udhetarit\/"},"img":{"alt_text":"","src":"https:\/\/i0.wp.com\/www.shqiperia.com\/blog\/wp-content\/uploads\/2026\/08\/shehaj-3.jpg?fit=621%2C323&ssl=1&resize=350%2C200","width":350,"height":200,"srcset":"https:\/\/i0.wp.com\/www.shqiperia.com\/blog\/wp-content\/uploads\/2026\/08\/shehaj-3.jpg?fit=621%2C323&ssl=1&resize=350%2C200 1x, https:\/\/i0.wp.com\/www.shqiperia.com\/blog\/wp-content\/uploads\/2026\/08\/shehaj-3.jpg?fit=621%2C323&ssl=1&resize=525%2C300 1.5x"},"classes":[]},{"id":101050,"url":"https:\/\/www.shqiperia.com\/blog\/rama-perplaset-me-gazetaren-e-cnn-per-projektin-ne-zvernec-po-me-akuzon-per-lajm-te-rreme-do-me-degjosh-apo-jo\/","url_meta":{"origin":47200,"position":1},"title":"Rama p\u00ebrplaset me gazetaren e CNN p\u00ebr projektin n\u00eb Zv\u00ebrnec: &#8211; Po m\u00eb akuzon p\u00ebr lajm t\u00eb rrem\u00eb! &#8211; Do m\u00eb d\u00ebgjosh apo jo\u2026","author":"Kurt Farka","date":"June 3, 2026","format":false,"excerpt":"3 Qershor 2026 Kryeministri Edi Rama foli sot n\u00eb nj\u00eb intervist\u00eb p\u00ebr CNN International, ku u pyet p\u00ebr projektin n\u00eb Zv\u00ebrnec. Gjat\u00eb fjal\u00ebs s\u00eb tij Rama u p\u00ebrplas edhe me gazetaren e cila e pyeste vazhdimisht\u00eb p\u00ebr projektin, nd\u00ebrsa kryeministri thekson se nuk ka asnj\u00eb projekt dhe k\u00ebto jan\u00eb lajme\u2026","rel":"","context":"In &quot;Kultura&quot;","block_context":{"text":"Kultura","link":"https:\/\/www.shqiperia.com\/blog\/category\/kultura\/"},"img":{"alt_text":"","src":"https:\/\/i0.wp.com\/www.shqiperia.com\/blog\/wp-content\/uploads\/2026\/06\/Edi-Rama-2.jpg?fit=780%2C440&ssl=1&resize=350%2C200","width":350,"height":200,"srcset":"https:\/\/i0.wp.com\/www.shqiperia.com\/blog\/wp-content\/uploads\/2026\/06\/Edi-Rama-2.jpg?fit=780%2C440&ssl=1&resize=350%2C200 1x, https:\/\/i0.wp.com\/www.shqiperia.com\/blog\/wp-content\/uploads\/2026\/06\/Edi-Rama-2.jpg?fit=780%2C440&ssl=1&resize=525%2C300 1.5x, https:\/\/i0.wp.com\/www.shqiperia.com\/blog\/wp-content\/uploads\/2026\/06\/Edi-Rama-2.jpg?fit=780%2C440&ssl=1&resize=700%2C400 2x"},"classes":[]},{"id":102851,"url":"https:\/\/www.shqiperia.com\/blog\/protesta-rama-tradhtar-dhe-antishqiptar-gjenocidi-modern-eshte-largimi-i-shqiptareve-nga-vendi\/","url_meta":{"origin":47200,"position":2},"title":"Protesta: &#8211; Rama tradhtar dhe antishqiptar, gjenocidi modern \u00ebsht\u00eb largimi i shqiptar\u00ebve nga vendi","author":"Kurt Farka","date":"July 18, 2026","format":false,"excerpt":"18 Korrik 2026 Nga protesta e p\u00ebrditshme n\u00eb \u2018D\u00ebshmor\u00ebt e Kombit\u2019, nj\u00eb prej fol\u00ebsve ka ngritur akuza t\u00eb forta ndaj Edi Ram\u00ebs dhe ka k\u00ebrkuar reagim t\u00eb fort\u00eb ndaj deklaratave t\u00eb ministres serbe, q\u00eb do t\u00eb spastronte Kosov\u00ebn n\u00ebse do ishte n\u00eb vendin e Milloshevi\u00e7it. Ai u ndal te deklaratat\u2026","rel":"","context":"In &quot;Blogu i Udh\u00ebtarit&quot;","block_context":{"text":"Blogu i Udh\u00ebtarit","link":"https:\/\/www.shqiperia.com\/blog\/category\/blogu-i-udhetarit\/"},"img":{"alt_text":"","src":"https:\/\/i0.wp.com\/www.shqiperia.com\/blog\/wp-content\/uploads\/2026\/07\/727126107_27791819013775577_4523875627734286620_n.jpg?fit=1200%2C867&ssl=1&resize=350%2C200","width":350,"height":200,"srcset":"https:\/\/i0.wp.com\/www.shqiperia.com\/blog\/wp-content\/uploads\/2026\/07\/727126107_27791819013775577_4523875627734286620_n.jpg?fit=1200%2C867&ssl=1&resize=350%2C200 1x, https:\/\/i0.wp.com\/www.shqiperia.com\/blog\/wp-content\/uploads\/2026\/07\/727126107_27791819013775577_4523875627734286620_n.jpg?fit=1200%2C867&ssl=1&resize=525%2C300 1.5x, https:\/\/i0.wp.com\/www.shqiperia.com\/blog\/wp-content\/uploads\/2026\/07\/727126107_27791819013775577_4523875627734286620_n.jpg?fit=1200%2C867&ssl=1&resize=700%2C400 2x, https:\/\/i0.wp.com\/www.shqiperia.com\/blog\/wp-content\/uploads\/2026\/07\/727126107_27791819013775577_4523875627734286620_n.jpg?fit=1200%2C867&ssl=1&resize=1050%2C600 3x"},"classes":[]},{"id":105559,"url":"https:\/\/www.shqiperia.com\/blog\/rikthimi-i-kalit-te-qyqes-dhe-nje-lajm-i-madh-nga-ministria-e-mjedisit\/","url_meta":{"origin":47200,"position":3},"title":"\u201cRikthimi i Kalit te Qyqes dhe nj\u00eb lajm i madh nga Ministria e Mjedisit\u201d","author":"Kurt Farka","date":"August 31, 2026","format":false,"excerpt":"31 Gusht 2026 \u00cbsht\u00eb e diel. Gusht. Vapa ka z\u00ebn\u00eb vend mbi Shqip\u00ebri me at\u00eb k\u00ebmb\u00ebnguljen e nj\u00eb zyrtari t\u00eb sot\u00ebm q\u00eb nuk di kur duhet t\u00eb largohet. Gjinkallat, t\u00eb cilat duket se nuk e kan\u00eb marr\u00eb ende vesh lajmin e ardhjes s\u00eb vjesht\u00ebs, vazhdojn\u00eb koncertin e tyre t\u00eb paduruesh\u00ebm.\u2026","rel":"","context":"In &quot;Blogu i Udh\u00ebtarit&quot;","block_context":{"text":"Blogu i Udh\u00ebtarit","link":"https:\/\/www.shqiperia.com\/blog\/category\/blogu-i-udhetarit\/"},"img":{"alt_text":"","src":"https:\/\/i0.wp.com\/www.shqiperia.com\/blog\/wp-content\/uploads\/2026\/08\/640-0-6f5b8eac8647006ae543b153b0c727c1.jpg?fit=640%2C327&ssl=1&resize=350%2C200","width":350,"height":200,"srcset":"https:\/\/i0.wp.com\/www.shqiperia.com\/blog\/wp-content\/uploads\/2026\/08\/640-0-6f5b8eac8647006ae543b153b0c727c1.jpg?fit=640%2C327&ssl=1&resize=350%2C200 1x, https:\/\/i0.wp.com\/www.shqiperia.com\/blog\/wp-content\/uploads\/2026\/08\/640-0-6f5b8eac8647006ae543b153b0c727c1.jpg?fit=640%2C327&ssl=1&resize=525%2C300 1.5x"},"classes":[]},{"id":102229,"url":"https:\/\/www.shqiperia.com\/blog\/media-e-njohur-italiane-il-foglio-edi-rama-ne-burg-e-konsiderojne-kriminel-qe-ka-hedhur-shqiperine-ne-gojen-e-peshkaqeneve\/","url_meta":{"origin":47200,"position":4},"title":"Media e njohur italiane, \u201cIl Foglio\u201d &#8211; Edi Rama n\u00eb burg\u201d, e konsiderojn\u00eb kriminel q\u00eb ka hedhur Shqip\u00ebrin\u00eb n\u00eb goj\u00ebn e \u2018peshkaqen\u00ebve\u2019","author":"Kurt Farka","date":"July 4, 2026","format":false,"excerpt":"4 Koriik 2026 Nga \u201cIl Foglio\u201d Nj\u00eb protest\u00eb q\u00eb nisi p\u00ebr t\u00eb mbrojtur flamingot roz\u00eb \u00ebsht\u00eb shnd\u00ebrruar n\u00eb revolt\u00ebn m\u00eb t\u00eb madhe qytetare kund\u00ebr qeveris\u00eb s\u00eb Edi Ram\u00ebs. N\u00eb nj\u00eb analiz\u00eb t\u00eb gjat\u00eb t\u00eb botuar nga e p\u00ebrditshmja italiane \u201cIl Foglio\u201d, Shqip\u00ebria p\u00ebrshkruhet si nj\u00eb vend ku zem\u00ebrimi ndaj korrupsionit,\u2026","rel":"","context":"In &quot;Blogu i Udh\u00ebtarit&quot;","block_context":{"text":"Blogu i Udh\u00ebtarit","link":"https:\/\/www.shqiperia.com\/blog\/category\/blogu-i-udhetarit\/"},"img":{"alt_text":"","src":"https:\/\/i0.wp.com\/www.shqiperia.com\/blog\/wp-content\/uploads\/2026\/07\/edi-rama-protesta-1.jpeg?fit=948%2C580&ssl=1&resize=350%2C200","width":350,"height":200,"srcset":"https:\/\/i0.wp.com\/www.shqiperia.com\/blog\/wp-content\/uploads\/2026\/07\/edi-rama-protesta-1.jpeg?fit=948%2C580&ssl=1&resize=350%2C200 1x, https:\/\/i0.wp.com\/www.shqiperia.com\/blog\/wp-content\/uploads\/2026\/07\/edi-rama-protesta-1.jpeg?fit=948%2C580&ssl=1&resize=525%2C300 1.5x, https:\/\/i0.wp.com\/www.shqiperia.com\/blog\/wp-content\/uploads\/2026\/07\/edi-rama-protesta-1.jpeg?fit=948%2C580&ssl=1&resize=700%2C400 2x"},"classes":[]},{"id":105161,"url":"https:\/\/www.shqiperia.com\/blog\/kriza-qe-po-jetojme-ka-ne-thelb-menyren-se-si-vendosim-brace-po-pres-garen-per-kryetar-bashkie-te-tiranes\/","url_meta":{"origin":47200,"position":5},"title":"Kriza q\u00eb po jetojm\u00eb ka n\u00eb thelb m\u00ebnyr\u00ebn se si vendosim.  Bra\u00e7e: &#8211; Po pres gar\u00ebn p\u00ebr kryetar bashkie t\u00eb Tiran\u00ebs.","author":"Kurt Farka","date":"August 25, 2026","format":false,"excerpt":"25 Gusht 2026 Deputeti socialist Erion Bra\u00e7e ka rikujtuar s\u00ebrish p\u00ebr publikun dhe mb\u00ebshtet\u00ebsit e tij ambicien p\u00ebr t\u2019u zgjedhur kryetar i Bashkis\u00eb Tiran\u00eb n\u00eb zgjedhjet vendore q\u00eb pritet t\u00eb mbahen n\u00eb vitin 2027. P\u00ebrmes nj\u00eb postimi n\u00eb rrjetet sociale, Bra\u00e7e thekson se do t\u2019i sh\u00ebrbej\u00eb Tiran\u00ebs n\u00ebse zgjidhet kryebashkiak\u2026","rel":"","context":"In &quot;Blogu i Udh\u00ebtarit&quot;","block_context":{"text":"Blogu i Udh\u00ebtarit","link":"https:\/\/www.shqiperia.com\/blog\/category\/blogu-i-udhetarit\/"},"img":{"alt_text":"","src":"https:\/\/i0.wp.com\/www.shqiperia.com\/blog\/wp-content\/uploads\/2026\/08\/Erion-Brace.png?fit=800%2C450&ssl=1&resize=350%2C200","width":350,"height":200,"srcset":"https:\/\/i0.wp.com\/www.shqiperia.com\/blog\/wp-content\/uploads\/2026\/08\/Erion-Brace.png?fit=800%2C450&ssl=1&resize=350%2C200 1x, https:\/\/i0.wp.com\/www.shqiperia.com\/blog\/wp-content\/uploads\/2026\/08\/Erion-Brace.png?fit=800%2C450&ssl=1&resize=525%2C300 1.5x, https:\/\/i0.wp.com\/www.shqiperia.com\/blog\/wp-content\/uploads\/2026\/08\/Erion-Brace.png?fit=800%2C450&ssl=1&resize=700%2C400 2x"},"classes":[]}],"_links":{"self":[{"href":"https:\/\/www.shqiperia.com\/blog\/wp-json\/wp\/v2\/posts\/47200","targetHints":{"allow":["GET"]}}],"collection":[{"href":"https:\/\/www.shqiperia.com\/blog\/wp-json\/wp\/v2\/posts"}],"about":[{"href":"https:\/\/www.shqiperia.com\/blog\/wp-json\/wp\/v2\/types\/post"}],"author":[{"embeddable":true,"href":"https:\/\/www.shqiperia.com\/blog\/wp-json\/wp\/v2\/users\/9"}],"replies":[{"embeddable":true,"href":"https:\/\/www.shqiperia.com\/blog\/wp-json\/wp\/v2\/comments?post=47200"}],"version-history":[{"count":2,"href":"https:\/\/www.shqiperia.com\/blog\/wp-json\/wp\/v2\/posts\/47200\/revisions"}],"predecessor-version":[{"id":47203,"href":"https:\/\/www.shqiperia.com\/blog\/wp-json\/wp\/v2\/posts\/47200\/revisions\/47203"}],"wp:featuredmedia":[{"embeddable":true,"href":"https:\/\/www.shqiperia.com\/blog\/wp-json\/wp\/v2\/media\/47201"}],"wp:attachment":[{"href":"https:\/\/www.shqiperia.com\/blog\/wp-json\/wp\/v2\/media?parent=47200"}],"wp:term":[{"taxonomy":"category","embeddable":true,"href":"https:\/\/www.shqiperia.com\/blog\/wp-json\/wp\/v2\/categories?post=47200"},{"taxonomy":"post_tag","embeddable":true,"href":"https:\/\/www.shqiperia.com\/blog\/wp-json\/wp\/v2\/tags?post=47200"}],"curies":[{"name":"wp","href":"https:\/\/api.w.org\/{rel}","templated":true}]}}