{"id":47030,"date":"2021-04-28T12:40:34","date_gmt":"2021-04-28T12:40:34","guid":{"rendered":"https:\/\/www.shqiperia.com\/blog\/?p=47030"},"modified":"2021-04-28T12:40:34","modified_gmt":"2021-04-28T12:40:34","slug":"i-uroj-fitoren-oligarkeve-kryemadhi-kerkon-falje-pas-humbjes-ne-zgjedhje-lsi-zgjodhi-nje-strategji-te-gabuar-duke-djegur-mandatet-dhe","status":"publish","type":"post","link":"https:\/\/www.shqiperia.com\/blog\/i-uroj-fitoren-oligarkeve-kryemadhi-kerkon-falje-pas-humbjes-ne-zgjedhje-lsi-zgjodhi-nje-strategji-te-gabuar-duke-djegur-mandatet-dhe\/","title":{"rendered":"\u201cI uroj fitoren oligark\u00ebve \u201d\/ Kryemadhi k\u00ebrkon falje pas humbjes n\u00eb zgjedhje: LSI zgjodhi nj\u00eb strategji t\u00eb gabuar duke djegur mandatet dhe\u2026"},"content":{"rendered":"<p><img data-recalc-dims=\"1\" loading=\"lazy\" decoding=\"async\" data-attachment-id=\"47032\" data-permalink=\"https:\/\/www.shqiperia.com\/blog\/i-uroj-fitoren-oligarkeve-kryemadhi-kerkon-falje-pas-humbjes-ne-zgjedhje-lsi-zgjodhi-nje-strategji-te-gabuar-duke-djegur-mandatet-dhe\/monika-kryemadhi2\/\" data-orig-file=\"https:\/\/i0.wp.com\/www.shqiperia.com\/blog\/wp-content\/uploads\/2021\/04\/monika-kryemadhi2.jpg?fit=890%2C500&amp;ssl=1\" data-orig-size=\"890,500\" data-comments-opened=\"1\" data-image-meta=\"{&quot;aperture&quot;:&quot;0&quot;,&quot;credit&quot;:&quot;&quot;,&quot;camera&quot;:&quot;&quot;,&quot;caption&quot;:&quot;&quot;,&quot;created_timestamp&quot;:&quot;0&quot;,&quot;copyright&quot;:&quot;&quot;,&quot;focal_length&quot;:&quot;0&quot;,&quot;iso&quot;:&quot;0&quot;,&quot;shutter_speed&quot;:&quot;0&quot;,&quot;title&quot;:&quot;&quot;,&quot;orientation&quot;:&quot;0&quot;}\" data-image-title=\"monika-kryemadhi2\" data-image-description=\"\" data-image-caption=\"\" data-medium-file=\"https:\/\/i0.wp.com\/www.shqiperia.com\/blog\/wp-content\/uploads\/2021\/04\/monika-kryemadhi2.jpg?fit=300%2C169&amp;ssl=1\" data-large-file=\"https:\/\/i0.wp.com\/www.shqiperia.com\/blog\/wp-content\/uploads\/2021\/04\/monika-kryemadhi2.jpg?fit=890%2C500&amp;ssl=1\" class=\"alignnone  wp-image-47032\" alt=\"\" src=\"https:\/\/i0.wp.com\/www.shqiperia.com\/blog\/wp-content\/uploads\/2021\/04\/monika-kryemadhi2.jpg?resize=463%2C261&#038;ssl=1\" width=\"463\" height=\"261\" srcset=\"https:\/\/i0.wp.com\/www.shqiperia.com\/blog\/wp-content\/uploads\/2021\/04\/monika-kryemadhi2.jpg?resize=300%2C169&amp;ssl=1 300w, https:\/\/i0.wp.com\/www.shqiperia.com\/blog\/wp-content\/uploads\/2021\/04\/monika-kryemadhi2.jpg?resize=768%2C431&amp;ssl=1 768w, https:\/\/i0.wp.com\/www.shqiperia.com\/blog\/wp-content\/uploads\/2021\/04\/monika-kryemadhi2.jpg?resize=450%2C253&amp;ssl=1 450w, https:\/\/i0.wp.com\/www.shqiperia.com\/blog\/wp-content\/uploads\/2021\/04\/monika-kryemadhi2.jpg?resize=600%2C337&amp;ssl=1 600w, https:\/\/i0.wp.com\/www.shqiperia.com\/blog\/wp-content\/uploads\/2021\/04\/monika-kryemadhi2.jpg?resize=400%2C225&amp;ssl=1 400w, https:\/\/i0.wp.com\/www.shqiperia.com\/blog\/wp-content\/uploads\/2021\/04\/monika-kryemadhi2.jpg?w=890&amp;ssl=1 890w\" sizes=\"auto, (max-width: 463px) 100vw, 463px\" \/><\/p>\n<p><a href=\"http:\/\/www.panorama.com.al\/i-uroj-fitoren-oligarkeve-kryemadhi-pas-humbjes-ne-zgjedhje-lsi-zgjodhi-nje-strategji-te-gabuar-duke-djegur-mandate-dhe\/\">\u201cI uroj fitoren oligark\u00ebve \u201d\/ Kryemadhi k\u00ebrkon falje pas humbjes n\u00eb zgjedhje: LSI zgjodhi nj\u00eb strategji t\u00eb gabuar duke djegur mandatet dhe\u2026<\/a><\/p>\n<p><em>28 prill 2021 <\/em><\/p>\n<p><strong>Kryetarja e LSI-s\u00eb, Monika Kryemadhi ka k\u00ebrkuar falje publike p\u00ebr strategjin\u00eb e gabuar q\u00eb LSI ndoqi n\u00eb opozit\u00eb, duke djegur mandatet dhe duke mos marr\u00eb pjes\u00eb n\u00eb zgjedhjet lokale t\u00eb 2019.<\/strong><\/p>\n<p><strong>N\u00eb nj\u00eb deklarat\u00eb p\u00ebr mediat, pas humbjes n\u00eb zgjedhjet e 25 prillit n\u00eb m\u00ebnyr\u00eb ironike i ka uruar fitoren socialist\u00ebve duke th\u00ebn\u00eb: \u201cI uroj fitoren oligark\u00ebve dhe bandave\u201d.<\/strong><\/p>\n<p>Kryetarja e LSI falenderoi t\u00eb gjith\u00eb votuesit e LSI, nd\u00ebrsa u shpreh se shumica e votave t\u00eb pavlefshme ishin t\u00eb L\u00ebvizjes Socialiste p\u00ebr Integrim.<\/p>\n<p><em>\u201cS\u00eb pari, dua t\u00eb uroj fitoren e oligark\u00ebve dhe bandave, sepse ata jan\u00eb fituesit e v\u00ebrtet\u00eb t\u00eb zgjedhjeve q\u00eb sapo kaluam dhe ata jan\u00eb t\u00eb par\u00ebt q\u00eb duhen uruar.<\/em><\/p>\n<p><em>S\u00eb dyti, uroj Presidentin Vu\u00e7i\u00e7 p\u00ebr sondazhet e sakta q\u00eb dha p\u00ebr zgjedhjet n\u00eb Shqip\u00ebri.<\/em><\/p>\n<p><em>Sot u mbyll\u00ebn rezultatet e zgjedhjeve p\u00ebr mandatet e partive politike. Dua t\u00eb fal\u00ebnderoj 107 mij\u00eb votuesit e vlefsh\u00ebm, q\u00eb ia dhan\u00eb vot\u00ebn LSI-s\u00eb dhe dua t\u00eb fal\u00ebnderoj edhe 21 mij\u00eb votuesit e pavlefsh\u00ebm, ku 70 p\u00ebr qind e tyre jan\u00eb votues t\u00eb LSI-s\u00eb.<\/em><\/p>\n<p><em>Ky vjen nj\u00eb fal\u00ebnderim zemre, nj\u00eb fal\u00ebnderim shpirti p\u00ebr t\u00eb gjith\u00eb t\u00eb rinjt\u00eb dhe t\u00eb rejat, p\u00ebr gjith\u00eb burrat dhe grat\u00eb, t\u00eb cil\u00ebt nuk pranuan as t\u00eb intimidohen, as t\u00eb shiten. Nuk u tremb\u00ebn nga k\u00ebrc\u00ebnimet, por p\u00ebrkundrazi vazhduan betej\u00ebn e tyre deri n\u00eb fund.<\/em><\/p>\n<p><em>Makineria mediatike kund\u00ebr LSI-s\u00eb, politike, mediatike, oligarkike, e cila nuk u t\u00ebrhoq n\u00eb asnj\u00eb moment prej dy vitesh, q\u00eb n\u00eb momentin kur ne, si LSI,<strong>\u00a0fatkeq\u00ebsisht zbatuam nj\u00eb strategji, e cila pati pasojat n\u00eb k\u00ebt\u00eb rezultat dhe q\u00eb nuk reflektoi vullnetin e qytetar\u00ebve p\u00ebr ndryshim, ku pat\u00ebm nj\u00eb strategji t\u00eb gabuar, duke filluar q\u00eb nga djegia e mandateve, mos marrja pjes\u00eb n\u00eb zgjedhjet lokale<\/strong>, gj\u00eb q\u00eb n\u00eb m\u00ebnyr\u00eb t\u00eb q\u00ebllimshme, i dham\u00eb dashje pa dashje t\u00eb gjitha pushtetet n\u00eb dor\u00eb Edi Ram\u00ebs, bandave dhe oligark\u00ebve p\u00ebr t\u00eb tjet\u00ebrsuar q\u00eb nga Kushtetuta, p\u00ebr t\u00eb vazhduar n\u00eb rr\u00ebmbimin dhe grabitjen e pronave t\u00eb shqiptar\u00ebve. P\u00ebr t\u2019ju dh\u00ebn\u00eb shansin dhe mund\u00ebsin\u00eb jo p\u00ebr t\u00eb bler\u00eb kat\u00ebr vitet e ardhshme me 500 euro vot\u00ebn, por p\u00ebr t\u00eb bler\u00eb 100 vitet e ardhshme me 500 euro vot\u00ebn.<\/em><\/p>\n<p><em>Kjo gj\u00eb dhe koha, dhe ky rezultat tregoi q\u00eb shqet\u00ebsimi i Presidentit t\u00eb Republik\u00ebs ishte i drejt\u00eb, p\u00ebr k\u00ebt\u00eb situat\u00eb n\u00eb t\u00eb cil\u00ebn ne gjendemi sot.<strong>\u00a0Prandaj, dua q\u00eb edhe n\u00eb em\u00ebr t\u00eb LSI, edhe timin personal, ti k\u00ebrkoj falje p\u00ebr k\u00ebt\u00eb \u00e7ast, p\u00ebr k\u00ebt\u00eb veprim dhe p\u00ebr k\u00ebt\u00eb q\u00ebndrim<\/strong>, i cili nuk solli gj\u00eb tjet\u00ebr ve\u00e7se 70 p\u00ebr qind t\u00eb ndryshimit q\u00eb donin shqiptar\u00ebt, 70 p\u00ebr qind t\u00eb shqiptar\u00ebve q\u00eb donin ndryshimin, nuk solli gj\u00eb tjet\u00ebr, por solli vet\u00ebm rr\u00ebmbimin dhe fitoren e zgjedhjeve nga bandat kriminale dhe nga oligark\u00ebt\u201d<\/em>, tha Kryemadhi.<\/p>\n<p>Gazeta Panorama<\/p>\n","protected":false},"excerpt":{"rendered":"<p>\u201cI uroj fitoren oligark\u00ebve \u201d\/ Kryemadhi k\u00ebrkon falje pas humbjes n\u00eb zgjedhje: LSI zgjodhi nj\u00eb strategji t\u00eb gabuar duke djegur mandatet dhe\u2026 28 prill 2021 Kryetarja e LSI-s\u00eb, Monika Kryemadhi ka k\u00ebrkuar falje publike p\u00ebr strategjin\u00eb e gabuar q\u00eb LSI ndoqi n\u00eb opozit\u00eb, duke djegur mandatet dhe duke mos marr\u00eb pjes\u00eb n\u00eb zgjedhjet lokale t\u00eb [&hellip;]<\/p>\n","protected":false},"author":9,"featured_media":47031,"comment_status":"open","ping_status":"open","sticky":false,"template":"","format":"standard","meta":{"jetpack_post_was_ever_published":false,"_jetpack_newsletter_access":"","_jetpack_dont_email_post_to_subs":false,"_jetpack_newsletter_tier_id":0,"_jetpack_memberships_contains_paywalled_content":false,"_jetpack_memberships_contains_paid_content":false,"footnotes":"","jetpack_publicize_message":"","jetpack_publicize_feature_enabled":true,"jetpack_social_post_already_shared":true,"jetpack_social_options":{"image_generator_settings":{"template":"highway","default_image_id":0,"font":"","enabled":false},"version":2}},"categories":[27,2],"tags":[],"class_list":["post-47030","post","type-post","status-publish","format-standard","has-post-thumbnail","hentry","category-blogu-i-udhetarit","category-politika"],"jetpack_publicize_connections":[],"jetpack_featured_media_url":"https:\/\/i0.wp.com\/www.shqiperia.com\/blog\/wp-content\/uploads\/2021\/04\/unnamed-5.jpg?fit=300%2C194&ssl=1","jetpack_sharing_enabled":true,"jetpack_shortlink":"https:\/\/wp.me\/p5Z6wp-cey","jetpack-related-posts":[{"id":56976,"url":"https:\/\/www.shqiperia.com\/blog\/monika-kryemadhi-zbulon-mesazhin-e-nderkombetareve-ma-derguan-ne-nentor-i-thashe-bashes-sillu-mire\/","url_meta":{"origin":47030,"position":0},"title":"Monika Kryemadhi zbulon mesazhin e nd\u00ebrkomb\u00ebtar\u00ebve: &#8211; Ma d\u00ebrguan n\u00eb n\u00ebntor! I thash\u00eb Bash\u00ebs sillu mir\u00eb","author":"Kurt Farka","date":"April 21, 2022","format":false,"excerpt":"Monika Kryemadhi zbulon mesazhin e nd\u00ebrkomb\u00ebtar\u00ebve: - Ma d\u00ebrguan n\u00eb n\u00ebntor! I thash\u00eb Bash\u00ebs sillu mir\u00eb 20 PRILL 2022 Kryetarja e LSI Monika Kryemadhi tha n\u00eb emisionin \u201cOpinion\u201d se kishte marr nga nd\u00ebrkomb\u00ebtar\u00ebt mesazhe q\u00eb i k\u00ebrkonin t\u00eb dilte n\u00eb zgjedhjet e 25 prillit me kandidatin e tyre p\u00ebr Kryeminist\u00ebr,\u2026","rel":"","context":"In &quot;Blogu i Udh\u00ebtarit&quot;","block_context":{"text":"Blogu i Udh\u00ebtarit","link":"https:\/\/www.shqiperia.com\/blog\/category\/blogu-i-udhetarit\/"},"img":{"alt_text":"","src":"https:\/\/i0.wp.com\/www.shqiperia.com\/blog\/wp-content\/uploads\/2022\/04\/LSI-logo.jpg?fit=949%2C553&ssl=1&resize=350%2C200","width":350,"height":200,"srcset":"https:\/\/i0.wp.com\/www.shqiperia.com\/blog\/wp-content\/uploads\/2022\/04\/LSI-logo.jpg?fit=949%2C553&ssl=1&resize=350%2C200 1x, https:\/\/i0.wp.com\/www.shqiperia.com\/blog\/wp-content\/uploads\/2022\/04\/LSI-logo.jpg?fit=949%2C553&ssl=1&resize=525%2C300 1.5x, https:\/\/i0.wp.com\/www.shqiperia.com\/blog\/wp-content\/uploads\/2022\/04\/LSI-logo.jpg?fit=949%2C553&ssl=1&resize=700%2C400 2x"},"classes":[]},{"id":39277,"url":"https:\/\/www.shqiperia.com\/blog\/lsi-edhe-taulant-balla-ti-numeroje-votat-e-opozites-nuk-ka-strukture-apo-metodologji-qe-te-nxjerre-fitues-edi-ramen\/","url_meta":{"origin":47030,"position":1},"title":"LSI: &#8211; Edhe Taulant Balla t\u2019i num\u00ebroj\u00eb votat e opozit\u00ebs nuk ka struktur\u00eb apo metodologji q\u00eb t\u00eb nxjerr\u00eb fitues Edi Ram\u00ebn.","author":"Kurt Farka","date":"October 5, 2020","format":false,"excerpt":"LSI: - Edhe Taulant Balla t\u2019i num\u00ebroj\u00eb votat e opozit\u00ebs nuk ka struktur\u00eb apo metodologji q\u00eb t\u00eb nxjerr\u00eb fitues Edi Ram\u00ebn. Kryetarja e L\u00ebvizjes Socialiste p\u00ebr Integrim, Monika Kryemadhi thot\u00eb se partia e saj do t\u00eb marr\u00eb nj\u00eb rezultat surpriz\u00eb n\u00eb zgjedhjet e ardhshme parlamentare. Kryemadhi tha se e bazon\u2026","rel":"","context":"In &quot;Blogu i Udh\u00ebtarit&quot;","block_context":{"text":"Blogu i Udh\u00ebtarit","link":"https:\/\/www.shqiperia.com\/blog\/category\/blogu-i-udhetarit\/"},"img":{"alt_text":"","src":"https:\/\/i0.wp.com\/www.shqiperia.com\/blog\/wp-content\/uploads\/2020\/10\/mona-8.jpg?fit=1110%2C564&ssl=1&resize=350%2C200","width":350,"height":200,"srcset":"https:\/\/i0.wp.com\/www.shqiperia.com\/blog\/wp-content\/uploads\/2020\/10\/mona-8.jpg?fit=1110%2C564&ssl=1&resize=350%2C200 1x, https:\/\/i0.wp.com\/www.shqiperia.com\/blog\/wp-content\/uploads\/2020\/10\/mona-8.jpg?fit=1110%2C564&ssl=1&resize=525%2C300 1.5x, https:\/\/i0.wp.com\/www.shqiperia.com\/blog\/wp-content\/uploads\/2020\/10\/mona-8.jpg?fit=1110%2C564&ssl=1&resize=700%2C400 2x, https:\/\/i0.wp.com\/www.shqiperia.com\/blog\/wp-content\/uploads\/2020\/10\/mona-8.jpg?fit=1110%2C564&ssl=1&resize=1050%2C600 3x"},"classes":[]},{"id":44039,"url":"https:\/\/www.shqiperia.com\/blog\/kryemadhi-takon-keshilltarin-e-mitsotakis-dhe-i-ben-kerkesen-e-prere\/","url_meta":{"origin":47030,"position":2},"title":"Kryemadhi takon k\u00ebshilltarin e Mitsotakis dhe i b\u00ebn k\u00ebrkes\u00ebn e prer\u00eb.","author":"Kurt Farka","date":"February 11, 2021","format":false,"excerpt":"Kryemadhi takon k\u00ebshilltarin e Mitsotakis dhe i b\u00ebn k\u00ebrkes\u00ebn e prer\u00eb. 11 SHKURT 2021 Kryetarja e LSI-s\u00eb ka takuar sot Sekretarin e Marr\u00ebdh\u00ebnieve Nd\u00ebrkomb\u00ebtare dhe BE t\u00eb partis\u00eb Demokracia e Re, nj\u00ebkoh\u00ebsisht Deputet i Parlamentit Grek dhe K\u00ebshilltar i Kryeministrit Kyriakos Mitsotakis, Anastasios Chatzivasileiou. Gjat\u00eb takimit, kryetarja e LSI vler\u00ebsoi\u2026","rel":"","context":"In &quot;Blogu i Udh\u00ebtarit&quot;","block_context":{"text":"Blogu i Udh\u00ebtarit","link":"https:\/\/www.shqiperia.com\/blog\/category\/blogu-i-udhetarit\/"},"img":{"alt_text":"","src":"https:\/\/i0.wp.com\/www.shqiperia.com\/blog\/wp-content\/uploads\/2021\/02\/640-0-60254b0629b09.jpg?fit=640%2C340&ssl=1&resize=350%2C200","width":350,"height":200,"srcset":"https:\/\/i0.wp.com\/www.shqiperia.com\/blog\/wp-content\/uploads\/2021\/02\/640-0-60254b0629b09.jpg?fit=640%2C340&ssl=1&resize=350%2C200 1x, https:\/\/i0.wp.com\/www.shqiperia.com\/blog\/wp-content\/uploads\/2021\/02\/640-0-60254b0629b09.jpg?fit=640%2C340&ssl=1&resize=525%2C300 1.5x"},"classes":[]},{"id":45857,"url":"https:\/\/www.shqiperia.com\/blog\/kryemadhi-lsi-aspiron-per-te-qene-force-e-pare-fushata-jone-ka-filluar-qe-me-djegien-e-mandateve\/","url_meta":{"origin":47030,"position":3},"title":"Kryemadhi: &#8211; LSI aspiron p\u00ebr t\u00eb qen\u00eb forc\u00eb e pare.  Fushata jon\u00eb ka filluar q\u00eb me djegien e mandateve.","author":"Kurt Farka","date":"March 28, 2021","format":false,"excerpt":"Kryemadhi: - LSI aspiron p\u00ebr t\u00eb qen\u00eb forc\u00eb e pare. Fushata jon\u00eb ka filluar q\u00eb me djegien e mandateve. 28\/03\/2021 Kryetarja e LSI, Monika Kryemadhi n\u00eb nj\u00eb intervist\u00eb p\u00ebr ABC News ka folur p\u00ebr fushat\u00ebn elektorale dhe objektivin e opozit\u00ebs n\u00eb k\u00ebto zgjedhje. Kryemadhi u shpreh se fushata e opozit\u00ebs\u2026","rel":"","context":"In &quot;Blogu i Udh\u00ebtarit&quot;","block_context":{"text":"Blogu i Udh\u00ebtarit","link":"https:\/\/www.shqiperia.com\/blog\/category\/blogu-i-udhetarit\/"},"img":{"alt_text":"","src":"https:\/\/i0.wp.com\/www.shqiperia.com\/blog\/wp-content\/uploads\/2021\/03\/kryemadhi.jpg?fit=1200%2C597&ssl=1&resize=350%2C200","width":350,"height":200,"srcset":"https:\/\/i0.wp.com\/www.shqiperia.com\/blog\/wp-content\/uploads\/2021\/03\/kryemadhi.jpg?fit=1200%2C597&ssl=1&resize=350%2C200 1x, https:\/\/i0.wp.com\/www.shqiperia.com\/blog\/wp-content\/uploads\/2021\/03\/kryemadhi.jpg?fit=1200%2C597&ssl=1&resize=525%2C300 1.5x, https:\/\/i0.wp.com\/www.shqiperia.com\/blog\/wp-content\/uploads\/2021\/03\/kryemadhi.jpg?fit=1200%2C597&ssl=1&resize=700%2C400 2x, https:\/\/i0.wp.com\/www.shqiperia.com\/blog\/wp-content\/uploads\/2021\/03\/kryemadhi.jpg?fit=1200%2C597&ssl=1&resize=1050%2C600 3x"},"classes":[]},{"id":46269,"url":"https:\/\/www.shqiperia.com\/blog\/kryemadhi-shperthen-keq-ndaj-kryeministrit-rama-kerkon-te-shese-tek-oligarket\/","url_meta":{"origin":47030,"position":4},"title":"Kryemadhi shp\u00ebrthen keq ndaj kryeministrit: &#8211; Rama k\u00ebrkon t\u00eb shes\u00eb tek oligark\u00ebt &#8230;","author":"Kurt Farka","date":"April 11, 2021","format":false,"excerpt":"Kryemadhi shp\u00ebrthen keq ndaj kryeministrit: - Rama k\u00ebrkon t\u00eb shes\u00eb tek oligark\u00ebt ... PRILL 2021 Fushata e L\u00ebvizjes Socialiste p\u00ebr Integrim \u00ebsht\u00eb ndalur n\u00eb Kombinat, aty ku kryetarja Monika Kryemadhi deklaroi se kjo zon\u00eb \u00ebsht\u00eb rr\u00ebnuar p\u00ebr shkak te politikes se mbrapsht\u00eb te Edi Rames. Ajo tha se kryeministri Rama\u2026","rel":"","context":"In &quot;Blogu i Udh\u00ebtarit&quot;","block_context":{"text":"Blogu i Udh\u00ebtarit","link":"https:\/\/www.shqiperia.com\/blog\/category\/blogu-i-udhetarit\/"},"img":{"alt_text":"","src":"https:\/\/i0.wp.com\/www.shqiperia.com\/blog\/wp-content\/uploads\/2021\/04\/1594118128_3.jpg?fit=1200%2C583&ssl=1&resize=350%2C200","width":350,"height":200,"srcset":"https:\/\/i0.wp.com\/www.shqiperia.com\/blog\/wp-content\/uploads\/2021\/04\/1594118128_3.jpg?fit=1200%2C583&ssl=1&resize=350%2C200 1x, https:\/\/i0.wp.com\/www.shqiperia.com\/blog\/wp-content\/uploads\/2021\/04\/1594118128_3.jpg?fit=1200%2C583&ssl=1&resize=525%2C300 1.5x, https:\/\/i0.wp.com\/www.shqiperia.com\/blog\/wp-content\/uploads\/2021\/04\/1594118128_3.jpg?fit=1200%2C583&ssl=1&resize=700%2C400 2x, https:\/\/i0.wp.com\/www.shqiperia.com\/blog\/wp-content\/uploads\/2021\/04\/1594118128_3.jpg?fit=1200%2C583&ssl=1&resize=1050%2C600 3x"},"classes":[]},{"id":47143,"url":"https:\/\/www.shqiperia.com\/blog\/lsi-te-cmontojme-zgjedhjet-mafioze\/","url_meta":{"origin":47030,"position":5},"title":"LSI. &#8211; T\u00eb \u00e7montojm\u00eb zgjedhjet mafioze!","author":"Kurt Farka","date":"May 2, 2021","format":false,"excerpt":"LSI. - T\u00eb \u00e7montojm\u00eb zgjedhjet mafioze! 30 PRILL 2021 N\u00ebnkryetari i LSI-s\u00eb, Peterit Vasili iu ka d\u00ebrgua nj\u00eb mesazh p\u00ebr mobilizim an\u00ebtar\u00ebve t\u00eb grupit t\u00eb k\u00ebsaj partie. Pas humbjes n\u00eb zgjedhje n\u00eb selit\u00eb e PD dhe LSI jan\u00eb mobilizuar p\u00ebr t\u00eb par\u00eb pamjet filmike t\u00eb qendrave t\u00eb votimit nj\u00eb p\u00ebr\u2026","rel":"","context":"In &quot;Blogu i Udh\u00ebtarit&quot;","block_context":{"text":"Blogu i Udh\u00ebtarit","link":"https:\/\/www.shqiperia.com\/blog\/category\/blogu-i-udhetarit\/"},"img":{"alt_text":"","src":"https:\/\/i0.wp.com\/www.shqiperia.com\/blog\/wp-content\/uploads\/2021\/05\/800-0-608bcb7510a02.jpg?fit=800%2C466&ssl=1&resize=350%2C200","width":350,"height":200,"srcset":"https:\/\/i0.wp.com\/www.shqiperia.com\/blog\/wp-content\/uploads\/2021\/05\/800-0-608bcb7510a02.jpg?fit=800%2C466&ssl=1&resize=350%2C200 1x, https:\/\/i0.wp.com\/www.shqiperia.com\/blog\/wp-content\/uploads\/2021\/05\/800-0-608bcb7510a02.jpg?fit=800%2C466&ssl=1&resize=525%2C300 1.5x, https:\/\/i0.wp.com\/www.shqiperia.com\/blog\/wp-content\/uploads\/2021\/05\/800-0-608bcb7510a02.jpg?fit=800%2C466&ssl=1&resize=700%2C400 2x"},"classes":[]}],"_links":{"self":[{"href":"https:\/\/www.shqiperia.com\/blog\/wp-json\/wp\/v2\/posts\/47030","targetHints":{"allow":["GET"]}}],"collection":[{"href":"https:\/\/www.shqiperia.com\/blog\/wp-json\/wp\/v2\/posts"}],"about":[{"href":"https:\/\/www.shqiperia.com\/blog\/wp-json\/wp\/v2\/types\/post"}],"author":[{"embeddable":true,"href":"https:\/\/www.shqiperia.com\/blog\/wp-json\/wp\/v2\/users\/9"}],"replies":[{"embeddable":true,"href":"https:\/\/www.shqiperia.com\/blog\/wp-json\/wp\/v2\/comments?post=47030"}],"version-history":[{"count":1,"href":"https:\/\/www.shqiperia.com\/blog\/wp-json\/wp\/v2\/posts\/47030\/revisions"}],"predecessor-version":[{"id":47033,"href":"https:\/\/www.shqiperia.com\/blog\/wp-json\/wp\/v2\/posts\/47030\/revisions\/47033"}],"wp:featuredmedia":[{"embeddable":true,"href":"https:\/\/www.shqiperia.com\/blog\/wp-json\/wp\/v2\/media\/47031"}],"wp:attachment":[{"href":"https:\/\/www.shqiperia.com\/blog\/wp-json\/wp\/v2\/media?parent=47030"}],"wp:term":[{"taxonomy":"category","embeddable":true,"href":"https:\/\/www.shqiperia.com\/blog\/wp-json\/wp\/v2\/categories?post=47030"},{"taxonomy":"post_tag","embeddable":true,"href":"https:\/\/www.shqiperia.com\/blog\/wp-json\/wp\/v2\/tags?post=47030"}],"curies":[{"name":"wp","href":"https:\/\/api.w.org\/{rel}","templated":true}]}}