{"id":47023,"date":"2021-04-28T12:30:27","date_gmt":"2021-04-28T12:30:27","guid":{"rendered":"https:\/\/www.shqiperia.com\/blog\/?p=47023"},"modified":"2021-04-28T12:30:27","modified_gmt":"2021-04-28T12:30:27","slug":"spak-sekuestron-pasurite-e-ish-kreut-te-gjykates-kushtetuese-dhe-dy-ish-gjyqtareve-cfare-zbuloi-hetimi-per-ta","status":"publish","type":"post","link":"https:\/\/www.shqiperia.com\/blog\/spak-sekuestron-pasurite-e-ish-kreut-te-gjykates-kushtetuese-dhe-dy-ish-gjyqtareve-cfare-zbuloi-hetimi-per-ta\/","title":{"rendered":"SPAK sekuestron pasurit\u00eb e ish-kreut t\u00eb Gjykat\u00ebs Kushtetuese dhe dy ish-gjyqtar\u00ebve, \u00e7far\u00eb zbuloi hetimi p\u00ebr ta"},"content":{"rendered":"<p><img data-recalc-dims=\"1\" loading=\"lazy\" decoding=\"async\" data-attachment-id=\"47024\" data-permalink=\"https:\/\/www.shqiperia.com\/blog\/spak-sekuestron-pasurite-e-ish-kreut-te-gjykates-kushtetuese-dhe-dy-ish-gjyqtareve-cfare-zbuloi-hetimi-per-ta\/dedja-selimi-lulo\/\" data-orig-file=\"https:\/\/i0.wp.com\/www.shqiperia.com\/blog\/wp-content\/uploads\/2021\/04\/Dedja-selimi-lulo.jpg?fit=600%2C356&amp;ssl=1\" data-orig-size=\"600,356\" data-comments-opened=\"1\" data-image-meta=\"{&quot;aperture&quot;:&quot;0&quot;,&quot;credit&quot;:&quot;&quot;,&quot;camera&quot;:&quot;&quot;,&quot;caption&quot;:&quot;&quot;,&quot;created_timestamp&quot;:&quot;0&quot;,&quot;copyright&quot;:&quot;&quot;,&quot;focal_length&quot;:&quot;0&quot;,&quot;iso&quot;:&quot;0&quot;,&quot;shutter_speed&quot;:&quot;0&quot;,&quot;title&quot;:&quot;&quot;,&quot;orientation&quot;:&quot;0&quot;}\" data-image-title=\"Dedja selimi lulo\" data-image-description=\"\" data-image-caption=\"\" data-medium-file=\"https:\/\/i0.wp.com\/www.shqiperia.com\/blog\/wp-content\/uploads\/2021\/04\/Dedja-selimi-lulo.jpg?fit=300%2C178&amp;ssl=1\" data-large-file=\"https:\/\/i0.wp.com\/www.shqiperia.com\/blog\/wp-content\/uploads\/2021\/04\/Dedja-selimi-lulo.jpg?fit=600%2C356&amp;ssl=1\" class=\"alignnone  wp-image-47024\" alt=\"\" src=\"https:\/\/i0.wp.com\/www.shqiperia.com\/blog\/wp-content\/uploads\/2021\/04\/Dedja-selimi-lulo.jpg?resize=490%2C291&#038;ssl=1\" width=\"490\" height=\"291\" srcset=\"https:\/\/i0.wp.com\/www.shqiperia.com\/blog\/wp-content\/uploads\/2021\/04\/Dedja-selimi-lulo.jpg?resize=300%2C178&amp;ssl=1 300w, https:\/\/i0.wp.com\/www.shqiperia.com\/blog\/wp-content\/uploads\/2021\/04\/Dedja-selimi-lulo.jpg?resize=450%2C267&amp;ssl=1 450w, https:\/\/i0.wp.com\/www.shqiperia.com\/blog\/wp-content\/uploads\/2021\/04\/Dedja-selimi-lulo.jpg?resize=400%2C237&amp;ssl=1 400w, https:\/\/i0.wp.com\/www.shqiperia.com\/blog\/wp-content\/uploads\/2021\/04\/Dedja-selimi-lulo.jpg?w=600&amp;ssl=1 600w\" sizes=\"auto, (max-width: 490px) 100vw, 490px\" \/><\/p>\n<p><a href=\"http:\/\/www.panorama.com.al\/lajm-i-fundit-spak-sekuestron-pasuri-te-ish-kreut-te-gjykates-kushtetuese-dhe-dy-ish-gjyqtareve-cfare-zbuloi-hetimi-per-ta\/\">SPAK sekuestron pasurit\u00eb e ish-kreut t\u00eb Gjykat\u00ebs Kushtetuese dhe dy ish-gjyqtar\u00ebve, \u00e7far\u00eb zbuloi hetimi p\u00ebr ta<\/a><\/p>\n<p><em>28 prill 2021 <\/em><\/p>\n<p><strong>SPAK ka vendosur t\u00eb sekuestrohen\u00a0pasurit\u00eb e ish kreut t\u00eb Gjykates Kushtetuese Bashkim Dedja, pasurit\u00eb e ish-gjyqtarit t\u00eb Gjykates se Lart\u00eb, Shk\u00eblzen Selimi,\u00a0 pasurit\u00eb e ish gjyqtarit t\u00eb Gjykates Kushtetuese, Fatos Lulo.<\/strong><\/p>\n<p>\u201c<em>Nga hetimi penal i kryer, rezultuan t\u00eb dh\u00ebna q\u00eb k\u00ebta subjekte kishin n\u00eb pron\u00ebsi pasuri t\u00eb paluajtshme, t\u00eb cilat nuk i justifikonin me burime t\u00eb ligjshme, apo pasuri q\u00eb i kan\u00eb fshehur. P\u00ebr k\u00ebt\u00eb arsye, Prokuroria e Posa\u00e7me Kund\u00ebr Korrupsionit dhe Krimit t\u00eb Organizuar, paraqiti n\u00eb Gjykat\u00ebn e Posa\u00e7me t\u00eb Shkall\u00ebs s\u00eb Par\u00eb p\u00ebr Korrupsionin dhe Krimin e Organizuar, k\u00ebrkesat p\u00ebrkat\u00ebse p\u00ebr sekuestrimin e pasurive n\u00eb zot\u00ebrim\/pron\u00ebsi t\u00eb k\u00ebtyre tre subjekteve\u201d,<\/em>\u00a0thuhet n\u00eb njoftim.<\/p>\n<p>Kujtojm\u00eb q\u00eb ish kreu i GJK dhe dy ish- gjyqtar\u00ebt u shkarkuan pas procesit t\u00eb vetingut.<\/p>\n<p>Prokuroria e Posa\u00e7me Kund\u00ebr Korrupsionit dhe Krimit t\u00eb Organizuar kishte regjistruar n\u00eb dat\u00ebn 7.5.2020 procedimin penal nr.137 p\u00ebr vepr\u00ebn penale t\u00eb \u201cRefuzimi p\u00ebr deklarimin, mosdeklarimi, fshehja ose deklarimi i rrem\u00eb i pasurive, interesave privat\u00eb t\u00eb personave t\u00eb zgjedhur dhe n\u00ebpun\u00ebsve publik\u00eb ose i \u00e7do personi tjet\u00ebr q\u00eb ka detyrimin ligjor p\u00ebr deklarim\u201d.<\/p>\n<div id=\"attachment_47025\" style=\"width: 540px\" class=\"wp-caption alignnone\"><img data-recalc-dims=\"1\" loading=\"lazy\" decoding=\"async\" aria-describedby=\"caption-attachment-47025\" data-attachment-id=\"47025\" data-permalink=\"https:\/\/www.shqiperia.com\/blog\/spak-sekuestron-pasurite-e-ish-kreut-te-gjykates-kushtetuese-dhe-dy-ish-gjyqtareve-cfare-zbuloi-hetimi-per-ta\/bashkim-dedja\/\" data-orig-file=\"https:\/\/i0.wp.com\/www.shqiperia.com\/blog\/wp-content\/uploads\/2021\/04\/bashkim-dedja.jpg?fit=620%2C379&amp;ssl=1\" data-orig-size=\"620,379\" data-comments-opened=\"1\" data-image-meta=\"{&quot;aperture&quot;:&quot;0&quot;,&quot;credit&quot;:&quot;&quot;,&quot;camera&quot;:&quot;&quot;,&quot;caption&quot;:&quot;&quot;,&quot;created_timestamp&quot;:&quot;0&quot;,&quot;copyright&quot;:&quot;&quot;,&quot;focal_length&quot;:&quot;0&quot;,&quot;iso&quot;:&quot;0&quot;,&quot;shutter_speed&quot;:&quot;0&quot;,&quot;title&quot;:&quot;&quot;,&quot;orientation&quot;:&quot;0&quot;}\" data-image-title=\"bashkim dedja\" data-image-description=\"\" data-image-caption=\"&lt;p&gt;bashkim dedja&lt;\/p&gt;\n\" data-medium-file=\"https:\/\/i0.wp.com\/www.shqiperia.com\/blog\/wp-content\/uploads\/2021\/04\/bashkim-dedja.jpg?fit=300%2C183&amp;ssl=1\" data-large-file=\"https:\/\/i0.wp.com\/www.shqiperia.com\/blog\/wp-content\/uploads\/2021\/04\/bashkim-dedja.jpg?fit=620%2C379&amp;ssl=1\" class=\" wp-image-47025\" alt=\"\" src=\"https:\/\/i0.wp.com\/www.shqiperia.com\/blog\/wp-content\/uploads\/2021\/04\/bashkim-dedja.jpg?resize=530%2C323&#038;ssl=1\" width=\"530\" height=\"323\" srcset=\"https:\/\/i0.wp.com\/www.shqiperia.com\/blog\/wp-content\/uploads\/2021\/04\/bashkim-dedja.jpg?resize=300%2C183&amp;ssl=1 300w, https:\/\/i0.wp.com\/www.shqiperia.com\/blog\/wp-content\/uploads\/2021\/04\/bashkim-dedja.jpg?resize=450%2C275&amp;ssl=1 450w, https:\/\/i0.wp.com\/www.shqiperia.com\/blog\/wp-content\/uploads\/2021\/04\/bashkim-dedja.jpg?resize=600%2C367&amp;ssl=1 600w, https:\/\/i0.wp.com\/www.shqiperia.com\/blog\/wp-content\/uploads\/2021\/04\/bashkim-dedja.jpg?resize=400%2C245&amp;ssl=1 400w, https:\/\/i0.wp.com\/www.shqiperia.com\/blog\/wp-content\/uploads\/2021\/04\/bashkim-dedja.jpg?w=620&amp;ssl=1 620w\" sizes=\"auto, (max-width: 530px) 100vw, 530px\" \/><p id=\"caption-attachment-47025\" class=\"wp-caption-text\">bashkim dedja<\/p><\/div>\n<p>Bashkim Dedja<\/p>\n<p>Duke q\u00ebn\u00eb se shtetasit Fatos Lulo (ish \u2013 gjyqtar n\u00eb Gjykat\u00ebn Kushtetuese), Bashkim Dedja (ish \u2013 Kryetar n\u00eb Gjykat\u00ebn Kushtetuese) dhe Shk\u00eblzen Selimi (ish \u2013 gjyqtar n\u00eb Gjykat\u00ebn e Lart\u00eb),\u00a0jan\u00eb hetuar, p\u00ebr kryerjen e vepr\u00ebs penale t\u00eb parashikuar nga neni 257a\/a\/2 t\u00eb Kodit Penal, dhe p\u00ebr k\u00ebt\u00eb arsye n\u00eb baz\u00eb t\u00eb nenit 3\/1, g\u00ebrma (d), t\u00eb ligjit nr.10192 dat\u00eb 03.12.2009 \u201cP\u00ebr parandalimin dhe Goditjen e Krimit t\u00eb Organizuar dhe Trafikimit N\u00ebp\u00ebrmjet Masave Parandaluese kund\u00ebr Pasuris\u00eb\u201d, ata jan\u00eb dhe subjekte t\u00eb k\u00ebtij ligji.<\/p>\n<p><strong>NJOFTIM P\u00cbR SHTYP<\/strong><\/p>\n<div id=\"attachment_47027\" style=\"width: 593px\" class=\"wp-caption alignnone\"><img data-recalc-dims=\"1\" loading=\"lazy\" decoding=\"async\" aria-describedby=\"caption-attachment-47027\" data-attachment-id=\"47027\" data-permalink=\"https:\/\/www.shqiperia.com\/blog\/spak-sekuestron-pasurite-e-ish-kreut-te-gjykates-kushtetuese-dhe-dy-ish-gjyqtareve-cfare-zbuloi-hetimi-per-ta\/shkelzen-selimi-2\/\" data-orig-file=\"https:\/\/i0.wp.com\/www.shqiperia.com\/blog\/wp-content\/uploads\/2021\/04\/Shkelzen-Selimi-1.jpg?fit=884%2C530&amp;ssl=1\" data-orig-size=\"884,530\" data-comments-opened=\"1\" data-image-meta=\"{&quot;aperture&quot;:&quot;0&quot;,&quot;credit&quot;:&quot;&quot;,&quot;camera&quot;:&quot;&quot;,&quot;caption&quot;:&quot;&quot;,&quot;created_timestamp&quot;:&quot;0&quot;,&quot;copyright&quot;:&quot;&quot;,&quot;focal_length&quot;:&quot;0&quot;,&quot;iso&quot;:&quot;0&quot;,&quot;shutter_speed&quot;:&quot;0&quot;,&quot;title&quot;:&quot;&quot;,&quot;orientation&quot;:&quot;0&quot;}\" data-image-title=\"Shkelzen Selimi\" data-image-description=\"\" data-image-caption=\"&lt;p&gt;Shkelzen Selimi&lt;\/p&gt;\n\" data-medium-file=\"https:\/\/i0.wp.com\/www.shqiperia.com\/blog\/wp-content\/uploads\/2021\/04\/Shkelzen-Selimi-1.jpg?fit=300%2C180&amp;ssl=1\" data-large-file=\"https:\/\/i0.wp.com\/www.shqiperia.com\/blog\/wp-content\/uploads\/2021\/04\/Shkelzen-Selimi-1.jpg?fit=884%2C530&amp;ssl=1\" class=\" wp-image-47027\" alt=\"\" src=\"https:\/\/i0.wp.com\/www.shqiperia.com\/blog\/wp-content\/uploads\/2021\/04\/Shkelzen-Selimi-1.jpg?resize=583%2C350&#038;ssl=1\" width=\"583\" height=\"350\" srcset=\"https:\/\/i0.wp.com\/www.shqiperia.com\/blog\/wp-content\/uploads\/2021\/04\/Shkelzen-Selimi-1.jpg?resize=300%2C180&amp;ssl=1 300w, https:\/\/i0.wp.com\/www.shqiperia.com\/blog\/wp-content\/uploads\/2021\/04\/Shkelzen-Selimi-1.jpg?resize=768%2C460&amp;ssl=1 768w, https:\/\/i0.wp.com\/www.shqiperia.com\/blog\/wp-content\/uploads\/2021\/04\/Shkelzen-Selimi-1.jpg?resize=450%2C270&amp;ssl=1 450w, https:\/\/i0.wp.com\/www.shqiperia.com\/blog\/wp-content\/uploads\/2021\/04\/Shkelzen-Selimi-1.jpg?resize=600%2C360&amp;ssl=1 600w, https:\/\/i0.wp.com\/www.shqiperia.com\/blog\/wp-content\/uploads\/2021\/04\/Shkelzen-Selimi-1.jpg?resize=400%2C240&amp;ssl=1 400w, https:\/\/i0.wp.com\/www.shqiperia.com\/blog\/wp-content\/uploads\/2021\/04\/Shkelzen-Selimi-1.jpg?w=884&amp;ssl=1 884w\" sizes=\"auto, (max-width: 583px) 100vw, 583px\" \/><p id=\"caption-attachment-47027\" class=\"wp-caption-text\">Shkelzen Selimi<\/p><\/div>\n<p>Shkelzen Selimi<\/p>\n<p>Prokuroria e Posa\u00e7me Kund\u00ebr Korrupsionit dhe Krimit t\u00eb Organizuar n\u00eb dat\u00ebn 7.5.2020 regjistroi procedimin penal nr.137 p\u00ebr vepr\u00ebn penale t\u00eb \u201cRefuzimi p\u00ebr deklarimin, mosdeklarimi, fshehja ose deklarimi i rrem\u00eb i pasurive, interesave privat\u00eb t\u00eb personave t\u00eb zgjedhur dhe n\u00ebpun\u00ebsve publik\u00eb ose i \u00e7do personi tjet\u00ebr q\u00eb ka detyrimin ligjor p\u00ebr deklarim\u201d t\u00eb parashikuar nga neni 257\/a\/2 t\u00eb Kodit Penal.<br \/>\nDuke q\u00ebn\u00eb se shtetasit Fatos Lulo (ish \u2013 gjyqtar n\u00eb Gjykat\u00ebn Kushtetuese), Bashkim Dedja (ish \u2013 Kryetar n\u00eb Gjykat\u00ebn Kushtetuese) dhe Shk\u00eblzen Selimi (ish \u2013 gjyqtar n\u00eb Gjykat\u00ebn e Lart\u00eb), jan\u00eb hetuar, p\u00ebr kryerjen e vepr\u00ebs penale t\u00eb parashikuar nga neni 257a\/a\/2 t\u00eb Kodit Penal, dhe p\u00ebr k\u00ebt\u00eb arsye n\u00eb baz\u00eb t\u00eb nenit 3\/1, g\u00ebrma (d), t\u00eb ligjit nr.10192 dat\u00eb 03.12.2009 \u201cP\u00ebr parandalimin dhe Goditjen e Krimit t\u00eb Organizuar dhe Trafikimit N\u00ebp\u00ebrmjet Masave Parandaluese kund\u00ebr Pasuris\u00eb\u201d, ata jan\u00eb dhe subjekte t\u00eb k\u00ebtij ligji.<\/p>\n<p>Nga hetimi penal i kryer, rezultuan t\u00eb dh\u00ebna q\u00eb k\u00ebta subjekte kishin n\u00eb pron\u00ebsi pasuri t\u00eb paluajtshme, t\u00eb cilat nuk i justifikonin me burime t\u00eb ligjshme, apo pasuri q\u00eb i kan\u00eb fshehur. P\u00ebr k\u00ebt\u00eb arsye, Prokuroria e Posa\u00e7me Kund\u00ebr Korrupsionit dhe Krimit t\u00eb Organizuar, paraqiti n\u00eb Gjykat\u00ebn e Posa\u00e7me t\u00eb Shkall\u00ebs s\u00eb Par\u00eb p\u00ebr Korrupsionin dhe Krimin e Organizuar, k\u00ebrkesat p\u00ebrkat\u00ebse p\u00ebr sekuestrimin e pasurive n\u00eb zot\u00ebrim\/pron\u00ebsi t\u00eb k\u00ebtyre tre subjekteve.<\/p>\n<ol start=\"20\">\n<li>Gjykata e Posa\u00e7me e Shkall\u00ebs s\u00eb Par\u00eb p\u00ebr Korrupsionin dhe Krimin e Organizuar, me vendimin nr.7, dat\u00eb 20.4.2021, vendosi:<\/li>\n<\/ol>\n<ul>\n<li>Pranimin e k\u00ebrkes\u00ebs s\u00eb Prokuroris\u00eb s\u00eb Posa\u00e7me Kund\u00ebr Korrupsionit dhe Krimit t\u00eb Organizuar Tiran\u00eb.<\/li>\n<li>Vendosjen e sekuestros mbi pasurin\u00eb n\u00eb zot\u00ebrim\u00a0<strong>t\u00eb shtetasit Fatos Lulo,<\/strong>me sip\u00ebrfaqe 172 m2, e llojit Nj\u00ebsi\/Dyqan, e ndodhur n\u00eb rrug\u00ebn e Durr\u00ebsit, Tiran\u00eb.<\/li>\n<\/ul>\n<ol start=\"20\">\n<li>Gjykata e Posa\u00e7me e Shkall\u00ebs s\u00eb Par\u00eb p\u00ebr Korrupsionin dhe Krimin e Organizuar, me vendimin nr.8, dat\u00eb 20.4.2021, vendosi:\n<p><div id=\"attachment_47028\" style=\"width: 638px\" class=\"wp-caption alignnone\"><img data-recalc-dims=\"1\" loading=\"lazy\" decoding=\"async\" aria-describedby=\"caption-attachment-47028\" data-attachment-id=\"47028\" data-permalink=\"https:\/\/www.shqiperia.com\/blog\/spak-sekuestron-pasurite-e-ish-kreut-te-gjykates-kushtetuese-dhe-dy-ish-gjyqtareve-cfare-zbuloi-hetimi-per-ta\/fatos-lulo-gjyqtar\/\" data-orig-file=\"https:\/\/i0.wp.com\/www.shqiperia.com\/blog\/wp-content\/uploads\/2021\/04\/Fatos-Lulo-gjyqtar.jpg?fit=608%2C365&amp;ssl=1\" data-orig-size=\"608,365\" data-comments-opened=\"1\" data-image-meta=\"{&quot;aperture&quot;:&quot;0&quot;,&quot;credit&quot;:&quot;&quot;,&quot;camera&quot;:&quot;&quot;,&quot;caption&quot;:&quot;&quot;,&quot;created_timestamp&quot;:&quot;0&quot;,&quot;copyright&quot;:&quot;&quot;,&quot;focal_length&quot;:&quot;0&quot;,&quot;iso&quot;:&quot;0&quot;,&quot;shutter_speed&quot;:&quot;0&quot;,&quot;title&quot;:&quot;&quot;,&quot;orientation&quot;:&quot;0&quot;}\" data-image-title=\"Fatos Lulo gjyqtar\" data-image-description=\"\" data-image-caption=\"&lt;p&gt;Fatos Lulo gjyqtar&lt;\/p&gt;\n\" data-medium-file=\"https:\/\/i0.wp.com\/www.shqiperia.com\/blog\/wp-content\/uploads\/2021\/04\/Fatos-Lulo-gjyqtar.jpg?fit=300%2C180&amp;ssl=1\" data-large-file=\"https:\/\/i0.wp.com\/www.shqiperia.com\/blog\/wp-content\/uploads\/2021\/04\/Fatos-Lulo-gjyqtar.jpg?fit=608%2C365&amp;ssl=1\" class=\" wp-image-47028\" alt=\"\" src=\"https:\/\/i0.wp.com\/www.shqiperia.com\/blog\/wp-content\/uploads\/2021\/04\/Fatos-Lulo-gjyqtar.jpg?resize=628%2C377&#038;ssl=1\" width=\"628\" height=\"377\" srcset=\"https:\/\/i0.wp.com\/www.shqiperia.com\/blog\/wp-content\/uploads\/2021\/04\/Fatos-Lulo-gjyqtar.jpg?resize=300%2C180&amp;ssl=1 300w, https:\/\/i0.wp.com\/www.shqiperia.com\/blog\/wp-content\/uploads\/2021\/04\/Fatos-Lulo-gjyqtar.jpg?resize=450%2C270&amp;ssl=1 450w, https:\/\/i0.wp.com\/www.shqiperia.com\/blog\/wp-content\/uploads\/2021\/04\/Fatos-Lulo-gjyqtar.jpg?resize=600%2C360&amp;ssl=1 600w, https:\/\/i0.wp.com\/www.shqiperia.com\/blog\/wp-content\/uploads\/2021\/04\/Fatos-Lulo-gjyqtar.jpg?resize=400%2C240&amp;ssl=1 400w, https:\/\/i0.wp.com\/www.shqiperia.com\/blog\/wp-content\/uploads\/2021\/04\/Fatos-Lulo-gjyqtar.jpg?w=608&amp;ssl=1 608w\" sizes=\"auto, (max-width: 628px) 100vw, 628px\" \/><p id=\"caption-attachment-47028\" class=\"wp-caption-text\">Fatos Lulo gjyqtar<\/p><\/div><\/li>\n<\/ol>\n<p>Ish-gjyqtari, Fatos Lulo<\/p>\n<ul>\n<li>Pranimin e k\u00ebrkes\u00ebs s\u00eb Prokuroris\u00eb s\u00eb Posa\u00e7me Kund\u00ebr Korrupsionit dhe Krimit t\u00eb Organizuar Tiran\u00eb.<\/li>\n<li>Vendosjen e sekuestros mbi pasurin\u00eb n\u00eb zot\u00ebrim t\u00eb shtetasit<strong>Bashkim Dedja,<\/strong>e llojit apartament, me sip\u00ebrfaqe 60 m2, e ndodhur n\u00eb zon\u00ebn Kryemedhenj, Nj\u00ebsia Administrative Golem Kavaj\u00eb.<\/li>\n<\/ul>\n<p>III. Gjykata e Posa\u00e7me e Shkall\u00ebs s\u00eb Par\u00eb p\u00ebr Korrupsionin dhe Krimin e Organizuar, me vendimin nr.10, dat\u00eb 23.4.2021:<\/p>\n<ul>\n<li>Pranimin e k\u00ebrkes\u00ebs s\u00eb Prokuroris\u00eb s\u00eb Posa\u00e7me Kund\u00ebr Korrupsionit dhe Krimit t\u00eb Organizuar, duke vendosur, mas\u00ebn e sekuestros mbi pasurit\u00eb n\u00eb pron\u00ebsi\/zot\u00ebrim t\u00eb shtetasit Shk\u00eblzen Selimi, si vijon:<\/li>\n<\/ul>\n<ol>\n<li>1\/2 (50%) e pasuris\u00eb e llojit truall 432 m2 dhe objekt 132.25 m2 Karburant\/Pik\u00eb Treg\u00ebtimi, me vendodhje Shetitore Lungomare, Vlor\u00eb, n\u00eb pron\u00ebsi t\u00eb shtetasit\u00a0<strong>Shk\u00eblzen Selimi<\/strong><\/li>\n<li>Pasuria e llojit truall, me sip\u00ebrfaqe 2400 m2 (pasuri e p\u00ebrb\u00ebr\u00eb nga bashkim pasurish), e ndodhur Jonuf\u00ebr, Vlor\u00eb, n\u00eb pron\u00ebsi t\u00eb shtetasit Kujtim Selimi.<\/li>\n<li>55% e pasuris\u00eb e llojit truall, me sip\u00ebrfaqe 764 m2 dhe godin\u00eb me sip\u00ebrfaqe 57 m2, Karburant, e ndodhur n\u00eb Rrug\u00ebn Transballkanike, Vlor\u00eb, n\u00eb pron\u00ebsi t\u00eb shtetasit Kujtim Selimi.<\/li>\n<\/ol>\n<p>Gazeta Panorama<\/p>\n","protected":false},"excerpt":{"rendered":"<p>SPAK sekuestron pasurit\u00eb e ish-kreut t\u00eb Gjykat\u00ebs Kushtetuese dhe dy ish-gjyqtar\u00ebve, \u00e7far\u00eb zbuloi hetimi p\u00ebr ta 28 prill 2021 SPAK ka vendosur t\u00eb sekuestrohen\u00a0pasurit\u00eb e ish kreut t\u00eb Gjykates Kushtetuese Bashkim Dedja, pasurit\u00eb e ish-gjyqtarit t\u00eb Gjykates se Lart\u00eb, Shk\u00eblzen Selimi,\u00a0 pasurit\u00eb e ish gjyqtarit t\u00eb Gjykates Kushtetuese, Fatos Lulo. \u201cNga hetimi penal i kryer, [&hellip;]<\/p>\n","protected":false},"author":9,"featured_media":47024,"comment_status":"open","ping_status":"open","sticky":false,"template":"","format":"standard","meta":{"jetpack_post_was_ever_published":false,"_jetpack_newsletter_access":"","_jetpack_dont_email_post_to_subs":false,"_jetpack_newsletter_tier_id":0,"_jetpack_memberships_contains_paywalled_content":false,"_jetpack_memberships_contains_paid_content":false,"footnotes":"","jetpack_publicize_message":"","jetpack_publicize_feature_enabled":true,"jetpack_social_post_already_shared":true,"jetpack_social_options":{"image_generator_settings":{"template":"highway","default_image_id":0,"font":"","enabled":false},"version":2}},"categories":[27,1],"tags":[],"class_list":["post-47023","post","type-post","status-publish","format-standard","has-post-thumbnail","hentry","category-blogu-i-udhetarit","category-njoftime-shtypi"],"jetpack_publicize_connections":[],"jetpack_featured_media_url":"https:\/\/i0.wp.com\/www.shqiperia.com\/blog\/wp-content\/uploads\/2021\/04\/Dedja-selimi-lulo.jpg?fit=600%2C356&ssl=1","jetpack_sharing_enabled":true,"jetpack_shortlink":"https:\/\/wp.me\/p5Z6wp-cer","jetpack-related-posts":[{"id":63275,"url":"https:\/\/www.shqiperia.com\/blog\/spak-sekuestron-pasurite-e-redjan-rrajes\/","url_meta":{"origin":47023,"position":0},"title":"SPAK sekuestron pasurit\u00eb e Redjan Rraj\u00ebs","author":"Kurt Farka","date":"October 14, 2022","format":false,"excerpt":"14 Tetor 2022 Prokuroria e Posa\u00e7me (SPAK) ka sekuestruar pasurit\u00eb e Redjan Rraj\u00ebs, nipi i deputetit t\u00eb Partis\u00eb Socialiste, Rrahman Rraja. N\u00eb njoftimin e SPAK b\u00ebhet e ditur se n\u00eb funksion t\u00eb hetimeve t\u00eb k\u00ebtij procedimi pasuror jan\u00eb kryer shum\u00eb veprime hetimore dhe n\u00eb p\u00ebrfundim t\u00eb tyre sot n\u00eb dat\u00ebn\u2026","rel":"","context":"In &quot;Blogu i Udh\u00ebtarit&quot;","block_context":{"text":"Blogu i Udh\u00ebtarit","link":"https:\/\/www.shqiperia.com\/blog\/category\/blogu-i-udhetarit\/"},"img":{"alt_text":"","src":"https:\/\/i0.wp.com\/www.shqiperia.com\/blog\/wp-content\/uploads\/2022\/10\/640-0-63490cd3c8316.jpg?fit=640%2C360&ssl=1&resize=350%2C200","width":350,"height":200,"srcset":"https:\/\/i0.wp.com\/www.shqiperia.com\/blog\/wp-content\/uploads\/2022\/10\/640-0-63490cd3c8316.jpg?fit=640%2C360&ssl=1&resize=350%2C200 1x, https:\/\/i0.wp.com\/www.shqiperia.com\/blog\/wp-content\/uploads\/2022\/10\/640-0-63490cd3c8316.jpg?fit=640%2C360&ssl=1&resize=525%2C300 1.5x"},"classes":[]},{"id":90094,"url":"https:\/\/www.shqiperia.com\/blog\/a-jane-nen-hetim-gjyqtaret-e-kushtetueses-nga-spak-dumani-i-pergjigjet-holta-zacajt\/","url_meta":{"origin":47023,"position":1},"title":"A jan\u00eb n\u00ebn hetim gjyqtar\u00ebt e Kushtetueses nga SPAK? &#8211; Dumani i p\u00ebrgjigjet Holta Za\u00e7ajt","author":"Kurt Farka","date":"March 4, 2025","format":false,"excerpt":"4 Mars 2025 Drejtuesi i Prokuroris\u00eb s\u00eb Posa\u00e7me, Altin Dumani, ka informuar kryetaren e Gjykat\u00ebs Kushtetuese, Holta Za\u00e7aj se asnj\u00eb gjyqtar kushtetues nuk \u00ebsht\u00eb vendosur n\u00ebn hetim, sipas nj\u00eb shkrese nga \u201cBoldnews.al\u201d. Ky konfirmim vjen n\u00eb nj\u00eb moment kur z\u00ebra t\u00eb ndrysh\u00ebm publik\u00eb, p\u00ebrfshir\u00eb edhe ish-ministrin e Drejt\u00ebsis\u00eb, aktualisht avokati\u2026","rel":"","context":"In &quot;Blogu i Udh\u00ebtarit&quot;","block_context":{"text":"Blogu i Udh\u00ebtarit","link":"https:\/\/www.shqiperia.com\/blog\/category\/blogu-i-udhetarit\/"},"img":{"alt_text":"","src":"https:\/\/i0.wp.com\/www.shqiperia.com\/blog\/wp-content\/uploads\/2025\/03\/Screenshot_20250304_072431_Gallery-1536x1254-1.webp?fit=1200%2C980&ssl=1&resize=350%2C200","width":350,"height":200,"srcset":"https:\/\/i0.wp.com\/www.shqiperia.com\/blog\/wp-content\/uploads\/2025\/03\/Screenshot_20250304_072431_Gallery-1536x1254-1.webp?fit=1200%2C980&ssl=1&resize=350%2C200 1x, https:\/\/i0.wp.com\/www.shqiperia.com\/blog\/wp-content\/uploads\/2025\/03\/Screenshot_20250304_072431_Gallery-1536x1254-1.webp?fit=1200%2C980&ssl=1&resize=525%2C300 1.5x, https:\/\/i0.wp.com\/www.shqiperia.com\/blog\/wp-content\/uploads\/2025\/03\/Screenshot_20250304_072431_Gallery-1536x1254-1.webp?fit=1200%2C980&ssl=1&resize=700%2C400 2x, https:\/\/i0.wp.com\/www.shqiperia.com\/blog\/wp-content\/uploads\/2025\/03\/Screenshot_20250304_072431_Gallery-1536x1254-1.webp?fit=1200%2C980&ssl=1&resize=1050%2C600 3x"},"classes":[]},{"id":83580,"url":"https:\/\/www.shqiperia.com\/blog\/spak-sekuestron-pasurite-e-ilir-beqajt\/","url_meta":{"origin":47023,"position":2},"title":"SPAK sekuestron pasurit\u00eb e Ilir Beqajt","author":"Kurt Farka","date":"August 21, 2024","format":false,"excerpt":"21 Gusht 2024 Prokuroria e Posa\u00e7me kund\u00ebr Korrupsionit dhe Krimit t\u00eb Organizuar (SPAK) ka vendosur n\u00ebn sekuestro llogarit\u00eb bankare dhe pasurit\u00eb e ish-ministrit t\u00eb Sh\u00ebndet\u00ebsis\u00eb Ilir Beqaj dhe disa individ\u00ebve t\u00eb dyshuar si bashk\u00ebpun\u00ebtor\u00eb n\u00eb abuzimin me fondet e BE. Me an\u00eb t\u00eb nj\u00eb njoftimi, SPAK thot\u00eb se \u00ebsht\u00eb vendosur\u2026","rel":"","context":"In &quot;Blogu i Udh\u00ebtarit&quot;","block_context":{"text":"Blogu i Udh\u00ebtarit","link":"https:\/\/www.shqiperia.com\/blog\/category\/blogu-i-udhetarit\/"},"img":{"alt_text":"","src":"https:\/\/i0.wp.com\/www.shqiperia.com\/blog\/wp-content\/uploads\/2024\/08\/edi_rama_ilir_beqaj_32121.jpg?fit=726%2C428&ssl=1&resize=350%2C200","width":350,"height":200,"srcset":"https:\/\/i0.wp.com\/www.shqiperia.com\/blog\/wp-content\/uploads\/2024\/08\/edi_rama_ilir_beqaj_32121.jpg?fit=726%2C428&ssl=1&resize=350%2C200 1x, https:\/\/i0.wp.com\/www.shqiperia.com\/blog\/wp-content\/uploads\/2024\/08\/edi_rama_ilir_beqaj_32121.jpg?fit=726%2C428&ssl=1&resize=525%2C300 1.5x, https:\/\/i0.wp.com\/www.shqiperia.com\/blog\/wp-content\/uploads\/2024\/08\/edi_rama_ilir_beqaj_32121.jpg?fit=726%2C428&ssl=1&resize=700%2C400 2x"},"classes":[]},{"id":84993,"url":"https:\/\/www.shqiperia.com\/blog\/ankimimi-i-berishes-ne-kushtetuese-zbulohet-data-kur-do-te-mbahet-seanca\/","url_meta":{"origin":47023,"position":3},"title":"Ankimimi i Berish\u00ebs n\u00eb Kushtetuese, zbulohet data kur do t\u00eb mbahet seanca","author":"Kurt Farka","date":"September 25, 2024","format":false,"excerpt":"25 Shtator 2024 M\u00eb 19 n\u00ebntor, n\u00eb or\u00ebn 10:00 do t\u00eb mbahet seanca n\u00eb Gjykat\u00ebn Kushtetuese mbi ankimin e ish-kryeministrit Sali Berisha p\u00ebr mas\u00ebn e par\u00eb t\u00eb siguris\u00eb, \u201cdetyrim me paraqitje\u201d, t\u00eb dh\u00ebn\u00eb n\u00eb tetor t\u00eb vitit 2023. Seanca do t\u00eb zhvillohet mbi nj\u00eb baz\u00eb dokumentash ku ish-kryeministri k\u00ebrkon shfuqizimin\u2026","rel":"","context":"In &quot;Blogu i Udh\u00ebtarit&quot;","block_context":{"text":"Blogu i Udh\u00ebtarit","link":"https:\/\/www.shqiperia.com\/blog\/category\/blogu-i-udhetarit\/"},"img":{"alt_text":"","src":"https:\/\/i0.wp.com\/www.shqiperia.com\/blog\/wp-content\/uploads\/2024\/09\/640-0-35d2b66eca5b37c3b4584e51272fc8f5.jpg?fit=640%2C362&ssl=1&resize=350%2C200","width":350,"height":200,"srcset":"https:\/\/i0.wp.com\/www.shqiperia.com\/blog\/wp-content\/uploads\/2024\/09\/640-0-35d2b66eca5b37c3b4584e51272fc8f5.jpg?fit=640%2C362&ssl=1&resize=350%2C200 1x, https:\/\/i0.wp.com\/www.shqiperia.com\/blog\/wp-content\/uploads\/2024\/09\/640-0-35d2b66eca5b37c3b4584e51272fc8f5.jpg?fit=640%2C362&ssl=1&resize=525%2C300 1.5x"},"classes":[]},{"id":83443,"url":"https:\/\/www.shqiperia.com\/blog\/5d-bleu-shtepine-e-gramoz-rucit-mariglen-qato-e-redi-molla-454-mije-euro-ne-llogarine-e-ish-numrit-2-te-ps-apeli-i-gjkko-spak-te-hetoje-se-si-eshte-blere-nga-kompania-prona\/","url_meta":{"origin":47023,"position":4},"title":"&#8220;5D&#8221; BLEU SHT\u00cbPIN\u00cb E GRAMOZ RU\u00c7IT. &#8211; Mariglen Qato e Redi Molla 454 mij\u00eb euro n\u00eb llogarin\u00eb e ish-numrit 2 t\u00eb PS. &#8211;  Apeli I GJKKO: SPAK t\u00eb hetoj\u00eb se si \u00ebsht\u00eb bler\u00eb nga kompania prona","author":"Kurt Farka","date":"August 11, 2024","format":false,"excerpt":"11 Gusht 2024 N\u00eb dosjen e SPAK rezulton q\u00eb kompania \"5D\" t\u00eb ket\u00eb bler\u00eb edhe nj\u00eb pron\u00eb t\u00eb Gramoz Ru\u00e7it. N\u00eb dokumente thuhet se vlera ka qen\u00eb 454 mij\u00eb euro dhe apeli k\u00ebrkon q\u00eb SPAK t\u00eb thelloj\u00eb hetimet p\u00ebr fondet e subjektit q\u00eb prokuroria akuzon se ishte dy drejtor\u00ebve Mariglen\u2026","rel":"","context":"In &quot;Blogu i Udh\u00ebtarit&quot;","block_context":{"text":"Blogu i Udh\u00ebtarit","link":"https:\/\/www.shqiperia.com\/blog\/category\/blogu-i-udhetarit\/"},"img":{"alt_text":"","src":"https:\/\/i0.wp.com\/www.shqiperia.com\/blog\/wp-content\/uploads\/2024\/08\/800-0-auto_gramos-ruci1507364828.jpg?fit=800%2C450&ssl=1&resize=350%2C200","width":350,"height":200,"srcset":"https:\/\/i0.wp.com\/www.shqiperia.com\/blog\/wp-content\/uploads\/2024\/08\/800-0-auto_gramos-ruci1507364828.jpg?fit=800%2C450&ssl=1&resize=350%2C200 1x, https:\/\/i0.wp.com\/www.shqiperia.com\/blog\/wp-content\/uploads\/2024\/08\/800-0-auto_gramos-ruci1507364828.jpg?fit=800%2C450&ssl=1&resize=525%2C300 1.5x, https:\/\/i0.wp.com\/www.shqiperia.com\/blog\/wp-content\/uploads\/2024\/08\/800-0-auto_gramos-ruci1507364828.jpg?fit=800%2C450&ssl=1&resize=700%2C400 2x"},"classes":[]},{"id":90104,"url":"https:\/\/www.shqiperia.com\/blog\/gazetari-publikon-dokumentet-prokurori-klodian-braho-me-miratimin-e-dumanit-ka-urdheruar-pergjimin-ndaj-gjykates-kushtetuese\/","url_meta":{"origin":47023,"position":5},"title":"Gazetari publikon dokumentet: &#8211; Prokurori Klodian Braho me miratimin e Dumanit ka urdh\u00ebruar p\u00ebrgjimin ndaj Gjykat\u00ebs Kushtetuese","author":"Kurt Farka","date":"March 4, 2025","format":false,"excerpt":"4 Mars 2025 Gazetari i njohur i kronik\u00ebs, Flamur Vezaj p\u00ebrmes nj\u00eb postimi n\u00eb llogarin\u00eb e tij n\u00eb \"Facebook\" ka reaguar n\u00eb lidhje me p\u00ebrgjimet e paligjshme ndaj gjyqtar\u00ebve t\u00eb Gjykat\u00ebs Kushtetuese. Vezaj shkuan se ky skandal i SPAK po kalon pa v\u00ebmendjen e duhur. Gazetari thekson se SPAK ka\u2026","rel":"","context":"In &quot;Blogu i Udh\u00ebtarit&quot;","block_context":{"text":"Blogu i Udh\u00ebtarit","link":"https:\/\/www.shqiperia.com\/blog\/category\/blogu-i-udhetarit\/"},"img":{"alt_text":"","src":"https:\/\/i0.wp.com\/www.shqiperia.com\/blog\/wp-content\/uploads\/2025\/03\/640-0-c606a15a8d60d3274a78391e6005b3e9.jpg?fit=640%2C336&ssl=1&resize=350%2C200","width":350,"height":200,"srcset":"https:\/\/i0.wp.com\/www.shqiperia.com\/blog\/wp-content\/uploads\/2025\/03\/640-0-c606a15a8d60d3274a78391e6005b3e9.jpg?fit=640%2C336&ssl=1&resize=350%2C200 1x, https:\/\/i0.wp.com\/www.shqiperia.com\/blog\/wp-content\/uploads\/2025\/03\/640-0-c606a15a8d60d3274a78391e6005b3e9.jpg?fit=640%2C336&ssl=1&resize=525%2C300 1.5x"},"classes":[]}],"_links":{"self":[{"href":"https:\/\/www.shqiperia.com\/blog\/wp-json\/wp\/v2\/posts\/47023","targetHints":{"allow":["GET"]}}],"collection":[{"href":"https:\/\/www.shqiperia.com\/blog\/wp-json\/wp\/v2\/posts"}],"about":[{"href":"https:\/\/www.shqiperia.com\/blog\/wp-json\/wp\/v2\/types\/post"}],"author":[{"embeddable":true,"href":"https:\/\/www.shqiperia.com\/blog\/wp-json\/wp\/v2\/users\/9"}],"replies":[{"embeddable":true,"href":"https:\/\/www.shqiperia.com\/blog\/wp-json\/wp\/v2\/comments?post=47023"}],"version-history":[{"count":1,"href":"https:\/\/www.shqiperia.com\/blog\/wp-json\/wp\/v2\/posts\/47023\/revisions"}],"predecessor-version":[{"id":47029,"href":"https:\/\/www.shqiperia.com\/blog\/wp-json\/wp\/v2\/posts\/47023\/revisions\/47029"}],"wp:featuredmedia":[{"embeddable":true,"href":"https:\/\/www.shqiperia.com\/blog\/wp-json\/wp\/v2\/media\/47024"}],"wp:attachment":[{"href":"https:\/\/www.shqiperia.com\/blog\/wp-json\/wp\/v2\/media?parent=47023"}],"wp:term":[{"taxonomy":"category","embeddable":true,"href":"https:\/\/www.shqiperia.com\/blog\/wp-json\/wp\/v2\/categories?post=47023"},{"taxonomy":"post_tag","embeddable":true,"href":"https:\/\/www.shqiperia.com\/blog\/wp-json\/wp\/v2\/tags?post=47023"}],"curies":[{"name":"wp","href":"https:\/\/api.w.org\/{rel}","templated":true}]}}