{"id":46984,"date":"2021-04-26T18:03:32","date_gmt":"2021-04-26T18:03:32","guid":{"rendered":"https:\/\/www.shqiperia.com\/blog\/?p=46984"},"modified":"2021-04-26T18:03:32","modified_gmt":"2021-04-26T18:03:32","slug":"rezultati-paraprak-numerohen-me-shume-se-gjysmat-e-kutive-te-votimit-ne-lezhe-shkoder-dhe-kukes-pd-le-pas-ps-lsi-siguron-vetem-1-mandat","status":"publish","type":"post","link":"https:\/\/www.shqiperia.com\/blog\/rezultati-paraprak-numerohen-me-shume-se-gjysmat-e-kutive-te-votimit-ne-lezhe-shkoder-dhe-kukes-pd-le-pas-ps-lsi-siguron-vetem-1-mandat\/","title":{"rendered":"Rezultati paraprak\/ Num\u00ebrohen m\u00eb shum\u00eb se gjysmat e kutive t\u00eb votimit n\u00eb Lezh\u00eb, Shkod\u00ebr dhe Kuk\u00ebs. PD l\u00eb pas PS. LSI siguron vet\u00ebm 1 mandat"},"content":{"rendered":"<p><img data-recalc-dims=\"1\" loading=\"lazy\" decoding=\"async\" data-attachment-id=\"46985\" data-permalink=\"https:\/\/www.shqiperia.com\/blog\/rezultati-paraprak-numerohen-me-shume-se-gjysmat-e-kutive-te-votimit-ne-lezhe-shkoder-dhe-kukes-pd-le-pas-ps-lsi-siguron-vetem-1-mandat\/pjimage-52\/\" data-orig-file=\"https:\/\/i0.wp.com\/www.shqiperia.com\/blog\/wp-content\/uploads\/2021\/04\/pjimage-52.jpg?fit=430%2C203&amp;ssl=1\" data-orig-size=\"430,203\" data-comments-opened=\"1\" data-image-meta=\"{&quot;aperture&quot;:&quot;0&quot;,&quot;credit&quot;:&quot;&quot;,&quot;camera&quot;:&quot;&quot;,&quot;caption&quot;:&quot;&quot;,&quot;created_timestamp&quot;:&quot;0&quot;,&quot;copyright&quot;:&quot;&quot;,&quot;focal_length&quot;:&quot;0&quot;,&quot;iso&quot;:&quot;0&quot;,&quot;shutter_speed&quot;:&quot;0&quot;,&quot;title&quot;:&quot;&quot;,&quot;orientation&quot;:&quot;0&quot;}\" data-image-title=\"pjimage-52\" data-image-description=\"\" data-image-caption=\"\" data-medium-file=\"https:\/\/i0.wp.com\/www.shqiperia.com\/blog\/wp-content\/uploads\/2021\/04\/pjimage-52.jpg?fit=300%2C142&amp;ssl=1\" data-large-file=\"https:\/\/i0.wp.com\/www.shqiperia.com\/blog\/wp-content\/uploads\/2021\/04\/pjimage-52.jpg?fit=430%2C203&amp;ssl=1\" class=\"alignnone  wp-image-46985\" alt=\"\" src=\"https:\/\/i0.wp.com\/www.shqiperia.com\/blog\/wp-content\/uploads\/2021\/04\/pjimage-52.jpg?resize=537%2C254&#038;ssl=1\" width=\"537\" height=\"254\" srcset=\"https:\/\/i0.wp.com\/www.shqiperia.com\/blog\/wp-content\/uploads\/2021\/04\/pjimage-52.jpg?resize=300%2C142&amp;ssl=1 300w, https:\/\/i0.wp.com\/www.shqiperia.com\/blog\/wp-content\/uploads\/2021\/04\/pjimage-52.jpg?resize=400%2C189&amp;ssl=1 400w, https:\/\/i0.wp.com\/www.shqiperia.com\/blog\/wp-content\/uploads\/2021\/04\/pjimage-52.jpg?w=430&amp;ssl=1 430w\" sizes=\"auto, (max-width: 537px) 100vw, 537px\" \/><\/p>\n<p><a href=\"http:\/\/www.panorama.com.al\/rezultati-paraprak-numerohen-me-shume-se-gjysmat-e-kutive-te-votimit-ne-lezhe-shkoder-dhe-kukes-pd-le-pas-ps-lsi-siguron-vetem-1-mandat\/\">Rezultati paraprak\/ Num\u00ebrohen m\u00eb shum\u00eb se gjysmat e kutive t\u00eb votimit n\u00eb Lezh\u00eb, Shkod\u00ebr dhe Kuk\u00ebs. PD l\u00eb pas PS. LSI siguron vet\u00ebm 1 mandat<\/a><\/p>\n<p><em>26 prill 2021 <\/em><\/p>\n<p><strong><em>REZULTATI DERI N\u00cb OR\u00cbN 17:00<\/em><\/strong><\/p>\n<p><strong>Tre qarqet n\u00eb veri t\u00eb vendit Shkod\u00ebr, Kuk\u00ebs dhe Lezh\u00eb, jan\u00eb bastione q\u00eb i kan\u00eb q\u00ebndruar besnik\u00eb Partis\u00eb Demokratike edhe n\u00eb zgjedhjet e k\u00ebtij viti.\u00a0<\/strong><\/p>\n<p><strong>Lezh\u00eb<\/strong><\/p>\n<p>N\u00eb Lezh\u00eb deri m\u00eb tani jan\u00eb num\u00ebruar 138 qendra votimi nga 249 q\u00eb jan\u00eb gjithsej. Nga k\u00ebto PD ka mundur t\u00eb marr\u00eb 17459 vota, ose 45%, t\u00eb p\u00ebrkthyera n\u00eb mandate deputet\u00ebsh 4.<\/p>\n<p>Nd\u00ebrsa PS ka arritur t\u00eb siguroj\u00eb 16030 vota, ose 41.5%, t\u00eb p\u00ebrkthyera n\u00eb mandate deputet\u00ebsh 3.<\/p>\n<p><strong>Kuk\u00ebs<\/strong><\/p>\n<p>Deri tani n\u00eb k\u00ebt\u00eb qark kan\u00eb num\u00ebruar 129 qendra votimi nga 141 q\u00eb jan\u00eb n\u00eb total dhe nga k\u00ebto PD ka mundur t\u00eb siguroj\u00eb 21072 vota, ose 63,0%, q\u00eb t\u00eb p\u00ebrkthyera n\u00eb mandate deputet\u00ebsh jan\u00eb 2.<\/p>\n<p>Nd\u00ebrsa PS ka mundur t\u00eb siguroj\u00eb 11785 vota, ose 35.2%, t\u00eb p\u00ebrkthyera n\u00eb mandate deputetesh 1.<\/p>\n<p>.<\/p>\n<p><strong>Shkod\u00ebr<\/strong><\/p>\n<p>N\u00eb Shkod\u00ebr deri m\u00eb tani jan\u00eb num\u00ebruar 238 qendra votimi nga 411 q\u00eb jan\u00eb gjithsej. Nga k\u00ebto PD ka mundur t\u00eb marr\u00eb 27118 vota, ose 43.8%, t\u00eb p\u00ebrkthyera n\u00eb mandate deputet\u00ebsh 5.<\/p>\n<p>Nd\u00ebrsa PS ka arritur t\u00eb siguroj\u00eb 18196 vota, ose 29.4%, t\u00eb p\u00ebrkthyera n\u00eb mandate deputet\u00ebsh 4.<\/p>\n<p>Kurse LSI ka mundur t\u00eb siguroj\u00eb vet\u00ebm 5740 vota, ose 9.3% duke e b\u00ebr\u00eb siguruar k\u00ebshtu nj\u00eb mandat n\u00eb k\u00ebt\u00eb qark.<\/p>\n","protected":false},"excerpt":{"rendered":"<p>Rezultati paraprak\/ Num\u00ebrohen m\u00eb shum\u00eb se gjysmat e kutive t\u00eb votimit n\u00eb Lezh\u00eb, Shkod\u00ebr dhe Kuk\u00ebs. PD l\u00eb pas PS. LSI siguron vet\u00ebm 1 mandat 26 prill 2021 REZULTATI DERI N\u00cb OR\u00cbN 17:00 Tre qarqet n\u00eb veri t\u00eb vendit Shkod\u00ebr, Kuk\u00ebs dhe Lezh\u00eb, jan\u00eb bastione q\u00eb i kan\u00eb q\u00ebndruar besnik\u00eb Partis\u00eb Demokratike edhe n\u00eb zgjedhjet [&hellip;]<\/p>\n","protected":false},"author":9,"featured_media":46985,"comment_status":"open","ping_status":"open","sticky":false,"template":"","format":"standard","meta":{"jetpack_post_was_ever_published":false,"_jetpack_newsletter_access":"","_jetpack_dont_email_post_to_subs":false,"_jetpack_newsletter_tier_id":0,"_jetpack_memberships_contains_paywalled_content":false,"_jetpack_memberships_contains_paid_content":false,"footnotes":"","jetpack_publicize_message":"","jetpack_publicize_feature_enabled":true,"jetpack_social_post_already_shared":true,"jetpack_social_options":{"image_generator_settings":{"template":"highway","default_image_id":0,"font":"","enabled":false},"version":2}},"categories":[27,2],"tags":[],"class_list":["post-46984","post","type-post","status-publish","format-standard","has-post-thumbnail","hentry","category-blogu-i-udhetarit","category-politika"],"jetpack_publicize_connections":[],"jetpack_featured_media_url":"https:\/\/i0.wp.com\/www.shqiperia.com\/blog\/wp-content\/uploads\/2021\/04\/pjimage-52.jpg?fit=430%2C203&ssl=1","jetpack_sharing_enabled":true,"jetpack_shortlink":"https:\/\/wp.me\/p5Z6wp-cdO","jetpack-related-posts":[{"id":103257,"url":"https:\/\/www.shqiperia.com\/blog\/e-hena-me-reshje-intensive-shiu-ne-disa-qarqe-ulen-temperaturat\/","url_meta":{"origin":46984,"position":0},"title":"E h\u00ebna me reshje intensive shiu n\u00eb disa qarqe, ulen temperaturat","author":"Kurt Farka","date":"July 26, 2026","format":false,"excerpt":"26 Korrik 2026 Instituti i Gjeoshkencave ka ndar\u00eb sot nj\u00eb parashikim lidhur me kushtet e motit p\u00ebr fillimin e jav\u00ebs. Sipas t\u00eb dh\u00ebnave, e h\u00ebna do t\u00eb shoq\u00ebrohet me reshje shiu, q\u00eb do t\u00eb jen\u00eb m\u00eb intensive ve\u00e7an\u00ebrisht n\u00eb disa prej qarqeve t\u00eb vendit, nd\u00ebrsa n\u00eb zonat e tjera nuk\u2026","rel":"","context":"In &quot;Blogu i Udh\u00ebtarit&quot;","block_context":{"text":"Blogu i Udh\u00ebtarit","link":"https:\/\/www.shqiperia.com\/blog\/category\/blogu-i-udhetarit\/"},"img":{"alt_text":"","src":"https:\/\/i0.wp.com\/www.shqiperia.com\/blog\/wp-content\/uploads\/2026\/07\/640-0-shiu.png?fit=640%2C420&ssl=1&resize=350%2C200","width":350,"height":200,"srcset":"https:\/\/i0.wp.com\/www.shqiperia.com\/blog\/wp-content\/uploads\/2026\/07\/640-0-shiu.png?fit=640%2C420&ssl=1&resize=350%2C200 1x, https:\/\/i0.wp.com\/www.shqiperia.com\/blog\/wp-content\/uploads\/2026\/07\/640-0-shiu.png?fit=640%2C420&ssl=1&resize=525%2C300 1.5x"},"classes":[]},{"id":103538,"url":"https:\/\/www.shqiperia.com\/blog\/propozimet-e-pd-per-reformen-territoriale-100-bashki-12-qarqe-dhe-6-rajone\/","url_meta":{"origin":46984,"position":1},"title":"Propozimet e PD p\u00ebr reform\u00ebn territoriale: 100 bashki, 12 qarqe dhe 6 rajone","author":"Kurt Farka","date":"July 31, 2026","format":false,"excerpt":"31 Korrik 2026 Partia Demokratike prezantoi sot draftin e saj p\u00ebr reform\u00ebn administrativo-territoriale, q\u00eb parashikon rritjen e numrit t\u00eb bashkive nga 61 n\u00eb 100 bashki, 12 qarqe dhe 6 rajone. Sipas PD-s\u00eb, shtimi i bashkive do t\u00eb sjell\u00eb m\u00eb shum\u00eb sh\u00ebrbime cil\u00ebsore p\u00ebr qytetar\u00ebt dhe menaxhim m\u00eb t\u00eb mir\u00eb t\u00eb\u2026","rel":"","context":"In &quot;Blogu i Udh\u00ebtarit&quot;","block_context":{"text":"Blogu i Udh\u00ebtarit","link":"https:\/\/www.shqiperia.com\/blog\/category\/blogu-i-udhetarit\/"},"img":{"alt_text":"","src":"https:\/\/i0.wp.com\/www.shqiperia.com\/blog\/wp-content\/uploads\/2026\/07\/600-388-capturepng-1785500489.png?fit=600%2C388&ssl=1&resize=350%2C200","width":350,"height":200,"srcset":"https:\/\/i0.wp.com\/www.shqiperia.com\/blog\/wp-content\/uploads\/2026\/07\/600-388-capturepng-1785500489.png?fit=600%2C388&ssl=1&resize=350%2C200 1x, https:\/\/i0.wp.com\/www.shqiperia.com\/blog\/wp-content\/uploads\/2026\/07\/600-388-capturepng-1785500489.png?fit=600%2C388&ssl=1&resize=525%2C300 1.5x"},"classes":[]},{"id":46972,"url":"https:\/\/www.shqiperia.com\/blog\/votat-per-cdo-qark-ps-bie-serish-rritet-pd\/","url_meta":{"origin":46984,"position":2},"title":"Votat p\u00ebr \u00e7do qark \u2013 PS bie s\u00ebrish, rritet PD.","author":"Kurt Farka","date":"April 26, 2021","format":false,"excerpt":"Votat p\u00ebr \u00e7do qark \u2013 PS bie s\u00ebrish, rritet PD. Jan\u00eb num\u00ebruar deri n\u00eb or\u00ebn 16:00, 2748 kuti votimi nga 5199 Qendra Votimi n\u00eb total. N\u00eb rang komb\u00ebtar, PS kryeson me 403 055 vota ose 48.93%, e p\u00ebrkthyer n\u00eb mandate, 75 deputet\u00eb, PD-AN ka marr\u00eb deri tani 323 883 vota\u2026","rel":"","context":"In &quot;Blogu i Udh\u00ebtarit&quot;","block_context":{"text":"Blogu i Udh\u00ebtarit","link":"https:\/\/www.shqiperia.com\/blog\/category\/blogu-i-udhetarit\/"},"img":{"alt_text":"","src":"https:\/\/i0.wp.com\/www.shqiperia.com\/blog\/wp-content\/uploads\/2021\/04\/rezultati-i-KQZ.jpg?fit=648%2C335&ssl=1&resize=350%2C200","width":350,"height":200,"srcset":"https:\/\/i0.wp.com\/www.shqiperia.com\/blog\/wp-content\/uploads\/2021\/04\/rezultati-i-KQZ.jpg?fit=648%2C335&ssl=1&resize=350%2C200 1x, https:\/\/i0.wp.com\/www.shqiperia.com\/blog\/wp-content\/uploads\/2021\/04\/rezultati-i-KQZ.jpg?fit=648%2C335&ssl=1&resize=525%2C300 1.5x"},"classes":[]},{"id":102225,"url":"https:\/\/www.shqiperia.com\/blog\/autokolona-kilometrike-e-diaspores-mberrin-ne-lezhe-proteste-e-madhe-kombetare-sot-per-largimin-e-edi-rames\/","url_meta":{"origin":46984,"position":3},"title":"Autokolona kilometrike e diaspor\u00ebs mb\u00ebrrin n\u00eb Lezh\u00eb\/ Protest\u00eb e madhe komb\u00ebtare sot, p\u00ebr largimin e Edi Ram\u00ebs","author":"Kurt Farka","date":"July 4, 2026","format":false,"excerpt":"4 Korrik 2026 Teksa kan\u00eb ngelur dhe pak or\u00eb nga protesta madh\u00ebshtore q\u00eb do t\u00eb mbahet para Kryeministris\u00eb, k\u00ebt\u00eb t\u00eb shtun\u00eb, autokolona e mjeteve t\u00eb diaspor\u00ebs q\u00eb po vijn\u00eb n\u00eb vendin ton\u00eb nga veriu ka mb\u00ebrritur n\u00eb Lezh\u00eb. Kjo \u00ebsht\u00eb protesta e 35 ku qytetar\u00ebt p\u00ebrs\u00ebrisin thirrjet p\u00ebr dor\u00ebheqjen e\u2026","rel":"","context":"In &quot;Blogu i Udh\u00ebtarit&quot;","block_context":{"text":"Blogu i Udh\u00ebtarit","link":"https:\/\/www.shqiperia.com\/blog\/category\/blogu-i-udhetarit\/"},"img":{"alt_text":"","src":"https:\/\/i0.wp.com\/www.shqiperia.com\/blog\/wp-content\/uploads\/2026\/07\/autokolona-37.jpg?fit=370%2C239&ssl=1&resize=350%2C200","width":350,"height":200},"classes":[]},{"id":46999,"url":"https:\/\/www.shqiperia.com\/blog\/a-ka-mundesi-qe-rezultati-te-shkoje-ne-70-me-70-mes-ps-dhe-pd-gazetari-i-njohur-habit-me-pergjigjen\/","url_meta":{"origin":46984,"position":4},"title":"A ka mund\u00ebsi q\u00eb rezultati t\u00eb shkoj\u00eb n\u00eb 70 me 70 mes PS dhe PD? Gazetari i njohur habit me p\u00ebrgjigjen","author":"Kurt Farka","date":"April 26, 2021","format":false,"excerpt":"A ka mund\u00ebsi q\u00eb rezultati t\u00eb shkoj\u00eb n\u00eb 70 me 70 mes PS dhe PD? Gazetari i njohur habit me p\u00ebrgjigjen 26 PRILL 2021 Gazetari\u00a0 Klodian Tomorri ka komentuar situat\u00ebn e num\u00ebrimit n\u00eb t\u00eb 12 qarqet e vendit. I ftuar n\u00eb emisionin \u201cT\u00eb Paekspozuarit\u201d, Tomorri tha se me votat e\u2026","rel":"","context":"In &quot;Politika&quot;","block_context":{"text":"Politika","link":"https:\/\/www.shqiperia.com\/blog\/category\/politika\/"},"img":{"alt_text":"","src":"https:\/\/i0.wp.com\/www.shqiperia.com\/blog\/wp-content\/uploads\/2021\/04\/1200-630-6087159a5b8ad.png?fit=1200%2C630&ssl=1&resize=350%2C200","width":350,"height":200,"srcset":"https:\/\/i0.wp.com\/www.shqiperia.com\/blog\/wp-content\/uploads\/2021\/04\/1200-630-6087159a5b8ad.png?fit=1200%2C630&ssl=1&resize=350%2C200 1x, https:\/\/i0.wp.com\/www.shqiperia.com\/blog\/wp-content\/uploads\/2021\/04\/1200-630-6087159a5b8ad.png?fit=1200%2C630&ssl=1&resize=525%2C300 1.5x, https:\/\/i0.wp.com\/www.shqiperia.com\/blog\/wp-content\/uploads\/2021\/04\/1200-630-6087159a5b8ad.png?fit=1200%2C630&ssl=1&resize=700%2C400 2x, https:\/\/i0.wp.com\/www.shqiperia.com\/blog\/wp-content\/uploads\/2021\/04\/1200-630-6087159a5b8ad.png?fit=1200%2C630&ssl=1&resize=1050%2C600 3x"},"classes":[]},{"id":103505,"url":"https:\/\/www.shqiperia.com\/blog\/banoret-e-maliqit-therrasin-proteste-te-dielen-zgare-me-tesera-te-ps-se\/","url_meta":{"origin":46984,"position":5},"title":"Banor\u00ebt  e Maliqit th\u00ebrrasin protest\u00eb t\u00eb diel\u00ebn. &#8211; Zgare me tesera t\u00eb PS-s\u00eb","author":"Kurt Farka","date":"July 30, 2026","format":false,"excerpt":"30 Korrik 2026 Banor\u00ebt e bashkis\u00eb s\u00eb Maliqit kan\u00eb njoftuar k\u00ebt\u00eb t\u00eb enjte se do t\u00eb ngrihen n\u00eb protest\u00eb lidhur me hart\u00ebn e re territoriale ku shkrihen 15 bashki. Nga k\u00ebto ndryshime preket edhe Maliqi, teksa PS k\u00ebrkon bashkimin e saj me Kor\u00e7\u00ebn. Banor\u00ebt kan\u00eb njoftuar protest\u00eb dit\u00ebn e diel\u2026","rel":"","context":"In &quot;Blogu i Udh\u00ebtarit&quot;","block_context":{"text":"Blogu i Udh\u00ebtarit","link":"https:\/\/www.shqiperia.com\/blog\/category\/blogu-i-udhetarit\/"},"img":{"alt_text":"","src":"https:\/\/i0.wp.com\/www.shqiperia.com\/blog\/wp-content\/uploads\/2026\/07\/640-0-whatsapp-image-2026-07-30-at-173518-1024x1024-1785440173.jpeg?fit=640%2C640&ssl=1&resize=350%2C200","width":350,"height":200,"srcset":"https:\/\/i0.wp.com\/www.shqiperia.com\/blog\/wp-content\/uploads\/2026\/07\/640-0-whatsapp-image-2026-07-30-at-173518-1024x1024-1785440173.jpeg?fit=640%2C640&ssl=1&resize=350%2C200 1x, https:\/\/i0.wp.com\/www.shqiperia.com\/blog\/wp-content\/uploads\/2026\/07\/640-0-whatsapp-image-2026-07-30-at-173518-1024x1024-1785440173.jpeg?fit=640%2C640&ssl=1&resize=525%2C300 1.5x"},"classes":[]}],"_links":{"self":[{"href":"https:\/\/www.shqiperia.com\/blog\/wp-json\/wp\/v2\/posts\/46984","targetHints":{"allow":["GET"]}}],"collection":[{"href":"https:\/\/www.shqiperia.com\/blog\/wp-json\/wp\/v2\/posts"}],"about":[{"href":"https:\/\/www.shqiperia.com\/blog\/wp-json\/wp\/v2\/types\/post"}],"author":[{"embeddable":true,"href":"https:\/\/www.shqiperia.com\/blog\/wp-json\/wp\/v2\/users\/9"}],"replies":[{"embeddable":true,"href":"https:\/\/www.shqiperia.com\/blog\/wp-json\/wp\/v2\/comments?post=46984"}],"version-history":[{"count":1,"href":"https:\/\/www.shqiperia.com\/blog\/wp-json\/wp\/v2\/posts\/46984\/revisions"}],"predecessor-version":[{"id":46986,"href":"https:\/\/www.shqiperia.com\/blog\/wp-json\/wp\/v2\/posts\/46984\/revisions\/46986"}],"wp:featuredmedia":[{"embeddable":true,"href":"https:\/\/www.shqiperia.com\/blog\/wp-json\/wp\/v2\/media\/46985"}],"wp:attachment":[{"href":"https:\/\/www.shqiperia.com\/blog\/wp-json\/wp\/v2\/media?parent=46984"}],"wp:term":[{"taxonomy":"category","embeddable":true,"href":"https:\/\/www.shqiperia.com\/blog\/wp-json\/wp\/v2\/categories?post=46984"},{"taxonomy":"post_tag","embeddable":true,"href":"https:\/\/www.shqiperia.com\/blog\/wp-json\/wp\/v2\/tags?post=46984"}],"curies":[{"name":"wp","href":"https:\/\/api.w.org\/{rel}","templated":true}]}}