{"id":46975,"date":"2021-04-26T15:53:31","date_gmt":"2021-04-26T15:53:31","guid":{"rendered":"https:\/\/www.shqiperia.com\/blog\/?p=46975"},"modified":"2021-04-26T15:53:31","modified_gmt":"2021-04-26T15:53:31","slug":"po-fillon-ngjitja-e-pandalshme-e-pd-lsi-ne-50-perqind-te-kutive-te-pa-numeruara-2","status":"publish","type":"post","link":"https:\/\/www.shqiperia.com\/blog\/po-fillon-ngjitja-e-pandalshme-e-pd-lsi-ne-50-perqind-te-kutive-te-pa-numeruara-2\/","title":{"rendered":"Po fillon ngjitja e pandalshme e PD-LSI, n\u00eb 50 p\u00ebrqind te kutive t\u00eb pa num\u00ebruara &#8230;"},"content":{"rendered":"<p><img data-recalc-dims=\"1\" loading=\"lazy\" decoding=\"async\" data-attachment-id=\"46976\" data-permalink=\"https:\/\/www.shqiperia.com\/blog\/po-fillon-ngjitja-e-pandalshme-e-pd-lsi-ne-50-perqind-te-kutive-te-pa-numeruara-2\/numerimi-i-votave-1-2\/\" data-orig-file=\"https:\/\/i0.wp.com\/www.shqiperia.com\/blog\/wp-content\/uploads\/2021\/04\/numerimi-i-votave-1-1.jpg?fit=598%2C352&amp;ssl=1\" data-orig-size=\"598,352\" data-comments-opened=\"1\" data-image-meta=\"{&quot;aperture&quot;:&quot;0&quot;,&quot;credit&quot;:&quot;&quot;,&quot;camera&quot;:&quot;&quot;,&quot;caption&quot;:&quot;&quot;,&quot;created_timestamp&quot;:&quot;0&quot;,&quot;copyright&quot;:&quot;&quot;,&quot;focal_length&quot;:&quot;0&quot;,&quot;iso&quot;:&quot;0&quot;,&quot;shutter_speed&quot;:&quot;0&quot;,&quot;title&quot;:&quot;&quot;,&quot;orientation&quot;:&quot;1&quot;}\" data-image-title=\"numerimi-i-votave-1\" data-image-description=\"\" data-image-caption=\"\" data-medium-file=\"https:\/\/i0.wp.com\/www.shqiperia.com\/blog\/wp-content\/uploads\/2021\/04\/numerimi-i-votave-1-1.jpg?fit=300%2C177&amp;ssl=1\" data-large-file=\"https:\/\/i0.wp.com\/www.shqiperia.com\/blog\/wp-content\/uploads\/2021\/04\/numerimi-i-votave-1-1.jpg?fit=598%2C352&amp;ssl=1\" class=\"alignnone  wp-image-46976\" alt=\"\" src=\"https:\/\/i0.wp.com\/www.shqiperia.com\/blog\/wp-content\/uploads\/2021\/04\/numerimi-i-votave-1-1.jpg?resize=544%2C321&#038;ssl=1\" width=\"544\" height=\"321\" srcset=\"https:\/\/i0.wp.com\/www.shqiperia.com\/blog\/wp-content\/uploads\/2021\/04\/numerimi-i-votave-1-1.jpg?resize=300%2C177&amp;ssl=1 300w, https:\/\/i0.wp.com\/www.shqiperia.com\/blog\/wp-content\/uploads\/2021\/04\/numerimi-i-votave-1-1.jpg?resize=450%2C265&amp;ssl=1 450w, https:\/\/i0.wp.com\/www.shqiperia.com\/blog\/wp-content\/uploads\/2021\/04\/numerimi-i-votave-1-1.jpg?resize=400%2C235&amp;ssl=1 400w, https:\/\/i0.wp.com\/www.shqiperia.com\/blog\/wp-content\/uploads\/2021\/04\/numerimi-i-votave-1-1.jpg?w=598&amp;ssl=1 598w\" sizes=\"auto, (max-width: 544px) 100vw, 544px\" \/><\/p>\n<p>Po fillon ngjitja e pandalshme e PD-LSI, n\u00eb 50 p\u00ebrqind te kutive t\u00eb pa num\u00ebruara<\/p>\n<p>Nga \u00a0<a href=\"https:\/\/telegraf.al\/author\/telegraf\/\"><strong>Gazeta Telegraf <\/strong><\/a><\/p>\n<p><a href=\"https:\/\/telegraf.al\/author\/telegraf\/\"><strong>&#8211; <\/strong><\/a>26 Prill, 2021<\/p>\n<p>Ndodhi ajo q\u00eb pritej. Mbr\u00ebm\u00eb dhe sot paradite PS me hile num\u00ebroi kutit\u00eb e zonave q\u00eb ishin bastione t\u00eb saja p\u00ebr t\u00eb krijuar panik t\u00eb num\u00ebruesit dhe v\u00ebzhguesit e Opozit\u00ebs. Dhe p\u00ebr ti dekurajuar q\u00eb ose t\u00eb braktisnin detyr\u00ebn dhe ti manipulonte vet\u00eb votat ose t\u00eb blinte ndonj\u00eb komisioner\u00eb t\u00eb l\u00ebkundsh\u00ebm.<\/p>\n<p>Deri n\u00eb mesdit\u00eb ishte \u201cpjesa e par\u00eb\u201d e ndeshjes mes PS dhe mafies nga nj\u00ebra an\u00eb dhe OPOZIT\u00cbS PD- LSI nga ana tjet\u00ebr.<\/p>\n<p>Duke p\u00ebrdorur k\u00ebt\u00eb marifet djall\u00ebzor Rilindja ia arriti q\u00eb t\u00eb p\u00ebrpunonte publikun se gjoja po fiton ajo dhe PSD e Tom Doshit. Ky i fundit arriti sukses. Duhet pranuar. Por PS nuk ka vota p\u00ebr t\u00eb marr\u00eb mandatin qeveris\u00ebs nga Presidenti, ndaj l\u00ebshoi urdin\u00eb mediatike t\u00eb thoshte \u201ckjo pun\u00eb mbaroi\u201d dhe Rama ka fituar.<\/p>\n<p>Taktik\u00eb brilante djall\u00ebzore!<\/p>\n<p>Por Basha dhe Kryemadhi e din\u00eb, me an\u00eb t\u00eb njer\u00ebzve t\u00eb tyre n\u00eb \u00e7do KZAZ se cilat kuti jan\u00eb me shumic\u00eb pro opozit\u00ebs ndaj ruajt\u00ebn qet\u00ebsin\u00eb.<\/p>\n<p>Pjesa e par\u00eb mbaroi 1 me zero p\u00ebr PS.<\/p>\n<p>Tani fillon pjesa e dyt\u00eb dhe ku ka \u201cgola\u201d pa ndalim kundrejt PS dhe Rilindjes.<\/p>\n<p>N\u00eb afro 50 p\u00ebrqind t\u00eb kutive t\u00eb panum\u00ebruara ndodhen kaq shum\u00eb vota opozitare aqsa e nxjerrin sonte n\u00eb dark\u00eb von\u00eb t\u00eb humbur Edi Ram\u00ebn dhe satelitet e tij. Mbi 77 mandate ka te sigurta OPOZITA.<\/p>\n<p>Qeveria e re ndodhet n\u00eb k\u00ebto kuti qe sapo kan\u00eb filluar t\u00eb num\u00ebrohen dhe ku num\u00ebruesit e PD dhe t\u00eb LSI jan\u00eb heronjt\u00eb e opozit\u00ebs duke q\u00ebndruar q\u00ebndrestar\u00eb dhe t\u00eb mos manipulohen nga PS.<\/p>\n<p>Tani fillon ofensiva e madhe si dikur Beteja e Stalingradit, ku u shporr\u00ebn nazist\u00ebt gjerman\u00eb!<\/p>\n<p>Num\u00ebrues t\u00eb Opozit\u00ebs!<\/p>\n<p>Keni fatin e popullit opozitar tashm\u00eb n\u00eb duart tuaja!<\/p>\n","protected":false},"excerpt":{"rendered":"<p>Po fillon ngjitja e pandalshme e PD-LSI, n\u00eb 50 p\u00ebrqind te kutive t\u00eb pa num\u00ebruara Nga \u00a0Gazeta Telegraf &#8211; 26 Prill, 2021 Ndodhi ajo q\u00eb pritej. Mbr\u00ebm\u00eb dhe sot paradite PS me hile num\u00ebroi kutit\u00eb e zonave q\u00eb ishin bastione t\u00eb saja p\u00ebr t\u00eb krijuar panik t\u00eb num\u00ebruesit dhe v\u00ebzhguesit e Opozit\u00ebs. Dhe p\u00ebr ti [&hellip;]<\/p>\n","protected":false},"author":9,"featured_media":46976,"comment_status":"open","ping_status":"open","sticky":false,"template":"","format":"standard","meta":{"jetpack_post_was_ever_published":false,"_jetpack_newsletter_access":"","_jetpack_dont_email_post_to_subs":false,"_jetpack_newsletter_tier_id":0,"_jetpack_memberships_contains_paywalled_content":false,"_jetpack_memberships_contains_paid_content":false,"footnotes":"","jetpack_publicize_message":"","jetpack_publicize_feature_enabled":true,"jetpack_social_post_already_shared":true,"jetpack_social_options":{"image_generator_settings":{"template":"highway","default_image_id":0,"font":"","enabled":false},"version":2}},"categories":[2],"tags":[],"class_list":["post-46975","post","type-post","status-publish","format-standard","has-post-thumbnail","hentry","category-politika"],"jetpack_publicize_connections":[],"jetpack_featured_media_url":"https:\/\/i0.wp.com\/www.shqiperia.com\/blog\/wp-content\/uploads\/2021\/04\/numerimi-i-votave-1-1.jpg?fit=598%2C352&ssl=1","jetpack_sharing_enabled":true,"jetpack_shortlink":"https:\/\/wp.me\/p5Z6wp-cdF","jetpack-related-posts":[{"id":46963,"url":"https:\/\/www.shqiperia.com\/blog\/po-fillon-ngjitja-e-pandalshme-e-pd-lsi-ne-50-perqind-te-kutive-te-pa-numeruara\/","url_meta":{"origin":46975,"position":0},"title":"Po fillon ngjitja e pandalshme e PD-LSI, n\u00eb 50 p\u00ebrqind te kutive t\u00eb pa num\u00ebruara","author":"Kurt Farka","date":"April 26, 2021","format":false,"excerpt":"Po fillon ngjitja e pandalshme e PD-LSI, n\u00eb 50 p\u00ebrqind te kutive t\u00eb pa num\u00ebruara 26\/04\/2021 Ndodhi ajo q\u00eb pritej. Mbr\u00ebm\u00eb dhe sot paradite PS me hile num\u00ebroi kutit\u00eb e zonave q\u00eb ishin bastione t\u00eb saja p\u00ebr t\u00eb krijuar panik t\u00eb num\u00ebruesit dhe v\u00ebzhguesit e Opozit\u00ebs. Dhe p\u00ebr ti dekurajuar\u2026","rel":"","context":"In &quot;Politika&quot;","block_context":{"text":"Politika","link":"https:\/\/www.shqiperia.com\/blog\/category\/politika\/"},"img":{"alt_text":"","src":"https:\/\/i0.wp.com\/www.shqiperia.com\/blog\/wp-content\/uploads\/2021\/04\/numerimi-i-votave-1.jpg?fit=598%2C352&ssl=1&resize=350%2C200","width":350,"height":200,"srcset":"https:\/\/i0.wp.com\/www.shqiperia.com\/blog\/wp-content\/uploads\/2021\/04\/numerimi-i-votave-1.jpg?fit=598%2C352&ssl=1&resize=350%2C200 1x, https:\/\/i0.wp.com\/www.shqiperia.com\/blog\/wp-content\/uploads\/2021\/04\/numerimi-i-votave-1.jpg?fit=598%2C352&ssl=1&resize=525%2C300 1.5x"},"classes":[]},{"id":102406,"url":"https:\/\/www.shqiperia.com\/blog\/deputetet-e-pd-se-faleminderit-eurodeputeteve-per-mbeshtetjen-keqardhje-per-koleget-e-ps-se\/","url_meta":{"origin":46975,"position":1},"title":"Deputet\u00ebt e PD-s\u00eb: &#8211; Faleminderit eurodeputet\u00ebve p\u00ebr mb\u00ebshtetjen, keqardhje p\u00ebr koleg\u00ebt e PS-s\u00eb","author":"Kurt Farka","date":"July 9, 2026","format":false,"excerpt":"9 Korrik 2026 Deputet\u00ebt e PD n\u00eb Parlamentin Europian:\u00a0\"Faleminderit eurodeputet\u00ebve p\u00ebr mb\u00ebshtetjen. Keqardhje p\u00ebr deputet\u00ebt e PS-s\u00eb, t\u00eb cil\u00ebt vazhduan me t\u00eb nj\u00ebjt\u00ebn qasje, duke i sh\u00ebrbyer interesit t\u00eb ngusht\u00eb partiak e personal, n\u00eb vend t\u00eb interesit t\u00eb Shqip\u00ebris\u00eb dhe t\u00eb qytetar\u00ebve shqiptar\u00eb\". DEKLARAT\u00cb E AN\u00cbTAR\u00cbVE T\u00cb OPOZIT\u00cbS N\u00cb KOMISIONIN\u2026","rel":"","context":"In &quot;Kultura&quot;","block_context":{"text":"Kultura","link":"https:\/\/www.shqiperia.com\/blog\/category\/kultura\/"},"img":{"alt_text":"","src":"https:\/\/i0.wp.com\/www.shqiperia.com\/blog\/wp-content\/uploads\/2026\/07\/600-388-whatsapp-image-2026-07-09-at-132944-1783596871.jpeg?fit=600%2C388&ssl=1&resize=350%2C200","width":350,"height":200,"srcset":"https:\/\/i0.wp.com\/www.shqiperia.com\/blog\/wp-content\/uploads\/2026\/07\/600-388-whatsapp-image-2026-07-09-at-132944-1783596871.jpeg?fit=600%2C388&ssl=1&resize=350%2C200 1x, https:\/\/i0.wp.com\/www.shqiperia.com\/blog\/wp-content\/uploads\/2026\/07\/600-388-whatsapp-image-2026-07-09-at-132944-1783596871.jpeg?fit=600%2C388&ssl=1&resize=525%2C300 1.5x"},"classes":[]},{"id":102395,"url":"https:\/\/www.shqiperia.com\/blog\/31-nga-35-amendamentet-e-opozites-shqiptare-marrin-mbeshtetjen-e-eurodeputeteve\/","url_meta":{"origin":46975,"position":2},"title":"31 nga 35 amendamentet e opozit\u00ebs shqiptare marrin mb\u00ebshtetjen e eurodeputet\u00ebve","author":"Kurt Farka","date":"July 9, 2026","format":false,"excerpt":"9 Korrik 2026 Pas miratimit me konsensus t\u00eb 31 nga 35 amendamenteve t\u00eb paraqitura nga opozita n\u00eb rekomandimet p\u00ebrfundimtare t\u00eb Komitetit Parlamentar t\u00eb Stabilizim-Asociimit, ka reaguar deputetja e Partis\u00eb Demokratike, Jorida Tabaku. Tabaku, nj\u00ebherazi n\u00ebnkryetare e Komitetit t\u00eb Stabilizim-Asociimit, e cil\u00ebsoi votimin e eurodeputet\u00ebve si nj\u00eb konfirmim t\u00eb shqet\u00ebsimeve t\u00eb\u2026","rel":"","context":"In &quot;Blogu i Udh\u00ebtarit&quot;","block_context":{"text":"Blogu i Udh\u00ebtarit","link":"https:\/\/www.shqiperia.com\/blog\/category\/blogu-i-udhetarit\/"},"img":{"alt_text":"","src":"https:\/\/i0.wp.com\/www.shqiperia.com\/blog\/wp-content\/uploads\/2026\/07\/R.jpg?fit=620%2C438&ssl=1&resize=350%2C200","width":350,"height":200,"srcset":"https:\/\/i0.wp.com\/www.shqiperia.com\/blog\/wp-content\/uploads\/2026\/07\/R.jpg?fit=620%2C438&ssl=1&resize=350%2C200 1x, https:\/\/i0.wp.com\/www.shqiperia.com\/blog\/wp-content\/uploads\/2026\/07\/R.jpg?fit=620%2C438&ssl=1&resize=525%2C300 1.5x"},"classes":[]},{"id":101130,"url":"https:\/\/www.shqiperia.com\/blog\/elisa-spiropali-duhet-nje-marreveshje-e-re-per-shqiperine-kollaj-tu-sillesh-rrotull-protestave-te-sotme-me-fjale-boshe-dhe-konspiracione\/","url_meta":{"origin":46975,"position":3},"title":"Elisa Spiropali: &#8211; Duhet nj\u00eb marr\u00ebveshje e re p\u00ebr Shqip\u00ebrin\u00eb. &#8211; Kollaj t\u2019u sillesh rrotull protestave t\u00eb sotme me fjal\u00eb boshe dhe konspiracione\u201d.","author":"Kurt Farka","date":"June 5, 2026","format":false,"excerpt":"5 Qershor 2026 Ish-ministrja e Jashtme, Elisa Spiropali thot\u00eb se duhet nj\u00eb marr\u00ebveshje e re p\u00ebr Shqip\u00ebrin\u00eb. Duke iu referuar protestave t\u00eb nisura pes\u00eb dit\u00eb m\u00eb par\u00eb n\u00eb Zv\u00ebrnec, ajo thot\u00eb se \u00ebsht\u00eb kollaj ti sillesh rrotull me fjal\u00eb boshe dhe konspiracione. \u201cTani q\u00eb t\u00eb gjith\u00eb Makbethat vras\u00ebs dhe Hamletat\u2026","rel":"","context":"In &quot;Blogu i Udh\u00ebtarit&quot;","block_context":{"text":"Blogu i Udh\u00ebtarit","link":"https:\/\/www.shqiperia.com\/blog\/category\/blogu-i-udhetarit\/"},"img":{"alt_text":"","src":"https:\/\/i0.wp.com\/www.shqiperia.com\/blog\/wp-content\/uploads\/2026\/06\/elisa-spiropali.jpg?fit=1200%2C800&ssl=1&resize=350%2C200","width":350,"height":200,"srcset":"https:\/\/i0.wp.com\/www.shqiperia.com\/blog\/wp-content\/uploads\/2026\/06\/elisa-spiropali.jpg?fit=1200%2C800&ssl=1&resize=350%2C200 1x, https:\/\/i0.wp.com\/www.shqiperia.com\/blog\/wp-content\/uploads\/2026\/06\/elisa-spiropali.jpg?fit=1200%2C800&ssl=1&resize=525%2C300 1.5x, https:\/\/i0.wp.com\/www.shqiperia.com\/blog\/wp-content\/uploads\/2026\/06\/elisa-spiropali.jpg?fit=1200%2C800&ssl=1&resize=700%2C400 2x, https:\/\/i0.wp.com\/www.shqiperia.com\/blog\/wp-content\/uploads\/2026\/06\/elisa-spiropali.jpg?fit=1200%2C800&ssl=1&resize=1050%2C600 3x"},"classes":[]},{"id":104164,"url":"https:\/\/www.shqiperia.com\/blog\/merimangat-jane-themelore-per-shendetin-planetar-pse-po-harrohen-perpjekjet-per-ruajtjen-e-tyre\/","url_meta":{"origin":46975,"position":4},"title":"Merimangat jan\u00eb &#8216;themelore&#8217; p\u00ebr sh\u00ebndetin planetar &#8211; pse po harrohen p\u00ebrpjekjet p\u00ebr ruajtjen e tyre?","author":"Kurt Farka","date":"August 10, 2026","format":false,"excerpt":"20 Gusht 2026 Zvarrit\u00ebsit e friksh\u00ebm jan\u00eb jet\u00ebsor\u00eb p\u00ebr sh\u00ebndetin e planetit ton\u00eb, por sigurimi i mb\u00ebshtetjes p\u00ebr to nuk \u00ebsht\u00eb gjithmon\u00eb i leht\u00eb. Insektet dhe araknid\u00ebt \u2013 merimangat, akrepat dhe korr\u00ebsit (k\u00ebmb\u00ebt e gjata si t\u00eb babait) \u2013 \u201czakonisht nuk marrin t\u00eb nj\u00ebjt\u00ebn v\u00ebmendje\u201d si \u201c\u00a0kafsh\u00ebt e njohura karizmatike\u00a0si\u2026","rel":"","context":"In &quot;Blogu i Udh\u00ebtarit&quot;","block_context":{"text":"Blogu i Udh\u00ebtarit","link":"https:\/\/www.shqiperia.com\/blog\/category\/blogu-i-udhetarit\/"},"img":{"alt_text":"","src":"https:\/\/i0.wp.com\/www.shqiperia.com\/blog\/wp-content\/uploads\/2026\/08\/auto_Screenshot_21772522462.jpg?fit=900%2C526&ssl=1&resize=350%2C200","width":350,"height":200,"srcset":"https:\/\/i0.wp.com\/www.shqiperia.com\/blog\/wp-content\/uploads\/2026\/08\/auto_Screenshot_21772522462.jpg?fit=900%2C526&ssl=1&resize=350%2C200 1x, https:\/\/i0.wp.com\/www.shqiperia.com\/blog\/wp-content\/uploads\/2026\/08\/auto_Screenshot_21772522462.jpg?fit=900%2C526&ssl=1&resize=525%2C300 1.5x, https:\/\/i0.wp.com\/www.shqiperia.com\/blog\/wp-content\/uploads\/2026\/08\/auto_Screenshot_21772522462.jpg?fit=900%2C526&ssl=1&resize=700%2C400 2x"},"classes":[]},{"id":102648,"url":"https:\/\/www.shqiperia.com\/blog\/plas-sherri-ne-ps-gjinkuri-perplaset-me-manjen-dhe-braktis-komisionin-e-ligjeve-e-gjete-lepurin-ne-ferre\/","url_meta":{"origin":46975,"position":5},"title":"Plas sherri n\u00eb PS, Gjinkuri p\u00ebrplaset me Manj\u00ebn dhe braktis Komisionin e Ligjeve.  \u201cE gjete lepurin n\u00eb ferr\u00eb?\u201d","author":"Kurt Farka","date":"July 14, 2026","format":false,"excerpt":"14 Korrik 2026 ... Gjiknuri detyrohet te largohet nga mbledhja. Komisioni p\u00ebr \u00c7\u00ebshtjet Ligjore dhe Administrat\u00ebn Publike ka diskutuar sot edhe Shqyrtimin e projektligjit \u201cP\u00ebr disa shtesa dhe ndryshime n\u00eb ligjin nr. 9244, dat\u00eb 17.6.2004, \u201cP\u00ebr mbrojtjen e tok\u00ebs bujq\u00ebsore\u201d, t\u00eb ndryshuar\u201d. Mes \u00e7\u00ebshtjeve t\u00eb diskutuara mbi k\u00ebt\u00eb projektligj ishte\u2026","rel":"","context":"In &quot;Blogu i Udh\u00ebtarit&quot;","block_context":{"text":"Blogu i Udh\u00ebtarit","link":"https:\/\/www.shqiperia.com\/blog\/category\/blogu-i-udhetarit\/"},"img":{"alt_text":"","src":"https:\/\/i0.wp.com\/www.shqiperia.com\/blog\/wp-content\/uploads\/2026\/07\/640-0-352663ed83fdafc233c67150e384725d.png?fit=640%2C320&ssl=1&resize=350%2C200","width":350,"height":200,"srcset":"https:\/\/i0.wp.com\/www.shqiperia.com\/blog\/wp-content\/uploads\/2026\/07\/640-0-352663ed83fdafc233c67150e384725d.png?fit=640%2C320&ssl=1&resize=350%2C200 1x, https:\/\/i0.wp.com\/www.shqiperia.com\/blog\/wp-content\/uploads\/2026\/07\/640-0-352663ed83fdafc233c67150e384725d.png?fit=640%2C320&ssl=1&resize=525%2C300 1.5x"},"classes":[]}],"_links":{"self":[{"href":"https:\/\/www.shqiperia.com\/blog\/wp-json\/wp\/v2\/posts\/46975","targetHints":{"allow":["GET"]}}],"collection":[{"href":"https:\/\/www.shqiperia.com\/blog\/wp-json\/wp\/v2\/posts"}],"about":[{"href":"https:\/\/www.shqiperia.com\/blog\/wp-json\/wp\/v2\/types\/post"}],"author":[{"embeddable":true,"href":"https:\/\/www.shqiperia.com\/blog\/wp-json\/wp\/v2\/users\/9"}],"replies":[{"embeddable":true,"href":"https:\/\/www.shqiperia.com\/blog\/wp-json\/wp\/v2\/comments?post=46975"}],"version-history":[{"count":1,"href":"https:\/\/www.shqiperia.com\/blog\/wp-json\/wp\/v2\/posts\/46975\/revisions"}],"predecessor-version":[{"id":46977,"href":"https:\/\/www.shqiperia.com\/blog\/wp-json\/wp\/v2\/posts\/46975\/revisions\/46977"}],"wp:featuredmedia":[{"embeddable":true,"href":"https:\/\/www.shqiperia.com\/blog\/wp-json\/wp\/v2\/media\/46976"}],"wp:attachment":[{"href":"https:\/\/www.shqiperia.com\/blog\/wp-json\/wp\/v2\/media?parent=46975"}],"wp:term":[{"taxonomy":"category","embeddable":true,"href":"https:\/\/www.shqiperia.com\/blog\/wp-json\/wp\/v2\/categories?post=46975"},{"taxonomy":"post_tag","embeddable":true,"href":"https:\/\/www.shqiperia.com\/blog\/wp-json\/wp\/v2\/tags?post=46975"}],"curies":[{"name":"wp","href":"https:\/\/api.w.org\/{rel}","templated":true}]}}