{"id":46969,"date":"2021-04-26T15:22:21","date_gmt":"2021-04-26T15:22:21","guid":{"rendered":"https:\/\/www.shqiperia.com\/blog\/?p=46969"},"modified":"2021-04-26T15:22:21","modified_gmt":"2021-04-26T15:22:21","slug":"gjekmarkaj-pd-synon-mandatin-e-peste-ne-lezhe","status":"publish","type":"post","link":"https:\/\/www.shqiperia.com\/blog\/gjekmarkaj-pd-synon-mandatin-e-peste-ne-lezhe\/","title":{"rendered":"Gjekmarkaj: PD synon mandatin e pest\u00eb n\u00eb Lezh\u00eb!"},"content":{"rendered":"<p><img data-recalc-dims=\"1\" loading=\"lazy\" decoding=\"async\" data-attachment-id=\"46970\" data-permalink=\"https:\/\/www.shqiperia.com\/blog\/gjekmarkaj-pd-synon-mandatin-e-peste-ne-lezhe\/basha-compressor-1-590x354\/\" data-orig-file=\"https:\/\/i0.wp.com\/www.shqiperia.com\/blog\/wp-content\/uploads\/2021\/04\/Basha-compressor-1-590x354-1.jpg?fit=590%2C354&amp;ssl=1\" data-orig-size=\"590,354\" data-comments-opened=\"1\" data-image-meta=\"{&quot;aperture&quot;:&quot;0&quot;,&quot;credit&quot;:&quot;&quot;,&quot;camera&quot;:&quot;&quot;,&quot;caption&quot;:&quot;&quot;,&quot;created_timestamp&quot;:&quot;0&quot;,&quot;copyright&quot;:&quot;&quot;,&quot;focal_length&quot;:&quot;0&quot;,&quot;iso&quot;:&quot;0&quot;,&quot;shutter_speed&quot;:&quot;0&quot;,&quot;title&quot;:&quot;&quot;,&quot;orientation&quot;:&quot;0&quot;}\" data-image-title=\"Basha-compressor-1-590&#215;354\" data-image-description=\"\" data-image-caption=\"\" data-medium-file=\"https:\/\/i0.wp.com\/www.shqiperia.com\/blog\/wp-content\/uploads\/2021\/04\/Basha-compressor-1-590x354-1.jpg?fit=300%2C180&amp;ssl=1\" data-large-file=\"https:\/\/i0.wp.com\/www.shqiperia.com\/blog\/wp-content\/uploads\/2021\/04\/Basha-compressor-1-590x354-1.jpg?fit=590%2C354&amp;ssl=1\" class=\"alignnone  wp-image-46970\" alt=\"\" src=\"https:\/\/i0.wp.com\/www.shqiperia.com\/blog\/wp-content\/uploads\/2021\/04\/Basha-compressor-1-590x354-1.jpg?resize=608%2C365&#038;ssl=1\" width=\"608\" height=\"365\" srcset=\"https:\/\/i0.wp.com\/www.shqiperia.com\/blog\/wp-content\/uploads\/2021\/04\/Basha-compressor-1-590x354-1.jpg?resize=300%2C180&amp;ssl=1 300w, https:\/\/i0.wp.com\/www.shqiperia.com\/blog\/wp-content\/uploads\/2021\/04\/Basha-compressor-1-590x354-1.jpg?resize=450%2C270&amp;ssl=1 450w, https:\/\/i0.wp.com\/www.shqiperia.com\/blog\/wp-content\/uploads\/2021\/04\/Basha-compressor-1-590x354-1.jpg?resize=400%2C240&amp;ssl=1 400w, https:\/\/i0.wp.com\/www.shqiperia.com\/blog\/wp-content\/uploads\/2021\/04\/Basha-compressor-1-590x354-1.jpg?w=590&amp;ssl=1 590w\" sizes=\"auto, (max-width: 608px) 100vw, 608px\" \/><\/p>\n<p>Gjekmarkaj: PD synon mandatin e pest\u00eb n\u00eb Lezh\u00eb!<\/p>\n<p><a href=\"https:\/\/kohajone.com\/gjekmarkaj-pd-synon-mandatin-e-peste-ne-lezhe\/\">26\/04\/2021 <\/a><\/p>\n<p>Drejtuesi i list\u00ebs s\u00eb deputet\u00ebve t\u00eb PD-s\u00eb n\u00eb Lezh\u00eb, Agron Gjekmarkaj shprehet se n\u00eb k\u00ebt\u00eb qark Partia Demokratike ka arritur nj\u00eb fitore bind\u00ebse.<\/p>\n<p>N\u00eb nj\u00eb reagim p\u00ebr mediat, Gjekmarkaj shprehet se Partia Demokratike \u00ebsht\u00eb kudo n\u00eb rritje n\u00eb qark. Gjekmarkaj shprehet se mandati i pes\u00eb i PD n\u00eb Lezh\u00eb \u00ebsht\u00eb shum\u00eb af\u00ebr.<\/p>\n<p>\u201cPartia Demokratike \u00ebsht\u00eb kudo n\u00eb rritje n\u00eb qark. N\u00eb Mirdit\u00eb dhe La\u00e7 po fiton n\u00eb \u00e7do kuti votimi! N\u00eb Lezh\u00eb pothuaj n\u00eb t\u00eb gjitha ish-komunat \u00ebsht\u00eb n\u00eb avantazh dhe nj\u00eb rikuperim i ndjesh\u00ebm n\u00eb qytetin e Lezh\u00ebs n\u00eb raport me vitin 2017!<\/p>\n<p>Me gjith\u00eb shitblerjet e grupeve kriminale dhe t\u00eb pushtetit, me sht\u00ebpit\u00eb e d\u00ebmtuara nga t\u00ebrmeti mbi 700, qytetar\u00ebt kane votuar masivisht Partine Demokratike dhe Lulzim Bash\u00ebn!<\/p>\n<p>N\u00eb Mirdit\u00eb u mbyll num\u00ebrimi p\u00ebr partit\u00eb dhe PD kryeson me pothuaj 1200 vota!<\/p>\n<p>Lezha Mirdita dhe Kurbini kan\u00eb votuar ndryshimin, mandati i pest\u00eb \u00ebsht\u00eb shume af\u00ebr!\u201d,- shprehet Gjekmarkaj n\u00eb reagimin e tij.<\/p>\n","protected":false},"excerpt":{"rendered":"<p>Gjekmarkaj: PD synon mandatin e pest\u00eb n\u00eb Lezh\u00eb! 26\/04\/2021 Drejtuesi i list\u00ebs s\u00eb deputet\u00ebve t\u00eb PD-s\u00eb n\u00eb Lezh\u00eb, Agron Gjekmarkaj shprehet se n\u00eb k\u00ebt\u00eb qark Partia Demokratike ka arritur nj\u00eb fitore bind\u00ebse. N\u00eb nj\u00eb reagim p\u00ebr mediat, Gjekmarkaj shprehet se Partia Demokratike \u00ebsht\u00eb kudo n\u00eb rritje n\u00eb qark. Gjekmarkaj shprehet se mandati i pes\u00eb i [&hellip;]<\/p>\n","protected":false},"author":9,"featured_media":46970,"comment_status":"open","ping_status":"open","sticky":false,"template":"","format":"standard","meta":{"jetpack_post_was_ever_published":false,"_jetpack_newsletter_access":"","_jetpack_dont_email_post_to_subs":false,"_jetpack_newsletter_tier_id":0,"_jetpack_memberships_contains_paywalled_content":false,"_jetpack_memberships_contains_paid_content":false,"footnotes":"","jetpack_publicize_message":"","jetpack_publicize_feature_enabled":true,"jetpack_social_post_already_shared":true,"jetpack_social_options":{"image_generator_settings":{"template":"highway","default_image_id":0,"font":"","enabled":false},"version":2}},"categories":[2,35],"tags":[],"class_list":["post-46969","post","type-post","status-publish","format-standard","has-post-thumbnail","hentry","category-politika","category-shoqerore"],"jetpack_publicize_connections":[],"jetpack_featured_media_url":"https:\/\/i0.wp.com\/www.shqiperia.com\/blog\/wp-content\/uploads\/2021\/04\/Basha-compressor-1-590x354-1.jpg?fit=590%2C354&ssl=1","jetpack_sharing_enabled":true,"jetpack_shortlink":"https:\/\/wp.me\/p5Z6wp-cdz","jetpack-related-posts":[{"id":103538,"url":"https:\/\/www.shqiperia.com\/blog\/propozimet-e-pd-per-reformen-territoriale-100-bashki-12-qarqe-dhe-6-rajone\/","url_meta":{"origin":46969,"position":0},"title":"Propozimet e PD p\u00ebr reform\u00ebn territoriale: 100 bashki, 12 qarqe dhe 6 rajone","author":"Kurt Farka","date":"July 31, 2026","format":false,"excerpt":"31 Korrik 2026 Partia Demokratike prezantoi sot draftin e saj p\u00ebr reform\u00ebn administrativo-territoriale, q\u00eb parashikon rritjen e numrit t\u00eb bashkive nga 61 n\u00eb 100 bashki, 12 qarqe dhe 6 rajone. Sipas PD-s\u00eb, shtimi i bashkive do t\u00eb sjell\u00eb m\u00eb shum\u00eb sh\u00ebrbime cil\u00ebsore p\u00ebr qytetar\u00ebt dhe menaxhim m\u00eb t\u00eb mir\u00eb t\u00eb\u2026","rel":"","context":"In &quot;Blogu i Udh\u00ebtarit&quot;","block_context":{"text":"Blogu i Udh\u00ebtarit","link":"https:\/\/www.shqiperia.com\/blog\/category\/blogu-i-udhetarit\/"},"img":{"alt_text":"","src":"https:\/\/i0.wp.com\/www.shqiperia.com\/blog\/wp-content\/uploads\/2026\/07\/600-388-capturepng-1785500489.png?fit=600%2C388&ssl=1&resize=350%2C200","width":350,"height":200,"srcset":"https:\/\/i0.wp.com\/www.shqiperia.com\/blog\/wp-content\/uploads\/2026\/07\/600-388-capturepng-1785500489.png?fit=600%2C388&ssl=1&resize=350%2C200 1x, https:\/\/i0.wp.com\/www.shqiperia.com\/blog\/wp-content\/uploads\/2026\/07\/600-388-capturepng-1785500489.png?fit=600%2C388&ssl=1&resize=525%2C300 1.5x"},"classes":[]},{"id":52156,"url":"https:\/\/www.shqiperia.com\/blog\/kuvendi-kombetar-i-11-dhjetorit-pd-lezhe-ben-publike-emrat-e-delegateve\/","url_meta":{"origin":46969,"position":1},"title":"Kuvendi Komb\u00ebtar i 11 Dhjetorit: &#8211; PD Lezh\u00eb b\u00ebn publik\u00eb emrat e delegat\u00ebve","author":"Kurt Farka","date":"December 9, 2021","format":false,"excerpt":"Kuvendi Komb\u00ebtar i 11 Dhjetorit: - PD Lezh\u00eb b\u00ebn publik\u00eb emrat e delegat\u00ebve 08\/12\/2021 Partia Demokratike dega Lezh\u00eb b\u00ebri sot publik emrat e delegateve pjes\u00ebmarr\u00ebs n\u00eb Kuvendin e dat\u00ebs 11 dhjetor. An\u00ebtari i K\u00ebshillit Komb\u00ebtar i PD, Paulin Marku u ndal tek situata e partis\u00eb q\u00eb p\u00ebrfaq\u00ebson. Sipas Markut gjat\u00eb\u2026","rel":"","context":"In &quot;Blogu i Udh\u00ebtarit&quot;","block_context":{"text":"Blogu i Udh\u00ebtarit","link":"https:\/\/www.shqiperia.com\/blog\/category\/blogu-i-udhetarit\/"},"img":{"alt_text":"","src":"https:\/\/i0.wp.com\/www.shqiperia.com\/blog\/wp-content\/uploads\/2021\/12\/delegatet-Lezhe.png?fit=800%2C450&ssl=1&resize=350%2C200","width":350,"height":200,"srcset":"https:\/\/i0.wp.com\/www.shqiperia.com\/blog\/wp-content\/uploads\/2021\/12\/delegatet-Lezhe.png?fit=800%2C450&ssl=1&resize=350%2C200 1x, https:\/\/i0.wp.com\/www.shqiperia.com\/blog\/wp-content\/uploads\/2021\/12\/delegatet-Lezhe.png?fit=800%2C450&ssl=1&resize=525%2C300 1.5x, https:\/\/i0.wp.com\/www.shqiperia.com\/blog\/wp-content\/uploads\/2021\/12\/delegatet-Lezhe.png?fit=800%2C450&ssl=1&resize=700%2C400 2x"},"classes":[]},{"id":50249,"url":"https:\/\/www.shqiperia.com\/blog\/shba-lejoi-qeverine-te-manipuloje-zgjedhjet-deputeti-i-pd-se-hedh-akuzat-e-renda-dhe-zbulon-levizjen-qe-e-fundosi-opoziten\/","url_meta":{"origin":46969,"position":2},"title":"\u201cSHBA lejoi qeverin\u00eb t\u00eb manipuloj\u00eb zgjedhjet\u201d, deputeti i PD-s\u00eb hedh akuzat e r\u00ebnda dhe zbulon l\u00ebvizjen q\u00eb e \u2018fundosi\u2019 opozit\u00ebn.","author":"Kurt Farka","date":"October 2, 2021","format":false,"excerpt":"\u201cSHBA lejoi qeverin\u00eb t\u00eb manipuloj\u00eb zgjedhjet\u201d, deputeti i PD-s\u00eb hedh akuzat e r\u00ebnda dhe zbulon l\u00ebvizjen q\u00eb e \u2018fundosi\u2019 opozit\u00ebn. 2 TETOR 2021 Deputeti i Partis\u00eb Demokratike Agron Gjekmarkaj e drejton gishtin tek SHBA, si nj\u00eb nd\u00ebr faktor\u00ebt kryesor q\u00eb opozita humbi zgjedhjet n\u00eb 25 prill. Gjekmarkaj tha n\u00eb nj\u00eb\u2026","rel":"","context":"In &quot;Blogu i Udh\u00ebtarit&quot;","block_context":{"text":"Blogu i Udh\u00ebtarit","link":"https:\/\/www.shqiperia.com\/blog\/category\/blogu-i-udhetarit\/"},"img":{"alt_text":"","src":"https:\/\/i0.wp.com\/www.shqiperia.com\/blog\/wp-content\/uploads\/2021\/10\/800-0-615839db87733.jpg?fit=800%2C563&ssl=1&resize=350%2C200","width":350,"height":200,"srcset":"https:\/\/i0.wp.com\/www.shqiperia.com\/blog\/wp-content\/uploads\/2021\/10\/800-0-615839db87733.jpg?fit=800%2C563&ssl=1&resize=350%2C200 1x, https:\/\/i0.wp.com\/www.shqiperia.com\/blog\/wp-content\/uploads\/2021\/10\/800-0-615839db87733.jpg?fit=800%2C563&ssl=1&resize=525%2C300 1.5x, https:\/\/i0.wp.com\/www.shqiperia.com\/blog\/wp-content\/uploads\/2021\/10\/800-0-615839db87733.jpg?fit=800%2C563&ssl=1&resize=700%2C400 2x"},"classes":[]},{"id":105074,"url":"https:\/\/www.shqiperia.com\/blog\/rama-po-shqyen-atdheun-pjese-pjese\/","url_meta":{"origin":46969,"position":3},"title":"Rama po shqyen atdheun pjes\u00eb-pjes\u00eb.","author":"Kurt Farka","date":"August 24, 2026","format":false,"excerpt":"24 Gusht 2026 Gent Kaprata, Sekretar i Departamentit t\u00eb Infrastruktur\u00ebs n\u00eb PD, u shpreh n\u00eb nj\u00eb media se qeverisja e Edi Ram\u00ebs ka p\u00ebrqendruar pushtetin dhe ka boshatisur territorin, duke sjell\u00eb largimin e shqiptar\u00ebve jasht\u00eb vendit. Ai tha se kjo situat\u00eb ka prodhuar edhe protestat q\u00eb po zhvillohen n\u00eb qytete\u2026","rel":"","context":"In &quot;Blogu i Udh\u00ebtarit&quot;","block_context":{"text":"Blogu i Udh\u00ebtarit","link":"https:\/\/www.shqiperia.com\/blog\/category\/blogu-i-udhetarit\/"},"img":{"alt_text":"","src":"https:\/\/i0.wp.com\/www.shqiperia.com\/blog\/wp-content\/uploads\/2026\/08\/727126107_27791819013775577_4523875627734286620_n.jpg?fit=1200%2C867&ssl=1&resize=350%2C200","width":350,"height":200,"srcset":"https:\/\/i0.wp.com\/www.shqiperia.com\/blog\/wp-content\/uploads\/2026\/08\/727126107_27791819013775577_4523875627734286620_n.jpg?fit=1200%2C867&ssl=1&resize=350%2C200 1x, https:\/\/i0.wp.com\/www.shqiperia.com\/blog\/wp-content\/uploads\/2026\/08\/727126107_27791819013775577_4523875627734286620_n.jpg?fit=1200%2C867&ssl=1&resize=525%2C300 1.5x, https:\/\/i0.wp.com\/www.shqiperia.com\/blog\/wp-content\/uploads\/2026\/08\/727126107_27791819013775577_4523875627734286620_n.jpg?fit=1200%2C867&ssl=1&resize=700%2C400 2x, https:\/\/i0.wp.com\/www.shqiperia.com\/blog\/wp-content\/uploads\/2026\/08\/727126107_27791819013775577_4523875627734286620_n.jpg?fit=1200%2C867&ssl=1&resize=1050%2C600 3x"},"classes":[]},{"id":47042,"url":"https:\/\/www.shqiperia.com\/blog\/ne-lezhe-kandidoi-edhe-jozefina-topalli-ja-sa-vota-ka-marre\/","url_meta":{"origin":46969,"position":4},"title":"N\u00eb Lezh\u00eb kandidoi edhe Jozefina Topalli. &#8211;\u00a0 Ja sa vota ka marre\u2026","author":"Kurt Farka","date":"April 28, 2021","format":false,"excerpt":"N\u00eb Lezh\u00eb kandidoi edhe Jozefina Topalli. -\u00a0 Ja sa vota ka marre\u2026 N\u00eb Qarkun e Lezh\u00ebs po vijohet me num\u00ebrimin e votave t\u00eb kandidateve dhe m\u00eb i votuari i list\u00ebs s\u00eb PD rezulton t\u00eb jet\u00eb Mark Marku\u00a0i ndjekur nga Kastriot Piroli,\u00a0nd\u00ebrsa analisti Gjekmarkaj ka marr\u00eb mbi 2700 vota.\u00a0PD ka mundur\u2026","rel":"","context":"In &quot;Njoftime Shtypi&quot;","block_context":{"text":"Njoftime Shtypi","link":"https:\/\/www.shqiperia.com\/blog\/category\/njoftime-shtypi\/"},"img":{"alt_text":"","src":"https:\/\/i0.wp.com\/www.shqiperia.com\/blog\/wp-content\/uploads\/2021\/04\/800-0-60899bde60ec8.jpg?fit=657%2C345&ssl=1&resize=350%2C200","width":350,"height":200,"srcset":"https:\/\/i0.wp.com\/www.shqiperia.com\/blog\/wp-content\/uploads\/2021\/04\/800-0-60899bde60ec8.jpg?fit=657%2C345&ssl=1&resize=350%2C200 1x, https:\/\/i0.wp.com\/www.shqiperia.com\/blog\/wp-content\/uploads\/2021\/04\/800-0-60899bde60ec8.jpg?fit=657%2C345&ssl=1&resize=525%2C300 1.5x"},"classes":[]},{"id":78956,"url":"https:\/\/www.shqiperia.com\/blog\/agron-gjekmarkaj-ftoj-bashen-te-kthehet-tek-partia-qe-e-ka-rritur-politikisht\/","url_meta":{"origin":46969,"position":5},"title":"Agron Gjekmarkaj: &#8211; Ftoj Bash\u00ebn t\u00eb kthehet tek partia q\u00eb e ka rritur politikisht","author":"Kurt Farka","date":"March 6, 2024","format":false,"excerpt":"6 Mars 2024 N\u00ebnkryetari i PD s\u00eb Rithemelimit, Agron Gjekmarkaj i ka b\u00ebr\u00eb ftes\u00eb Lulzim Bash\u00ebs q\u00eb t\u00eb bashkohet me partin\u00eb q\u00eb e ka rritur politikisht. N\u00eb nj\u00eb intervist\u00eb p\u00ebr gazetarin e News24, Osman Stafa, Gjekmarkaj u shpreh se Basha nuk duhet t\u00eb keqp\u00ebrdoret p\u00ebr diversionin qeveritar. \u201cNe jemi bashkuar\u2026","rel":"","context":"In &quot;Blogu i Udh\u00ebtarit&quot;","block_context":{"text":"Blogu i Udh\u00ebtarit","link":"https:\/\/www.shqiperia.com\/blog\/category\/blogu-i-udhetarit\/"},"img":{"alt_text":"","src":"https:\/\/i0.wp.com\/www.shqiperia.com\/blog\/wp-content\/uploads\/2024\/03\/agron-gjekmarkaj.jpg?fit=1037%2C649&ssl=1&resize=350%2C200","width":350,"height":200,"srcset":"https:\/\/i0.wp.com\/www.shqiperia.com\/blog\/wp-content\/uploads\/2024\/03\/agron-gjekmarkaj.jpg?fit=1037%2C649&ssl=1&resize=350%2C200 1x, https:\/\/i0.wp.com\/www.shqiperia.com\/blog\/wp-content\/uploads\/2024\/03\/agron-gjekmarkaj.jpg?fit=1037%2C649&ssl=1&resize=525%2C300 1.5x, https:\/\/i0.wp.com\/www.shqiperia.com\/blog\/wp-content\/uploads\/2024\/03\/agron-gjekmarkaj.jpg?fit=1037%2C649&ssl=1&resize=700%2C400 2x"},"classes":[]}],"_links":{"self":[{"href":"https:\/\/www.shqiperia.com\/blog\/wp-json\/wp\/v2\/posts\/46969","targetHints":{"allow":["GET"]}}],"collection":[{"href":"https:\/\/www.shqiperia.com\/blog\/wp-json\/wp\/v2\/posts"}],"about":[{"href":"https:\/\/www.shqiperia.com\/blog\/wp-json\/wp\/v2\/types\/post"}],"author":[{"embeddable":true,"href":"https:\/\/www.shqiperia.com\/blog\/wp-json\/wp\/v2\/users\/9"}],"replies":[{"embeddable":true,"href":"https:\/\/www.shqiperia.com\/blog\/wp-json\/wp\/v2\/comments?post=46969"}],"version-history":[{"count":1,"href":"https:\/\/www.shqiperia.com\/blog\/wp-json\/wp\/v2\/posts\/46969\/revisions"}],"predecessor-version":[{"id":46971,"href":"https:\/\/www.shqiperia.com\/blog\/wp-json\/wp\/v2\/posts\/46969\/revisions\/46971"}],"wp:featuredmedia":[{"embeddable":true,"href":"https:\/\/www.shqiperia.com\/blog\/wp-json\/wp\/v2\/media\/46970"}],"wp:attachment":[{"href":"https:\/\/www.shqiperia.com\/blog\/wp-json\/wp\/v2\/media?parent=46969"}],"wp:term":[{"taxonomy":"category","embeddable":true,"href":"https:\/\/www.shqiperia.com\/blog\/wp-json\/wp\/v2\/categories?post=46969"},{"taxonomy":"post_tag","embeddable":true,"href":"https:\/\/www.shqiperia.com\/blog\/wp-json\/wp\/v2\/tags?post=46969"}],"curies":[{"name":"wp","href":"https:\/\/api.w.org\/{rel}","templated":true}]}}