{"id":46966,"date":"2021-04-26T14:33:57","date_gmt":"2021-04-26T14:33:57","guid":{"rendered":"https:\/\/www.shqiperia.com\/blog\/?p=46966"},"modified":"2021-04-26T14:33:57","modified_gmt":"2021-04-26T14:33:57","slug":"shifrat-qe-shikoni-jane-deshira-e-e-edi-rames-por-jo-vullneti-i-popullit","status":"publish","type":"post","link":"https:\/\/www.shqiperia.com\/blog\/shifrat-qe-shikoni-jane-deshira-e-e-edi-rames-por-jo-vullneti-i-popullit\/","title":{"rendered":"Shifrat q\u00eb shikoni jan\u00eb d\u00ebshira e e Edi Ram\u00ebs, por jo vullneti i popullit. \u00a0"},"content":{"rendered":"<p><img data-recalc-dims=\"1\" loading=\"lazy\" decoding=\"async\" data-attachment-id=\"46967\" data-permalink=\"https:\/\/www.shqiperia.com\/blog\/shifrat-qe-shikoni-jane-deshira-e-e-edi-rames-por-jo-vullneti-i-popullit\/178639376_10159283772076952_2766454923708969981_n-485x360\/\" data-orig-file=\"https:\/\/i0.wp.com\/www.shqiperia.com\/blog\/wp-content\/uploads\/2021\/04\/178639376_10159283772076952_2766454923708969981_n-485x360-1.jpg?fit=485%2C265&amp;ssl=1\" data-orig-size=\"485,265\" data-comments-opened=\"1\" data-image-meta=\"{&quot;aperture&quot;:&quot;0&quot;,&quot;credit&quot;:&quot;&quot;,&quot;camera&quot;:&quot;&quot;,&quot;caption&quot;:&quot;&quot;,&quot;created_timestamp&quot;:&quot;0&quot;,&quot;copyright&quot;:&quot;&quot;,&quot;focal_length&quot;:&quot;0&quot;,&quot;iso&quot;:&quot;0&quot;,&quot;shutter_speed&quot;:&quot;0&quot;,&quot;title&quot;:&quot;&quot;,&quot;orientation&quot;:&quot;0&quot;}\" data-image-title=\"178639376_10159283772076952_2766454923708969981_n-485&#215;360\" data-image-description=\"\" data-image-caption=\"\" data-medium-file=\"https:\/\/i0.wp.com\/www.shqiperia.com\/blog\/wp-content\/uploads\/2021\/04\/178639376_10159283772076952_2766454923708969981_n-485x360-1.jpg?fit=300%2C164&amp;ssl=1\" data-large-file=\"https:\/\/i0.wp.com\/www.shqiperia.com\/blog\/wp-content\/uploads\/2021\/04\/178639376_10159283772076952_2766454923708969981_n-485x360-1.jpg?fit=485%2C265&amp;ssl=1\" class=\"alignnone  wp-image-46967\" alt=\"\" src=\"https:\/\/i0.wp.com\/www.shqiperia.com\/blog\/wp-content\/uploads\/2021\/04\/178639376_10159283772076952_2766454923708969981_n-485x360-1.jpg?resize=466%2C255&#038;ssl=1\" width=\"466\" height=\"255\" srcset=\"https:\/\/i0.wp.com\/www.shqiperia.com\/blog\/wp-content\/uploads\/2021\/04\/178639376_10159283772076952_2766454923708969981_n-485x360-1.jpg?resize=300%2C164&amp;ssl=1 300w, https:\/\/i0.wp.com\/www.shqiperia.com\/blog\/wp-content\/uploads\/2021\/04\/178639376_10159283772076952_2766454923708969981_n-485x360-1.jpg?resize=450%2C246&amp;ssl=1 450w, https:\/\/i0.wp.com\/www.shqiperia.com\/blog\/wp-content\/uploads\/2021\/04\/178639376_10159283772076952_2766454923708969981_n-485x360-1.jpg?resize=400%2C219&amp;ssl=1 400w, https:\/\/i0.wp.com\/www.shqiperia.com\/blog\/wp-content\/uploads\/2021\/04\/178639376_10159283772076952_2766454923708969981_n-485x360-1.jpg?w=485&amp;ssl=1 485w\" sizes=\"auto, (max-width: 466px) 100vw, 466px\" \/><\/p>\n<p>Shifrat q\u00eb shikoni jan\u00eb d\u00ebshira e e Edi Ram\u00ebs, por jo vullneti i popullit.<\/p>\n<p>Nga\u00a0<strong>Bledian Koka<\/strong><\/p>\n<p>FITORJA nuk do jet\u00eb e thell\u00eb, por E BUKUR<\/p>\n<p>Shifrat q\u00eb shikoni jan\u00eb d\u00ebshira e e Edi Ram\u00ebs, por jo vullneti i popullit. 55% e shqiptar\u00ebve kan\u00eb votuar dje ndryshimin dhe jo \u00ebndrr\u00ebn \u00e7mendurake t\u00eb Ram\u00ebs p\u00ebr mandatin e tret\u00eb.<\/p>\n<p>N\u00eb nj\u00eb akt t\u00eb ngjash\u00ebm me zgjedhjet presindenciale t\u00eb Meksik\u00ebs s\u00eb NARCOS, AKSHI mban peng shifrat reale KQZ-s\u00eb dhe prandaj ju sot nuk e dini q\u00eb 55 p\u00ebr qind e popullit shqiptar ka dal\u00eb dje n\u00eb zgjedhje. Edi Rama po kontrollon sot num\u00ebrimin e kutive q\u00eb jan\u00eb t\u00eb mbushura me votat e blera, p\u00ebr ta na demoralizuar me nj\u00eb fitore q\u00eb nuk e ka.<\/p>\n<p>Trendi n\u00eb or\u00ebt n\u00eb vazhdim do t\u2019i \u00e7oj\u00eb gj\u00ebrat n\u00eb vendin q\u00eb jan\u00eb, prandaj komisioner\u00ebt e opozit\u00ebs jan\u00eb t\u00eb thirrur n\u00eb kauz\u00eb mos t\u00eb l\u00ebn\u00eb asnj\u00eb vot\u00eb t\u00eb lir\u00eb e t\u00eb ndershme q\u00eb ka nd\u00ebshkuar Edi Ram\u00ebn, t\u00eb shkoj\u00eb d\u00ebm. Jan\u00eb ende p\u00ebr t\u2019u num\u00ebruar 55 % e kutive n\u00eb t\u00eb gjith\u00eb vendin p\u00ebr t\u2019u num\u00ebruar, mos harroni. T\u00eb gjitha maskarall\u00ebqet e Edi Ram\u00ebs p\u00ebr blerjen e procesit kan\u00eb d\u00ebshtuar, prandaj sot s\u2019ka vend p\u00ebr trishtim, por vet\u00ebm p\u00ebr g\u00ebzimin e triumfit t\u00eb arsyes s\u00eb sh\u00ebndosh\u00eb q\u00eb ka votuar ndryshimin dhe jo n\u00ebnshtrimin.<\/p>\n<p>p.s\u2026 jam kaq krenar p\u00ebr shqiptar\u00ebt e mi.<\/p>\n","protected":false},"excerpt":{"rendered":"<p>Shifrat q\u00eb shikoni jan\u00eb d\u00ebshira e e Edi Ram\u00ebs, por jo vullneti i popullit. Nga\u00a0Bledian Koka FITORJA nuk do jet\u00eb e thell\u00eb, por E BUKUR Shifrat q\u00eb shikoni jan\u00eb d\u00ebshira e e Edi Ram\u00ebs, por jo vullneti i popullit. 55% e shqiptar\u00ebve kan\u00eb votuar dje ndryshimin dhe jo \u00ebndrr\u00ebn \u00e7mendurake t\u00eb Ram\u00ebs p\u00ebr mandatin e [&hellip;]<\/p>\n","protected":false},"author":9,"featured_media":46967,"comment_status":"open","ping_status":"open","sticky":false,"template":"","format":"standard","meta":{"jetpack_post_was_ever_published":false,"_jetpack_newsletter_access":"","_jetpack_dont_email_post_to_subs":false,"_jetpack_newsletter_tier_id":0,"_jetpack_memberships_contains_paywalled_content":false,"_jetpack_memberships_contains_paid_content":false,"footnotes":"","jetpack_publicize_message":"","jetpack_publicize_feature_enabled":true,"jetpack_social_post_already_shared":true,"jetpack_social_options":{"image_generator_settings":{"template":"highway","default_image_id":0,"font":"","enabled":false},"version":2}},"categories":[2,35],"tags":[],"class_list":["post-46966","post","type-post","status-publish","format-standard","has-post-thumbnail","hentry","category-politika","category-shoqerore"],"jetpack_publicize_connections":[],"jetpack_featured_media_url":"https:\/\/i0.wp.com\/www.shqiperia.com\/blog\/wp-content\/uploads\/2021\/04\/178639376_10159283772076952_2766454923708969981_n-485x360-1.jpg?fit=485%2C265&ssl=1","jetpack_sharing_enabled":true,"jetpack_shortlink":"https:\/\/wp.me\/p5Z6wp-cdw","jetpack-related-posts":[{"id":101267,"url":"https:\/\/www.shqiperia.com\/blog\/leter-e-hapur-socialisteve-shqiptare-zgjohuni\/","url_meta":{"origin":46966,"position":0},"title":"Let\u00ebr e hapur socialist\u00ebve shqiptar\u00eb: &#8211; Zgjohuni!","author":"Kurt Farka","date":"June 8, 2026","format":false,"excerpt":"8 Qershor 2026 Socialist\u00eb shqiptar\u00eb! An\u00ebtar\u00eb t\u00eb Partis\u00eb Socialiste! Deputet\u00eb dhe mb\u00ebshtet\u00ebs t\u00eb k\u00ebsaj partie! Zgjohuni! N\u00eb krye t\u00eb partis\u00eb keni nj\u00eb njeri q\u00eb ju komandon, k\u00ebrkon bindje pa kushte p\u00ebr \u00e7do gj\u00eb, ju fyen me gjuh\u00ebn dhe sjelljet e tij, ju n\u00ebp\u00ebrk\u00ebmb dinjitetin n\u00eb vend q\u00eb t\u2019ju respektoj\u00eb, t\u00eb\u2026","rel":"","context":"In &quot;Blogu i Udh\u00ebtarit&quot;","block_context":{"text":"Blogu i Udh\u00ebtarit","link":"https:\/\/www.shqiperia.com\/blog\/category\/blogu-i-udhetarit\/"},"img":{"alt_text":"","src":"https:\/\/i0.wp.com\/www.shqiperia.com\/blog\/wp-content\/uploads\/2026\/06\/Screenshot_20260607_214742_Gallery-1.jpg?fit=720%2C552&ssl=1&resize=350%2C200","width":350,"height":200,"srcset":"https:\/\/i0.wp.com\/www.shqiperia.com\/blog\/wp-content\/uploads\/2026\/06\/Screenshot_20260607_214742_Gallery-1.jpg?fit=720%2C552&ssl=1&resize=350%2C200 1x, https:\/\/i0.wp.com\/www.shqiperia.com\/blog\/wp-content\/uploads\/2026\/06\/Screenshot_20260607_214742_Gallery-1.jpg?fit=720%2C552&ssl=1&resize=525%2C300 1.5x, https:\/\/i0.wp.com\/www.shqiperia.com\/blog\/wp-content\/uploads\/2026\/06\/Screenshot_20260607_214742_Gallery-1.jpg?fit=720%2C552&ssl=1&resize=700%2C400 2x"},"classes":[]},{"id":102319,"url":"https:\/\/www.shqiperia.com\/blog\/anuloni-shitjen-e-shqiperise-protestuesi-ky-eshte-revolucioni-i-shqiponjave\/","url_meta":{"origin":46966,"position":1},"title":"\u2018Anuloni shitjen e Shqip\u00ebris\u00eb!\u2019\/ Protestuesi: &#8211; Ky \u00ebsht\u00eb Revolucioni i Shqiponjave","author":"Kurt Farka","date":"July 6, 2026","format":false,"excerpt":"6 Korrik 2026 Nj\u00eb nga protestuesit q\u00eb mori fjal\u00ebn n\u00eb dit\u00ebn e 37-t\u00eb t\u00eb protest\u00ebs qytetare kund\u00ebr qeveris\u00eb s\u00eb Edi Ram\u00ebs l\u00ebshoi akuza t\u00eb forta p\u00ebr, sipas tij, keqmenaxhimin e pasurive natyrore t\u00eb vendit dhe braktisjen e interesit publik. Ai u b\u00ebri thirrje qytetar\u00ebve, ve\u00e7an\u00ebrisht emigrant\u00ebve, t\u00eb mos q\u00ebndrojn\u00eb indiferent\u00eb\u2026","rel":"","context":"In &quot;Blogu i Udh\u00ebtarit&quot;","block_context":{"text":"Blogu i Udh\u00ebtarit","link":"https:\/\/www.shqiperia.com\/blog\/category\/blogu-i-udhetarit\/"},"img":{"alt_text":"","src":"https:\/\/i0.wp.com\/www.shqiperia.com\/blog\/wp-content\/uploads\/2026\/07\/WhatsApp-Image-2026-06-19-at-21.03.56-1-5.jpeg?fit=1200%2C900&ssl=1&resize=350%2C200","width":350,"height":200,"srcset":"https:\/\/i0.wp.com\/www.shqiperia.com\/blog\/wp-content\/uploads\/2026\/07\/WhatsApp-Image-2026-06-19-at-21.03.56-1-5.jpeg?fit=1200%2C900&ssl=1&resize=350%2C200 1x, https:\/\/i0.wp.com\/www.shqiperia.com\/blog\/wp-content\/uploads\/2026\/07\/WhatsApp-Image-2026-06-19-at-21.03.56-1-5.jpeg?fit=1200%2C900&ssl=1&resize=525%2C300 1.5x, https:\/\/i0.wp.com\/www.shqiperia.com\/blog\/wp-content\/uploads\/2026\/07\/WhatsApp-Image-2026-06-19-at-21.03.56-1-5.jpeg?fit=1200%2C900&ssl=1&resize=700%2C400 2x, https:\/\/i0.wp.com\/www.shqiperia.com\/blog\/wp-content\/uploads\/2026\/07\/WhatsApp-Image-2026-06-19-at-21.03.56-1-5.jpeg?fit=1200%2C900&ssl=1&resize=1050%2C600 3x"},"classes":[]},{"id":101893,"url":"https:\/\/www.shqiperia.com\/blog\/spartak-ngjela-paralajmeron-fundin-e-edi-rames-ja-levizja-e-gabuar-qe-do-ta-coje-kryeministrin-para-spak-ut\/","url_meta":{"origin":46966,"position":2},"title":"Spartak Ngjela paralajm\u00ebron fundin e Edi Ram\u00ebs, ja l\u00ebvizja e gabuar q\u00eb do ta \u00e7oj\u00eb kryeministrin para SPAK-ut","author":"Kurt Farka","date":"June 27, 2026","format":false,"excerpt":"28 Qershor 2026 Avokati i njohur, Spartak Ngjela, ka reaguar dje ashp\u00ebr n\u00eb rrjetet sociale, duke l\u00ebshuar paralajm\u00ebrime t\u00eb r\u00ebnda p\u00ebr telashe t\u00eb m\u00ebdha politike dhe juridike ndaj kryeministrit Edi Rama. P\u00ebrmes nj\u00eb analize t\u00eb prer\u00eb, z. Ngjela ka theksuar se Gjiri i Vlor\u00ebs dhe Ishulli i Sazanit p\u00ebrb\u00ebjn\u00eb territore\u2026","rel":"","context":"In &quot;Blogu i Udh\u00ebtarit&quot;","block_context":{"text":"Blogu i Udh\u00ebtarit","link":"https:\/\/www.shqiperia.com\/blog\/category\/blogu-i-udhetarit\/"},"img":{"alt_text":"","src":"https:\/\/i0.wp.com\/www.shqiperia.com\/blog\/wp-content\/uploads\/2026\/06\/ngjela-rama-1-1.jpg?fit=863%2C432&ssl=1&resize=350%2C200","width":350,"height":200,"srcset":"https:\/\/i0.wp.com\/www.shqiperia.com\/blog\/wp-content\/uploads\/2026\/06\/ngjela-rama-1-1.jpg?fit=863%2C432&ssl=1&resize=350%2C200 1x, https:\/\/i0.wp.com\/www.shqiperia.com\/blog\/wp-content\/uploads\/2026\/06\/ngjela-rama-1-1.jpg?fit=863%2C432&ssl=1&resize=525%2C300 1.5x, https:\/\/i0.wp.com\/www.shqiperia.com\/blog\/wp-content\/uploads\/2026\/06\/ngjela-rama-1-1.jpg?fit=863%2C432&ssl=1&resize=700%2C400 2x"},"classes":[]},{"id":100753,"url":"https:\/\/www.shqiperia.com\/blog\/cfare-po-paralajmeron-edi-rama-per-belinda-ballukun-deklaron-se-nuk-do-nderhyjne-me-ne-sistemin-e-drejtesise-pas\/","url_meta":{"origin":46966,"position":3},"title":"\u00c7far\u00eb po paralajm\u00ebron Edi Rama p\u00ebr Belinda Ballukun, deklaron se nuk do nd\u00ebrhyjn\u00eb m\u00eb n\u00eb sistemin e drejt\u00ebsis\u00eb pas\u2026","author":"Kurt Farka","date":"May 30, 2026","format":false,"excerpt":"30 Maji 2026 N\u00eb kuad\u00ebr t\u00eb 35-vjetorit t\u00eb Partis\u00eb Socialiste, kryeministri Edi Rama gjat\u00eb nj\u00eb takimi n\u00eb Dib\u00ebr ka dh\u00ebn\u00eb dje sinjale se do t\u00eb \u201cl\u00ebshoj\u00eb\u201d ish-zv\/kryeministren Belinda Balluku dhe zyrtar\u00eb t\u00eb tjer\u00eb t\u00eb lart\u00eb socialist\u00eb q\u00eb po hetohen nga drejt\u00ebsia, kryesisht Prokuroria e Posa\u00e7me (SPAK) si t\u00eb p\u00ebrfshir\u00eb n\u00eb\u2026","rel":"","context":"In &quot;Blogu i Udh\u00ebtarit&quot;","block_context":{"text":"Blogu i Udh\u00ebtarit","link":"https:\/\/www.shqiperia.com\/blog\/category\/blogu-i-udhetarit\/"},"img":{"alt_text":"","src":"https:\/\/i0.wp.com\/www.shqiperia.com\/blog\/wp-content\/uploads\/2026\/05\/Balluku-Rama.jpg?resize=350%2C200&ssl=1","width":350,"height":200,"srcset":"https:\/\/i0.wp.com\/www.shqiperia.com\/blog\/wp-content\/uploads\/2026\/05\/Balluku-Rama.jpg?resize=350%2C200&ssl=1 1x, https:\/\/i0.wp.com\/www.shqiperia.com\/blog\/wp-content\/uploads\/2026\/05\/Balluku-Rama.jpg?resize=525%2C300&ssl=1 1.5x"},"classes":[]},{"id":102979,"url":"https:\/\/www.shqiperia.com\/blog\/ish-luftetari-i-uck-se-thirrje-forcave-te-rendit-qendroni-ne-krah-te-popullit-jo-te-qeverise-nese-provokohet-dhune-do-tu-kthehemi-me-te-njejten-monedhe\/","url_meta":{"origin":46966,"position":4},"title":"Ish luft\u00ebtari i U\u00c7K-s\u00eb thirrje forcave t\u00eb rendit: &#8211; Q\u00ebndroni n\u00eb krah t\u00eb popullit, jo t\u00eb qeveris\u00eb! &#8211; N\u00ebse provokohet dhun\u00eb, do t\u2019u kthehemi me t\u00eb nj\u00ebjt\u00ebn monedh\u00eb","author":"Kurt Farka","date":"July 20, 2026","format":false,"excerpt":"20 Korrik 2026 Ish-luft\u00ebtar i U\u00c7K-s\u00eb Me\u00e7an Zotaj, gjat\u00eb protest\u00ebs s\u00eb 51-t\u00eb kund\u00ebr qeveris\u00eb,\u00a0iu drejtua efektiv\u00ebve t\u00eb Policis\u00eb s\u00eb Shtetit dhe ushtris\u00eb, duke u b\u00ebr\u00eb thirrje t\u00eb q\u00ebndrojn\u00eb n\u00eb krah t\u00eb qytetar\u00ebve dhe t\u00eb mb\u00ebshtesin kauz\u00ebn e protestuesve dhe jo qeverin\u00eb. Ai tha se protesta e zhvilluar para Parlamentit u\u2026","rel":"","context":"In &quot;Blogu i Udh\u00ebtarit&quot;","block_context":{"text":"Blogu i Udh\u00ebtarit","link":"https:\/\/www.shqiperia.com\/blog\/category\/blogu-i-udhetarit\/"},"img":{"alt_text":"","src":"https:\/\/i0.wp.com\/www.shqiperia.com\/blog\/wp-content\/uploads\/2026\/07\/Screenshot-2026-07-20-201709-433x300-1.jpg?fit=433%2C300&ssl=1&resize=350%2C200","width":350,"height":200},"classes":[]},{"id":103745,"url":"https:\/\/www.shqiperia.com\/blog\/histori-suksesi-sipas-edi-rames-aksh-i-eshte-nje-histori-suksesi-dhe-nje-model-qe-duhet-ndjekur-nga-europa\/","url_meta":{"origin":46966,"position":5},"title":"\u2018Histori suksesi\u2019. &#8211; Sipas Edi Ram\u00ebs, AKSH-i \u00ebsht\u00eb nj\u00eb histori suksesi dhe nj\u00eb model q\u00eb duhet ndjekur nga Europa.","author":"Kurt Farka","date":"August 4, 2026","format":false,"excerpt":"4 Gusht 2026 Nga Grigels Mu\u00e7ollari Diferenca mes propagand\u00ebs dhe realitetit \u00ebsht\u00eb b\u00ebr\u00eb nj\u00eb tipar i qeverisjes 13-vje\u00e7are t\u00eb Edi Ram\u00ebs. Premtimet dhe deklaratat e tij jan\u00eb rr\u00ebzuar vazhdimisht nga faktet. Rasti i fundit lidhet me t\u00eb shum\u00ebk\u00ebrkuarin Ermal Beqiri, nj\u00eb em\u00ebr q\u00eb sipas hetimeve t\u00eb SPAK-ut del n\u00eb qend\u00ebr\u2026","rel":"","context":"In &quot;Blogu i Udh\u00ebtarit&quot;","block_context":{"text":"Blogu i Udh\u00ebtarit","link":"https:\/\/www.shqiperia.com\/blog\/category\/blogu-i-udhetarit\/"},"img":{"alt_text":"","src":"https:\/\/i0.wp.com\/www.shqiperia.com\/blog\/wp-content\/uploads\/2026\/08\/auto_grrr1785780086.jpg?fit=900%2C635&ssl=1&resize=350%2C200","width":350,"height":200,"srcset":"https:\/\/i0.wp.com\/www.shqiperia.com\/blog\/wp-content\/uploads\/2026\/08\/auto_grrr1785780086.jpg?fit=900%2C635&ssl=1&resize=350%2C200 1x, https:\/\/i0.wp.com\/www.shqiperia.com\/blog\/wp-content\/uploads\/2026\/08\/auto_grrr1785780086.jpg?fit=900%2C635&ssl=1&resize=525%2C300 1.5x, https:\/\/i0.wp.com\/www.shqiperia.com\/blog\/wp-content\/uploads\/2026\/08\/auto_grrr1785780086.jpg?fit=900%2C635&ssl=1&resize=700%2C400 2x"},"classes":[]}],"_links":{"self":[{"href":"https:\/\/www.shqiperia.com\/blog\/wp-json\/wp\/v2\/posts\/46966","targetHints":{"allow":["GET"]}}],"collection":[{"href":"https:\/\/www.shqiperia.com\/blog\/wp-json\/wp\/v2\/posts"}],"about":[{"href":"https:\/\/www.shqiperia.com\/blog\/wp-json\/wp\/v2\/types\/post"}],"author":[{"embeddable":true,"href":"https:\/\/www.shqiperia.com\/blog\/wp-json\/wp\/v2\/users\/9"}],"replies":[{"embeddable":true,"href":"https:\/\/www.shqiperia.com\/blog\/wp-json\/wp\/v2\/comments?post=46966"}],"version-history":[{"count":1,"href":"https:\/\/www.shqiperia.com\/blog\/wp-json\/wp\/v2\/posts\/46966\/revisions"}],"predecessor-version":[{"id":46968,"href":"https:\/\/www.shqiperia.com\/blog\/wp-json\/wp\/v2\/posts\/46966\/revisions\/46968"}],"wp:featuredmedia":[{"embeddable":true,"href":"https:\/\/www.shqiperia.com\/blog\/wp-json\/wp\/v2\/media\/46967"}],"wp:attachment":[{"href":"https:\/\/www.shqiperia.com\/blog\/wp-json\/wp\/v2\/media?parent=46966"}],"wp:term":[{"taxonomy":"category","embeddable":true,"href":"https:\/\/www.shqiperia.com\/blog\/wp-json\/wp\/v2\/categories?post=46966"},{"taxonomy":"post_tag","embeddable":true,"href":"https:\/\/www.shqiperia.com\/blog\/wp-json\/wp\/v2\/tags?post=46966"}],"curies":[{"name":"wp","href":"https:\/\/api.w.org\/{rel}","templated":true}]}}