{"id":46182,"date":"2021-04-08T17:02:20","date_gmt":"2021-04-08T17:02:20","guid":{"rendered":"https:\/\/www.shqiperia.com\/blog\/?p=46182"},"modified":"2021-04-08T17:02:20","modified_gmt":"2021-04-08T17:02:20","slug":"shumica-e-njerezve-qe-vdesin-nga-covid-19-kane-virusin-ne-zemrat-e-tyre-cfare-tregon-studimi-i-ri","status":"publish","type":"post","link":"https:\/\/www.shqiperia.com\/blog\/shumica-e-njerezve-qe-vdesin-nga-covid-19-kane-virusin-ne-zemrat-e-tyre-cfare-tregon-studimi-i-ri\/","title":{"rendered":"Shumica e njer\u00ebzve q\u00eb vdesin nga COVID-19 kan\u00eb virusin n\u00eb zemrat e tyre! \u00c7far\u00eb tregon studimi i ri"},"content":{"rendered":"<p><img data-recalc-dims=\"1\" loading=\"lazy\" decoding=\"async\" data-attachment-id=\"46183\" data-permalink=\"https:\/\/www.shqiperia.com\/blog\/shumica-e-njerezve-qe-vdesin-nga-covid-19-kane-virusin-ne-zemrat-e-tyre-cfare-tregon-studimi-i-ri\/heartlungscovid-1128597855-770x533-1\/\" data-orig-file=\"https:\/\/i0.wp.com\/www.shqiperia.com\/blog\/wp-content\/uploads\/2021\/04\/heartLungsCovid-1128597855-770x533-1.jpg?fit=770%2C385&amp;ssl=1\" data-orig-size=\"770,385\" data-comments-opened=\"1\" data-image-meta=\"{&quot;aperture&quot;:&quot;0&quot;,&quot;credit&quot;:&quot;&quot;,&quot;camera&quot;:&quot;&quot;,&quot;caption&quot;:&quot;&quot;,&quot;created_timestamp&quot;:&quot;0&quot;,&quot;copyright&quot;:&quot;&quot;,&quot;focal_length&quot;:&quot;0&quot;,&quot;iso&quot;:&quot;0&quot;,&quot;shutter_speed&quot;:&quot;0&quot;,&quot;title&quot;:&quot;&quot;,&quot;orientation&quot;:&quot;0&quot;}\" data-image-title=\"heartLungsCovid-1128597855-770&#215;533-1\" data-image-description=\"\" data-image-caption=\"\" data-medium-file=\"https:\/\/i0.wp.com\/www.shqiperia.com\/blog\/wp-content\/uploads\/2021\/04\/heartLungsCovid-1128597855-770x533-1.jpg?fit=300%2C150&amp;ssl=1\" data-large-file=\"https:\/\/i0.wp.com\/www.shqiperia.com\/blog\/wp-content\/uploads\/2021\/04\/heartLungsCovid-1128597855-770x533-1.jpg?fit=770%2C385&amp;ssl=1\" class=\"alignnone  wp-image-46183\" alt=\"\" src=\"https:\/\/i0.wp.com\/www.shqiperia.com\/blog\/wp-content\/uploads\/2021\/04\/heartLungsCovid-1128597855-770x533-1.jpg?resize=608%2C304&#038;ssl=1\" width=\"608\" height=\"304\" srcset=\"https:\/\/i0.wp.com\/www.shqiperia.com\/blog\/wp-content\/uploads\/2021\/04\/heartLungsCovid-1128597855-770x533-1.jpg?resize=300%2C150&amp;ssl=1 300w, https:\/\/i0.wp.com\/www.shqiperia.com\/blog\/wp-content\/uploads\/2021\/04\/heartLungsCovid-1128597855-770x533-1.jpg?resize=768%2C384&amp;ssl=1 768w, https:\/\/i0.wp.com\/www.shqiperia.com\/blog\/wp-content\/uploads\/2021\/04\/heartLungsCovid-1128597855-770x533-1.jpg?resize=450%2C225&amp;ssl=1 450w, https:\/\/i0.wp.com\/www.shqiperia.com\/blog\/wp-content\/uploads\/2021\/04\/heartLungsCovid-1128597855-770x533-1.jpg?resize=600%2C300&amp;ssl=1 600w, https:\/\/i0.wp.com\/www.shqiperia.com\/blog\/wp-content\/uploads\/2021\/04\/heartLungsCovid-1128597855-770x533-1.jpg?resize=400%2C200&amp;ssl=1 400w, https:\/\/i0.wp.com\/www.shqiperia.com\/blog\/wp-content\/uploads\/2021\/04\/heartLungsCovid-1128597855-770x533-1.jpg?w=770&amp;ssl=1 770w\" sizes=\"auto, (max-width: 608px) 100vw, 608px\" \/><\/p>\n<p><a href=\"http:\/\/www.panorama.com.al\/shumica-e-njerezve-qe-vdesin-nga-covid-19-kane-virusin-ne-zemrat-e-tyre-cfare-tregon-studimi-i-ri\/\">Shumica e njer\u00ebzve q\u00eb vdesin nga COVID-19 kan\u00eb virusin n\u00eb zemrat e tyre! \u00c7far\u00eb tregon studimi i ri<\/a><\/p>\n<p><em>8 pril 2021 <\/em><\/p>\n<p><strong>Tre nga kat\u00ebr njer\u00ebzit q\u00eb vdiq\u00ebn nga COVID-19, virusin SARS-CoV-2 e kishin n\u00eb zemrat e tyre, tregon studimi i ri.<\/strong><\/p>\n<p>Shumica kan\u00eb nj\u00eb rit\u00ebm t\u00eb \u00e7rregullt t\u00eb zemr\u00ebs para vdekjes sesa pacient\u00ebt q\u00eb nuk e kan\u00eb pasur virusin COVID-19 n\u00eb zemr\u00ebn e tyre.<\/p>\n<p>Gjat\u00eb hulumtimit, studiuesit shikuan se si infeksioni i coronavirusit mund t\u00eb d\u00ebmtoj\u00eb zemr\u00ebn dhe si mund t\u00eb ndihmojn\u00eb trajtime t\u00eb caktuara.<\/p>\n<p>\u201cRezultatet tregojn\u00eb nj\u00eb pamje v\u00ebrtet\u00eb t\u00eb qart\u00eb t\u00eb lidhjes midis virusit dhe problemeve t\u00eb zemr\u00ebs\u201d, tha patologu kardiovaskular, Joseph Maleszewski.<\/p>\n<p>Shkenc\u00ebtar\u00ebt tashm\u00eb e din\u00eb q\u00eb infeksioni mund t\u00eb shkaktoj\u00eb d\u00ebmtime t\u00eb zemr\u00ebs, por nuk ishte e qart\u00eb n\u00ebse k\u00ebto probleme u shkaktuan nga virusi SARS-CoV-2 q\u00eb sulmoi drejtp\u00ebrdrejt zemr\u00ebn apo d\u00ebmtimi ishte rezultat i nj\u00eb p\u00ebrgjigje imune tep\u00ebr aktive, shkruan revista shkencore amerikane,\u00a0<a href=\"https:\/\/www.sciencemag.org\/news\/2021\/03\/many-people-who-die-covid-19-have-virus-their-hearts\"><strong>science<\/strong><\/a>.<\/p>\n<p>James Stone, nj\u00eb patolog kardiovaskular n\u00eb Spitalin Massachusetts, dhe koleg\u00ebt e tij p\u00ebrdor\u00ebn metod\u00ebn e hibridizimit in situ dhe profilizimin e NanoString p\u00ebr t\u00eb identifikuar ARN virale edhe pasi t\u00eb ndahet n\u00eb copa m\u00eb t\u00eb vogla. Ata gjithashtu analizuan rreth 1.000 mostra t\u00eb indeve t\u00eb zemr\u00ebs; m\u00eb shum\u00eb se 20 mostra nga secili prej 41 pacient\u00ebve q\u00eb vdiq\u00ebn nga COVID-19.<\/p>\n<p>Ata zbuluan se SARS-CoV-2 ishte i pranish\u00ebm n\u00eb 30 zemra. P\u00ebr m\u00eb tep\u00ebr, vet\u00ebm k\u00ebta pacient\u00eb kishin ritme t\u00eb shpejta dhe t\u00eb parregullta t\u00eb zemr\u00ebs para vdekjes. Ata q\u00eb nuk kishin virusin n\u00eb zem\u00ebr nuk kishin as simptoma t\u00eb tilla.<\/p>\n<p>Ende nuk \u00ebsht\u00eb zbuluar n\u00ebse virusi sulmoi drejtp\u00ebrdrejt zemr\u00ebn n\u00eb k\u00ebto raste. Shumica e qelizave t\u00eb infektuara t\u00eb zemr\u00ebs ishin qeliza imune q\u00eb SARS-CoV-2 mund t\u2019i sulmonte diku tjet\u00ebr n\u00eb trup p\u00ebrpara se t\u00eb udh\u00ebtonin p\u00ebr n\u00eb zem\u00ebr. K\u00ebshtu q\u00eb akoma nuk dihet se \u00e7far\u00eb i shkaktoi sakt\u00ebsisht d\u00ebmtimet n\u00eb organin q\u00eb pompon gjakun n\u00eb organiz\u00ebm, coronavirusi apo qelizat imune.<\/p>\n<p><img data-recalc-dims=\"1\" loading=\"lazy\" decoding=\"async\" data-attachment-id=\"46184\" data-permalink=\"https:\/\/www.shqiperia.com\/blog\/shumica-e-njerezve-qe-vdesin-nga-covid-19-kane-virusin-ne-zemrat-e-tyre-cfare-tregon-studimi-i-ri\/heartlungscovid-1128597855-770x533-1-copy\/\" data-orig-file=\"https:\/\/i0.wp.com\/www.shqiperia.com\/blog\/wp-content\/uploads\/2021\/04\/heartLungsCovid-1128597855-770x533-1-Copy.jpg?fit=770%2C533&amp;ssl=1\" data-orig-size=\"770,533\" data-comments-opened=\"1\" data-image-meta=\"{&quot;aperture&quot;:&quot;0&quot;,&quot;credit&quot;:&quot;&quot;,&quot;camera&quot;:&quot;&quot;,&quot;caption&quot;:&quot;&quot;,&quot;created_timestamp&quot;:&quot;0&quot;,&quot;copyright&quot;:&quot;&quot;,&quot;focal_length&quot;:&quot;0&quot;,&quot;iso&quot;:&quot;0&quot;,&quot;shutter_speed&quot;:&quot;0&quot;,&quot;title&quot;:&quot;&quot;,&quot;orientation&quot;:&quot;0&quot;}\" data-image-title=\"heartLungsCovid-1128597855-770&#215;533-1 &#8211; Copy\" data-image-description=\"\" data-image-caption=\"\" data-medium-file=\"https:\/\/i0.wp.com\/www.shqiperia.com\/blog\/wp-content\/uploads\/2021\/04\/heartLungsCovid-1128597855-770x533-1-Copy.jpg?fit=300%2C208&amp;ssl=1\" data-large-file=\"https:\/\/i0.wp.com\/www.shqiperia.com\/blog\/wp-content\/uploads\/2021\/04\/heartLungsCovid-1128597855-770x533-1-Copy.jpg?fit=770%2C533&amp;ssl=1\" class=\"alignnone  wp-image-46184\" alt=\"\" src=\"https:\/\/i0.wp.com\/www.shqiperia.com\/blog\/wp-content\/uploads\/2021\/04\/heartLungsCovid-1128597855-770x533-1-Copy.jpg?resize=697%2C483&#038;ssl=1\" width=\"697\" height=\"483\" srcset=\"https:\/\/i0.wp.com\/www.shqiperia.com\/blog\/wp-content\/uploads\/2021\/04\/heartLungsCovid-1128597855-770x533-1-Copy.jpg?resize=300%2C208&amp;ssl=1 300w, https:\/\/i0.wp.com\/www.shqiperia.com\/blog\/wp-content\/uploads\/2021\/04\/heartLungsCovid-1128597855-770x533-1-Copy.jpg?resize=768%2C532&amp;ssl=1 768w, https:\/\/i0.wp.com\/www.shqiperia.com\/blog\/wp-content\/uploads\/2021\/04\/heartLungsCovid-1128597855-770x533-1-Copy.jpg?resize=450%2C311&amp;ssl=1 450w, https:\/\/i0.wp.com\/www.shqiperia.com\/blog\/wp-content\/uploads\/2021\/04\/heartLungsCovid-1128597855-770x533-1-Copy.jpg?resize=600%2C415&amp;ssl=1 600w, https:\/\/i0.wp.com\/www.shqiperia.com\/blog\/wp-content\/uploads\/2021\/04\/heartLungsCovid-1128597855-770x533-1-Copy.jpg?resize=400%2C277&amp;ssl=1 400w, https:\/\/i0.wp.com\/www.shqiperia.com\/blog\/wp-content\/uploads\/2021\/04\/heartLungsCovid-1128597855-770x533-1-Copy.jpg?w=770&amp;ssl=1 770w\" sizes=\"auto, (max-width: 697px) 100vw, 697px\" \/><\/p>\n<p>P\u00ebrkund\u00ebr rezultateve t\u00eb kufizuara, hulumtimi ka shpjeguar pse Dexametazoni ndihmon aq shum\u00eb disa pacient\u00eb me coronavirus. Ky ila\u00e7 \u00ebsht\u00eb nj\u00eb nga t\u00eb par\u00ebt q\u00eb \u00ebsht\u00eb gjetur p\u00ebr t\u00eb parandaluar vdekshm\u00ebrin\u00eb.<\/p>\n<p><em>\u201cDexamethasone, n\u00eb fakt, zvog\u00eblon inflamacionin k\u00ebshtu q\u00eb mund t\u00eb ket\u00eb ulur nivelin e qelizave imune me virusin SARS-CoV-2 n\u00eb zem\u00ebr\u201d,<\/em>\u00a0tha Stone. Vet\u00ebm 50 p\u00ebr qind e pacient\u00ebve q\u00eb merrnin deksametazon kishin virusin n\u00eb zemr\u00ebn e tyre, krahasuar me 90 p\u00ebr qind t\u00eb pacient\u00ebve q\u00eb nuk merrnin ila\u00e7in.<\/p>\n<p>Gazeta Panorama<\/p>\n","protected":false},"excerpt":{"rendered":"<p>Shumica e njer\u00ebzve q\u00eb vdesin nga COVID-19 kan\u00eb virusin n\u00eb zemrat e tyre! \u00c7far\u00eb tregon studimi i ri 8 pril 2021 Tre nga kat\u00ebr njer\u00ebzit q\u00eb vdiq\u00ebn nga COVID-19, virusin SARS-CoV-2 e kishin n\u00eb zemrat e tyre, tregon studimi i ri. Shumica kan\u00eb nj\u00eb rit\u00ebm t\u00eb \u00e7rregullt t\u00eb zemr\u00ebs para vdekjes sesa pacient\u00ebt q\u00eb nuk [&hellip;]<\/p>\n","protected":false},"author":9,"featured_media":46183,"comment_status":"open","ping_status":"open","sticky":false,"template":"","format":"standard","meta":{"jetpack_post_was_ever_published":false,"_jetpack_newsletter_access":"","_jetpack_dont_email_post_to_subs":false,"_jetpack_newsletter_tier_id":0,"_jetpack_memberships_contains_paywalled_content":false,"_jetpack_memberships_contains_paid_content":false,"footnotes":"","jetpack_publicize_message":"","jetpack_publicize_feature_enabled":true,"jetpack_social_post_already_shared":true,"jetpack_social_options":{"image_generator_settings":{"template":"highway","default_image_id":0,"font":"","enabled":false},"version":2}},"categories":[1,35],"tags":[],"class_list":["post-46182","post","type-post","status-publish","format-standard","has-post-thumbnail","hentry","category-njoftime-shtypi","category-shoqerore"],"jetpack_publicize_connections":[],"jetpack_featured_media_url":"https:\/\/i0.wp.com\/www.shqiperia.com\/blog\/wp-content\/uploads\/2021\/04\/heartLungsCovid-1128597855-770x533-1.jpg?fit=770%2C385&ssl=1","jetpack_sharing_enabled":true,"jetpack_shortlink":"https:\/\/wp.me\/p5Z6wp-c0S","jetpack-related-posts":[{"id":100020,"url":"https:\/\/www.shqiperia.com\/blog\/vetem-lutesha-qe-te-mbijetoja-trajneri-i-njohur-rrefen-betejen-tronditese-me-hantavirusin\/","url_meta":{"origin":46182,"position":0},"title":"\u2018Vet\u00ebm lutesha q\u00eb t\u00eb mbijetoja\u2019\/ Trajneri i njohur rr\u00ebfen betej\u00ebn trondit\u00ebse me hantavirusin","author":"Kurt Farka","date":"May 8, 2026","format":false,"excerpt":"8 Maji 2026 Nga Matteo Tomada,\u00a0BILD \u201cIshin tri jav\u00ebt m\u00eb t\u00eb k\u00ebqija t\u00eb jet\u00ebs sime\u201d. Me k\u00ebto fjal\u00eb ish-trajneri i Bundeslig\u00ebs, Ralph Hasenh\u00fcttl (58 vje\u00e7, ish-trajner i VfL Wolfsburg dhe RB Leipzig) p\u00ebrshkruan s\u00ebmundjen e tij me hantavirus. Pas tre vdekjeve n\u00eb anijen turistike Hondius pran\u00eb Afrik\u00ebs, trajneri foli p\u00ebr\u2026","rel":"","context":"In &quot;Blogu i Udh\u00ebtarit&quot;","block_context":{"text":"Blogu i Udh\u00ebtarit","link":"https:\/\/www.shqiperia.com\/blog\/category\/blogu-i-udhetarit\/"},"img":{"alt_text":"","src":"https:\/\/i0.wp.com\/www.shqiperia.com\/blog\/wp-content\/uploads\/2026\/05\/auto_hanta1778179888.png?fit=900%2C509&ssl=1&resize=350%2C200","width":350,"height":200,"srcset":"https:\/\/i0.wp.com\/www.shqiperia.com\/blog\/wp-content\/uploads\/2026\/05\/auto_hanta1778179888.png?fit=900%2C509&ssl=1&resize=350%2C200 1x, https:\/\/i0.wp.com\/www.shqiperia.com\/blog\/wp-content\/uploads\/2026\/05\/auto_hanta1778179888.png?fit=900%2C509&ssl=1&resize=525%2C300 1.5x, https:\/\/i0.wp.com\/www.shqiperia.com\/blog\/wp-content\/uploads\/2026\/05\/auto_hanta1778179888.png?fit=900%2C509&ssl=1&resize=700%2C400 2x"},"classes":[]},{"id":100647,"url":"https:\/\/www.shqiperia.com\/blog\/alarm-ne-evrope-pas-rastit-te-ri-ne-spanje-cfare-po-ndodh-me-hantavirusin-dhe-a-jemi-perballe-nje-tjeter-pandemie\/","url_meta":{"origin":46182,"position":1},"title":"Alarm n\u00eb Evrop\u00eb pas rastit t\u00eb ri n\u00eb Spanj\u00eb, \u00e7far\u00eb po ndodh me hantavirusin dhe a jemi p\u00ebrball\u00eb nj\u00eb tjet\u00ebr pandemie\u2026","author":"Kurt Farka","date":"May 26, 2026","format":false,"excerpt":"26 Maji 2026 Frika nga nj\u00eb tjet\u00ebr pandemi globale shp\u00ebrtheu k\u00ebt\u00eb muaj pasi anija turistike MV Hondius u b\u00eb qendra e nj\u00eb shp\u00ebrthimi vdekjeprur\u00ebs t\u00eb hantavirus. Ministria e Sh\u00ebndet\u00ebsis\u00eb n\u00eb Spanj\u00eb ka konfirmuar dje nj\u00eb rast t\u00eb ri pozitiv t\u00eb hantavirusit midis shtetasve spanjoll\u00eb q\u00eb ndodhen n\u00eb karantin\u00eb n\u00eb Spitalin\u2026","rel":"","context":"In &quot;Njoftime Shtypi&quot;","block_context":{"text":"Njoftime Shtypi","link":"https:\/\/www.shqiperia.com\/blog\/category\/njoftime-shtypi\/"},"img":{"alt_text":"","src":"https:\/\/i0.wp.com\/www.shqiperia.com\/blog\/wp-content\/uploads\/2026\/05\/99j-1.jpg?fit=811%2C515&ssl=1&resize=350%2C200","width":350,"height":200,"srcset":"https:\/\/i0.wp.com\/www.shqiperia.com\/blog\/wp-content\/uploads\/2026\/05\/99j-1.jpg?fit=811%2C515&ssl=1&resize=350%2C200 1x, https:\/\/i0.wp.com\/www.shqiperia.com\/blog\/wp-content\/uploads\/2026\/05\/99j-1.jpg?fit=811%2C515&ssl=1&resize=525%2C300 1.5x, https:\/\/i0.wp.com\/www.shqiperia.com\/blog\/wp-content\/uploads\/2026\/05\/99j-1.jpg?fit=811%2C515&ssl=1&resize=700%2C400 2x"},"classes":[]},{"id":104821,"url":"https:\/\/www.shqiperia.com\/blog\/studimi-tregon-se-thatesirat-ndryshojne-perhapjen-e-semundjeve-infektive\/","url_meta":{"origin":46182,"position":2},"title":"Studimi tregon se that\u00ebsirat ndryshojn\u00eb p\u00ebrhapjen e s\u00ebmundjeve infektive","author":"Kurt Farka","date":"August 20, 2026","format":false,"excerpt":"20 Gusht 2026 Nga Per\u00ebndimi amerikan deri n\u00eb Europ\u00eb, that\u00ebsirat po thajn\u00eb lumenjt\u00eb, po nxisin zjarre shkat\u00ebrruese dhe po ndryshojn\u00eb ekosistemet. Por ato po ndikojn\u00eb edhe n\u00eb m\u00ebnyr\u00ebn se si p\u00ebrhapen s\u00ebmundjet infektive, duke shkaktuar rritje t\u00eb rasteve t\u00eb s\u00ebmundjeve si kolera dhe virusi i Nilit Per\u00ebndimor. Nj\u00eb studim i\u2026","rel":"","context":"In &quot;Blogu i Udh\u00ebtarit&quot;","block_context":{"text":"Blogu i Udh\u00ebtarit","link":"https:\/\/www.shqiperia.com\/blog\/category\/blogu-i-udhetarit\/"},"img":{"alt_text":"","src":"https:\/\/i0.wp.com\/www.shqiperia.com\/blog\/wp-content\/uploads\/2026\/08\/auto_drought-is-reshaping-t1787216309.jpg?fit=900%2C596&ssl=1&resize=350%2C200","width":350,"height":200,"srcset":"https:\/\/i0.wp.com\/www.shqiperia.com\/blog\/wp-content\/uploads\/2026\/08\/auto_drought-is-reshaping-t1787216309.jpg?fit=900%2C596&ssl=1&resize=350%2C200 1x, https:\/\/i0.wp.com\/www.shqiperia.com\/blog\/wp-content\/uploads\/2026\/08\/auto_drought-is-reshaping-t1787216309.jpg?fit=900%2C596&ssl=1&resize=525%2C300 1.5x, https:\/\/i0.wp.com\/www.shqiperia.com\/blog\/wp-content\/uploads\/2026\/08\/auto_drought-is-reshaping-t1787216309.jpg?fit=900%2C596&ssl=1&resize=700%2C400 2x"},"classes":[]},{"id":103017,"url":"https:\/\/www.shqiperia.com\/blog\/studimi-njerezit-dhe-majmunet-kane-qeshur-ne-te-njejten-menyre-per-miliona-vjet\/","url_meta":{"origin":46182,"position":3},"title":"Studimi: &#8211; Njer\u00ebzit dhe majmun\u00ebt kan\u00eb qeshur n\u00eb t\u00eb nj\u00ebjt\u00ebn m\u00ebnyr\u00eb p\u00ebr miliona vjet","author":"Kurt Farka","date":"July 21, 2026","format":false,"excerpt":"21 Korrik 2026 Nj\u00eb ekip nd\u00ebrkomb\u00ebtar shkenc\u00ebtar\u00ebsh ka zbuluar se njer\u00ebzit dhe majmun\u00ebt e m\u00ebdhenj kan\u00eb ruajtur t\u00eb nj\u00ebjt\u00ebn tipar t\u00eb t\u00eb qeshur\u00ebs p\u00ebr rreth 15 milion\u00eb vjet. Rezultatet e studimit u botuan n\u00eb revist\u00ebn Communications Biology (ComBio). P\u00ebr t\u00eb studiuar origjin\u00ebn e t\u00eb qeshur\u00ebs, studiuesit gudulis\u00ebn kat\u00ebr orangutan\u00eb, tre\u2026","rel":"","context":"In &quot;Blogu i Udh\u00ebtarit&quot;","block_context":{"text":"Blogu i Udh\u00ebtarit","link":"https:\/\/www.shqiperia.com\/blog\/category\/blogu-i-udhetarit\/"},"img":{"alt_text":"","src":"https:\/\/i0.wp.com\/www.shqiperia.com\/blog\/wp-content\/uploads\/2026\/07\/Njerezit-dhe-majmunet.webp?fit=1200%2C674&ssl=1&resize=350%2C200","width":350,"height":200,"srcset":"https:\/\/i0.wp.com\/www.shqiperia.com\/blog\/wp-content\/uploads\/2026\/07\/Njerezit-dhe-majmunet.webp?fit=1200%2C674&ssl=1&resize=350%2C200 1x, https:\/\/i0.wp.com\/www.shqiperia.com\/blog\/wp-content\/uploads\/2026\/07\/Njerezit-dhe-majmunet.webp?fit=1200%2C674&ssl=1&resize=525%2C300 1.5x, https:\/\/i0.wp.com\/www.shqiperia.com\/blog\/wp-content\/uploads\/2026\/07\/Njerezit-dhe-majmunet.webp?fit=1200%2C674&ssl=1&resize=700%2C400 2x, https:\/\/i0.wp.com\/www.shqiperia.com\/blog\/wp-content\/uploads\/2026\/07\/Njerezit-dhe-majmunet.webp?fit=1200%2C674&ssl=1&resize=1050%2C600 3x"},"classes":[]},{"id":100377,"url":"https:\/\/www.shqiperia.com\/blog\/situata-del-jashte-kontrollit-alarm-global-per-virusin-e-ebolas-ne-afrike-obsh-shpall-emergjence-nderkombetare\/","url_meta":{"origin":46182,"position":4},"title":"Situata del jasht\u00eb kontrollit! Alarm global p\u00ebr virusin e Ebolas n\u00eb Afrik\u00eb, OBSH shpall emergjenc\u00eb nd\u00ebrkomb\u00ebtare","author":"Kurt Farka","date":"May 18, 2026","format":false,"excerpt":"18 Maji 2026 Dit\u00ebt e fundit, bota \u00ebsht\u00eb panikosur nga\u00a0 p\u00ebrhapja e pakontrolluar e virusit Ebola n\u00eb Republik\u00ebn Demokratike t\u00eb Kongos. Autoritetet sh\u00ebndet\u00ebsore paralajm\u00ebrojn\u00eb se p\u00ebrballimi i virusit \u00ebsht\u00eb b\u00ebr\u00eb tep\u00ebr i komplikuar, nd\u00ebrsa varianti aktual i Ebol\u00ebs konsiderohet i rrall\u00eb dhe me pak mund\u00ebsi trajtimi. Deri tani jan\u00eb raportuar\u2026","rel":"","context":"In &quot;Njoftime Shtypi&quot;","block_context":{"text":"Njoftime Shtypi","link":"https:\/\/www.shqiperia.com\/blog\/category\/njoftime-shtypi\/"},"img":{"alt_text":"","src":"https:\/\/i0.wp.com\/www.shqiperia.com\/blog\/wp-content\/uploads\/2026\/05\/640-0-de89a9aecf94a8fd012c989b478f545c-1.jpg?fit=640%2C336&ssl=1&resize=350%2C200","width":350,"height":200,"srcset":"https:\/\/i0.wp.com\/www.shqiperia.com\/blog\/wp-content\/uploads\/2026\/05\/640-0-de89a9aecf94a8fd012c989b478f545c-1.jpg?fit=640%2C336&ssl=1&resize=350%2C200 1x, https:\/\/i0.wp.com\/www.shqiperia.com\/blog\/wp-content\/uploads\/2026\/05\/640-0-de89a9aecf94a8fd012c989b478f545c-1.jpg?fit=640%2C336&ssl=1&resize=525%2C300 1.5x"},"classes":[]},{"id":104079,"url":"https:\/\/www.shqiperia.com\/blog\/rritje-e-rasteve-te-virusit-te-nilit-perendimor-ne-evrope\/","url_meta":{"origin":46182,"position":5},"title":"Rritje e rasteve t\u00eb virusit t\u00eb Nilit Per\u00ebndimor n\u00eb Evrop\u00eb","author":"Kurt Farka","date":"August 9, 2026","format":false,"excerpt":"9 Gusht 2026 M\u00eb shum\u00eb se 240 raste t\u00eb virusit t\u00eb Nilit Per\u00ebndimor jan\u00eb konfirmuar n\u00eb Evrop\u00eb q\u00eb nga fillimi i sezonit t\u00eb transmetimit k\u00ebt\u00eb vit. Sipas raportit javor t\u00eb Qendr\u00ebs Evropiane p\u00ebr Parandalimin dhe Kontrollin e S\u00ebmundjeve (ECDC), deri t\u00eb m\u00ebrkur\u00ebn ishin regjistruar gjithsej 241 infeksione te njer\u00ebzit. Numri\u2026","rel":"","context":"In &quot;Blogu i Udh\u00ebtarit&quot;","block_context":{"text":"Blogu i Udh\u00ebtarit","link":"https:\/\/www.shqiperia.com\/blog\/category\/blogu-i-udhetarit\/"},"img":{"alt_text":"","src":"https:\/\/i0.wp.com\/www.shqiperia.com\/blog\/wp-content\/uploads\/2026\/08\/640-0-west-nile-virus-cases-696x461-1786203514.jpg?fit=640%2C424&ssl=1&resize=350%2C200","width":350,"height":200,"srcset":"https:\/\/i0.wp.com\/www.shqiperia.com\/blog\/wp-content\/uploads\/2026\/08\/640-0-west-nile-virus-cases-696x461-1786203514.jpg?fit=640%2C424&ssl=1&resize=350%2C200 1x, https:\/\/i0.wp.com\/www.shqiperia.com\/blog\/wp-content\/uploads\/2026\/08\/640-0-west-nile-virus-cases-696x461-1786203514.jpg?fit=640%2C424&ssl=1&resize=525%2C300 1.5x"},"classes":[]}],"_links":{"self":[{"href":"https:\/\/www.shqiperia.com\/blog\/wp-json\/wp\/v2\/posts\/46182","targetHints":{"allow":["GET"]}}],"collection":[{"href":"https:\/\/www.shqiperia.com\/blog\/wp-json\/wp\/v2\/posts"}],"about":[{"href":"https:\/\/www.shqiperia.com\/blog\/wp-json\/wp\/v2\/types\/post"}],"author":[{"embeddable":true,"href":"https:\/\/www.shqiperia.com\/blog\/wp-json\/wp\/v2\/users\/9"}],"replies":[{"embeddable":true,"href":"https:\/\/www.shqiperia.com\/blog\/wp-json\/wp\/v2\/comments?post=46182"}],"version-history":[{"count":1,"href":"https:\/\/www.shqiperia.com\/blog\/wp-json\/wp\/v2\/posts\/46182\/revisions"}],"predecessor-version":[{"id":46185,"href":"https:\/\/www.shqiperia.com\/blog\/wp-json\/wp\/v2\/posts\/46182\/revisions\/46185"}],"wp:featuredmedia":[{"embeddable":true,"href":"https:\/\/www.shqiperia.com\/blog\/wp-json\/wp\/v2\/media\/46183"}],"wp:attachment":[{"href":"https:\/\/www.shqiperia.com\/blog\/wp-json\/wp\/v2\/media?parent=46182"}],"wp:term":[{"taxonomy":"category","embeddable":true,"href":"https:\/\/www.shqiperia.com\/blog\/wp-json\/wp\/v2\/categories?post=46182"},{"taxonomy":"post_tag","embeddable":true,"href":"https:\/\/www.shqiperia.com\/blog\/wp-json\/wp\/v2\/tags?post=46182"}],"curies":[{"name":"wp","href":"https:\/\/api.w.org\/{rel}","templated":true}]}}