{"id":45678,"date":"2021-03-24T08:05:29","date_gmt":"2021-03-24T08:05:29","guid":{"rendered":"https:\/\/www.shqiperia.com\/blog\/?p=45678"},"modified":"2021-03-24T08:05:29","modified_gmt":"2021-03-24T08:05:29","slug":"be-tjeter-mesazh-rames-lufta-kunder-korrupsionit-prioritet-kyc-per-integrimin-ne-be","status":"publish","type":"post","link":"https:\/\/www.shqiperia.com\/blog\/be-tjeter-mesazh-rames-lufta-kunder-korrupsionit-prioritet-kyc-per-integrimin-ne-be\/","title":{"rendered":"BE tjet\u00ebr mesazh Ram\u00ebs: &#8211; Lufta kund\u00ebr korrupsionit prioritet ky\u00e7 p\u00ebr integrimin n\u00eb BE"},"content":{"rendered":"<p><img data-recalc-dims=\"1\" loading=\"lazy\" decoding=\"async\" data-attachment-id=\"45679\" data-permalink=\"https:\/\/www.shqiperia.com\/blog\/be-tjeter-mesazh-rames-lufta-kunder-korrupsionit-prioritet-kyc-per-integrimin-ne-be\/flamujt-e-bashkimit-europian-foto-rel-afp-e1523915703786\/\" data-orig-file=\"https:\/\/i0.wp.com\/www.shqiperia.com\/blog\/wp-content\/uploads\/2021\/03\/Flamujt-e-Bashkimit-Europian-foto-REL-AFP-e1523915703786.jpg?fit=597%2C316&amp;ssl=1\" data-orig-size=\"597,316\" data-comments-opened=\"1\" data-image-meta=\"{&quot;aperture&quot;:&quot;0&quot;,&quot;credit&quot;:&quot;&quot;,&quot;camera&quot;:&quot;&quot;,&quot;caption&quot;:&quot;&quot;,&quot;created_timestamp&quot;:&quot;0&quot;,&quot;copyright&quot;:&quot;&quot;,&quot;focal_length&quot;:&quot;0&quot;,&quot;iso&quot;:&quot;0&quot;,&quot;shutter_speed&quot;:&quot;0&quot;,&quot;title&quot;:&quot;&quot;,&quot;orientation&quot;:&quot;0&quot;}\" data-image-title=\"Flamujt-e-Bashkimit-Europian-foto-REL-AFP-e1523915703786\" data-image-description=\"\" data-image-caption=\"\" data-medium-file=\"https:\/\/i0.wp.com\/www.shqiperia.com\/blog\/wp-content\/uploads\/2021\/03\/Flamujt-e-Bashkimit-Europian-foto-REL-AFP-e1523915703786.jpg?fit=300%2C159&amp;ssl=1\" data-large-file=\"https:\/\/i0.wp.com\/www.shqiperia.com\/blog\/wp-content\/uploads\/2021\/03\/Flamujt-e-Bashkimit-Europian-foto-REL-AFP-e1523915703786.jpg?fit=597%2C316&amp;ssl=1\" class=\"alignnone  wp-image-45679\" alt=\"\" src=\"https:\/\/i0.wp.com\/www.shqiperia.com\/blog\/wp-content\/uploads\/2021\/03\/Flamujt-e-Bashkimit-Europian-foto-REL-AFP-e1523915703786-300x159.jpg?resize=525%2C278&#038;ssl=1\" width=\"525\" height=\"278\" srcset=\"https:\/\/i0.wp.com\/www.shqiperia.com\/blog\/wp-content\/uploads\/2021\/03\/Flamujt-e-Bashkimit-Europian-foto-REL-AFP-e1523915703786.jpg?resize=300%2C159&amp;ssl=1 300w, https:\/\/i0.wp.com\/www.shqiperia.com\/blog\/wp-content\/uploads\/2021\/03\/Flamujt-e-Bashkimit-Europian-foto-REL-AFP-e1523915703786.jpg?resize=450%2C238&amp;ssl=1 450w, https:\/\/i0.wp.com\/www.shqiperia.com\/blog\/wp-content\/uploads\/2021\/03\/Flamujt-e-Bashkimit-Europian-foto-REL-AFP-e1523915703786.jpg?resize=400%2C212&amp;ssl=1 400w, https:\/\/i0.wp.com\/www.shqiperia.com\/blog\/wp-content\/uploads\/2021\/03\/Flamujt-e-Bashkimit-Europian-foto-REL-AFP-e1523915703786.jpg?w=597&amp;ssl=1 597w\" sizes=\"auto, (max-width: 525px) 100vw, 525px\" \/><\/p>\n<p>BE tjet\u00ebr mesazh Ram\u00ebs: &#8211; Lufta kund\u00ebr korrupsionit prioritet ky\u00e7 p\u00ebr integrimin n\u00eb BE<\/p>\n<p><a href=\"https:\/\/kohajone.com\/be-tjeter-mesazh-rames-lufta-kunder-korrupsionit-prioritet-kyc-per-integrimin-ne-be\/\">23\/03\/2021 <\/a><\/p>\n<p>Ambasadori i BE-s\u00eb n\u00eb Shqip\u00ebri, Luigi Soreca p\u00ebrs\u00ebriti s\u00ebrish sot se prioritet ky\u00e7 p\u00ebr integrimin n\u00eb Union p\u00ebr Shqip\u00ebrin\u00eb duhet t\u00eb jet\u00eb lufta kund\u00ebr krimit t\u00eb organizuar.<\/p>\n<p><strong>\u201c<em>Lufta kund\u00ebr krimit t\u00eb organizuar \u00ebsht\u00eb nj\u00eb p\u00ebrpar\u00ebsi kryesore p\u00ebr pranimin e Shqip\u00ebris\u00eb n\u00eb BE. R\u00ebnd\u00ebsia e k\u00ebtij projekti q\u00eb i ofron autoriteteve t\u00eb Shqip\u00ebris\u00eb \u00ebsht\u00eb ekspertiza teknike q\u00eb vjen nga disa shtete an\u00ebtare t\u00eb BE, si Spanja, Holanda dhe Italia. Nj\u00eb skuad\u00ebr e v\u00ebrtet\u00eb n\u00eb Europ\u00eb<\/em>\u201d<\/strong>\u00a0shkruan Soreca.<\/p>\n<p>Postimi n\u00eb faqen e tij zyrtare n\u00eb Twitter erdhi pas projektit q\u00eb u prezantua sot q\u00eb synon p\u00ebrmir\u00ebsimin e luft\u00ebs kund\u00ebr krimit t\u00eb organizuar n\u00eb Shqip\u00ebri p\u00ebrmes hetimeve financiare proaktive.<\/p>\n<p>Gazeta Koha e Jone<\/p>\n","protected":false},"excerpt":{"rendered":"<p>BE tjet\u00ebr mesazh Ram\u00ebs: &#8211; Lufta kund\u00ebr korrupsionit prioritet ky\u00e7 p\u00ebr integrimin n\u00eb BE 23\/03\/2021 Ambasadori i BE-s\u00eb n\u00eb Shqip\u00ebri, Luigi Soreca p\u00ebrs\u00ebriti s\u00ebrish sot se prioritet ky\u00e7 p\u00ebr integrimin n\u00eb Union p\u00ebr Shqip\u00ebrin\u00eb duhet t\u00eb jet\u00eb lufta kund\u00ebr krimit t\u00eb organizuar. \u201cLufta kund\u00ebr krimit t\u00eb organizuar \u00ebsht\u00eb nj\u00eb p\u00ebrpar\u00ebsi kryesore p\u00ebr pranimin e Shqip\u00ebris\u00eb [&hellip;]<\/p>\n","protected":false},"author":9,"featured_media":45679,"comment_status":"open","ping_status":"open","sticky":false,"template":"","format":"standard","meta":{"jetpack_post_was_ever_published":false,"_jetpack_newsletter_access":"","_jetpack_dont_email_post_to_subs":false,"_jetpack_newsletter_tier_id":0,"_jetpack_memberships_contains_paywalled_content":false,"_jetpack_memberships_contains_paid_content":false,"footnotes":"","jetpack_publicize_message":"","jetpack_publicize_feature_enabled":true,"jetpack_social_post_already_shared":true,"jetpack_social_options":{"image_generator_settings":{"template":"highway","default_image_id":0,"font":"","enabled":false},"version":2}},"categories":[27,2],"tags":[],"class_list":["post-45678","post","type-post","status-publish","format-standard","has-post-thumbnail","hentry","category-blogu-i-udhetarit","category-politika"],"jetpack_publicize_connections":[],"jetpack_featured_media_url":"https:\/\/i0.wp.com\/www.shqiperia.com\/blog\/wp-content\/uploads\/2021\/03\/Flamujt-e-Bashkimit-Europian-foto-REL-AFP-e1523915703786.jpg?fit=597%2C316&ssl=1","jetpack_sharing_enabled":true,"jetpack_shortlink":"https:\/\/wp.me\/p5Z6wp-bSK","jetpack-related-posts":[{"id":95152,"url":"https:\/\/www.shqiperia.com\/blog\/shba-aleat-i-cmuar-per-shqiperine-bardhi-takim-me-vanhorn-lufta-reale-ndaj-krimit-dhe-korrupsionit-na-con-perpara\/","url_meta":{"origin":45678,"position":0},"title":"\u201cSHBA, aleat i \u00e7muar p\u00ebr Shqip\u00ebrin\u00eb\u201d, Bardhi takim me VanHorn: &#8211; Lufta reale ndaj krimit dhe korrupsionit na \u00e7on p\u00ebrpara","author":"Kurt Farka","date":"November 25, 2025","format":false,"excerpt":"25 Nentor 2025 Kryetari i Grupit Parlamentar t\u00eb PD, Gazment Bardhi, \u00ebsht\u00eb takuar me t\u00eb Ngarkuar\u00ebn me Pun\u00eb n\u00eb Ambasad\u00ebn e SHBA-s\u00eb, Nancy VanHorn. N\u00eb nj\u00eb reagim t\u00eb publikuar n\u00eb rrjetet sociale, Bardhi e cil\u00ebsoi SHBA-n\u00eb si nj\u00eb aleat t\u00eb \u00e7muar p\u00ebr Shqip\u00ebrin\u00eb. Ai b\u00ebri t\u00eb ditur se gjat\u00eb bised\u00ebs\u2026","rel":"","context":"In &quot;Blogu i Udh\u00ebtarit&quot;","block_context":{"text":"Blogu i Udh\u00ebtarit","link":"https:\/\/www.shqiperia.com\/blog\/category\/blogu-i-udhetarit\/"},"img":{"alt_text":"","src":"https:\/\/i0.wp.com\/www.shqiperia.com\/blog\/wp-content\/uploads\/2025\/11\/bardhi-nancy.jpg?fit=1200%2C722&ssl=1&resize=350%2C200","width":350,"height":200,"srcset":"https:\/\/i0.wp.com\/www.shqiperia.com\/blog\/wp-content\/uploads\/2025\/11\/bardhi-nancy.jpg?fit=1200%2C722&ssl=1&resize=350%2C200 1x, https:\/\/i0.wp.com\/www.shqiperia.com\/blog\/wp-content\/uploads\/2025\/11\/bardhi-nancy.jpg?fit=1200%2C722&ssl=1&resize=525%2C300 1.5x, https:\/\/i0.wp.com\/www.shqiperia.com\/blog\/wp-content\/uploads\/2025\/11\/bardhi-nancy.jpg?fit=1200%2C722&ssl=1&resize=700%2C400 2x, https:\/\/i0.wp.com\/www.shqiperia.com\/blog\/wp-content\/uploads\/2025\/11\/bardhi-nancy.jpg?fit=1200%2C722&ssl=1&resize=1050%2C600 3x"},"classes":[]},{"id":42188,"url":"https:\/\/www.shqiperia.com\/blog\/amerikanet-kerkojne-hetime-pushtetaresh-yuri-kim-mesazh-spak-e-bkh-te-fokusohen-te-zyrtaret-e-nivelit-te-larte-shba-asistence-ne-dosje\/","url_meta":{"origin":45678,"position":1},"title":"Amerikan\u00ebt k\u00ebrkojn\u00eb hetime pushtetar\u00ebsh, Yuri Kim mesazh SPAK e BKH t\u00eb fokusohen te zyrtar\u00ebt e nivelit t\u00eb lart\u00eb, SHBA asistenc\u00eb n\u00eb dosje","author":"Kurt Farka","date":"December 23, 2020","format":false,"excerpt":"Amerikan\u00ebt k\u00ebrkojn\u00eb hetime pushtetar\u00ebsh, Yuri Kim mesazh SPAK e BKH t\u00eb fokusohen te zyrtar\u00ebt e nivelit t\u00eb lart\u00eb, SHBA asistenc\u00eb n\u00eb dosje 23 DHJETOR 2020 Shtetet e Bashkuara t\u00eb Amerik\u00ebs k\u00ebrkojn\u00eb q\u00eb t\u00eb nisin hetimet p\u00ebr zyrtar\u00ebt e lart\u00eb t\u00eb korruptuar n\u00eb Shqip\u00ebri. Dit\u00ebn e djeshme Shqip\u00ebria dhe Amerika firmos\u00ebn\u2026","rel":"","context":"In &quot;Blogu i Udh\u00ebtarit&quot;","block_context":{"text":"Blogu i Udh\u00ebtarit","link":"https:\/\/www.shqiperia.com\/blog\/category\/blogu-i-udhetarit\/"},"img":{"alt_text":"","src":"https:\/\/i0.wp.com\/www.shqiperia.com\/blog\/wp-content\/uploads\/2020\/12\/shtepia-e-bardhe-1.jpg?fit=550%2C293&ssl=1&resize=350%2C200","width":350,"height":200,"srcset":"https:\/\/i0.wp.com\/www.shqiperia.com\/blog\/wp-content\/uploads\/2020\/12\/shtepia-e-bardhe-1.jpg?fit=550%2C293&ssl=1&resize=350%2C200 1x, https:\/\/i0.wp.com\/www.shqiperia.com\/blog\/wp-content\/uploads\/2020\/12\/shtepia-e-bardhe-1.jpg?fit=550%2C293&ssl=1&resize=525%2C300 1.5x"},"classes":[]},{"id":63372,"url":"https:\/\/www.shqiperia.com\/blog\/progres-raporti-per-shqiperine-ambasadorja-e-be-se-rendit-pikat-hapat-pozitive-qe-njeh-jane-edhe-ato-per-lgbti-komisioni-vlereson-se-nje-amnisti-jashte-rregullores-se-be-se-do-te-rrezikonte-in\/","url_meta":{"origin":45678,"position":2},"title":"Progres raporti p\u00ebr Shqip\u00ebrin\u00eb\/ Ambasadorja e BE-s\u00eb rendit pikat: &#8211; Hapat pozitive q\u00eb njeh jan\u00eb edhe ato p\u00ebr LGBTI,. &#8211; Komisioni vler\u00ebson se nj\u00eb amnisti jasht\u00eb rregullores s\u00eb BE-s\u00eb do t\u00eb rrezikonte integrimin.","author":"Kurt Farka","date":"October 17, 2022","format":false,"excerpt":"17 Tetor 2022 Ambasadorja e BE-s\u00eb, Christiane Hohmann, ka folur dit\u00ebn e sotme p\u00ebr progres raportin e BE-s\u00eb, n\u00eb lidhje me integrimin europian t\u00eb Shqip\u00ebris\u00eb. Gjat\u00eb fjal\u00ebs n\u00eb mbledhjen e K\u00ebshillit Komb\u00ebtar t\u00eb Integrimit Europian, Hohmann tha se Shqip\u00ebria ka b\u00ebr\u00eb progres, por u ndal edhe te pikat q\u00eb nuk\u2026","rel":"","context":"In &quot;Blogu i Udh\u00ebtarit&quot;","block_context":{"text":"Blogu i Udh\u00ebtarit","link":"https:\/\/www.shqiperia.com\/blog\/category\/blogu-i-udhetarit\/"},"img":{"alt_text":"","src":"https:\/\/i0.wp.com\/www.shqiperia.com\/blog\/wp-content\/uploads\/2022\/10\/640-0-1666015711xhofmann-288.jpg?fit=640%2C433&ssl=1&resize=350%2C200","width":350,"height":200,"srcset":"https:\/\/i0.wp.com\/www.shqiperia.com\/blog\/wp-content\/uploads\/2022\/10\/640-0-1666015711xhofmann-288.jpg?fit=640%2C433&ssl=1&resize=350%2C200 1x, https:\/\/i0.wp.com\/www.shqiperia.com\/blog\/wp-content\/uploads\/2022\/10\/640-0-1666015711xhofmann-288.jpg?fit=640%2C433&ssl=1&resize=525%2C300 1.5x"},"classes":[]},{"id":97195,"url":"https:\/\/www.shqiperia.com\/blog\/brukseli-mesazh-te-prere-politikes-shqiperia-te-fuqizoje-luften-kunder-korrupsionit-spak-nuk-preket\/","url_meta":{"origin":45678,"position":3},"title":"Brukseli mesazh t\u00eb prer\u00eb politik\u00ebs: &#8211; Shqip\u00ebria t\u00eb fuqizoj\u00eb luft\u00ebn kund\u00ebr korrupsionit, SPAK nuk preket","author":"Kurt Farka","date":"January 31, 2026","format":false,"excerpt":"31 Janar 2026 Raportuesi i P\u00ebrhersh\u00ebm i Parlamentit Evropian p\u00ebr Shqip\u00ebrin\u00eb, Andreas Schieder, mbajti nj\u00eb konferenc\u00eb p\u00ebr shtyp dje n\u00eb p\u00ebrfundim t\u00eb misionit t\u00eb tij vjetor t\u00eb mbledhjes s\u00eb fakteve n\u00eb Shqip\u00ebri, nd\u00ebrsa i d\u00ebrgoi nj\u00eb mesazh t\u00eb fort\u00eb politik\u00ebs shqiptare dhe ua b\u00ebri t\u00eb qart\u00eb se Brukseli mb\u00ebshtet pun\u00eb\u2026","rel":"","context":"In &quot;Kultura&quot;","block_context":{"text":"Kultura","link":"https:\/\/www.shqiperia.com\/blog\/category\/kultura\/"},"img":{"alt_text":"","src":"https:\/\/i0.wp.com\/www.shqiperia.com\/blog\/wp-content\/uploads\/2026\/01\/brukseli.jpg?fit=1068%2C712&ssl=1&resize=350%2C200","width":350,"height":200,"srcset":"https:\/\/i0.wp.com\/www.shqiperia.com\/blog\/wp-content\/uploads\/2026\/01\/brukseli.jpg?fit=1068%2C712&ssl=1&resize=350%2C200 1x, https:\/\/i0.wp.com\/www.shqiperia.com\/blog\/wp-content\/uploads\/2026\/01\/brukseli.jpg?fit=1068%2C712&ssl=1&resize=525%2C300 1.5x, https:\/\/i0.wp.com\/www.shqiperia.com\/blog\/wp-content\/uploads\/2026\/01\/brukseli.jpg?fit=1068%2C712&ssl=1&resize=700%2C400 2x, https:\/\/i0.wp.com\/www.shqiperia.com\/blog\/wp-content\/uploads\/2026\/01\/brukseli.jpg?fit=1068%2C712&ssl=1&resize=1050%2C600 3x"},"classes":[]},{"id":96917,"url":"https:\/\/www.shqiperia.com\/blog\/rama-i-vetmi-kryeminister-ne-europe-qe-e-quan-korrupsion-normalitet-dhe-veten-te-pahetueshem\/","url_meta":{"origin":45678,"position":4},"title":"Rama i vetmi kryeminist\u00ebr n\u00eb Europ\u00eb q\u00eb e quan korrupsion normalitet dhe veten t\u00eb pahetuesh\u00ebm","author":"Kurt Farka","date":"January 25, 2026","format":false,"excerpt":"25 Janar 2026 Ka vet\u00ebm nj\u00eb Kryeminist\u00ebr n\u00eb Europ\u00eb q\u00eb e quan korrupsionin si normalitet dhe e shpall veten t\u00eb pahetuesh\u00ebm. Ai \u00ebsht\u00eb Edi Rama. Vet\u00ebm nj\u00eb kryeminist\u00ebr n\u00eb Europ\u00eb mburret sot se shijon ver\u00eb 33 mij\u00eb euro shishja. Vet\u00ebm n\u00eb Shqip\u00ebri, askund tjet\u00ebr n\u00eb Europ\u00eb, \u00ebsht\u00eb nj\u00eb kryeminist\u00ebr q\u00eb\u2026","rel":"","context":"In &quot;Blogu i Udh\u00ebtarit&quot;","block_context":{"text":"Blogu i Udh\u00ebtarit","link":"https:\/\/www.shqiperia.com\/blog\/category\/blogu-i-udhetarit\/"},"img":{"alt_text":"","src":"https:\/\/i0.wp.com\/www.shqiperia.com\/blog\/wp-content\/uploads\/2026\/01\/auto_edi_raja1769338699.jpg?fit=900%2C669&ssl=1&resize=350%2C200","width":350,"height":200,"srcset":"https:\/\/i0.wp.com\/www.shqiperia.com\/blog\/wp-content\/uploads\/2026\/01\/auto_edi_raja1769338699.jpg?fit=900%2C669&ssl=1&resize=350%2C200 1x, https:\/\/i0.wp.com\/www.shqiperia.com\/blog\/wp-content\/uploads\/2026\/01\/auto_edi_raja1769338699.jpg?fit=900%2C669&ssl=1&resize=525%2C300 1.5x, https:\/\/i0.wp.com\/www.shqiperia.com\/blog\/wp-content\/uploads\/2026\/01\/auto_edi_raja1769338699.jpg?fit=900%2C669&ssl=1&resize=700%2C400 2x"},"classes":[]},{"id":48292,"url":"https:\/\/www.shqiperia.com\/blog\/lufta-kunder-korrupsionit-ambasada-e-shba-zbardh-takimet-e-reeker-me-ramen-e-bashen-nenvizoi-vendosmerine-e-biden-dhe-blinken-se\/","url_meta":{"origin":45678,"position":5},"title":"Lufta kund\u00ebr korrupsionit. Ambasada e SHBA zbardh takimet e Reeker me Ram\u00ebn e Bash\u00ebn: &#8211; N\u00ebnvizoi vendosm\u00ebrin\u00eb e Biden dhe Blinken se\u2026","author":"Kurt Farka","date":"June 30, 2021","format":false,"excerpt":"Lufta kund\u00ebr korrupsionit. Ambasada e SHBA zbardh takimet e Reeker me Ram\u00ebn e Bash\u00ebn: - N\u00ebnvizoi vendosm\u00ebrin\u00eb e Biden dhe Blinken se\u2026 30 qershor 2021 Ambasada amerikane ka zbardhur takimet e Ndihm\u00ebs Sekretarit t\u00eb Shtetit\u00a0 p\u00ebr \u00c7\u00ebshtjet Evropiane dhe Euroaziatike, Philip T. Reeker, me kryeministrin Edi Rama dhe kreun e\u2026","rel":"","context":"In &quot;Blogu i Udh\u00ebtarit&quot;","block_context":{"text":"Blogu i Udh\u00ebtarit","link":"https:\/\/www.shqiperia.com\/blog\/category\/blogu-i-udhetarit\/"},"img":{"alt_text":"","src":"https:\/\/i0.wp.com\/www.shqiperia.com\/blog\/wp-content\/uploads\/2021\/06\/takimi-2.jpg?fit=1200%2C647&ssl=1&resize=350%2C200","width":350,"height":200,"srcset":"https:\/\/i0.wp.com\/www.shqiperia.com\/blog\/wp-content\/uploads\/2021\/06\/takimi-2.jpg?fit=1200%2C647&ssl=1&resize=350%2C200 1x, https:\/\/i0.wp.com\/www.shqiperia.com\/blog\/wp-content\/uploads\/2021\/06\/takimi-2.jpg?fit=1200%2C647&ssl=1&resize=525%2C300 1.5x, https:\/\/i0.wp.com\/www.shqiperia.com\/blog\/wp-content\/uploads\/2021\/06\/takimi-2.jpg?fit=1200%2C647&ssl=1&resize=700%2C400 2x, https:\/\/i0.wp.com\/www.shqiperia.com\/blog\/wp-content\/uploads\/2021\/06\/takimi-2.jpg?fit=1200%2C647&ssl=1&resize=1050%2C600 3x"},"classes":[]}],"_links":{"self":[{"href":"https:\/\/www.shqiperia.com\/blog\/wp-json\/wp\/v2\/posts\/45678","targetHints":{"allow":["GET"]}}],"collection":[{"href":"https:\/\/www.shqiperia.com\/blog\/wp-json\/wp\/v2\/posts"}],"about":[{"href":"https:\/\/www.shqiperia.com\/blog\/wp-json\/wp\/v2\/types\/post"}],"author":[{"embeddable":true,"href":"https:\/\/www.shqiperia.com\/blog\/wp-json\/wp\/v2\/users\/9"}],"replies":[{"embeddable":true,"href":"https:\/\/www.shqiperia.com\/blog\/wp-json\/wp\/v2\/comments?post=45678"}],"version-history":[{"count":1,"href":"https:\/\/www.shqiperia.com\/blog\/wp-json\/wp\/v2\/posts\/45678\/revisions"}],"predecessor-version":[{"id":45680,"href":"https:\/\/www.shqiperia.com\/blog\/wp-json\/wp\/v2\/posts\/45678\/revisions\/45680"}],"wp:featuredmedia":[{"embeddable":true,"href":"https:\/\/www.shqiperia.com\/blog\/wp-json\/wp\/v2\/media\/45679"}],"wp:attachment":[{"href":"https:\/\/www.shqiperia.com\/blog\/wp-json\/wp\/v2\/media?parent=45678"}],"wp:term":[{"taxonomy":"category","embeddable":true,"href":"https:\/\/www.shqiperia.com\/blog\/wp-json\/wp\/v2\/categories?post=45678"},{"taxonomy":"post_tag","embeddable":true,"href":"https:\/\/www.shqiperia.com\/blog\/wp-json\/wp\/v2\/tags?post=45678"}],"curies":[{"name":"wp","href":"https:\/\/api.w.org\/{rel}","templated":true}]}}