{"id":45675,"date":"2021-03-23T23:07:51","date_gmt":"2021-03-23T23:07:51","guid":{"rendered":"https:\/\/www.shqiperia.com\/blog\/?p=45675"},"modified":"2021-03-23T23:07:51","modified_gmt":"2021-03-23T23:07:51","slug":"vaksinat-ruse-dhe-kineze-do-te-jene-me-detyrim-ja-si-pergjigjet-anetarja-e-komitetit-te-vaksinimit","status":"publish","type":"post","link":"https:\/\/www.shqiperia.com\/blog\/vaksinat-ruse-dhe-kineze-do-te-jene-me-detyrim-ja-si-pergjigjet-anetarja-e-komitetit-te-vaksinimit\/","title":{"rendered":"Vaksinat ruse dhe kineze do t\u00eb jen\u00eb me detyrim? Ja si p\u00ebrgjigjet an\u00ebtarja e \u00a0Komitetit t\u00eb Vaksinimit"},"content":{"rendered":"<p><img data-recalc-dims=\"1\" loading=\"lazy\" decoding=\"async\" data-attachment-id=\"45676\" data-permalink=\"https:\/\/www.shqiperia.com\/blog\/vaksinat-ruse-dhe-kineze-do-te-jene-me-detyrim-ja-si-pergjigjet-anetarja-e-komitetit-te-vaksinimit\/640-0-605a4eec7724e\/\" data-orig-file=\"https:\/\/i0.wp.com\/www.shqiperia.com\/blog\/wp-content\/uploads\/2021\/03\/640-0-605a4eec7724e.jpg?fit=640%2C360&amp;ssl=1\" data-orig-size=\"640,360\" data-comments-opened=\"1\" data-image-meta=\"{&quot;aperture&quot;:&quot;0&quot;,&quot;credit&quot;:&quot;&quot;,&quot;camera&quot;:&quot;&quot;,&quot;caption&quot;:&quot;&quot;,&quot;created_timestamp&quot;:&quot;0&quot;,&quot;copyright&quot;:&quot;&quot;,&quot;focal_length&quot;:&quot;0&quot;,&quot;iso&quot;:&quot;0&quot;,&quot;shutter_speed&quot;:&quot;0&quot;,&quot;title&quot;:&quot;&quot;,&quot;orientation&quot;:&quot;0&quot;}\" data-image-title=\"-640-0-605a4eec7724e\" data-image-description=\"\" data-image-caption=\"\" data-medium-file=\"https:\/\/i0.wp.com\/www.shqiperia.com\/blog\/wp-content\/uploads\/2021\/03\/640-0-605a4eec7724e.jpg?fit=300%2C169&amp;ssl=1\" data-large-file=\"https:\/\/i0.wp.com\/www.shqiperia.com\/blog\/wp-content\/uploads\/2021\/03\/640-0-605a4eec7724e.jpg?fit=640%2C360&amp;ssl=1\" class=\"alignnone  wp-image-45676\" alt=\"\" src=\"https:\/\/i0.wp.com\/www.shqiperia.com\/blog\/wp-content\/uploads\/2021\/03\/640-0-605a4eec7724e.jpg?resize=612%2C345&#038;ssl=1\" width=\"612\" height=\"345\" srcset=\"https:\/\/i0.wp.com\/www.shqiperia.com\/blog\/wp-content\/uploads\/2021\/03\/640-0-605a4eec7724e.jpg?resize=300%2C169&amp;ssl=1 300w, https:\/\/i0.wp.com\/www.shqiperia.com\/blog\/wp-content\/uploads\/2021\/03\/640-0-605a4eec7724e.jpg?resize=450%2C253&amp;ssl=1 450w, https:\/\/i0.wp.com\/www.shqiperia.com\/blog\/wp-content\/uploads\/2021\/03\/640-0-605a4eec7724e.jpg?resize=600%2C338&amp;ssl=1 600w, https:\/\/i0.wp.com\/www.shqiperia.com\/blog\/wp-content\/uploads\/2021\/03\/640-0-605a4eec7724e.jpg?resize=400%2C225&amp;ssl=1 400w, https:\/\/i0.wp.com\/www.shqiperia.com\/blog\/wp-content\/uploads\/2021\/03\/640-0-605a4eec7724e.jpg?w=640&amp;ssl=1 640w\" sizes=\"auto, (max-width: 612px) 100vw, 612px\" \/><\/p>\n<p>Vaksinat ruse dhe kineze do t\u00eb jen\u00eb me detyrim? Ja si p\u00ebrgjigjet an\u00ebtarja e \u00a0Komitetit t\u00eb Vaksinimit<\/p>\n<p>23 MARS 2021<\/p>\n<p>Gjeorgjina Kuli, nga Komiteti i Vaksinimit, deklaroi se vaksinat ruse dhe kineze \u201cjan\u00eb t\u00eb aprovuara nga agjencit\u00eb e vendeve p\u00ebrkat\u00ebse, t\u00eb cilat jan\u00eb agjenci t\u00eb r\u00ebnd\u00ebsishme, q\u00eb kan\u00eb historik shum\u00eb t\u00eb mir\u00eb n\u00eb p\u00ebrgatitje medikamentesh dhe vaksinash\u201d.<\/p>\n<p>E pyetur n\u00ebse vaksina do t\u00eb jet\u00eb me detyrim, Kuli theksoi se me detyrim \u00ebsht\u00eb vet\u00ebm ruajtja e sh\u00ebndetit publik:<\/p>\n<p>\u201cVaksina nuk do t\u00eb jet\u00eb me detyrim, madje vihet re nj\u00eb mb\u00ebshtetje e madhe e vaksinimit n\u00eb vendin ton\u00eb. Gjithmon\u00eb kemi pasur nj\u00eb tradit\u00eb t\u00eb mir\u00eb me vaksinat. Deri tani, nuk jan\u00eb v\u00ebn\u00eb re kund\u00ebrshtime nga ana e personave t\u00eb cil\u00ebve u \u00ebsht\u00eb ofruar vaksina. Vaksina nuk \u00ebsht\u00eb e detyrueshme, por e detyrueshme \u00ebsht\u00eb ruajtja e sh\u00ebndetit publik. N\u00ebse nj\u00eb personel sh\u00ebndet\u00ebsor b\u00ebn nj\u00eb veprim q\u00eb k\u00ebrc\u00ebnon jet\u00ebn dhe sh\u00ebndetin e tjetrit, duhet t\u00eb mbaj\u00eb p\u00ebrgjegj\u00ebsi. Ai person duhet t\u00eb jet\u00eb i bindur q\u00eb vaksinimi nuk ka t\u00eb b\u00ebj\u00eb me veten e tij, por me qindra pacient\u00eb me t\u00eb cil\u00ebt do t\u00eb ket\u00eb kontakt\u201d.<\/p>\n<p>Gazeta Sot<\/p>\n","protected":false},"excerpt":{"rendered":"<p>Vaksinat ruse dhe kineze do t\u00eb jen\u00eb me detyrim? Ja si p\u00ebrgjigjet an\u00ebtarja e \u00a0Komitetit t\u00eb Vaksinimit 23 MARS 2021 Gjeorgjina Kuli, nga Komiteti i Vaksinimit, deklaroi se vaksinat ruse dhe kineze \u201cjan\u00eb t\u00eb aprovuara nga agjencit\u00eb e vendeve p\u00ebrkat\u00ebse, t\u00eb cilat jan\u00eb agjenci t\u00eb r\u00ebnd\u00ebsishme, q\u00eb kan\u00eb historik shum\u00eb t\u00eb mir\u00eb n\u00eb p\u00ebrgatitje medikamentesh [&hellip;]<\/p>\n","protected":false},"author":9,"featured_media":45676,"comment_status":"open","ping_status":"open","sticky":false,"template":"","format":"standard","meta":{"jetpack_post_was_ever_published":false,"_jetpack_newsletter_access":"","_jetpack_dont_email_post_to_subs":false,"_jetpack_newsletter_tier_id":0,"_jetpack_memberships_contains_paywalled_content":false,"_jetpack_memberships_contains_paid_content":false,"footnotes":"","jetpack_publicize_message":"","jetpack_publicize_feature_enabled":true,"jetpack_social_post_already_shared":true,"jetpack_social_options":{"image_generator_settings":{"template":"highway","default_image_id":0,"font":"","enabled":false},"version":2}},"categories":[27,35],"tags":[],"class_list":["post-45675","post","type-post","status-publish","format-standard","has-post-thumbnail","hentry","category-blogu-i-udhetarit","category-shoqerore"],"jetpack_publicize_connections":[],"jetpack_featured_media_url":"https:\/\/i0.wp.com\/www.shqiperia.com\/blog\/wp-content\/uploads\/2021\/03\/640-0-605a4eec7724e.jpg?fit=640%2C360&ssl=1","jetpack_sharing_enabled":true,"jetpack_shortlink":"https:\/\/wp.me\/p5Z6wp-bSH","jetpack-related-posts":[{"id":45882,"url":"https:\/\/www.shqiperia.com\/blog\/ekspertet-vaksina-kineze-eshte-nje-bast\/","url_meta":{"origin":45675,"position":0},"title":"Ekspert\u00ebt: &#8211; Vaksina kineze \u00ebsht\u00eb nj\u00eb bast","author":"Kurt Farka","date":"March 29, 2021","format":false,"excerpt":"Ekspert\u00ebt: - Vaksina kineze \u00ebsht\u00eb nj\u00eb bast Epidemiologu Ilir Alimehmeti mendon se aplikimi i vaksin\u00ebs kineze \u00ebsht\u00eb nj\u00eb bast q\u00eb po b\u00ebhet me sh\u00ebndetin e shqiptar\u00ebve pasi vaksina akoma nuk i ka kaluar testet e plota klinike p\u00ebr efektshm\u00ebrin\u00eb e saj. \u201cCoronaVac, e prodhuar nga Sinovac Biotech, \u00ebsht\u00eb vaksin\u00eb me\u2026","rel":"","context":"In &quot;Blogu i Udh\u00ebtarit&quot;","block_context":{"text":"Blogu i Udh\u00ebtarit","link":"https:\/\/www.shqiperia.com\/blog\/category\/blogu-i-udhetarit\/"},"img":{"alt_text":"","src":"https:\/\/i0.wp.com\/www.shqiperia.com\/blog\/wp-content\/uploads\/2021\/03\/Ekspertet-Vaksina-kineze-eshte-nje-bast.jpg?fit=1200%2C615&ssl=1&resize=350%2C200","width":350,"height":200,"srcset":"https:\/\/i0.wp.com\/www.shqiperia.com\/blog\/wp-content\/uploads\/2021\/03\/Ekspertet-Vaksina-kineze-eshte-nje-bast.jpg?fit=1200%2C615&ssl=1&resize=350%2C200 1x, https:\/\/i0.wp.com\/www.shqiperia.com\/blog\/wp-content\/uploads\/2021\/03\/Ekspertet-Vaksina-kineze-eshte-nje-bast.jpg?fit=1200%2C615&ssl=1&resize=525%2C300 1.5x, https:\/\/i0.wp.com\/www.shqiperia.com\/blog\/wp-content\/uploads\/2021\/03\/Ekspertet-Vaksina-kineze-eshte-nje-bast.jpg?fit=1200%2C615&ssl=1&resize=700%2C400 2x, https:\/\/i0.wp.com\/www.shqiperia.com\/blog\/wp-content\/uploads\/2021\/03\/Ekspertet-Vaksina-kineze-eshte-nje-bast.jpg?fit=1200%2C615&ssl=1&resize=1050%2C600 3x"},"classes":[]},{"id":46374,"url":"https:\/\/www.shqiperia.com\/blog\/deklarata-e-bujshme-e-virologut-qe-me-pas-u-terhoq-konfuzion-mbi-efektshmerine-e-vaksinave-kineze\/","url_meta":{"origin":45675,"position":1},"title":"Deklarata e bujshme e virologut q\u00eb m\u00eb pas u t\u00ebrhoq, &#8211; konfuzion mbi efektshm\u00ebrin\u00eb e vaksinave kineze","author":"Kurt Farka","date":"April 14, 2021","format":false,"excerpt":"Deklarata e bujshme e virologut q\u00eb m\u00eb pas u t\u00ebrhoq, - konfuzion mbi efektshm\u00ebrin\u00eb e vaksinave kineze 14 prill 2021 Nj\u00eb virolog kinez\u00a0i rangut t\u00eb lart\u00eb vuri n\u00eb dyshim efektshm\u00ebrin\u00eb e kat\u00ebr vaksinave t\u00eb miratuara, por m\u00eb pas u t\u00ebrhoq dhe tha se ishte nj\u00eb keqkuptim. Deklarata n\u00eb nj\u00eb konferenc\u00eb\u2026","rel":"","context":"In &quot;Blogu i Udh\u00ebtarit&quot;","block_context":{"text":"Blogu i Udh\u00ebtarit","link":"https:\/\/www.shqiperia.com\/blog\/category\/blogu-i-udhetarit\/"},"img":{"alt_text":"","src":"https:\/\/i0.wp.com\/www.shqiperia.com\/blog\/wp-content\/uploads\/2021\/04\/57172885_303.jpg?fit=700%2C394&ssl=1&resize=350%2C200","width":350,"height":200,"srcset":"https:\/\/i0.wp.com\/www.shqiperia.com\/blog\/wp-content\/uploads\/2021\/04\/57172885_303.jpg?fit=700%2C394&ssl=1&resize=350%2C200 1x, https:\/\/i0.wp.com\/www.shqiperia.com\/blog\/wp-content\/uploads\/2021\/04\/57172885_303.jpg?fit=700%2C394&ssl=1&resize=525%2C300 1.5x, https:\/\/i0.wp.com\/www.shqiperia.com\/blog\/wp-content\/uploads\/2021\/04\/57172885_303.jpg?fit=700%2C394&ssl=1&resize=700%2C400 2x"},"classes":[]},{"id":31908,"url":"https:\/\/www.shqiperia.com\/blog\/koronavirusi-cfare-duhet-te-dime-rreth-vaksinave\/","url_meta":{"origin":45675,"position":2},"title":"Koronavirusi, \u00e7far\u00eb duhet t\u00eb dim\u00eb rreth vaksinave?","author":"Kurt Farka","date":"February 29, 2020","format":false,"excerpt":"Koronavirusi, \u00e7far\u00eb duhet t\u00eb dim\u00eb rreth vaksinave? 28 shkurt \u00a02020 Nd\u00ebrsa rastet e koronavirusit po rriten n\u00eb t\u00eb gjith\u00eb globin, t\u00eb gjith\u00eb jan\u00eb p\u00ebrq\u00ebndruar n\u00eb gjetjen e nj\u00eb vaksine. BBC\u00a0ka p\u00ebrgatitur disa pyetje-p\u00ebrgjigje n\u00eb lidhje me vaksinat dhe sa shpejt mund t\u00eb kemi nj\u00eb vaksin\u00eb p\u00ebr koronavirusin. Si funksionojn\u00eb vaksinat?\u2026","rel":"","context":"In &quot;Blogu i Udh\u00ebtarit&quot;","block_context":{"text":"Blogu i Udh\u00ebtarit","link":"https:\/\/www.shqiperia.com\/blog\/category\/blogu-i-udhetarit\/"},"img":{"alt_text":"","src":"https:\/\/i0.wp.com\/www.shqiperia.com\/blog\/wp-content\/uploads\/2020\/02\/download-10-300x131.jpg?resize=350%2C200&ssl=1","width":350,"height":200,"srcset":"https:\/\/i0.wp.com\/www.shqiperia.com\/blog\/wp-content\/uploads\/2020\/02\/download-10-300x131.jpg?resize=350%2C200&ssl=1 1x, https:\/\/i0.wp.com\/www.shqiperia.com\/blog\/wp-content\/uploads\/2020\/02\/download-10-300x131.jpg?resize=525%2C300&ssl=1 1.5x"},"classes":[]},{"id":45672,"url":"https:\/\/www.shqiperia.com\/blog\/a-eshte-e-sigurt-vaksina-kineze-mjeku-i-njohur-ja-pse-u-nderpre-ne-ameriken-latine-qeveria-shqiptare-eshte-e-detyruar-te-ktheje-koken-nga-vaksinat-e-lindjes-sepse\/","url_meta":{"origin":45675,"position":3},"title":"A \u00ebsht\u00eb e sigurt vaksina kineze? Mjeku i njohur: Ja pse u nd\u00ebrpre n\u00eb Amerik\u00ebn Latine! Qeveria shqiptare \u00ebsht\u00eb e detyruar t\u00eb kthej\u00eb kok\u00ebn nga vaksinat e Lindjes, sepse&#8230;","author":"Kurt Farka","date":"March 23, 2021","format":false,"excerpt":"A \u00ebsht\u00eb e sigurt vaksina kineze? Mjeku i njohur: Ja pse u nd\u00ebrpre n\u00eb Amerik\u00ebn Latine! Qeveria shqiptare \u00ebsht\u00eb e detyruar t\u00eb kthej\u00eb kok\u00ebn nga vaksinat e Lindjes, sepse... 23 MARS 2021 Mjeku i njohur q\u00eb punon n\u00eb Spanj\u00eb. Kita Sallabanda, foli p\u00ebr vaksin\u00ebn kineze dhe efektin e saj n\u00eb\u2026","rel":"","context":"In &quot;Blogu i Udh\u00ebtarit&quot;","block_context":{"text":"Blogu i Udh\u00ebtarit","link":"https:\/\/www.shqiperia.com\/blog\/category\/blogu-i-udhetarit\/"},"img":{"alt_text":"","src":"https:\/\/i0.wp.com\/www.shqiperia.com\/blog\/wp-content\/uploads\/2021\/03\/800-0-605a5b0ccb6b4.jpg?fit=800%2C420&ssl=1&resize=350%2C200","width":350,"height":200,"srcset":"https:\/\/i0.wp.com\/www.shqiperia.com\/blog\/wp-content\/uploads\/2021\/03\/800-0-605a5b0ccb6b4.jpg?fit=800%2C420&ssl=1&resize=350%2C200 1x, https:\/\/i0.wp.com\/www.shqiperia.com\/blog\/wp-content\/uploads\/2021\/03\/800-0-605a5b0ccb6b4.jpg?fit=800%2C420&ssl=1&resize=525%2C300 1.5x, https:\/\/i0.wp.com\/www.shqiperia.com\/blog\/wp-content\/uploads\/2021\/03\/800-0-605a5b0ccb6b4.jpg?fit=800%2C420&ssl=1&resize=700%2C400 2x"},"classes":[]},{"id":43432,"url":"https:\/\/www.shqiperia.com\/blog\/alarmi-vaksinat-e-dobeta-favorizojne-mutacionet-e-rrezikshme\/","url_meta":{"origin":45675,"position":4},"title":"Alarmi: &#8211; Vaksinat e dob\u00ebta favorizojn\u00eb mutacionet e rrezikshme","author":"Kurt Farka","date":"January 27, 2021","format":false,"excerpt":"Alarmi: - Vaksinat e dob\u00ebta favorizojn\u00eb mutacionet e rrezikshme 27 janar 2021 N\u00eb rast se vaksinat nuk jan\u00eb t\u00eb fuqishme, viruset q\u00eb anashkalojn\u00eb sistemin imunitar t\u00eb njeriut, mund t\u00eb prodhojn\u00eb mutacione, prej t\u00eb cilave mund t\u00eb infektohen p\u00ebrs\u00ebri ata q\u00eb jan\u00eb sh\u00ebruar. Po ashtu n\u00ebse vaksinat q\u00eb jan\u00eb tani n\u00eb\u2026","rel":"","context":"In &quot;Blogu i Udh\u00ebtarit&quot;","block_context":{"text":"Blogu i Udh\u00ebtarit","link":"https:\/\/www.shqiperia.com\/blog\/category\/blogu-i-udhetarit\/"},"img":{"alt_text":"","src":"https:\/\/i0.wp.com\/www.shqiperia.com\/blog\/wp-content\/uploads\/2021\/01\/640-0-6011201bbbb99.jpg?fit=440%2C240&ssl=1&resize=350%2C200","width":350,"height":200},"classes":[]},{"id":45408,"url":"https:\/\/www.shqiperia.com\/blog\/vaksinat-ruse-dhe-kineze-ne-shqiperi-ministrja-e-shendetesise-po-negociojme-per-vaksina-te-sigurta-e-kemi-kapacitetin-per-te-kryer-mijera-vaksinime-ne-dite\/","url_meta":{"origin":45675,"position":5},"title":"Vaksinat ruse dhe kineze n\u00eb Shqip\u00ebri? Ministrja e Sh\u00ebndet\u00ebsis\u00eb: Po negociojm\u00eb p\u00ebr vaksina t\u00eb sigurta, e kemi kapacitetin p\u00ebr t\u00eb kryer mij\u00ebra vaksinime n\u00eb dit\u00eb","author":"Kurt Farka","date":"March 17, 2021","format":false,"excerpt":"Vaksinat ruse dhe kineze n\u00eb Shqip\u00ebri? Ministrja e Sh\u00ebndet\u00ebsis\u00eb: Po negociojm\u00eb p\u00ebr vaksina t\u00eb sigurta, e kemi kapacitetin p\u00ebr t\u00eb kryer mij\u00ebra vaksinime n\u00eb dit\u00eb 17, mars 2021 Qeveria shqiptare ka miratuar nj\u00eb akt normativ q\u00eb i hap rrug\u00ebn negociatave me vende t\u00eb ndryshme prodhuese t\u00eb vaksinave kund\u00ebr Covid-19, p\u00ebrfshir\u00eb\u2026","rel":"","context":"In &quot;Blogu i Udh\u00ebtarit&quot;","block_context":{"text":"Blogu i Udh\u00ebtarit","link":"https:\/\/www.shqiperia.com\/blog\/category\/blogu-i-udhetarit\/"},"img":{"alt_text":"","src":"https:\/\/i0.wp.com\/www.shqiperia.com\/blog\/wp-content\/uploads\/2021\/03\/manastirliu-905x450-1.png?fit=905%2C450&ssl=1&resize=350%2C200","width":350,"height":200,"srcset":"https:\/\/i0.wp.com\/www.shqiperia.com\/blog\/wp-content\/uploads\/2021\/03\/manastirliu-905x450-1.png?fit=905%2C450&ssl=1&resize=350%2C200 1x, https:\/\/i0.wp.com\/www.shqiperia.com\/blog\/wp-content\/uploads\/2021\/03\/manastirliu-905x450-1.png?fit=905%2C450&ssl=1&resize=525%2C300 1.5x, https:\/\/i0.wp.com\/www.shqiperia.com\/blog\/wp-content\/uploads\/2021\/03\/manastirliu-905x450-1.png?fit=905%2C450&ssl=1&resize=700%2C400 2x"},"classes":[]}],"_links":{"self":[{"href":"https:\/\/www.shqiperia.com\/blog\/wp-json\/wp\/v2\/posts\/45675","targetHints":{"allow":["GET"]}}],"collection":[{"href":"https:\/\/www.shqiperia.com\/blog\/wp-json\/wp\/v2\/posts"}],"about":[{"href":"https:\/\/www.shqiperia.com\/blog\/wp-json\/wp\/v2\/types\/post"}],"author":[{"embeddable":true,"href":"https:\/\/www.shqiperia.com\/blog\/wp-json\/wp\/v2\/users\/9"}],"replies":[{"embeddable":true,"href":"https:\/\/www.shqiperia.com\/blog\/wp-json\/wp\/v2\/comments?post=45675"}],"version-history":[{"count":1,"href":"https:\/\/www.shqiperia.com\/blog\/wp-json\/wp\/v2\/posts\/45675\/revisions"}],"predecessor-version":[{"id":45677,"href":"https:\/\/www.shqiperia.com\/blog\/wp-json\/wp\/v2\/posts\/45675\/revisions\/45677"}],"wp:featuredmedia":[{"embeddable":true,"href":"https:\/\/www.shqiperia.com\/blog\/wp-json\/wp\/v2\/media\/45676"}],"wp:attachment":[{"href":"https:\/\/www.shqiperia.com\/blog\/wp-json\/wp\/v2\/media?parent=45675"}],"wp:term":[{"taxonomy":"category","embeddable":true,"href":"https:\/\/www.shqiperia.com\/blog\/wp-json\/wp\/v2\/categories?post=45675"},{"taxonomy":"post_tag","embeddable":true,"href":"https:\/\/www.shqiperia.com\/blog\/wp-json\/wp\/v2\/tags?post=45675"}],"curies":[{"name":"wp","href":"https:\/\/api.w.org\/{rel}","templated":true}]}}