{"id":45672,"date":"2021-03-23T22:14:24","date_gmt":"2021-03-23T22:14:24","guid":{"rendered":"https:\/\/www.shqiperia.com\/blog\/?p=45672"},"modified":"2021-03-23T22:14:24","modified_gmt":"2021-03-23T22:14:24","slug":"a-eshte-e-sigurt-vaksina-kineze-mjeku-i-njohur-ja-pse-u-nderpre-ne-ameriken-latine-qeveria-shqiptare-eshte-e-detyruar-te-ktheje-koken-nga-vaksinat-e-lindjes-sepse","status":"publish","type":"post","link":"https:\/\/www.shqiperia.com\/blog\/a-eshte-e-sigurt-vaksina-kineze-mjeku-i-njohur-ja-pse-u-nderpre-ne-ameriken-latine-qeveria-shqiptare-eshte-e-detyruar-te-ktheje-koken-nga-vaksinat-e-lindjes-sepse\/","title":{"rendered":"A \u00ebsht\u00eb e sigurt vaksina kineze? Mjeku i njohur: Ja pse u nd\u00ebrpre n\u00eb Amerik\u00ebn Latine! Qeveria shqiptare \u00ebsht\u00eb e detyruar t\u00eb kthej\u00eb kok\u00ebn nga vaksinat e Lindjes, sepse&#8230;"},"content":{"rendered":"<p><img data-recalc-dims=\"1\" loading=\"lazy\" decoding=\"async\" data-attachment-id=\"45673\" data-permalink=\"https:\/\/www.shqiperia.com\/blog\/a-eshte-e-sigurt-vaksina-kineze-mjeku-i-njohur-ja-pse-u-nderpre-ne-ameriken-latine-qeveria-shqiptare-eshte-e-detyruar-te-ktheje-koken-nga-vaksinat-e-lindjes-sepse\/800-0-605a5b0ccb6b4\/\" data-orig-file=\"https:\/\/i0.wp.com\/www.shqiperia.com\/blog\/wp-content\/uploads\/2021\/03\/800-0-605a5b0ccb6b4.jpg?fit=800%2C420&amp;ssl=1\" data-orig-size=\"800,420\" data-comments-opened=\"1\" data-image-meta=\"{&quot;aperture&quot;:&quot;0&quot;,&quot;credit&quot;:&quot;&quot;,&quot;camera&quot;:&quot;&quot;,&quot;caption&quot;:&quot;&quot;,&quot;created_timestamp&quot;:&quot;0&quot;,&quot;copyright&quot;:&quot;&quot;,&quot;focal_length&quot;:&quot;0&quot;,&quot;iso&quot;:&quot;0&quot;,&quot;shutter_speed&quot;:&quot;0&quot;,&quot;title&quot;:&quot;&quot;,&quot;orientation&quot;:&quot;0&quot;}\" data-image-title=\"-800-0-605a5b0ccb6b4\" data-image-description=\"\" data-image-caption=\"\" data-medium-file=\"https:\/\/i0.wp.com\/www.shqiperia.com\/blog\/wp-content\/uploads\/2021\/03\/800-0-605a5b0ccb6b4.jpg?fit=300%2C158&amp;ssl=1\" data-large-file=\"https:\/\/i0.wp.com\/www.shqiperia.com\/blog\/wp-content\/uploads\/2021\/03\/800-0-605a5b0ccb6b4.jpg?fit=800%2C420&amp;ssl=1\" class=\"alignnone  wp-image-45673\" alt=\"\" src=\"https:\/\/i0.wp.com\/www.shqiperia.com\/blog\/wp-content\/uploads\/2021\/03\/800-0-605a5b0ccb6b4.jpg?resize=534%2C281&#038;ssl=1\" width=\"534\" height=\"281\" srcset=\"https:\/\/i0.wp.com\/www.shqiperia.com\/blog\/wp-content\/uploads\/2021\/03\/800-0-605a5b0ccb6b4.jpg?resize=300%2C158&amp;ssl=1 300w, https:\/\/i0.wp.com\/www.shqiperia.com\/blog\/wp-content\/uploads\/2021\/03\/800-0-605a5b0ccb6b4.jpg?resize=768%2C403&amp;ssl=1 768w, https:\/\/i0.wp.com\/www.shqiperia.com\/blog\/wp-content\/uploads\/2021\/03\/800-0-605a5b0ccb6b4.jpg?resize=450%2C236&amp;ssl=1 450w, https:\/\/i0.wp.com\/www.shqiperia.com\/blog\/wp-content\/uploads\/2021\/03\/800-0-605a5b0ccb6b4.jpg?resize=600%2C315&amp;ssl=1 600w, https:\/\/i0.wp.com\/www.shqiperia.com\/blog\/wp-content\/uploads\/2021\/03\/800-0-605a5b0ccb6b4.jpg?resize=400%2C210&amp;ssl=1 400w, https:\/\/i0.wp.com\/www.shqiperia.com\/blog\/wp-content\/uploads\/2021\/03\/800-0-605a5b0ccb6b4.jpg?w=800&amp;ssl=1 800w\" sizes=\"auto, (max-width: 534px) 100vw, 534px\" \/><\/p>\n<p>A \u00ebsht\u00eb e sigurt vaksina kineze? Mjeku i njohur: Ja pse u nd\u00ebrpre n\u00eb Amerik\u00ebn Latine! Qeveria shqiptare \u00ebsht\u00eb e detyruar t\u00eb kthej\u00eb kok\u00ebn nga vaksinat e Lindjes, sepse&#8230;<\/p>\n<p>23 MARS 2021<\/p>\n<p>Mjeku i njohur q\u00eb punon n\u00eb Spanj\u00eb. Kita Sallabanda, foli p\u00ebr vaksin\u00ebn kineze dhe efektin e saj n\u00eb Amerik\u00ebn Latine.<\/p>\n<p>Sallabanda zbuloi n\u00eb Open se koleg\u00ebt e tij n\u00eb Amerik\u00ebn Latine i kishin raportuar se ishte nd\u00ebrprer\u00eb vaksina kineze atje, p\u00ebr shkak t\u00eb problemeve.<\/p>\n<p>\u201c\u00cbsht\u00eb ndaluar p\u00ebr momentin p\u00ebr shkak t\u00eb mortalitetit dhe s\u00ebmundshm\u00ebris\u00eb. K\u00ebto jan\u00eb fakte, q\u00eb duhet t\u2019i zbulojm\u00eb dhe t\u00eb b\u00ebjm\u00eb kujdes. N\u00eb Kili, n\u00eb 30% e popullsis\u00eb nuk ka pasur at\u00eb efekt vaksina, si\u00e7 p\u00ebr shembull ka pasur Pfizer n\u00eb Izrael,\u201d tha Sallabanda.<\/p>\n<p>\u201cQeveria shqiptare \u00ebsht\u00eb e detyruar t\u00eb kthej\u00eb kok\u00ebn nga vaksinat e Lindjes, pasi nuk ka arritur dot t\u2019i marr\u00eb Pfizer dhe Moderna,\u201d shtoi mjeku shqiptar.<\/p>\n","protected":false},"excerpt":{"rendered":"<p>A \u00ebsht\u00eb e sigurt vaksina kineze? Mjeku i njohur: Ja pse u nd\u00ebrpre n\u00eb Amerik\u00ebn Latine! Qeveria shqiptare \u00ebsht\u00eb e detyruar t\u00eb kthej\u00eb kok\u00ebn nga vaksinat e Lindjes, sepse&#8230; 23 MARS 2021 Mjeku i njohur q\u00eb punon n\u00eb Spanj\u00eb. Kita Sallabanda, foli p\u00ebr vaksin\u00ebn kineze dhe efektin e saj n\u00eb Amerik\u00ebn Latine. Sallabanda zbuloi n\u00eb [&hellip;]<\/p>\n","protected":false},"author":9,"featured_media":45673,"comment_status":"open","ping_status":"open","sticky":false,"template":"","format":"standard","meta":{"jetpack_post_was_ever_published":false,"_jetpack_newsletter_access":"","_jetpack_dont_email_post_to_subs":false,"_jetpack_newsletter_tier_id":0,"_jetpack_memberships_contains_paywalled_content":false,"_jetpack_memberships_contains_paid_content":false,"footnotes":"","jetpack_publicize_message":"","jetpack_publicize_feature_enabled":true,"jetpack_social_post_already_shared":true,"jetpack_social_options":{"image_generator_settings":{"template":"highway","default_image_id":0,"font":"","enabled":false},"version":2}},"categories":[27,35],"tags":[],"class_list":["post-45672","post","type-post","status-publish","format-standard","has-post-thumbnail","hentry","category-blogu-i-udhetarit","category-shoqerore"],"jetpack_publicize_connections":[],"jetpack_featured_media_url":"https:\/\/i0.wp.com\/www.shqiperia.com\/blog\/wp-content\/uploads\/2021\/03\/800-0-605a5b0ccb6b4.jpg?fit=800%2C420&ssl=1","jetpack_sharing_enabled":true,"jetpack_shortlink":"https:\/\/wp.me\/p5Z6wp-bSE","jetpack-related-posts":[{"id":46123,"url":"https:\/\/www.shqiperia.com\/blog\/mjeku-alimehmeti-ndersa-shqiperia-ka-nisur-vaksinimin-masiv-te-popullates-me-vaksinen-kineze-sinovak-vete-vendi-i-origjines-kina-po-tregohet-shume-e-kujdesshme\/","url_meta":{"origin":45672,"position":0},"title":"Mjeku Alimehmeti: &#8211; Nd\u00ebrsa Shqip\u00ebria ka nisur vaksinimin masiv t\u00eb popullat\u00ebs me vaksin\u00ebn kineze sinovak vet\u00eb vendi i origjin\u00ebs Kina po tregohet shum\u00eb e kujdesshme.","author":"Kurt Farka","date":"April 6, 2021","format":false,"excerpt":"Mjeku Alimehmeti: - Nd\u00ebrsa Shqip\u00ebria ka nisur vaksinimin masiv t\u00eb popullat\u00ebs me vaksin\u00ebn kineze sinovak vet\u00eb vendi i origjin\u00ebs Kina po tregohet shum\u00eb e kujdesshme. 6 prill 2021 Ilir Alimehmeti, mjek epidemiolog analizon zhvillimet m\u00eb t\u00eb fundit n\u00eb Kin\u00eb ku sipas tij vaksina Sinovac ka marr\u00eb\u00a0lincencimin\u00a0p\u00ebr t\u2019u aplikuar n\u00eb moshat\u2026","rel":"","context":"In &quot;Blogu i Udh\u00ebtarit&quot;","block_context":{"text":"Blogu i Udh\u00ebtarit","link":"https:\/\/www.shqiperia.com\/blog\/category\/blogu-i-udhetarit\/"},"img":{"alt_text":"","src":"https:\/\/i0.wp.com\/www.shqiperia.com\/blog\/wp-content\/uploads\/2021\/04\/Ilir-alimehmeti.jpg?fit=1100%2C562&ssl=1&resize=350%2C200","width":350,"height":200,"srcset":"https:\/\/i0.wp.com\/www.shqiperia.com\/blog\/wp-content\/uploads\/2021\/04\/Ilir-alimehmeti.jpg?fit=1100%2C562&ssl=1&resize=350%2C200 1x, https:\/\/i0.wp.com\/www.shqiperia.com\/blog\/wp-content\/uploads\/2021\/04\/Ilir-alimehmeti.jpg?fit=1100%2C562&ssl=1&resize=525%2C300 1.5x, https:\/\/i0.wp.com\/www.shqiperia.com\/blog\/wp-content\/uploads\/2021\/04\/Ilir-alimehmeti.jpg?fit=1100%2C562&ssl=1&resize=700%2C400 2x, https:\/\/i0.wp.com\/www.shqiperia.com\/blog\/wp-content\/uploads\/2021\/04\/Ilir-alimehmeti.jpg?fit=1100%2C562&ssl=1&resize=1050%2C600 3x"},"classes":[]},{"id":48088,"url":"https:\/\/www.shqiperia.com\/blog\/a-rrezikojme-nje-vale-te-4-ne-vjeshte-nga-mutacioni-i-covid-19-flet-mjeku-i-njohur-ne-shqiperi-pres-qe\/","url_meta":{"origin":45672,"position":1},"title":"A rrezikojm\u00eb nj\u00eb val\u00eb t\u00eb 4 n\u00eb vjesht\u00eb nga mutacioni i Covid-19? Flet mjeku i njohur: N\u00eb Shqip\u00ebri pres q\u00eb&#8230;","author":"Kurt Farka","date":"June 23, 2021","format":false,"excerpt":"A rrezikojm\u00eb nj\u00eb val\u00eb t\u00eb 4 n\u00eb vjesht\u00eb nga mutacioni i Covid-19? Flet mjeku i njohur: N\u00eb Shqip\u00ebri pres q\u00eb... 23 QERSHOR 2021 \u201c\u2026I pyetur n\u00eb lidhje me krijimin e nj\u00eb doze t\u00eb tret\u00eb t\u00eb nj\u00eb tjet\u00ebr vaksine p\u00ebr t\u2019u injektuar te personat q\u00eb kan\u00eb marr\u00eb vaksin\u00ebn kineze, mjeku i\u2026","rel":"","context":"In &quot;Blogu i Udh\u00ebtarit&quot;","block_context":{"text":"Blogu i Udh\u00ebtarit","link":"https:\/\/www.shqiperia.com\/blog\/category\/blogu-i-udhetarit\/"},"img":{"alt_text":"","src":"https:\/\/i0.wp.com\/www.shqiperia.com\/blog\/wp-content\/uploads\/2021\/06\/Alarming-gap-in-global-response-to-COVID-19-2.jpg?fit=736%2C401&ssl=1&resize=350%2C200","width":350,"height":200,"srcset":"https:\/\/i0.wp.com\/www.shqiperia.com\/blog\/wp-content\/uploads\/2021\/06\/Alarming-gap-in-global-response-to-COVID-19-2.jpg?fit=736%2C401&ssl=1&resize=350%2C200 1x, https:\/\/i0.wp.com\/www.shqiperia.com\/blog\/wp-content\/uploads\/2021\/06\/Alarming-gap-in-global-response-to-COVID-19-2.jpg?fit=736%2C401&ssl=1&resize=525%2C300 1.5x, https:\/\/i0.wp.com\/www.shqiperia.com\/blog\/wp-content\/uploads\/2021\/06\/Alarming-gap-in-global-response-to-COVID-19-2.jpg?fit=736%2C401&ssl=1&resize=700%2C400 2x"},"classes":[]},{"id":45864,"url":"https:\/\/www.shqiperia.com\/blog\/eshte-e-shpejtuar-ne-shqiperi-mjeku-ne-shba-zbulon-prapaskenat-vaksina-kineze-nuk-ka-asnje\/","url_meta":{"origin":45672,"position":2},"title":"\u2018\u00cbsht\u00eb e shpejtuar n\u00eb Shqip\u00ebri\u2019, mjeku n\u00eb SHBA zbulon prapaskenat: Vaksina kineze nuk ka asnj\u00eb &#8230;","author":"Kurt Farka","date":"March 28, 2021","format":false,"excerpt":"\u2018\u00cbsht\u00eb e shpejtuar n\u00eb Shqip\u00ebri\u2019, mjeku n\u00eb SHBA zbulon prapaskenat: Vaksina kineze nuk ka asnj\u00eb ... 28 MARS 2021 Njeku shqiptar n\u00eb SHBA\u00a0 Arban Domi \u00ebsht\u00eb shprehur me rezerva n\u00eb lidhje me vaksin\u00ebn kineze Sinovac, e cila do t\u00eb aplikohet edhe n\u00eb Shqip\u00ebri. Virologu Domi, shprehu dilemat e tij se\u2026","rel":"","context":"In &quot;Blogu i Udh\u00ebtarit&quot;","block_context":{"text":"Blogu i Udh\u00ebtarit","link":"https:\/\/www.shqiperia.com\/blog\/category\/blogu-i-udhetarit\/"},"img":{"alt_text":"","src":"https:\/\/i0.wp.com\/www.shqiperia.com\/blog\/wp-content\/uploads\/2021\/03\/Mjeku-Arban-Domi.jpg?fit=640%2C336&ssl=1&resize=350%2C200","width":350,"height":200,"srcset":"https:\/\/i0.wp.com\/www.shqiperia.com\/blog\/wp-content\/uploads\/2021\/03\/Mjeku-Arban-Domi.jpg?fit=640%2C336&ssl=1&resize=350%2C200 1x, https:\/\/i0.wp.com\/www.shqiperia.com\/blog\/wp-content\/uploads\/2021\/03\/Mjeku-Arban-Domi.jpg?fit=640%2C336&ssl=1&resize=525%2C300 1.5x"},"classes":[]},{"id":45675,"url":"https:\/\/www.shqiperia.com\/blog\/vaksinat-ruse-dhe-kineze-do-te-jene-me-detyrim-ja-si-pergjigjet-anetarja-e-komitetit-te-vaksinimit\/","url_meta":{"origin":45672,"position":3},"title":"Vaksinat ruse dhe kineze do t\u00eb jen\u00eb me detyrim? Ja si p\u00ebrgjigjet an\u00ebtarja e \u00a0Komitetit t\u00eb Vaksinimit","author":"Kurt Farka","date":"March 23, 2021","format":false,"excerpt":"Vaksinat ruse dhe kineze do t\u00eb jen\u00eb me detyrim? Ja si p\u00ebrgjigjet an\u00ebtarja e \u00a0Komitetit t\u00eb Vaksinimit 23 MARS 2021 Gjeorgjina Kuli, nga Komiteti i Vaksinimit, deklaroi se vaksinat ruse dhe kineze \u201cjan\u00eb t\u00eb aprovuara nga agjencit\u00eb e vendeve p\u00ebrkat\u00ebse, t\u00eb cilat jan\u00eb agjenci t\u00eb r\u00ebnd\u00ebsishme, q\u00eb kan\u00eb historik shum\u00eb\u2026","rel":"","context":"In &quot;Blogu i Udh\u00ebtarit&quot;","block_context":{"text":"Blogu i Udh\u00ebtarit","link":"https:\/\/www.shqiperia.com\/blog\/category\/blogu-i-udhetarit\/"},"img":{"alt_text":"","src":"https:\/\/i0.wp.com\/www.shqiperia.com\/blog\/wp-content\/uploads\/2021\/03\/640-0-605a4eec7724e.jpg?fit=640%2C360&ssl=1&resize=350%2C200","width":350,"height":200,"srcset":"https:\/\/i0.wp.com\/www.shqiperia.com\/blog\/wp-content\/uploads\/2021\/03\/640-0-605a4eec7724e.jpg?fit=640%2C360&ssl=1&resize=350%2C200 1x, https:\/\/i0.wp.com\/www.shqiperia.com\/blog\/wp-content\/uploads\/2021\/03\/640-0-605a4eec7724e.jpg?fit=640%2C360&ssl=1&resize=525%2C300 1.5x"},"classes":[]},{"id":45882,"url":"https:\/\/www.shqiperia.com\/blog\/ekspertet-vaksina-kineze-eshte-nje-bast\/","url_meta":{"origin":45672,"position":4},"title":"Ekspert\u00ebt: &#8211; Vaksina kineze \u00ebsht\u00eb nj\u00eb bast","author":"Kurt Farka","date":"March 29, 2021","format":false,"excerpt":"Ekspert\u00ebt: - Vaksina kineze \u00ebsht\u00eb nj\u00eb bast Epidemiologu Ilir Alimehmeti mendon se aplikimi i vaksin\u00ebs kineze \u00ebsht\u00eb nj\u00eb bast q\u00eb po b\u00ebhet me sh\u00ebndetin e shqiptar\u00ebve pasi vaksina akoma nuk i ka kaluar testet e plota klinike p\u00ebr efektshm\u00ebrin\u00eb e saj. \u201cCoronaVac, e prodhuar nga Sinovac Biotech, \u00ebsht\u00eb vaksin\u00eb me\u2026","rel":"","context":"In &quot;Blogu i Udh\u00ebtarit&quot;","block_context":{"text":"Blogu i Udh\u00ebtarit","link":"https:\/\/www.shqiperia.com\/blog\/category\/blogu-i-udhetarit\/"},"img":{"alt_text":"","src":"https:\/\/i0.wp.com\/www.shqiperia.com\/blog\/wp-content\/uploads\/2021\/03\/Ekspertet-Vaksina-kineze-eshte-nje-bast.jpg?fit=1200%2C615&ssl=1&resize=350%2C200","width":350,"height":200,"srcset":"https:\/\/i0.wp.com\/www.shqiperia.com\/blog\/wp-content\/uploads\/2021\/03\/Ekspertet-Vaksina-kineze-eshte-nje-bast.jpg?fit=1200%2C615&ssl=1&resize=350%2C200 1x, https:\/\/i0.wp.com\/www.shqiperia.com\/blog\/wp-content\/uploads\/2021\/03\/Ekspertet-Vaksina-kineze-eshte-nje-bast.jpg?fit=1200%2C615&ssl=1&resize=525%2C300 1.5x, https:\/\/i0.wp.com\/www.shqiperia.com\/blog\/wp-content\/uploads\/2021\/03\/Ekspertet-Vaksina-kineze-eshte-nje-bast.jpg?fit=1200%2C615&ssl=1&resize=700%2C400 2x, https:\/\/i0.wp.com\/www.shqiperia.com\/blog\/wp-content\/uploads\/2021\/03\/Ekspertet-Vaksina-kineze-eshte-nje-bast.jpg?fit=1200%2C615&ssl=1&resize=1050%2C600 3x"},"classes":[]},{"id":46374,"url":"https:\/\/www.shqiperia.com\/blog\/deklarata-e-bujshme-e-virologut-qe-me-pas-u-terhoq-konfuzion-mbi-efektshmerine-e-vaksinave-kineze\/","url_meta":{"origin":45672,"position":5},"title":"Deklarata e bujshme e virologut q\u00eb m\u00eb pas u t\u00ebrhoq, &#8211; konfuzion mbi efektshm\u00ebrin\u00eb e vaksinave kineze","author":"Kurt Farka","date":"April 14, 2021","format":false,"excerpt":"Deklarata e bujshme e virologut q\u00eb m\u00eb pas u t\u00ebrhoq, - konfuzion mbi efektshm\u00ebrin\u00eb e vaksinave kineze 14 prill 2021 Nj\u00eb virolog kinez\u00a0i rangut t\u00eb lart\u00eb vuri n\u00eb dyshim efektshm\u00ebrin\u00eb e kat\u00ebr vaksinave t\u00eb miratuara, por m\u00eb pas u t\u00ebrhoq dhe tha se ishte nj\u00eb keqkuptim. Deklarata n\u00eb nj\u00eb konferenc\u00eb\u2026","rel":"","context":"In &quot;Blogu i Udh\u00ebtarit&quot;","block_context":{"text":"Blogu i Udh\u00ebtarit","link":"https:\/\/www.shqiperia.com\/blog\/category\/blogu-i-udhetarit\/"},"img":{"alt_text":"","src":"https:\/\/i0.wp.com\/www.shqiperia.com\/blog\/wp-content\/uploads\/2021\/04\/57172885_303.jpg?fit=700%2C394&ssl=1&resize=350%2C200","width":350,"height":200,"srcset":"https:\/\/i0.wp.com\/www.shqiperia.com\/blog\/wp-content\/uploads\/2021\/04\/57172885_303.jpg?fit=700%2C394&ssl=1&resize=350%2C200 1x, https:\/\/i0.wp.com\/www.shqiperia.com\/blog\/wp-content\/uploads\/2021\/04\/57172885_303.jpg?fit=700%2C394&ssl=1&resize=525%2C300 1.5x, https:\/\/i0.wp.com\/www.shqiperia.com\/blog\/wp-content\/uploads\/2021\/04\/57172885_303.jpg?fit=700%2C394&ssl=1&resize=700%2C400 2x"},"classes":[]}],"_links":{"self":[{"href":"https:\/\/www.shqiperia.com\/blog\/wp-json\/wp\/v2\/posts\/45672","targetHints":{"allow":["GET"]}}],"collection":[{"href":"https:\/\/www.shqiperia.com\/blog\/wp-json\/wp\/v2\/posts"}],"about":[{"href":"https:\/\/www.shqiperia.com\/blog\/wp-json\/wp\/v2\/types\/post"}],"author":[{"embeddable":true,"href":"https:\/\/www.shqiperia.com\/blog\/wp-json\/wp\/v2\/users\/9"}],"replies":[{"embeddable":true,"href":"https:\/\/www.shqiperia.com\/blog\/wp-json\/wp\/v2\/comments?post=45672"}],"version-history":[{"count":1,"href":"https:\/\/www.shqiperia.com\/blog\/wp-json\/wp\/v2\/posts\/45672\/revisions"}],"predecessor-version":[{"id":45674,"href":"https:\/\/www.shqiperia.com\/blog\/wp-json\/wp\/v2\/posts\/45672\/revisions\/45674"}],"wp:featuredmedia":[{"embeddable":true,"href":"https:\/\/www.shqiperia.com\/blog\/wp-json\/wp\/v2\/media\/45673"}],"wp:attachment":[{"href":"https:\/\/www.shqiperia.com\/blog\/wp-json\/wp\/v2\/media?parent=45672"}],"wp:term":[{"taxonomy":"category","embeddable":true,"href":"https:\/\/www.shqiperia.com\/blog\/wp-json\/wp\/v2\/categories?post=45672"},{"taxonomy":"post_tag","embeddable":true,"href":"https:\/\/www.shqiperia.com\/blog\/wp-json\/wp\/v2\/tags?post=45672"}],"curies":[{"name":"wp","href":"https:\/\/api.w.org\/{rel}","templated":true}]}}