{"id":45666,"date":"2021-03-23T20:38:53","date_gmt":"2021-03-23T20:38:53","guid":{"rendered":"https:\/\/www.shqiperia.com\/blog\/?p=45666"},"modified":"2021-03-23T20:38:53","modified_gmt":"2021-03-23T20:38:53","slug":"u-vaksinuan-me-pfizer-infektohen-me-covid-2-mjeke-e-1-infermier-ne-elbasan","status":"publish","type":"post","link":"https:\/\/www.shqiperia.com\/blog\/u-vaksinuan-me-pfizer-infektohen-me-covid-2-mjeke-e-1-infermier-ne-elbasan\/","title":{"rendered":"U vaksinuan me Pfizer \u2013 Infektohen me Covid 2 mjek\u00eb e 1 infermier n\u00eb Elbasan"},"content":{"rendered":"<p><img data-recalc-dims=\"1\" loading=\"lazy\" decoding=\"async\" data-attachment-id=\"45667\" data-permalink=\"https:\/\/www.shqiperia.com\/blog\/u-vaksinuan-me-pfizer-infektohen-me-covid-2-mjeke-e-1-infermier-ne-elbasan\/screenshot_2-16\/\" data-orig-file=\"https:\/\/i0.wp.com\/www.shqiperia.com\/blog\/wp-content\/uploads\/2021\/03\/Screenshot_2-16.jpg?fit=601%2C359&amp;ssl=1\" data-orig-size=\"601,359\" data-comments-opened=\"1\" data-image-meta=\"{&quot;aperture&quot;:&quot;0&quot;,&quot;credit&quot;:&quot;&quot;,&quot;camera&quot;:&quot;&quot;,&quot;caption&quot;:&quot;&quot;,&quot;created_timestamp&quot;:&quot;0&quot;,&quot;copyright&quot;:&quot;&quot;,&quot;focal_length&quot;:&quot;0&quot;,&quot;iso&quot;:&quot;0&quot;,&quot;shutter_speed&quot;:&quot;0&quot;,&quot;title&quot;:&quot;&quot;,&quot;orientation&quot;:&quot;0&quot;}\" data-image-title=\"Screenshot_2-16\" data-image-description=\"\" data-image-caption=\"\" data-medium-file=\"https:\/\/i0.wp.com\/www.shqiperia.com\/blog\/wp-content\/uploads\/2021\/03\/Screenshot_2-16.jpg?fit=300%2C179&amp;ssl=1\" data-large-file=\"https:\/\/i0.wp.com\/www.shqiperia.com\/blog\/wp-content\/uploads\/2021\/03\/Screenshot_2-16.jpg?fit=601%2C359&amp;ssl=1\" class=\"alignnone  wp-image-45667\" alt=\"\" src=\"https:\/\/i0.wp.com\/www.shqiperia.com\/blog\/wp-content\/uploads\/2021\/03\/Screenshot_2-16.jpg?resize=508%2C303&#038;ssl=1\" width=\"508\" height=\"303\" srcset=\"https:\/\/i0.wp.com\/www.shqiperia.com\/blog\/wp-content\/uploads\/2021\/03\/Screenshot_2-16.jpg?resize=300%2C179&amp;ssl=1 300w, https:\/\/i0.wp.com\/www.shqiperia.com\/blog\/wp-content\/uploads\/2021\/03\/Screenshot_2-16.jpg?resize=450%2C269&amp;ssl=1 450w, https:\/\/i0.wp.com\/www.shqiperia.com\/blog\/wp-content\/uploads\/2021\/03\/Screenshot_2-16.jpg?resize=400%2C239&amp;ssl=1 400w, https:\/\/i0.wp.com\/www.shqiperia.com\/blog\/wp-content\/uploads\/2021\/03\/Screenshot_2-16.jpg?w=601&amp;ssl=1 601w\" sizes=\"auto, (max-width: 508px) 100vw, 508px\" \/><\/p>\n<p>U vaksinuan me Pfizer \u2013 Infektohen me Covid 2 mjek\u00eb e 1 infermier n\u00eb Elbasan<\/p>\n<p>&#8211; 23\/03\/21<\/p>\n<p>3 prej punonj\u00ebsve t\u00eb bluzave t\u00eb bardha n\u00eb spitalin e Elbasanit jan\u00eb prekur nga koronavirusi, ndon\u00ebse kan\u00eb marr\u00eb doz\u00ebn e par\u00eb t\u00eb vaksin\u00ebs Pfizer.<\/p>\n<p>B\u00ebhet fjal\u00eb p\u00ebr nj\u00eb mjeke endokrinologe, nj\u00eb imazhier dhe nj\u00eb infermiere, t\u00eb cil\u00ebt jan\u00eb konfirmuar mbart\u00ebs t\u00eb virusit shpesh vdekjeprur\u00ebs pas b\u00ebrjes s\u00eb tamponit.<\/p>\n<p>Nuk ka informacion t\u00eb m\u00ebtejsh\u00ebm, si dhe nuk dihet ende se sa dit\u00eb kan\u00eb kaluar t\u00eb prekurit nga vaksinimi.<\/p>\n<p>Risjellim n\u00eb v\u00ebmendje se n\u00eb 24 or\u00ebt e fundit jan\u00eb regjistruar 344 t\u00eb infektuar me koronavirus dhe 8 viktima.<\/p>\n<p>Gazeta Mapo<\/p>\n","protected":false},"excerpt":{"rendered":"<p>U vaksinuan me Pfizer \u2013 Infektohen me Covid 2 mjek\u00eb e 1 infermier n\u00eb Elbasan &#8211; 23\/03\/21 3 prej punonj\u00ebsve t\u00eb bluzave t\u00eb bardha n\u00eb spitalin e Elbasanit jan\u00eb prekur nga koronavirusi, ndon\u00ebse kan\u00eb marr\u00eb doz\u00ebn e par\u00eb t\u00eb vaksin\u00ebs Pfizer. B\u00ebhet fjal\u00eb p\u00ebr nj\u00eb mjeke endokrinologe, nj\u00eb imazhier dhe nj\u00eb infermiere, t\u00eb cil\u00ebt jan\u00eb [&hellip;]<\/p>\n","protected":false},"author":9,"featured_media":45667,"comment_status":"open","ping_status":"open","sticky":false,"template":"","format":"standard","meta":{"jetpack_post_was_ever_published":false,"_jetpack_newsletter_access":"","_jetpack_dont_email_post_to_subs":false,"_jetpack_newsletter_tier_id":0,"_jetpack_memberships_contains_paywalled_content":false,"_jetpack_memberships_contains_paid_content":false,"footnotes":"","jetpack_publicize_message":"","jetpack_publicize_feature_enabled":true,"jetpack_social_post_already_shared":true,"jetpack_social_options":{"image_generator_settings":{"template":"highway","default_image_id":0,"font":"","enabled":false},"version":2}},"categories":[27,1,35],"tags":[],"class_list":["post-45666","post","type-post","status-publish","format-standard","has-post-thumbnail","hentry","category-blogu-i-udhetarit","category-njoftime-shtypi","category-shoqerore"],"jetpack_publicize_connections":[],"jetpack_featured_media_url":"https:\/\/i0.wp.com\/www.shqiperia.com\/blog\/wp-content\/uploads\/2021\/03\/Screenshot_2-16.jpg?fit=601%2C359&ssl=1","jetpack_sharing_enabled":true,"jetpack_shortlink":"https:\/\/wp.me\/p5Z6wp-bSy","jetpack-related-posts":[{"id":48421,"url":"https:\/\/www.shqiperia.com\/blog\/qindra-mjeke-dhe-infermiere-te-vaksinuar-me-sinovac-infektohen-me-covid-ne-tajlande\/","url_meta":{"origin":45666,"position":0},"title":"Qindra mjek\u00eb dhe infermier\u00eb t\u00eb vaksinuar me Sinovac infektohen me covid n\u00eb Tajland\u00eb","author":"Kurt Farka","date":"July 12, 2021","format":false,"excerpt":"Qindra mjek\u00eb dhe infermier\u00eb t\u00eb vaksinuar me Sinovac infektohen me covid n\u00eb Tajland\u00eb 11 KORRIK 2021 Ministria e sh\u00ebndet\u00ebsis\u00eb s\u00eb Tajland\u00ebs ka deklaruar se 618 punonj\u00ebs mjek\u00ebsor\u00eb, q\u00eb mor\u00ebn dy doza t\u00eb vaksin\u00ebs kineze Sinovac, jan\u00eb infektuar me COVID-19. Sipas Reuters, nj\u00eb infermiere ka vdekur dhe nj\u00eb punonj\u00ebs tjet\u00ebr mjek\u00ebsor\u2026","rel":"","context":"In &quot;Blogu i Udh\u00ebtarit&quot;","block_context":{"text":"Blogu i Udh\u00ebtarit","link":"https:\/\/www.shqiperia.com\/blog\/category\/blogu-i-udhetarit\/"},"img":{"alt_text":"","src":"https:\/\/i0.wp.com\/www.shqiperia.com\/blog\/wp-content\/uploads\/2021\/07\/640-0-60eb0d362b7c3.jpg?fit=640%2C365&ssl=1&resize=350%2C200","width":350,"height":200,"srcset":"https:\/\/i0.wp.com\/www.shqiperia.com\/blog\/wp-content\/uploads\/2021\/07\/640-0-60eb0d362b7c3.jpg?fit=640%2C365&ssl=1&resize=350%2C200 1x, https:\/\/i0.wp.com\/www.shqiperia.com\/blog\/wp-content\/uploads\/2021\/07\/640-0-60eb0d362b7c3.jpg?fit=640%2C365&ssl=1&resize=525%2C300 1.5x"},"classes":[]},{"id":43447,"url":"https:\/\/www.shqiperia.com\/blog\/jo-vetem-pipero-me-temperature-40-dhe-kolle-mjeke-e-infermiere-te-tjere-me-simptoma-covid\/","url_meta":{"origin":45666,"position":1},"title":"Jo vet\u00ebm Pipero: &#8211; Me temperatur\u00eb 40 dhe koll\u00eb, mjek\u00eb e infermier\u00eb t\u00eb tjer\u00eb me simptoma COVID","author":"Kurt Farka","date":"January 27, 2021","format":false,"excerpt":"Jo vet\u00ebm Pipero: - Me temperatur\u00eb 40 dhe koll\u00eb, mjek\u00eb e infermier\u00eb t\u00eb tjer\u00eb me simptoma COVID 27 JANAR 2021 Mjeku infeksionist P\u00ebllumb Pipero rezultoi pozitiv nga pandemia e koronavirusit, edhe pse nuk jan\u00eb mbushur ende dy jav\u00eb nga injektimi me doz\u00ebn e par\u00eb t\u00eb vaksin\u00ebs kund\u00ebr koronavirusit. Lajmi \u00ebsht\u00eb\u2026","rel":"","context":"In &quot;Blogu i Udh\u00ebtarit&quot;","block_context":{"text":"Blogu i Udh\u00ebtarit","link":"https:\/\/www.shqiperia.com\/blog\/category\/blogu-i-udhetarit\/"},"img":{"alt_text":"","src":"https:\/\/i0.wp.com\/www.shqiperia.com\/blog\/wp-content\/uploads\/2021\/01\/640-0-60119ad168b93.jpeg?fit=640%2C361&ssl=1&resize=350%2C200","width":350,"height":200,"srcset":"https:\/\/i0.wp.com\/www.shqiperia.com\/blog\/wp-content\/uploads\/2021\/01\/640-0-60119ad168b93.jpeg?fit=640%2C361&ssl=1&resize=350%2C200 1x, https:\/\/i0.wp.com\/www.shqiperia.com\/blog\/wp-content\/uploads\/2021\/01\/640-0-60119ad168b93.jpeg?fit=640%2C361&ssl=1&resize=525%2C300 1.5x"},"classes":[]},{"id":49986,"url":"https:\/\/www.shqiperia.com\/blog\/studimi-amerikan-moderna-mbron-me-shume-dhe-me-gjate-se-pfizer\/","url_meta":{"origin":45666,"position":2},"title":"Studimi amerikan: Moderna mbron m\u00eb shum\u00eb dhe m\u00eb gjat\u00eb se Pfizer.","author":"Kurt Farka","date":"September 20, 2021","format":false,"excerpt":"Studimi amerikan: Moderna mbron m\u00eb shum\u00eb dhe m\u00eb gjat\u00eb se Pfizer. 19 SHTATOR 2021 Nj\u00eb studim nga Qendra Amerikane p\u00ebr Kontrollin dhe Parandalimin e S\u00ebmundjeve (CDC) sugjeron q\u00eb vaksina Moderna jep mbrojtje m\u00eb t\u00eb mir\u00eb afatgjat\u00eb kund\u00ebr shtrimit n\u00eb spital sesa Pfizer. Hulumtuesit e CDC kryen nj\u00eb analiz\u00eb t\u00eb gati\u2026","rel":"","context":"In &quot;Blogu i Udh\u00ebtarit&quot;","block_context":{"text":"Blogu i Udh\u00ebtarit","link":"https:\/\/www.shqiperia.com\/blog\/category\/blogu-i-udhetarit\/"},"img":{"alt_text":"","src":"https:\/\/i0.wp.com\/www.shqiperia.com\/blog\/wp-content\/uploads\/2021\/09\/640-0-518c067eaabd1463438d48b5b83ac262.jpg?fit=640%2C335&ssl=1&resize=350%2C200","width":350,"height":200,"srcset":"https:\/\/i0.wp.com\/www.shqiperia.com\/blog\/wp-content\/uploads\/2021\/09\/640-0-518c067eaabd1463438d48b5b83ac262.jpg?fit=640%2C335&ssl=1&resize=350%2C200 1x, https:\/\/i0.wp.com\/www.shqiperia.com\/blog\/wp-content\/uploads\/2021\/09\/640-0-518c067eaabd1463438d48b5b83ac262.jpg?fit=640%2C335&ssl=1&resize=525%2C300 1.5x"},"classes":[]},{"id":37099,"url":"https:\/\/www.shqiperia.com\/blog\/pacientet-nuk-ushqehen-dhe-as-higjenizohen-gazetari-plas-bomben-live-nga-spitali-shefqet-ndroqi-ministria-po-genjen\/","url_meta":{"origin":45666,"position":3},"title":"\u2018Pacient\u00ebt nuk ushqehen dhe as higjenizohen\u2019 gazetari plas \u2018bomb\u00ebn\u2019 live nga spitali \u2018Shefqet Ndroqi\u2019: Ministria po g\u00ebnjen!","author":"Kurt Farka","date":"August 11, 2020","format":false,"excerpt":"\u2018Pacient\u00ebt nuk ushqehen dhe as higjenizohen\u2019 gazetari plas \u2018bomb\u00ebn\u2019 live nga spitali \u2018Shefqet Ndroqi\u2019: Ministria po g\u00ebnjen! 11 gusht 2020. Gazetari , ka b\u00ebr\u00eb nj\u00eb deklarat\u00eb t\u00eb fort\u00eb, teksa po raportonte \u00a0\u201clive\u201d p\u00ebrpara spitalit \u201cShefqet Ndroqi\u201d. Ai ka deklaruar se shifrat e raportuara nga ministria e Sh\u00ebndet\u00ebsis\u00eb, lidhur me pacient\u00ebt\u2026","rel":"","context":"In &quot;Blogu i Udh\u00ebtarit&quot;","block_context":{"text":"Blogu i Udh\u00ebtarit","link":"https:\/\/www.shqiperia.com\/blog\/category\/blogu-i-udhetarit\/"},"img":{"alt_text":"","src":"https:\/\/i0.wp.com\/www.shqiperia.com\/blog\/wp-content\/uploads\/2020\/08\/Erjon-Sk%C3%ABndaj.jpg?fit=640%2C479&ssl=1&resize=350%2C200","width":350,"height":200,"srcset":"https:\/\/i0.wp.com\/www.shqiperia.com\/blog\/wp-content\/uploads\/2020\/08\/Erjon-Sk%C3%ABndaj.jpg?fit=640%2C479&ssl=1&resize=350%2C200 1x, https:\/\/i0.wp.com\/www.shqiperia.com\/blog\/wp-content\/uploads\/2020\/08\/Erjon-Sk%C3%ABndaj.jpg?fit=640%2C479&ssl=1&resize=525%2C300 1.5x"},"classes":[]},{"id":49692,"url":"https:\/\/www.shqiperia.com\/blog\/nuk-mund-ti-vendoset-faji-vaksines-zv-ministrja-e-shendetesise-pse-infektohen-personat-qe-kane-marre-dy-doza-si-i-dallojme-variantet-e-reja-te-covid\/","url_meta":{"origin":45666,"position":4},"title":"\u201cNuk mund t\u2019i vendoset faji vaksin\u00ebs\u201d. \u00a0Zv.ministrja e Sh\u00ebndet\u00ebsis\u00eb: &#8211; Pse infektohen personat q\u00eb kan\u00eb marr\u00eb dy doza! Si i dallojm\u00eb variantet e reja t\u00eb Covid","author":"Kurt Farka","date":"September 7, 2021","format":false,"excerpt":"\u201cNuk mund t\u2019i vendoset faji vaksin\u00ebs\u201d. \u00a0Zv.ministrja e Sh\u00ebndet\u00ebsis\u00eb: - Pse infektohen personat q\u00eb kan\u00eb marr\u00eb dy doza! Si i dallojm\u00eb variantet e reja t\u00eb Covid 7 shtator 2021 Z\u00ebvend\u00ebsministrja e Sh\u00ebndet\u00ebsis\u00eb, Eugena Tomoni ka shpjeguar arsyet se p\u00ebrse persona t\u00eb vaksinuar, qoft\u00eb edhe me dy doza mund t\u00eb infektohen\u2026","rel":"","context":"In &quot;Blogu i Udh\u00ebtarit&quot;","block_context":{"text":"Blogu i Udh\u00ebtarit","link":"https:\/\/www.shqiperia.com\/blog\/category\/blogu-i-udhetarit\/"},"img":{"alt_text":"","src":"https:\/\/i0.wp.com\/www.shqiperia.com\/blog\/wp-content\/uploads\/2021\/09\/vaksina-tomini.jpg?fit=600%2C400&ssl=1&resize=350%2C200","width":350,"height":200,"srcset":"https:\/\/i0.wp.com\/www.shqiperia.com\/blog\/wp-content\/uploads\/2021\/09\/vaksina-tomini.jpg?fit=600%2C400&ssl=1&resize=350%2C200 1x, https:\/\/i0.wp.com\/www.shqiperia.com\/blog\/wp-content\/uploads\/2021\/09\/vaksina-tomini.jpg?fit=600%2C400&ssl=1&resize=525%2C300 1.5x"},"classes":[]},{"id":50331,"url":"https:\/\/www.shqiperia.com\/blog\/studimi-spitalet-e-shqiperise-po-e-perballin-pandemine-me-mungesa-te-shumta-ne-mjeke-dhe-pajisje\/","url_meta":{"origin":45666,"position":5},"title":"Studimi: Spitalet e Shqip\u00ebris\u00eb po e p\u00ebrballin Pandemin\u00eb me mungesa t\u00eb shumta n\u00eb mjek\u00eb dhe pajisje","author":"Kurt Farka","date":"October 6, 2021","format":false,"excerpt":"Studimi: Spitalet e Shqip\u00ebris\u00eb po e p\u00ebrballin Pandemin\u00eb me mungesa t\u00eb shumta n\u00eb mjek\u00eb dhe pajisje Nga OraNews N\u00eb Tiran\u00eb, Organizata Together for Life publikoi nj\u00eb raport mbi standardet minimale q\u00eb u nevojiten spitaleve p\u00ebr t\u00eb p\u00ebrballuar pacient\u00ebt me COVID-19. Nga monitorimi n\u00eb 57 spitalet publike dhe private u zbulua\u2026","rel":"","context":"In &quot;Blogu i Udh\u00ebtarit&quot;","block_context":{"text":"Blogu i Udh\u00ebtarit","link":"https:\/\/www.shqiperia.com\/blog\/category\/blogu-i-udhetarit\/"},"img":{"alt_text":"","src":"https:\/\/i0.wp.com\/www.shqiperia.com\/blog\/wp-content\/uploads\/2021\/10\/640-0-186630b2af51c6a4b5a163aa7aa55afc.jpg?fit=640%2C425&ssl=1&resize=350%2C200","width":350,"height":200,"srcset":"https:\/\/i0.wp.com\/www.shqiperia.com\/blog\/wp-content\/uploads\/2021\/10\/640-0-186630b2af51c6a4b5a163aa7aa55afc.jpg?fit=640%2C425&ssl=1&resize=350%2C200 1x, https:\/\/i0.wp.com\/www.shqiperia.com\/blog\/wp-content\/uploads\/2021\/10\/640-0-186630b2af51c6a4b5a163aa7aa55afc.jpg?fit=640%2C425&ssl=1&resize=525%2C300 1.5x"},"classes":[]}],"_links":{"self":[{"href":"https:\/\/www.shqiperia.com\/blog\/wp-json\/wp\/v2\/posts\/45666","targetHints":{"allow":["GET"]}}],"collection":[{"href":"https:\/\/www.shqiperia.com\/blog\/wp-json\/wp\/v2\/posts"}],"about":[{"href":"https:\/\/www.shqiperia.com\/blog\/wp-json\/wp\/v2\/types\/post"}],"author":[{"embeddable":true,"href":"https:\/\/www.shqiperia.com\/blog\/wp-json\/wp\/v2\/users\/9"}],"replies":[{"embeddable":true,"href":"https:\/\/www.shqiperia.com\/blog\/wp-json\/wp\/v2\/comments?post=45666"}],"version-history":[{"count":1,"href":"https:\/\/www.shqiperia.com\/blog\/wp-json\/wp\/v2\/posts\/45666\/revisions"}],"predecessor-version":[{"id":45668,"href":"https:\/\/www.shqiperia.com\/blog\/wp-json\/wp\/v2\/posts\/45666\/revisions\/45668"}],"wp:featuredmedia":[{"embeddable":true,"href":"https:\/\/www.shqiperia.com\/blog\/wp-json\/wp\/v2\/media\/45667"}],"wp:attachment":[{"href":"https:\/\/www.shqiperia.com\/blog\/wp-json\/wp\/v2\/media?parent=45666"}],"wp:term":[{"taxonomy":"category","embeddable":true,"href":"https:\/\/www.shqiperia.com\/blog\/wp-json\/wp\/v2\/categories?post=45666"},{"taxonomy":"post_tag","embeddable":true,"href":"https:\/\/www.shqiperia.com\/blog\/wp-json\/wp\/v2\/tags?post=45666"}],"curies":[{"name":"wp","href":"https:\/\/api.w.org\/{rel}","templated":true}]}}