{"id":45652,"date":"2021-03-23T14:12:24","date_gmt":"2021-03-23T14:12:24","guid":{"rendered":"https:\/\/www.shqiperia.com\/blog\/?p=45652"},"modified":"2021-03-23T14:12:24","modified_gmt":"2021-03-23T14:12:24","slug":"departamenti-amerikan-i-shtetit-i-shqetesuar-per-trashegimine-kulturore-ne-shqiperi","status":"publish","type":"post","link":"https:\/\/www.shqiperia.com\/blog\/departamenti-amerikan-i-shtetit-i-shqetesuar-per-trashegimine-kulturore-ne-shqiperi\/","title":{"rendered":"DEPARTAMENTI AMERIKAN I SHTETIT I SHQETESUAR PER TRASHEGIMINE KULTURORE NE SHQIPERI"},"content":{"rendered":"<p><img data-recalc-dims=\"1\" loading=\"lazy\" decoding=\"async\" data-attachment-id=\"45653\" data-permalink=\"https:\/\/www.shqiperia.com\/blog\/departamenti-amerikan-i-shtetit-i-shqetesuar-per-trashegimine-kulturore-ne-shqiperi\/departamenti-amerikan-i-shtetit-2\/\" data-orig-file=\"https:\/\/i0.wp.com\/www.shqiperia.com\/blog\/wp-content\/uploads\/2021\/03\/DEPARTAMENTI-AMERIKAN-I-SHTETIT.jpeg?fit=2290%2C1322&amp;ssl=1\" data-orig-size=\"2290,1322\" data-comments-opened=\"1\" data-image-meta=\"{&quot;aperture&quot;:&quot;0&quot;,&quot;credit&quot;:&quot;&quot;,&quot;camera&quot;:&quot;&quot;,&quot;caption&quot;:&quot;&quot;,&quot;created_timestamp&quot;:&quot;0&quot;,&quot;copyright&quot;:&quot;&quot;,&quot;focal_length&quot;:&quot;0&quot;,&quot;iso&quot;:&quot;0&quot;,&quot;shutter_speed&quot;:&quot;0&quot;,&quot;title&quot;:&quot;&quot;,&quot;orientation&quot;:&quot;0&quot;}\" data-image-title=\"DEPARTAMENTI AMERIKAN I SHTETIT\" data-image-description=\"\" data-image-caption=\"\" data-medium-file=\"https:\/\/i0.wp.com\/www.shqiperia.com\/blog\/wp-content\/uploads\/2021\/03\/DEPARTAMENTI-AMERIKAN-I-SHTETIT.jpeg?fit=300%2C173&amp;ssl=1\" data-large-file=\"https:\/\/i0.wp.com\/www.shqiperia.com\/blog\/wp-content\/uploads\/2021\/03\/DEPARTAMENTI-AMERIKAN-I-SHTETIT.jpeg?fit=1024%2C591&amp;ssl=1\" class=\"alignnone  wp-image-45653\" alt=\"\" src=\"https:\/\/i0.wp.com\/www.shqiperia.com\/blog\/wp-content\/uploads\/2021\/03\/DEPARTAMENTI-AMERIKAN-I-SHTETIT.jpeg?resize=529%2C305&#038;ssl=1\" width=\"529\" height=\"305\" srcset=\"https:\/\/i0.wp.com\/www.shqiperia.com\/blog\/wp-content\/uploads\/2021\/03\/DEPARTAMENTI-AMERIKAN-I-SHTETIT.jpeg?resize=300%2C173&amp;ssl=1 300w, https:\/\/i0.wp.com\/www.shqiperia.com\/blog\/wp-content\/uploads\/2021\/03\/DEPARTAMENTI-AMERIKAN-I-SHTETIT.jpeg?resize=1024%2C591&amp;ssl=1 1024w, https:\/\/i0.wp.com\/www.shqiperia.com\/blog\/wp-content\/uploads\/2021\/03\/DEPARTAMENTI-AMERIKAN-I-SHTETIT.jpeg?resize=768%2C443&amp;ssl=1 768w, https:\/\/i0.wp.com\/www.shqiperia.com\/blog\/wp-content\/uploads\/2021\/03\/DEPARTAMENTI-AMERIKAN-I-SHTETIT.jpeg?resize=1536%2C887&amp;ssl=1 1536w, https:\/\/i0.wp.com\/www.shqiperia.com\/blog\/wp-content\/uploads\/2021\/03\/DEPARTAMENTI-AMERIKAN-I-SHTETIT.jpeg?resize=2048%2C1182&amp;ssl=1 2048w, https:\/\/i0.wp.com\/www.shqiperia.com\/blog\/wp-content\/uploads\/2021\/03\/DEPARTAMENTI-AMERIKAN-I-SHTETIT.jpeg?resize=2000%2C1155&amp;ssl=1 2000w, https:\/\/i0.wp.com\/www.shqiperia.com\/blog\/wp-content\/uploads\/2021\/03\/DEPARTAMENTI-AMERIKAN-I-SHTETIT.jpeg?resize=450%2C260&amp;ssl=1 450w, https:\/\/i0.wp.com\/www.shqiperia.com\/blog\/wp-content\/uploads\/2021\/03\/DEPARTAMENTI-AMERIKAN-I-SHTETIT.jpeg?resize=600%2C346&amp;ssl=1 600w, https:\/\/i0.wp.com\/www.shqiperia.com\/blog\/wp-content\/uploads\/2021\/03\/DEPARTAMENTI-AMERIKAN-I-SHTETIT.jpeg?resize=1500%2C866&amp;ssl=1 1500w, https:\/\/i0.wp.com\/www.shqiperia.com\/blog\/wp-content\/uploads\/2021\/03\/DEPARTAMENTI-AMERIKAN-I-SHTETIT.jpeg?resize=1300%2C750&amp;ssl=1 1300w, https:\/\/i0.wp.com\/www.shqiperia.com\/blog\/wp-content\/uploads\/2021\/03\/DEPARTAMENTI-AMERIKAN-I-SHTETIT.jpeg?resize=400%2C231&amp;ssl=1 400w\" sizes=\"auto, (max-width: 529px) 100vw, 529px\" \/><\/p>\n<p>DEPARTAMENTI AMERIKAN I SHTETIT I SHQETESUAR PER TRASHEGIMINE KULTURORE NE SHQIPERI<\/p>\n<p>Komiteti Keshillimor i Trashegimise Kulturore Amerikane prane Departamentit te Shtetit u mblodh me 18 mars per te diskutuar mbi rendesine e nenshkrimit te nje Memorandumi Mirekuptimi midis qeverise amerikane dhe Republikave te Shqiperise dhe Egjiptit.<\/p>\n<p>Ne kete panel te rendesishem ishte ftuar si vezhgues edhe Auron Tare, me cilesine e anetarit te keshillit shkencor te UNESCO-s.<\/p>\n<p>Paneli i perbere nga drejtuesit e institucioneve me te rendesishme amerikane ne fushen e arkeologjise dhe trashegimise kulturore, u fokusua ne problemet qe ka trashegimia kulturore shqiptare. Grabitjet e qendrave arkeologjike nder vite, humbja e pa tjetersueshme e historise antike ne shqiperi dhe demtimet qe ka pesuar trashegimia shqiptare ishin disa nga pikat ku ekspertet e fushes prezantuan perpara panelit te zyrtareve te Departamentit.<\/p>\n<p>U theksua gjithashtu eksperienca pozitive e bashkepunimit ne disa ekspedita nder vite si dhe rezultatet e rendesishme te ketij bashkepunimi. Kerkimet arkeologjike nenujore ne Shqiperi te ndermarra nga fondacioni amerikan RPM u cilesuan si nga me te sukseshmet zbulime qe institucionet amerikane te arkeologjise detare kane pasur nder vite.<\/p>\n<p>Forumi i Trashegimise shpreh kenaqesine qe trashegimia kulturore shqiptare dhe rendesia e saj universale eshte diskutuar ne nivele kaq te larta te politikes dhe kultures amerikane.<\/p>\n<p>Nga Auron Tare.<\/p>\n","protected":false},"excerpt":{"rendered":"<p>DEPARTAMENTI AMERIKAN I SHTETIT I SHQETESUAR PER TRASHEGIMINE KULTURORE NE SHQIPERI Komiteti Keshillimor i Trashegimise Kulturore Amerikane prane Departamentit te Shtetit u mblodh me 18 mars per te diskutuar mbi rendesine e nenshkrimit te nje Memorandumi Mirekuptimi midis qeverise amerikane dhe Republikave te Shqiperise dhe Egjiptit. Ne kete panel te rendesishem ishte ftuar si vezhgues [&hellip;]<\/p>\n","protected":false},"author":9,"featured_media":45653,"comment_status":"open","ping_status":"open","sticky":false,"template":"","format":"standard","meta":{"jetpack_post_was_ever_published":false,"_jetpack_newsletter_access":"","_jetpack_dont_email_post_to_subs":false,"_jetpack_newsletter_tier_id":0,"_jetpack_memberships_contains_paywalled_content":false,"_jetpack_memberships_contains_paid_content":false,"footnotes":"","jetpack_publicize_message":"","jetpack_publicize_feature_enabled":true,"jetpack_social_post_already_shared":true,"jetpack_social_options":{"image_generator_settings":{"template":"highway","default_image_id":0,"font":"","enabled":false},"version":2}},"categories":[10,2,86],"tags":[],"class_list":["post-45652","post","type-post","status-publish","format-standard","has-post-thumbnail","hentry","category-kultura","category-politika","category-trashegimi-kulturore"],"jetpack_publicize_connections":[],"jetpack_featured_media_url":"https:\/\/i0.wp.com\/www.shqiperia.com\/blog\/wp-content\/uploads\/2021\/03\/DEPARTAMENTI-AMERIKAN-I-SHTETIT.jpeg?fit=2290%2C1322&ssl=1","jetpack_sharing_enabled":true,"jetpack_shortlink":"https:\/\/wp.me\/p5Z6wp-bSk","jetpack-related-posts":[{"id":79505,"url":"https:\/\/www.shqiperia.com\/blog\/larg-duart-nga-butrinti-shqiptaret-e-amerikes-peticion-per-aadf-larg-duart-nga-butrinti\/","url_meta":{"origin":45652,"position":0},"title":"Larg duart nga Butrinti. &#8211; Shqiptar\u00ebt e Amerik\u00ebs peticion p\u00ebr AADF: Larg duart nga Butrinti","author":"Kurt Farka","date":"March 22, 2024","format":false,"excerpt":"22 Mars 2024 Nj\u00eb grup qytetar\u00ebsh q\u00eb jetojn\u00eb n\u00eb Shtetet e Bashkuara t\u00eb Amerik\u00ebs i jan\u00eb drejtuar me nj\u00eb peticion Fondacionit Shqiptaro Amerikan t\u00eb Zhvillimit sa i takon \u00e7\u00ebshtjes s\u00eb administrimit t\u00eb Parkut Komb\u00ebtar t\u00eb Butrintit. N\u00eb peticion nd\u00ebr t\u00eb tjera thuhet se ata jan\u00eb t\u00eb shqet\u00ebsuar p\u00ebr veprime t\u00eb\u2026","rel":"","context":"In &quot;Arte&quot;","block_context":{"text":"Arte","link":"https:\/\/www.shqiperia.com\/blog\/category\/arte\/"},"img":{"alt_text":"","src":"https:\/\/i0.wp.com\/www.shqiperia.com\/blog\/wp-content\/uploads\/2024\/03\/800-0-59c7a460adf6f4ba57329007b028333c.jpg?fit=800%2C535&ssl=1&resize=350%2C200","width":350,"height":200,"srcset":"https:\/\/i0.wp.com\/www.shqiperia.com\/blog\/wp-content\/uploads\/2024\/03\/800-0-59c7a460adf6f4ba57329007b028333c.jpg?fit=800%2C535&ssl=1&resize=350%2C200 1x, https:\/\/i0.wp.com\/www.shqiperia.com\/blog\/wp-content\/uploads\/2024\/03\/800-0-59c7a460adf6f4ba57329007b028333c.jpg?fit=800%2C535&ssl=1&resize=525%2C300 1.5x, https:\/\/i0.wp.com\/www.shqiperia.com\/blog\/wp-content\/uploads\/2024\/03\/800-0-59c7a460adf6f4ba57329007b028333c.jpg?fit=800%2C535&ssl=1&resize=700%2C400 2x"},"classes":[]},{"id":95373,"url":"https:\/\/www.shqiperia.com\/blog\/ironia-e-nje-dosjeje-ne-universitetin-e-harvardit-per-ruajtjen-e-trashegimise-ilire-ne-shqiperi\/","url_meta":{"origin":45652,"position":1},"title":"Ironia e nj\u00eb dosjeje n\u00eb Universitetin e Harvardit p\u00ebr ruajtjen e trash\u00ebgimis\u00eb ilire n\u00eb Shqip\u00ebri","author":"Kurt Farka","date":"December 3, 2025","format":false,"excerpt":"3 Dhjetor 2025 Nga: Auron Tare Harta e m\u00ebposhtme vjen nga arkivi amerikan i Luft\u00ebs s\u00eb Dyt\u00eb Bot\u00ebrore. Ajo \u00ebsht\u00eb pjes\u00eb e dosjes s\u00eb \u201cKomisionit Robert\u201d, nj\u00eb komision i krijuar me studiues dhe specialist\u00eb t\u00eb trash\u00ebgimis\u00eb kulturore dhe arteve, t\u00eb mbledhur nga disa universitete amerikane. Q\u00ebllimi i k\u00ebtij komisioni ishte\u2026","rel":"","context":"In &quot;Blogu i Udh\u00ebtarit&quot;","block_context":{"text":"Blogu i Udh\u00ebtarit","link":"https:\/\/www.shqiperia.com\/blog\/category\/blogu-i-udhetarit\/"},"img":{"alt_text":"","src":"https:\/\/i0.wp.com\/www.shqiperia.com\/blog\/wp-content\/uploads\/2025\/12\/ilir.png?fit=640%2C400&ssl=1&resize=350%2C200","width":350,"height":200,"srcset":"https:\/\/i0.wp.com\/www.shqiperia.com\/blog\/wp-content\/uploads\/2025\/12\/ilir.png?fit=640%2C400&ssl=1&resize=350%2C200 1x, https:\/\/i0.wp.com\/www.shqiperia.com\/blog\/wp-content\/uploads\/2025\/12\/ilir.png?fit=640%2C400&ssl=1&resize=525%2C300 1.5x"},"classes":[]},{"id":99383,"url":"https:\/\/www.shqiperia.com\/blog\/dash-leshon-paralajmerim-te-ri-mediat-e-medha-amerikane-kujdes-ne-shqiperi-mund-te-kete-sulme-iraniane\/","url_meta":{"origin":45652,"position":2},"title":"DASH l\u00ebshon paralajm\u00ebrim t\u00eb ri\/ Mediat e m\u00ebdha amerikane: &#8211; Kujdes n\u00eb Shqip\u00ebri, mund t\u00eb ket\u00eb sulme iraniane","author":"Kurt Farka","date":"April 14, 2026","format":false,"excerpt":"14 Prill 2026 Nj\u00eb seri mediesh t\u00eb njohura amerikane si revista \u2018People\u2019, portali 'Yahoo', gazeta Cleveland apo edhe media t\u00eb specializuar si \u2018Travel + Leisure\u2019 dhe \u2018Parade\u2019 i kan\u00eb b\u00ebr\u00eb jehon\u00eb paralajm\u00ebrimeve amerikane se Shqip\u00ebria \u00ebsht\u00eb n\u00ebn sh\u00ebnjestr\u00ebn e grupeve t\u00eb lidhura me Iranin. Revista \u2018People\u2019 thekson se Departamenti i\u2026","rel":"","context":"In &quot;Blogu i Udh\u00ebtarit&quot;","block_context":{"text":"Blogu i Udh\u00ebtarit","link":"https:\/\/www.shqiperia.com\/blog\/category\/blogu-i-udhetarit\/"},"img":{"alt_text":"","src":"https:\/\/i0.wp.com\/www.shqiperia.com\/blog\/wp-content\/uploads\/2026\/04\/BestThingstoDoinTiranaAlbania.webp?fit=1200%2C674&ssl=1&resize=350%2C200","width":350,"height":200,"srcset":"https:\/\/i0.wp.com\/www.shqiperia.com\/blog\/wp-content\/uploads\/2026\/04\/BestThingstoDoinTiranaAlbania.webp?fit=1200%2C674&ssl=1&resize=350%2C200 1x, https:\/\/i0.wp.com\/www.shqiperia.com\/blog\/wp-content\/uploads\/2026\/04\/BestThingstoDoinTiranaAlbania.webp?fit=1200%2C674&ssl=1&resize=525%2C300 1.5x, https:\/\/i0.wp.com\/www.shqiperia.com\/blog\/wp-content\/uploads\/2026\/04\/BestThingstoDoinTiranaAlbania.webp?fit=1200%2C674&ssl=1&resize=700%2C400 2x, https:\/\/i0.wp.com\/www.shqiperia.com\/blog\/wp-content\/uploads\/2026\/04\/BestThingstoDoinTiranaAlbania.webp?fit=1200%2C674&ssl=1&resize=1050%2C600 3x"},"classes":[]},{"id":75408,"url":"https:\/\/www.shqiperia.com\/blog\/debati-per-menaxhimin-e-butrintit-andi-tepelena-problematika-e-ka-origjinen-qe-tek-ligji-per-trashegimine-kulturore-i-vitit-2018\/","url_meta":{"origin":45652,"position":3},"title":"Debati p\u00ebr menaxhimin e Butrintit, Andi Tepelena: Problematika e ka origjin\u00ebn q\u00eb tek ligji p\u00ebr trash\u00ebgimin\u00eb kulturore i vitit 2018","author":"Kurt Farka","date":"November 8, 2023","format":false,"excerpt":"8 Nentor 2023 Specialist\u00eb t\u00eb trash\u00ebgimis\u00eb kulturore dhe aktivist\u00eb problematikat p\u00ebr Butrintin i shohin, q\u00eb tek ligji p\u00ebr trash\u00ebgimin\u00eb kulturore dhe muzet\u00eb i vitit 2018. N\u00eb tryez\u00ebn e diskutimit p\u00ebr \u201cMbrojtjen e Butrintit\u201d nj\u00eb dit\u00eb m\u00eb par\u00eb, ku merrnin pjes\u00eb specialist\u00eb t\u00eb trash\u00ebgimis\u00eb, aktivist\u00eb, ekspert\u00eb ligjor, etj, u fol mbi\u2026","rel":"","context":"In &quot;Blogu i Udh\u00ebtarit&quot;","block_context":{"text":"Blogu i Udh\u00ebtarit","link":"https:\/\/www.shqiperia.com\/blog\/category\/blogu-i-udhetarit\/"},"img":{"alt_text":"","src":"https:\/\/i0.wp.com\/www.shqiperia.com\/blog\/wp-content\/uploads\/2023\/11\/800-0-654b2b8d2a392.jpg?fit=800%2C473&ssl=1&resize=350%2C200","width":350,"height":200,"srcset":"https:\/\/i0.wp.com\/www.shqiperia.com\/blog\/wp-content\/uploads\/2023\/11\/800-0-654b2b8d2a392.jpg?fit=800%2C473&ssl=1&resize=350%2C200 1x, https:\/\/i0.wp.com\/www.shqiperia.com\/blog\/wp-content\/uploads\/2023\/11\/800-0-654b2b8d2a392.jpg?fit=800%2C473&ssl=1&resize=525%2C300 1.5x, https:\/\/i0.wp.com\/www.shqiperia.com\/blog\/wp-content\/uploads\/2023\/11\/800-0-654b2b8d2a392.jpg?fit=800%2C473&ssl=1&resize=700%2C400 2x"},"classes":[]},{"id":27985,"url":"https:\/\/www.shqiperia.com\/blog\/trashegimia-me-ppp-ja-udhezimi-per-kalimin-ne-administrim-indirekt-te-fondacionet\/","url_meta":{"origin":45652,"position":4},"title":"TRASH\u00cbGIMIA ME PPP\/ Ja udh\u00ebzimi p\u00ebr kalimin n\u00eb administrim indirekt te fondacionet. &#8211;","author":"Kurt Farka","date":"November 10, 2019","format":false,"excerpt":"TRASH\u00cbGIMIA ME PPP\/ Ja udh\u00ebzimi p\u00ebr kalimin n\u00eb administrim indirekt te fondacionet 08.11.19. Nga: Gazeta Shqiptare Fatmira Nikolli \u2013\u00a0Teksa ende nuk \u00ebsht\u00eb b\u00ebr\u00eb publik drafti i planit t\u00eb menaxhimit t\u00eb Butrintit, Ministria e Kultur\u00ebs ka nxjerr\u00eb nj\u00eb udh\u00ebzim p\u00ebrmes t\u00eb cilit u hap udh\u00eb subjekteve private p\u00ebr menaxhimin e siteve\u2026","rel":"","context":"In &quot;Histori&quot;","block_context":{"text":"Histori","link":"https:\/\/www.shqiperia.com\/blog\/category\/histori\/"},"img":{"alt_text":"","src":"https:\/\/i0.wp.com\/www.shqiperia.com\/blog\/wp-content\/uploads\/2019\/11\/08_1aaa1_2019_gsh-19-770x433.jpg?fit=770%2C433&ssl=1&resize=350%2C200","width":350,"height":200,"srcset":"https:\/\/i0.wp.com\/www.shqiperia.com\/blog\/wp-content\/uploads\/2019\/11\/08_1aaa1_2019_gsh-19-770x433.jpg?fit=770%2C433&ssl=1&resize=350%2C200 1x, https:\/\/i0.wp.com\/www.shqiperia.com\/blog\/wp-content\/uploads\/2019\/11\/08_1aaa1_2019_gsh-19-770x433.jpg?fit=770%2C433&ssl=1&resize=525%2C300 1.5x, https:\/\/i0.wp.com\/www.shqiperia.com\/blog\/wp-content\/uploads\/2019\/11\/08_1aaa1_2019_gsh-19-770x433.jpg?fit=770%2C433&ssl=1&resize=700%2C400 2x"},"classes":[]},{"id":16244,"url":"https:\/\/www.shqiperia.com\/blog\/forumi-per-trashegimine-kumbaro-u-largua-me-ndjenje-turpi\/","url_meta":{"origin":45652,"position":5},"title":"Forumi p\u00ebr Trash\u00ebgimin\u00eb: Kumbaro u largua me ndjenj\u00eb turpi. &#8211;","author":"Kurt Farka","date":"January 17, 2019","format":false,"excerpt":"Forumi p\u00ebr Trash\u00ebgimin\u00eb: Kumbaro u largua me ndjenj\u00eb turpi. - 17\/01\/2019. \u00a0Forumi p\u00ebr Mbrojtjen e Trash\u00ebgimis\u00eb Kulturore shkruan se Mirela Kumbaro u largua nga drejtimi i Ministris\u00eb s\u00eb Kultur\u00ebs duke l\u00ebn\u00eb pas pun\u00ebn e dob\u00ebt n\u00eb trash\u00ebgimin\u00eb kulturore. Forumi jo pak kritik gjat\u00eb mandatit t\u00eb par\u00eb dhe n\u00eb vijim t\u00eb\u2026","rel":"","context":"In &quot;Histori&quot;","block_context":{"text":"Histori","link":"https:\/\/www.shqiperia.com\/blog\/category\/histori\/"},"img":{"alt_text":"","src":"https:\/\/i0.wp.com\/www.shqiperia.com\/blog\/wp-content\/uploads\/2019\/01\/gjirokastra.jpg?fit=900%2C500&ssl=1&resize=350%2C200","width":350,"height":200,"srcset":"https:\/\/i0.wp.com\/www.shqiperia.com\/blog\/wp-content\/uploads\/2019\/01\/gjirokastra.jpg?fit=900%2C500&ssl=1&resize=350%2C200 1x, https:\/\/i0.wp.com\/www.shqiperia.com\/blog\/wp-content\/uploads\/2019\/01\/gjirokastra.jpg?fit=900%2C500&ssl=1&resize=525%2C300 1.5x, https:\/\/i0.wp.com\/www.shqiperia.com\/blog\/wp-content\/uploads\/2019\/01\/gjirokastra.jpg?fit=900%2C500&ssl=1&resize=700%2C400 2x"},"classes":[]}],"_links":{"self":[{"href":"https:\/\/www.shqiperia.com\/blog\/wp-json\/wp\/v2\/posts\/45652","targetHints":{"allow":["GET"]}}],"collection":[{"href":"https:\/\/www.shqiperia.com\/blog\/wp-json\/wp\/v2\/posts"}],"about":[{"href":"https:\/\/www.shqiperia.com\/blog\/wp-json\/wp\/v2\/types\/post"}],"author":[{"embeddable":true,"href":"https:\/\/www.shqiperia.com\/blog\/wp-json\/wp\/v2\/users\/9"}],"replies":[{"embeddable":true,"href":"https:\/\/www.shqiperia.com\/blog\/wp-json\/wp\/v2\/comments?post=45652"}],"version-history":[{"count":1,"href":"https:\/\/www.shqiperia.com\/blog\/wp-json\/wp\/v2\/posts\/45652\/revisions"}],"predecessor-version":[{"id":45654,"href":"https:\/\/www.shqiperia.com\/blog\/wp-json\/wp\/v2\/posts\/45652\/revisions\/45654"}],"wp:featuredmedia":[{"embeddable":true,"href":"https:\/\/www.shqiperia.com\/blog\/wp-json\/wp\/v2\/media\/45653"}],"wp:attachment":[{"href":"https:\/\/www.shqiperia.com\/blog\/wp-json\/wp\/v2\/media?parent=45652"}],"wp:term":[{"taxonomy":"category","embeddable":true,"href":"https:\/\/www.shqiperia.com\/blog\/wp-json\/wp\/v2\/categories?post=45652"},{"taxonomy":"post_tag","embeddable":true,"href":"https:\/\/www.shqiperia.com\/blog\/wp-json\/wp\/v2\/tags?post=45652"}],"curies":[{"name":"wp","href":"https:\/\/api.w.org\/{rel}","templated":true}]}}