{"id":45648,"date":"2021-03-23T12:21:46","date_gmt":"2021-03-23T12:21:46","guid":{"rendered":"https:\/\/www.shqiperia.com\/blog\/?p=45648"},"modified":"2021-03-23T12:22:00","modified_gmt":"2021-03-23T12:22:00","slug":"reshjet-e-shiut-zbulojne-nje-statuje-te-rralle-ne-greqi","status":"publish","type":"post","link":"https:\/\/www.shqiperia.com\/blog\/reshjet-e-shiut-zbulojne-nje-statuje-te-rralle-ne-greqi\/","title":{"rendered":"Reshjet e shiut zbulojn\u00eb nj\u00eb statuj\u00eb t\u00eb rrall\u00eb n\u00eb Greqi"},"content":{"rendered":"<p><img data-recalc-dims=\"1\" loading=\"lazy\" decoding=\"async\" data-attachment-id=\"45649\" data-permalink=\"https:\/\/www.shqiperia.com\/blog\/reshjet-e-shiut-zbulojne-nje-statuje-te-rralle-ne-greqi\/statuja-600x360\/\" data-orig-file=\"https:\/\/i0.wp.com\/www.shqiperia.com\/blog\/wp-content\/uploads\/2021\/03\/statuja-600x360-1.jpg?fit=600%2C360&amp;ssl=1\" data-orig-size=\"600,360\" data-comments-opened=\"1\" data-image-meta=\"{&quot;aperture&quot;:&quot;0&quot;,&quot;credit&quot;:&quot;&quot;,&quot;camera&quot;:&quot;&quot;,&quot;caption&quot;:&quot;&quot;,&quot;created_timestamp&quot;:&quot;0&quot;,&quot;copyright&quot;:&quot;&quot;,&quot;focal_length&quot;:&quot;0&quot;,&quot;iso&quot;:&quot;0&quot;,&quot;shutter_speed&quot;:&quot;0&quot;,&quot;title&quot;:&quot;&quot;,&quot;orientation&quot;:&quot;0&quot;}\" data-image-title=\"statuja-600&#215;360\" data-image-description=\"\" data-image-caption=\"\" data-medium-file=\"https:\/\/i0.wp.com\/www.shqiperia.com\/blog\/wp-content\/uploads\/2021\/03\/statuja-600x360-1.jpg?fit=300%2C180&amp;ssl=1\" data-large-file=\"https:\/\/i0.wp.com\/www.shqiperia.com\/blog\/wp-content\/uploads\/2021\/03\/statuja-600x360-1.jpg?fit=600%2C360&amp;ssl=1\" class=\"alignnone wp-image-45649\" alt=\"\" src=\"https:\/\/i0.wp.com\/www.shqiperia.com\/blog\/wp-content\/uploads\/2021\/03\/statuja-600x360-1.jpg?resize=458%2C275&#038;ssl=1\" width=\"458\" height=\"275\" srcset=\"https:\/\/i0.wp.com\/www.shqiperia.com\/blog\/wp-content\/uploads\/2021\/03\/statuja-600x360-1.jpg?resize=300%2C180&amp;ssl=1 300w, https:\/\/i0.wp.com\/www.shqiperia.com\/blog\/wp-content\/uploads\/2021\/03\/statuja-600x360-1.jpg?resize=450%2C270&amp;ssl=1 450w, https:\/\/i0.wp.com\/www.shqiperia.com\/blog\/wp-content\/uploads\/2021\/03\/statuja-600x360-1.jpg?resize=400%2C240&amp;ssl=1 400w, https:\/\/i0.wp.com\/www.shqiperia.com\/blog\/wp-content\/uploads\/2021\/03\/statuja-600x360-1.jpg?w=600&amp;ssl=1 600w\" sizes=\"auto, (max-width: 458px) 100vw, 458px\" \/><\/p>\n<p><strong>Reshjet e shiut zbulojn\u00eb nj\u00eb statuj\u00eb t\u00eb rrall\u00eb n\u00eb Greqi<\/strong><\/p>\n<p><strong>Mars 2021<\/strong><\/p>\n<p><strong>Statuja eshte gjetur rastesisht ne rrethojat e Olimpit<\/strong><\/p>\n<p><strong>Nj\u00eb statuj\u00eb n\u00eb miniatur\u00eb e nj\u00eb d\u00ebmi prej bronzi \u00ebsht\u00eb zbuluar n\u00eb Greqi. Specialistet mendojne se kjo statuj\u00eb mund t\u00eb jet\u00eb deri n\u00eb 2500-vje\u00e7are.<\/strong><\/p>\n<div id=\"attachment_45650\" style=\"width: 685px\" class=\"wp-caption alignnone\"><img data-recalc-dims=\"1\" loading=\"lazy\" decoding=\"async\" aria-describedby=\"caption-attachment-45650\" data-attachment-id=\"45650\" data-permalink=\"https:\/\/www.shqiperia.com\/blog\/reshjet-e-shiut-zbulojne-nje-statuje-te-rralle-ne-greqi\/reshjet-e-shiut-zbulojne-nje-statuje-te-rralle-ne-greqi\/\" data-orig-file=\"https:\/\/i0.wp.com\/www.shqiperia.com\/blog\/wp-content\/uploads\/2021\/03\/Reshjet-e-shiut-zbulojne-nje-statuje-te-rralle-ne-Greqi.jpg?fit=600%2C360&amp;ssl=1\" data-orig-size=\"600,360\" data-comments-opened=\"1\" data-image-meta=\"{&quot;aperture&quot;:&quot;0&quot;,&quot;credit&quot;:&quot;&quot;,&quot;camera&quot;:&quot;&quot;,&quot;caption&quot;:&quot;&quot;,&quot;created_timestamp&quot;:&quot;0&quot;,&quot;copyright&quot;:&quot;&quot;,&quot;focal_length&quot;:&quot;0&quot;,&quot;iso&quot;:&quot;0&quot;,&quot;shutter_speed&quot;:&quot;0&quot;,&quot;title&quot;:&quot;&quot;,&quot;orientation&quot;:&quot;0&quot;}\" data-image-title=\"Reshjet e shiut zbulojn\u00eb nj\u00eb statuj\u00eb t\u00eb rrall\u00eb n\u00eb Greqi\" data-image-description=\"\" data-image-caption=\"&lt;p&gt;Reshjet e shiut zbulojn\u00eb nj\u00eb statuj\u00eb t\u00eb rrall\u00eb n\u00eb Greqi&lt;\/p&gt;\n\" data-medium-file=\"https:\/\/i0.wp.com\/www.shqiperia.com\/blog\/wp-content\/uploads\/2021\/03\/Reshjet-e-shiut-zbulojne-nje-statuje-te-rralle-ne-Greqi.jpg?fit=300%2C180&amp;ssl=1\" data-large-file=\"https:\/\/i0.wp.com\/www.shqiperia.com\/blog\/wp-content\/uploads\/2021\/03\/Reshjet-e-shiut-zbulojne-nje-statuje-te-rralle-ne-Greqi.jpg?fit=600%2C360&amp;ssl=1\" class=\" wp-image-45650\" alt=\"\" src=\"https:\/\/i0.wp.com\/www.shqiperia.com\/blog\/wp-content\/uploads\/2021\/03\/Reshjet-e-shiut-zbulojne-nje-statuje-te-rralle-ne-Greqi.jpg?resize=675%2C405&#038;ssl=1\" width=\"675\" height=\"405\" srcset=\"https:\/\/i0.wp.com\/www.shqiperia.com\/blog\/wp-content\/uploads\/2021\/03\/Reshjet-e-shiut-zbulojne-nje-statuje-te-rralle-ne-Greqi.jpg?resize=300%2C180&amp;ssl=1 300w, https:\/\/i0.wp.com\/www.shqiperia.com\/blog\/wp-content\/uploads\/2021\/03\/Reshjet-e-shiut-zbulojne-nje-statuje-te-rralle-ne-Greqi.jpg?resize=450%2C270&amp;ssl=1 450w, https:\/\/i0.wp.com\/www.shqiperia.com\/blog\/wp-content\/uploads\/2021\/03\/Reshjet-e-shiut-zbulojne-nje-statuje-te-rralle-ne-Greqi.jpg?resize=400%2C240&amp;ssl=1 400w, https:\/\/i0.wp.com\/www.shqiperia.com\/blog\/wp-content\/uploads\/2021\/03\/Reshjet-e-shiut-zbulojne-nje-statuje-te-rralle-ne-Greqi.jpg?w=600&amp;ssl=1 600w\" sizes=\"auto, (max-width: 675px) 100vw, 675px\" \/><p id=\"caption-attachment-45650\" class=\"wp-caption-text\">Reshjet e shiut zbulojn\u00eb nj\u00eb statuj\u00eb t\u00eb rrall\u00eb n\u00eb Greqi<\/p><\/div>\n<p><strong>Zbulimi \u00ebsht\u00eb b\u00ebr\u00eb pas nj\u00eb shiu me intensitet t\u00eb lart\u00eb pran\u00eb vendit antik t\u00eb Olimpit. N\u00eb statuj\u00eb jan\u00eb fjetur disa shenja q\u00eb p\u00ebr zbuluesit tregojn\u00eb se ajo \u00ebsht\u00eb antike.<\/strong><\/p>\n<p><strong>\u00a0<\/strong><\/p>\n","protected":false},"excerpt":{"rendered":"<p>Reshjet e shiut zbulojn\u00eb nj\u00eb statuj\u00eb t\u00eb rrall\u00eb n\u00eb Greqi Mars 2021 Statuja eshte gjetur rastesisht ne rrethojat e Olimpit Nj\u00eb statuj\u00eb n\u00eb miniatur\u00eb e nj\u00eb d\u00ebmi prej bronzi \u00ebsht\u00eb zbuluar n\u00eb Greqi. Specialistet mendojne se kjo statuj\u00eb mund t\u00eb jet\u00eb deri n\u00eb 2500-vje\u00e7are. Zbulimi \u00ebsht\u00eb b\u00ebr\u00eb pas nj\u00eb shiu me intensitet t\u00eb lart\u00eb pran\u00eb [&hellip;]<\/p>\n","protected":false},"author":9,"featured_media":45649,"comment_status":"open","ping_status":"open","sticky":false,"template":"","format":"standard","meta":{"jetpack_post_was_ever_published":false,"_jetpack_newsletter_access":"","_jetpack_dont_email_post_to_subs":false,"_jetpack_newsletter_tier_id":0,"_jetpack_memberships_contains_paywalled_content":false,"_jetpack_memberships_contains_paid_content":false,"footnotes":"","jetpack_publicize_message":"","jetpack_publicize_feature_enabled":true,"jetpack_social_post_already_shared":true,"jetpack_social_options":{"image_generator_settings":{"template":"highway","default_image_id":0,"font":"","enabled":false},"version":2}},"categories":[87,10,86],"tags":[],"class_list":["post-45648","post","type-post","status-publish","format-standard","has-post-thumbnail","hentry","category-arte","category-kultura","category-trashegimi-kulturore"],"jetpack_publicize_connections":[],"jetpack_featured_media_url":"https:\/\/i0.wp.com\/www.shqiperia.com\/blog\/wp-content\/uploads\/2021\/03\/statuja-600x360-1.jpg?fit=600%2C360&ssl=1","jetpack_sharing_enabled":true,"jetpack_shortlink":"https:\/\/wp.me\/p5Z6wp-bSg","jetpack-related-posts":[{"id":88660,"url":"https:\/\/www.shqiperia.com\/blog\/bukuri-2000-vjecare-mes-plehrave-zbulohet-ne-selanik-nje-statuje-e-periudhes-helenistike\/","url_meta":{"origin":45648,"position":0},"title":"\u201cBUKURI 2000 VJE\u00c7ARE\u201d MES PLEHRAVE! &#8211; Zbulohet n\u00eb Selanik nj\u00eb statuj\u00eb e periudh\u00ebs helenistike","author":"Kurt Farka","date":"January 23, 2025","format":false,"excerpt":"Nj\u00eb statuj\u00eb prej mermeri e nj\u00eb gruaje, q\u00eb besohet t\u00eb jet\u00eb m\u00eb shum\u00eb se 2000 vje\u00e7, u gjet sot n\u00eb nj\u00eb kosh plehrash pran\u00eb Selanikut, tha policia e qytetit. Nj\u00eb qytetar i Selanikut, i cili gjeti statuj\u00ebn 80 centimetra n\u00eb nj\u00eb kosh plehrash, ia dor\u00ebzoi objektin autoriteteve lokale, t\u00eb cil\u00ebt\u2026","rel":"","context":"In &quot;Arte&quot;","block_context":{"text":"Arte","link":"https:\/\/www.shqiperia.com\/blog\/category\/arte\/"},"img":{"alt_text":"","src":"https:\/\/i0.wp.com\/www.shqiperia.com\/blog\/wp-content\/uploads\/2025\/01\/640-0-720f5555f1b526531052da02023cdab6.jpg?fit=640%2C362&ssl=1&resize=350%2C200","width":350,"height":200,"srcset":"https:\/\/i0.wp.com\/www.shqiperia.com\/blog\/wp-content\/uploads\/2025\/01\/640-0-720f5555f1b526531052da02023cdab6.jpg?fit=640%2C362&ssl=1&resize=350%2C200 1x, https:\/\/i0.wp.com\/www.shqiperia.com\/blog\/wp-content\/uploads\/2025\/01\/640-0-720f5555f1b526531052da02023cdab6.jpg?fit=640%2C362&ssl=1&resize=525%2C300 1.5x"},"classes":[]},{"id":74042,"url":"https:\/\/www.shqiperia.com\/blog\/nje-gjerman-22-vjecar-eshte-arrestuar-ne-firence-i-akuzuar-per-demtimin-e-nje-statuje-ne-shatervanin-e-neptunit\/","url_meta":{"origin":45648,"position":1},"title":"Nj\u00eb gjerman 22-vje\u00e7ar \u00ebsht\u00eb arrestuar n\u00eb Firence i akuzuar p\u00ebr d\u00ebmtimin e nj\u00eb statuje n\u00eb shat\u00ebrvanin e Neptunit","author":"Kurt Farka","date":"September 7, 2023","format":false,"excerpt":"7 Shtator 2023 Qyteti vler\u00ebson se d\u00ebmi i statuj\u00ebs \u00ebsht\u00eb rreth 5,000 euro, raporton CNN. Shat\u00ebrvani p\u00ebrmban nj\u00eb statuj\u00eb t\u00eb per\u00ebndis\u00eb romake t\u00eb detit Neptun n\u00eb maj\u00eb t\u00eb nj\u00eb karroce n\u00eb form\u00eb guaska t\u00eb t\u00ebrhequr nga kuajt. Statuja e Neptunit \u00ebsht\u00eb shekullit t\u00eb 16-t\u00eb n\u00eb Piazza della Signoria, than\u00eb autoritetet\u2026","rel":"","context":"In &quot;Blogu i Udh\u00ebtarit&quot;","block_context":{"text":"Blogu i Udh\u00ebtarit","link":"https:\/\/www.shqiperia.com\/blog\/category\/blogu-i-udhetarit\/"},"img":{"alt_text":"","src":"https:\/\/i0.wp.com\/www.shqiperia.com\/blog\/wp-content\/uploads\/2023\/09\/640-0-b04bf38e95e70e66947c45d4ca066715.jpg?fit=640%2C360&ssl=1&resize=350%2C200","width":350,"height":200,"srcset":"https:\/\/i0.wp.com\/www.shqiperia.com\/blog\/wp-content\/uploads\/2023\/09\/640-0-b04bf38e95e70e66947c45d4ca066715.jpg?fit=640%2C360&ssl=1&resize=350%2C200 1x, https:\/\/i0.wp.com\/www.shqiperia.com\/blog\/wp-content\/uploads\/2023\/09\/640-0-b04bf38e95e70e66947c45d4ca066715.jpg?fit=640%2C360&ssl=1&resize=525%2C300 1.5x"},"classes":[]},{"id":73924,"url":"https:\/\/www.shqiperia.com\/blog\/sekuestrohet-nje-statuje-qe-mund-ti-perkase-marcus-aureliusit\/","url_meta":{"origin":45648,"position":2},"title":"Sekuestrohet nj\u00eb statuj\u00eb q\u00eb mund t\u2019i p\u00ebrkas\u00eb Marcus Aureliusit","author":"Kurt Farka","date":"September 3, 2023","format":false,"excerpt":"3 Shtator 2023 Autoritetet kan\u00eb sekuestruar nj\u00eb statuj\u00eb pa kok\u00eb, t\u00eb dyshuar t\u00eb grabitur, q\u00eb besohet se i p\u00ebrket perandorit romak Marcus Aurelius, nga nj\u00eb muze n\u00eb Cleveland, Ohio, sipas BBC. Vepra prej bronzi u mor n\u00eb fillim t\u00eb k\u00ebtij muaji nga hetuesit e Nju Jorkut, t\u00eb cil\u00ebt po hetojn\u00eb\u2026","rel":"","context":"In &quot;Arte&quot;","block_context":{"text":"Arte","link":"https:\/\/www.shqiperia.com\/blog\/category\/arte\/"},"img":{"alt_text":"","src":"https:\/\/i0.wp.com\/www.shqiperia.com\/blog\/wp-content\/uploads\/2023\/09\/istockphoto-1172598242-612x612-1.jpg?fit=612%2C408&ssl=1&resize=350%2C200","width":350,"height":200,"srcset":"https:\/\/i0.wp.com\/www.shqiperia.com\/blog\/wp-content\/uploads\/2023\/09\/istockphoto-1172598242-612x612-1.jpg?fit=612%2C408&ssl=1&resize=350%2C200 1x, https:\/\/i0.wp.com\/www.shqiperia.com\/blog\/wp-content\/uploads\/2023\/09\/istockphoto-1172598242-612x612-1.jpg?fit=612%2C408&ssl=1&resize=525%2C300 1.5x"},"classes":[]},{"id":53136,"url":"https:\/\/www.shqiperia.com\/blog\/rikthim-ne-origjine-italia-i-kthen-greqise-nje-mermer-nga-partenoni\/","url_meta":{"origin":45648,"position":3},"title":"Rikthim n\u00eb origjin\u00eb. Italia i kthen Greqis\u00eb nj\u00eb mermer nga Partenoni","author":"Kurt Farka","date":"January 16, 2022","format":false,"excerpt":"Rikthim n\u00eb origjin\u00eb. Italia i kthen Greqis\u00eb nj\u00eb mermer nga Partenoni Nga Besmira Pelushaj 7 Janar 2022 Pas dy shekujsh \"rob\u00ebrie\" dhe disa vite negociatash, friza e Partenonit e njohur si \"fragmenti i Palermos\" ngrihet nga Si\u00e7ilia dhe m\u00eb n\u00eb fund kthehet n\u00eb sht\u00ebpi, n\u00eb Athin\u00eb. Marr\u00ebveshja midis Italis\u00eb dhe\u2026","rel":"","context":"In &quot;Arte&quot;","block_context":{"text":"Arte","link":"https:\/\/www.shqiperia.com\/blog\/category\/arte\/"},"img":{"alt_text":"","src":"https:\/\/i0.wp.com\/www.shqiperia.com\/blog\/wp-content\/uploads\/2022\/01\/Italia-i-kthen-Greqise-nje-mermer-nga-Partenoni-2.jpg?fit=640%2C317&ssl=1&resize=350%2C200","width":350,"height":200,"srcset":"https:\/\/i0.wp.com\/www.shqiperia.com\/blog\/wp-content\/uploads\/2022\/01\/Italia-i-kthen-Greqise-nje-mermer-nga-Partenoni-2.jpg?fit=640%2C317&ssl=1&resize=350%2C200 1x, https:\/\/i0.wp.com\/www.shqiperia.com\/blog\/wp-content\/uploads\/2022\/01\/Italia-i-kthen-Greqise-nje-mermer-nga-Partenoni-2.jpg?fit=640%2C317&ssl=1&resize=525%2C300 1.5x"},"classes":[]},{"id":69688,"url":"https:\/\/www.shqiperia.com\/blog\/sfinksi-i-buzeqeshur-arkeologet-besojne-se-perfaqeson-perandorin-romak-klaudin\/","url_meta":{"origin":45648,"position":4},"title":"Sfinksi i buz\u00ebqeshur: &#8211; Arkeolog\u00ebt besojn\u00eb se p\u00ebrfaq\u00ebson perandorin romak, Klaudin","author":"Kurt Farka","date":"March 15, 2023","format":false,"excerpt":"15 Mars 2023 Zbulohet n\u00eb nj\u00eb tempull t\u00eb lasht\u00eb t\u00eb Egjiptit, statuja e perandorit romak, Klaud, i cili sundoi n\u00eb Afrik\u00ebn e Veriut midis viteve 41 dhe 54 pas Krishtit. \u201cSfinksi i buz\u00ebqeshur\u201d s\u00eb bashku me disa artefakte t\u00eb tjera u gjet\u00ebn n\u00eb jug t\u00eb Kajros. Arkeolog\u00ebt egjiptian\u00eb kan\u00eb zbuluar\u2026","rel":"","context":"In &quot;Arte&quot;","block_context":{"text":"Arte","link":"https:\/\/www.shqiperia.com\/blog\/category\/arte\/"},"img":{"alt_text":"","src":"https:\/\/i0.wp.com\/www.shqiperia.com\/blog\/wp-content\/uploads\/2023\/03\/640-0-w3etgrfjpg-1678190912.jpg?fit=640%2C360&ssl=1&resize=350%2C200","width":350,"height":200,"srcset":"https:\/\/i0.wp.com\/www.shqiperia.com\/blog\/wp-content\/uploads\/2023\/03\/640-0-w3etgrfjpg-1678190912.jpg?fit=640%2C360&ssl=1&resize=350%2C200 1x, https:\/\/i0.wp.com\/www.shqiperia.com\/blog\/wp-content\/uploads\/2023\/03\/640-0-w3etgrfjpg-1678190912.jpg?fit=640%2C360&ssl=1&resize=525%2C300 1.5x"},"classes":[]},{"id":36070,"url":"https:\/\/www.shqiperia.com\/blog\/zbulohet-statuja-antike-qe-u-vodh-ne-apoloni-e-do-trafikohej-ne-itali-dy-ne-pranga\/","url_meta":{"origin":45648,"position":5},"title":"Zbulohet statuja antike q\u00eb u vodh n\u00eb Apoloni e do trafikohej n\u00eb Itali, dy n\u00eb pranga","author":"Kurt Farka","date":"July 7, 2020","format":false,"excerpt":"Zbulohet statuja antike q\u00eb u vodh n\u00eb Apoloni e do trafikohej n\u00eb Itali, dy n\u00eb pranga Trafikonin vepra arti, dy t\u00eb arrestuar n\u00eb Durr\u00ebs, i sekuestrohet nj\u00eb statuj\u00eb dhe nj\u00eb vazo me vlera monumentale Nga Elton Qyno\u00a0 6 Korrik 2020 Report Tv ka siguruar foton e statuj\u00ebs q\u00eb besohet se\u2026","rel":"","context":"In &quot;Histori&quot;","block_context":{"text":"Histori","link":"https:\/\/www.shqiperia.com\/blog\/category\/histori\/"},"img":{"alt_text":"","src":"https:\/\/i0.wp.com\/www.shqiperia.com\/blog\/wp-content\/uploads\/2020\/07\/107630651_2669021596674769_6601220660743184712_n.jpg?fit=562%2C279&ssl=1&resize=350%2C200","width":350,"height":200,"srcset":"https:\/\/i0.wp.com\/www.shqiperia.com\/blog\/wp-content\/uploads\/2020\/07\/107630651_2669021596674769_6601220660743184712_n.jpg?fit=562%2C279&ssl=1&resize=350%2C200 1x, https:\/\/i0.wp.com\/www.shqiperia.com\/blog\/wp-content\/uploads\/2020\/07\/107630651_2669021596674769_6601220660743184712_n.jpg?fit=562%2C279&ssl=1&resize=525%2C300 1.5x"},"classes":[]}],"_links":{"self":[{"href":"https:\/\/www.shqiperia.com\/blog\/wp-json\/wp\/v2\/posts\/45648","targetHints":{"allow":["GET"]}}],"collection":[{"href":"https:\/\/www.shqiperia.com\/blog\/wp-json\/wp\/v2\/posts"}],"about":[{"href":"https:\/\/www.shqiperia.com\/blog\/wp-json\/wp\/v2\/types\/post"}],"author":[{"embeddable":true,"href":"https:\/\/www.shqiperia.com\/blog\/wp-json\/wp\/v2\/users\/9"}],"replies":[{"embeddable":true,"href":"https:\/\/www.shqiperia.com\/blog\/wp-json\/wp\/v2\/comments?post=45648"}],"version-history":[{"count":1,"href":"https:\/\/www.shqiperia.com\/blog\/wp-json\/wp\/v2\/posts\/45648\/revisions"}],"predecessor-version":[{"id":45651,"href":"https:\/\/www.shqiperia.com\/blog\/wp-json\/wp\/v2\/posts\/45648\/revisions\/45651"}],"wp:featuredmedia":[{"embeddable":true,"href":"https:\/\/www.shqiperia.com\/blog\/wp-json\/wp\/v2\/media\/45649"}],"wp:attachment":[{"href":"https:\/\/www.shqiperia.com\/blog\/wp-json\/wp\/v2\/media?parent=45648"}],"wp:term":[{"taxonomy":"category","embeddable":true,"href":"https:\/\/www.shqiperia.com\/blog\/wp-json\/wp\/v2\/categories?post=45648"},{"taxonomy":"post_tag","embeddable":true,"href":"https:\/\/www.shqiperia.com\/blog\/wp-json\/wp\/v2\/tags?post=45648"}],"curies":[{"name":"wp","href":"https:\/\/api.w.org\/{rel}","templated":true}]}}