{"id":45644,"date":"2021-03-23T11:49:05","date_gmt":"2021-03-23T11:49:05","guid":{"rendered":"https:\/\/www.shqiperia.com\/blog\/?p=45644"},"modified":"2021-03-23T11:49:18","modified_gmt":"2021-03-23T11:49:18","slug":"raporti-per-2020-ne-europe-popullsia-mbi-65-vjec-shume-shpejt-do-te-jete-me-e-larte-se-ajo-nen-15-vjec-shqiperia-po-plaket-me-ritme-edhe-me-te-shpejta","status":"publish","type":"post","link":"https:\/\/www.shqiperia.com\/blog\/raporti-per-2020-ne-europe-popullsia-mbi-65-vjec-shume-shpejt-do-te-jete-me-e-larte-se-ajo-nen-15-vjec-shqiperia-po-plaket-me-ritme-edhe-me-te-shpejta\/","title":{"rendered":"Raporti p\u00ebr 2020: &#8211; N\u00eb Europ\u00eb, popullsia mbi 65 vje\u00e7 shum\u00eb shpejt do t\u00eb jet\u00eb m\u00eb e lart\u00eb se ajo n\u00ebn 15 vje\u00e7! Shqip\u00ebria po plaket me ritme edhe m\u00eb t\u00eb shpejta"},"content":{"rendered":"<p><img data-recalc-dims=\"1\" loading=\"lazy\" decoding=\"async\" data-attachment-id=\"45645\" data-permalink=\"https:\/\/www.shqiperia.com\/blog\/raporti-per-2020-ne-europe-popullsia-mbi-65-vjec-shume-shpejt-do-te-jete-me-e-larte-se-ajo-nen-15-vjec-shqiperia-po-plaket-me-ritme-edhe-me-te-shpejta\/ccccxxxx-905x450\/\" data-orig-file=\"https:\/\/i0.wp.com\/www.shqiperia.com\/blog\/wp-content\/uploads\/2021\/03\/CCCCXXXX-905x450-1.jpg?fit=905%2C450&amp;ssl=1\" data-orig-size=\"905,450\" data-comments-opened=\"1\" data-image-meta=\"{&quot;aperture&quot;:&quot;0&quot;,&quot;credit&quot;:&quot;&quot;,&quot;camera&quot;:&quot;&quot;,&quot;caption&quot;:&quot;&quot;,&quot;created_timestamp&quot;:&quot;0&quot;,&quot;copyright&quot;:&quot;&quot;,&quot;focal_length&quot;:&quot;0&quot;,&quot;iso&quot;:&quot;0&quot;,&quot;shutter_speed&quot;:&quot;0&quot;,&quot;title&quot;:&quot;&quot;,&quot;orientation&quot;:&quot;0&quot;}\" data-image-title=\"CCCCXXXX-905&#215;450\" data-image-description=\"\" data-image-caption=\"\" data-medium-file=\"https:\/\/i0.wp.com\/www.shqiperia.com\/blog\/wp-content\/uploads\/2021\/03\/CCCCXXXX-905x450-1.jpg?fit=300%2C149&amp;ssl=1\" data-large-file=\"https:\/\/i0.wp.com\/www.shqiperia.com\/blog\/wp-content\/uploads\/2021\/03\/CCCCXXXX-905x450-1.jpg?fit=905%2C450&amp;ssl=1\" class=\"alignnone wp-image-45645\" alt=\"\" src=\"https:\/\/i0.wp.com\/www.shqiperia.com\/blog\/wp-content\/uploads\/2021\/03\/CCCCXXXX-905x450-1.jpg?resize=515%2C256&#038;ssl=1\" width=\"515\" height=\"256\" srcset=\"https:\/\/i0.wp.com\/www.shqiperia.com\/blog\/wp-content\/uploads\/2021\/03\/CCCCXXXX-905x450-1.jpg?resize=300%2C149&amp;ssl=1 300w, https:\/\/i0.wp.com\/www.shqiperia.com\/blog\/wp-content\/uploads\/2021\/03\/CCCCXXXX-905x450-1.jpg?resize=768%2C382&amp;ssl=1 768w, https:\/\/i0.wp.com\/www.shqiperia.com\/blog\/wp-content\/uploads\/2021\/03\/CCCCXXXX-905x450-1.jpg?resize=450%2C224&amp;ssl=1 450w, https:\/\/i0.wp.com\/www.shqiperia.com\/blog\/wp-content\/uploads\/2021\/03\/CCCCXXXX-905x450-1.jpg?resize=600%2C298&amp;ssl=1 600w, https:\/\/i0.wp.com\/www.shqiperia.com\/blog\/wp-content\/uploads\/2021\/03\/CCCCXXXX-905x450-1.jpg?resize=400%2C199&amp;ssl=1 400w, https:\/\/i0.wp.com\/www.shqiperia.com\/blog\/wp-content\/uploads\/2021\/03\/CCCCXXXX-905x450-1.jpg?w=905&amp;ssl=1 905w\" sizes=\"auto, (max-width: 515px) 100vw, 515px\" \/><\/p>\n<p>Raporti p\u00ebr 2020: &#8211; N\u00eb Europ\u00eb, popullsia mbi 65 vje\u00e7 shum\u00eb shpejt do t\u00eb jet\u00eb m\u00eb e lart\u00eb se ajo n\u00ebn 15 vje\u00e7! Shqip\u00ebria po plaket me ritme edhe m\u00eb t\u00eb shpejta<\/p>\n<p>17 mars 2021<\/p>\n<p>Si kurr\u00eb m\u00eb par\u00eb n\u00eb historin\u00eb demografike t\u00eb Europ\u00ebs, popullsia mbi 65 vje\u00e7 shum\u00eb shpejt do t\u00eb jet\u00eb m\u00eb e lart\u00eb se ajo n\u00ebn 15 vje\u00e7.<\/p>\n<p>Moshimi i popullsis\u00eb n\u00eb BE ka nisur prej gati gjysm\u00ebshekulli, por n\u00eb Shqip\u00ebri po ndodh me ritme shum\u00eb m\u00eb t\u00eb shpejta.<\/p>\n<p>T\u00eb dh\u00ebnat e Eurostat tregojn\u00eb se n\u00eb vitin 2020 rreth 20.6% e popullsis\u00eb s\u00eb BE ishte mbi mosh\u00ebn 65 vje\u00e7 ose m\u00eb shum\u00eb.<\/p>\n<p>N\u00eb raport me vitin 2010, popullsia mbi 65 vje\u00e7 u rrit me 3 pik\u00eb p\u00ebrqindje. Nd\u00ebrsa n\u00eb Shqip\u00ebri, ky proces po ndodh shum\u00eb m\u00eb shpejt. Nga viti 2016 deri n\u00eb vitin 2020, popullsia mbi 65 vje\u00e7 n\u00eb Shqip\u00ebri u rrit me 2 pik\u00eb p\u00ebrqindje.<\/p>\n<p>Sipas t\u00eb dh\u00ebnave t\u00eb Eurostat, n\u00eb grafikun bashk\u00ebngjitur, Shqip\u00ebria ka ende nj\u00eb popullsi t\u00eb re n\u00eb mosh\u00eb n\u00eb raport me Europ\u00ebn, pasi njer\u00ebzit mbi 65 vje\u00e7 ishin sa 14.7% e popullsis\u00eb totale. N\u00eb vendin ton\u00eb, rajoni m\u00eb i plakur \u00ebsht\u00eb ai i jugut t\u00eb vendit, ku njer\u00ebzit mbi 65 vje\u00e7 z\u00ebn\u00eb 15% t\u00eb totalit t\u00eb popullsis\u00eb totale n\u00eb k\u00ebt\u00eb rajon. Rajoni i Qendr\u00ebs ka p\u00ebrqindjen m\u00eb t\u00eb ul\u00ebt t\u00eb +65 vje\u00e7 me 14.5% t\u00eb popullsis\u00eb totale, nd\u00ebrsa Rajoni i Veriut me 14.8% t\u00eb popullsis\u00eb totale.<\/p>\n<p><img data-recalc-dims=\"1\" loading=\"lazy\" decoding=\"async\" data-attachment-id=\"45646\" data-permalink=\"https:\/\/www.shqiperia.com\/blog\/raporti-per-2020-ne-europe-popullsia-mbi-65-vjec-shume-shpejt-do-te-jete-me-e-larte-se-ajo-nen-15-vjec-shqiperia-po-plaket-me-ritme-edhe-me-te-shpejta\/harta-scaled-1-700x700\/\" data-orig-file=\"https:\/\/i0.wp.com\/www.shqiperia.com\/blog\/wp-content\/uploads\/2021\/03\/HARTA-scaled-1-700x700-1.jpg?fit=700%2C700&amp;ssl=1\" data-orig-size=\"700,700\" data-comments-opened=\"1\" data-image-meta=\"{&quot;aperture&quot;:&quot;0&quot;,&quot;credit&quot;:&quot;&quot;,&quot;camera&quot;:&quot;&quot;,&quot;caption&quot;:&quot;&quot;,&quot;created_timestamp&quot;:&quot;0&quot;,&quot;copyright&quot;:&quot;&quot;,&quot;focal_length&quot;:&quot;0&quot;,&quot;iso&quot;:&quot;0&quot;,&quot;shutter_speed&quot;:&quot;0&quot;,&quot;title&quot;:&quot;&quot;,&quot;orientation&quot;:&quot;0&quot;}\" data-image-title=\"HARTA-scaled-1-700&#215;700\" data-image-description=\"\" data-image-caption=\"\" data-medium-file=\"https:\/\/i0.wp.com\/www.shqiperia.com\/blog\/wp-content\/uploads\/2021\/03\/HARTA-scaled-1-700x700-1.jpg?fit=300%2C300&amp;ssl=1\" data-large-file=\"https:\/\/i0.wp.com\/www.shqiperia.com\/blog\/wp-content\/uploads\/2021\/03\/HARTA-scaled-1-700x700-1.jpg?fit=700%2C700&amp;ssl=1\" class=\"alignnone wp-image-45646\" alt=\"\" src=\"https:\/\/i0.wp.com\/www.shqiperia.com\/blog\/wp-content\/uploads\/2021\/03\/HARTA-scaled-1-700x700-1.jpg?resize=552%2C552&#038;ssl=1\" width=\"552\" height=\"552\" srcset=\"https:\/\/i0.wp.com\/www.shqiperia.com\/blog\/wp-content\/uploads\/2021\/03\/HARTA-scaled-1-700x700-1.jpg?resize=300%2C300&amp;ssl=1 300w, https:\/\/i0.wp.com\/www.shqiperia.com\/blog\/wp-content\/uploads\/2021\/03\/HARTA-scaled-1-700x700-1.jpg?resize=150%2C150&amp;ssl=1 150w, https:\/\/i0.wp.com\/www.shqiperia.com\/blog\/wp-content\/uploads\/2021\/03\/HARTA-scaled-1-700x700-1.jpg?resize=450%2C450&amp;ssl=1 450w, https:\/\/i0.wp.com\/www.shqiperia.com\/blog\/wp-content\/uploads\/2021\/03\/HARTA-scaled-1-700x700-1.jpg?resize=600%2C600&amp;ssl=1 600w, https:\/\/i0.wp.com\/www.shqiperia.com\/blog\/wp-content\/uploads\/2021\/03\/HARTA-scaled-1-700x700-1.jpg?resize=65%2C65&amp;ssl=1 65w, https:\/\/i0.wp.com\/www.shqiperia.com\/blog\/wp-content\/uploads\/2021\/03\/HARTA-scaled-1-700x700-1.jpg?resize=50%2C50&amp;ssl=1 50w, https:\/\/i0.wp.com\/www.shqiperia.com\/blog\/wp-content\/uploads\/2021\/03\/HARTA-scaled-1-700x700-1.jpg?resize=400%2C400&amp;ssl=1 400w, https:\/\/i0.wp.com\/www.shqiperia.com\/blog\/wp-content\/uploads\/2021\/03\/HARTA-scaled-1-700x700-1.jpg?w=700&amp;ssl=1 700w\" sizes=\"auto, (max-width: 552px) 100vw, 552px\" \/><\/p>\n<p>Rajonet me popullsi t\u00eb madhe n\u00eb mosh\u00eb jan\u00eb edhe m\u00eb t\u00eb rrezikuara nga pandemia Covid-19.<\/p>\n<p>N\u00eb t\u00eb gjith\u00eb vendet an\u00ebtare t\u00eb BE-s\u00eb, p\u00ebrqindja m\u00eb e lart\u00eb e t\u00eb moshuarve n\u00eb popullsin\u00eb totale n\u00eb vitin 2020 u vu re n\u00eb Itali (23.2%), ndjekur nga Greqia dhe Finlanda (22.3% secila), Portugalia (22.1%), Gjermania (21.8%) dhe Bullgaria (21.6%).<\/p>\n<p>P\u00ebrqindjet m\u00eb t\u00eb ul\u00ebta u regjistruan n\u00eb Irland\u00eb (14.4%) dhe n\u00eb Luksemburg (14.5%). N\u00eb nivelin rajonal, p\u00ebrqindja m\u00eb e lart\u00eb e njer\u00ebzve t\u00eb moshuar u gjet\u00ebn n\u00eb Chemnitz (29.3%) n\u00eb Gjermani, e ndjekur nga Liguria (28.7%) n\u00eb Itali, Epiri (27.3%) n\u00eb Greqi, Limousin (27.1%) n\u00eb Franc\u00eb dhe Saksonia-Anhalt (27.0%) n\u00eb Gjermani.<\/p>\n<p>Gjithashtu p\u00ebrqindjet m\u00eb t\u00eb ul\u00ebta u regjistruan n\u00eb dy rajone jasht\u00eb t\u00eb Franc\u00ebs: Mayotte (2.7%) dhe Guiana Franceze (6.1%), dhe rajoni autonom Spanjoll i Melilla (11.1%).<\/p>\n<p>Shqip\u00ebria po plaket me ritme shum\u00eb m\u00eb t\u00eb shpejta se Europa si rrjedhoj\u00eb e r\u00ebnies s\u00eb lindjeve dhe emigrimit t\u00eb lart\u00eb t\u00eb popullsis\u00eb. N\u00eb vitin 2020 shtesa natyrore e popullsis\u00eb sh\u00ebnoi pothuajse nivelin zero me vet\u00ebm 470 lindje m\u00eb shum\u00eb se vdekjet.<\/p>\n<p>P\u00ebr her\u00eb t\u00eb par\u00eb q\u00eb nga 1923, kur ekzistojn\u00eb t\u00eb dh\u00ebnat zyrtare p\u00ebr regjistrimin e popullsis\u00eb s\u00eb Shqip\u00ebris\u00eb, shtesa natyrore e vendit pushoi se rrituri. Nga viti 1923 deri n\u00eb vitin 2019, vit pas viti lindjet kan\u00eb qen\u00eb shum\u00eb m\u00eb t\u00eb larta se vdekjet.<\/p>\n<p>Ndon\u00ebse emigracioni ka ndikuar negativisht n\u00eb tkurrjen e popullsis\u00eb banuese n\u00eb Shqip\u00ebri s\u00ebrish ky kontingjent mund t\u00eb konsiderohet rezerv\u00eb, pasi ekziston gjithmon\u00eb mund\u00ebsia e rikthimit t\u00eb tyre, por kur lindjet jan\u00eb t\u00eb m\u00eb t\u00eb ul\u00ebta se vdekjet, popullsia e nj\u00eb vendi hyn n\u00eb r\u00ebnie pa kthim. Monitor.<\/p>\n<p>Gazeta Dita<\/p>\n","protected":false},"excerpt":{"rendered":"<p>Raporti p\u00ebr 2020: &#8211; N\u00eb Europ\u00eb, popullsia mbi 65 vje\u00e7 shum\u00eb shpejt do t\u00eb jet\u00eb m\u00eb e lart\u00eb se ajo n\u00ebn 15 vje\u00e7! Shqip\u00ebria po plaket me ritme edhe m\u00eb t\u00eb shpejta 17 mars 2021 Si kurr\u00eb m\u00eb par\u00eb n\u00eb historin\u00eb demografike t\u00eb Europ\u00ebs, popullsia mbi 65 vje\u00e7 shum\u00eb shpejt do t\u00eb jet\u00eb m\u00eb e [&hellip;]<\/p>\n","protected":false},"author":9,"featured_media":45645,"comment_status":"open","ping_status":"open","sticky":false,"template":"","format":"standard","meta":{"jetpack_post_was_ever_published":false,"_jetpack_newsletter_access":"","_jetpack_dont_email_post_to_subs":false,"_jetpack_newsletter_tier_id":0,"_jetpack_memberships_contains_paywalled_content":false,"_jetpack_memberships_contains_paid_content":false,"footnotes":"","jetpack_publicize_message":"","jetpack_publicize_feature_enabled":true,"jetpack_social_post_already_shared":true,"jetpack_social_options":{"image_generator_settings":{"template":"highway","default_image_id":0,"font":"","enabled":false},"version":2}},"categories":[27,2],"tags":[],"class_list":["post-45644","post","type-post","status-publish","format-standard","has-post-thumbnail","hentry","category-blogu-i-udhetarit","category-politika"],"jetpack_publicize_connections":[],"jetpack_featured_media_url":"https:\/\/i0.wp.com\/www.shqiperia.com\/blog\/wp-content\/uploads\/2021\/03\/CCCCXXXX-905x450-1.jpg?fit=905%2C450&ssl=1","jetpack_sharing_enabled":true,"jetpack_shortlink":"https:\/\/wp.me\/p5Z6wp-bSc","jetpack-related-posts":[{"id":59641,"url":"https:\/\/www.shqiperia.com\/blog\/shqiperia-po-plaket-shpejt-mosha-mesatare-e-grave-arrin-39-1-vjec-e-burrave-37-3\/","url_meta":{"origin":45644,"position":0},"title":"Shqip\u00ebria po plaket shpejt, mosha mesatare e grave arrin 39.1 vje\u00e7, e burrave 37.3","author":"Kurt Farka","date":"July 1, 2022","format":false,"excerpt":"Shqip\u00ebria po plaket shpejt, mosha mediane e grave arrin 39.1 vje\u00e7, e burrave 37.3 P\u00ebr shkak se jetojn\u00eb m\u00eb gjat\u00eb, mosha mediane e grave n\u00eb Shqip\u00ebri \u00ebsht\u00eb m\u00eb e lart\u00eb se burrave. N\u00eb vitin 2022, mosha mediane e grave shqiptare arriti 39,1 vjet (mosha mediane n\u00ebnkupton q\u00eb 50% t\u00eb grave\u2026","rel":"","context":"In &quot;Kultura&quot;","block_context":{"text":"Kultura","link":"https:\/\/www.shqiperia.com\/blog\/category\/kultura\/"},"img":{"alt_text":"","src":"https:\/\/i0.wp.com\/www.shqiperia.com\/blog\/wp-content\/uploads\/2022\/07\/Shqiperia-po-plaket-shpejt-mosha-mediane-e-grave-arrin-39.1-vjec-e-burrave-37.3.jpg?fit=380%2C233&ssl=1&resize=350%2C200","width":350,"height":200},"classes":[]},{"id":64200,"url":"https:\/\/www.shqiperia.com\/blog\/shifrat-e-eurostat-shqiperia-po-plaket-shume-me-shpejt-se-europa-ja-shkaqet-qe-kane-cuar-vendin-ne-kete-situate\/","url_meta":{"origin":45644,"position":1},"title":"Shifrat e Eurostat: Shqip\u00ebria po plaket shum\u00eb m\u00eb shpejt se Europa. &#8211; Ja shkaqet q\u00eb kan\u00eb \u00e7uar vendin n\u00eb k\u00ebt\u00eb situat\u00eb","author":"Kurt Farka","date":"November 11, 2022","format":false,"excerpt":"11 Nentor 2022 Shqip\u00ebria \u00ebsht\u00eb ende nj\u00eb nga popullsit\u00eb me mosh\u00eb m\u00eb t\u00eb re n\u00eb Europ\u00eb, por po plaket me ritme shum\u00eb m\u00eb t\u00eb shpejta se shtetet e tjera. Sipas t\u00eb dh\u00ebnave t\u00eb fundit t\u00eb Eurostat popullsia shqiptare e grupmosh\u00ebs deri n\u00eb 14 vje\u00e7 \u00ebsht\u00eb \u201ctkurrur\u201d me 3.1% pik\u00eb p\u00ebrqindje,\u2026","rel":"","context":"In &quot;Blogu i Udh\u00ebtarit&quot;","block_context":{"text":"Blogu i Udh\u00ebtarit","link":"https:\/\/www.shqiperia.com\/blog\/category\/blogu-i-udhetarit\/"},"img":{"alt_text":"","src":"https:\/\/i0.wp.com\/www.shqiperia.com\/blog\/wp-content\/uploads\/2022\/11\/Popullsia-bota.jpg?fit=1200%2C561&ssl=1&resize=350%2C200","width":350,"height":200,"srcset":"https:\/\/i0.wp.com\/www.shqiperia.com\/blog\/wp-content\/uploads\/2022\/11\/Popullsia-bota.jpg?fit=1200%2C561&ssl=1&resize=350%2C200 1x, https:\/\/i0.wp.com\/www.shqiperia.com\/blog\/wp-content\/uploads\/2022\/11\/Popullsia-bota.jpg?fit=1200%2C561&ssl=1&resize=525%2C300 1.5x, https:\/\/i0.wp.com\/www.shqiperia.com\/blog\/wp-content\/uploads\/2022\/11\/Popullsia-bota.jpg?fit=1200%2C561&ssl=1&resize=700%2C400 2x, https:\/\/i0.wp.com\/www.shqiperia.com\/blog\/wp-content\/uploads\/2022\/11\/Popullsia-bota.jpg?fit=1200%2C561&ssl=1&resize=1050%2C600 3x"},"classes":[]},{"id":38048,"url":"https:\/\/www.shqiperia.com\/blog\/studimi-i-okb-si-do-plaket-popullsia-e-shqiperise-norma-e-varesise-ekonomike-e-te-moshuarve-pritet-te-arrije-49\/","url_meta":{"origin":45644,"position":2},"title":"Studimi i OKB: Si do plaket popullsia e Shqip\u00ebris\u00eb, norma e var\u00ebsis\u00eb ekonomike e t\u00eb moshuarve pritet t\u00eb arrij\u00eb 49%","author":"Kurt Farka","date":"September 4, 2020","format":false,"excerpt":"Studimi i OKB: Si do plaket popullsia e Shqip\u00ebris\u00eb, norma e var\u00ebsis\u00eb ekonomike e t\u00eb moshuarve pritet t\u00eb arrij\u00eb 49% Gusht 2020 N\u00eb vitin 2050, numri i konsumator\u00ebve q\u00eb jan\u00eb mbi 65 vje\u00e7 do t\u00eb jet\u00eb sa gjysma (49%) e numrit t\u00eb punonj\u00ebsve t\u00eb t\u00eb gjitha moshave, n\u00eb Shqip\u00ebri. Treguesi,\u2026","rel":"","context":"In &quot;Blogu i Udh\u00ebtarit&quot;","block_context":{"text":"Blogu i Udh\u00ebtarit","link":"https:\/\/www.shqiperia.com\/blog\/category\/blogu-i-udhetarit\/"},"img":{"alt_text":"","src":"https:\/\/i0.wp.com\/www.shqiperia.com\/blog\/wp-content\/uploads\/2020\/09\/1522818782_pensionet-905x395-1-905x450-1.jpg?fit=905%2C450&ssl=1&resize=350%2C200","width":350,"height":200,"srcset":"https:\/\/i0.wp.com\/www.shqiperia.com\/blog\/wp-content\/uploads\/2020\/09\/1522818782_pensionet-905x395-1-905x450-1.jpg?fit=905%2C450&ssl=1&resize=350%2C200 1x, https:\/\/i0.wp.com\/www.shqiperia.com\/blog\/wp-content\/uploads\/2020\/09\/1522818782_pensionet-905x395-1-905x450-1.jpg?fit=905%2C450&ssl=1&resize=525%2C300 1.5x, https:\/\/i0.wp.com\/www.shqiperia.com\/blog\/wp-content\/uploads\/2020\/09\/1522818782_pensionet-905x395-1-905x450-1.jpg?fit=905%2C450&ssl=1&resize=700%2C400 2x"},"classes":[]},{"id":81562,"url":"https:\/\/www.shqiperia.com\/blog\/popullsia-e-shqiperise-eshte-plakur-me-ritme-me-te-larta-ne-europe-sa-shkoi-mosha-mediane-ne-11-vite\/","url_meta":{"origin":45644,"position":3},"title":"Popullsia e Shqip\u00ebris\u00eb \u00ebsht\u00eb plakur me ritme m\u00eb t\u00eb larta n\u00eb Europ\u00eb, sa shkoi mosha mediane n\u00eb 11 vite","author":"Kurt Farka","date":"June 3, 2024","format":false,"excerpt":"3 Qershor 2024 T\u00eb dh\u00ebnat zyrtare referojn\u00eb se Shqip\u00ebria ende \u00ebsht\u00eb nj\u00eb nga vendet me popullsin\u00eb m\u00eb t\u00eb re n\u00eb Europ\u00eb, por gjat\u00eb 20 viteve t\u00eb fundit ritmet e plakjes ishin m\u00eb t\u00eb lartat n\u00eb Europ\u00eb. N\u00eb vitin 2023, mosha mediane e Shqiptar\u00ebve ishte 38.8 vje\u00e7 (n\u00ebnkupton q\u00eb 50% e\u2026","rel":"","context":"In &quot;Blogu i Udh\u00ebtarit&quot;","block_context":{"text":"Blogu i Udh\u00ebtarit","link":"https:\/\/www.shqiperia.com\/blog\/category\/blogu-i-udhetarit\/"},"img":{"alt_text":"","src":"https:\/\/i0.wp.com\/www.shqiperia.com\/blog\/wp-content\/uploads\/2024\/06\/800-0-5dc8bcf6f4c296f19170e427c834ff02.jpg?fit=800%2C534&ssl=1&resize=350%2C200","width":350,"height":200,"srcset":"https:\/\/i0.wp.com\/www.shqiperia.com\/blog\/wp-content\/uploads\/2024\/06\/800-0-5dc8bcf6f4c296f19170e427c834ff02.jpg?fit=800%2C534&ssl=1&resize=350%2C200 1x, https:\/\/i0.wp.com\/www.shqiperia.com\/blog\/wp-content\/uploads\/2024\/06\/800-0-5dc8bcf6f4c296f19170e427c834ff02.jpg?fit=800%2C534&ssl=1&resize=525%2C300 1.5x, https:\/\/i0.wp.com\/www.shqiperia.com\/blog\/wp-content\/uploads\/2024\/06\/800-0-5dc8bcf6f4c296f19170e427c834ff02.jpg?fit=800%2C534&ssl=1&resize=700%2C400 2x"},"classes":[]},{"id":72363,"url":"https:\/\/www.shqiperia.com\/blog\/re-te-zeza-mbi-popullsine-e-shqiperise-cfare-parashikojne-projeksionet-renie-te-ndjeshme-dhe-plakje-ja-zgjidhjet-qe-rekomandohen\/","url_meta":{"origin":45644,"position":4},"title":"Re t\u00eb zeza mbi popullsin\u00eb e Shqip\u00ebris\u00eb! &#8211; \u00c7far\u00eb parashikojn\u00eb projeksionet, r\u00ebnie t\u00eb ndjeshme dhe plakje, ja zgjidhjet q\u00eb rekomandohen","author":"Kurt Farka","date":"June 24, 2023","format":false,"excerpt":"24 Qershor 2023 Projeksionet e reja t\u00eb popullsis\u00eb p\u00ebr 2021-1050, t\u00eb hartuara nga nj\u00eb grup ekspert\u00ebsh t\u00eb Organizat\u00ebs Nd\u00ebrkomb\u00ebtare p\u00ebr Migracion (IOM), tregojn\u00eb se vendi do t\u00eb ket\u00eb rreth 2 milion\u00eb banor\u00eb n\u00eb vitin 2050, nga rreth 2.76 aktualisht. Mosha mediane arrin 49 vje\u00e7. Grupmosha n\u00ebn 19 vje\u00e7 do t\u00eb\u2026","rel":"","context":"In &quot;Blogu i Udh\u00ebtarit&quot;","block_context":{"text":"Blogu i Udh\u00ebtarit","link":"https:\/\/www.shqiperia.com\/blog\/category\/blogu-i-udhetarit\/"},"img":{"alt_text":"","src":"https:\/\/i0.wp.com\/www.shqiperia.com\/blog\/wp-content\/uploads\/2023\/06\/p-22.jpg?fit=444%2C300&ssl=1&resize=350%2C200","width":350,"height":200},"classes":[]},{"id":59618,"url":"https:\/\/www.shqiperia.com\/blog\/shqiperi-alarmin-91-mije-te-moshuar-kane-nevoje-per-kujdes-afatgjate-vetem-16-e-tyre-perfitojne\/","url_meta":{"origin":45644,"position":5},"title":"Shqiperi, Alarmi: &#8211; 91 mij\u00eb t\u00eb moshuar kan\u00eb nevoj\u00eb p\u00ebr kujdes afatgjat\u00eb. Vet\u00ebm 1,6% e tyre p\u00ebrfitojn\u00eb!","author":"Kurt Farka","date":"July 1, 2022","format":false,"excerpt":"1 Korrik 2022 Nj\u00ebsia e Kombeve t\u00eb Bashkuara, p\u00ebr \u00e7\u00ebshtjet e pun\u00ebsimit (ILO) n\u00eb nj\u00eb studim t\u00eb posa\u00e7\u00ebm njoftoi se, popullsia e Shqip\u00ebris\u00eb po plaket me shpejt\u00ebsi dhe aktualisht rreth 91 mij\u00eb persona mbi 65 vje\u00e7 kan\u00eb nevoj\u00eb p\u00ebr p\u00ebrkujdesje sociale afatgjat\u00eb. Por, nj\u00ebkoh\u00ebsisht infrastruktura e Shqip\u00ebris\u00eb p\u00ebr moshat e\u2026","rel":"","context":"In &quot;Blogu i Udh\u00ebtarit&quot;","block_context":{"text":"Blogu i Udh\u00ebtarit","link":"https:\/\/www.shqiperia.com\/blog\/category\/blogu-i-udhetarit\/"},"img":{"alt_text":"","src":"https:\/\/i0.wp.com\/www.shqiperia.com\/blog\/wp-content\/uploads\/2022\/07\/Te-moshuar-pensioniste-1-973-768x512-768x433-1.jpg?fit=768%2C433&ssl=1&resize=350%2C200","width":350,"height":200,"srcset":"https:\/\/i0.wp.com\/www.shqiperia.com\/blog\/wp-content\/uploads\/2022\/07\/Te-moshuar-pensioniste-1-973-768x512-768x433-1.jpg?fit=768%2C433&ssl=1&resize=350%2C200 1x, https:\/\/i0.wp.com\/www.shqiperia.com\/blog\/wp-content\/uploads\/2022\/07\/Te-moshuar-pensioniste-1-973-768x512-768x433-1.jpg?fit=768%2C433&ssl=1&resize=525%2C300 1.5x, https:\/\/i0.wp.com\/www.shqiperia.com\/blog\/wp-content\/uploads\/2022\/07\/Te-moshuar-pensioniste-1-973-768x512-768x433-1.jpg?fit=768%2C433&ssl=1&resize=700%2C400 2x"},"classes":[]}],"_links":{"self":[{"href":"https:\/\/www.shqiperia.com\/blog\/wp-json\/wp\/v2\/posts\/45644","targetHints":{"allow":["GET"]}}],"collection":[{"href":"https:\/\/www.shqiperia.com\/blog\/wp-json\/wp\/v2\/posts"}],"about":[{"href":"https:\/\/www.shqiperia.com\/blog\/wp-json\/wp\/v2\/types\/post"}],"author":[{"embeddable":true,"href":"https:\/\/www.shqiperia.com\/blog\/wp-json\/wp\/v2\/users\/9"}],"replies":[{"embeddable":true,"href":"https:\/\/www.shqiperia.com\/blog\/wp-json\/wp\/v2\/comments?post=45644"}],"version-history":[{"count":1,"href":"https:\/\/www.shqiperia.com\/blog\/wp-json\/wp\/v2\/posts\/45644\/revisions"}],"predecessor-version":[{"id":45647,"href":"https:\/\/www.shqiperia.com\/blog\/wp-json\/wp\/v2\/posts\/45644\/revisions\/45647"}],"wp:featuredmedia":[{"embeddable":true,"href":"https:\/\/www.shqiperia.com\/blog\/wp-json\/wp\/v2\/media\/45645"}],"wp:attachment":[{"href":"https:\/\/www.shqiperia.com\/blog\/wp-json\/wp\/v2\/media?parent=45644"}],"wp:term":[{"taxonomy":"category","embeddable":true,"href":"https:\/\/www.shqiperia.com\/blog\/wp-json\/wp\/v2\/categories?post=45644"},{"taxonomy":"post_tag","embeddable":true,"href":"https:\/\/www.shqiperia.com\/blog\/wp-json\/wp\/v2\/tags?post=45644"}],"curies":[{"name":"wp","href":"https:\/\/api.w.org\/{rel}","templated":true}]}}