{"id":45641,"date":"2021-03-23T10:56:01","date_gmt":"2021-03-23T10:56:01","guid":{"rendered":"https:\/\/www.shqiperia.com\/blog\/?p=45641"},"modified":"2021-03-23T10:56:01","modified_gmt":"2021-03-23T10:56:01","slug":"po-i-afrohet-vales-se-trete-te-infektimeve-gjermania-do-festoje-pashket-nen-masa-kufizuese-ja-deri-kur-do-te-zgjatet-lockdown-i","status":"publish","type":"post","link":"https:\/\/www.shqiperia.com\/blog\/po-i-afrohet-vales-se-trete-te-infektimeve-gjermania-do-festoje-pashket-nen-masa-kufizuese-ja-deri-kur-do-te-zgjatet-lockdown-i\/","title":{"rendered":"Po i afrohet val\u00ebs s\u00eb tret\u00eb t\u00eb infektimeve. Gjermania do festoj\u00eb Pashk\u00ebt n\u00ebn masa kufizuese! Ja deri kur do t\u00eb zgjatet \u2018Lockdown-i\u2019"},"content":{"rendered":"<p><img data-recalc-dims=\"1\" loading=\"lazy\" decoding=\"async\" data-attachment-id=\"45642\" data-permalink=\"https:\/\/www.shqiperia.com\/blog\/po-i-afrohet-vales-se-trete-te-infektimeve-gjermania-do-festoje-pashket-nen-masa-kufizuese-ja-deri-kur-do-te-zgjatet-lockdown-i\/merkel2\/\" data-orig-file=\"https:\/\/i0.wp.com\/www.shqiperia.com\/blog\/wp-content\/uploads\/2021\/03\/merkel2.jpg?fit=856%2C508&amp;ssl=1\" data-orig-size=\"856,508\" data-comments-opened=\"1\" data-image-meta=\"{&quot;aperture&quot;:&quot;0&quot;,&quot;credit&quot;:&quot;Panorama-Online&quot;,&quot;camera&quot;:&quot;&quot;,&quot;caption&quot;:&quot;&quot;,&quot;created_timestamp&quot;:&quot;1616489012&quot;,&quot;copyright&quot;:&quot;&quot;,&quot;focal_length&quot;:&quot;0&quot;,&quot;iso&quot;:&quot;0&quot;,&quot;shutter_speed&quot;:&quot;0&quot;,&quot;title&quot;:&quot;&quot;,&quot;orientation&quot;:&quot;0&quot;}\" data-image-title=\"merkel2\" data-image-description=\"\" data-image-caption=\"\" data-medium-file=\"https:\/\/i0.wp.com\/www.shqiperia.com\/blog\/wp-content\/uploads\/2021\/03\/merkel2.jpg?fit=300%2C178&amp;ssl=1\" data-large-file=\"https:\/\/i0.wp.com\/www.shqiperia.com\/blog\/wp-content\/uploads\/2021\/03\/merkel2.jpg?fit=856%2C508&amp;ssl=1\" class=\"alignnone  wp-image-45642\" alt=\"\" src=\"https:\/\/i0.wp.com\/www.shqiperia.com\/blog\/wp-content\/uploads\/2021\/03\/merkel2.jpg?resize=544%2C323&#038;ssl=1\" width=\"544\" height=\"323\" srcset=\"https:\/\/i0.wp.com\/www.shqiperia.com\/blog\/wp-content\/uploads\/2021\/03\/merkel2.jpg?resize=300%2C178&amp;ssl=1 300w, https:\/\/i0.wp.com\/www.shqiperia.com\/blog\/wp-content\/uploads\/2021\/03\/merkel2.jpg?resize=768%2C456&amp;ssl=1 768w, https:\/\/i0.wp.com\/www.shqiperia.com\/blog\/wp-content\/uploads\/2021\/03\/merkel2.jpg?resize=450%2C267&amp;ssl=1 450w, https:\/\/i0.wp.com\/www.shqiperia.com\/blog\/wp-content\/uploads\/2021\/03\/merkel2.jpg?resize=600%2C356&amp;ssl=1 600w, https:\/\/i0.wp.com\/www.shqiperia.com\/blog\/wp-content\/uploads\/2021\/03\/merkel2.jpg?resize=400%2C237&amp;ssl=1 400w, https:\/\/i0.wp.com\/www.shqiperia.com\/blog\/wp-content\/uploads\/2021\/03\/merkel2.jpg?w=856&amp;ssl=1 856w\" sizes=\"auto, (max-width: 544px) 100vw, 544px\" \/><\/p>\n<p><a href=\"http:\/\/www.panorama.com.al\/po-i-afrohet-vales-se-trete-te-infektimeve-gjermani-feston-pashket-nen-masa-kufizuese-ja-deri-kur-do-te-zgjatet-lockdowni\/\">Po i afrohet val\u00ebs s\u00eb tret\u00eb t\u00eb infektimeve\/ Gjermania do festoj\u00eb Pashk\u00ebt n\u00ebn masa kufizuese! Ja deri kur do t\u00eb zgjatet \u2018Lockdown-i\u2019<\/a><\/p>\n<p><em>23 mars 2021<\/em><\/p>\n<p><strong>P\u00ebr shkak t\u00eb rritjes s\u00eb numrit t\u00eb infektimeve, Gjermania rikthen masat kufizuese dhe nuk lejon lirimin e tyre as n\u00eb koh\u00ebn e pashk\u00ebve. N\u00eb nj\u00eb koh\u00eb q\u00eb shum\u00eb kishin shpresuar p\u00ebr pushime t\u00eb shkurtra.<\/strong><\/p>\n<p>Lockdowni q\u00eb po zgjat q\u00eb nga n\u00ebntori n\u00eb Gjermani, do t\u00eb zgjatet deri n\u00eb 18 prill, po ashtu po t\u00ebrhiqen edhe ato pak lirime q\u00eb u lejuan k\u00ebto dy jav\u00ebt e fundit. Ky ishte vendimi i kancelares Merkel me kryeministrat e 16 landeve gjermane pas takimit t\u00eb s\u00eb h\u00ebn\u00ebs (22.03) n\u00eb Berlin. Kjo koh\u00eb kufizimesh \u00ebsht\u00eb e ve\u00e7ant\u00eb, pasi p\u00ebrfshin edhe dit\u00ebt e pashk\u00ebve, nj\u00eb nga festat m\u00eb t\u00eb r\u00ebnd\u00ebsishme fetare n\u00eb Gjermani pas krishtlindjeve. Krahas r\u00ebnd\u00ebsis\u00eb fetare q\u00eb kjo fest\u00eb ka p\u00ebr katolik\u00ebt, k\u00ebto dit\u00eb jan\u00eb edhe dit\u00eb udh\u00ebtimesh p\u00ebr familjet apo vizitash familjare. Por kjo gati nuk ka p\u00ebr t\u00eb qen\u00eb e mundur.<\/p>\n<p>Takimi i kryeministrave me kancelaren Merkel ishte i v\u00ebshtir\u00eb t\u00eb h\u00ebn\u00ebn, madje u fol nj\u00eb koh\u00eb edhe p\u00ebr d\u00ebshtim t\u00eb bisedimeve, sepse ishte e v\u00ebshtir\u00eb t\u00eb arrihej ujdia. Disa lande federale kishin hyr\u00eb madje n\u00eb bisedime me propozime p\u00ebr lirime masash. Pas 13 or\u00eb bisedimesh, Merkel ia doli me strategjin\u00eb e saj p\u00ebr shtr\u00ebngim masash, madje duke i marr\u00eb k\u00ebtyre landeve edhe premtimin p\u00ebr forcimin e masave kund\u00ebr Coron\u00ebs.<\/p>\n<p><strong>Super-lockdown n\u00eb vend t\u00eb pushimeve<\/strong><\/p>\n<p>Para takimit pati nj\u00eb debat t\u00eb madh n\u00eb Gjermani, se \u00e7far\u00eb masash do jen\u00eb t\u00eb lejuara dit\u00ebt e pashk\u00ebve. Sidomos tre landet veriore bregdetare gjermane ishin shprehur p\u00ebr mund\u00ebsin\u00eb e \u201cpushimeve me pak kontakte\u201d, si marrja me qira e sht\u00ebpive apo apartamenteve t\u00eb pushimit. K\u00ebshtu do duhej t\u00eb lejoheshin pushimet t\u00eb pakt\u00ebn brenda landit. Ende n\u00eb Gjermani nuk lejohet t\u00eb kalosh nat\u00ebn<\/p>\n<p>p\u00ebr turiz\u00ebm n\u00eb nj\u00eb hotel. N\u00eb nj\u00eb koh\u00eb q\u00eb udh\u00ebtimet ne Majorka, ishullin e preferuar t\u00eb gjerman\u00ebve aktualisht jan\u00eb t\u00eb mundura.<\/p>\n<p>Merkel ishte kund\u00ebr hapjes s\u00eb hoteleve n\u00eb Gjermani. Ekspert\u00ebt kishin k\u00ebshilluar, se ky \u00ebsht\u00eb nj\u00eb sinjal i gabuar. Edhe p\u00ebr udh\u00ebtimet n\u00eb Majorka, Merkel nuk ka qen\u00eb e k\u00ebnaqur. Por kjo nuk mund t\u00eb merret p\u00ebr baz\u00eb p\u00ebr nj\u00eb hap t\u00eb gabuar n\u00eb vend. Pas k\u00ebsaj u nd\u00ebrpren\u00eb bisedimet p\u00ebr t\u2019u zhvilluar m\u00eb von\u00eb. N\u00eb vend t\u00eb lockdownit flitet tani p\u00ebr \u201cqet\u00ebsin\u00eb e pashk\u00ebve\u201d. P\u00ebr k\u00ebt\u00eb do t\u00eb futen si shtes\u00eb dy dit\u00eb t\u00eb tjera pushimi. Nga data 1 deri m\u00eb 5 prill nuk do t\u00eb ket\u00eb grumbullime publike dhe do ket\u00eb kufizime n\u00eb maksimum t\u00eb kontakteve. Vet\u00ebm dyqanet e ushqimeve do t\u00eb mund t\u00eb hapen p\u00ebr nj\u00eb dit\u00eb. Meshat fetare do t\u00eb mbahen online.<\/p>\n<p><strong>Vala e tret\u00eb e infektimeve<\/strong><\/p>\n<p>Gjendja epidemike n\u00eb Gjermani po keq\u00ebsohet m\u00eb shpejt\u00ebsi, si n\u00eb shum\u00eb n\u00eb vende t\u00eb tjera europiane edhe n\u00eb Gjermani po afrohet vala e tret\u00eb e pandemis\u00eb. K\u00ebshtu aktualisht po infektohen 60% m\u00eb shum\u00eb njer\u00ebz me virusin, se para dy dit\u00ebve. Vlera e incidienc\u00ebs s\u00eb virusit \u00ebsht\u00eb rritur n\u00eb mbi 100. Para dy jav\u00ebsh ajo ishte 68. P\u00ebr shkak se vaksinimi po ec\u00ebn shum\u00eb ngadal\u00eb nuk mund t\u00eb ndalet vala e tret\u00eb e pandemis\u00eb.<\/p>\n<p>Merkel u shpreh se rritja e infektimeve ka \u00e7uar n\u00eb nj\u00eb \u201csituat\u00eb shum\u00eb serioze\u201d. Por ajo nuk u shpreh, se sa efekt kan\u00eb n\u00eb k\u00ebt\u00eb situat\u00eb shtimi i testimeve p\u00ebr shkak t\u00eb futjes s\u00eb vet\u00ebtestimit apo testeve t\u00eb shpejt\u00eb. Edhe nj\u00eb tregues tjet\u00ebr \u00ebsht\u00eb p\u00ebrkeq\u00ebsuar: Numri i pacient\u00ebve me COVID n\u00eb trajtimin intensiv \u00ebsht\u00eb shtuar. N\u00eb takimin e fundit t\u00eb kancelares Merkel me kryeministrat e landeve u ra dakord p\u00ebr fren\u00ebn e urgjenc\u00ebs, q\u00eb do t\u00eb thoshte, se lirimet e masave do t\u00eb t\u00ebrhiqeshin n\u00eb momentin q\u00eb infektimet shtohen. S\u00eb fundmi disa komuna gjermane nuk e zbatuan at\u00eb, prandaj zbatimi i k\u00ebsaj ujdie do t\u00eb k\u00ebrkohet tani t\u00eb b\u00ebhet m\u00eb m\u00eb konsekuenc\u00eb.<\/p>\n<p><strong>Atmosfera n\u00eb popullsi kritike<\/strong><\/p>\n<p>Kufizimet e para t\u00eb pandemis\u00eb n\u00eb mars t\u00eb vitit t\u00eb kaluar gjet\u00ebn nj\u00eb mb\u00ebshtetje t\u00eb gjer\u00eb dhe u zbatuan n\u00eb mas\u00eb t\u00eb madhe n\u00eb Gjermani. Por prej jav\u00ebsh \u00ebsht\u00eb rritur skepticizmi ndaj politik\u00ebs s\u00eb qeveris\u00eb gjermane p\u00ebr mbrojtjen nga Corona. Shum\u00eb gjerman\u00eb jan\u00eb lodhur nga pandemia. Protestat kund\u00ebr masave q\u00eb ishin t\u00eb pakta k\u00ebto muaj kan\u00eb filluar t\u00eb shtohen, s\u00eb fundmi pati p\u00ebrleshje t\u00eb dhunshme me policin\u00eb. Instituti i sondazheve, YouGov n\u00eb nj\u00eb sondaznt\u00eb fundit ka arritur n\u00eb p\u00ebrfundimin, se gjithnj\u00eb e m\u00eb shum\u00eb vet\u00eb, q\u00eb nga nd\u00ebrrimi i viteve po e vler\u00ebsojn\u00eb negativisht m\u00ebnyr\u00ebn e veprimit n\u00eb kriz\u00ebn e Coron\u00ebs.\/DW<\/p>\n<p>Nga Gazeta Panorama<\/p>\n","protected":false},"excerpt":{"rendered":"<p>Po i afrohet val\u00ebs s\u00eb tret\u00eb t\u00eb infektimeve\/ Gjermania do festoj\u00eb Pashk\u00ebt n\u00ebn masa kufizuese! Ja deri kur do t\u00eb zgjatet \u2018Lockdown-i\u2019 23 mars 2021 P\u00ebr shkak t\u00eb rritjes s\u00eb numrit t\u00eb infektimeve, Gjermania rikthen masat kufizuese dhe nuk lejon lirimin e tyre as n\u00eb koh\u00ebn e pashk\u00ebve. N\u00eb nj\u00eb koh\u00eb q\u00eb shum\u00eb kishin shpresuar [&hellip;]<\/p>\n","protected":false},"author":9,"featured_media":45642,"comment_status":"open","ping_status":"open","sticky":false,"template":"","format":"standard","meta":{"jetpack_post_was_ever_published":false,"_jetpack_newsletter_access":"","_jetpack_dont_email_post_to_subs":false,"_jetpack_newsletter_tier_id":0,"_jetpack_memberships_contains_paywalled_content":false,"_jetpack_memberships_contains_paid_content":false,"footnotes":"","jetpack_publicize_message":"","jetpack_publicize_feature_enabled":true,"jetpack_social_post_already_shared":true,"jetpack_social_options":{"image_generator_settings":{"template":"highway","default_image_id":0,"font":"","enabled":false},"version":2}},"categories":[27,35],"tags":[],"class_list":["post-45641","post","type-post","status-publish","format-standard","has-post-thumbnail","hentry","category-blogu-i-udhetarit","category-shoqerore"],"jetpack_publicize_connections":[],"jetpack_featured_media_url":"https:\/\/i0.wp.com\/www.shqiperia.com\/blog\/wp-content\/uploads\/2021\/03\/merkel2.jpg?fit=856%2C508&ssl=1","jetpack_sharing_enabled":true,"jetpack_shortlink":"https:\/\/wp.me\/p5Z6wp-bS9","jetpack-related-posts":[{"id":51168,"url":"https:\/\/www.shqiperia.com\/blog\/epidemiologet-te-frikesuar-paralajmerojne-cfare-mund-te-ndodhe-vala-e-katert-e-infektimeve-mund-te\/","url_meta":{"origin":45641,"position":0},"title":"Epidemiolog\u00ebt t\u00eb frik\u00ebsuar, paralajm\u00ebrojn\u00eb \u00e7far\u00eb mund t\u00eb ndodh\u00eb: Vala e kat\u00ebrt e infektimeve mund t\u00eb&#8230;","author":"Kurt Farka","date":"November 8, 2021","format":false,"excerpt":"Epidemiolog\u00ebt t\u00eb frik\u00ebsuar, paralajm\u00ebrojn\u00eb \u00e7far\u00eb mund t\u00eb ndodh\u00eb: Vala e kat\u00ebrt e infektimeve mund t\u00eb... 8 N\u00cbNTOR 2021 Rritje infektimesh kudo n\u00eb Evrop\u00eb. Ka nj\u00eb s\u00ebr\u00eb arsyesh p\u00ebr k\u00ebt\u00eb gjendje \u2013 nga skepticizmi tek vaksina, r\u00ebnia e fuqis\u00eb mbrojt\u00ebse t\u00eb saj deri tek moti i ftoht\u00eb. Shum\u00eb vende po shtr\u00ebngojn\u00eb\u2026","rel":"","context":"In &quot;Blogu i Udh\u00ebtarit&quot;","block_context":{"text":"Blogu i Udh\u00ebtarit","link":"https:\/\/www.shqiperia.com\/blog\/category\/blogu-i-udhetarit\/"},"img":{"alt_text":"","src":"https:\/\/i0.wp.com\/www.shqiperia.com\/blog\/wp-content\/uploads\/2021\/11\/800-0-6188d9abbabaa.jpg?fit=800%2C450&ssl=1&resize=350%2C200","width":350,"height":200,"srcset":"https:\/\/i0.wp.com\/www.shqiperia.com\/blog\/wp-content\/uploads\/2021\/11\/800-0-6188d9abbabaa.jpg?fit=800%2C450&ssl=1&resize=350%2C200 1x, https:\/\/i0.wp.com\/www.shqiperia.com\/blog\/wp-content\/uploads\/2021\/11\/800-0-6188d9abbabaa.jpg?fit=800%2C450&ssl=1&resize=525%2C300 1.5x, https:\/\/i0.wp.com\/www.shqiperia.com\/blog\/wp-content\/uploads\/2021\/11\/800-0-6188d9abbabaa.jpg?fit=800%2C450&ssl=1&resize=700%2C400 2x"},"classes":[]},{"id":41383,"url":"https:\/\/www.shqiperia.com\/blog\/imuniteti-i-tufes-pas-vaksinimit-te-70-te-popullsise-obsh-askush-nuk-mund-te-premtoje\/","url_meta":{"origin":45641,"position":1},"title":"Imuniteti i tuf\u00ebs pas vaksinimit t\u00eb 70% t\u00eb popullsis\u00eb\/ OBSH: Askush nuk mund t\u00eb premtoj\u00eb\u2026","author":"Kurt Farka","date":"November 30, 2020","format":false,"excerpt":"Imuniteti i tuf\u00ebs pas vaksinimit t\u00eb 70% t\u00eb popullsis\u00eb\/ OBSH: Askush nuk mund t\u00eb premtoj\u00eb\u2026 30 nentor 2020 Vendet e BE po reagojn\u00eb n\u00eb m\u00ebnyra t\u00eb ndryshme n\u00eb val\u00ebn e dyt\u00eb t\u00eb pandemis\u00eb. Ndryshe nga Gjermania, disa vende kan\u00eb paralajm\u00ebruar lirime t\u00eb lehta. OBSH paralajm\u00ebron, se vaksinimi nuk e shuan\u2026","rel":"","context":"In &quot;Blogu i Udh\u00ebtarit&quot;","block_context":{"text":"Blogu i Udh\u00ebtarit","link":"https:\/\/www.shqiperia.com\/blog\/category\/blogu-i-udhetarit\/"},"img":{"alt_text":"","src":"https:\/\/i0.wp.com\/www.shqiperia.com\/blog\/wp-content\/uploads\/2020\/11\/vaksina6.jpg?fit=892%2C511&ssl=1&resize=350%2C200","width":350,"height":200,"srcset":"https:\/\/i0.wp.com\/www.shqiperia.com\/blog\/wp-content\/uploads\/2020\/11\/vaksina6.jpg?fit=892%2C511&ssl=1&resize=350%2C200 1x, https:\/\/i0.wp.com\/www.shqiperia.com\/blog\/wp-content\/uploads\/2020\/11\/vaksina6.jpg?fit=892%2C511&ssl=1&resize=525%2C300 1.5x, https:\/\/i0.wp.com\/www.shqiperia.com\/blog\/wp-content\/uploads\/2020\/11\/vaksina6.jpg?fit=892%2C511&ssl=1&resize=700%2C400 2x"},"classes":[]},{"id":56867,"url":"https:\/\/www.shqiperia.com\/blog\/gjermania-ngre-alarmin-nje-variant-i-ri-vrases-absolut-i-covid-19-rrezikon-popullaten-e-botes\/","url_meta":{"origin":45641,"position":2},"title":"Gjermania ngre alarmin: &#8211; Nj\u00eb variant i ri \u201cVrases absolut\u201d i Covid-19 rrezikon popullat\u00ebn e bot\u00ebs!","author":"Kurt Farka","date":"April 18, 2022","format":false,"excerpt":"Gjermania ngre alarmin: - Nj\u00eb variant i ri \u201cVrases absolut\u201d i Covid-19 rrezikon popullat\u00ebn e bot\u00ebs! - 18.04.22 Nd\u00ebrsa numri i infektimeve me virusin korona n\u00eb Gjermani vazhdon t\u00eb bjer\u00eb \u2013 Ministri federal i Sh\u00ebndet\u00ebsis\u00eb paralajm\u00ebron p\u00ebr mutacione t\u00eb reja tejet t\u00eb rrezikshme. Ministri federal i Sh\u00ebndet\u00ebsis\u00eb, Karl Lauterbach tha\u2026","rel":"","context":"In &quot;Blogu i Udh\u00ebtarit&quot;","block_context":{"text":"Blogu i Udh\u00ebtarit","link":"https:\/\/www.shqiperia.com\/blog\/category\/blogu-i-udhetarit\/"},"img":{"alt_text":"","src":"https:\/\/i0.wp.com\/www.shqiperia.com\/blog\/wp-content\/uploads\/2022\/04\/Nje-variant-i-ri-Vrases-absolut-i-Covid-19-rrezikon-popullaten-e-botes-1.jpg?fit=770%2C390&ssl=1&resize=350%2C200","width":350,"height":200,"srcset":"https:\/\/i0.wp.com\/www.shqiperia.com\/blog\/wp-content\/uploads\/2022\/04\/Nje-variant-i-ri-Vrases-absolut-i-Covid-19-rrezikon-popullaten-e-botes-1.jpg?fit=770%2C390&ssl=1&resize=350%2C200 1x, https:\/\/i0.wp.com\/www.shqiperia.com\/blog\/wp-content\/uploads\/2022\/04\/Nje-variant-i-ri-Vrases-absolut-i-Covid-19-rrezikon-popullaten-e-botes-1.jpg?fit=770%2C390&ssl=1&resize=525%2C300 1.5x, https:\/\/i0.wp.com\/www.shqiperia.com\/blog\/wp-content\/uploads\/2022\/04\/Nje-variant-i-ri-Vrases-absolut-i-Covid-19-rrezikon-popullaten-e-botes-1.jpg?fit=770%2C390&ssl=1&resize=700%2C400 2x"},"classes":[]},{"id":40105,"url":"https:\/\/www.shqiperia.com\/blog\/vala-e-dyte-e-pandemise-se-koronavirusit-pushton-evropen\/","url_meta":{"origin":45641,"position":3},"title":"Vala e dyt\u00eb e pandemis\u00eb s\u00eb koronavirusit pushton Evrop\u00ebn","author":"Kurt Farka","date":"October 25, 2020","format":false,"excerpt":"Vala e dyt\u00eb e pandemis\u00eb s\u00eb koronavirusit pushton Evrop\u00ebn 25 TETOR 2020 N\u00eb Gjermani po rriten tej mase infektimet, kurse \u00c7ekia, Belgjika dhe Holanda jan\u00eb kthyer nd\u00ebrkoh\u00eb n\u00eb vatra t\u00eb rrezikshme t\u00eb pandemis\u00eb. Nj\u00eb v\u00ebshtrim mbi p\u00ebrhapjen me shpejt\u00ebsi t\u00eb virusit kudo n\u00eb Europ\u00eb. N\u00eb fillim ishte kancelarja Merkel q\u00eb\u2026","rel":"","context":"In &quot;Blogu i Udh\u00ebtarit&quot;","block_context":{"text":"Blogu i Udh\u00ebtarit","link":"https:\/\/www.shqiperia.com\/blog\/category\/blogu-i-udhetarit\/"},"img":{"alt_text":"","src":"https:\/\/i0.wp.com\/www.shqiperia.com\/blog\/wp-content\/uploads\/2020\/10\/640-0-5f952d4e62719.png?fit=640%2C376&ssl=1&resize=350%2C200","width":350,"height":200,"srcset":"https:\/\/i0.wp.com\/www.shqiperia.com\/blog\/wp-content\/uploads\/2020\/10\/640-0-5f952d4e62719.png?fit=640%2C376&ssl=1&resize=350%2C200 1x, https:\/\/i0.wp.com\/www.shqiperia.com\/blog\/wp-content\/uploads\/2020\/10\/640-0-5f952d4e62719.png?fit=640%2C376&ssl=1&resize=525%2C300 1.5x"},"classes":[]},{"id":18928,"url":"https:\/\/www.shqiperia.com\/blog\/neser-ndryshon-ora-zgjatet-dita-por-me-pak-gjume\/","url_meta":{"origin":45641,"position":4},"title":"Nes\u00ebr ndryshon ora, zgjatet dita, por m\u00eb pak gjum\u00eb. &#8211;","author":"Kurt Farka","date":"March 30, 2019","format":false,"excerpt":"Nes\u00ebr ndryshon ora, zgjatet dita, por m\u00eb pak gjum\u00eb. - Nes\u00ebr ndryshon ora. N\u00eb or\u00ebn 2:00 t\u00eb m\u00ebngjesit akrepat do t\u00eb shkojn\u00eb direkt n\u00eb or\u00ebn 3:00. Kjo do t\u00eb thot\u00eb se do t\u00eb flini m\u00eb pak gjum\u00eb, nd\u00ebrkoh\u00eb q\u00eb dita do t\u00eb zgjatet. Shum\u00eb njer\u00ebz do ndjehen mir\u00eb, pasi dita\u2026","rel":"","context":"In &quot;Njoftime Shtypi&quot;","block_context":{"text":"Njoftime Shtypi","link":"https:\/\/www.shqiperia.com\/blog\/category\/njoftime-shtypi\/"},"img":{"alt_text":"","src":"https:\/\/i0.wp.com\/www.shqiperia.com\/blog\/wp-content\/uploads\/2019\/03\/1553930072_oraa.jpg?fit=780%2C440&ssl=1&resize=350%2C200","width":350,"height":200,"srcset":"https:\/\/i0.wp.com\/www.shqiperia.com\/blog\/wp-content\/uploads\/2019\/03\/1553930072_oraa.jpg?fit=780%2C440&ssl=1&resize=350%2C200 1x, https:\/\/i0.wp.com\/www.shqiperia.com\/blog\/wp-content\/uploads\/2019\/03\/1553930072_oraa.jpg?fit=780%2C440&ssl=1&resize=525%2C300 1.5x, https:\/\/i0.wp.com\/www.shqiperia.com\/blog\/wp-content\/uploads\/2019\/03\/1553930072_oraa.jpg?fit=780%2C440&ssl=1&resize=700%2C400 2x"},"classes":[]},{"id":39130,"url":"https:\/\/www.shqiperia.com\/blog\/shqiperia-ne-valen-e-dyte-te-pandemise-euronews-tregon-dhe-nje-arsye-pse-shifrat-e-infektimeve-jane-kaq-te-larta\/","url_meta":{"origin":45641,"position":5},"title":"\u201cShqip\u00ebria n\u00eb val\u00ebn e dyt\u00eb t\u00eb pandemis\u00eb\u201d, Euronews tregon dhe nj\u00eb arsye pse shifrat e infektimeve jan\u00eb kaq t\u00eb larta","author":"Kurt Farka","date":"October 1, 2020","format":false,"excerpt":"\u201cShqip\u00ebria n\u00eb val\u00ebn e dyt\u00eb t\u00eb pandemis\u00eb\u201d, Euronews tregon dhe nj\u00eb arsye pse shifrat e infektimeve jan\u00eb kaq t\u00eb larta 1 tetor 2020 Shtetet n\u00eb t\u00eb gjith\u00eb Evrop\u00ebn po shohin nj\u00eb rishp\u00ebrthim t\u00eb rasteve t\u00eb infeksioneve me COVID-19 pasi e ngadal\u00ebsuan me sukses val\u00ebn e par\u00eb n\u00eb Euronews\u00a0p\u00ebrfshin dhe vendin\u2026","rel":"","context":"In &quot;Blogu i Udh\u00ebtarit&quot;","block_context":{"text":"Blogu i Udh\u00ebtarit","link":"https:\/\/www.shqiperia.com\/blog\/category\/blogu-i-udhetarit\/"},"img":{"alt_text":"","src":"https:\/\/i0.wp.com\/www.shqiperia.com\/blog\/wp-content\/uploads\/2020\/10\/773x435_cmsv2_4fa7af26-0455-5e6e-92ab-5050144db277-4852246.jpg?fit=773%2C407&ssl=1&resize=350%2C200","width":350,"height":200,"srcset":"https:\/\/i0.wp.com\/www.shqiperia.com\/blog\/wp-content\/uploads\/2020\/10\/773x435_cmsv2_4fa7af26-0455-5e6e-92ab-5050144db277-4852246.jpg?fit=773%2C407&ssl=1&resize=350%2C200 1x, https:\/\/i0.wp.com\/www.shqiperia.com\/blog\/wp-content\/uploads\/2020\/10\/773x435_cmsv2_4fa7af26-0455-5e6e-92ab-5050144db277-4852246.jpg?fit=773%2C407&ssl=1&resize=525%2C300 1.5x, https:\/\/i0.wp.com\/www.shqiperia.com\/blog\/wp-content\/uploads\/2020\/10\/773x435_cmsv2_4fa7af26-0455-5e6e-92ab-5050144db277-4852246.jpg?fit=773%2C407&ssl=1&resize=700%2C400 2x"},"classes":[]}],"_links":{"self":[{"href":"https:\/\/www.shqiperia.com\/blog\/wp-json\/wp\/v2\/posts\/45641","targetHints":{"allow":["GET"]}}],"collection":[{"href":"https:\/\/www.shqiperia.com\/blog\/wp-json\/wp\/v2\/posts"}],"about":[{"href":"https:\/\/www.shqiperia.com\/blog\/wp-json\/wp\/v2\/types\/post"}],"author":[{"embeddable":true,"href":"https:\/\/www.shqiperia.com\/blog\/wp-json\/wp\/v2\/users\/9"}],"replies":[{"embeddable":true,"href":"https:\/\/www.shqiperia.com\/blog\/wp-json\/wp\/v2\/comments?post=45641"}],"version-history":[{"count":1,"href":"https:\/\/www.shqiperia.com\/blog\/wp-json\/wp\/v2\/posts\/45641\/revisions"}],"predecessor-version":[{"id":45643,"href":"https:\/\/www.shqiperia.com\/blog\/wp-json\/wp\/v2\/posts\/45641\/revisions\/45643"}],"wp:featuredmedia":[{"embeddable":true,"href":"https:\/\/www.shqiperia.com\/blog\/wp-json\/wp\/v2\/media\/45642"}],"wp:attachment":[{"href":"https:\/\/www.shqiperia.com\/blog\/wp-json\/wp\/v2\/media?parent=45641"}],"wp:term":[{"taxonomy":"category","embeddable":true,"href":"https:\/\/www.shqiperia.com\/blog\/wp-json\/wp\/v2\/categories?post=45641"},{"taxonomy":"post_tag","embeddable":true,"href":"https:\/\/www.shqiperia.com\/blog\/wp-json\/wp\/v2\/tags?post=45641"}],"curies":[{"name":"wp","href":"https:\/\/api.w.org\/{rel}","templated":true}]}}