{"id":45634,"date":"2021-03-23T10:45:09","date_gmt":"2021-03-23T10:45:09","guid":{"rendered":"https:\/\/www.shqiperia.com\/blog\/?p=45634"},"modified":"2021-03-23T10:45:09","modified_gmt":"2021-03-23T10:45:09","slug":"kqz-zbulon-modelet-e-propozuara-per-flete-votimi-per-25-prillin-tre-shume-te-veshtira-per-tu-orientuar-njera-e-thjeshte-dhe-e-vogel-cila-do-te-zgjidhet","status":"publish","type":"post","link":"https:\/\/www.shqiperia.com\/blog\/kqz-zbulon-modelet-e-propozuara-per-flete-votimi-per-25-prillin-tre-shume-te-veshtira-per-tu-orientuar-njera-e-thjeshte-dhe-e-vogel-cila-do-te-zgjidhet\/","title":{"rendered":"KQZ zbulon modelet e propozuara p\u00ebr \u201cflet\u00eb votimi\u201d p\u00ebr 25 prillin. Tre shum\u00eb t\u00eb v\u00ebshtira p\u00ebr t\u2019u orientuar, nj\u00ebra e thjesht\u00eb dhe e vog\u00ebl, cila do t\u00eb zgjidhet?"},"content":{"rendered":"<p><img data-recalc-dims=\"1\" loading=\"lazy\" decoding=\"async\" data-attachment-id=\"45635\" data-permalink=\"https:\/\/www.shqiperia.com\/blog\/kqz-zbulon-modelet-e-propozuara-per-flete-votimi-per-25-prillin-tre-shume-te-veshtira-per-tu-orientuar-njera-e-thjeshte-dhe-e-vogel-cila-do-te-zgjidhet\/unnamed-50\/\" data-orig-file=\"https:\/\/i0.wp.com\/www.shqiperia.com\/blog\/wp-content\/uploads\/2021\/03\/unnamed-4.jpg?fit=512%2C255&amp;ssl=1\" data-orig-size=\"512,255\" data-comments-opened=\"1\" data-image-meta=\"{&quot;aperture&quot;:&quot;0&quot;,&quot;credit&quot;:&quot;&quot;,&quot;camera&quot;:&quot;&quot;,&quot;caption&quot;:&quot;&quot;,&quot;created_timestamp&quot;:&quot;0&quot;,&quot;copyright&quot;:&quot;&quot;,&quot;focal_length&quot;:&quot;0&quot;,&quot;iso&quot;:&quot;0&quot;,&quot;shutter_speed&quot;:&quot;0&quot;,&quot;title&quot;:&quot;&quot;,&quot;orientation&quot;:&quot;0&quot;}\" data-image-title=\"unnamed\" data-image-description=\"\" data-image-caption=\"\" data-medium-file=\"https:\/\/i0.wp.com\/www.shqiperia.com\/blog\/wp-content\/uploads\/2021\/03\/unnamed-4.jpg?fit=300%2C149&amp;ssl=1\" data-large-file=\"https:\/\/i0.wp.com\/www.shqiperia.com\/blog\/wp-content\/uploads\/2021\/03\/unnamed-4.jpg?fit=512%2C255&amp;ssl=1\" class=\"alignnone  wp-image-45635\" alt=\"\" src=\"https:\/\/i0.wp.com\/www.shqiperia.com\/blog\/wp-content\/uploads\/2021\/03\/unnamed-4.jpg?resize=513%2C255&#038;ssl=1\" width=\"513\" height=\"255\" srcset=\"https:\/\/i0.wp.com\/www.shqiperia.com\/blog\/wp-content\/uploads\/2021\/03\/unnamed-4.jpg?resize=300%2C149&amp;ssl=1 300w, https:\/\/i0.wp.com\/www.shqiperia.com\/blog\/wp-content\/uploads\/2021\/03\/unnamed-4.jpg?resize=450%2C224&amp;ssl=1 450w, https:\/\/i0.wp.com\/www.shqiperia.com\/blog\/wp-content\/uploads\/2021\/03\/unnamed-4.jpg?resize=400%2C199&amp;ssl=1 400w, https:\/\/i0.wp.com\/www.shqiperia.com\/blog\/wp-content\/uploads\/2021\/03\/unnamed-4.jpg?w=512&amp;ssl=1 512w\" sizes=\"auto, (max-width: 513px) 100vw, 513px\" \/><\/p>\n<p>KQZ zbulon modelet e propozuara p\u00ebr \u201cflet\u00eb votimi\u201d p\u00ebr 25 prillin. Tre shum\u00eb t\u00eb v\u00ebshtira p\u00ebr t\u2019u orientuar, nj\u00ebra e thjesht\u00eb dhe e vog\u00ebl, cila do t\u00eb zgjidhet?<\/p>\n<p>22 Mars \u00a02021<\/p>\n<p>Komisioni Qendror i Zgjedhjeve ka publikuar kat\u00ebr variantet q\u00eb po diskutohen p\u00ebr t\u00eb qen\u00eb fleta e votimit n\u00eb t\u00eb cil\u00ebn me 25 prill shqiptar\u00ebt do t\u00eb zgjedhin p\u00ebrfaq\u00ebsuesit e sovranit.<\/p>\n<p>Bie n\u00eb sy se tre prej tyre jan\u00eb shum\u00eb t\u00eb m\u00ebdha dhe t\u00eb komplikuara, \u00e7ka do t\u00eb thot\u00eb se votuesit nuk do ta ken\u00eb t\u00eb leht\u00eb t\u00eb orientohen.<\/p>\n<p>Ajo q\u00eb \u00ebsht\u00ebp edhe m\u00eb e thjeshta ka m\u00eb shum\u00eb gjasa q\u00eb t\u00eb zgjidhet nga an\u00ebtar\u00ebt e KQZ pasi thjesht\u00ebsia \u00ebsht\u00eb kriteri kryesor i vendosur edhe nga KQZ por edhe nga vet\u00eb partit\u00eb politike.<\/p>\n<p>Menj\u00ebher\u00eb pas miratimit t\u00eb listave shum\u00ebem\u00ebrore t\u00eb secil\u00ebs parti, t\u00eb gjith\u00eb kandidat\u00ebt po prezantohen me num\u00ebr rendor, \u00e7ka p\u00ebrkon edhe me modelin e flet\u00ebs s\u00eb votimit t\u00eb propozuar nga KQZ.<\/p>\n<p><img data-recalc-dims=\"1\" loading=\"lazy\" decoding=\"async\" data-attachment-id=\"45636\" data-permalink=\"https:\/\/www.shqiperia.com\/blog\/kqz-zbulon-modelet-e-propozuara-per-flete-votimi-per-25-prillin-tre-shume-te-veshtira-per-tu-orientuar-njera-e-thjeshte-dhe-e-vogel-cila-do-te-zgjidhet\/aaaaa-1-300x149\/\" data-orig-file=\"https:\/\/i0.wp.com\/www.shqiperia.com\/blog\/wp-content\/uploads\/2021\/03\/aaaaa-1-300x149-1.jpg?fit=300%2C149&amp;ssl=1\" data-orig-size=\"300,149\" data-comments-opened=\"1\" data-image-meta=\"{&quot;aperture&quot;:&quot;0&quot;,&quot;credit&quot;:&quot;&quot;,&quot;camera&quot;:&quot;&quot;,&quot;caption&quot;:&quot;&quot;,&quot;created_timestamp&quot;:&quot;0&quot;,&quot;copyright&quot;:&quot;&quot;,&quot;focal_length&quot;:&quot;0&quot;,&quot;iso&quot;:&quot;0&quot;,&quot;shutter_speed&quot;:&quot;0&quot;,&quot;title&quot;:&quot;&quot;,&quot;orientation&quot;:&quot;0&quot;}\" data-image-title=\"aaaaa-1-300&#215;149\" data-image-description=\"\" data-image-caption=\"\" data-medium-file=\"https:\/\/i0.wp.com\/www.shqiperia.com\/blog\/wp-content\/uploads\/2021\/03\/aaaaa-1-300x149-1.jpg?fit=300%2C149&amp;ssl=1\" data-large-file=\"https:\/\/i0.wp.com\/www.shqiperia.com\/blog\/wp-content\/uploads\/2021\/03\/aaaaa-1-300x149-1.jpg?fit=300%2C149&amp;ssl=1\" class=\"alignnone  wp-image-45636\" alt=\"\" src=\"https:\/\/i0.wp.com\/www.shqiperia.com\/blog\/wp-content\/uploads\/2021\/03\/aaaaa-1-300x149-1.jpg?resize=505%2C251&#038;ssl=1\" width=\"505\" height=\"251\" \/> <img data-recalc-dims=\"1\" loading=\"lazy\" decoding=\"async\" data-attachment-id=\"45637\" data-permalink=\"https:\/\/www.shqiperia.com\/blog\/kqz-zbulon-modelet-e-propozuara-per-flete-votimi-per-25-prillin-tre-shume-te-veshtira-per-tu-orientuar-njera-e-thjeshte-dhe-e-vogel-cila-do-te-zgjidhet\/whatsapp-image-2021-03-22-at-21-02-39-212x300\/\" data-orig-file=\"https:\/\/i0.wp.com\/www.shqiperia.com\/blog\/wp-content\/uploads\/2021\/03\/WhatsApp-Image-2021-03-22-at-21.02.39-212x300-1.jpeg?fit=212%2C300&amp;ssl=1\" data-orig-size=\"212,300\" data-comments-opened=\"1\" data-image-meta=\"{&quot;aperture&quot;:&quot;0&quot;,&quot;credit&quot;:&quot;&quot;,&quot;camera&quot;:&quot;&quot;,&quot;caption&quot;:&quot;&quot;,&quot;created_timestamp&quot;:&quot;0&quot;,&quot;copyright&quot;:&quot;&quot;,&quot;focal_length&quot;:&quot;0&quot;,&quot;iso&quot;:&quot;0&quot;,&quot;shutter_speed&quot;:&quot;0&quot;,&quot;title&quot;:&quot;&quot;,&quot;orientation&quot;:&quot;0&quot;}\" data-image-title=\"WhatsApp-Image-2021-03-22-at-21.02.39-212&#215;300\" data-image-description=\"\" data-image-caption=\"\" data-medium-file=\"https:\/\/i0.wp.com\/www.shqiperia.com\/blog\/wp-content\/uploads\/2021\/03\/WhatsApp-Image-2021-03-22-at-21.02.39-212x300-1.jpeg?fit=212%2C300&amp;ssl=1\" data-large-file=\"https:\/\/i0.wp.com\/www.shqiperia.com\/blog\/wp-content\/uploads\/2021\/03\/WhatsApp-Image-2021-03-22-at-21.02.39-212x300-1.jpeg?fit=212%2C300&amp;ssl=1\" class=\"alignnone  wp-image-45637\" alt=\"\" src=\"https:\/\/i0.wp.com\/www.shqiperia.com\/blog\/wp-content\/uploads\/2021\/03\/WhatsApp-Image-2021-03-22-at-21.02.39-212x300-1.jpeg?resize=446%2C631&#038;ssl=1\" width=\"446\" height=\"631\" \/> <img data-recalc-dims=\"1\" loading=\"lazy\" decoding=\"async\" data-attachment-id=\"45638\" data-permalink=\"https:\/\/www.shqiperia.com\/blog\/kqz-zbulon-modelet-e-propozuara-per-flete-votimi-per-25-prillin-tre-shume-te-veshtira-per-tu-orientuar-njera-e-thjeshte-dhe-e-vogel-cila-do-te-zgjidhet\/whatsapp-image-2021-03-22-at-21-02-40-149x300\/\" data-orig-file=\"https:\/\/i0.wp.com\/www.shqiperia.com\/blog\/wp-content\/uploads\/2021\/03\/WhatsApp-Image-2021-03-22-at-21.02.40-149x300-1.jpeg?fit=149%2C300&amp;ssl=1\" data-orig-size=\"149,300\" data-comments-opened=\"1\" data-image-meta=\"{&quot;aperture&quot;:&quot;0&quot;,&quot;credit&quot;:&quot;&quot;,&quot;camera&quot;:&quot;&quot;,&quot;caption&quot;:&quot;&quot;,&quot;created_timestamp&quot;:&quot;0&quot;,&quot;copyright&quot;:&quot;&quot;,&quot;focal_length&quot;:&quot;0&quot;,&quot;iso&quot;:&quot;0&quot;,&quot;shutter_speed&quot;:&quot;0&quot;,&quot;title&quot;:&quot;&quot;,&quot;orientation&quot;:&quot;0&quot;}\" data-image-title=\"WhatsApp-Image-2021-03-22-at-21.02.40-149&#215;300\" data-image-description=\"\" data-image-caption=\"\" data-medium-file=\"https:\/\/i0.wp.com\/www.shqiperia.com\/blog\/wp-content\/uploads\/2021\/03\/WhatsApp-Image-2021-03-22-at-21.02.40-149x300-1.jpeg?fit=149%2C300&amp;ssl=1\" data-large-file=\"https:\/\/i0.wp.com\/www.shqiperia.com\/blog\/wp-content\/uploads\/2021\/03\/WhatsApp-Image-2021-03-22-at-21.02.40-149x300-1.jpeg?fit=149%2C300&amp;ssl=1\" class=\"alignnone  wp-image-45638\" alt=\"\" src=\"https:\/\/i0.wp.com\/www.shqiperia.com\/blog\/wp-content\/uploads\/2021\/03\/WhatsApp-Image-2021-03-22-at-21.02.40-149x300-1.jpeg?resize=330%2C664&#038;ssl=1\" width=\"330\" height=\"664\" \/> <img data-recalc-dims=\"1\" loading=\"lazy\" decoding=\"async\" data-attachment-id=\"45639\" data-permalink=\"https:\/\/www.shqiperia.com\/blog\/kqz-zbulon-modelet-e-propozuara-per-flete-votimi-per-25-prillin-tre-shume-te-veshtira-per-tu-orientuar-njera-e-thjeshte-dhe-e-vogel-cila-do-te-zgjidhet\/whatsapp-image-2021-03-22-at-21-02-41-300x149\/\" data-orig-file=\"https:\/\/i0.wp.com\/www.shqiperia.com\/blog\/wp-content\/uploads\/2021\/03\/WhatsApp-Image-2021-03-22-at-21.02.41-300x149-1.jpeg?fit=300%2C149&amp;ssl=1\" data-orig-size=\"300,149\" data-comments-opened=\"1\" data-image-meta=\"{&quot;aperture&quot;:&quot;0&quot;,&quot;credit&quot;:&quot;&quot;,&quot;camera&quot;:&quot;&quot;,&quot;caption&quot;:&quot;&quot;,&quot;created_timestamp&quot;:&quot;0&quot;,&quot;copyright&quot;:&quot;&quot;,&quot;focal_length&quot;:&quot;0&quot;,&quot;iso&quot;:&quot;0&quot;,&quot;shutter_speed&quot;:&quot;0&quot;,&quot;title&quot;:&quot;&quot;,&quot;orientation&quot;:&quot;0&quot;}\" data-image-title=\"WhatsApp-Image-2021-03-22-at-21.02.41-300&#215;149\" data-image-description=\"\" data-image-caption=\"\" data-medium-file=\"https:\/\/i0.wp.com\/www.shqiperia.com\/blog\/wp-content\/uploads\/2021\/03\/WhatsApp-Image-2021-03-22-at-21.02.41-300x149-1.jpeg?fit=300%2C149&amp;ssl=1\" data-large-file=\"https:\/\/i0.wp.com\/www.shqiperia.com\/blog\/wp-content\/uploads\/2021\/03\/WhatsApp-Image-2021-03-22-at-21.02.41-300x149-1.jpeg?fit=300%2C149&amp;ssl=1\" class=\"alignnone  wp-image-45639\" alt=\"\" src=\"https:\/\/i0.wp.com\/www.shqiperia.com\/blog\/wp-content\/uploads\/2021\/03\/WhatsApp-Image-2021-03-22-at-21.02.41-300x149-1.jpeg?resize=654%2C325&#038;ssl=1\" width=\"654\" height=\"325\" \/><\/p>\n<p>Gazeta Dita<\/p>\n","protected":false},"excerpt":{"rendered":"<p>KQZ zbulon modelet e propozuara p\u00ebr \u201cflet\u00eb votimi\u201d p\u00ebr 25 prillin. Tre shum\u00eb t\u00eb v\u00ebshtira p\u00ebr t\u2019u orientuar, nj\u00ebra e thjesht\u00eb dhe e vog\u00ebl, cila do t\u00eb zgjidhet? 22 Mars \u00a02021 Komisioni Qendror i Zgjedhjeve ka publikuar kat\u00ebr variantet q\u00eb po diskutohen p\u00ebr t\u00eb qen\u00eb fleta e votimit n\u00eb t\u00eb cil\u00ebn me 25 prill shqiptar\u00ebt [&hellip;]<\/p>\n","protected":false},"author":9,"featured_media":45635,"comment_status":"open","ping_status":"open","sticky":false,"template":"","format":"standard","meta":{"jetpack_post_was_ever_published":false,"_jetpack_newsletter_access":"","_jetpack_dont_email_post_to_subs":false,"_jetpack_newsletter_tier_id":0,"_jetpack_memberships_contains_paywalled_content":false,"_jetpack_memberships_contains_paid_content":false,"footnotes":"","jetpack_publicize_message":"","jetpack_publicize_feature_enabled":true,"jetpack_social_post_already_shared":true,"jetpack_social_options":{"image_generator_settings":{"template":"highway","default_image_id":0,"font":"","enabled":false},"version":2}},"categories":[27,2],"tags":[],"class_list":["post-45634","post","type-post","status-publish","format-standard","has-post-thumbnail","hentry","category-blogu-i-udhetarit","category-politika"],"jetpack_publicize_connections":[],"jetpack_featured_media_url":"https:\/\/i0.wp.com\/www.shqiperia.com\/blog\/wp-content\/uploads\/2021\/03\/unnamed-4.jpg?fit=512%2C255&ssl=1","jetpack_sharing_enabled":true,"jetpack_shortlink":"https:\/\/wp.me\/p5Z6wp-bS2","jetpack-related-posts":[{"id":22874,"url":"https:\/\/www.shqiperia.com\/blog\/18-20-apo-22-a-duhet-ti-besojme-kqz-se-disa-shifra-nga-isp\/","url_meta":{"origin":45634,"position":0},"title":"18 %, 20 % apo 22 %? A duhet t\u2019i besojm\u00eb KQZ-s\u00eb? Disa shifra nga ISP. &#8211;","author":"Kurt Farka","date":"July 7, 2019","format":false,"excerpt":"18 %, 20 % apo 22 %? A duhet t\u2019i besojm\u00eb KQZ-s\u00eb? Disa shifra nga ISP. - 6 korrik 2019 15:58 Zgjedhjet e 30 qershorit p\u00ebrpos faktit t\u00eb bojkotit nga opozita po karakterizohen edhe nga debati i nivelit t\u00eb pjes\u00ebmarrjes n\u00eb votimeve dhe n\u00eb deklarimin e shifrave t\u00eb dyshimta nga\u2026","rel":"","context":"In &quot;Blogu i Udh\u00ebtarit&quot;","block_context":{"text":"Blogu i Udh\u00ebtarit","link":"https:\/\/www.shqiperia.com\/blog\/category\/blogu-i-udhetarit\/"},"img":{"alt_text":"","src":"https:\/\/i0.wp.com\/www.shqiperia.com\/blog\/wp-content\/uploads\/2019\/07\/Tabela-e-votave-ne-KQZ.png?fit=906%2C484&ssl=1&resize=350%2C200","width":350,"height":200,"srcset":"https:\/\/i0.wp.com\/www.shqiperia.com\/blog\/wp-content\/uploads\/2019\/07\/Tabela-e-votave-ne-KQZ.png?fit=906%2C484&ssl=1&resize=350%2C200 1x, https:\/\/i0.wp.com\/www.shqiperia.com\/blog\/wp-content\/uploads\/2019\/07\/Tabela-e-votave-ne-KQZ.png?fit=906%2C484&ssl=1&resize=525%2C300 1.5x, https:\/\/i0.wp.com\/www.shqiperia.com\/blog\/wp-content\/uploads\/2019\/07\/Tabela-e-votave-ne-KQZ.png?fit=906%2C484&ssl=1&resize=700%2C400 2x"},"classes":[]},{"id":38748,"url":"https:\/\/www.shqiperia.com\/blog\/gjiknuri-zbulon-propozimin-e-ps-ja-si-do-te-jete-fleta-e-votimit-e-ben-procesin-me-te-thjeshte\/","url_meta":{"origin":45634,"position":1},"title":"Gjiknuri zbulon propozimin e PS: &#8211; Ja si do t\u00eb jet\u00eb fleta e votimit. \u201cE b\u00ebn procesin m\u00eb t\u00eb thjesht\u00eb\u201d","author":"Kurt Farka","date":"September 21, 2020","format":false,"excerpt":"Gjiknuri zbulon propozimin e PS: - Ja si do t\u00eb jet\u00eb fleta e votimit. \u201cE b\u00ebn procesin m\u00eb t\u00eb thjesht\u00eb\u201d 21 SHTATOR 2020 Socialisti Damian Gjiknuri ka zbuluar se \u00ebsht\u00eb propozuar q\u00eb t\u00eb jet\u00eb vet\u00ebm nj\u00eb flet\u00eb votimi p\u00ebr zgjedhjet e 25 Prillit. N\u00eb k\u00ebt\u00eb flet\u00eb qytetari mund t\u00eb zgjedh\u00eb\u2026","rel":"","context":"In &quot;Blogu i Udh\u00ebtarit&quot;","block_context":{"text":"Blogu i Udh\u00ebtarit","link":"https:\/\/www.shqiperia.com\/blog\/category\/blogu-i-udhetarit\/"},"img":{"alt_text":"","src":"https:\/\/i0.wp.com\/www.shqiperia.com\/blog\/wp-content\/uploads\/2020\/09\/gjiknuri.jpg?fit=634%2C340&ssl=1&resize=350%2C200","width":350,"height":200,"srcset":"https:\/\/i0.wp.com\/www.shqiperia.com\/blog\/wp-content\/uploads\/2020\/09\/gjiknuri.jpg?fit=634%2C340&ssl=1&resize=350%2C200 1x, https:\/\/i0.wp.com\/www.shqiperia.com\/blog\/wp-content\/uploads\/2020\/09\/gjiknuri.jpg?fit=634%2C340&ssl=1&resize=525%2C300 1.5x"},"classes":[]},{"id":35762,"url":"https:\/\/www.shqiperia.com\/blog\/bllokohet-reforma-zgjedhore-prishet-pakti-pd-pd-nuk-ka-dakordesi-per-komisionet-zgjedhore\/","url_meta":{"origin":45634,"position":2},"title":"Bllokohet reforma zgjedhore, prishet pakti PD-PD, nuk ka dakord\u00ebsi p\u00ebr komisionet zgjedhore","author":"Kurt Farka","date":"June 16, 2020","format":false,"excerpt":"Bllokohet reforma zgjedhore, prishet pakti PD-PD, nuk ka dakord\u00ebsi p\u00ebr komisionet zgjedhore 16 qershor 2020 Takimi i sotem i Keshillit Politik ka perfunduar me nje krisje mes paleve ne lidhje me dakordesine e arritur me qellim finalizimin e reformes Zgjedhore. Mesohet se perplasja ka ndodhur per shkak te formules se\u2026","rel":"","context":"In &quot;Blogu i Udh\u00ebtarit&quot;","block_context":{"text":"Blogu i Udh\u00ebtarit","link":"https:\/\/www.shqiperia.com\/blog\/category\/blogu-i-udhetarit\/"},"img":{"alt_text":"","src":"https:\/\/i0.wp.com\/www.shqiperia.com\/blog\/wp-content\/uploads\/2020\/06\/Reforma-zgjedhore.jpg?fit=507%2C277&ssl=1&resize=350%2C200","width":350,"height":200},"classes":[]},{"id":60661,"url":"https:\/\/www.shqiperia.com\/blog\/regjistrimi-i-emigranteve-per-votime-eksperti-zgjedhor-e-paqarte-procedura-kqz-smund-ta-realizoje-e-vetme-votimin-pa-dakordesine-politike\/","url_meta":{"origin":45634,"position":3},"title":"Regjistrimi i emigrant\u00ebve per votime, eksperti zgjedhor: &#8211; E paqart\u00eb procedura. &#8211; KQZ s\u2019mund ta realizoj\u00eb e vetme votimin pa dakord\u00ebsin\u00eb politike","author":"Kurt Farka","date":"August 4, 2022","format":false,"excerpt":"4 Gusht 2022 Nga: MARIGLEN KUME Projektvendimi i p\u00ebrgatitur nga Komisioneri Shtet\u00ebror i Zgjedhjeve, Ilirjan Celibashi, p\u00ebr procedur\u00ebn e regjistrimit si votues jasht\u00eb vendit, sipas ekspertit zgjedhor Kristaq Kume, \u00ebsht\u00eb nj\u00eb hap i mir\u00eb, por q\u00eb ka nevoj\u00eb p\u00ebr disa pjes\u00eb t\u00eb tjera t\u00eb paz\u00ebllit q\u00eb t\u00eb finalizohet. N\u00eb nj\u00eb\u2026","rel":"","context":"In &quot;Blogu i Udh\u00ebtarit&quot;","block_context":{"text":"Blogu i Udh\u00ebtarit","link":"https:\/\/www.shqiperia.com\/blog\/category\/blogu-i-udhetarit\/"},"img":{"alt_text":"","src":"https:\/\/i0.wp.com\/www.shqiperia.com\/blog\/wp-content\/uploads\/2022\/08\/Kristaq-Kume.jpg?fit=1200%2C630&ssl=1&resize=350%2C200","width":350,"height":200,"srcset":"https:\/\/i0.wp.com\/www.shqiperia.com\/blog\/wp-content\/uploads\/2022\/08\/Kristaq-Kume.jpg?fit=1200%2C630&ssl=1&resize=350%2C200 1x, https:\/\/i0.wp.com\/www.shqiperia.com\/blog\/wp-content\/uploads\/2022\/08\/Kristaq-Kume.jpg?fit=1200%2C630&ssl=1&resize=525%2C300 1.5x, https:\/\/i0.wp.com\/www.shqiperia.com\/blog\/wp-content\/uploads\/2022\/08\/Kristaq-Kume.jpg?fit=1200%2C630&ssl=1&resize=700%2C400 2x, https:\/\/i0.wp.com\/www.shqiperia.com\/blog\/wp-content\/uploads\/2022\/08\/Kristaq-Kume.jpg?fit=1200%2C630&ssl=1&resize=1050%2C600 3x"},"classes":[]},{"id":47452,"url":"https:\/\/www.shqiperia.com\/blog\/ylli-manjani-tregon-qarkun-qe-mund-te-sjelle-surpriza-nese-rinumerohen-votat-ja-pse-ne-gjirokaster-nuk-ja-vlen-te-hysh-ne-kete-procedure\/","url_meta":{"origin":45634,"position":4},"title":"Ylli Manjani tregon qarkun q\u00eb mund t\u00eb sjell\u00eb SURPRIZA n\u00ebse rinum\u00ebrohen votat: &#8211; Ja pse n\u00eb Gjirokast\u00ebr nuk ja vlen t\u00eb hysh n\u00eb k\u00ebt\u00eb procedur\u00eb","author":"Kurt Farka","date":"May 13, 2021","format":false,"excerpt":"Ylli Manjani tregon qarkun q\u00eb mund t\u00eb sjell\u00eb SURPRIZA n\u00ebse rinum\u00ebrohen votat: - Ja pse n\u00eb Gjirokast\u00ebr nuk ja vlen t\u00eb hysh n\u00eb k\u00ebt\u00eb procedur\u00eb 13 MAJ 2021 Ish-ministri i Drejt\u00ebsis\u00eb Ylli Manjani thot\u00eb se rinum\u00ebrimi \u00ebsht\u00eb instrument q\u00eb e p\u00ebrdor KQZ p\u00ebr t\u00eb kuptuar a \u00ebsht\u00eb vler\u00ebsuar drejt rezultati\u2026","rel":"","context":"In &quot;Blogu i Udh\u00ebtarit&quot;","block_context":{"text":"Blogu i Udh\u00ebtarit","link":"https:\/\/www.shqiperia.com\/blog\/category\/blogu-i-udhetarit\/"},"img":{"alt_text":"","src":"https:\/\/i0.wp.com\/www.shqiperia.com\/blog\/wp-content\/uploads\/2021\/05\/Ylli-Manjani-1.jpg?fit=800%2C480&ssl=1&resize=350%2C200","width":350,"height":200,"srcset":"https:\/\/i0.wp.com\/www.shqiperia.com\/blog\/wp-content\/uploads\/2021\/05\/Ylli-Manjani-1.jpg?fit=800%2C480&ssl=1&resize=350%2C200 1x, https:\/\/i0.wp.com\/www.shqiperia.com\/blog\/wp-content\/uploads\/2021\/05\/Ylli-Manjani-1.jpg?fit=800%2C480&ssl=1&resize=525%2C300 1.5x, https:\/\/i0.wp.com\/www.shqiperia.com\/blog\/wp-content\/uploads\/2021\/05\/Ylli-Manjani-1.jpg?fit=800%2C480&ssl=1&resize=700%2C400 2x"},"classes":[]},{"id":22696,"url":"https:\/\/www.shqiperia.com\/blog\/me-shume-vota-se-votues-rilindja-manipulon-zgjedhjet-edhe-kur-garon-me-veten\/","url_meta":{"origin":45634,"position":5},"title":"M\u00eb shum\u00eb vota se votues, Rilindja manipulon zgjedhjet edhe kur garon me veten. &#8211;","author":"Kurt Farka","date":"July 2, 2019","format":false,"excerpt":"M\u00eb shum\u00eb vota se votues, Rilindja manipulon zgjedhjet edhe kur garon me veten.\u00a0 1 korrik, 2019 Fill pas votimeve moniste t\u00eb dit\u00ebs s\u00eb djeshme, nuk kan\u00eb t\u00eb ndalur skandalet me procesin \u201czgjedhor\u201d. Fillimisht, ishte KQZ-ja,\u00a0 q\u00eb doli me nj\u00eb deklarat\u00eb p\u00ebr pjes\u00ebmarrjen, n\u00eb or\u00ebt e vona t\u00eb nat\u00ebs, duke shpallur\u2026","rel":"","context":"In &quot;Blogu i Udh\u00ebtarit&quot;","block_context":{"text":"Blogu i Udh\u00ebtarit","link":"https:\/\/www.shqiperia.com\/blog\/category\/blogu-i-udhetarit\/"},"img":{"alt_text":"","src":"https:\/\/i0.wp.com\/www.shqiperia.com\/blog\/wp-content\/uploads\/2019\/07\/Edi-Rama-Copy-3.jpg?fit=573%2C357&ssl=1&resize=350%2C200","width":350,"height":200,"srcset":"https:\/\/i0.wp.com\/www.shqiperia.com\/blog\/wp-content\/uploads\/2019\/07\/Edi-Rama-Copy-3.jpg?fit=573%2C357&ssl=1&resize=350%2C200 1x, https:\/\/i0.wp.com\/www.shqiperia.com\/blog\/wp-content\/uploads\/2019\/07\/Edi-Rama-Copy-3.jpg?fit=573%2C357&ssl=1&resize=525%2C300 1.5x"},"classes":[]}],"_links":{"self":[{"href":"https:\/\/www.shqiperia.com\/blog\/wp-json\/wp\/v2\/posts\/45634","targetHints":{"allow":["GET"]}}],"collection":[{"href":"https:\/\/www.shqiperia.com\/blog\/wp-json\/wp\/v2\/posts"}],"about":[{"href":"https:\/\/www.shqiperia.com\/blog\/wp-json\/wp\/v2\/types\/post"}],"author":[{"embeddable":true,"href":"https:\/\/www.shqiperia.com\/blog\/wp-json\/wp\/v2\/users\/9"}],"replies":[{"embeddable":true,"href":"https:\/\/www.shqiperia.com\/blog\/wp-json\/wp\/v2\/comments?post=45634"}],"version-history":[{"count":1,"href":"https:\/\/www.shqiperia.com\/blog\/wp-json\/wp\/v2\/posts\/45634\/revisions"}],"predecessor-version":[{"id":45640,"href":"https:\/\/www.shqiperia.com\/blog\/wp-json\/wp\/v2\/posts\/45634\/revisions\/45640"}],"wp:featuredmedia":[{"embeddable":true,"href":"https:\/\/www.shqiperia.com\/blog\/wp-json\/wp\/v2\/media\/45635"}],"wp:attachment":[{"href":"https:\/\/www.shqiperia.com\/blog\/wp-json\/wp\/v2\/media?parent=45634"}],"wp:term":[{"taxonomy":"category","embeddable":true,"href":"https:\/\/www.shqiperia.com\/blog\/wp-json\/wp\/v2\/categories?post=45634"},{"taxonomy":"post_tag","embeddable":true,"href":"https:\/\/www.shqiperia.com\/blog\/wp-json\/wp\/v2\/tags?post=45634"}],"curies":[{"name":"wp","href":"https:\/\/api.w.org\/{rel}","templated":true}]}}