{"id":45629,"date":"2021-03-23T00:10:18","date_gmt":"2021-03-23T00:10:18","guid":{"rendered":"https:\/\/www.shqiperia.com\/blog\/?p=45629"},"modified":"2021-03-23T00:10:18","modified_gmt":"2021-03-23T00:10:18","slug":"skandali-shtepia-e-rindertuar-prishet-per-3-muaj-rama-dhe-veliaj-e-inauguruan-ne-26-dhjetor-2020","status":"publish","type":"post","link":"https:\/\/www.shqiperia.com\/blog\/skandali-shtepia-e-rindertuar-prishet-per-3-muaj-rama-dhe-veliaj-e-inauguruan-ne-26-dhjetor-2020\/","title":{"rendered":"Skandali: &#8211; Sht\u00ebpia e rind\u00ebrtuar prishet p\u00ebr 3 muaj, Rama dhe Veliaj e inauguruan n\u00eb 26 dhjetor 2020"},"content":{"rendered":"<p><img data-recalc-dims=\"1\" loading=\"lazy\" decoding=\"async\" data-attachment-id=\"45630\" data-permalink=\"https:\/\/www.shqiperia.com\/blog\/skandali-shtepia-e-rindertuar-prishet-per-3-muaj-rama-dhe-veliaj-e-inauguruan-ne-26-dhjetor-2020\/maxresdefault-63\/\" data-orig-file=\"https:\/\/i0.wp.com\/www.shqiperia.com\/blog\/wp-content\/uploads\/2021\/03\/maxresdefault-2.jpg?fit=1280%2C720&amp;ssl=1\" data-orig-size=\"1280,720\" data-comments-opened=\"1\" data-image-meta=\"{&quot;aperture&quot;:&quot;0&quot;,&quot;credit&quot;:&quot;&quot;,&quot;camera&quot;:&quot;&quot;,&quot;caption&quot;:&quot;&quot;,&quot;created_timestamp&quot;:&quot;0&quot;,&quot;copyright&quot;:&quot;&quot;,&quot;focal_length&quot;:&quot;0&quot;,&quot;iso&quot;:&quot;0&quot;,&quot;shutter_speed&quot;:&quot;0&quot;,&quot;title&quot;:&quot;&quot;,&quot;orientation&quot;:&quot;0&quot;}\" data-image-title=\"maxresdefault\" data-image-description=\"\" data-image-caption=\"\" data-medium-file=\"https:\/\/i0.wp.com\/www.shqiperia.com\/blog\/wp-content\/uploads\/2021\/03\/maxresdefault-2.jpg?fit=300%2C169&amp;ssl=1\" data-large-file=\"https:\/\/i0.wp.com\/www.shqiperia.com\/blog\/wp-content\/uploads\/2021\/03\/maxresdefault-2.jpg?fit=1024%2C576&amp;ssl=1\" class=\"alignnone  wp-image-45630\" alt=\"\" src=\"https:\/\/i0.wp.com\/www.shqiperia.com\/blog\/wp-content\/uploads\/2021\/03\/maxresdefault-2.jpg?resize=582%2C328&#038;ssl=1\" width=\"582\" height=\"328\" srcset=\"https:\/\/i0.wp.com\/www.shqiperia.com\/blog\/wp-content\/uploads\/2021\/03\/maxresdefault-2.jpg?resize=300%2C169&amp;ssl=1 300w, https:\/\/i0.wp.com\/www.shqiperia.com\/blog\/wp-content\/uploads\/2021\/03\/maxresdefault-2.jpg?resize=1024%2C576&amp;ssl=1 1024w, https:\/\/i0.wp.com\/www.shqiperia.com\/blog\/wp-content\/uploads\/2021\/03\/maxresdefault-2.jpg?resize=768%2C432&amp;ssl=1 768w, https:\/\/i0.wp.com\/www.shqiperia.com\/blog\/wp-content\/uploads\/2021\/03\/maxresdefault-2.jpg?resize=450%2C253&amp;ssl=1 450w, https:\/\/i0.wp.com\/www.shqiperia.com\/blog\/wp-content\/uploads\/2021\/03\/maxresdefault-2.jpg?resize=600%2C338&amp;ssl=1 600w, https:\/\/i0.wp.com\/www.shqiperia.com\/blog\/wp-content\/uploads\/2021\/03\/maxresdefault-2.jpg?resize=400%2C225&amp;ssl=1 400w, https:\/\/i0.wp.com\/www.shqiperia.com\/blog\/wp-content\/uploads\/2021\/03\/maxresdefault-2.jpg?w=1280&amp;ssl=1 1280w\" sizes=\"auto, (max-width: 582px) 100vw, 582px\" \/><\/p>\n<p>Skandali: &#8211; Sht\u00ebpia e rind\u00ebrtuar prishet p\u00ebr 3 muaj, Rama dhe Veliaj e inauguruan n\u00eb 26 dhjetor 2020<\/p>\n<p>Nga:\u00a0<strong>Sonila Musai<\/strong><\/p>\n<p>22\/03\/2021<\/p>\n<p><em>Skandal me nd\u00ebrtimet e sht\u00ebpive t\u00eb shkat\u00ebrruara nga t\u00ebrmeti. N\u00eb Fark\u00eb t\u00eb Vog\u00ebl nj\u00eb banes\u00eb e ngritur vet\u00ebm dy muaj m\u00eb par\u00eb \u00ebsht\u00eb shkat\u00ebrruar. Shkall\u00ebt jan\u00eb krisur, dyert jan\u00eb shqyer, nd\u00ebrsa dyshemeja mbulohet nga uji i lag\u00ebshtis\u00eb. Familjar\u00ebt nxjerrin zbuluar gjith\u00eb propagand\u00ebn e kryeministrit Rama dhe kryebashkiakut Veliaj.<\/em><\/p>\n<p>Kjo \u00ebsht\u00eb sht\u00ebpia e Aldie Balit n\u00eb Fark\u00eb t\u00eb Vog\u00ebl t\u00eb Tiran\u00ebs.<\/p>\n<p>Ajo mori \u00e7el\u00ebsat nga kryeministri Rama dhe kryebashkiaku i Tiran\u00ebs, Erion Veliaj, me 26 dhjetor.<\/p>\n<p>N\u00eb k\u00ebt\u00eb inaugurim, kamerat e Bashkis\u00eb p\u00ebr\u00e7uan imazhe mbres\u00ebl\u00ebn\u00ebse p\u00ebr godin\u00ebn e sapond\u00ebrtuar n\u00eb sht\u00ebpin\u00eb q\u00eb familja humbi nga t\u00ebrmeti.<\/p>\n<p>Pa u mbushur ende tre muaj, nd\u00ebrtesa nuk ruan m\u00eb at\u00eb pamje t\u00eb servirur p\u00ebr mediat nga kryebashkiaku i Tiran\u00ebs.<\/p>\n<p>Dyshemeja mbulohet nga lag\u00ebshtia, nd\u00ebrsa shkall\u00ebt jan\u00eb krisur.<\/p>\n<p>Zonja e sht\u00ebpis\u00eb tregon si degradoi sht\u00ebpia n\u00eb kaq pak koh\u00eb.<\/p>\n<p><em>\u201cDuhet t\u00eb ishte mbushur me granil, ka vet\u00ebm mbetje q\u00eb hidhnin nga sovatimi\u201d.<\/em><\/p>\n<p>N\u00eb fakt e keqja tani nisi p\u00ebr familjen Bali.<\/p>\n<p>Zonja Aldie tregon se si muret jan\u00eb mbushur me polisterol, material q\u00eb p\u00ebrdoret p\u00ebr termoizolim.<\/p>\n<p>P\u00ebr rastin \u00ebsht\u00eb ankuar n\u00eb nj\u00ebsin\u00eb administrative.<\/p>\n<p><em>\u201c\u00cbsht\u00eb tulla, buka e peshkut dhe sovatimi.Kam qen\u00eb n\u00eb komun\u00eb dhe i kam then\u00eb administratorit, m\u00eb ka th\u00ebn\u00eb do ta rregullojm\u00eb. Deri sot asgj\u00eb nuk \u00ebsht\u00eb b\u00ebr\u00eb.\u201d<\/em><\/p>\n<p>Imazhet q\u00eb u publikuan nga autoritetet me 26 dhjetor nuk kap\u00ebn k\u00ebt\u00ebhap\u00ebsir\u00eb, e cila \u00ebsht\u00eb l\u00ebn\u00eb e pambaruar nga nd\u00ebrtuesit.<\/p>\n<p>Veliaj n\u00eb inaugurim u tha se familja kishte pamje sodit\u00ebse para sht\u00ebpis\u00eb.<\/p>\n<p>Por k\u00ebta banore nuk kan\u00eb as kanalizime t\u00eb uj\u00ebrave t\u00eb zeza.<\/p>\n<p><em>\u201cDalin uj\u00ebrat atje n\u00eb fund dhe m\u00eb hyjn\u00eb brenda n\u00eb sht\u00ebpi.\u201d<\/em><\/p>\n<p>M\u00eb dramatik \u00ebsht\u00eb fakti se themelet e nd\u00ebrtes\u00ebs nuk japin asnj\u00eb garanci p\u00ebr sigurin\u00eb.<\/p>\n<p>Tani kjo familje ka n\u00eb pron\u00ebsi vet\u00ebm letrat e streh\u00ebs s\u00eb premtuar.<\/p>\n","protected":false},"excerpt":{"rendered":"<p>Skandali: &#8211; Sht\u00ebpia e rind\u00ebrtuar prishet p\u00ebr 3 muaj, Rama dhe Veliaj e inauguruan n\u00eb 26 dhjetor 2020 Nga:\u00a0Sonila Musai 22\/03\/2021 Skandal me nd\u00ebrtimet e sht\u00ebpive t\u00eb shkat\u00ebrruara nga t\u00ebrmeti. N\u00eb Fark\u00eb t\u00eb Vog\u00ebl nj\u00eb banes\u00eb e ngritur vet\u00ebm dy muaj m\u00eb par\u00eb \u00ebsht\u00eb shkat\u00ebrruar. Shkall\u00ebt jan\u00eb krisur, dyert jan\u00eb shqyer, nd\u00ebrsa dyshemeja mbulohet nga [&hellip;]<\/p>\n","protected":false},"author":9,"featured_media":45630,"comment_status":"open","ping_status":"open","sticky":false,"template":"","format":"standard","meta":{"jetpack_post_was_ever_published":false,"_jetpack_newsletter_access":"","_jetpack_dont_email_post_to_subs":false,"_jetpack_newsletter_tier_id":0,"_jetpack_memberships_contains_paywalled_content":false,"_jetpack_memberships_contains_paid_content":false,"footnotes":"","jetpack_publicize_message":"","jetpack_publicize_feature_enabled":true,"jetpack_social_post_already_shared":true,"jetpack_social_options":{"image_generator_settings":{"template":"highway","default_image_id":0,"font":"","enabled":false},"version":2}},"categories":[27,2,35],"tags":[],"class_list":["post-45629","post","type-post","status-publish","format-standard","has-post-thumbnail","hentry","category-blogu-i-udhetarit","category-politika","category-shoqerore"],"jetpack_publicize_connections":[],"jetpack_featured_media_url":"https:\/\/i0.wp.com\/www.shqiperia.com\/blog\/wp-content\/uploads\/2021\/03\/maxresdefault-2.jpg?fit=1280%2C720&ssl=1","jetpack_sharing_enabled":true,"jetpack_shortlink":"https:\/\/wp.me\/p5Z6wp-bRX","jetpack-related-posts":[{"id":61548,"url":"https:\/\/www.shqiperia.com\/blog\/hetohet-bashkia-tirane-nderton-tregun-ne-farke-pa-shpronesuar-pronarin\/","url_meta":{"origin":45629,"position":0},"title":"Hetohet bashkia Tiran\u00eb, nd\u00ebrton tregun n\u00eb Fark\u00eb pa shpron\u00ebsuar pronarin","author":"Kurt Farka","date":"August 28, 2022","format":false,"excerpt":"- Nga Elton Qyno - 27 Gusht 2022 Prokuroria e Tiran\u00ebs ka nisur hetimet p\u00ebr tjet\u00ebrsim t\u00eb pron\u00ebs ndaj institucionit t\u00eb drejtuar nga Erion Veliaj. Dosja penale \u00ebsht\u00eb regjistruar pas denoncimit t\u00eb pronarit t\u00eb truallit ku po nd\u00ebrtohet Tregu Ushqimor p\u00ebr shitje me shumic\u00eb dhe pakic\u00eb n\u00eb Fark\u00eb, i cili\u2026","rel":"","context":"In &quot;Politika&quot;","block_context":{"text":"Politika","link":"https:\/\/www.shqiperia.com\/blog\/category\/politika\/"},"img":{"alt_text":"","src":"https:\/\/i0.wp.com\/www.shqiperia.com\/blog\/wp-content\/uploads\/2022\/08\/1200-630-3378b0cb180db161ccec41645c6e3ccd.jpg?fit=1200%2C630&ssl=1&resize=350%2C200","width":350,"height":200,"srcset":"https:\/\/i0.wp.com\/www.shqiperia.com\/blog\/wp-content\/uploads\/2022\/08\/1200-630-3378b0cb180db161ccec41645c6e3ccd.jpg?fit=1200%2C630&ssl=1&resize=350%2C200 1x, https:\/\/i0.wp.com\/www.shqiperia.com\/blog\/wp-content\/uploads\/2022\/08\/1200-630-3378b0cb180db161ccec41645c6e3ccd.jpg?fit=1200%2C630&ssl=1&resize=525%2C300 1.5x, https:\/\/i0.wp.com\/www.shqiperia.com\/blog\/wp-content\/uploads\/2022\/08\/1200-630-3378b0cb180db161ccec41645c6e3ccd.jpg?fit=1200%2C630&ssl=1&resize=700%2C400 2x, https:\/\/i0.wp.com\/www.shqiperia.com\/blog\/wp-content\/uploads\/2022\/08\/1200-630-3378b0cb180db161ccec41645c6e3ccd.jpg?fit=1200%2C630&ssl=1&resize=1050%2C600 3x"},"classes":[]},{"id":31211,"url":"https:\/\/www.shqiperia.com\/blog\/skandali-kryebashkiaku-i-nderton-shtepi-gjyshes-me-fondet-e-termetit\/","url_meta":{"origin":45629,"position":1},"title":"Skandali\/ Kryebashkiaku i nd\u00ebrton sht\u00ebpi gjyshes me fondet e t\u00ebrmetit\u00a0","author":"Kurt Farka","date":"February 6, 2020","format":false,"excerpt":"Skandali\/ Kryebashkiaku i nd\u00ebrton sht\u00ebpi gjyshes me fondet e t\u00ebrmetit 6 SHKURT 2020 T\u00ebrmeti i 1 qershorit 2019, i cili preku disa fshatra t\u00eb rrethit Devoll, d\u00ebmtoi shum\u00eb banesa n\u00eb fshatin Vidohov\u00eb. N\u00eb k\u00ebt\u00eb fshat u rind\u00ebrtuan disa banesa nga fillimi, nd\u00ebrsa disa t\u00eb tjera u rikonstruktuan. Nj\u00eb nder banesat\u2026","rel":"","context":"In &quot;Blogu i Udh\u00ebtarit&quot;","block_context":{"text":"Blogu i Udh\u00ebtarit","link":"https:\/\/www.shqiperia.com\/blog\/category\/blogu-i-udhetarit\/"},"img":{"alt_text":"","src":"https:\/\/i0.wp.com\/www.shqiperia.com\/blog\/wp-content\/uploads\/2020\/02\/800-0-5e3c833f0406b.jpg?fit=800%2C480&ssl=1&resize=350%2C200","width":350,"height":200,"srcset":"https:\/\/i0.wp.com\/www.shqiperia.com\/blog\/wp-content\/uploads\/2020\/02\/800-0-5e3c833f0406b.jpg?fit=800%2C480&ssl=1&resize=350%2C200 1x, https:\/\/i0.wp.com\/www.shqiperia.com\/blog\/wp-content\/uploads\/2020\/02\/800-0-5e3c833f0406b.jpg?fit=800%2C480&ssl=1&resize=525%2C300 1.5x, https:\/\/i0.wp.com\/www.shqiperia.com\/blog\/wp-content\/uploads\/2020\/02\/800-0-5e3c833f0406b.jpg?fit=800%2C480&ssl=1&resize=700%2C400 2x"},"classes":[]},{"id":88399,"url":"https:\/\/www.shqiperia.com\/blog\/korrupsion-pastrim-parash-deklarime-te-rreme-te-pasurise-courrier-des-balkans-shkelqimi-dhe-renia-e-erion-veliajt-a-do-te-mundet-kryebashkiaku-i-tiranes-ti-shpet\/","url_meta":{"origin":45629,"position":2},"title":"&#8220;Korrupsion, pastrim parash, deklarime t\u00eb rreme t\u00eb pasuris\u00eb&#8230;&#8221;\/ \u201cCourrier des Balkans\u201d: Shk\u00eblqimi dhe r\u00ebnia e Erion Veliajt, a do t\u00eb mundet kryebashkiaku i Tiran\u00ebs t\u2019i shp\u00ebtoj\u00eb burgut?","author":"Kurt Farka","date":"January 14, 2025","format":false,"excerpt":"14 Janar 2025 Nga Katerina Sula Akuzat p\u00ebr korrupsion po bien mbi t\u00eb. Si\u00e7 demonstrojn\u00eb qytetar\u00ebt q\u00eb k\u00ebrkojn\u00eb dore\u00ebheqjen e tij, Kryebashkiaku i Tiran\u00ebs Erion Veliaj \u00ebsht\u00eb n\u00ebn hetim nga SPAK. I larguar nga Partia Socialiste, a do t\u00eb mundet njeriu i mbrojtur nga kryeministri Edi Rama t\u2019i shp\u00ebtoj\u00eb burgut?\u2026","rel":"","context":"In &quot;Blogu i Udh\u00ebtarit&quot;","block_context":{"text":"Blogu i Udh\u00ebtarit","link":"https:\/\/www.shqiperia.com\/blog\/category\/blogu-i-udhetarit\/"},"img":{"alt_text":"","src":"https:\/\/i0.wp.com\/www.shqiperia.com\/blog\/wp-content\/uploads\/2025\/01\/640-0-veliaj-proteste-pd-2-1736776347-1.jpg?fit=640%2C426&ssl=1&resize=350%2C200","width":350,"height":200,"srcset":"https:\/\/i0.wp.com\/www.shqiperia.com\/blog\/wp-content\/uploads\/2025\/01\/640-0-veliaj-proteste-pd-2-1736776347-1.jpg?fit=640%2C426&ssl=1&resize=350%2C200 1x, https:\/\/i0.wp.com\/www.shqiperia.com\/blog\/wp-content\/uploads\/2025\/01\/640-0-veliaj-proteste-pd-2-1736776347-1.jpg?fit=640%2C426&ssl=1&resize=525%2C300 1.5x"},"classes":[]},{"id":89412,"url":"https:\/\/www.shqiperia.com\/blog\/alimehmeti-erion-veliaj-te-shkarkohet-tirana-te-shkoje-ne-zgjedhje-rama-uzurpon-bashkine-e-tiranes-te-zbatohet-ligjit\/","url_meta":{"origin":45629,"position":3},"title":"Alimehmeti: &#8211; Erion Veliaj t\u00eb shkarkohet, Tirana t\u00eb shkoj\u00eb n\u00eb zgjedhje. &#8211; Rama uzurpon Bashkin\u00eb e Tiran\u00ebs, t\u00eb zbatohet ligjit","author":"Kurt Farka","date":"February 12, 2025","format":false,"excerpt":"12 Shkurt 2025 Deklarata e Ilir Alimehmetit, Kryetar i K\u00ebshilltar\u00ebve Bashkiak\u00eb t\u00eb PD n\u00eb Bashkin\u00eb e Tiran\u00ebs: Dje t\u00eb gjith\u00eb ne pam\u00eb \u2018mbrojtjen\u2019 e ish-Kryetarit t\u00eb Bashkis\u00eb, Erion Veliaj, nga ana e Kryeministrit, Edi Rama, dhe se si kjo \u2018mbrojtje\u2019 n\u00eb fakt kishte q\u00ebllimin e kapjes s\u00eb pushtetit vendor nga\u2026","rel":"","context":"In &quot;Blogu i Udh\u00ebtarit&quot;","block_context":{"text":"Blogu i Udh\u00ebtarit","link":"https:\/\/www.shqiperia.com\/blog\/category\/blogu-i-udhetarit\/"},"img":{"alt_text":"","src":"https:\/\/i0.wp.com\/www.shqiperia.com\/blog\/wp-content\/uploads\/2025\/02\/1667990844_64001667989217xveliajalimehmeti274.jpg?fit=780%2C440&ssl=1&resize=350%2C200","width":350,"height":200,"srcset":"https:\/\/i0.wp.com\/www.shqiperia.com\/blog\/wp-content\/uploads\/2025\/02\/1667990844_64001667989217xveliajalimehmeti274.jpg?fit=780%2C440&ssl=1&resize=350%2C200 1x, https:\/\/i0.wp.com\/www.shqiperia.com\/blog\/wp-content\/uploads\/2025\/02\/1667990844_64001667989217xveliajalimehmeti274.jpg?fit=780%2C440&ssl=1&resize=525%2C300 1.5x, https:\/\/i0.wp.com\/www.shqiperia.com\/blog\/wp-content\/uploads\/2025\/02\/1667990844_64001667989217xveliajalimehmeti274.jpg?fit=780%2C440&ssl=1&resize=700%2C400 2x"},"classes":[]},{"id":28928,"url":"https:\/\/www.shqiperia.com\/blog\/u-shkaterrua-nga-termeti-shkolla-ishte-rindertuar-2-muaj-me-pare\/","url_meta":{"origin":45629,"position":4},"title":"U shkat\u00ebrrua nga t\u00ebrmeti, shkolla ishte rind\u00ebrtuar 2 muaj m\u00eb par\u00eb. &#8211;","author":"Kurt Farka","date":"December 4, 2019","format":false,"excerpt":"U shkat\u00ebrrua nga t\u00ebrmeti, shkolla ishte rind\u00ebrtuar 2 muaj m\u00eb par\u00eb 4 dhjetor 2019 U rikonstruktua n\u00eb shtator t\u00eb k\u00ebtij viti me vler\u00eb 580 milion\u00eb lek\u00eb, por u shkat\u00ebrrua nga t\u00ebrmeti i 26 n\u00ebntorit 2019. Kjo \u00ebsht\u00eb historia e pazakont\u00eb dhe abuzive me shkoll\u00ebn 9-vje\u00e7are \u2018Ramazan Jangozi\u2019 n\u00eb Thuman\u00eb, e\u2026","rel":"","context":"In &quot;Blogu i Udh\u00ebtarit&quot;","block_context":{"text":"Blogu i Udh\u00ebtarit","link":"https:\/\/www.shqiperia.com\/blog\/category\/blogu-i-udhetarit\/"},"img":{"alt_text":"","src":"https:\/\/i0.wp.com\/www.shqiperia.com\/blog\/wp-content\/uploads\/2019\/12\/aaaaaaaa-1-905x450.jpg?fit=905%2C450&ssl=1&resize=350%2C200","width":350,"height":200,"srcset":"https:\/\/i0.wp.com\/www.shqiperia.com\/blog\/wp-content\/uploads\/2019\/12\/aaaaaaaa-1-905x450.jpg?fit=905%2C450&ssl=1&resize=350%2C200 1x, https:\/\/i0.wp.com\/www.shqiperia.com\/blog\/wp-content\/uploads\/2019\/12\/aaaaaaaa-1-905x450.jpg?fit=905%2C450&ssl=1&resize=525%2C300 1.5x, https:\/\/i0.wp.com\/www.shqiperia.com\/blog\/wp-content\/uploads\/2019\/12\/aaaaaaaa-1-905x450.jpg?fit=905%2C450&ssl=1&resize=700%2C400 2x"},"classes":[]},{"id":34439,"url":"https:\/\/www.shqiperia.com\/blog\/burime-nga-bashkia-e-tiranes-per-mapo-teatri-prishet-ne-gusht-kur-njerezit-marrin-pushimet\/","url_meta":{"origin":45629,"position":5},"title":"Burime nga Bashkia e Tiran\u00ebs p\u00ebr MAPO: &#8211; Teatri prishet n\u00eb gusht, kur njer\u00ebzit marrin pushimet","author":"Kurt Farka","date":"May 9, 2020","format":false,"excerpt":"Burime nga Bashkia e Tiran\u00ebs p\u00ebr MAPO: - Teatri prishet n\u00eb gusht, kur njer\u00ebzit marrin pushimet 08\/05\/20 Zbulohet skenari i Bashkis\u00eb s\u00eb Tiran\u00ebs.\u00a0Gazeta MAPO\u00a0m\u00ebson nga burime t\u00eb besueshme se nd\u00ebrtesa ku ndodhet Teatri Komb\u00ebtar do t\u00eb shembet n\u00eb muajin gusht. \u00a0 \u00a0 N\u00eb vijim t\u00eb vendimit p\u00ebr\u00a0kalimin n\u00eb pron\u00ebsi t\u00eb\u2026","rel":"","context":"In &quot;Blogu i Udh\u00ebtarit&quot;","block_context":{"text":"Blogu i Udh\u00ebtarit","link":"https:\/\/www.shqiperia.com\/blog\/category\/blogu-i-udhetarit\/"},"img":{"alt_text":"","src":"https:\/\/i0.wp.com\/www.shqiperia.com\/blog\/wp-content\/uploads\/2020\/05\/Teatri-Kombetar.jpg?fit=901%2C482&ssl=1&resize=350%2C200","width":350,"height":200,"srcset":"https:\/\/i0.wp.com\/www.shqiperia.com\/blog\/wp-content\/uploads\/2020\/05\/Teatri-Kombetar.jpg?fit=901%2C482&ssl=1&resize=350%2C200 1x, https:\/\/i0.wp.com\/www.shqiperia.com\/blog\/wp-content\/uploads\/2020\/05\/Teatri-Kombetar.jpg?fit=901%2C482&ssl=1&resize=525%2C300 1.5x, https:\/\/i0.wp.com\/www.shqiperia.com\/blog\/wp-content\/uploads\/2020\/05\/Teatri-Kombetar.jpg?fit=901%2C482&ssl=1&resize=700%2C400 2x"},"classes":[]}],"_links":{"self":[{"href":"https:\/\/www.shqiperia.com\/blog\/wp-json\/wp\/v2\/posts\/45629","targetHints":{"allow":["GET"]}}],"collection":[{"href":"https:\/\/www.shqiperia.com\/blog\/wp-json\/wp\/v2\/posts"}],"about":[{"href":"https:\/\/www.shqiperia.com\/blog\/wp-json\/wp\/v2\/types\/post"}],"author":[{"embeddable":true,"href":"https:\/\/www.shqiperia.com\/blog\/wp-json\/wp\/v2\/users\/9"}],"replies":[{"embeddable":true,"href":"https:\/\/www.shqiperia.com\/blog\/wp-json\/wp\/v2\/comments?post=45629"}],"version-history":[{"count":1,"href":"https:\/\/www.shqiperia.com\/blog\/wp-json\/wp\/v2\/posts\/45629\/revisions"}],"predecessor-version":[{"id":45631,"href":"https:\/\/www.shqiperia.com\/blog\/wp-json\/wp\/v2\/posts\/45629\/revisions\/45631"}],"wp:featuredmedia":[{"embeddable":true,"href":"https:\/\/www.shqiperia.com\/blog\/wp-json\/wp\/v2\/media\/45630"}],"wp:attachment":[{"href":"https:\/\/www.shqiperia.com\/blog\/wp-json\/wp\/v2\/media?parent=45629"}],"wp:term":[{"taxonomy":"category","embeddable":true,"href":"https:\/\/www.shqiperia.com\/blog\/wp-json\/wp\/v2\/categories?post=45629"},{"taxonomy":"post_tag","embeddable":true,"href":"https:\/\/www.shqiperia.com\/blog\/wp-json\/wp\/v2\/tags?post=45629"}],"curies":[{"name":"wp","href":"https:\/\/api.w.org\/{rel}","templated":true}]}}