{"id":45624,"date":"2021-03-22T22:15:04","date_gmt":"2021-03-22T22:15:04","guid":{"rendered":"https:\/\/www.shqiperia.com\/blog\/?p=45624"},"modified":"2021-03-22T22:15:04","modified_gmt":"2021-03-22T22:15:04","slug":"eksperte-nderkombetare-i-kerkojne-rames-ndalimin-e-ndertimit-te-bypass-it-ne-gjirokaster-rrezikon-statusin-e-saj-si-pjese-e-unesco-s","status":"publish","type":"post","link":"https:\/\/www.shqiperia.com\/blog\/eksperte-nderkombetare-i-kerkojne-rames-ndalimin-e-ndertimit-te-bypass-it-ne-gjirokaster-rrezikon-statusin-e-saj-si-pjese-e-unesco-s\/","title":{"rendered":"Ekspert\u00eb nd\u00ebrkomb\u00ebtar\u00eb i k\u00ebrkojn\u00eb Ram\u00ebs ndalimin e nd\u00ebrtimit t\u00eb Bypass-it n\u00eb Gjirokast\u00ebr: Rrezikon statusin e saj si pjes\u00eb e UNESCO-s"},"content":{"rendered":"<p><img data-recalc-dims=\"1\" loading=\"lazy\" decoding=\"async\" data-attachment-id=\"45626\" data-permalink=\"https:\/\/www.shqiperia.com\/blog\/eksperte-nderkombetare-i-kerkojne-rames-ndalimin-e-ndertimit-te-bypass-it-ne-gjirokaster-rrezikon-statusin-e-saj-si-pjese-e-unesco-s\/1616408046_bypass5\/\" data-orig-file=\"https:\/\/i0.wp.com\/www.shqiperia.com\/blog\/wp-content\/uploads\/2021\/03\/1616408046_BYPASS5.jpeg?fit=780%2C440&amp;ssl=1\" data-orig-size=\"780,440\" data-comments-opened=\"1\" data-image-meta=\"{&quot;aperture&quot;:&quot;0&quot;,&quot;credit&quot;:&quot;&quot;,&quot;camera&quot;:&quot;&quot;,&quot;caption&quot;:&quot;&quot;,&quot;created_timestamp&quot;:&quot;0&quot;,&quot;copyright&quot;:&quot;&quot;,&quot;focal_length&quot;:&quot;0&quot;,&quot;iso&quot;:&quot;0&quot;,&quot;shutter_speed&quot;:&quot;0&quot;,&quot;title&quot;:&quot;&quot;,&quot;orientation&quot;:&quot;0&quot;}\" data-image-title=\"1616408046_BYPASS5\" data-image-description=\"\" data-image-caption=\"\" data-medium-file=\"https:\/\/i0.wp.com\/www.shqiperia.com\/blog\/wp-content\/uploads\/2021\/03\/1616408046_BYPASS5.jpeg?fit=300%2C169&amp;ssl=1\" data-large-file=\"https:\/\/i0.wp.com\/www.shqiperia.com\/blog\/wp-content\/uploads\/2021\/03\/1616408046_BYPASS5.jpeg?fit=780%2C440&amp;ssl=1\" class=\"alignnone  wp-image-45626\" alt=\"\" src=\"https:\/\/i0.wp.com\/www.shqiperia.com\/blog\/wp-content\/uploads\/2021\/03\/1616408046_BYPASS5.jpeg?resize=490%2C276&#038;ssl=1\" width=\"490\" height=\"276\" srcset=\"https:\/\/i0.wp.com\/www.shqiperia.com\/blog\/wp-content\/uploads\/2021\/03\/1616408046_BYPASS5.jpeg?resize=300%2C169&amp;ssl=1 300w, https:\/\/i0.wp.com\/www.shqiperia.com\/blog\/wp-content\/uploads\/2021\/03\/1616408046_BYPASS5.jpeg?resize=768%2C433&amp;ssl=1 768w, https:\/\/i0.wp.com\/www.shqiperia.com\/blog\/wp-content\/uploads\/2021\/03\/1616408046_BYPASS5.jpeg?resize=450%2C254&amp;ssl=1 450w, https:\/\/i0.wp.com\/www.shqiperia.com\/blog\/wp-content\/uploads\/2021\/03\/1616408046_BYPASS5.jpeg?resize=600%2C338&amp;ssl=1 600w, https:\/\/i0.wp.com\/www.shqiperia.com\/blog\/wp-content\/uploads\/2021\/03\/1616408046_BYPASS5.jpeg?resize=400%2C226&amp;ssl=1 400w, https:\/\/i0.wp.com\/www.shqiperia.com\/blog\/wp-content\/uploads\/2021\/03\/1616408046_BYPASS5.jpeg?w=780&amp;ssl=1 780w\" sizes=\"auto, (max-width: 490px) 100vw, 490px\" \/><\/p>\n<p>Ekspert\u00eb nd\u00ebrkomb\u00ebtar\u00eb i k\u00ebrkojn\u00eb Ram\u00ebs ndalimin e nd\u00ebrtimit t\u00eb Bypass-it n\u00eb Gjirokast\u00ebr: Rrezikon statusin e saj si pjes\u00eb e UNESCO-s<\/p>\n<p><em>Nj\u00eb grup ekspert\u00ebsh nd\u00ebrkomb\u00ebtar\u00eb t\u00eb trash\u00ebgimis\u00eb kulturore, t\u00eb cil\u00ebt kan\u00eb punuar n\u00eb Gjirokast\u00ebr i kan\u00eb d\u00ebrguar kryeministrit Edi Rama nj\u00eb let\u00ebr t\u00eb hapur, q\u00eb t\u00eb nd\u00ebrpres\u00eb punimet p\u00ebr nd\u00ebrtimin e Bypass-it n\u00eb k\u00ebt\u00eb qytet<\/em><\/p>\n<p>22 Mars 2021<\/p>\n<p>Nj\u00eb grup ekspert\u00ebsh nd\u00ebrkomb\u00ebtar\u00eb t\u00eb trash\u00ebgimis\u00eb kulturore, t\u00eb cil\u00ebt kan\u00eb punuar n\u00eb Gjirokast\u00ebr i kan\u00eb d\u00ebrguar kryeministrit Edi Rama nj\u00eb let\u00ebr t\u00eb hapur, ku i k\u00ebrkojn\u00eb\u00a0q\u00eb t\u00eb nd\u00ebrpres\u00eb punimet p\u00ebr nd\u00ebrtimin e Bypass-it n\u00eb k\u00ebt\u00eb qytet. Sipas tyre, ato theksojn\u00eb se n\u00ebse ky projekt p\u00ebrfundon, mund t\u2019i kushtoj\u00eb Gjirokastr\u00ebs statusin e saj si pjes\u00eb e Trash\u00ebgimis\u00eb Bot\u00ebrore t\u00eb UNESCO-s.<\/p>\n<p>Grupi thot\u00eb se Shqip\u00ebria duhet t\u00eb adoptoj\u00eb nj\u00eb plan mobiliteti p\u00ebr Gjirokastr\u00ebn p\u00ebrpara implementimit t\u00eb \u00e7do projekti, plan ky i k\u00ebrkuar n\u00eb m\u00ebnyr\u00eb t\u00eb p\u00ebrs\u00ebritur nga UNESCO.<\/p>\n<p><img data-recalc-dims=\"1\" loading=\"lazy\" decoding=\"async\" data-attachment-id=\"45627\" data-permalink=\"https:\/\/www.shqiperia.com\/blog\/eksperte-nderkombetare-i-kerkojne-rames-ndalimin-e-ndertimit-te-bypass-it-ne-gjirokaster-rrezikon-statusin-e-saj-si-pjese-e-unesco-s\/60586db20fce9screenshot_1\/\" data-orig-file=\"https:\/\/i0.wp.com\/www.shqiperia.com\/blog\/wp-content\/uploads\/2021\/03\/60586db20fce9Screenshot_1.jpg?fit=613%2C873&amp;ssl=1\" data-orig-size=\"613,873\" data-comments-opened=\"1\" data-image-meta=\"{&quot;aperture&quot;:&quot;0&quot;,&quot;credit&quot;:&quot;&quot;,&quot;camera&quot;:&quot;&quot;,&quot;caption&quot;:&quot;&quot;,&quot;created_timestamp&quot;:&quot;0&quot;,&quot;copyright&quot;:&quot;&quot;,&quot;focal_length&quot;:&quot;0&quot;,&quot;iso&quot;:&quot;0&quot;,&quot;shutter_speed&quot;:&quot;0&quot;,&quot;title&quot;:&quot;&quot;,&quot;orientation&quot;:&quot;0&quot;}\" data-image-title=\"60586db20fce9Screenshot_1\" data-image-description=\"\" data-image-caption=\"\" data-medium-file=\"https:\/\/i0.wp.com\/www.shqiperia.com\/blog\/wp-content\/uploads\/2021\/03\/60586db20fce9Screenshot_1.jpg?fit=211%2C300&amp;ssl=1\" data-large-file=\"https:\/\/i0.wp.com\/www.shqiperia.com\/blog\/wp-content\/uploads\/2021\/03\/60586db20fce9Screenshot_1.jpg?fit=613%2C873&amp;ssl=1\" class=\"alignnone  wp-image-45627\" alt=\"\" src=\"https:\/\/i0.wp.com\/www.shqiperia.com\/blog\/wp-content\/uploads\/2021\/03\/60586db20fce9Screenshot_1.jpg?resize=516%2C734&#038;ssl=1\" width=\"516\" height=\"734\" srcset=\"https:\/\/i0.wp.com\/www.shqiperia.com\/blog\/wp-content\/uploads\/2021\/03\/60586db20fce9Screenshot_1.jpg?resize=211%2C300&amp;ssl=1 211w, https:\/\/i0.wp.com\/www.shqiperia.com\/blog\/wp-content\/uploads\/2021\/03\/60586db20fce9Screenshot_1.jpg?resize=450%2C641&amp;ssl=1 450w, https:\/\/i0.wp.com\/www.shqiperia.com\/blog\/wp-content\/uploads\/2021\/03\/60586db20fce9Screenshot_1.jpg?resize=600%2C854&amp;ssl=1 600w, https:\/\/i0.wp.com\/www.shqiperia.com\/blog\/wp-content\/uploads\/2021\/03\/60586db20fce9Screenshot_1.jpg?resize=400%2C570&amp;ssl=1 400w, https:\/\/i0.wp.com\/www.shqiperia.com\/blog\/wp-content\/uploads\/2021\/03\/60586db20fce9Screenshot_1.jpg?w=613&amp;ssl=1 613w\" sizes=\"auto, (max-width: 516px) 100vw, 516px\" \/><\/p>\n<p>Gjithashtu, me ligj k\u00ebrkohet nj\u00eb Vler\u00ebsim i Ndikimit Mjedisor si dhe nj\u00eb Vler\u00ebsim i Ndikimit n\u00eb Trash\u00ebgimis\u00eb. Humbja e statusit t\u00eb UNESCO-s, mund t\u00eb ishte nj\u00eb goditje e r\u00ebnd\u00eb ndaj turizmit kuoturor shqiptar n\u00eb zhvillim, dhe mund t\u00eb njolloste reputacionin e fituar me v\u00ebshtir\u00ebsi t\u00eb Shqip\u00ebris\u00eb si nj\u00eb partner nd\u00ebrkomb\u00ebtar i besuesh\u00ebm.<\/p>\n<p>Letra \u00ebsht\u00eb iniciuar prej Stephan Doempke, ish-kordinator programi i UNESCO\/UNDP mbi tash\u00ebgimin\u00eb kulturore n\u00eb Shqip\u00ebri, i cili ka jetuar kat\u00ebr vite n\u00eb Gjirokast\u00ebr, nd\u00ebrsa tani \u00ebsht\u00eb kryetar i World Heritage Watch, nj\u00eb rrjet global i 180 organizatave jo qeveritare, i cili monitoron Vendet e Trash\u00ebgimis\u00eb Bot\u00ebrore dhe raporton n\u00eb UNESCO.<\/p>\n<p>Gazeta Shqiptare<\/p>\n","protected":false},"excerpt":{"rendered":"<p>Ekspert\u00eb nd\u00ebrkomb\u00ebtar\u00eb i k\u00ebrkojn\u00eb Ram\u00ebs ndalimin e nd\u00ebrtimit t\u00eb Bypass-it n\u00eb Gjirokast\u00ebr: Rrezikon statusin e saj si pjes\u00eb e UNESCO-s Nj\u00eb grup ekspert\u00ebsh nd\u00ebrkomb\u00ebtar\u00eb t\u00eb trash\u00ebgimis\u00eb kulturore, t\u00eb cil\u00ebt kan\u00eb punuar n\u00eb Gjirokast\u00ebr i kan\u00eb d\u00ebrguar kryeministrit Edi Rama nj\u00eb let\u00ebr t\u00eb hapur, q\u00eb t\u00eb nd\u00ebrpres\u00eb punimet p\u00ebr nd\u00ebrtimin e Bypass-it n\u00eb k\u00ebt\u00eb qytet 22 [&hellip;]<\/p>\n","protected":false},"author":9,"featured_media":45626,"comment_status":"open","ping_status":"open","sticky":false,"template":"","format":"standard","meta":{"jetpack_post_was_ever_published":false,"_jetpack_newsletter_access":"","_jetpack_dont_email_post_to_subs":false,"_jetpack_newsletter_tier_id":0,"_jetpack_memberships_contains_paywalled_content":false,"_jetpack_memberships_contains_paid_content":false,"footnotes":"","jetpack_publicize_message":"","jetpack_publicize_feature_enabled":true,"jetpack_social_post_already_shared":true,"jetpack_social_options":{"image_generator_settings":{"template":"highway","default_image_id":0,"font":"","enabled":false},"version":2}},"categories":[85,10,86],"tags":[],"class_list":["post-45624","post","type-post","status-publish","format-standard","has-post-thumbnail","hentry","category-histori","category-kultura","category-trashegimi-kulturore"],"jetpack_publicize_connections":[],"jetpack_featured_media_url":"https:\/\/i0.wp.com\/www.shqiperia.com\/blog\/wp-content\/uploads\/2021\/03\/1616408046_BYPASS5.jpeg?fit=780%2C440&ssl=1","jetpack_sharing_enabled":true,"jetpack_shortlink":"https:\/\/wp.me\/p5Z6wp-bRS","jetpack-related-posts":[{"id":97550,"url":"https:\/\/www.shqiperia.com\/blog\/restaurim-dhe-ruajtje-ekspozita-studentore-dedikuar-trashegimise-se-gjirokastres\/","url_meta":{"origin":45624,"position":0},"title":"Restaurim dhe ruajtje, ekspozita studentore dedikuar trash\u00ebgimis\u00eb s\u00eb Gjirokastr\u00ebs","author":"Kurt Farka","date":"February 9, 2026","format":false,"excerpt":"9 Shkurt 2026 Student\u00ebt e arkitektur\u00ebs n\u00eb Universitetin POLIS prezantuan projektet e restaurimit p\u00ebr banesat historike n\u00eb Gjirokast\u00ebr, pas pun\u00ebs me dokumentimin n\u00eb terren dhe zhvillimin e propozimeve. Punimet synojn\u00eb ruajtjen dhe riaktivizimin e objekteve q\u00eb p\u00ebrb\u00ebjn\u00eb nj\u00eb pjes\u00eb t\u00eb r\u00ebnd\u00ebsishme t\u00eb trash\u00ebgimis\u00eb s\u00eb qytetit. Pjes\u00eb nga ekspozita e student\u00ebve\u2026","rel":"","context":"In &quot;Arte&quot;","block_context":{"text":"Arte","link":"https:\/\/www.shqiperia.com\/blog\/category\/arte\/"},"img":{"alt_text":"","src":"https:\/\/i0.wp.com\/www.shqiperia.com\/blog\/wp-content\/uploads\/2026\/02\/Ekspozita-peg.jpeg?fit=1200%2C676&ssl=1&resize=350%2C200","width":350,"height":200,"srcset":"https:\/\/i0.wp.com\/www.shqiperia.com\/blog\/wp-content\/uploads\/2026\/02\/Ekspozita-peg.jpeg?fit=1200%2C676&ssl=1&resize=350%2C200 1x, https:\/\/i0.wp.com\/www.shqiperia.com\/blog\/wp-content\/uploads\/2026\/02\/Ekspozita-peg.jpeg?fit=1200%2C676&ssl=1&resize=525%2C300 1.5x, https:\/\/i0.wp.com\/www.shqiperia.com\/blog\/wp-content\/uploads\/2026\/02\/Ekspozita-peg.jpeg?fit=1200%2C676&ssl=1&resize=700%2C400 2x, https:\/\/i0.wp.com\/www.shqiperia.com\/blog\/wp-content\/uploads\/2026\/02\/Ekspozita-peg.jpeg?fit=1200%2C676&ssl=1&resize=1050%2C600 3x"},"classes":[]},{"id":10039,"url":"https:\/\/www.shqiperia.com\/blog\/europa-nostra-leter-kryeministrit-rama-mbroni-teatrin-kombeta\/","url_meta":{"origin":45624,"position":1},"title":"\u201cEuropa Nostra\u201d let\u00ebr kryeministrit Rama: Mbroni Teatrin Komb\u00ebtar. &#8211;","author":"Kurt Farka","date":"July 21, 2018","format":false,"excerpt":"\u201cEuropa Nostra\u201d let\u00ebr kryeministrit Rama: Mbroni Teatrin Komb\u00ebtar. - Organizata prestigjioze Europiane EUROPA NOSTRA, praktikisht Z\u00ebri i Trash\u00ebgimis\u00eb Kulturore n\u00eb Evrop\u00eb i ka d\u00ebrguar nj\u00eb let\u00ebr kryeministrit Edi Rama ku i k\u00ebrkon q\u00eb t\u00eb mbroj\u00eb Teatrin Komb\u00ebtar. N\u00eb let\u00ebr ajo i k\u00ebrkon Qeveris\u00eb Shqiptare, Bashkis\u00eb Tiran\u00eb, Ministris\u00eb s\u00eb Kultur\u00ebs, si\u2026","rel":"","context":"In &quot;Kultura&quot;","block_context":{"text":"Kultura","link":"https:\/\/www.shqiperia.com\/blog\/category\/kultura\/"},"img":{"alt_text":"","src":"https:\/\/i0.wp.com\/www.shqiperia.com\/blog\/wp-content\/uploads\/2018\/07\/teatri-kombetar-Copy-300x185.jpg?resize=350%2C200","width":350,"height":200},"classes":[]},{"id":89315,"url":"https:\/\/www.shqiperia.com\/blog\/amantia-arti-i-ndertimit-te-qyteterimit-ilir\/","url_meta":{"origin":45624,"position":2},"title":"Amantia, arti i nd\u00ebrtimit t\u00eb qytet\u00ebrimit ilir","author":"Kurt Farka","date":"February 9, 2025","format":false,"excerpt":"9 Shkurt 2025 Qyteti antik i Amantias, Monument Kulture, pret e p\u00ebrcjell vizitor\u00eb vendas e t\u00eb huaj t\u00eb ardhur enkas p\u00ebr t\u00eb zbuluar artin e nd\u00ebrtimit t\u00eb qytet\u00ebrimit ilir. Muret fortifikuese t\u00eb Amantias ofrojn\u00eb nj\u00eb pamje mbres\u00ebl\u00ebn\u00ebse t\u00eb inxhinieris\u00eb dhe arkitektur\u00ebs ilire nga shekulli IV para Krishtit. Ato jan\u00eb nd\u00ebrtuar\u2026","rel":"","context":"In &quot;Blogu i Udh\u00ebtarit&quot;","block_context":{"text":"Blogu i Udh\u00ebtarit","link":"https:\/\/www.shqiperia.com\/blog\/category\/blogu-i-udhetarit\/"},"img":{"alt_text":"","src":"https:\/\/i0.wp.com\/www.shqiperia.com\/blog\/wp-content\/uploads\/2025\/02\/Amantia-arti-i-ndertimit-te-qyteterimit-ilir-3.jpg?fit=640%2C438&ssl=1&resize=350%2C200","width":350,"height":200,"srcset":"https:\/\/i0.wp.com\/www.shqiperia.com\/blog\/wp-content\/uploads\/2025\/02\/Amantia-arti-i-ndertimit-te-qyteterimit-ilir-3.jpg?fit=640%2C438&ssl=1&resize=350%2C200 1x, https:\/\/i0.wp.com\/www.shqiperia.com\/blog\/wp-content\/uploads\/2025\/02\/Amantia-arti-i-ndertimit-te-qyteterimit-ilir-3.jpg?fit=640%2C438&ssl=1&resize=525%2C300 1.5x"},"classes":[]},{"id":20003,"url":"https:\/\/www.shqiperia.com\/blog\/shiu-pranveror-demtoi-kalldremet-e-qendisura-me-140-milione-leke-nga-banka-boterore-ne-gjirokaster\/","url_meta":{"origin":45624,"position":3},"title":"Shiu pranveror d\u00ebmtoi kalldr\u00ebmet \u00a0\u201ce q\u00ebndisura\u201d me 140 milion\u00eb\u00a0lek\u00eb \u00a0nga Banka Bot\u00ebrore, \u00a0n\u00eb Gjirokast\u00ebr. &#8211;","author":"Kurt Farka","date":"April 22, 2019","format":false,"excerpt":"Shiu pranveror d\u00ebmtoi kalldr\u00ebmet \u00a0\u201ce q\u00ebndisura\u201d me 140 milion\u00eb\u00a0lek\u00eb \u00a0nga Banka Bot\u00ebrore, \u00a0n\u00eb Gjirokast\u00ebr. - Nga: ANXHELA RU\u00c7I Kalldr\u00ebmet n\u00eb Gjirokast\u00ebr duket se \u201cnuk po gjejn\u00eb rehat\u201d, q\u00eb pas shqepjes (term ky i p\u00ebrdorur nga deputetja Mirela Kumbaro) s\u00eb tyre p\u00ebr t\u2019u restauruar, por mjaftuan reshjet e shiut pranveror t\u00eb\u2026","rel":"","context":"In &quot;Blogu i Udh\u00ebtarit&quot;","block_context":{"text":"Blogu i Udh\u00ebtarit","link":"https:\/\/www.shqiperia.com\/blog\/category\/blogu-i-udhetarit\/"},"img":{"alt_text":"","src":"https:\/\/i0.wp.com\/www.shqiperia.com\/blog\/wp-content\/uploads\/2019\/04\/57097001_564472087406982_2719576942549401600_n-750x530-Copy.jpg?fit=750%2C436&ssl=1&resize=350%2C200","width":350,"height":200,"srcset":"https:\/\/i0.wp.com\/www.shqiperia.com\/blog\/wp-content\/uploads\/2019\/04\/57097001_564472087406982_2719576942549401600_n-750x530-Copy.jpg?fit=750%2C436&ssl=1&resize=350%2C200 1x, https:\/\/i0.wp.com\/www.shqiperia.com\/blog\/wp-content\/uploads\/2019\/04\/57097001_564472087406982_2719576942549401600_n-750x530-Copy.jpg?fit=750%2C436&ssl=1&resize=525%2C300 1.5x, https:\/\/i0.wp.com\/www.shqiperia.com\/blog\/wp-content\/uploads\/2019\/04\/57097001_564472087406982_2719576942549401600_n-750x530-Copy.jpg?fit=750%2C436&ssl=1&resize=700%2C400 2x"},"classes":[]},{"id":1675,"url":"https:\/\/www.shqiperia.com\/blog\/gjirokastra-dhe-voskopoja-ne-rrezik-forumi-ministria-ne-guacken-e-vetekenaqesise\/","url_meta":{"origin":45624,"position":4},"title":"Gjirokastra dhe Voskopoja n\u00eb rrezik, Forumi: Ministria n\u00eb guack\u00ebn e vet\u00ebk\u00ebnaq\u00ebsis\u00eb","author":"Kurt Farka","date":"January 22, 2018","format":false,"excerpt":"Forumi p\u00ebr Mbrojtjen e Trash\u00ebgimis\u00eb Kulturore p\u00ebrmes nj\u00eb deklarate b\u00ebn me dije se ka qen\u00eb shum\u00eb i v\u00ebmendsh\u00ebm karshi gjendjes s\u00eb monumenteve n\u00eb Gjirokast\u00ebr p\u00ebrgjat\u00eb koh\u00ebve t\u00eb fundit. \u201cDuke filluar q\u00eb nga data 12 shkurt 2016, ne filluam botimin e mjaft fotove nga gjendja e monumenteve n\u00eb k\u00ebt\u00eb qytet duke\u2026","rel":"","context":"In &quot;Njoftime Shtypi&quot;","block_context":{"text":"Njoftime Shtypi","link":"https:\/\/www.shqiperia.com\/blog\/category\/njoftime-shtypi\/"},"img":{"alt_text":"","src":"https:\/\/i0.wp.com\/www.shqiperia.com\/blog\/wp-content\/uploads\/2018\/01\/voskopoje-2.jpg?fit=550%2C309&ssl=1&resize=350%2C200","width":350,"height":200,"srcset":"https:\/\/i0.wp.com\/www.shqiperia.com\/blog\/wp-content\/uploads\/2018\/01\/voskopoje-2.jpg?fit=550%2C309&ssl=1&resize=350%2C200 1x, https:\/\/i0.wp.com\/www.shqiperia.com\/blog\/wp-content\/uploads\/2018\/01\/voskopoje-2.jpg?fit=550%2C309&ssl=1&resize=525%2C300 1.5x"},"classes":[]},{"id":79007,"url":"https:\/\/www.shqiperia.com\/blog\/unesco-shqiperia-deshtoi-te-permbushe-detyrimet-per-beratin-e-gjirokastren\/","url_meta":{"origin":45624,"position":5},"title":"UNESCO: &#8211; Shqip\u00ebria d\u00ebshtoi t\u00eb p\u00ebrmbush\u00eb detyrimet p\u00ebr Beratin e Gjirokastr\u00ebn","author":"Kurt Farka","date":"March 7, 2024","format":false,"excerpt":"7 Mars 2024 Organizata Bot\u00ebrore e Monumenteve, UNESCO u k\u00ebrkoi nj\u00eb vit m\u00eb par\u00eb autoriteteve shqiptare t\u00eb finalizonin me urgjenc\u00eb Planin e Menaxhimit t\u00eb Integruar p\u00ebr Gjirokastr\u00ebn dhe Beratin. Shqip\u00ebria thot\u00eb n\u00eb raportin e dor\u00ebzuar n\u00eb UNESCO se kjo nuk \u00ebsht\u00eb b\u00ebr\u00eb ende dhe i arsyeton vonesat me largimin nga\u2026","rel":"","context":"In &quot;Blogu i Udh\u00ebtarit&quot;","block_context":{"text":"Blogu i Udh\u00ebtarit","link":"https:\/\/www.shqiperia.com\/blog\/category\/blogu-i-udhetarit\/"},"img":{"alt_text":"","src":"https:\/\/i0.wp.com\/www.shqiperia.com\/blog\/wp-content\/uploads\/2024\/03\/640-0-0a6775d5a93b39c088810c211124cb64.jpg?fit=640%2C374&ssl=1&resize=350%2C200","width":350,"height":200,"srcset":"https:\/\/i0.wp.com\/www.shqiperia.com\/blog\/wp-content\/uploads\/2024\/03\/640-0-0a6775d5a93b39c088810c211124cb64.jpg?fit=640%2C374&ssl=1&resize=350%2C200 1x, https:\/\/i0.wp.com\/www.shqiperia.com\/blog\/wp-content\/uploads\/2024\/03\/640-0-0a6775d5a93b39c088810c211124cb64.jpg?fit=640%2C374&ssl=1&resize=525%2C300 1.5x"},"classes":[]}],"_links":{"self":[{"href":"https:\/\/www.shqiperia.com\/blog\/wp-json\/wp\/v2\/posts\/45624","targetHints":{"allow":["GET"]}}],"collection":[{"href":"https:\/\/www.shqiperia.com\/blog\/wp-json\/wp\/v2\/posts"}],"about":[{"href":"https:\/\/www.shqiperia.com\/blog\/wp-json\/wp\/v2\/types\/post"}],"author":[{"embeddable":true,"href":"https:\/\/www.shqiperia.com\/blog\/wp-json\/wp\/v2\/users\/9"}],"replies":[{"embeddable":true,"href":"https:\/\/www.shqiperia.com\/blog\/wp-json\/wp\/v2\/comments?post=45624"}],"version-history":[{"count":1,"href":"https:\/\/www.shqiperia.com\/blog\/wp-json\/wp\/v2\/posts\/45624\/revisions"}],"predecessor-version":[{"id":45628,"href":"https:\/\/www.shqiperia.com\/blog\/wp-json\/wp\/v2\/posts\/45624\/revisions\/45628"}],"wp:featuredmedia":[{"embeddable":true,"href":"https:\/\/www.shqiperia.com\/blog\/wp-json\/wp\/v2\/media\/45626"}],"wp:attachment":[{"href":"https:\/\/www.shqiperia.com\/blog\/wp-json\/wp\/v2\/media?parent=45624"}],"wp:term":[{"taxonomy":"category","embeddable":true,"href":"https:\/\/www.shqiperia.com\/blog\/wp-json\/wp\/v2\/categories?post=45624"},{"taxonomy":"post_tag","embeddable":true,"href":"https:\/\/www.shqiperia.com\/blog\/wp-json\/wp\/v2\/tags?post=45624"}],"curies":[{"name":"wp","href":"https:\/\/api.w.org\/{rel}","templated":true}]}}