{"id":45621,"date":"2021-03-22T18:07:30","date_gmt":"2021-03-22T18:07:30","guid":{"rendered":"https:\/\/www.shqiperia.com\/blog\/?p=45621"},"modified":"2021-03-22T18:07:30","modified_gmt":"2021-03-22T18:07:30","slug":"prishja-e-maternitetit-lubonja-banditizem-perseritje-e-nje-traume","status":"publish","type":"post","link":"https:\/\/www.shqiperia.com\/blog\/prishja-e-maternitetit-lubonja-banditizem-perseritje-e-nje-traume\/","title":{"rendered":"Prishja e Maternitetit.\u00a0 Lubonja: &#8211; Banditiz\u00ebm! P\u00ebrs\u00ebritje e nj\u00eb traume!"},"content":{"rendered":"<p><img data-recalc-dims=\"1\" loading=\"lazy\" decoding=\"async\" data-attachment-id=\"45622\" data-permalink=\"https:\/\/www.shqiperia.com\/blog\/prishja-e-maternitetit-lubonja-banditizem-perseritje-e-nje-traume\/materniteti-1-1\/\" data-orig-file=\"https:\/\/i0.wp.com\/www.shqiperia.com\/blog\/wp-content\/uploads\/2021\/03\/materniteti-1-1.jpg?fit=642%2C328&amp;ssl=1\" data-orig-size=\"642,328\" data-comments-opened=\"1\" data-image-meta=\"{&quot;aperture&quot;:&quot;0&quot;,&quot;credit&quot;:&quot;&quot;,&quot;camera&quot;:&quot;&quot;,&quot;caption&quot;:&quot;&quot;,&quot;created_timestamp&quot;:&quot;0&quot;,&quot;copyright&quot;:&quot;&quot;,&quot;focal_length&quot;:&quot;0&quot;,&quot;iso&quot;:&quot;0&quot;,&quot;shutter_speed&quot;:&quot;0&quot;,&quot;title&quot;:&quot;&quot;,&quot;orientation&quot;:&quot;1&quot;}\" data-image-title=\"materniteti-1-1\" data-image-description=\"\" data-image-caption=\"\" data-medium-file=\"https:\/\/i0.wp.com\/www.shqiperia.com\/blog\/wp-content\/uploads\/2021\/03\/materniteti-1-1.jpg?fit=300%2C153&amp;ssl=1\" data-large-file=\"https:\/\/i0.wp.com\/www.shqiperia.com\/blog\/wp-content\/uploads\/2021\/03\/materniteti-1-1.jpg?fit=642%2C328&amp;ssl=1\" class=\"alignnone  wp-image-45622\" alt=\"\" src=\"https:\/\/i0.wp.com\/www.shqiperia.com\/blog\/wp-content\/uploads\/2021\/03\/materniteti-1-1.jpg?resize=657%2C335&#038;ssl=1\" width=\"657\" height=\"335\" srcset=\"https:\/\/i0.wp.com\/www.shqiperia.com\/blog\/wp-content\/uploads\/2021\/03\/materniteti-1-1.jpg?resize=300%2C153&amp;ssl=1 300w, https:\/\/i0.wp.com\/www.shqiperia.com\/blog\/wp-content\/uploads\/2021\/03\/materniteti-1-1.jpg?resize=450%2C230&amp;ssl=1 450w, https:\/\/i0.wp.com\/www.shqiperia.com\/blog\/wp-content\/uploads\/2021\/03\/materniteti-1-1.jpg?resize=600%2C307&amp;ssl=1 600w, https:\/\/i0.wp.com\/www.shqiperia.com\/blog\/wp-content\/uploads\/2021\/03\/materniteti-1-1.jpg?resize=400%2C204&amp;ssl=1 400w, https:\/\/i0.wp.com\/www.shqiperia.com\/blog\/wp-content\/uploads\/2021\/03\/materniteti-1-1.jpg?w=642&amp;ssl=1 642w\" sizes=\"auto, (max-width: 657px) 100vw, 657px\" \/><\/p>\n<p><strong>Prishja e Maternitetit.\u00a0 Lubonja: &#8211; Banditiz\u00ebm! P\u00ebrs\u00ebritje e nj\u00eb traume!<\/strong><\/p>\n<p><strong>22 Mars, 2021 <\/strong><\/p>\n<p>Analisti Fatos Lubonja, i ftuar n\u00eb rubrik\u00ebn \u201cOpinion\u201d n\u00eb \u201cNews 24\u201d, duke folur p\u00ebr prishjen e Maternitetit \u201cMbret\u00ebresha Geraldin\u00eb\u201d n\u00eb Tiran\u00eb, deklaroi se akti duket banditesk.<\/p>\n<p>Lubonja theksoi se kemi t\u00eb b\u00ebjm\u00eb me nj\u00eb p\u00ebrs\u00ebritje t\u00eb nj\u00eb traume p\u00ebr qytetin. Ai shton se Tirana ka humbur pikat e veta t\u00eb referenc\u00ebs, duke th\u00ebn\u00eb se kryeqyteti dhe qytetet e tjera shqiptare po kapen p\u00ebrdit\u00eb e m\u00eb shum\u00eb nga krimi.<\/p>\n<p>\u201cE shikoj prishjen e Maternitetit si p\u00ebrs\u00ebritje t\u00eb nj\u00eb traume. Duket se Tirana po humb pikat e referimit p\u00ebr \u00e7do qytetar. Kjo t\u00eb \u00e7on tek trauma e shkat\u00ebrrimit t\u00eb Teatrit, stadiumit, traum\u00ebn e shkat\u00ebrrimit t\u00eb vilave. Tirana \u00ebsht\u00eb b\u00ebr\u00eb kryeqytet i pushtetar\u00ebve. Thuajse t\u00eb gjith\u00eb pushtetar\u00ebt thon\u00eb se \u201cgjith\u00e7ka nis me mua\u201d.<\/p>\n<p>Masakra m\u00eb e madhe \u00ebsht\u00eb b\u00ebr\u00eb pas viteve 1990, me k\u00ebt\u00eb ekonomi kriminale, me arkitektur\u00eb, q\u00eb nuk ka raport fare nd\u00ebrtim-gjelb\u00ebrim. E shikoj k\u00ebt\u00eb gj\u00eb si mos-ndjeshm\u00ebri. N\u00eb vendim-marrje nuk ka kujdes duke u konsultuar me grupet e interesit, as me arkitekt\u00eb, por vendim-marrje e dhunshme. B\u00ebhet fjal\u00eb p\u00ebr monument kulture, por Ministria e Kultur\u00ebs nuk reagon. Mafia e nd\u00ebrtimit ka kapur totalisht Bashkin\u00eb dhe justifikohet me d\u00ebmet e t\u00ebrmetit. Kjo \u00ebsht\u00eb politika e g\u00eblimit t\u00eb parave t\u00eb pista, ky qytet po kapet \u00e7do dit\u00eb nga krimi. Shqiptari do q\u00eb t\u2019i vij\u00eb e keqja te dera, ndoshta at\u00ebher\u00eb reagon. At\u00eb q\u00eb e sheh n\u00eb kod\u00ebr, prite n\u00eb vot\u00ebr, thon\u00eb\u201d, tha Lubonja.<\/p>\n<p>Duke folur p\u00ebr situat\u00ebn n\u00eb Kosov\u00eb, Lubonja n\u00ebnvizoi se L\u00ebvizja Vet\u00ebvendosje ka sfid\u00ebn e jasht\u00ebzakonshme, q\u00eb t\u00eb vendos\u00eb Kosov\u00ebn n\u00eb binar\u00ebt e nj\u00eb sistemi t\u00eb drejt\u00eb politik.<\/p>\n<p>\u201cI mbetem nj\u00eb shkrimi p\u00ebr Vet\u00ebvendosjes, ku tregoj se VV \u00ebsht\u00eb shpres\u00eb, por shpreh edhe rezervat e mia. Besoj se do kemi qeveri, q\u00eb sipas premtimeve elektorale q\u00eb jan\u00eb b\u00ebr\u00eb, ku \u00ebsht\u00eb premtuar lufta ndaj korrupsionit dhe shteti i kapur. K\u00ebtu \u00ebsht\u00eb shpresa. Sfida \u00ebsht\u00eb e jasht\u00ebzakonshme, sepse \u00ebsht\u00eb nd\u00ebrtuar nj\u00eb sistem. VV ka gjysm\u00ebn e deputet\u00ebve n\u00eb parlament. S\u00eb paku, Vet\u00ebvendosje t\u00eb mos vjedh\u00eb vet\u00eb, e ndoshta vjen drejt\u00ebsia vetiu, se nuk mund ta b\u00ebsh dot drejt\u00ebsin\u00eb si partia-shtet. Duhen par\u00eb edhe problematikat e tjera q\u00eb ka Kosova, si raporti me Shqip\u00ebrin\u00eb, dialogu me Serbin\u00eb etj. Vjosa Osmani duhet par\u00eb a i b\u00ebn dot 80 deputet\u00eb. \u00cbsht\u00eb e hapur \u00e7do, t\u00eb shohim \u00e7\u2019do ndodh\u00eb\u201d, u shpreh Lubonja.<\/p>\n<p>Nd\u00ebrsa, n\u00eb lidhje me takimin e Ram\u00ebs me Makron n\u00eb Franc\u00eb, Lubonja vler\u00ebsoi se ngjan se kemi t\u00eb b\u00ebjm\u00eb me nj\u00eb shou t\u00eb kryeministrit ton\u00eb para zgjedhjeve.<\/p>\n<p>\u201cTakimi \u00ebsht\u00eb kryer, sa di un\u00eb. Ka qen\u00eb drek\u00eb pune, ku kan\u00eb ngr\u00ebn\u00eb drek\u00eb. ne na mbetet q\u00eb t\u00eb hulumtojn\u00eb. Nuk kishte ndonj\u00eb tematik\u00eb, sa di un\u00eb. Dyshimi im si gazetar, q\u00eb kemi p\u00ebr detyr\u00eb t\u00eb dyshojm\u00eb, \u00ebsht\u00eb se kjo \u00ebsht\u00eb drek\u00eb pune e rregulluar nga Rama me miqt\u00eb e tij n\u00eb Franc\u00eb, ka z\u00ebra q\u00eb thon\u00eb se edhe sponsorizon disa takime. Sigurisht q\u00eb Franca ka interesat e veta k\u00ebtu. Dyshimi im \u00ebsht\u00eb q\u00eb Rama do t\u00eb b\u00ebj\u00eb shou para zgjedhjeve. Ashtu si\u00e7 b\u00ebri edhe shoun edhe me Erdoganin. Franca e di shum\u00eb mir\u00eb gjendjen n\u00eb Shqip\u00ebri, por politika k\u00ebshtu \u00ebsht\u00eb. Dihet se Franca ka pritur edhe Gedafin, pastaj Gedafi u hoq n\u00eb qaf\u00eb edhe nga shteti francez. Shqiptar\u00ebt duhet t\u00eb heqin dor\u00eb nga politika p\u00ebr t\u00eb sunduar shqiptar\u00ebt, t\u00eb legjitimohemi nga nd\u00ebrkomb\u00ebtar\u00ebt. Por, ne e dim\u00eb se \u00e7far\u00eb ndodh n\u00eb Shqip\u00ebri, ku merren vendime n\u00eb em\u00ebr t\u00eb nj\u00eb grupi kriminal. I zoti e nxjerr gomarin nga balta\u201d, p\u00ebrmbylli Lubonja.<\/p>\n<p>TPZ.Al<\/p>\n","protected":false},"excerpt":{"rendered":"<p>Prishja e Maternitetit.\u00a0 Lubonja: &#8211; Banditiz\u00ebm! P\u00ebrs\u00ebritje e nj\u00eb traume! 22 Mars, 2021 Analisti Fatos Lubonja, i ftuar n\u00eb rubrik\u00ebn \u201cOpinion\u201d n\u00eb \u201cNews 24\u201d, duke folur p\u00ebr prishjen e Maternitetit \u201cMbret\u00ebresha Geraldin\u00eb\u201d n\u00eb Tiran\u00eb, deklaroi se akti duket banditesk. Lubonja theksoi se kemi t\u00eb b\u00ebjm\u00eb me nj\u00eb p\u00ebrs\u00ebritje t\u00eb nj\u00eb traume p\u00ebr qytetin. Ai shton [&hellip;]<\/p>\n","protected":false},"author":9,"featured_media":45622,"comment_status":"open","ping_status":"open","sticky":false,"template":"","format":"standard","meta":{"jetpack_post_was_ever_published":false,"_jetpack_newsletter_access":"","_jetpack_dont_email_post_to_subs":false,"_jetpack_newsletter_tier_id":0,"_jetpack_memberships_contains_paywalled_content":false,"_jetpack_memberships_contains_paid_content":false,"footnotes":"","jetpack_publicize_message":"","jetpack_publicize_feature_enabled":true,"jetpack_social_post_already_shared":true,"jetpack_social_options":{"image_generator_settings":{"template":"highway","default_image_id":0,"font":"","enabled":false},"version":2}},"categories":[2,86],"tags":[],"class_list":["post-45621","post","type-post","status-publish","format-standard","has-post-thumbnail","hentry","category-politika","category-trashegimi-kulturore"],"jetpack_publicize_connections":[],"jetpack_featured_media_url":"https:\/\/i0.wp.com\/www.shqiperia.com\/blog\/wp-content\/uploads\/2021\/03\/materniteti-1-1.jpg?fit=642%2C328&ssl=1","jetpack_sharing_enabled":true,"jetpack_shortlink":"https:\/\/wp.me\/p5Z6wp-bRP","jetpack-related-posts":[{"id":81605,"url":"https:\/\/www.shqiperia.com\/blog\/shqiperia-po-perkufizohet-e-lidhur-ngushte-me-krimin-lubonja-zberthen-reportazhin-e-rai3-ja-te-vertetat-qe-publikoi\/","url_meta":{"origin":45621,"position":0},"title":"\u2018\u2019Shqip\u00ebria po p\u00ebrkufizohet e lidhur ngusht\u00eb me krimin\u2019\u2019. &#8211; Lubonja \u201czb\u00ebrthen\u201d reportazhin e RAI3: Ja t\u00eb v\u00ebrtetat q\u00eb publikoi!","author":"Kurt Farka","date":"June 4, 2024","format":false,"excerpt":"4 Qershor 2024 N\u00eb emisionin Open n\u00eb News 24 mbr\u00ebmjen e sotme \u00ebsht\u00eb diskutuar me nj\u00eb panel t\u00eb ftuarish lidhur me dokumentarin mbi Shqip\u00ebrin\u00eb t\u00eb publikuar nga RAI3. Analisti Fatos Lubonja n\u00eb nj\u00eb lidhje Skype tha se Ram\u00ebs nuk i vjen mir\u00eb q\u00eb shteti yn\u00eb po p\u00ebrkufizohet si i lidhur\u2026","rel":"","context":"In &quot;Blogu i Udh\u00ebtarit&quot;","block_context":{"text":"Blogu i Udh\u00ebtarit","link":"https:\/\/www.shqiperia.com\/blog\/category\/blogu-i-udhetarit\/"},"img":{"alt_text":"","src":"https:\/\/i0.wp.com\/www.shqiperia.com\/blog\/wp-content\/uploads\/2024\/06\/lubonja-rama-1.jpg?fit=800%2C416&ssl=1&resize=350%2C200","width":350,"height":200,"srcset":"https:\/\/i0.wp.com\/www.shqiperia.com\/blog\/wp-content\/uploads\/2024\/06\/lubonja-rama-1.jpg?fit=800%2C416&ssl=1&resize=350%2C200 1x, https:\/\/i0.wp.com\/www.shqiperia.com\/blog\/wp-content\/uploads\/2024\/06\/lubonja-rama-1.jpg?fit=800%2C416&ssl=1&resize=525%2C300 1.5x, https:\/\/i0.wp.com\/www.shqiperia.com\/blog\/wp-content\/uploads\/2024\/06\/lubonja-rama-1.jpg?fit=800%2C416&ssl=1&resize=700%2C400 2x"},"classes":[]},{"id":8127,"url":"https:\/\/www.shqiperia.com\/blog\/lubonja-kujton-miqte-e-pushkatuar-nga-komunizmi-askush-nuk-ben-perpjekje-per-te-gjetur-eshtrat-e-ketyre-njerezve\/","url_meta":{"origin":45621,"position":1},"title":"Lubonja kujton miqt\u00eb e pushkatuar nga komunizmi: Askush nuk b\u00ebn p\u00ebrpjekje p\u00ebr t\u00eb gjetur eshtrat e k\u00ebtyre njer\u00ebzve. &#8212;","author":"Kurt Farka","date":"May 30, 2018","format":false,"excerpt":"Lubonja kujton miqt\u00eb e pushkatuar nga komunizmi: Askush nuk b\u00ebn p\u00ebrpjekje p\u00ebr t\u00eb gjetur eshtrat e k\u00ebtyre njer\u00ebzve.- \"Un\u00eb kisha dhe pak \u00e7aste p\u00ebr t\u00eb q\u00ebndruar aty me Fadilin dhe Vangjelin\". Fatos Lubonja njihet si nj\u00eb figur\u00eb e ftoht\u00eb dhe racionale n\u00eb publik dhe q\u00eb nuk l\u00ebshon zemra por ai\u2026","rel":"","context":"In &quot;Histori&quot;","block_context":{"text":"Histori","link":"https:\/\/www.shqiperia.com\/blog\/category\/histori\/"},"img":{"alt_text":"","src":"https:\/\/i0.wp.com\/www.shqiperia.com\/blog\/wp-content\/uploads\/2018\/05\/auto_ridenimi1527052053.jpg?fit=900%2C417&ssl=1&resize=350%2C200","width":350,"height":200,"srcset":"https:\/\/i0.wp.com\/www.shqiperia.com\/blog\/wp-content\/uploads\/2018\/05\/auto_ridenimi1527052053.jpg?fit=900%2C417&ssl=1&resize=350%2C200 1x, https:\/\/i0.wp.com\/www.shqiperia.com\/blog\/wp-content\/uploads\/2018\/05\/auto_ridenimi1527052053.jpg?fit=900%2C417&ssl=1&resize=525%2C300 1.5x, https:\/\/i0.wp.com\/www.shqiperia.com\/blog\/wp-content\/uploads\/2018\/05\/auto_ridenimi1527052053.jpg?fit=900%2C417&ssl=1&resize=700%2C400 2x"},"classes":[]},{"id":43490,"url":"https:\/\/www.shqiperia.com\/blog\/nuk-e-kam-imagjinuar-kurre-se-analisti-fatos-lubonja-shperndan-videon-kullat-e-mafies-po-zevendesojne-ndertesat-historike-ne-tirane\/","url_meta":{"origin":45621,"position":2},"title":"\u201cNuk e kam imagjinuar kurr\u00eb se\u2026\u201d\/ Analisti Fatos Lubonja shp\u00ebrndan videon: Kullat e mafies po z\u00ebvend\u00ebsojn\u00eb nd\u00ebrtesat historike n\u00eb Tiran\u00eb","author":"Kurt Farka","date":"January 28, 2021","format":false,"excerpt":"\u201cNuk e kam imagjinuar kurr\u00eb se\u2026\u201d\/ Analisti Fatos Lubonja shp\u00ebrndan videon: Kullat e mafies po z\u00ebvend\u00ebsojn\u00eb nd\u00ebrtesat historike n\u00eb Tiran\u00eb 27 janar 2021 Rreth 20 vjet pasi qendra e Tiran\u00ebs u shpall monument kulture, panorama e qendr\u00ebs s\u00eb kryeqytetit shqiptar \u00ebsht\u00eb komplet ndryshe. Duke publikuar nj\u00eb video se \u00e7far\u00eb ka\u2026","rel":"","context":"In &quot;Blogu i Udh\u00ebtarit&quot;","block_context":{"text":"Blogu i Udh\u00ebtarit","link":"https:\/\/www.shqiperia.com\/blog\/category\/blogu-i-udhetarit\/"},"img":{"alt_text":"","src":"https:\/\/i0.wp.com\/www.shqiperia.com\/blog\/wp-content\/uploads\/2021\/01\/kullat1.jpg?fit=661%2C354&ssl=1&resize=350%2C200","width":350,"height":200,"srcset":"https:\/\/i0.wp.com\/www.shqiperia.com\/blog\/wp-content\/uploads\/2021\/01\/kullat1.jpg?fit=661%2C354&ssl=1&resize=350%2C200 1x, https:\/\/i0.wp.com\/www.shqiperia.com\/blog\/wp-content\/uploads\/2021\/01\/kullat1.jpg?fit=661%2C354&ssl=1&resize=525%2C300 1.5x"},"classes":[]},{"id":92791,"url":"https:\/\/www.shqiperia.com\/blog\/fatos-lubonja-eshte-instaluar-nje-regjim-qe-nuk-e-leshon-pushtetin-me-proces-zgjedhor\/","url_meta":{"origin":45621,"position":3},"title":"Fatos Lubonja: &#8211; \u00cbsht\u00eb instaluar nj\u00eb regjim q\u00eb nuk e l\u00ebshon pushtetin me proces zgjedhor","author":"Kurt Farka","date":"June 27, 2025","format":false,"excerpt":"27 Qershor 2025 Analisti i njohur Fatos Lubonja e konsideron debatin p\u00ebr hapjen e kutive si \u201cshum\u00eb zhurm\u00eb p\u00ebr asgj\u00eb\u201d. I ftuar n\u00eb emisionin \u201cLog.\u201d, Lubonja tha se manipulimi i zgjedhjeve nuk ndodh p\u00ebrmes nj\u00eb instrumenti t\u00eb vet\u00ebm, por p\u00ebrmes nj\u00eb aparati t\u00eb t\u00ebr\u00eb shtet\u00ebror n\u00eb sh\u00ebrbim t\u00eb nj\u00eb partie\u2026","rel":"","context":"In &quot;Blogu i Udh\u00ebtarit&quot;","block_context":{"text":"Blogu i Udh\u00ebtarit","link":"https:\/\/www.shqiperia.com\/blog\/category\/blogu-i-udhetarit\/"},"img":{"alt_text":"","src":"https:\/\/i0.wp.com\/www.shqiperia.com\/blog\/wp-content\/uploads\/2025\/06\/auto_Fatos_Lubonja1477810771.jpg?fit=860%2C484&ssl=1&resize=350%2C200","width":350,"height":200,"srcset":"https:\/\/i0.wp.com\/www.shqiperia.com\/blog\/wp-content\/uploads\/2025\/06\/auto_Fatos_Lubonja1477810771.jpg?fit=860%2C484&ssl=1&resize=350%2C200 1x, https:\/\/i0.wp.com\/www.shqiperia.com\/blog\/wp-content\/uploads\/2025\/06\/auto_Fatos_Lubonja1477810771.jpg?fit=860%2C484&ssl=1&resize=525%2C300 1.5x, https:\/\/i0.wp.com\/www.shqiperia.com\/blog\/wp-content\/uploads\/2025\/06\/auto_Fatos_Lubonja1477810771.jpg?fit=860%2C484&ssl=1&resize=700%2C400 2x"},"classes":[]},{"id":48477,"url":"https:\/\/www.shqiperia.com\/blog\/arrestimet-e-zyrtareve-nga-spak-analiza-e-fatos-lubonjes-regjisori-eshte-edi-rama-ben-operacione-per-te-krijuar-idene-se-po-nderton-shtet\/","url_meta":{"origin":45621,"position":4},"title":"Arrestimet e zyrtar\u00ebve nga SPAK. \u00a0Analiza e Fatos Lubonj\u00ebs:  &#8211; Regjisori \u00ebsht\u00eb Edi Rama, b\u00ebn operacione p\u00ebr t\u00eb krijuar iden\u00eb se po nd\u00ebrton shtet!","author":"Kurt Farka","date":"July 14, 2021","format":false,"excerpt":"Arrestimet e zyrtar\u00ebve nga SPAK. \u00a0Analiza e Fatos Lubonj\u00ebs: - Regjisori \u00ebsht\u00eb Edi Rama, b\u00ebn operacione p\u00ebr t\u00eb krijuar iden\u00eb se po nd\u00ebrton shtet! 14 korrik 2021 lubonja-spakAnalisti Fatos Lubonja ka komentuar aksionet e fundit t\u00eb SPAK, ku n\u00eb pranga jan\u00eb v\u00ebn\u00eb zyrtar\u00eb t\u00eb lart\u00eb t\u00eb shtetit. N\u00eb nj\u00eb intervist\u00eb\u2026","rel":"","context":"In &quot;Blogu i Udh\u00ebtarit&quot;","block_context":{"text":"Blogu i Udh\u00ebtarit","link":"https:\/\/www.shqiperia.com\/blog\/category\/blogu-i-udhetarit\/"},"img":{"alt_text":"","src":"https:\/\/i0.wp.com\/www.shqiperia.com\/blog\/wp-content\/uploads\/2021\/07\/Fatos-Lubonja.jpg?fit=800%2C454&ssl=1&resize=350%2C200","width":350,"height":200,"srcset":"https:\/\/i0.wp.com\/www.shqiperia.com\/blog\/wp-content\/uploads\/2021\/07\/Fatos-Lubonja.jpg?fit=800%2C454&ssl=1&resize=350%2C200 1x, https:\/\/i0.wp.com\/www.shqiperia.com\/blog\/wp-content\/uploads\/2021\/07\/Fatos-Lubonja.jpg?fit=800%2C454&ssl=1&resize=525%2C300 1.5x, https:\/\/i0.wp.com\/www.shqiperia.com\/blog\/wp-content\/uploads\/2021\/07\/Fatos-Lubonja.jpg?fit=800%2C454&ssl=1&resize=700%2C400 2x"},"classes":[]},{"id":78919,"url":"https:\/\/www.shqiperia.com\/blog\/gjirokastra-me-pak-femije-ne-dropull-vetem-tre-lindje-te-reja-ne-nje-vit-te-gjithe-jane-ne-emigrim\/","url_meta":{"origin":45621,"position":5},"title":"Gjirokastra, m\u00eb pak f\u00ebmij\u00eb! &#8211; N\u00eb Dropull vet\u00ebm tre lindje t\u00eb reja n\u00eb nj\u00eb vit. &#8211; T\u00eb gjith\u00eb jan\u00eb n\u00eb emigrim","author":"Kurt Farka","date":"March 6, 2024","format":false,"excerpt":"6 Mars 2024 Qarku i Gjirokastr\u00ebs prej m\u00eb shum\u00eb se nj\u00eb dekade po regjistron ritmin m\u00eb t\u00eb ul\u00ebt t\u00eb shtimit t\u00eb popullsis\u00eb n\u00eb vend me nj\u00eb num\u00ebr minimal lindjesh t\u00eb reja. Ka bashki si ajo e Dropullit q\u00eb kan\u00eb gjithsej 3 lindje p\u00ebrgjat\u00eb gjith\u00eb vitit 2023 p\u00ebr shkak t\u00eb faktit\u2026","rel":"","context":"In &quot;Blogu i Udh\u00ebtarit&quot;","block_context":{"text":"Blogu i Udh\u00ebtarit","link":"https:\/\/www.shqiperia.com\/blog\/category\/blogu-i-udhetarit\/"},"img":{"alt_text":"","src":"https:\/\/i0.wp.com\/www.shqiperia.com\/blog\/wp-content\/uploads\/2024\/03\/gjirokaster-800x450-1.jpg?fit=790%2C450&ssl=1&resize=350%2C200","width":350,"height":200,"srcset":"https:\/\/i0.wp.com\/www.shqiperia.com\/blog\/wp-content\/uploads\/2024\/03\/gjirokaster-800x450-1.jpg?fit=790%2C450&ssl=1&resize=350%2C200 1x, https:\/\/i0.wp.com\/www.shqiperia.com\/blog\/wp-content\/uploads\/2024\/03\/gjirokaster-800x450-1.jpg?fit=790%2C450&ssl=1&resize=525%2C300 1.5x, https:\/\/i0.wp.com\/www.shqiperia.com\/blog\/wp-content\/uploads\/2024\/03\/gjirokaster-800x450-1.jpg?fit=790%2C450&ssl=1&resize=700%2C400 2x"},"classes":[]}],"_links":{"self":[{"href":"https:\/\/www.shqiperia.com\/blog\/wp-json\/wp\/v2\/posts\/45621","targetHints":{"allow":["GET"]}}],"collection":[{"href":"https:\/\/www.shqiperia.com\/blog\/wp-json\/wp\/v2\/posts"}],"about":[{"href":"https:\/\/www.shqiperia.com\/blog\/wp-json\/wp\/v2\/types\/post"}],"author":[{"embeddable":true,"href":"https:\/\/www.shqiperia.com\/blog\/wp-json\/wp\/v2\/users\/9"}],"replies":[{"embeddable":true,"href":"https:\/\/www.shqiperia.com\/blog\/wp-json\/wp\/v2\/comments?post=45621"}],"version-history":[{"count":1,"href":"https:\/\/www.shqiperia.com\/blog\/wp-json\/wp\/v2\/posts\/45621\/revisions"}],"predecessor-version":[{"id":45623,"href":"https:\/\/www.shqiperia.com\/blog\/wp-json\/wp\/v2\/posts\/45621\/revisions\/45623"}],"wp:featuredmedia":[{"embeddable":true,"href":"https:\/\/www.shqiperia.com\/blog\/wp-json\/wp\/v2\/media\/45622"}],"wp:attachment":[{"href":"https:\/\/www.shqiperia.com\/blog\/wp-json\/wp\/v2\/media?parent=45621"}],"wp:term":[{"taxonomy":"category","embeddable":true,"href":"https:\/\/www.shqiperia.com\/blog\/wp-json\/wp\/v2\/categories?post=45621"},{"taxonomy":"post_tag","embeddable":true,"href":"https:\/\/www.shqiperia.com\/blog\/wp-json\/wp\/v2\/tags?post=45621"}],"curies":[{"name":"wp","href":"https:\/\/api.w.org\/{rel}","templated":true}]}}