{"id":45612,"date":"2021-03-22T13:03:20","date_gmt":"2021-03-22T13:03:20","guid":{"rendered":"https:\/\/www.shqiperia.com\/blog\/?p=45612"},"modified":"2021-03-22T13:03:20","modified_gmt":"2021-03-22T13:03:20","slug":"media-nderkombetare-censura-e-medias-korrupsioni-dhe-deshtimi-i-reformes-ne-drejtesi-rrezikojne-rrugen-e-shqiperise-drejt-be","status":"publish","type":"post","link":"https:\/\/www.shqiperia.com\/blog\/media-nderkombetare-censura-e-medias-korrupsioni-dhe-deshtimi-i-reformes-ne-drejtesi-rrezikojne-rrugen-e-shqiperise-drejt-be\/","title":{"rendered":"Media nd\u00ebrkomb\u00ebtare: Censura e medias, korrupsioni dhe d\u00ebshtimi i Reform\u00ebs n\u00eb Drejt\u00ebsi rrezikojn\u00eb rrug\u00ebn e Shqip\u00ebris\u00eb drejt BE"},"content":{"rendered":"<p><img data-recalc-dims=\"1\" loading=\"lazy\" decoding=\"async\" data-attachment-id=\"45613\" data-permalink=\"https:\/\/www.shqiperia.com\/blog\/media-nderkombetare-censura-e-medias-korrupsioni-dhe-deshtimi-i-reformes-ne-drejtesi-rrezikojne-rrugen-e-shqiperise-drejt-be\/edi-rama-63\/\" data-orig-file=\"https:\/\/i0.wp.com\/www.shqiperia.com\/blog\/wp-content\/uploads\/2021\/03\/Edi-rama-3.jpg?fit=720%2C445&amp;ssl=1\" data-orig-size=\"720,445\" data-comments-opened=\"1\" data-image-meta=\"{&quot;aperture&quot;:&quot;0&quot;,&quot;credit&quot;:&quot;&quot;,&quot;camera&quot;:&quot;&quot;,&quot;caption&quot;:&quot;&quot;,&quot;created_timestamp&quot;:&quot;0&quot;,&quot;copyright&quot;:&quot;&quot;,&quot;focal_length&quot;:&quot;0&quot;,&quot;iso&quot;:&quot;0&quot;,&quot;shutter_speed&quot;:&quot;0&quot;,&quot;title&quot;:&quot;&quot;,&quot;orientation&quot;:&quot;0&quot;}\" data-image-title=\"Edi rama\" data-image-description=\"\" data-image-caption=\"\" data-medium-file=\"https:\/\/i0.wp.com\/www.shqiperia.com\/blog\/wp-content\/uploads\/2021\/03\/Edi-rama-3.jpg?fit=300%2C185&amp;ssl=1\" data-large-file=\"https:\/\/i0.wp.com\/www.shqiperia.com\/blog\/wp-content\/uploads\/2021\/03\/Edi-rama-3.jpg?fit=720%2C445&amp;ssl=1\" class=\"alignnone  wp-image-45613\" alt=\"\" src=\"https:\/\/i0.wp.com\/www.shqiperia.com\/blog\/wp-content\/uploads\/2021\/03\/Edi-rama-3.jpg?resize=584%2C362&#038;ssl=1\" width=\"584\" height=\"362\" srcset=\"https:\/\/i0.wp.com\/www.shqiperia.com\/blog\/wp-content\/uploads\/2021\/03\/Edi-rama-3.jpg?resize=300%2C185&amp;ssl=1 300w, https:\/\/i0.wp.com\/www.shqiperia.com\/blog\/wp-content\/uploads\/2021\/03\/Edi-rama-3.jpg?resize=450%2C278&amp;ssl=1 450w, https:\/\/i0.wp.com\/www.shqiperia.com\/blog\/wp-content\/uploads\/2021\/03\/Edi-rama-3.jpg?resize=600%2C371&amp;ssl=1 600w, https:\/\/i0.wp.com\/www.shqiperia.com\/blog\/wp-content\/uploads\/2021\/03\/Edi-rama-3.jpg?resize=400%2C247&amp;ssl=1 400w, https:\/\/i0.wp.com\/www.shqiperia.com\/blog\/wp-content\/uploads\/2021\/03\/Edi-rama-3.jpg?w=720&amp;ssl=1 720w\" sizes=\"auto, (max-width: 584px) 100vw, 584px\" \/><\/p>\n<p>Media nd\u00ebrkomb\u00ebtare: Censura e medias, korrupsioni dhe d\u00ebshtimi i Reform\u00ebs n\u00eb Drejt\u00ebsi rrezikojn\u00eb rrug\u00ebn e Shqip\u00ebris\u00eb drejt BE<\/p>\n<p><a href=\"https:\/\/kohajone.com\/media-nderkombetare-censura-e-medias-korrupsioni-dhe-deshtimi-i-reformes-ne-drejtesi-rrezikojne-rrugen-e-shqiperise-drejt-be\/\">22\/03\/2021 <\/a><\/p>\n<p>N\u00eb Shqip\u00ebri, censura e medias, korrupsioni dhe ligji p\u00ebr antishpifjen po rrezikojn\u00eb aspiratat e vendit drejt Bashkimit Evropian. Kryeministri Edi Rama u ka b\u00ebr\u00eb presion an\u00ebtar\u00ebve t\u00eb parlamentit p\u00ebr t\u00eb miratuar ligje q\u00eb do t\u00eb censurojn\u00eb m\u00eb tej mediat dhe do t\u00eb heshtin t\u00eb gjitha gazetat q\u00eb kritikojn\u00eb qeverin\u00eb. Modelet n\u00eb rritje t\u00eb korrupsionit, nepotizmi n\u00eb gjyq\u00ebsor dhe ryshfeti midis zyrtar\u00ebve t\u00eb lart\u00eb jan\u00eb b\u00ebr\u00eb pengesat kryesore n\u00eb rrug\u00ebn e Shqip\u00ebris\u00eb drejt Bashkimit Evropian.<br \/>\nKredencialet e Ram\u00ebs n\u00eb nxitjen e institucioneve demokratike jan\u00eb p\u00ebrkeq\u00ebsuar q\u00eb nga viti 2017, me ministrat e qeveris\u00eb s\u00eb tij t\u00eb p\u00ebrqendruar vet\u00ebm pasurohen vet\u00eb n\u00eb d\u00ebm t\u00eb popullit shqiptar. Reforma n\u00eb drejt\u00ebsi, duke p\u00ebrfshir\u00eb zgjedhjen e an\u00ebtar\u00ebve t\u00eb rinj n\u00eb Gjykat\u00ebn Kushtetuese dhe krijimin e K\u00ebshillit t\u00eb Lart\u00eb t\u00eb Drejt\u00ebsis\u00eb, jan\u00eb disa nga sfidat endemike q\u00eb po prishin procesin e integrimit t\u00eb Shqip\u00ebris\u00eb n\u00eb BE.<\/p>\n<p>Sipas Tobias R\u00fcttershoff t\u00eb Fondacionit Konrad Adenauer: \u201cMinistrat p\u00ebr Evrop\u00ebn e 27 shteteve t\u00eb BE miratuan dhe plot\u00ebsuan k\u00ebrkesa nga Bundestag n\u00eb m\u00ebnyr\u00eb q\u00eb shteti i Ballkanit Per\u00ebndimor tani duhet t\u00eb p\u00ebrmbush\u00eb 15 kushte para se t\u00eb hapen kapitujt ose grupimet individuale t\u00eb negociatave. Gjasht\u00eb prej t\u00eb cilave ende duhet t\u00eb p\u00ebrmbushen para fillimit t\u00eb konferenc\u00ebs s\u00eb par\u00eb nd\u00ebrqeveritare. Edhe pse shpresat ishin t\u00eb m\u00ebdha p\u00ebr k\u00ebto gjasht\u00eb kushte q\u00eb ishin p\u00ebrmbushur para fundit t\u00eb vitit 2020 dhe, k\u00ebshtu, n\u00eb konferenc\u00ebn q\u00eb po zhvillohej si pjes\u00eb e Presidenc\u00ebs gjermane t\u00eb K\u00ebshillit t\u00eb BE, shanset p\u00ebr k\u00ebt\u00eb aktualisht po zvog\u00eblohen. \u201d Konferenca e par\u00eb nd\u00ebrqeveritare \u00ebsht\u00eb nj\u00eb \u00e7\u00ebshtje n\u00eb pritje dhe sigurisht q\u00eb nuk do t\u00eb zhvillohet deri n\u00eb gjysm\u00ebn e dyt\u00eb t\u00eb vitit 2022.<\/p>\n<p>N\u00eb vitin 2014, Shqip\u00ebria u rendit nga Reporter\u00ebt pa Kufij 85 nga 173 vende n\u00eb Indeksin e saj t\u00eb Liris\u00eb s\u00eb Shtypit. Si nj\u00eb vend me mbi 2.8 milion njer\u00ebz, Shqip\u00ebria ka 25 gazeta ditore, 69 botime tremujore, mbi 100 kanale televizive dhe 36 revista mujore.<\/p>\n<p>Fenomeni i vet\u00ebcensur\u00ebs \u00ebsht\u00eb i p\u00ebrhapur dhe gjendet n\u00eb media private dhe shtet\u00ebrore dhe p\u00ebrfaq\u00ebson nj\u00eb nga sfidat m\u00eb t\u00eb m\u00ebdha p\u00ebr tregun e medias sot n\u00eb Shqip\u00ebri.<\/p>\n<p>N\u00eb Tiran\u00eb, gazetar\u00ebt vazhdojn\u00eb t\u00eb praktikojn\u00eb vet\u00ebcensur\u00eb p\u00ebr shkak t\u00eb frik\u00ebs nga pasojat n\u00eb at\u00eb q\u00eb mund t\u00eb ndodh\u00eb n\u00ebse botojn\u00eb disa informacione. Ata kan\u00eb frik\u00eb nga d\u00ebmtimi i vetvetes ose i familjeve t\u00eb tyre, procese gjyq\u00ebsore ose d\u00ebnime t\u00eb tjera. Media e shkruar p\u00ebrdoret si nj\u00eb mjet p\u00ebr t\u00eb promovuar interesat ekonomike dhe private politike n\u00eb t\u00eb nj\u00ebjt\u00ebn koh\u00eb zbatimi i dob\u00ebt i t\u00eb drejtave t\u00eb pun\u00ebs midis gazetar\u00ebve i b\u00ebn k\u00ebta t\u00eb fundit shum\u00eb t\u00eb preksh\u00ebm ndaj diskriminimit dhe shkarkimit pa shkak.<\/p>\n<p>Megjith\u00ebse Perdja e Hekurt ra rreth tridhjet\u00eb vjet m\u00eb par\u00eb, ndjekjet penale jan\u00eb b\u00ebr\u00eb nj\u00eb praktik\u00eb fam\u00ebkeqe n\u00eb agjend\u00ebn politike t\u00eb Edi Ram\u00ebs, nd\u00ebrkoh\u00eb, miqt\u00eb e tij po pengojn\u00eb reformat n\u00eb drejt\u00ebsi. Nd\u00ebrsa Shqip\u00ebria p\u00ebrgatitet t\u00eb mbaj\u00eb zgjedhjet parlamentare n\u00eb 25 Prill, mungesa e reformave gjyq\u00ebsore \u00ebsht\u00eb provuar t\u00eb jet\u00eb fatale n\u00eb munges\u00eb t\u00eb pavar\u00ebsis\u00eb institucionale t\u00eb vendit e cila fuqizon krimin e organizuar t\u00eb veproj\u00eb me pand\u00ebshkueshm\u00ebri t\u00eb plot\u00eb brenda Shqip\u00ebris\u00eb. Sipas Associated Press: \u201cZgjedhjet n\u00eb Shqip\u00ebri gjithmon\u00eb jan\u00eb kontestuar me forc\u00eb dhe shpesh jan\u00eb d\u00ebmtuar nga parregullsi, duke p\u00ebrfshir\u00eb pretendimin e blerjes s\u00eb vot\u00ebs dhe manipulimin e num\u00ebrimit t\u00eb votave.\u201d<\/p>\n<p>Vendi po p\u00ebrjeton nj\u00eb nga momentet m\u00eb t\u00eb k\u00ebqija n\u00eb historin\u00eb e tij moderne. Institucionet shqiptare, me p\u00ebrjashtim t\u00eb presidenc\u00ebs, jan\u00eb\u00a0 n\u00eb diktatin\u00a0 e plot\u00eb t\u00eb Edi Ram\u00ebs.<\/p>\n<p>Burimi:\u00a0<a href=\"https:\/\/intpolicydigest.org\/blog\/albania-s-censored-media-and-failed-judiciary\/\">https:\/\/intpolicydigest.org\/blog\/albania-s-censored-media-and-failed-judiciary\/<\/a><\/p>\n<p>Nga G. Koha e Jone<\/p>\n","protected":false},"excerpt":{"rendered":"<p>Media nd\u00ebrkomb\u00ebtare: Censura e medias, korrupsioni dhe d\u00ebshtimi i Reform\u00ebs n\u00eb Drejt\u00ebsi rrezikojn\u00eb rrug\u00ebn e Shqip\u00ebris\u00eb drejt BE 22\/03\/2021 N\u00eb Shqip\u00ebri, censura e medias, korrupsioni dhe ligji p\u00ebr antishpifjen po rrezikojn\u00eb aspiratat e vendit drejt Bashkimit Evropian. Kryeministri Edi Rama u ka b\u00ebr\u00eb presion an\u00ebtar\u00ebve t\u00eb parlamentit p\u00ebr t\u00eb miratuar ligje q\u00eb do t\u00eb censurojn\u00eb [&hellip;]<\/p>\n","protected":false},"author":9,"featured_media":45613,"comment_status":"open","ping_status":"open","sticky":false,"template":"","format":"standard","meta":{"jetpack_post_was_ever_published":false,"_jetpack_newsletter_access":"","_jetpack_dont_email_post_to_subs":false,"_jetpack_newsletter_tier_id":0,"_jetpack_memberships_contains_paywalled_content":false,"_jetpack_memberships_contains_paid_content":false,"footnotes":"","jetpack_publicize_message":"","jetpack_publicize_feature_enabled":true,"jetpack_social_post_already_shared":true,"jetpack_social_options":{"image_generator_settings":{"template":"highway","default_image_id":0,"font":"","enabled":false},"version":2}},"categories":[27,2,35],"tags":[],"class_list":["post-45612","post","type-post","status-publish","format-standard","has-post-thumbnail","hentry","category-blogu-i-udhetarit","category-politika","category-shoqerore"],"jetpack_publicize_connections":[],"jetpack_featured_media_url":"https:\/\/i0.wp.com\/www.shqiperia.com\/blog\/wp-content\/uploads\/2021\/03\/Edi-rama-3.jpg?fit=720%2C445&ssl=1","jetpack_sharing_enabled":true,"jetpack_shortlink":"https:\/\/wp.me\/p5Z6wp-bRG","jetpack-related-posts":[{"id":91955,"url":"https:\/\/www.shqiperia.com\/blog\/tallja-e-rames-me-integrimin-ne-be\/","url_meta":{"origin":45612,"position":0},"title":"Tallja e Ram\u00ebs me integrimin n\u00eb BE","author":"Kurt Farka","date":"April 28, 2025","format":false,"excerpt":"28 Prill 2025 Nga: Alfapress. Edi Rama po i trajton shqiptar\u00ebt si budallenj kur thot\u00eb se vet\u00ebm ai mund ta integroj\u00eb Shqip\u00ebrin\u00eb n\u00eb Bashkimin Evropian. Kjo deklarat\u00eb \u00ebsht\u00eb jo vet\u00ebm fyese, por edhe e pav\u00ebrtet\u00eb, pasi zgjerimi i BE-s\u00eb me vende t\u00eb reja \u00ebsht\u00eb nj\u00eb politik\u00eb e vet\u00eb Bashkimit Evropian\u2026","rel":"","context":"In &quot;Blogu i Udh\u00ebtarit&quot;","block_context":{"text":"Blogu i Udh\u00ebtarit","link":"https:\/\/www.shqiperia.com\/blog\/category\/blogu-i-udhetarit\/"},"img":{"alt_text":"","src":"https:\/\/i0.wp.com\/www.shqiperia.com\/blog\/wp-content\/uploads\/2025\/04\/640-0-auto-ed11581626599-221.jpg?fit=640%2C353&ssl=1&resize=350%2C200","width":350,"height":200,"srcset":"https:\/\/i0.wp.com\/www.shqiperia.com\/blog\/wp-content\/uploads\/2025\/04\/640-0-auto-ed11581626599-221.jpg?fit=640%2C353&ssl=1&resize=350%2C200 1x, https:\/\/i0.wp.com\/www.shqiperia.com\/blog\/wp-content\/uploads\/2025\/04\/640-0-auto-ed11581626599-221.jpg?fit=640%2C353&ssl=1&resize=525%2C300 1.5x"},"classes":[]},{"id":77564,"url":"https:\/\/www.shqiperia.com\/blog\/parlamenti-europian-te-perfshihen-te-gjithe-zerat-nga-opozita-ne-procesin-e-reformes-zgjedhore-per-te-siguruar-perfaqesim-te-vertete\/","url_meta":{"origin":45612,"position":1},"title":"Parlamenti Europian: &#8211; T\u00eb p\u00ebrfshihen t\u00eb gjith\u00eb z\u00ebrat nga opozita n\u00eb procesin e Reform\u00ebs Zgjedhore p\u00ebr t\u00eb siguruar p\u00ebrfaq\u00ebsim t\u00eb v\u00ebrtet\u00eb.","author":"Kurt Farka","date":"January 23, 2024","format":false,"excerpt":"23 Janar 2024 Komisioni i Stabilizim-Asociimit n\u00eb Parlamentin Europian ka miratuar n\u00eb Komitetin e Stabilizimit rekomandimet p\u00ebr Shqip\u00ebrin\u00eb. N\u00eb Rezolut\u00ebn e Parlamentit Europian p\u00ebr Shqip\u00ebrin\u00eb, evidentohet kryesisht disa \u00e7\u00ebshtje kryesore. \u201cT\u00eb p\u00ebrfshihen t\u00eb gjith\u00eb z\u00ebrat nga opozita n\u00eb procesin e Reform\u00ebs Zgjedhore p\u00ebr t\u00eb siguruar p\u00ebrfaq\u00ebsim t\u00eb v\u00ebrtet\u00eb. T\u00eb p\u00ebrdoren\u2026","rel":"","context":"In &quot;Blogu i Udh\u00ebtarit&quot;","block_context":{"text":"Blogu i Udh\u00ebtarit","link":"https:\/\/www.shqiperia.com\/blog\/category\/blogu-i-udhetarit\/"},"img":{"alt_text":"","src":"https:\/\/i0.wp.com\/www.shqiperia.com\/blog\/wp-content\/uploads\/2023\/06\/800-0-f01d1aa224b1bb38e7e72037877edccc-300x183.jpg?resize=350%2C200&ssl=1","width":350,"height":200,"srcset":"https:\/\/i0.wp.com\/www.shqiperia.com\/blog\/wp-content\/uploads\/2023\/06\/800-0-f01d1aa224b1bb38e7e72037877edccc-300x183.jpg?resize=350%2C200&ssl=1 1x, https:\/\/i0.wp.com\/www.shqiperia.com\/blog\/wp-content\/uploads\/2023\/06\/800-0-f01d1aa224b1bb38e7e72037877edccc-300x183.jpg?resize=525%2C300&ssl=1 1.5x, https:\/\/i0.wp.com\/www.shqiperia.com\/blog\/wp-content\/uploads\/2023\/06\/800-0-f01d1aa224b1bb38e7e72037877edccc-300x183.jpg?resize=700%2C400&ssl=1 2x"},"classes":[]},{"id":97574,"url":"https:\/\/www.shqiperia.com\/blog\/ke-i-kerkon-kuvendit-te-shqyrtoje-pa-vonese-heqjen-e-imunitetit-te-ballukut\/","url_meta":{"origin":45612,"position":2},"title":"KE i k\u00ebrkon Kuvendit t\u00eb shqyrtoj\u00eb pa vones\u00eb heqjen e imunitetit t\u00eb Ballukut","author":"Kurt Farka","date":"February 10, 2026","format":false,"excerpt":"10 Shkurt 2026 Bashkimi Evropian ka reaguar lidhur me mosveprimin e Kuvendit t\u00eb Shqip\u00ebris\u00eb p\u00ebr k\u00ebrkes\u00ebn e SPAK-ut p\u00ebr heqjen e imunitetit t\u00eb z\u00ebvend\u00ebskryeministres Belinda Balluku, e pezulluar nga detyra dhe p\u00ebr t\u00eb cil\u00ebn mas\u00ebn e ka mbajtur n\u00eb fuqi edhe Gjykata Kushtetuese. P\u00ebrgjigja e plot\u00eb e z\u00ebdh\u00ebn\u00ebsit t\u00eb KE\u2026","rel":"","context":"In &quot;Blogu i Udh\u00ebtarit&quot;","block_context":{"text":"Blogu i Udh\u00ebtarit","link":"https:\/\/www.shqiperia.com\/blog\/category\/blogu-i-udhetarit\/"},"img":{"alt_text":"","src":"https:\/\/i0.wp.com\/www.shqiperia.com\/blog\/wp-content\/uploads\/2026\/02\/balluku-1-1.jpg?fit=1200%2C800&ssl=1&resize=350%2C200","width":350,"height":200,"srcset":"https:\/\/i0.wp.com\/www.shqiperia.com\/blog\/wp-content\/uploads\/2026\/02\/balluku-1-1.jpg?fit=1200%2C800&ssl=1&resize=350%2C200 1x, https:\/\/i0.wp.com\/www.shqiperia.com\/blog\/wp-content\/uploads\/2026\/02\/balluku-1-1.jpg?fit=1200%2C800&ssl=1&resize=525%2C300 1.5x, https:\/\/i0.wp.com\/www.shqiperia.com\/blog\/wp-content\/uploads\/2026\/02\/balluku-1-1.jpg?fit=1200%2C800&ssl=1&resize=700%2C400 2x, https:\/\/i0.wp.com\/www.shqiperia.com\/blog\/wp-content\/uploads\/2026\/02\/balluku-1-1.jpg?fit=1200%2C800&ssl=1&resize=1050%2C600 3x"},"classes":[]},{"id":65395,"url":"https:\/\/www.shqiperia.com\/blog\/ambasadorja-e-shba-ve-yuri-kim-korrupsioni-gerryen-potencialin-e-shqiperise-mbeshtesim-median-e-lire-dhe-ate-investigative\/","url_meta":{"origin":45612,"position":3},"title":"Ambasadorja e SHBA-ve, Yuri Kim: &#8211; Korrupsioni g\u00ebrryen potencialin e Shqip\u00ebris\u00eb! Mb\u00ebshtesim median e lir\u00eb dhe at\u00eb investigative","author":"Kurt Farka","date":"December 10, 2022","format":false,"excerpt":"10 Dhjetor 2022 Teksa sh\u00ebnuam Dit\u00ebn Nd\u00ebrkomb\u00ebtare Anti-Korrupsion dje, \u00ebsht\u00eb me r\u00ebnd\u00ebsi q\u00eb t\u00eb rigjall\u00ebrojm\u00eb p\u00ebrpjekjet tona p\u00ebr t\u2019i dh\u00ebn\u00eb fund murtaj\u00ebs s\u00eb korrupsionit. Korrupsioni iu vjedh qytetar\u00ebve dhe brezave t\u00eb ardhsh\u00ebm pasurin\u00eb dhe shpres\u00ebn. Ai than rritjen ekonomike, pengon zhvillimin, minon demokracin\u00eb, si dhe iu hap dyert kriminel\u00ebve, trafikant\u00ebve\u2026","rel":"","context":"In &quot;Blogu i Udh\u00ebtarit&quot;","block_context":{"text":"Blogu i Udh\u00ebtarit","link":"https:\/\/www.shqiperia.com\/blog\/category\/blogu-i-udhetarit\/"},"img":{"alt_text":"","src":"https:\/\/i0.wp.com\/www.shqiperia.com\/blog\/wp-content\/uploads\/2022\/12\/YK-Official-Photo-750x433-1.jpg?fit=750%2C433&ssl=1&resize=350%2C200","width":350,"height":200,"srcset":"https:\/\/i0.wp.com\/www.shqiperia.com\/blog\/wp-content\/uploads\/2022\/12\/YK-Official-Photo-750x433-1.jpg?fit=750%2C433&ssl=1&resize=350%2C200 1x, https:\/\/i0.wp.com\/www.shqiperia.com\/blog\/wp-content\/uploads\/2022\/12\/YK-Official-Photo-750x433-1.jpg?fit=750%2C433&ssl=1&resize=525%2C300 1.5x, https:\/\/i0.wp.com\/www.shqiperia.com\/blog\/wp-content\/uploads\/2022\/12\/YK-Official-Photo-750x433-1.jpg?fit=750%2C433&ssl=1&resize=700%2C400 2x"},"classes":[]},{"id":98505,"url":"https:\/\/www.shqiperia.com\/blog\/bardhi-nga-berlini-qeveria-po-pengon-integrimin-europian-dhe-po-mbron-korrupsionin\/","url_meta":{"origin":45612,"position":4},"title":"Bardhi nga Berlini: &#8211; Qeveria po pengon integrimin europian dhe po mbron korrupsionin","author":"Kurt Farka","date":"March 19, 2026","format":false,"excerpt":"19 Mars 2026 N\u00eb nj\u00eb reagim n\u00eb rrjetet e tij sociale nga takimet e tij n\u00eb Berlin, Kryetari i Grupit Parlamentar t\u00eb Partis\u00eb Demokratike, Gazment Bardhi, u shpreh se situata e integrimit europian t\u00eb Shqip\u00ebris\u00eb mbetet peng i qeveris\u00eb dhe munges\u00ebs s\u00eb standardeve reale demokratike. Gjat\u00eb nj\u00eb takimi me deputetin\u2026","rel":"","context":"In &quot;Blogu i Udh\u00ebtarit&quot;","block_context":{"text":"Blogu i Udh\u00ebtarit","link":"https:\/\/www.shqiperia.com\/blog\/category\/blogu-i-udhetarit\/"},"img":{"alt_text":"","src":"https:\/\/i0.wp.com\/www.shqiperia.com\/blog\/wp-content\/uploads\/2026\/03\/auto_Screenshot_21773934196.png?fit=809%2C493&ssl=1&resize=350%2C200","width":350,"height":200,"srcset":"https:\/\/i0.wp.com\/www.shqiperia.com\/blog\/wp-content\/uploads\/2026\/03\/auto_Screenshot_21773934196.png?fit=809%2C493&ssl=1&resize=350%2C200 1x, https:\/\/i0.wp.com\/www.shqiperia.com\/blog\/wp-content\/uploads\/2026\/03\/auto_Screenshot_21773934196.png?fit=809%2C493&ssl=1&resize=525%2C300 1.5x, https:\/\/i0.wp.com\/www.shqiperia.com\/blog\/wp-content\/uploads\/2026\/03\/auto_Screenshot_21773934196.png?fit=809%2C493&ssl=1&resize=700%2C400 2x"},"classes":[]},{"id":99830,"url":"https:\/\/www.shqiperia.com\/blog\/idu-miraton-rezoluten-per-shqiperine-ngrihen-shqetesime-per-zgjedhjet-korrupsionin-dhe-shtetin-e-se-drejtes\/","url_meta":{"origin":45612,"position":5},"title":"IDU miraton rezolut\u00ebn p\u00ebr Shqip\u00ebrin\u00eb\/ Ngrihen shqet\u00ebsime p\u00ebr zgjedhjet, korrupsionin dhe shtetin e s\u00eb drejt\u00ebs","author":"Kurt Farka","date":"May 2, 2026","format":false,"excerpt":"2 Maji 2026 Bashkimi Nd\u00ebrkomb\u00ebtar Demokrat ka miratuar rezolut\u00ebn e tet\u00eb p\u00ebr Shqip\u00ebrin\u00eb, ku ngrihen shqet\u00ebsime p\u00ebr zhvillimet demokratike, funksionimin e institucioneve dhe procesin e integrimit europian. Shqip\u00ebria vler\u00ebsohet me terma kritik\u00eb si \u201cautokraci elektorale\u201d, nd\u00ebrsa theksohet se korrupsioni sistemik dhe mungesa e llogaridh\u00ebnies n\u00eb nivelet e larta t\u00eb qeverisjes\u2026","rel":"","context":"In &quot;Blogu i Udh\u00ebtarit&quot;","block_context":{"text":"Blogu i Udh\u00ebtarit","link":"https:\/\/www.shqiperia.com\/blog\/category\/blogu-i-udhetarit\/"},"img":{"alt_text":"","src":"https:\/\/i0.wp.com\/www.shqiperia.com\/blog\/wp-content\/uploads\/2026\/05\/Screenshot-2026-05-02-130258.png?fit=687%2C452&ssl=1&resize=350%2C200","width":350,"height":200,"srcset":"https:\/\/i0.wp.com\/www.shqiperia.com\/blog\/wp-content\/uploads\/2026\/05\/Screenshot-2026-05-02-130258.png?fit=687%2C452&ssl=1&resize=350%2C200 1x, https:\/\/i0.wp.com\/www.shqiperia.com\/blog\/wp-content\/uploads\/2026\/05\/Screenshot-2026-05-02-130258.png?fit=687%2C452&ssl=1&resize=525%2C300 1.5x"},"classes":[]}],"_links":{"self":[{"href":"https:\/\/www.shqiperia.com\/blog\/wp-json\/wp\/v2\/posts\/45612","targetHints":{"allow":["GET"]}}],"collection":[{"href":"https:\/\/www.shqiperia.com\/blog\/wp-json\/wp\/v2\/posts"}],"about":[{"href":"https:\/\/www.shqiperia.com\/blog\/wp-json\/wp\/v2\/types\/post"}],"author":[{"embeddable":true,"href":"https:\/\/www.shqiperia.com\/blog\/wp-json\/wp\/v2\/users\/9"}],"replies":[{"embeddable":true,"href":"https:\/\/www.shqiperia.com\/blog\/wp-json\/wp\/v2\/comments?post=45612"}],"version-history":[{"count":1,"href":"https:\/\/www.shqiperia.com\/blog\/wp-json\/wp\/v2\/posts\/45612\/revisions"}],"predecessor-version":[{"id":45614,"href":"https:\/\/www.shqiperia.com\/blog\/wp-json\/wp\/v2\/posts\/45612\/revisions\/45614"}],"wp:featuredmedia":[{"embeddable":true,"href":"https:\/\/www.shqiperia.com\/blog\/wp-json\/wp\/v2\/media\/45613"}],"wp:attachment":[{"href":"https:\/\/www.shqiperia.com\/blog\/wp-json\/wp\/v2\/media?parent=45612"}],"wp:term":[{"taxonomy":"category","embeddable":true,"href":"https:\/\/www.shqiperia.com\/blog\/wp-json\/wp\/v2\/categories?post=45612"},{"taxonomy":"post_tag","embeddable":true,"href":"https:\/\/www.shqiperia.com\/blog\/wp-json\/wp\/v2\/tags?post=45612"}],"curies":[{"name":"wp","href":"https:\/\/api.w.org\/{rel}","templated":true}]}}