{"id":45605,"date":"2021-03-22T12:48:21","date_gmt":"2021-03-22T12:48:21","guid":{"rendered":"https:\/\/www.shqiperia.com\/blog\/?p=45605"},"modified":"2021-03-22T12:48:21","modified_gmt":"2021-03-22T12:48:21","slug":"rama-per-shqipetaret-pranon-vaksinen-ruse-sputnik-v","status":"publish","type":"post","link":"https:\/\/www.shqiperia.com\/blog\/rama-per-shqipetaret-pranon-vaksinen-ruse-sputnik-v\/","title":{"rendered":"Rama per shqipetaret pranon vaksin\u00ebn ruse, Sputnik V"},"content":{"rendered":"<div id=\"attachment_45608\" style=\"width: 582px\" class=\"wp-caption alignnone\"><img data-recalc-dims=\"1\" loading=\"lazy\" decoding=\"async\" aria-describedby=\"caption-attachment-45608\" data-attachment-id=\"45608\" data-permalink=\"https:\/\/www.shqiperia.com\/blog\/rama-per-shqipetaret-pranon-vaksinen-ruse-sputnik-v\/rama-per-shqipetaret-pranon-vaksinen-ruse-sputnik-v\/\" data-orig-file=\"https:\/\/i0.wp.com\/www.shqiperia.com\/blog\/wp-content\/uploads\/2021\/03\/Rama-per-shqipetaret-pranon-vaksinen-ruse-Sputnik-V.jpg?fit=750%2C375&amp;ssl=1\" data-orig-size=\"750,375\" data-comments-opened=\"1\" data-image-meta=\"{&quot;aperture&quot;:&quot;0&quot;,&quot;credit&quot;:&quot;&quot;,&quot;camera&quot;:&quot;&quot;,&quot;caption&quot;:&quot;&quot;,&quot;created_timestamp&quot;:&quot;0&quot;,&quot;copyright&quot;:&quot;&quot;,&quot;focal_length&quot;:&quot;0&quot;,&quot;iso&quot;:&quot;0&quot;,&quot;shutter_speed&quot;:&quot;0&quot;,&quot;title&quot;:&quot;&quot;,&quot;orientation&quot;:&quot;0&quot;}\" data-image-title=\"Rama per shqipetaret pranon vaksin\u00ebn ruse, Sputnik V\" data-image-description=\"\" data-image-caption=\"&lt;p&gt;Rama per shqipetaret pranon vaksin\u00ebn ruse, Sputnik V&lt;\/p&gt;\n\" data-medium-file=\"https:\/\/i0.wp.com\/www.shqiperia.com\/blog\/wp-content\/uploads\/2021\/03\/Rama-per-shqipetaret-pranon-vaksinen-ruse-Sputnik-V.jpg?fit=300%2C150&amp;ssl=1\" data-large-file=\"https:\/\/i0.wp.com\/www.shqiperia.com\/blog\/wp-content\/uploads\/2021\/03\/Rama-per-shqipetaret-pranon-vaksinen-ruse-Sputnik-V.jpg?fit=750%2C375&amp;ssl=1\" class=\" wp-image-45608\" alt=\"\" src=\"https:\/\/i0.wp.com\/www.shqiperia.com\/blog\/wp-content\/uploads\/2021\/03\/Rama-per-shqipetaret-pranon-vaksinen-ruse-Sputnik-V.jpg?resize=572%2C286&#038;ssl=1\" width=\"572\" height=\"286\" srcset=\"https:\/\/i0.wp.com\/www.shqiperia.com\/blog\/wp-content\/uploads\/2021\/03\/Rama-per-shqipetaret-pranon-vaksinen-ruse-Sputnik-V.jpg?resize=300%2C150&amp;ssl=1 300w, https:\/\/i0.wp.com\/www.shqiperia.com\/blog\/wp-content\/uploads\/2021\/03\/Rama-per-shqipetaret-pranon-vaksinen-ruse-Sputnik-V.jpg?resize=450%2C225&amp;ssl=1 450w, https:\/\/i0.wp.com\/www.shqiperia.com\/blog\/wp-content\/uploads\/2021\/03\/Rama-per-shqipetaret-pranon-vaksinen-ruse-Sputnik-V.jpg?resize=600%2C300&amp;ssl=1 600w, https:\/\/i0.wp.com\/www.shqiperia.com\/blog\/wp-content\/uploads\/2021\/03\/Rama-per-shqipetaret-pranon-vaksinen-ruse-Sputnik-V.jpg?resize=400%2C200&amp;ssl=1 400w, https:\/\/i0.wp.com\/www.shqiperia.com\/blog\/wp-content\/uploads\/2021\/03\/Rama-per-shqipetaret-pranon-vaksinen-ruse-Sputnik-V.jpg?w=750&amp;ssl=1 750w\" sizes=\"auto, (max-width: 572px) 100vw, 572px\" \/><p id=\"caption-attachment-45608\" class=\"wp-caption-text\">Rama per shqipetaret pranon vaksin\u00ebn ruse, Sputnik V<\/p><\/div>\n<p>Rama per shqipetaret pranon vaksin\u00ebn ruse, Sputnik V<\/p>\n<p><a href=\"https:\/\/kohajone.com\/rama-pranon-vaksinen-sputnik-v\/\">22\/03\/2021 <\/a><\/p>\n<p>Kryeministri Edi Rama ka vendosur t\u00eb pranoj\u00eb vaksinat ruse kund\u00ebr koronavirusit, por jo duke i marr\u00eb direkt nga Rusia. Pasi e refuzoi ambasadorin rus, disa muaj m\u00eb par\u00eb, p\u00ebr nj\u00eb marr\u00ebveshje p\u00ebr vaksin\u00ebn, sot qeveria \u201cRama\u201d ka pranuar 10 mij\u00eb doza t\u00eb k\u00ebsaj vaksine si dhurat\u00eb nga Arabia Saudite.<br \/>\nK\u00ebt\u00eb mesdit\u00eb kan\u00eb mb\u00ebrritur n\u00eb aeroportin \u201cN\u00ebn\u00eb Tereza\u201d 10 mij\u00eb doza t\u00eb vaksin\u00ebs ruse. Vaksinat u prit\u00ebn n\u00eb aeroportin e Rinasit nga dy ministrat Ogerta Manastirliu dhe Arben Ahmetaj.<\/p>\n<div id=\"attachment_45609\" style=\"width: 724px\" class=\"wp-caption alignnone\"><img data-recalc-dims=\"1\" loading=\"lazy\" decoding=\"async\" aria-describedby=\"caption-attachment-45609\" data-attachment-id=\"45609\" data-permalink=\"https:\/\/www.shqiperia.com\/blog\/rama-per-shqipetaret-pranon-vaksinen-ruse-sputnik-v\/rama-per-shqipetaret-pranon-vaksinen-ruse-sputnik-v-2\/\" data-orig-file=\"https:\/\/i0.wp.com\/www.shqiperia.com\/blog\/wp-content\/uploads\/2021\/03\/Rama-per-shqipetaret-pranon-vaksinen-ruse-Sputnik-V-2.jpg?fit=1024%2C520&amp;ssl=1\" data-orig-size=\"1024,520\" data-comments-opened=\"1\" data-image-meta=\"{&quot;aperture&quot;:&quot;0&quot;,&quot;credit&quot;:&quot;&quot;,&quot;camera&quot;:&quot;&quot;,&quot;caption&quot;:&quot;&quot;,&quot;created_timestamp&quot;:&quot;0&quot;,&quot;copyright&quot;:&quot;&quot;,&quot;focal_length&quot;:&quot;0&quot;,&quot;iso&quot;:&quot;0&quot;,&quot;shutter_speed&quot;:&quot;0&quot;,&quot;title&quot;:&quot;&quot;,&quot;orientation&quot;:&quot;0&quot;}\" data-image-title=\"Rama per shqipetaret pranon vaksin\u00ebn ruse, Sputnik V (2)\" data-image-description=\"\" data-image-caption=\"&lt;p&gt;Rama per shqipetaret pranon vaksin\u00ebn ruse, Sputnik V&lt;\/p&gt;\n\" data-medium-file=\"https:\/\/i0.wp.com\/www.shqiperia.com\/blog\/wp-content\/uploads\/2021\/03\/Rama-per-shqipetaret-pranon-vaksinen-ruse-Sputnik-V-2.jpg?fit=300%2C152&amp;ssl=1\" data-large-file=\"https:\/\/i0.wp.com\/www.shqiperia.com\/blog\/wp-content\/uploads\/2021\/03\/Rama-per-shqipetaret-pranon-vaksinen-ruse-Sputnik-V-2.jpg?fit=1024%2C520&amp;ssl=1\" class=\" wp-image-45609\" alt=\"\" src=\"https:\/\/i0.wp.com\/www.shqiperia.com\/blog\/wp-content\/uploads\/2021\/03\/Rama-per-shqipetaret-pranon-vaksinen-ruse-Sputnik-V-2.jpg?resize=714%2C362&#038;ssl=1\" width=\"714\" height=\"362\" srcset=\"https:\/\/i0.wp.com\/www.shqiperia.com\/blog\/wp-content\/uploads\/2021\/03\/Rama-per-shqipetaret-pranon-vaksinen-ruse-Sputnik-V-2.jpg?resize=300%2C152&amp;ssl=1 300w, https:\/\/i0.wp.com\/www.shqiperia.com\/blog\/wp-content\/uploads\/2021\/03\/Rama-per-shqipetaret-pranon-vaksinen-ruse-Sputnik-V-2.jpg?resize=768%2C390&amp;ssl=1 768w, https:\/\/i0.wp.com\/www.shqiperia.com\/blog\/wp-content\/uploads\/2021\/03\/Rama-per-shqipetaret-pranon-vaksinen-ruse-Sputnik-V-2.jpg?resize=450%2C229&amp;ssl=1 450w, https:\/\/i0.wp.com\/www.shqiperia.com\/blog\/wp-content\/uploads\/2021\/03\/Rama-per-shqipetaret-pranon-vaksinen-ruse-Sputnik-V-2.jpg?resize=600%2C305&amp;ssl=1 600w, https:\/\/i0.wp.com\/www.shqiperia.com\/blog\/wp-content\/uploads\/2021\/03\/Rama-per-shqipetaret-pranon-vaksinen-ruse-Sputnik-V-2.jpg?resize=400%2C203&amp;ssl=1 400w, https:\/\/i0.wp.com\/www.shqiperia.com\/blog\/wp-content\/uploads\/2021\/03\/Rama-per-shqipetaret-pranon-vaksinen-ruse-Sputnik-V-2.jpg?w=1024&amp;ssl=1 1024w\" sizes=\"auto, (max-width: 714px) 100vw, 714px\" \/><p id=\"caption-attachment-45609\" class=\"wp-caption-text\">Rama per shqipetaret pranon vaksin\u00ebn ruse, Sputnik V<\/p><\/div>\n<p>N\u00eb nj\u00eb njoftim nga Kryeministria, thuhet se k\u00ebto vaksina jan\u00eb dhurat\u00eb nga Princi i Kuror\u00ebs s\u00eb Emirateve t\u00eb Bashkuara, Muhammed Bin Zayed.<\/p>\n<p>N\u00eb 29 dhjetor, Edi Rama refuzoi m\u00eb ironi dhe tallje ftes\u00ebn e Rusis\u00eb p\u00ebr t\u00eb dh\u00ebn\u00eb vaksin\u00eb. Nj\u00eb deklarat\u00eb t\u00eb Ambasad\u00ebs Ruse n\u00eb Facebook ku ofrohej ndihm\u00eb p\u00ebr vaksin\u00ebn, Rama e quajti postim t\u00eb pap\u00ebrshtatsh\u00ebm dhe provokim, nd\u00ebrsa shtoi se nuk i shkon nj\u00eb shteti serioz si Rusia t\u00eb p\u00ebrfshihet n\u00eb prodhimin e memeve.<\/p>\n<div id=\"attachment_45610\" style=\"width: 670px\" class=\"wp-caption alignnone\"><img data-recalc-dims=\"1\" loading=\"lazy\" decoding=\"async\" aria-describedby=\"caption-attachment-45610\" data-attachment-id=\"45610\" data-permalink=\"https:\/\/www.shqiperia.com\/blog\/rama-per-shqipetaret-pranon-vaksinen-ruse-sputnik-v\/rama-per-shqipetaret-pranon-vaksinen-ruse-sputnik-v-3\/\" data-orig-file=\"https:\/\/i0.wp.com\/www.shqiperia.com\/blog\/wp-content\/uploads\/2021\/03\/Rama-per-shqipetaret-pranon-vaksinen-ruse-Sputnik-V-3.jpg?fit=1212%2C772&amp;ssl=1\" data-orig-size=\"1212,772\" data-comments-opened=\"1\" data-image-meta=\"{&quot;aperture&quot;:&quot;0&quot;,&quot;credit&quot;:&quot;&quot;,&quot;camera&quot;:&quot;&quot;,&quot;caption&quot;:&quot;&quot;,&quot;created_timestamp&quot;:&quot;0&quot;,&quot;copyright&quot;:&quot;&quot;,&quot;focal_length&quot;:&quot;0&quot;,&quot;iso&quot;:&quot;0&quot;,&quot;shutter_speed&quot;:&quot;0&quot;,&quot;title&quot;:&quot;&quot;,&quot;orientation&quot;:&quot;0&quot;}\" data-image-title=\"Rama per shqipetaret pranon vaksin\u00ebn ruse, Sputnik V (3)\" data-image-description=\"\" data-image-caption=\"&lt;p&gt;Rama per shqipetaret pranon vaksin\u00ebn ruse, Sputnik V&lt;\/p&gt;\n\" data-medium-file=\"https:\/\/i0.wp.com\/www.shqiperia.com\/blog\/wp-content\/uploads\/2021\/03\/Rama-per-shqipetaret-pranon-vaksinen-ruse-Sputnik-V-3.jpg?fit=300%2C191&amp;ssl=1\" data-large-file=\"https:\/\/i0.wp.com\/www.shqiperia.com\/blog\/wp-content\/uploads\/2021\/03\/Rama-per-shqipetaret-pranon-vaksinen-ruse-Sputnik-V-3.jpg?fit=1024%2C652&amp;ssl=1\" class=\" wp-image-45610\" alt=\"\" src=\"https:\/\/i0.wp.com\/www.shqiperia.com\/blog\/wp-content\/uploads\/2021\/03\/Rama-per-shqipetaret-pranon-vaksinen-ruse-Sputnik-V-3.jpg?resize=660%2C420&#038;ssl=1\" width=\"660\" height=\"420\" srcset=\"https:\/\/i0.wp.com\/www.shqiperia.com\/blog\/wp-content\/uploads\/2021\/03\/Rama-per-shqipetaret-pranon-vaksinen-ruse-Sputnik-V-3.jpg?resize=300%2C191&amp;ssl=1 300w, https:\/\/i0.wp.com\/www.shqiperia.com\/blog\/wp-content\/uploads\/2021\/03\/Rama-per-shqipetaret-pranon-vaksinen-ruse-Sputnik-V-3.jpg?resize=1024%2C652&amp;ssl=1 1024w, https:\/\/i0.wp.com\/www.shqiperia.com\/blog\/wp-content\/uploads\/2021\/03\/Rama-per-shqipetaret-pranon-vaksinen-ruse-Sputnik-V-3.jpg?resize=768%2C489&amp;ssl=1 768w, https:\/\/i0.wp.com\/www.shqiperia.com\/blog\/wp-content\/uploads\/2021\/03\/Rama-per-shqipetaret-pranon-vaksinen-ruse-Sputnik-V-3.jpg?resize=450%2C287&amp;ssl=1 450w, https:\/\/i0.wp.com\/www.shqiperia.com\/blog\/wp-content\/uploads\/2021\/03\/Rama-per-shqipetaret-pranon-vaksinen-ruse-Sputnik-V-3.jpg?resize=600%2C382&amp;ssl=1 600w, https:\/\/i0.wp.com\/www.shqiperia.com\/blog\/wp-content\/uploads\/2021\/03\/Rama-per-shqipetaret-pranon-vaksinen-ruse-Sputnik-V-3.jpg?resize=400%2C255&amp;ssl=1 400w, https:\/\/i0.wp.com\/www.shqiperia.com\/blog\/wp-content\/uploads\/2021\/03\/Rama-per-shqipetaret-pranon-vaksinen-ruse-Sputnik-V-3.jpg?w=1212&amp;ssl=1 1212w\" sizes=\"auto, (max-width: 660px) 100vw, 660px\" \/><p id=\"caption-attachment-45610\" class=\"wp-caption-text\">Rama per shqipetaret pranon vaksin\u00ebn ruse, Sputnik V<\/p><\/div>\n<p><strong>\u201cKam menduar q\u00eb ka qen\u00eb nj\u00eb meme, ajo q\u00eb pash\u00eb q\u00eb ambasada e Rusis\u00eb kishte postuar nga Twitteri i Drejtorit t\u00eb Komunikimit nj\u00eb ritwit. Mendova se ishte meme, pasi p\u00ebr nj\u00eb shtet serioz \u00ebsht\u00eb krejt\u00ebsisht e pap\u00ebrshtatshme t\u00eb b\u00ebj\u00eb provokime t\u00eb tilla. Kur them provokim nuk po i paraprij ndonj\u00eb demarshi pran\u00eb shtetit rus, sepse ky \u00ebsht\u00eb nj\u00eb provokim qesharak dhe nuk \u00ebsht\u00eb mir\u00eb q\u00eb nj\u00eb vend serioz t\u00eb b\u00ebhet qesharak p\u00ebrmes k\u00ebtyre lloj postimeve. Shpreh keqardhje p\u00ebr k\u00ebt\u00eb, se nuk shoh arsye q\u00eb ambasada e Rusis\u00eb t\u00eb p\u00ebrfshihet n\u00eb prodhimin e memeve\u201d,-<\/strong>\u00a0tha kreu i qeveris\u00eb n\u00eb 29 dhjetor.<\/p>\n<p>Gazeta Koha e Jone<\/p>\n","protected":false},"excerpt":{"rendered":"<p>Rama per shqipetaret pranon vaksin\u00ebn ruse, Sputnik V 22\/03\/2021 Kryeministri Edi Rama ka vendosur t\u00eb pranoj\u00eb vaksinat ruse kund\u00ebr koronavirusit, por jo duke i marr\u00eb direkt nga Rusia. Pasi e refuzoi ambasadorin rus, disa muaj m\u00eb par\u00eb, p\u00ebr nj\u00eb marr\u00ebveshje p\u00ebr vaksin\u00ebn, sot qeveria \u201cRama\u201d ka pranuar 10 mij\u00eb doza t\u00eb k\u00ebsaj vaksine si dhurat\u00eb [&hellip;]<\/p>\n","protected":false},"author":9,"featured_media":45606,"comment_status":"open","ping_status":"open","sticky":false,"template":"","format":"standard","meta":{"jetpack_post_was_ever_published":false,"_jetpack_newsletter_access":"","_jetpack_dont_email_post_to_subs":false,"_jetpack_newsletter_tier_id":0,"_jetpack_memberships_contains_paywalled_content":false,"_jetpack_memberships_contains_paid_content":false,"footnotes":"","jetpack_publicize_message":"","jetpack_publicize_feature_enabled":true,"jetpack_social_post_already_shared":true,"jetpack_social_options":{"image_generator_settings":{"template":"highway","default_image_id":0,"font":"","enabled":false},"version":2}},"categories":[27,1,35],"tags":[],"class_list":["post-45605","post","type-post","status-publish","format-standard","has-post-thumbnail","hentry","category-blogu-i-udhetarit","category-njoftime-shtypi","category-shoqerore"],"jetpack_publicize_connections":[],"jetpack_featured_media_url":"https:\/\/i0.wp.com\/www.shqiperia.com\/blog\/wp-content\/uploads\/2021\/03\/Ruse-750x375-1.jpg?fit=750%2C375&ssl=1","jetpack_sharing_enabled":true,"jetpack_shortlink":"https:\/\/wp.me\/p5Z6wp-bRz","jetpack-related-posts":[{"id":45932,"url":"https:\/\/www.shqiperia.com\/blog\/beri-marreveshje-te-fshehte-per-vaksinen-sputnik-vjen-doreheqja-e-papritur-e-kryeministrit\/","url_meta":{"origin":45605,"position":0},"title":"B\u00ebri marr\u00ebveshje t\u00eb fsheht\u00eb p\u00ebr vaksin\u00ebn \u2018Sputnik\u2019, vjen dor\u00ebheqja e papritur e kryeministrit","author":"Kurt Farka","date":"March 30, 2021","format":false,"excerpt":"B\u00ebri marr\u00ebveshje t\u00eb fsheht\u00eb p\u00ebr vaksin\u00ebn \u2018Sputnik\u2019, vjen dor\u00ebheqja e papritur e kryeministrit 30 MARS 2021 Blerja e vaksin\u00ebs ruse ka sjell\u00eb tensione dhe kriz\u00eb politike n\u00eb Sllovaki, teksa kryeministri i k\u00ebtij vendi, Igor Matovi\u00e7, i cili u zgjodh nj\u00eb vit m\u00eb par\u00eb, m\u00ebzohet se ka dh\u00ebn\u00eb dor\u00ebheqje zyrtarisht nga\u2026","rel":"","context":"In &quot;Blogu i Udh\u00ebtarit&quot;","block_context":{"text":"Blogu i Udh\u00ebtarit","link":"https:\/\/www.shqiperia.com\/blog\/category\/blogu-i-udhetarit\/"},"img":{"alt_text":"","src":"https:\/\/i0.wp.com\/www.shqiperia.com\/blog\/wp-content\/uploads\/2021\/03\/800-0-473594d52bb2fad753b87fb72023d64d.jpg?fit=800%2C451&ssl=1&resize=350%2C200","width":350,"height":200,"srcset":"https:\/\/i0.wp.com\/www.shqiperia.com\/blog\/wp-content\/uploads\/2021\/03\/800-0-473594d52bb2fad753b87fb72023d64d.jpg?fit=800%2C451&ssl=1&resize=350%2C200 1x, https:\/\/i0.wp.com\/www.shqiperia.com\/blog\/wp-content\/uploads\/2021\/03\/800-0-473594d52bb2fad753b87fb72023d64d.jpg?fit=800%2C451&ssl=1&resize=525%2C300 1.5x, https:\/\/i0.wp.com\/www.shqiperia.com\/blog\/wp-content\/uploads\/2021\/03\/800-0-473594d52bb2fad753b87fb72023d64d.jpg?fit=800%2C451&ssl=1&resize=700%2C400 2x"},"classes":[]},{"id":42813,"url":"https:\/\/www.shqiperia.com\/blog\/rama-ne-delir-keni-edi-ramen-kryeminister-arsyeja-pse-morem-vaksinen\/","url_meta":{"origin":45605,"position":1},"title":"Rama n\u00eb delir: &#8211; \u201cKeni Edi Ram\u00ebn kryeminist\u00ebr\u201d. Arsyeja pse mor\u00ebm vaksin\u00ebn","author":"Kurt Farka","date":"January 11, 2021","format":false,"excerpt":"Rama n\u00eb delir: - \u201cKeni Edi Ram\u00ebn kryeminist\u00ebr\u201d. Arsyeja pse mor\u00ebm vaksin\u00ebn - 11\/01\/21 Duke preferuar ta mbaj\u00eb sekret shtetin e BE q\u00eb akordoi vaksina anti-COVID p\u00ebr Shqip\u00ebrin\u00eb, Rama tregoi edhe arsyen pse sipas tij, Shqip\u00ebria p\u00ebrfitoi 500 mij\u00eb doza.\u00a0 Gjat\u00eb konferenc\u00ebs p\u00ebr shtyp me ministren e Sh\u00ebndet\u00ebsis\u00eb, Ogerta Manastirliu,\u2026","rel":"","context":"In &quot;Blogu i Udh\u00ebtarit&quot;","block_context":{"text":"Blogu i Udh\u00ebtarit","link":"https:\/\/www.shqiperia.com\/blog\/category\/blogu-i-udhetarit\/"},"img":{"alt_text":"","src":"https:\/\/i0.wp.com\/www.shqiperia.com\/blog\/wp-content\/uploads\/2021\/01\/edi-rama-1.jpg?fit=419%2C265&ssl=1&resize=350%2C200","width":350,"height":200},"classes":[]},{"id":68974,"url":"https:\/\/www.shqiperia.com\/blog\/vritet-shkencetari-qe-krijoi-vaksinen-ruse-te-koronavirusit-arrestohet-autori\/","url_meta":{"origin":45605,"position":2},"title":"Vritet shkenc\u00ebtari q\u00eb krijoi vaksin\u00ebn ruse t\u00eb koronavirusit, arrestohet autori","author":"Kurt Farka","date":"March 4, 2023","format":false,"excerpt":"4 Mars 2023 Virologu rus Andrei Botykov , i cili kishte kontribuar n\u00eb zhvillimin e vaksin\u00ebs Sputnik-V kund\u00ebr koronavirusit, u gjet i mbytur me nj\u00eb rrip n\u00eb banes\u00ebn e tij. Trupi u gjet dje t\u00eb enjten brenda banes\u00ebs s\u00eb shkenc\u00ebtarit, n\u00eb veriper\u00ebndim t\u00eb Mosk\u00ebs, raporton Daily Mail. Botikoff ishte nj\u00eb\u2026","rel":"","context":"In &quot;Blogu i Udh\u00ebtarit&quot;","block_context":{"text":"Blogu i Udh\u00ebtarit","link":"https:\/\/www.shqiperia.com\/blog\/category\/blogu-i-udhetarit\/"},"img":{"alt_text":"","src":"https:\/\/i0.wp.com\/www.shqiperia.com\/blog\/wp-content\/uploads\/2023\/03\/botikov-m-770x400-1.jpg?fit=770%2C400&ssl=1&resize=350%2C200","width":350,"height":200,"srcset":"https:\/\/i0.wp.com\/www.shqiperia.com\/blog\/wp-content\/uploads\/2023\/03\/botikov-m-770x400-1.jpg?fit=770%2C400&ssl=1&resize=350%2C200 1x, https:\/\/i0.wp.com\/www.shqiperia.com\/blog\/wp-content\/uploads\/2023\/03\/botikov-m-770x400-1.jpg?fit=770%2C400&ssl=1&resize=525%2C300 1.5x, https:\/\/i0.wp.com\/www.shqiperia.com\/blog\/wp-content\/uploads\/2023\/03\/botikov-m-770x400-1.jpg?fit=770%2C400&ssl=1&resize=700%2C400 2x"},"classes":[]},{"id":46506,"url":"https:\/\/www.shqiperia.com\/blog\/rusia-thote-se-do-te-prodhoje-vaksinen-e-pare-orale-te-covid-19-me-shije-kosi\/","url_meta":{"origin":45605,"position":3},"title":"Rusia thot\u00eb se do t\u00eb prodhoj\u00eb vaksin\u00ebn e par\u00eb orale t\u00eb Covid-19, me shije kosi","author":"Kurt Farka","date":"April 17, 2021","format":false,"excerpt":"Rusia thot\u00eb se do t\u00eb prodhoj\u00eb vaksin\u00ebn e par\u00eb orale t\u00eb Covid-19, me shije kosi 16\/04\/2021 \u00a0Teksa shkenc\u00ebtar\u00ebt thon\u00eb se vaksinimet periodike kund\u00ebr Covid-19 mund t\u00eb b\u00ebhen pjes\u00eb e jet\u00ebs s\u00eb p\u00ebrditshme p\u00ebr vite me radh\u00eb, shkenc\u00ebtar\u00ebt nga Sh\u00ebn Petersburg thon\u00eb se do t\u00eb ken\u00eb s\u00eb shpejti dhe nj\u00eb opsion\u2026","rel":"","context":"In &quot;Blogu i Udh\u00ebtarit&quot;","block_context":{"text":"Blogu i Udh\u00ebtarit","link":"https:\/\/www.shqiperia.com\/blog\/category\/blogu-i-udhetarit\/"},"img":{"alt_text":"","src":"https:\/\/i0.wp.com\/www.shqiperia.com\/blog\/wp-content\/uploads\/2021\/04\/ria.png?fit=770%2C373&ssl=1&resize=350%2C200","width":350,"height":200,"srcset":"https:\/\/i0.wp.com\/www.shqiperia.com\/blog\/wp-content\/uploads\/2021\/04\/ria.png?fit=770%2C373&ssl=1&resize=350%2C200 1x, https:\/\/i0.wp.com\/www.shqiperia.com\/blog\/wp-content\/uploads\/2021\/04\/ria.png?fit=770%2C373&ssl=1&resize=525%2C300 1.5x, https:\/\/i0.wp.com\/www.shqiperia.com\/blog\/wp-content\/uploads\/2021\/04\/ria.png?fit=770%2C373&ssl=1&resize=700%2C400 2x"},"classes":[]},{"id":80683,"url":"https:\/\/www.shqiperia.com\/blog\/astrazeneca-pranon-per-here-te-pare-se-vaksinat-e-saj-kane-shkaktuar-efektin-e-rende-anesor-pas-padive-te-viktimave\/","url_meta":{"origin":45605,"position":4},"title":"AstraZeneca pranon p\u00ebr her\u00eb t\u00eb par\u00eb se vaksinat e saj kan\u00eb shkaktuar efektin e r\u00ebnd\u00eb an\u00ebsor, pas padive t\u00eb viktimave","author":"Kurt Farka","date":"May 5, 2024","format":false,"excerpt":"5 Maji 2024 Grupi britanik AstraZeneca ka pranuar p\u00ebr her\u00eb t\u00eb par\u00eb n\u00eb gjykat\u00eb se disa nga vaksinat e saj kund\u00ebr \u2018Covid\u2019 shkaktojn\u00eb mpiksjen fatale t\u00eb gjakut n\u00eb vena. Rrjeti vendas Daily Mail, shkruan se efekti i rrall\u00eb an\u00ebsor \u00ebsht\u00eb n\u00eb qend\u00ebr t\u00eb nj\u00eb padie shum\u00eb-milion\u00ebshe d\u00ebmshp\u00ebrblimi nga qytetar\u00eb britanik\u00eb\u2026","rel":"","context":"In &quot;Blogu i Udh\u00ebtarit&quot;","block_context":{"text":"Blogu i Udh\u00ebtarit","link":"https:\/\/www.shqiperia.com\/blog\/category\/blogu-i-udhetarit\/"},"img":{"alt_text":"","src":"https:\/\/i0.wp.com\/www.shqiperia.com\/blog\/wp-content\/uploads\/2024\/05\/640-0-a3-1714404437.png?fit=640%2C377&ssl=1&resize=350%2C200","width":350,"height":200,"srcset":"https:\/\/i0.wp.com\/www.shqiperia.com\/blog\/wp-content\/uploads\/2024\/05\/640-0-a3-1714404437.png?fit=640%2C377&ssl=1&resize=350%2C200 1x, https:\/\/i0.wp.com\/www.shqiperia.com\/blog\/wp-content\/uploads\/2024\/05\/640-0-a3-1714404437.png?fit=640%2C377&ssl=1&resize=525%2C300 1.5x"},"classes":[]},{"id":45362,"url":"https:\/\/www.shqiperia.com\/blog\/disa-mesues-hezituan-ta-benin-vaksinen-por-rama-tregon-nese-do-pezullohet-perdorimi-i-astrazenecas\/","url_meta":{"origin":45605,"position":5},"title":"\u201cDisa m\u00ebsues hezituan ta b\u00ebnin vaksin\u00ebn, por\u2026\u201d- Rama tregon n\u00ebse do pezullohet p\u00ebrdorimi i \u201cAstraZenecas\u201d","author":"Kurt Farka","date":"March 16, 2021","format":false,"excerpt":"\u201cDisa m\u00ebsues hezituan ta b\u00ebnin vaksin\u00ebn, por\u2026\u201d- Rama tregon n\u00ebse do pezullohet p\u00ebrdorimi i \u201cAstraZenecas\u201d 16 mars 2021 Kryeministri Rama dhe ministrja e Sh\u00ebndet\u00ebsis\u00eb, Ogerta Manastirliu shoq\u00ebruar edhe nga drejtoresha e Departamentit t\u00eb S\u00ebmundjeve Infektive n\u00eb Institutin e Sh\u00ebndetit Publik, Silva Bino ishin sot n\u00eb Durr\u00ebs p\u00ebr t\u00eb ndjekur nga\u2026","rel":"","context":"In &quot;Blogu i Udh\u00ebtarit&quot;","block_context":{"text":"Blogu i Udh\u00ebtarit","link":"https:\/\/www.shqiperia.com\/blog\/category\/blogu-i-udhetarit\/"},"img":{"alt_text":"","src":"https:\/\/i0.wp.com\/www.shqiperia.com\/blog\/wp-content\/uploads\/2021\/03\/rama-mesues-vaksinime.jpg?fit=632%2C332&ssl=1&resize=350%2C200","width":350,"height":200,"srcset":"https:\/\/i0.wp.com\/www.shqiperia.com\/blog\/wp-content\/uploads\/2021\/03\/rama-mesues-vaksinime.jpg?fit=632%2C332&ssl=1&resize=350%2C200 1x, https:\/\/i0.wp.com\/www.shqiperia.com\/blog\/wp-content\/uploads\/2021\/03\/rama-mesues-vaksinime.jpg?fit=632%2C332&ssl=1&resize=525%2C300 1.5x"},"classes":[]}],"_links":{"self":[{"href":"https:\/\/www.shqiperia.com\/blog\/wp-json\/wp\/v2\/posts\/45605","targetHints":{"allow":["GET"]}}],"collection":[{"href":"https:\/\/www.shqiperia.com\/blog\/wp-json\/wp\/v2\/posts"}],"about":[{"href":"https:\/\/www.shqiperia.com\/blog\/wp-json\/wp\/v2\/types\/post"}],"author":[{"embeddable":true,"href":"https:\/\/www.shqiperia.com\/blog\/wp-json\/wp\/v2\/users\/9"}],"replies":[{"embeddable":true,"href":"https:\/\/www.shqiperia.com\/blog\/wp-json\/wp\/v2\/comments?post=45605"}],"version-history":[{"count":1,"href":"https:\/\/www.shqiperia.com\/blog\/wp-json\/wp\/v2\/posts\/45605\/revisions"}],"predecessor-version":[{"id":45611,"href":"https:\/\/www.shqiperia.com\/blog\/wp-json\/wp\/v2\/posts\/45605\/revisions\/45611"}],"wp:featuredmedia":[{"embeddable":true,"href":"https:\/\/www.shqiperia.com\/blog\/wp-json\/wp\/v2\/media\/45606"}],"wp:attachment":[{"href":"https:\/\/www.shqiperia.com\/blog\/wp-json\/wp\/v2\/media?parent=45605"}],"wp:term":[{"taxonomy":"category","embeddable":true,"href":"https:\/\/www.shqiperia.com\/blog\/wp-json\/wp\/v2\/categories?post=45605"},{"taxonomy":"post_tag","embeddable":true,"href":"https:\/\/www.shqiperia.com\/blog\/wp-json\/wp\/v2\/tags?post=45605"}],"curies":[{"name":"wp","href":"https:\/\/api.w.org\/{rel}","templated":true}]}}