{"id":45602,"date":"2021-03-22T12:15:05","date_gmt":"2021-03-22T12:15:05","guid":{"rendered":"https:\/\/www.shqiperia.com\/blog\/?p=45602"},"modified":"2021-03-22T12:15:05","modified_gmt":"2021-03-22T12:15:05","slug":"dekriminalizimi-kreu-i-kqz-ben-deklaraten-bombe-pervec-tom-doshit-ka-indicie-edhe-per-15-emra-te-tjere","status":"publish","type":"post","link":"https:\/\/www.shqiperia.com\/blog\/dekriminalizimi-kreu-i-kqz-ben-deklaraten-bombe-pervec-tom-doshit-ka-indicie-edhe-per-15-emra-te-tjere\/","title":{"rendered":"Dekriminalizimi. Kreu i KQZ b\u00ebn deklarat\u00ebn \u2018bomb\u00eb\u2019: &#8211; P\u00ebrve\u00e7 Tom Doshit, ka indicie edhe p\u00ebr 15 emra t\u00eb tjer\u00eb!"},"content":{"rendered":"<p><img data-recalc-dims=\"1\" loading=\"lazy\" decoding=\"async\" data-attachment-id=\"45603\" data-permalink=\"https:\/\/www.shqiperia.com\/blog\/dekriminalizimi-kreu-i-kqz-ben-deklaraten-bombe-pervec-tom-doshit-ka-indicie-edhe-per-15-emra-te-tjere\/640-0-6054f5b7e182b\/\" data-orig-file=\"https:\/\/i0.wp.com\/www.shqiperia.com\/blog\/wp-content\/uploads\/2021\/03\/640-0-6054f5b7e182b.jpg?fit=640%2C404&amp;ssl=1\" data-orig-size=\"640,404\" data-comments-opened=\"1\" data-image-meta=\"{&quot;aperture&quot;:&quot;0&quot;,&quot;credit&quot;:&quot;&quot;,&quot;camera&quot;:&quot;&quot;,&quot;caption&quot;:&quot;&quot;,&quot;created_timestamp&quot;:&quot;0&quot;,&quot;copyright&quot;:&quot;&quot;,&quot;focal_length&quot;:&quot;0&quot;,&quot;iso&quot;:&quot;0&quot;,&quot;shutter_speed&quot;:&quot;0&quot;,&quot;title&quot;:&quot;&quot;,&quot;orientation&quot;:&quot;0&quot;}\" data-image-title=\"-640-0-6054f5b7e182b\" data-image-description=\"\" data-image-caption=\"\" data-medium-file=\"https:\/\/i0.wp.com\/www.shqiperia.com\/blog\/wp-content\/uploads\/2021\/03\/640-0-6054f5b7e182b.jpg?fit=300%2C189&amp;ssl=1\" data-large-file=\"https:\/\/i0.wp.com\/www.shqiperia.com\/blog\/wp-content\/uploads\/2021\/03\/640-0-6054f5b7e182b.jpg?fit=640%2C404&amp;ssl=1\" class=\"alignnone  wp-image-45603\" alt=\"\" src=\"https:\/\/i0.wp.com\/www.shqiperia.com\/blog\/wp-content\/uploads\/2021\/03\/640-0-6054f5b7e182b.jpg?resize=678%2C427&#038;ssl=1\" width=\"678\" height=\"427\" srcset=\"https:\/\/i0.wp.com\/www.shqiperia.com\/blog\/wp-content\/uploads\/2021\/03\/640-0-6054f5b7e182b.jpg?resize=300%2C189&amp;ssl=1 300w, https:\/\/i0.wp.com\/www.shqiperia.com\/blog\/wp-content\/uploads\/2021\/03\/640-0-6054f5b7e182b.jpg?resize=450%2C284&amp;ssl=1 450w, https:\/\/i0.wp.com\/www.shqiperia.com\/blog\/wp-content\/uploads\/2021\/03\/640-0-6054f5b7e182b.jpg?resize=600%2C379&amp;ssl=1 600w, https:\/\/i0.wp.com\/www.shqiperia.com\/blog\/wp-content\/uploads\/2021\/03\/640-0-6054f5b7e182b.jpg?resize=400%2C253&amp;ssl=1 400w, https:\/\/i0.wp.com\/www.shqiperia.com\/blog\/wp-content\/uploads\/2021\/03\/640-0-6054f5b7e182b.jpg?w=640&amp;ssl=1 640w\" sizes=\"auto, (max-width: 678px) 100vw, 678px\" \/><\/p>\n<p>Dekriminalizimi. Kreu i KQZ b\u00ebn deklarat\u00ebn \u2018bomb\u00eb\u2019: &#8211; P\u00ebrve\u00e7 Tom Doshit, ka indicie edhe p\u00ebr 15 emra t\u00eb tjer\u00eb!<\/p>\n<p>19 MARS 2021<\/p>\n<p>Kreu i KQZ Ilirjan\u00a0Celibashi iu ftuar n\u00eb emisionin \u201cRadar\u201d ka folur rreth problematikave me kandidat\u00ebt p\u00ebr deputet q\u00eb jan\u00eb n\u00eb listat e partive p\u00ebr zgjedhjet e 25 prillit.<\/p>\n<p>Celibashi i pyetur p\u00ebr rastin e Tom Doshit, p\u00ebr t\u00eb cilin u k\u00ebrkua nga Ambasada e SHBA q\u00eb t\u00eb mos kandidonte, Celibashi ka th\u00ebn\u00eb se do t\u2019i drejtohet Prokuroris\u00eb p\u00ebr t\u00eb b\u00ebr\u00eb nj\u00eb verifikim m\u00eb t\u00eb thell\u00eb.<\/p>\n<p>\u201cP\u00ebrse PSD \u00ebsht\u00eb e renditur e para ka t\u00eb b\u00ebj\u00eb me shortin dhe nuk e di pse mund t\u00eb komentohet. Duket e \u00e7uditshme. Procesi i hedhjes s\u00eb shortit ishte transparent me p\u00ebrfaq\u00ebsues t\u00eb t\u00eb gjitha partive. \u00cbsht\u00eb rast\u00ebsore. Nuk ka dometh\u00ebnie. P\u00ebr sa i p\u00ebrket Doshit si kandidat p\u00ebr deputet. E kam th\u00ebn\u00eb se si p\u00ebr k\u00ebt\u00eb dhe p\u00ebr t\u00eb tjer\u00eb n\u00ebse do ket\u00eb nevoj\u00eb verifikimi p\u00ebr gjendjen e tyre me ligjin KQZ do ta b\u00ebj\u00eb k\u00ebt\u00eb gj\u00eb dhe do ta b\u00ebj\u00eb me nj\u00eb shpejt\u00ebsi t\u00eb shtuar.<\/p>\n<p>KQZ nuk \u00ebsht\u00eb se po e transferon \u00e7\u00ebshtjen, por jemi tek procesi i verifikimit dhe k\u00ebrkon angazhim t\u00eb Prokuroris\u00eb. KQZ b\u00ebn administrimin dhe vler\u00ebsimin e dokumenteve.\u201d<\/p>\n<p>Celibashi ka th\u00ebn\u00eb se p\u00ebrve\u00e7 Tom Doshit jan\u00eb rreth 15 kandidat\u00eb q\u00eb do t\u00eb verifikohen pasi ka indicie se kan\u00eb probleme me dekriminalizimin.<\/p>\n<p>\u201cPardje kemi regjistruar listat. Dhe kemi kandidat\u00eb zyrtarisht p\u00ebr deputet. Ne jemi n\u00eb t\u00eb drejt\u00ebn p\u00ebr t\u00eb filluar proces verifikim. Nuk \u00ebsht\u00eb vet\u00ebm Doshi, deri m\u00eb tani kemi 10-15 raste por kjo do t\u00eb vazhdoj\u00eb. Po verifikohen dokumentacioni. Dhe do ja d\u00ebrgojm\u00eb Prokuroris\u00eb.\u201d-shtoi ai.<\/p>\n<p>Gazeta Sot<\/p>\n","protected":false},"excerpt":{"rendered":"<p>Dekriminalizimi. Kreu i KQZ b\u00ebn deklarat\u00ebn \u2018bomb\u00eb\u2019: &#8211; P\u00ebrve\u00e7 Tom Doshit, ka indicie edhe p\u00ebr 15 emra t\u00eb tjer\u00eb! 19 MARS 2021 Kreu i KQZ Ilirjan\u00a0Celibashi iu ftuar n\u00eb emisionin \u201cRadar\u201d ka folur rreth problematikave me kandidat\u00ebt p\u00ebr deputet q\u00eb jan\u00eb n\u00eb listat e partive p\u00ebr zgjedhjet e 25 prillit. Celibashi i pyetur p\u00ebr rastin [&hellip;]<\/p>\n","protected":false},"author":9,"featured_media":45603,"comment_status":"open","ping_status":"open","sticky":false,"template":"","format":"standard","meta":{"jetpack_post_was_ever_published":false,"_jetpack_newsletter_access":"","_jetpack_dont_email_post_to_subs":false,"_jetpack_newsletter_tier_id":0,"_jetpack_memberships_contains_paywalled_content":false,"_jetpack_memberships_contains_paid_content":false,"footnotes":"","jetpack_publicize_message":"","jetpack_publicize_feature_enabled":true,"jetpack_social_post_already_shared":true,"jetpack_social_options":{"image_generator_settings":{"template":"highway","default_image_id":0,"font":"","enabled":false},"version":2}},"categories":[27,2],"tags":[],"class_list":["post-45602","post","type-post","status-publish","format-standard","has-post-thumbnail","hentry","category-blogu-i-udhetarit","category-politika"],"jetpack_publicize_connections":[],"jetpack_featured_media_url":"https:\/\/i0.wp.com\/www.shqiperia.com\/blog\/wp-content\/uploads\/2021\/03\/640-0-6054f5b7e182b.jpg?fit=640%2C404&ssl=1","jetpack_sharing_enabled":true,"jetpack_shortlink":"https:\/\/wp.me\/p5Z6wp-bRw","jetpack-related-posts":[{"id":92394,"url":"https:\/\/www.shqiperia.com\/blog\/flavio-qarri-nxjerr-provat-per-ish-komisioneren-e-ps-celibashi-kam-qene-minister-i-rames-nuk-keni-garanci-as-nga-une\/","url_meta":{"origin":45602,"position":0},"title":"Flavio Qarri nxjerr provat p\u00ebr ish komisioneren e PS, Celibashi: &#8211; Kam qen\u00eb minist\u00ebr i Ram\u00ebs, nuk keni garanci as nga un\u00eb\u2026","author":"Kurt Farka","date":"May 7, 2025","format":false,"excerpt":"7 Maji 2025 I ftuar n\u00eb emisionin KAFE SHQETO n\u00eb Syri tv ka qen\u00eb k\u00ebt\u00eb m\u00ebngjes kreu i KQZ, Ilirjan Celibashi. N\u00eb bised\u00eb me moderatorin Flavio Qarri, kreu i KQZ u mundua t\u00eb mohoj\u00eb ndikimin dhe p\u00ebrzgjedhjen nga PS t\u00eb p\u00ebrgjegj\u00ebses n\u00eb KQZ q\u00eb do t\u00eb merret me menaxhimin e\u2026","rel":"","context":"In &quot;Blogu i Udh\u00ebtarit&quot;","block_context":{"text":"Blogu i Udh\u00ebtarit","link":"https:\/\/www.shqiperia.com\/blog\/category\/blogu-i-udhetarit\/"},"img":{"alt_text":"","src":"https:\/\/i0.wp.com\/www.shqiperia.com\/blog\/wp-content\/uploads\/2025\/05\/auto_Screenshot_51746607044.jpg?fit=900%2C580&ssl=1&resize=350%2C200","width":350,"height":200,"srcset":"https:\/\/i0.wp.com\/www.shqiperia.com\/blog\/wp-content\/uploads\/2025\/05\/auto_Screenshot_51746607044.jpg?fit=900%2C580&ssl=1&resize=350%2C200 1x, https:\/\/i0.wp.com\/www.shqiperia.com\/blog\/wp-content\/uploads\/2025\/05\/auto_Screenshot_51746607044.jpg?fit=900%2C580&ssl=1&resize=525%2C300 1.5x, https:\/\/i0.wp.com\/www.shqiperia.com\/blog\/wp-content\/uploads\/2025\/05\/auto_Screenshot_51746607044.jpg?fit=900%2C580&ssl=1&resize=700%2C400 2x"},"classes":[]},{"id":69289,"url":"https:\/\/www.shqiperia.com\/blog\/ilirjan-celibashi-une-mund-ta-pranoj-qe-ne-perceptimin-tim-berisha-eshte-kryetar-i-pd-se-por-nuk-ndryshon-asgje-ne-perputhje-me-ligjin-kqz-nuk-regjistron\/","url_meta":{"origin":45602,"position":1},"title":"Ilirjan Celibashi:  \u2013 \u201cUn\u00eb mund ta pranoj q\u00eb n\u00eb perceptimin tim Berisha \u00ebsht\u00eb kryetar i PD-s\u00eb, por nuk ndryshon asgj\u00eb n\u00eb p\u00ebrputhje me ligjin \u2026\u201d.   &#8211; KQZ nuk regjistron asnj\u00eb prej dy PD-ve, Celibashi: &#8211; Keni 48 or\u00eb t\u00eb plot\u00ebsoni dokumentacionet","author":"Kurt Farka","date":"March 9, 2023","format":false,"excerpt":"9 Mars 2023 Ilirjan Celibashi:\u00a0 - \"Un\u00eb mund ta pranoj q\u00eb n\u00eb perceptimin tim Berisha \u00ebsht\u00eb kryetar i PD-s\u00eb, por nuk ndryshon asgj\u00eb n\u00eb p\u00ebrputhje me ligjin ...\" Komisioneri zgjedhor Ilirjan Cerliabashi u ka dh\u00ebn\u00eb 48 or\u00eb koh\u00eb pal\u00ebve q\u00eb t\u00eb b\u00ebjn\u00eb plot\u00ebsime e nevojshme n\u00eb dokumentacionet e paraqitura p\u00ebr\u2026","rel":"","context":"In &quot;Blogu i Udh\u00ebtarit&quot;","block_context":{"text":"Blogu i Udh\u00ebtarit","link":"https:\/\/www.shqiperia.com\/blog\/category\/blogu-i-udhetarit\/"},"img":{"alt_text":"","src":"https:\/\/i0.wp.com\/www.shqiperia.com\/blog\/wp-content\/uploads\/2023\/03\/640-0-1675248174xilirjan-celibashi2jpg-804.jpg?fit=640%2C368&ssl=1&resize=350%2C200","width":350,"height":200,"srcset":"https:\/\/i0.wp.com\/www.shqiperia.com\/blog\/wp-content\/uploads\/2023\/03\/640-0-1675248174xilirjan-celibashi2jpg-804.jpg?fit=640%2C368&ssl=1&resize=350%2C200 1x, https:\/\/i0.wp.com\/www.shqiperia.com\/blog\/wp-content\/uploads\/2023\/03\/640-0-1675248174xilirjan-celibashi2jpg-804.jpg?fit=640%2C368&ssl=1&resize=525%2C300 1.5x"},"classes":[]},{"id":45790,"url":"https:\/\/www.shqiperia.com\/blog\/deklarata-e-doshit-pas-ultimatumit-nga-yuri-kim-ylli-manjani-ben-reagimin-epik-toma-ka-te-drejte-eshte-votues-dhe-deshmitar-i\/","url_meta":{"origin":45602,"position":2},"title":"Deklarata e Doshit pas ultimatumit nga Yuri Kim, Ylli Manjani b\u00ebn reagimin epik: &#8211; Toma ka t\u00eb drejt\u00eb, \u00ebsht\u00eb votues dhe d\u00ebshmitar i &#8230;","author":"Kurt Farka","date":"March 26, 2021","format":false,"excerpt":"Deklarata e Doshit pas ultimatumit nga Yuri Kim, Ylli Manjani b\u00ebn reagimin epik: - Toma ka t\u00eb drejt\u00eb, \u00ebsht\u00eb votues dhe d\u00ebshmitar i ... 26 MARS 2021 Ish-Ministri i Drejt\u00ebsis\u00eb Ylli Manjani ka ironizuar dit\u00ebn e sotme me deklarat\u00ebn e kryetarit t\u00eb PSD-s\u00eb, Tomn Doshi i cili deklaroi dit\u00ebn e\u2026","rel":"","context":"In &quot;Blogu i Udh\u00ebtarit&quot;","block_context":{"text":"Blogu i Udh\u00ebtarit","link":"https:\/\/www.shqiperia.com\/blog\/category\/blogu-i-udhetarit\/"},"img":{"alt_text":"","src":"https:\/\/i0.wp.com\/www.shqiperia.com\/blog\/wp-content\/uploads\/2021\/03\/Ylli-Manjani.jpg?fit=640%2C381&ssl=1&resize=350%2C200","width":350,"height":200,"srcset":"https:\/\/i0.wp.com\/www.shqiperia.com\/blog\/wp-content\/uploads\/2021\/03\/Ylli-Manjani.jpg?fit=640%2C381&ssl=1&resize=350%2C200 1x, https:\/\/i0.wp.com\/www.shqiperia.com\/blog\/wp-content\/uploads\/2021\/03\/Ylli-Manjani.jpg?fit=640%2C381&ssl=1&resize=525%2C300 1.5x"},"classes":[]},{"id":91574,"url":"https:\/\/www.shqiperia.com\/blog\/patronazhisti-tha-se-vota-e-pare-ishte-e-jona-kreu-i-osbe-godet-fort-klosin-zannier-ku-e-di-ai-qe-vota-ishte-per-ps\/","url_meta":{"origin":45602,"position":3},"title":"\u2018Patronazhisti tha se vota e par\u00eb ishte e jona\u2019. &#8211; Kreu i OSBE godet fort Klosin, Zannier: Ku e di ai q\u00eb vota ishte p\u00ebr PS?","author":"Kurt Farka","date":"April 18, 2025","format":false,"excerpt":"18 Prill 2025 P\u00ebrfaq\u00ebsues nga Misioni i OSBE\/ODIHR, t\u00eb kryesuar nga Kreu i Misionit, Ambasadori Lamberto Zannier, dhe Kryekomisioneri i KQZ-s\u00eb, Ilirjan Celibashi, vizituan Parkun Olimpik, ku ndodhet qendra e grumbullimit t\u00eb zarfeve t\u00eb vot\u00ebs s\u00eb diaspor\u00ebs. Vizita e tyre kishte karakter inspektimi, p\u00ebr t\u00eb monitoruar pun\u00ebn n\u00eb k\u00ebt\u00eb qend\u00ebr,\u2026","rel":"","context":"In &quot;Blogu i Udh\u00ebtarit&quot;","block_context":{"text":"Blogu i Udh\u00ebtarit","link":"https:\/\/www.shqiperia.com\/blog\/category\/blogu-i-udhetarit\/"},"img":{"alt_text":"","src":"https:\/\/i0.wp.com\/www.shqiperia.com\/blog\/wp-content\/uploads\/2025\/04\/auto_Screenshot_15-91744971106.jpg?fit=900%2C495&ssl=1&resize=350%2C200","width":350,"height":200,"srcset":"https:\/\/i0.wp.com\/www.shqiperia.com\/blog\/wp-content\/uploads\/2025\/04\/auto_Screenshot_15-91744971106.jpg?fit=900%2C495&ssl=1&resize=350%2C200 1x, https:\/\/i0.wp.com\/www.shqiperia.com\/blog\/wp-content\/uploads\/2025\/04\/auto_Screenshot_15-91744971106.jpg?fit=900%2C495&ssl=1&resize=525%2C300 1.5x, https:\/\/i0.wp.com\/www.shqiperia.com\/blog\/wp-content\/uploads\/2025\/04\/auto_Screenshot_15-91744971106.jpg?fit=900%2C495&ssl=1&resize=700%2C400 2x"},"classes":[]},{"id":92639,"url":"https:\/\/www.shqiperia.com\/blog\/spak-kerkon-asgjesimin-e-tom-doshit-ja-si-po-shkaterrohet-rrjeti-i-blerjes-se-votave-sekuestrohet-celulari-i\/","url_meta":{"origin":45602,"position":4},"title":"SPAK k\u00ebrkon \u201casgj\u00ebsimin\u201d e Tom Doshit, ja si po shkat\u00ebrrohet rrjeti i blerjes s\u00eb votave, sekuestrohet celulari i\u2026","author":"Kurt Farka","date":"May 17, 2025","format":false,"excerpt":"16 Maji 2025 Nj\u00eb operacion i gjer\u00eb i Prokuroris\u00eb s\u00eb Posa\u00e7me Kund\u00ebr Korrupsionit dhe Krimit t\u00eb Organizuar (SPAK), n\u00eb bashk\u00ebpunim me BKH dhe Policin\u00eb e Shtetit, ka nisur n\u00eb disa zona ky\u00e7e t\u00eb influenc\u00ebs s\u00eb Tom Doshit n\u00eb t\u00eb cilat ky i fundit mori dy mandate, duke goditur fort rrjetin\u2026","rel":"","context":"In &quot;Blogu i Udh\u00ebtarit&quot;","block_context":{"text":"Blogu i Udh\u00ebtarit","link":"https:\/\/www.shqiperia.com\/blog\/category\/blogu-i-udhetarit\/"},"img":{"alt_text":"","src":"https:\/\/i0.wp.com\/www.shqiperia.com\/blog\/wp-content\/uploads\/2025\/05\/800-0-Tom-Doshii-676x450-1.jpg?fit=800%2C533&ssl=1&resize=350%2C200","width":350,"height":200,"srcset":"https:\/\/i0.wp.com\/www.shqiperia.com\/blog\/wp-content\/uploads\/2025\/05\/800-0-Tom-Doshii-676x450-1.jpg?fit=800%2C533&ssl=1&resize=350%2C200 1x, https:\/\/i0.wp.com\/www.shqiperia.com\/blog\/wp-content\/uploads\/2025\/05\/800-0-Tom-Doshii-676x450-1.jpg?fit=800%2C533&ssl=1&resize=525%2C300 1.5x, https:\/\/i0.wp.com\/www.shqiperia.com\/blog\/wp-content\/uploads\/2025\/05\/800-0-Tom-Doshii-676x450-1.jpg?fit=800%2C533&ssl=1&resize=700%2C400 2x"},"classes":[]},{"id":80219,"url":"https:\/\/www.shqiperia.com\/blog\/kreu-i-kqz-jam-skeptik-per-reformen-zgjedhore-progresi-eshte-zero\/","url_meta":{"origin":45602,"position":5},"title":"Kreu i KQZ: &#8211; Jam skeptik p\u00ebr Reform\u00ebn Zgjedhore, progresi \u00ebsht\u00eb zero.","author":"Kurt Farka","date":"April 17, 2024","format":false,"excerpt":"17 Prill 2024 Ilirjan Celibashi\u00a0n\u00eb rubrik\u00ebn \u201cOpinion\u201d n\u00eb News24 tha se progresi i Reform\u00ebs Zgjedhore ka qen\u00eb zero ndaj dhe nuk \u00ebsht\u00eb optimist n\u00eb lidhje me ndryshimet n\u00eb Kodin Zgjedhor. \u201cOptimizmi duhet t\u00eb jet\u00eb i moderuar kur shohim q\u00eb progresi n\u00eb kuad\u00ebr t\u00eb Reform\u00ebs Zgjedhore \u00ebsht\u00eb zero. Komisioni e mbylli\u2026","rel":"","context":"In &quot;Blogu i Udh\u00ebtarit&quot;","block_context":{"text":"Blogu i Udh\u00ebtarit","link":"https:\/\/www.shqiperia.com\/blog\/category\/blogu-i-udhetarit\/"},"img":{"alt_text":"","src":"https:\/\/i0.wp.com\/www.shqiperia.com\/blog\/wp-content\/uploads\/2024\/04\/celibashi.jpg?fit=982%2C650&ssl=1&resize=350%2C200","width":350,"height":200,"srcset":"https:\/\/i0.wp.com\/www.shqiperia.com\/blog\/wp-content\/uploads\/2024\/04\/celibashi.jpg?fit=982%2C650&ssl=1&resize=350%2C200 1x, https:\/\/i0.wp.com\/www.shqiperia.com\/blog\/wp-content\/uploads\/2024\/04\/celibashi.jpg?fit=982%2C650&ssl=1&resize=525%2C300 1.5x, https:\/\/i0.wp.com\/www.shqiperia.com\/blog\/wp-content\/uploads\/2024\/04\/celibashi.jpg?fit=982%2C650&ssl=1&resize=700%2C400 2x"},"classes":[]}],"_links":{"self":[{"href":"https:\/\/www.shqiperia.com\/blog\/wp-json\/wp\/v2\/posts\/45602","targetHints":{"allow":["GET"]}}],"collection":[{"href":"https:\/\/www.shqiperia.com\/blog\/wp-json\/wp\/v2\/posts"}],"about":[{"href":"https:\/\/www.shqiperia.com\/blog\/wp-json\/wp\/v2\/types\/post"}],"author":[{"embeddable":true,"href":"https:\/\/www.shqiperia.com\/blog\/wp-json\/wp\/v2\/users\/9"}],"replies":[{"embeddable":true,"href":"https:\/\/www.shqiperia.com\/blog\/wp-json\/wp\/v2\/comments?post=45602"}],"version-history":[{"count":1,"href":"https:\/\/www.shqiperia.com\/blog\/wp-json\/wp\/v2\/posts\/45602\/revisions"}],"predecessor-version":[{"id":45604,"href":"https:\/\/www.shqiperia.com\/blog\/wp-json\/wp\/v2\/posts\/45602\/revisions\/45604"}],"wp:featuredmedia":[{"embeddable":true,"href":"https:\/\/www.shqiperia.com\/blog\/wp-json\/wp\/v2\/media\/45603"}],"wp:attachment":[{"href":"https:\/\/www.shqiperia.com\/blog\/wp-json\/wp\/v2\/media?parent=45602"}],"wp:term":[{"taxonomy":"category","embeddable":true,"href":"https:\/\/www.shqiperia.com\/blog\/wp-json\/wp\/v2\/categories?post=45602"},{"taxonomy":"post_tag","embeddable":true,"href":"https:\/\/www.shqiperia.com\/blog\/wp-json\/wp\/v2\/tags?post=45602"}],"curies":[{"name":"wp","href":"https:\/\/api.w.org\/{rel}","templated":true}]}}