{"id":45592,"date":"2021-03-22T11:58:34","date_gmt":"2021-03-22T11:58:34","guid":{"rendered":"https:\/\/www.shqiperia.com\/blog\/?p=45592"},"modified":"2021-03-22T15:06:17","modified_gmt":"2021-03-22T15:06:17","slug":"sot-dita-e-bimeve-dhe-gjelberimit","status":"publish","type":"post","link":"https:\/\/www.shqiperia.com\/blog\/sot-dita-e-bimeve-dhe-gjelberimit\/","title":{"rendered":"Sot: &#8211; Dita e bimeve dhe gjelberimit"},"content":{"rendered":"<div><img data-recalc-dims=\"1\" loading=\"lazy\" decoding=\"async\" data-attachment-id=\"45593\" data-permalink=\"https:\/\/www.shqiperia.com\/blog\/sot-dita-e-bimeve-dhe-gjelberimit\/163279641_2989329187957031_1598791742477163057_n\/\" data-orig-file=\"https:\/\/i0.wp.com\/www.shqiperia.com\/blog\/wp-content\/uploads\/2021\/03\/163279641_2989329187957031_1598791742477163057_n.jpg?fit=435%2C248&amp;ssl=1\" data-orig-size=\"435,248\" data-comments-opened=\"1\" data-image-meta=\"{&quot;aperture&quot;:&quot;0&quot;,&quot;credit&quot;:&quot;&quot;,&quot;camera&quot;:&quot;&quot;,&quot;caption&quot;:&quot;&quot;,&quot;created_timestamp&quot;:&quot;0&quot;,&quot;copyright&quot;:&quot;&quot;,&quot;focal_length&quot;:&quot;0&quot;,&quot;iso&quot;:&quot;0&quot;,&quot;shutter_speed&quot;:&quot;0&quot;,&quot;title&quot;:&quot;&quot;,&quot;orientation&quot;:&quot;0&quot;}\" data-image-title=\"163279641_2989329187957031_1598791742477163057_n\" data-image-description=\"\" data-image-caption=\"\" data-medium-file=\"https:\/\/i0.wp.com\/www.shqiperia.com\/blog\/wp-content\/uploads\/2021\/03\/163279641_2989329187957031_1598791742477163057_n.jpg?fit=300%2C171&amp;ssl=1\" data-large-file=\"https:\/\/i0.wp.com\/www.shqiperia.com\/blog\/wp-content\/uploads\/2021\/03\/163279641_2989329187957031_1598791742477163057_n.jpg?fit=435%2C248&amp;ssl=1\" class=\"alignnone wp-image-45593\" alt=\"\" src=\"https:\/\/i0.wp.com\/www.shqiperia.com\/blog\/wp-content\/uploads\/2021\/03\/163279641_2989329187957031_1598791742477163057_n.jpg?resize=475%2C271&#038;ssl=1\" width=\"475\" height=\"271\" srcset=\"https:\/\/i0.wp.com\/www.shqiperia.com\/blog\/wp-content\/uploads\/2021\/03\/163279641_2989329187957031_1598791742477163057_n.jpg?resize=300%2C171&amp;ssl=1 300w, https:\/\/i0.wp.com\/www.shqiperia.com\/blog\/wp-content\/uploads\/2021\/03\/163279641_2989329187957031_1598791742477163057_n.jpg?resize=400%2C228&amp;ssl=1 400w, https:\/\/i0.wp.com\/www.shqiperia.com\/blog\/wp-content\/uploads\/2021\/03\/163279641_2989329187957031_1598791742477163057_n.jpg?w=435&amp;ssl=1 435w\" sizes=\"auto, (max-width: 475px) 100vw, 475px\" \/><\/div>\n<div><\/div>\n<div>Sot: &#8211; Dita e bimeve dhe gjelberimit<\/div>\n<div>&#8211; 22 mars\u00a02021<\/div>\n<div>&#8211; Besohej se sonte te gjitha llojet e bimeve, pemeve i falen (i perkulen) Tokes Nane.<\/div>\n<div>&#8211; Momenti i perkuljes se pemeve eshte madheshtor, e po ta shikojne njerzit, cdo deshire qe shprehet ne ate moment plotesohet.<\/div>\n<div>&#8211; Sipas besimit te Vendeve te Lindjes paraqitet Perendia e kesaj Dite me veshje te gjelber, tek populli yne (dhe tek te tjere popuj) ishte simbol Pema e Jetes &#8211; simbol i bimesise dhe gjelberimit.<\/div>\n<div>\n<div id=\"attachment_45595\" style=\"width: 584px\" class=\"wp-caption alignnone\"><img data-recalc-dims=\"1\" loading=\"lazy\" decoding=\"async\" aria-describedby=\"caption-attachment-45595\" data-attachment-id=\"45595\" data-permalink=\"https:\/\/www.shqiperia.com\/blog\/sot-dita-e-bimeve-dhe-gjelberimit\/pema-e-jetes-motiv-i-qendisur-2\/\" data-orig-file=\"https:\/\/i0.wp.com\/www.shqiperia.com\/blog\/wp-content\/uploads\/2021\/03\/Pema-e-Jetes-Motiv-i-qendisur-1.jpg?fit=435%2C452&amp;ssl=1\" data-orig-size=\"435,452\" data-comments-opened=\"1\" data-image-meta=\"{&quot;aperture&quot;:&quot;0&quot;,&quot;credit&quot;:&quot;&quot;,&quot;camera&quot;:&quot;&quot;,&quot;caption&quot;:&quot;&quot;,&quot;created_timestamp&quot;:&quot;0&quot;,&quot;copyright&quot;:&quot;&quot;,&quot;focal_length&quot;:&quot;0&quot;,&quot;iso&quot;:&quot;0&quot;,&quot;shutter_speed&quot;:&quot;0&quot;,&quot;title&quot;:&quot;&quot;,&quot;orientation&quot;:&quot;0&quot;}\" data-image-title=\"Pema e Jetes- Motiv i qendisur\" data-image-description=\"\" data-image-caption=\"&lt;p&gt;Pema e Jetes- Motiv i qendisur&lt;\/p&gt;\n\" data-medium-file=\"https:\/\/i0.wp.com\/www.shqiperia.com\/blog\/wp-content\/uploads\/2021\/03\/Pema-e-Jetes-Motiv-i-qendisur-1.jpg?fit=289%2C300&amp;ssl=1\" data-large-file=\"https:\/\/i0.wp.com\/www.shqiperia.com\/blog\/wp-content\/uploads\/2021\/03\/Pema-e-Jetes-Motiv-i-qendisur-1.jpg?fit=435%2C452&amp;ssl=1\" class=\" wp-image-45595\" alt=\"\" src=\"https:\/\/i0.wp.com\/www.shqiperia.com\/blog\/wp-content\/uploads\/2021\/03\/Pema-e-Jetes-Motiv-i-qendisur-1.jpg?resize=574%2C596&#038;ssl=1\" width=\"574\" height=\"596\" srcset=\"https:\/\/i0.wp.com\/www.shqiperia.com\/blog\/wp-content\/uploads\/2021\/03\/Pema-e-Jetes-Motiv-i-qendisur-1.jpg?resize=289%2C300&amp;ssl=1 289w, https:\/\/i0.wp.com\/www.shqiperia.com\/blog\/wp-content\/uploads\/2021\/03\/Pema-e-Jetes-Motiv-i-qendisur-1.jpg?resize=400%2C416&amp;ssl=1 400w, https:\/\/i0.wp.com\/www.shqiperia.com\/blog\/wp-content\/uploads\/2021\/03\/Pema-e-Jetes-Motiv-i-qendisur-1.jpg?w=435&amp;ssl=1 435w\" sizes=\"auto, (max-width: 574px) 100vw, 574px\" \/><p id=\"caption-attachment-45595\" class=\"wp-caption-text\">Pema e Jetes- Motiv i qendisur.<\/p><\/div>\n<p>Shenim nga J. Brahaj<\/p>\n<\/div>\n","protected":false},"excerpt":{"rendered":"<p>Sot: &#8211; Dita e bimeve dhe gjelberimit &#8211; 22 mars\u00a02021 &#8211; Besohej se sonte te gjitha llojet e bimeve, pemeve i falen (i perkulen) Tokes Nane. &#8211; Momenti i perkuljes se pemeve eshte madheshtor, e po ta shikojne njerzit, cdo deshire qe shprehet ne ate moment plotesohet. &#8211; Sipas besimit te Vendeve te Lindjes paraqitet [&hellip;]<\/p>\n","protected":false},"author":9,"featured_media":45593,"comment_status":"open","ping_status":"open","sticky":false,"template":"","format":"standard","meta":{"jetpack_post_was_ever_published":false,"_jetpack_newsletter_access":"","_jetpack_dont_email_post_to_subs":false,"_jetpack_newsletter_tier_id":0,"_jetpack_memberships_contains_paywalled_content":false,"_jetpack_memberships_contains_paid_content":false,"footnotes":"","jetpack_publicize_message":"","jetpack_publicize_feature_enabled":true,"jetpack_social_post_already_shared":true,"jetpack_social_options":{"image_generator_settings":{"template":"highway","default_image_id":0,"font":"","enabled":false},"version":2}},"categories":[14,35,86],"tags":[],"class_list":["post-45592","post","type-post","status-publish","format-standard","has-post-thumbnail","hentry","category-press-releases","category-shoqerore","category-trashegimi-kulturore"],"jetpack_publicize_connections":[],"jetpack_featured_media_url":"https:\/\/i0.wp.com\/www.shqiperia.com\/blog\/wp-content\/uploads\/2021\/03\/163279641_2989329187957031_1598791742477163057_n.jpg?fit=435%2C248&ssl=1","jetpack_sharing_enabled":true,"jetpack_shortlink":"https:\/\/wp.me\/p5Z6wp-bRm","jetpack-related-posts":[{"id":8820,"url":"https:\/\/www.shqiperia.com\/blog\/pse-po-vdesin-pemet-e-jetes\/","url_meta":{"origin":45592,"position":0},"title":"Pse po vdesin \u201cPem\u00ebt e Jet\u00ebs\u201d? &#8211;","author":"Kurt Farka","date":"June 18, 2018","format":false,"excerpt":"Pse po vdesin \u201cPem\u00ebt e Jet\u00ebs\u201d? - Sunland Baobab me mosh\u00eb 1000 vje\u00e7are dhe pema m\u00eb e madhe e Afrik\u00ebs u rr\u00ebzua vitin e kaluar. Nj\u00eb tjet\u00ebr baobab i famsh\u00ebm, pema Chapman n\u00eb Botsvana u rr\u00ebzua n\u00eb vitin 2016. Sipas nj\u00eb studimi t\u00eb publikuar n\u00eb \u201cNature Plants\u201d di\u00e7ka e ngjashme\u2026","rel":"","context":"In &quot;Blogu i Udh\u00ebtarit&quot;","block_context":{"text":"Blogu i Udh\u00ebtarit","link":"https:\/\/www.shqiperia.com\/blog\/category\/blogu-i-udhetarit\/"},"img":{"alt_text":"","src":"https:\/\/i0.wp.com\/www.shqiperia.com\/blog\/wp-content\/uploads\/2018\/06\/Pema-e-Jetes-Afrike.jpg?fit=993%2C644&ssl=1&resize=350%2C200","width":350,"height":200,"srcset":"https:\/\/i0.wp.com\/www.shqiperia.com\/blog\/wp-content\/uploads\/2018\/06\/Pema-e-Jetes-Afrike.jpg?fit=993%2C644&ssl=1&resize=350%2C200 1x, https:\/\/i0.wp.com\/www.shqiperia.com\/blog\/wp-content\/uploads\/2018\/06\/Pema-e-Jetes-Afrike.jpg?fit=993%2C644&ssl=1&resize=525%2C300 1.5x, https:\/\/i0.wp.com\/www.shqiperia.com\/blog\/wp-content\/uploads\/2018\/06\/Pema-e-Jetes-Afrike.jpg?fit=993%2C644&ssl=1&resize=700%2C400 2x"},"classes":[]},{"id":82381,"url":"https:\/\/www.shqiperia.com\/blog\/shpetoi-nga-mbytja-nje-69-vjecare-punonjesja-e-gjelberimit-ne-pogradec-u-be-heroine-per-nje-jete-njerezore\/","url_meta":{"origin":45592,"position":1},"title":"Shp\u00ebtoi nga mbytja nj\u00eb 69 vje\u00e7are, punonj\u00ebsja e gjelb\u00ebrimit n\u00eb Pogradec u b\u00eb heroin\u00eb p\u00ebr nj\u00eb jet\u00eb njer\u00ebzore","author":"Kurt Farka","date":"July 1, 2024","format":false,"excerpt":"1 Korrik 2024 Berie Zykollari, punonj\u00ebsja e gjelb\u00ebrimit Pogradec \u00ebsht\u00eb ajo q\u00eb guxoi dhe shp\u00ebtoi nga mbytja 69-vje\u00e7aren T. Velo. Beria tregon ngjarjen kur pa gruan duke u mbytur d\u00ebrsa dy burra q\u00eb kaluan aty pran\u00eb thjesht shikonin dhe nuk guxuan as t\u00eb afroheshin e jo m\u00eb t\u00eb ndihmonin, me\u2026","rel":"","context":"In &quot;Blogu i Udh\u00ebtarit&quot;","block_context":{"text":"Blogu i Udh\u00ebtarit","link":"https:\/\/www.shqiperia.com\/blog\/category\/blogu-i-udhetarit\/"},"img":{"alt_text":"","src":"https:\/\/i0.wp.com\/www.shqiperia.com\/blog\/wp-content\/uploads\/2024\/07\/pogradec-719x400-1.png?fit=719%2C400&ssl=1&resize=350%2C200","width":350,"height":200,"srcset":"https:\/\/i0.wp.com\/www.shqiperia.com\/blog\/wp-content\/uploads\/2024\/07\/pogradec-719x400-1.png?fit=719%2C400&ssl=1&resize=350%2C200 1x, https:\/\/i0.wp.com\/www.shqiperia.com\/blog\/wp-content\/uploads\/2024\/07\/pogradec-719x400-1.png?fit=719%2C400&ssl=1&resize=525%2C300 1.5x, https:\/\/i0.wp.com\/www.shqiperia.com\/blog\/wp-content\/uploads\/2024\/07\/pogradec-719x400-1.png?fit=719%2C400&ssl=1&resize=700%2C400 2x"},"classes":[]},{"id":89795,"url":"https:\/\/www.shqiperia.com\/blog\/gjendet-bima-me-e-vjeter-ne-europe\/","url_meta":{"origin":45592,"position":2},"title":"Gjendet bima m\u00eb e vjeter n\u00eb Europ\u00eb","author":"Kurt Farka","date":"February 23, 2025","format":false,"excerpt":"23 Shkurt 2025 Bima m\u00eb antike n\u00eb Evrop\u00eb \u00ebsht\u00eb nj\u00eb d\u00ebllinj\u00eb. \u00cbsht\u00eb 1647-vje\u00e7are dhe u gjet n\u00eb Finland\u00eb nga nj\u00eb grup k\u00ebrkuesish nd\u00ebrkomb\u00ebtar\u00eb, koordinuar nga Universiteti i Padov\u00ebs. \u00cbsht\u00eb me madh\u00ebsi modeste dhe sh\u00ebnon rekord t\u00eb ri, duke kaluar me disa shekuj mosh\u00ebn e pem\u00ebve m\u00eb t\u00eb lashta t\u00eb kontinentit\u2026","rel":"","context":"In &quot;Blogu i Udh\u00ebtarit&quot;","block_context":{"text":"Blogu i Udh\u00ebtarit","link":"https:\/\/www.shqiperia.com\/blog\/category\/blogu-i-udhetarit\/"},"img":{"alt_text":"","src":"https:\/\/i0.wp.com\/www.shqiperia.com\/blog\/wp-content\/uploads\/2025\/02\/Bima-me-antike-ne-Europe-e1738056396336-1024x711-1.jpg?fit=1024%2C711&ssl=1&resize=350%2C200","width":350,"height":200,"srcset":"https:\/\/i0.wp.com\/www.shqiperia.com\/blog\/wp-content\/uploads\/2025\/02\/Bima-me-antike-ne-Europe-e1738056396336-1024x711-1.jpg?fit=1024%2C711&ssl=1&resize=350%2C200 1x, https:\/\/i0.wp.com\/www.shqiperia.com\/blog\/wp-content\/uploads\/2025\/02\/Bima-me-antike-ne-Europe-e1738056396336-1024x711-1.jpg?fit=1024%2C711&ssl=1&resize=525%2C300 1.5x, https:\/\/i0.wp.com\/www.shqiperia.com\/blog\/wp-content\/uploads\/2025\/02\/Bima-me-antike-ne-Europe-e1738056396336-1024x711-1.jpg?fit=1024%2C711&ssl=1&resize=700%2C400 2x"},"classes":[]},{"id":26397,"url":"https:\/\/www.shqiperia.com\/blog\/studimi-gjysma-e-pemeve-te-europes-po-zhduket\/","url_meta":{"origin":45592,"position":3},"title":"Studimi: &#8211; gjysma e pem\u00ebve t\u00eb Europ\u00ebs po zhduket. &#8211;","author":"Kurt Farka","date":"September 29, 2019","format":false,"excerpt":"Studimi: - gjysma e pem\u00ebve t\u00eb Europ\u00ebs po zhduket. Pem\u00ebt e Europ\u00ebs po zhduken. Ky \u00ebsht\u00eb verdikti i nj\u00eb studimi t\u00eb detajuar mbi 15 mij\u00eb specie t\u00eb ndryshme bim\u00ebsh dhe kafsh\u00ebsh q\u00eb ndodhen vet\u00ebm n\u00eb kontinentin ton\u00eb. Sipas studimit t\u00eb International Union for Conservation of Nature (IUCN) t\u00eb shp\u00ebrndar\u00eb dit\u00ebn\u2026","rel":"","context":"In &quot;Blogu i Udh\u00ebtarit&quot;","block_context":{"text":"Blogu i Udh\u00ebtarit","link":"https:\/\/www.shqiperia.com\/blog\/category\/blogu-i-udhetarit\/"},"img":{"alt_text":"","src":"https:\/\/i0.wp.com\/www.shqiperia.com\/blog\/wp-content\/uploads\/2019\/09\/geshtenja-e-Kalit.jpg?fit=905%2C450&ssl=1&resize=350%2C200","width":350,"height":200,"srcset":"https:\/\/i0.wp.com\/www.shqiperia.com\/blog\/wp-content\/uploads\/2019\/09\/geshtenja-e-Kalit.jpg?fit=905%2C450&ssl=1&resize=350%2C200 1x, https:\/\/i0.wp.com\/www.shqiperia.com\/blog\/wp-content\/uploads\/2019\/09\/geshtenja-e-Kalit.jpg?fit=905%2C450&ssl=1&resize=525%2C300 1.5x, https:\/\/i0.wp.com\/www.shqiperia.com\/blog\/wp-content\/uploads\/2019\/09\/geshtenja-e-Kalit.jpg?fit=905%2C450&ssl=1&resize=700%2C400 2x"},"classes":[]},{"id":37123,"url":"https:\/\/www.shqiperia.com\/blog\/panik-mes-qytetareve-stuhia-e-merimangave-mbulon-pemet-dhe-parqet-ne-kete-shtet\/","url_meta":{"origin":45592,"position":4},"title":"Panik mes qytetar\u00ebve, stuhia e merimangave mbulon pem\u00ebt dhe parqet n\u00eb k\u00ebt\u00eb shtet","author":"Kurt Farka","date":"August 12, 2020","format":false,"excerpt":"Panik mes qytetar\u00ebve, stuhia e merimangave mbulon pem\u00ebt dhe parqet n\u00eb k\u00ebt\u00eb shtet 11 GUSHT 2020 FacebookWhatsAppTwitterEmail Merimangat n\u00eb k\u00ebt\u00eb vend duket sikur bien nga qielli teksa kan\u00eb pushtuar qytetin. N\u00eb k\u00ebto foto shohim se qyteti Goulburn n\u00eb Australi \u00ebsht\u00eb pushtuar nga rrjetat e merimangave. N\u00ebse n\u00eb vende t\u00eb tjera\u2026","rel":"","context":"In &quot;Blogu i Udh\u00ebtarit&quot;","block_context":{"text":"Blogu i Udh\u00ebtarit","link":"https:\/\/www.shqiperia.com\/blog\/category\/blogu-i-udhetarit\/"},"img":{"alt_text":"","src":"https:\/\/i0.wp.com\/www.shqiperia.com\/blog\/wp-content\/uploads\/2020\/08\/800-0-5f3247e5f1cbf.jpg?fit=800%2C451&ssl=1&resize=350%2C200","width":350,"height":200,"srcset":"https:\/\/i0.wp.com\/www.shqiperia.com\/blog\/wp-content\/uploads\/2020\/08\/800-0-5f3247e5f1cbf.jpg?fit=800%2C451&ssl=1&resize=350%2C200 1x, https:\/\/i0.wp.com\/www.shqiperia.com\/blog\/wp-content\/uploads\/2020\/08\/800-0-5f3247e5f1cbf.jpg?fit=800%2C451&ssl=1&resize=525%2C300 1.5x, https:\/\/i0.wp.com\/www.shqiperia.com\/blog\/wp-content\/uploads\/2020\/08\/800-0-5f3247e5f1cbf.jpg?fit=800%2C451&ssl=1&resize=700%2C400 2x"},"classes":[]},{"id":2819,"url":"https:\/\/www.shqiperia.com\/blog\/salepi-shqiptar-bima-qe-rrezikon-te-zhduket\/","url_meta":{"origin":45592,"position":5},"title":"Salepi Shqiptar, Bima q\u00eb Rrezikon te Zhduket.","author":"Kurt Farka","date":"February 10, 2018","format":false,"excerpt":"Nj\u00eb nga bim\u00ebt m\u00eb t\u00eb rrezikuara \u00ebsht\u00eb Salepi Shqiptar, botanikisht i njohur si Orchis Morio. Kushtet e p\u00ebrshtatshme klimatiko-tok\u00ebsore n\u00eb disa zona t\u00eb Shqip\u00ebris\u00eb mund\u00ebsojn\u00eb grumbullimin e disa bim\u00ebve mjek\u00ebsore dhe aromatike, p\u00ebr t\u00eb cilat ka k\u00ebrkes\u00eb t\u00eb lart\u00eb n\u00eb treg. Aktualisht, Shqip\u00ebria renditet nd\u00ebr vendet kryesore t\u00eb Evrop\u00ebs Mesdhetare\u2026","rel":"","context":"In &quot;Blogu i Udh\u00ebtarit&quot;","block_context":{"text":"Blogu i Udh\u00ebtarit","link":"https:\/\/www.shqiperia.com\/blog\/category\/blogu-i-udhetarit\/"},"img":{"alt_text":"","src":"https:\/\/i0.wp.com\/www.shqiperia.com\/blog\/wp-content\/uploads\/2018\/02\/salepi-1.jpg?fit=461%2C293&ssl=1&resize=350%2C200","width":350,"height":200},"classes":[]}],"_links":{"self":[{"href":"https:\/\/www.shqiperia.com\/blog\/wp-json\/wp\/v2\/posts\/45592","targetHints":{"allow":["GET"]}}],"collection":[{"href":"https:\/\/www.shqiperia.com\/blog\/wp-json\/wp\/v2\/posts"}],"about":[{"href":"https:\/\/www.shqiperia.com\/blog\/wp-json\/wp\/v2\/types\/post"}],"author":[{"embeddable":true,"href":"https:\/\/www.shqiperia.com\/blog\/wp-json\/wp\/v2\/users\/9"}],"replies":[{"embeddable":true,"href":"https:\/\/www.shqiperia.com\/blog\/wp-json\/wp\/v2\/comments?post=45592"}],"version-history":[{"count":7,"href":"https:\/\/www.shqiperia.com\/blog\/wp-json\/wp\/v2\/posts\/45592\/revisions"}],"predecessor-version":[{"id":45620,"href":"https:\/\/www.shqiperia.com\/blog\/wp-json\/wp\/v2\/posts\/45592\/revisions\/45620"}],"wp:featuredmedia":[{"embeddable":true,"href":"https:\/\/www.shqiperia.com\/blog\/wp-json\/wp\/v2\/media\/45593"}],"wp:attachment":[{"href":"https:\/\/www.shqiperia.com\/blog\/wp-json\/wp\/v2\/media?parent=45592"}],"wp:term":[{"taxonomy":"category","embeddable":true,"href":"https:\/\/www.shqiperia.com\/blog\/wp-json\/wp\/v2\/categories?post=45592"},{"taxonomy":"post_tag","embeddable":true,"href":"https:\/\/www.shqiperia.com\/blog\/wp-json\/wp\/v2\/tags?post=45592"}],"curies":[{"name":"wp","href":"https:\/\/api.w.org\/{rel}","templated":true}]}}