{"id":45576,"date":"2021-03-22T00:01:45","date_gmt":"2021-03-22T00:01:45","guid":{"rendered":"https:\/\/www.shqiperia.com\/blog\/?p=45576"},"modified":"2021-03-22T00:02:58","modified_gmt":"2021-03-22T00:02:58","slug":"edhe-makinat-e-antikontrabandes-ne-dispozicion-te-zyrave-elektorale-te-ps-foto","status":"publish","type":"post","link":"https:\/\/www.shqiperia.com\/blog\/edhe-makinat-e-antikontrabandes-ne-dispozicion-te-zyrave-elektorale-te-ps-foto\/","title":{"rendered":"Edhe makinat e antikontraband\u00ebs n\u00eb dispozicion t\u00eb zyrave elektorale t\u00eb PS (foto)"},"content":{"rendered":"<p><img data-recalc-dims=\"1\" loading=\"lazy\" decoding=\"async\" data-attachment-id=\"45577\" data-permalink=\"https:\/\/www.shqiperia.com\/blog\/edhe-makinat-e-antikontrabandes-ne-dispozicion-te-zyrave-elektorale-te-ps-foto\/162753354_1862748763886022_96014150688301077_o-copy\/\" data-orig-file=\"https:\/\/i0.wp.com\/www.shqiperia.com\/blog\/wp-content\/uploads\/2021\/03\/162753354_1862748763886022_96014150688301077_o-Copy.jpg?fit=1170%2C712&amp;ssl=1\" data-orig-size=\"1170,712\" data-comments-opened=\"1\" data-image-meta=\"{&quot;aperture&quot;:&quot;0&quot;,&quot;credit&quot;:&quot;&quot;,&quot;camera&quot;:&quot;&quot;,&quot;caption&quot;:&quot;&quot;,&quot;created_timestamp&quot;:&quot;0&quot;,&quot;copyright&quot;:&quot;&quot;,&quot;focal_length&quot;:&quot;0&quot;,&quot;iso&quot;:&quot;0&quot;,&quot;shutter_speed&quot;:&quot;0&quot;,&quot;title&quot;:&quot;&quot;,&quot;orientation&quot;:&quot;0&quot;}\" data-image-title=\"162753354_1862748763886022_96014150688301077_o &#8211; Copy\" data-image-description=\"\" data-image-caption=\"\" data-medium-file=\"https:\/\/i0.wp.com\/www.shqiperia.com\/blog\/wp-content\/uploads\/2021\/03\/162753354_1862748763886022_96014150688301077_o-Copy.jpg?fit=300%2C183&amp;ssl=1\" data-large-file=\"https:\/\/i0.wp.com\/www.shqiperia.com\/blog\/wp-content\/uploads\/2021\/03\/162753354_1862748763886022_96014150688301077_o-Copy.jpg?fit=1024%2C623&amp;ssl=1\" class=\"alignnone wp-image-45577\" alt=\"\" src=\"https:\/\/i0.wp.com\/www.shqiperia.com\/blog\/wp-content\/uploads\/2021\/03\/162753354_1862748763886022_96014150688301077_o-Copy.jpg?resize=500%2C305&#038;ssl=1\" width=\"500\" height=\"305\" srcset=\"https:\/\/i0.wp.com\/www.shqiperia.com\/blog\/wp-content\/uploads\/2021\/03\/162753354_1862748763886022_96014150688301077_o-Copy.jpg?resize=300%2C183&amp;ssl=1 300w, https:\/\/i0.wp.com\/www.shqiperia.com\/blog\/wp-content\/uploads\/2021\/03\/162753354_1862748763886022_96014150688301077_o-Copy.jpg?resize=1024%2C623&amp;ssl=1 1024w, https:\/\/i0.wp.com\/www.shqiperia.com\/blog\/wp-content\/uploads\/2021\/03\/162753354_1862748763886022_96014150688301077_o-Copy.jpg?resize=768%2C467&amp;ssl=1 768w, https:\/\/i0.wp.com\/www.shqiperia.com\/blog\/wp-content\/uploads\/2021\/03\/162753354_1862748763886022_96014150688301077_o-Copy.jpg?resize=450%2C274&amp;ssl=1 450w, https:\/\/i0.wp.com\/www.shqiperia.com\/blog\/wp-content\/uploads\/2021\/03\/162753354_1862748763886022_96014150688301077_o-Copy.jpg?resize=600%2C365&amp;ssl=1 600w, https:\/\/i0.wp.com\/www.shqiperia.com\/blog\/wp-content\/uploads\/2021\/03\/162753354_1862748763886022_96014150688301077_o-Copy.jpg?resize=400%2C243&amp;ssl=1 400w, https:\/\/i0.wp.com\/www.shqiperia.com\/blog\/wp-content\/uploads\/2021\/03\/162753354_1862748763886022_96014150688301077_o-Copy.jpg?w=1170&amp;ssl=1 1170w\" sizes=\"auto, (max-width: 500px) 100vw, 500px\" \/><\/p>\n<p>Edhe makinat e antikontraband\u00ebs n\u00eb dispozicion t\u00eb zyrave elektorale t\u00eb PS (foto)<\/p>\n<p><a href=\"https:\/\/kohajone.com\/edhe-makinat-e-antikontrabandes-ne-dispozicion-te-zyrave-elektorale-te-ps-foto\/\">21\/03\/2021 <\/a><\/p>\n<p>Administrata shtetrore \u00ebsht\u00eb e gjitha n\u00eb fushat\u00eb elektorale pro PS. Tashm\u00eb akuzat e opozit\u00ebs dhe faktet se si kryeministri ka angazhuar krejt strukturat shtetrore p\u00ebr t\u00eb mbledhur vota e b\u00ebr\u00eb fushat\u00eb p\u00ebr Rilindjen, jan\u00eb evidente, por duhet q\u00eb KQZ dhe v\u00ebzhguesit e OSBE-ODIHR t\u00eb reagojn\u00eb.<\/p>\n<p><img data-recalc-dims=\"1\" loading=\"lazy\" decoding=\"async\" data-attachment-id=\"45578\" data-permalink=\"https:\/\/www.shqiperia.com\/blog\/edhe-makinat-e-antikontrabandes-ne-dispozicion-te-zyrave-elektorale-te-ps-foto\/162914873_1862748643886034_8343850475482998093_n\/\" data-orig-file=\"https:\/\/i0.wp.com\/www.shqiperia.com\/blog\/wp-content\/uploads\/2021\/03\/162914873_1862748643886034_8343850475482998093_n.jpg?fit=444%2C576&amp;ssl=1\" data-orig-size=\"444,576\" data-comments-opened=\"1\" data-image-meta=\"{&quot;aperture&quot;:&quot;0&quot;,&quot;credit&quot;:&quot;&quot;,&quot;camera&quot;:&quot;&quot;,&quot;caption&quot;:&quot;&quot;,&quot;created_timestamp&quot;:&quot;0&quot;,&quot;copyright&quot;:&quot;&quot;,&quot;focal_length&quot;:&quot;0&quot;,&quot;iso&quot;:&quot;0&quot;,&quot;shutter_speed&quot;:&quot;0&quot;,&quot;title&quot;:&quot;&quot;,&quot;orientation&quot;:&quot;0&quot;}\" data-image-title=\"162914873_1862748643886034_8343850475482998093_n\" data-image-description=\"\" data-image-caption=\"\" data-medium-file=\"https:\/\/i0.wp.com\/www.shqiperia.com\/blog\/wp-content\/uploads\/2021\/03\/162914873_1862748643886034_8343850475482998093_n.jpg?fit=231%2C300&amp;ssl=1\" data-large-file=\"https:\/\/i0.wp.com\/www.shqiperia.com\/blog\/wp-content\/uploads\/2021\/03\/162914873_1862748643886034_8343850475482998093_n.jpg?fit=444%2C576&amp;ssl=1\" class=\"alignnone wp-image-45578\" alt=\"\" src=\"https:\/\/i0.wp.com\/www.shqiperia.com\/blog\/wp-content\/uploads\/2021\/03\/162914873_1862748643886034_8343850475482998093_n.jpg?resize=459%2C596&#038;ssl=1\" width=\"459\" height=\"596\" srcset=\"https:\/\/i0.wp.com\/www.shqiperia.com\/blog\/wp-content\/uploads\/2021\/03\/162914873_1862748643886034_8343850475482998093_n.jpg?resize=231%2C300&amp;ssl=1 231w, https:\/\/i0.wp.com\/www.shqiperia.com\/blog\/wp-content\/uploads\/2021\/03\/162914873_1862748643886034_8343850475482998093_n.jpg?resize=400%2C519&amp;ssl=1 400w, https:\/\/i0.wp.com\/www.shqiperia.com\/blog\/wp-content\/uploads\/2021\/03\/162914873_1862748643886034_8343850475482998093_n.jpg?w=444&amp;ssl=1 444w\" sizes=\"auto, (max-width: 459px) 100vw, 459px\" \/><\/p>\n<p>Bashkit\u00eb, ministrit\u00eb, krejt institucionet shtetrore dhe \u00e7do drejtori q\u00eb financohet nga shteti po punojn\u00eb hapur pro qeveris\u00eb q\u00eb t\u00eb marr\u00eb sa me shum\u00eb vota, nd\u00ebrkoh\u00eb q\u00eb me ligj asministrata duhet t\u00eb jet\u00eb e depolitizuar.<\/p>\n<p>Mjafton dhe nj\u00eb foto si kjo ku duket makina e antikontraband\u00ebs s\u00eb deg\u00ebs s\u00eb doganave shqiptare q\u00eb shefi i saj ka shkuar te zyra e PS n\u00eb deg\u00ebn 8 n\u00eb zyr\u00ebn elektorale Tiran\u00eb.<\/p>\n<p><img data-recalc-dims=\"1\" loading=\"lazy\" decoding=\"async\" data-attachment-id=\"45579\" data-permalink=\"https:\/\/www.shqiperia.com\/blog\/edhe-makinat-e-antikontrabandes-ne-dispozicion-te-zyrave-elektorale-te-ps-foto\/162753354_1862748763886022_96014150688301077_o\/\" data-orig-file=\"https:\/\/i0.wp.com\/www.shqiperia.com\/blog\/wp-content\/uploads\/2021\/03\/162753354_1862748763886022_96014150688301077_o.jpg?fit=1170%2C1906&amp;ssl=1\" data-orig-size=\"1170,1906\" data-comments-opened=\"1\" data-image-meta=\"{&quot;aperture&quot;:&quot;0&quot;,&quot;credit&quot;:&quot;&quot;,&quot;camera&quot;:&quot;&quot;,&quot;caption&quot;:&quot;&quot;,&quot;created_timestamp&quot;:&quot;0&quot;,&quot;copyright&quot;:&quot;&quot;,&quot;focal_length&quot;:&quot;0&quot;,&quot;iso&quot;:&quot;0&quot;,&quot;shutter_speed&quot;:&quot;0&quot;,&quot;title&quot;:&quot;&quot;,&quot;orientation&quot;:&quot;0&quot;}\" data-image-title=\"162753354_1862748763886022_96014150688301077_o\" data-image-description=\"\" data-image-caption=\"\" data-medium-file=\"https:\/\/i0.wp.com\/www.shqiperia.com\/blog\/wp-content\/uploads\/2021\/03\/162753354_1862748763886022_96014150688301077_o.jpg?fit=184%2C300&amp;ssl=1\" data-large-file=\"https:\/\/i0.wp.com\/www.shqiperia.com\/blog\/wp-content\/uploads\/2021\/03\/162753354_1862748763886022_96014150688301077_o.jpg?fit=629%2C1024&amp;ssl=1\" class=\"alignnone wp-image-45579\" alt=\"\" src=\"https:\/\/i0.wp.com\/www.shqiperia.com\/blog\/wp-content\/uploads\/2021\/03\/162753354_1862748763886022_96014150688301077_o.jpg?resize=444%2C724&#038;ssl=1\" width=\"444\" height=\"724\" srcset=\"https:\/\/i0.wp.com\/www.shqiperia.com\/blog\/wp-content\/uploads\/2021\/03\/162753354_1862748763886022_96014150688301077_o.jpg?resize=184%2C300&amp;ssl=1 184w, https:\/\/i0.wp.com\/www.shqiperia.com\/blog\/wp-content\/uploads\/2021\/03\/162753354_1862748763886022_96014150688301077_o.jpg?resize=629%2C1024&amp;ssl=1 629w, https:\/\/i0.wp.com\/www.shqiperia.com\/blog\/wp-content\/uploads\/2021\/03\/162753354_1862748763886022_96014150688301077_o.jpg?resize=768%2C1251&amp;ssl=1 768w, https:\/\/i0.wp.com\/www.shqiperia.com\/blog\/wp-content\/uploads\/2021\/03\/162753354_1862748763886022_96014150688301077_o.jpg?resize=943%2C1536&amp;ssl=1 943w, https:\/\/i0.wp.com\/www.shqiperia.com\/blog\/wp-content\/uploads\/2021\/03\/162753354_1862748763886022_96014150688301077_o.jpg?resize=450%2C733&amp;ssl=1 450w, https:\/\/i0.wp.com\/www.shqiperia.com\/blog\/wp-content\/uploads\/2021\/03\/162753354_1862748763886022_96014150688301077_o.jpg?resize=600%2C977&amp;ssl=1 600w, https:\/\/i0.wp.com\/www.shqiperia.com\/blog\/wp-content\/uploads\/2021\/03\/162753354_1862748763886022_96014150688301077_o.jpg?resize=400%2C652&amp;ssl=1 400w, https:\/\/i0.wp.com\/www.shqiperia.com\/blog\/wp-content\/uploads\/2021\/03\/162753354_1862748763886022_96014150688301077_o.jpg?w=1170&amp;ssl=1 1170w\" sizes=\"auto, (max-width: 444px) 100vw, 444px\" \/><\/p>\n<p>Nd\u00ebrkoh\u00eb q\u00eb shum\u00eb makina zyrtare po punojn\u00eb n\u00ebp\u00ebr rrethe me administrat\u00ebn qendrore n\u00eb favor t\u00eb PS.<\/p>\n<p>Gazeta Koha e Jone<\/p>\n","protected":false},"excerpt":{"rendered":"<p>Edhe makinat e antikontraband\u00ebs n\u00eb dispozicion t\u00eb zyrave elektorale t\u00eb PS (foto) 21\/03\/2021 Administrata shtetrore \u00ebsht\u00eb e gjitha n\u00eb fushat\u00eb elektorale pro PS. Tashm\u00eb akuzat e opozit\u00ebs dhe faktet se si kryeministri ka angazhuar krejt strukturat shtetrore p\u00ebr t\u00eb mbledhur vota e b\u00ebr\u00eb fushat\u00eb p\u00ebr Rilindjen, jan\u00eb evidente, por duhet q\u00eb KQZ dhe v\u00ebzhguesit e [&hellip;]<\/p>\n","protected":false},"author":9,"featured_media":45577,"comment_status":"open","ping_status":"open","sticky":false,"template":"","format":"standard","meta":{"jetpack_post_was_ever_published":false,"_jetpack_newsletter_access":"","_jetpack_dont_email_post_to_subs":false,"_jetpack_newsletter_tier_id":0,"_jetpack_memberships_contains_paywalled_content":false,"_jetpack_memberships_contains_paid_content":false,"footnotes":"","jetpack_publicize_message":"","jetpack_publicize_feature_enabled":true,"jetpack_social_post_already_shared":true,"jetpack_social_options":{"image_generator_settings":{"template":"highway","default_image_id":0,"font":"","enabled":false},"version":2}},"categories":[27,2],"tags":[],"class_list":["post-45576","post","type-post","status-publish","format-standard","has-post-thumbnail","hentry","category-blogu-i-udhetarit","category-politika"],"jetpack_publicize_connections":[],"jetpack_featured_media_url":"https:\/\/i0.wp.com\/www.shqiperia.com\/blog\/wp-content\/uploads\/2021\/03\/162753354_1862748763886022_96014150688301077_o-Copy.jpg?fit=1170%2C712&ssl=1","jetpack_sharing_enabled":true,"jetpack_shortlink":"https:\/\/wp.me\/p5Z6wp-bR6","jetpack-related-posts":[{"id":79136,"url":"https:\/\/www.shqiperia.com\/blog\/veshtire-te-kthehet-ne-bastion-te-ps-pavaresisht-financimeve-politologu-i-njohur-ben-deklaraten-e-forte-rama-mund-te-kryesoje-listen-e-deputeteve-ne-shkodres\/","url_meta":{"origin":45576,"position":0},"title":"&#8220;V\u00ebshtir\u00eb t\u00eb kthehet n\u00eb bastion t\u00eb PS pavar\u00ebsisht financimeve&#8221;. &#8211; Rama mund t\u00eb kryesoj\u00eb list\u00ebn  e deputet\u00ebve ne Shkodr\u00ebs","author":"Kurt Farka","date":"March 11, 2024","format":false,"excerpt":"11 Mars 2024 Deklaratat e fundit t\u00eb kryeministrit Rama p\u00ebr kryebashkiak\u00ebt e djatht\u00eb, politologu Ilir Kalemaj e sheh si nj\u00eb sipar t\u00eb hapjes s\u00eb fushat\u00ebs elektorale. Duke folur n\u00eb nj\u00eb studio televizive, Kalemaj thekson se Shkodra \u00ebsht\u00eb kryeobjektivi elektoral i PS-s\u00eb n\u00eb 2025-\u00ebn, por sipas tij do t\u00eb jet\u00eb e\u2026","rel":"","context":"In &quot;Blogu i Udh\u00ebtarit&quot;","block_context":{"text":"Blogu i Udh\u00ebtarit","link":"https:\/\/www.shqiperia.com\/blog\/category\/blogu-i-udhetarit\/"},"img":{"alt_text":"","src":"https:\/\/i0.wp.com\/www.shqiperia.com\/blog\/wp-content\/uploads\/2024\/03\/800-0-65ef035cdf69e.jpg?fit=800%2C534&ssl=1&resize=350%2C200","width":350,"height":200,"srcset":"https:\/\/i0.wp.com\/www.shqiperia.com\/blog\/wp-content\/uploads\/2024\/03\/800-0-65ef035cdf69e.jpg?fit=800%2C534&ssl=1&resize=350%2C200 1x, https:\/\/i0.wp.com\/www.shqiperia.com\/blog\/wp-content\/uploads\/2024\/03\/800-0-65ef035cdf69e.jpg?fit=800%2C534&ssl=1&resize=525%2C300 1.5x, https:\/\/i0.wp.com\/www.shqiperia.com\/blog\/wp-content\/uploads\/2024\/03\/800-0-65ef035cdf69e.jpg?fit=800%2C534&ssl=1&resize=700%2C400 2x"},"classes":[]},{"id":71424,"url":"https:\/\/www.shqiperia.com\/blog\/bf-erion-isai-dhe-kreu-i-ps-se-aldo-xhelili-kapen-duke-blere-vota-ne-kolonje-dhunojne-kandidatin-e-opozites\/","url_meta":{"origin":45576,"position":1},"title":"BF: &#8211; Erion Isai dhe kreu i PS-s\u00eb Aldo Xhelili kapen duke bler\u00eb vota n\u00eb Kolonj\u00eb, dhunojn\u00eb kandidatin e opozit\u00ebs","author":"Kurt Farka","date":"May 14, 2023","format":false,"excerpt":"13 Maji 2023 Nj\u00eb tjet\u00ebr incident sh\u00ebnohet n\u00eb dit\u00ebn e zgjedhjeve. M\u00ebsohet se \u00ebsht\u00eb goditur kandidati i PS Erion Isai gjat\u00eb or\u00ebve t\u00eb mbr\u00ebmjes nga nj\u00eb simpatizant i PD pran\u00eb fshatit Qinam t\u00eb Kolonj\u00ebs. Isai ka qen\u00eb duke ecur me mjetin e tij kur e kan\u00eb ndalur n\u00eb rrug\u00eb dhe\u2026","rel":"","context":"In &quot;Blogu i Udh\u00ebtarit&quot;","block_context":{"text":"Blogu i Udh\u00ebtarit","link":"https:\/\/www.shqiperia.com\/blog\/category\/blogu-i-udhetarit\/"},"img":{"alt_text":"","src":"https:\/\/i0.wp.com\/www.shqiperia.com\/blog\/wp-content\/uploads\/2023\/05\/auto_f1684049873-696x347-1.jpg?fit=696%2C347&ssl=1&resize=350%2C200","width":350,"height":200,"srcset":"https:\/\/i0.wp.com\/www.shqiperia.com\/blog\/wp-content\/uploads\/2023\/05\/auto_f1684049873-696x347-1.jpg?fit=696%2C347&ssl=1&resize=350%2C200 1x, https:\/\/i0.wp.com\/www.shqiperia.com\/blog\/wp-content\/uploads\/2023\/05\/auto_f1684049873-696x347-1.jpg?fit=696%2C347&ssl=1&resize=525%2C300 1.5x"},"classes":[]},{"id":69583,"url":"https:\/\/www.shqiperia.com\/blog\/olta-xhacka-flet-pas-thirrjes-ne-spak-akuzat-ndaj-meje-shpifje\/","url_meta":{"origin":45576,"position":2},"title":"Olta Xha\u00e7ka flet pas thirrjes n\u00eb SPAK: &#8211; Akuzat ndaj meje shpifje.\u00a0 \u00a0&#8230;","author":"Kurt Farka","date":"March 13, 2023","format":false,"excerpt":"13 Mars 2023 Shpifje dhe alarm i rrem\u00eb, k\u00ebshtu i ka cil\u00ebsuar Ministrja e Jashtme, Olta Xha\u00e7ka, akuzat p\u00ebr tjet\u00ebrsimin e aseteve t\u00eb Forcave t\u00eb Armatosura dhe p\u00ebrdorimin e mjeteve t\u00eb ushtris\u00eb n\u00eb fushat\u00eb elektorale. Ish-ministrja e Mbrojtjes d\u00ebshmoi p\u00ebr mbi dy or\u00eb n\u00eb SPAK n\u00eb lidhje me hetimet q\u00eb\u2026","rel":"","context":"In &quot;Blogu i Udh\u00ebtarit&quot;","block_context":{"text":"Blogu i Udh\u00ebtarit","link":"https:\/\/www.shqiperia.com\/blog\/category\/blogu-i-udhetarit\/"},"img":{"alt_text":"","src":"https:\/\/i0.wp.com\/www.shqiperia.com\/blog\/wp-content\/uploads\/2023\/03\/olta-xhacka-1548938933.jpg?fit=1050%2C543&ssl=1&resize=350%2C200","width":350,"height":200,"srcset":"https:\/\/i0.wp.com\/www.shqiperia.com\/blog\/wp-content\/uploads\/2023\/03\/olta-xhacka-1548938933.jpg?fit=1050%2C543&ssl=1&resize=350%2C200 1x, https:\/\/i0.wp.com\/www.shqiperia.com\/blog\/wp-content\/uploads\/2023\/03\/olta-xhacka-1548938933.jpg?fit=1050%2C543&ssl=1&resize=525%2C300 1.5x, https:\/\/i0.wp.com\/www.shqiperia.com\/blog\/wp-content\/uploads\/2023\/03\/olta-xhacka-1548938933.jpg?fit=1050%2C543&ssl=1&resize=700%2C400 2x, https:\/\/i0.wp.com\/www.shqiperia.com\/blog\/wp-content\/uploads\/2023\/03\/olta-xhacka-1548938933.jpg?fit=1050%2C543&ssl=1&resize=1050%2C600 3x"},"classes":[]},{"id":78885,"url":"https:\/\/www.shqiperia.com\/blog\/ere-zgjedhjesh-te-parakohshme-edi-rama-zbret-ne-terren-pas-vizites-se-blinken-me-16-mars-krijohet-ekipi-ri-qe-do-te-drejtoje-fushaten-elektorale\/","url_meta":{"origin":45576,"position":3},"title":"Er\u00eb zgjedhjesh t\u00eb parakohshme. &#8211;  Edi Rama zbret n\u00eb terren pas vizit\u00ebs s\u00eb Blinken, m\u00eb 16 mars krijohet ekipi ri q\u00eb do t\u00eb drejtoj\u00eb fushat\u00ebn elektorale","author":"Kurt Farka","date":"March 5, 2024","format":false,"excerpt":"5 Mars 2024 Ofensiva e Prokuroris\u00eb Speciale (SPAK), ndaj kreut t\u00eb qeveris\u00eb me disa dosje t\u00eb hapura dhe gjysma e bashk\u00ebpun\u00ebtor\u00ebve t\u00eb tij n\u00eb nivel lokal dhe qendror n\u00eb burg dhe gjysma tjet\u00ebr n\u00ebn hetim p\u00ebr shkak se jan\u00eb p\u00ebrfshir\u00eb n\u00eb afera korruptive, duket se po shtyn Edi Ram\u00ebn q\u00eb\u2026","rel":"","context":"In &quot;Blogu i Udh\u00ebtarit&quot;","block_context":{"text":"Blogu i Udh\u00ebtarit","link":"https:\/\/www.shqiperia.com\/blog\/category\/blogu-i-udhetarit\/"},"img":{"alt_text":"","src":"https:\/\/i0.wp.com\/www.shqiperia.com\/blog\/wp-content\/uploads\/2024\/03\/640-0-1704814638xedi-ramapng-241.png?fit=640%2C377&ssl=1&resize=350%2C200","width":350,"height":200,"srcset":"https:\/\/i0.wp.com\/www.shqiperia.com\/blog\/wp-content\/uploads\/2024\/03\/640-0-1704814638xedi-ramapng-241.png?fit=640%2C377&ssl=1&resize=350%2C200 1x, https:\/\/i0.wp.com\/www.shqiperia.com\/blog\/wp-content\/uploads\/2024\/03\/640-0-1704814638xedi-ramapng-241.png?fit=640%2C377&ssl=1&resize=525%2C300 1.5x"},"classes":[]},{"id":91952,"url":"https:\/\/www.shqiperia.com\/blog\/rama-vijon-percmon-gra-e-burra-ne-fushate-i-mbushim-sallat-me-shume-se-ata-me-kashten-dhe-koqet-e-tyre\/","url_meta":{"origin":45576,"position":4},"title":"Rama vijon p\u00ebr\u00e7mon gra e burra n\u00eb fushat\u00eb: &#8211; I mbushim sallat m\u00eb shum\u00eb se ata me kasht\u00ebn dhe koqet e tyre","author":"Kurt Farka","date":"April 28, 2025","format":false,"excerpt":"28 Prill 2025 Kryeministri Edi Rama, tashm\u00eb i shteruar dhe i frik\u00ebsuar nga revanshi i fushat\u00ebs elektorale t\u00eb opozit\u00ebs, i \u00ebsht\u00eb rikthyer skandaleve me etiketimet p\u00ebr burrat, pas buj\u00ebs q\u00eb b\u00ebri n\u00eb opinionin publik, termi \u00e7yryk q\u00eb ai p\u00ebrdori p\u00ebr t\u2019ju referuar 50% t\u00eb gjinis\u00eb mashkullore. Gjat\u00eb fjal\u00ebs s\u00eb tij\u2026","rel":"","context":"In &quot;Blogu i Udh\u00ebtarit&quot;","block_context":{"text":"Blogu i Udh\u00ebtarit","link":"https:\/\/www.shqiperia.com\/blog\/category\/blogu-i-udhetarit\/"},"img":{"alt_text":"","src":"https:\/\/i0.wp.com\/www.shqiperia.com\/blog\/wp-content\/uploads\/2025\/04\/178580252_3015969188626364_3780936080641658885_n-1-1.jpg?fit=639%2C388&ssl=1&resize=350%2C200","width":350,"height":200,"srcset":"https:\/\/i0.wp.com\/www.shqiperia.com\/blog\/wp-content\/uploads\/2025\/04\/178580252_3015969188626364_3780936080641658885_n-1-1.jpg?fit=639%2C388&ssl=1&resize=350%2C200 1x, https:\/\/i0.wp.com\/www.shqiperia.com\/blog\/wp-content\/uploads\/2025\/04\/178580252_3015969188626364_3780936080641658885_n-1-1.jpg?fit=639%2C388&ssl=1&resize=525%2C300 1.5x"},"classes":[]},{"id":92084,"url":"https:\/\/www.shqiperia.com\/blog\/vota-e-diaspores-mundet-te-percaktoje-formimin-e-qeverise-jo-si-vullnet-i-lire-i-qytetareve-por-si-rezultat-i-ndikimit-dhe-mekanizmave-nga-shtete-te-tjera\/","url_meta":{"origin":45576,"position":5},"title":"Vota e diaspor\u00ebs mundet te p\u00ebrcaktoje formimin e qeveris\u00eb. &#8211; Jo si vullnet i lir\u00eb i qytetar\u00ebve, por si rezultat i ndikimit dhe mekanizmave nga shtete t\u00eb tjera","author":"Kurt Farka","date":"May 1, 2025","format":false,"excerpt":"1 Maji 2015 Vota e diaspor\u00ebs u pa vet\u00ebm n\u00eb kontekstin politik dhe nuk u hartuan strategji afatgjata, duke vler\u00ebsuar edhe rreziqet ndaj t\u00eb cilave ekspozohet vendi yn\u00eb. Financimi apo dhurimi i parave p\u00ebr fushat\u00ebn elektorale nuk \u00ebsht\u00eb i rregulluar me ligj. T\u00eb dh\u00ebnat nuk deklarohen n\u00eb asnj\u00eb regjist\u00ebr dhe,\u2026","rel":"","context":"In &quot;Blogu i Udh\u00ebtarit&quot;","block_context":{"text":"Blogu i Udh\u00ebtarit","link":"https:\/\/www.shqiperia.com\/blog\/category\/blogu-i-udhetarit\/"},"img":{"alt_text":"","src":"https:\/\/i0.wp.com\/www.shqiperia.com\/blog\/wp-content\/uploads\/2025\/05\/640-0-a0ad01c184c7f72a198ddc95c41704b5.png?fit=640%2C398&ssl=1&resize=350%2C200","width":350,"height":200,"srcset":"https:\/\/i0.wp.com\/www.shqiperia.com\/blog\/wp-content\/uploads\/2025\/05\/640-0-a0ad01c184c7f72a198ddc95c41704b5.png?fit=640%2C398&ssl=1&resize=350%2C200 1x, https:\/\/i0.wp.com\/www.shqiperia.com\/blog\/wp-content\/uploads\/2025\/05\/640-0-a0ad01c184c7f72a198ddc95c41704b5.png?fit=640%2C398&ssl=1&resize=525%2C300 1.5x"},"classes":[]}],"_links":{"self":[{"href":"https:\/\/www.shqiperia.com\/blog\/wp-json\/wp\/v2\/posts\/45576","targetHints":{"allow":["GET"]}}],"collection":[{"href":"https:\/\/www.shqiperia.com\/blog\/wp-json\/wp\/v2\/posts"}],"about":[{"href":"https:\/\/www.shqiperia.com\/blog\/wp-json\/wp\/v2\/types\/post"}],"author":[{"embeddable":true,"href":"https:\/\/www.shqiperia.com\/blog\/wp-json\/wp\/v2\/users\/9"}],"replies":[{"embeddable":true,"href":"https:\/\/www.shqiperia.com\/blog\/wp-json\/wp\/v2\/comments?post=45576"}],"version-history":[{"count":1,"href":"https:\/\/www.shqiperia.com\/blog\/wp-json\/wp\/v2\/posts\/45576\/revisions"}],"predecessor-version":[{"id":45580,"href":"https:\/\/www.shqiperia.com\/blog\/wp-json\/wp\/v2\/posts\/45576\/revisions\/45580"}],"wp:featuredmedia":[{"embeddable":true,"href":"https:\/\/www.shqiperia.com\/blog\/wp-json\/wp\/v2\/media\/45577"}],"wp:attachment":[{"href":"https:\/\/www.shqiperia.com\/blog\/wp-json\/wp\/v2\/media?parent=45576"}],"wp:term":[{"taxonomy":"category","embeddable":true,"href":"https:\/\/www.shqiperia.com\/blog\/wp-json\/wp\/v2\/categories?post=45576"},{"taxonomy":"post_tag","embeddable":true,"href":"https:\/\/www.shqiperia.com\/blog\/wp-json\/wp\/v2\/tags?post=45576"}],"curies":[{"name":"wp","href":"https:\/\/api.w.org\/{rel}","templated":true}]}}