{"id":45573,"date":"2021-03-21T21:10:35","date_gmt":"2021-03-21T21:10:35","guid":{"rendered":"https:\/\/www.shqiperia.com\/blog\/?p=45573"},"modified":"2021-03-21T21:10:35","modified_gmt":"2021-03-21T21:10:35","slug":"qendra-ciklonike-afrohet-ne-jug-te-shqiperise-ja-cfare-na-pret-ne-vijim","status":"publish","type":"post","link":"https:\/\/www.shqiperia.com\/blog\/qendra-ciklonike-afrohet-ne-jug-te-shqiperise-ja-cfare-na-pret-ne-vijim\/","title":{"rendered":"Qendra ciklonike afrohet n\u00eb jug t\u00eb Shqip\u00ebris\u00eb, ja \u00e7far\u00eb na pret n\u00eb vijim"},"content":{"rendered":"<p><img data-recalc-dims=\"1\" loading=\"lazy\" decoding=\"async\" data-attachment-id=\"45574\" data-permalink=\"https:\/\/www.shqiperia.com\/blog\/qendra-ciklonike-afrohet-ne-jug-te-shqiperise-ja-cfare-na-pret-ne-vijim\/800-0-6057acb5cce77\/\" data-orig-file=\"https:\/\/i0.wp.com\/www.shqiperia.com\/blog\/wp-content\/uploads\/2021\/03\/800-0-6057acb5cce77.jpg?fit=800%2C400&amp;ssl=1\" data-orig-size=\"800,400\" data-comments-opened=\"1\" data-image-meta=\"{&quot;aperture&quot;:&quot;0&quot;,&quot;credit&quot;:&quot;&quot;,&quot;camera&quot;:&quot;&quot;,&quot;caption&quot;:&quot;&quot;,&quot;created_timestamp&quot;:&quot;0&quot;,&quot;copyright&quot;:&quot;&quot;,&quot;focal_length&quot;:&quot;0&quot;,&quot;iso&quot;:&quot;0&quot;,&quot;shutter_speed&quot;:&quot;0&quot;,&quot;title&quot;:&quot;&quot;,&quot;orientation&quot;:&quot;0&quot;}\" data-image-title=\"-800-0-6057acb5cce77\" data-image-description=\"\" data-image-caption=\"\" data-medium-file=\"https:\/\/i0.wp.com\/www.shqiperia.com\/blog\/wp-content\/uploads\/2021\/03\/800-0-6057acb5cce77.jpg?fit=300%2C150&amp;ssl=1\" data-large-file=\"https:\/\/i0.wp.com\/www.shqiperia.com\/blog\/wp-content\/uploads\/2021\/03\/800-0-6057acb5cce77.jpg?fit=800%2C400&amp;ssl=1\" class=\"alignnone  wp-image-45574\" alt=\"\" src=\"https:\/\/i0.wp.com\/www.shqiperia.com\/blog\/wp-content\/uploads\/2021\/03\/800-0-6057acb5cce77.jpg?resize=594%2C297&#038;ssl=1\" width=\"594\" height=\"297\" srcset=\"https:\/\/i0.wp.com\/www.shqiperia.com\/blog\/wp-content\/uploads\/2021\/03\/800-0-6057acb5cce77.jpg?resize=300%2C150&amp;ssl=1 300w, https:\/\/i0.wp.com\/www.shqiperia.com\/blog\/wp-content\/uploads\/2021\/03\/800-0-6057acb5cce77.jpg?resize=768%2C384&amp;ssl=1 768w, https:\/\/i0.wp.com\/www.shqiperia.com\/blog\/wp-content\/uploads\/2021\/03\/800-0-6057acb5cce77.jpg?resize=450%2C225&amp;ssl=1 450w, https:\/\/i0.wp.com\/www.shqiperia.com\/blog\/wp-content\/uploads\/2021\/03\/800-0-6057acb5cce77.jpg?resize=600%2C300&amp;ssl=1 600w, https:\/\/i0.wp.com\/www.shqiperia.com\/blog\/wp-content\/uploads\/2021\/03\/800-0-6057acb5cce77.jpg?resize=400%2C200&amp;ssl=1 400w, https:\/\/i0.wp.com\/www.shqiperia.com\/blog\/wp-content\/uploads\/2021\/03\/800-0-6057acb5cce77.jpg?w=800&amp;ssl=1 800w\" sizes=\"auto, (max-width: 594px) 100vw, 594px\" \/><\/p>\n<p>Qendra ciklonike afrohet n\u00eb jug t\u00eb Shqip\u00ebris\u00eb, ja \u00e7far\u00eb na pret n\u00eb vijim<\/p>\n<p>21 MARS 2021<\/p>\n<p>N\u00eb k\u00ebto \u00e7aste kemi afrimin e qendr\u00ebs s\u00eb ciklonit t\u00eb fuqish\u00ebm mesdhetar nga jugu i Italis\u00eb n\u00eb drejtim t\u00eb jugut t\u00eb Shqip\u00ebris\u00eb duke kusht\u00ebzuar intensifim t\u00eb reshjeve atmosferike.<\/p>\n<p>Sipas MeteoBallkan, priten reshje t\u00eb dendura shiu e bore, var\u00ebsisht nga vendi. N\u00eb Shqip\u00ebri shi dhe shtr\u00ebngata me bubullima, nd\u00ebrsa n\u00eb Kosov\u00eb reshje t\u00eb dendura bore duke mos p\u00ebrjashtuar ndonj\u00eb vet\u00ebtim\u00eb dhe bubullim\u00eb gjat\u00eb nat\u00ebs.<\/p>\n<p>Pra, reshjet do t\u00eb vazhdojn\u00eb gjat\u00eb nat\u00ebs duke u fuqizuar her\u00eb pas here n\u00eb gjith\u00eb rajonin.<\/p>\n<p>Gazeta Sot<\/p>\n","protected":false},"excerpt":{"rendered":"<p>Qendra ciklonike afrohet n\u00eb jug t\u00eb Shqip\u00ebris\u00eb, ja \u00e7far\u00eb na pret n\u00eb vijim 21 MARS 2021 N\u00eb k\u00ebto \u00e7aste kemi afrimin e qendr\u00ebs s\u00eb ciklonit t\u00eb fuqish\u00ebm mesdhetar nga jugu i Italis\u00eb n\u00eb drejtim t\u00eb jugut t\u00eb Shqip\u00ebris\u00eb duke kusht\u00ebzuar intensifim t\u00eb reshjeve atmosferike. Sipas MeteoBallkan, priten reshje t\u00eb dendura shiu e bore, var\u00ebsisht nga [&hellip;]<\/p>\n","protected":false},"author":9,"featured_media":45574,"comment_status":"open","ping_status":"open","sticky":false,"template":"","format":"standard","meta":{"jetpack_post_was_ever_published":false,"_jetpack_newsletter_access":"","_jetpack_dont_email_post_to_subs":false,"_jetpack_newsletter_tier_id":0,"_jetpack_memberships_contains_paywalled_content":false,"_jetpack_memberships_contains_paid_content":false,"footnotes":"","jetpack_publicize_message":"","jetpack_publicize_feature_enabled":true,"jetpack_social_post_already_shared":true,"jetpack_social_options":{"image_generator_settings":{"template":"highway","default_image_id":0,"font":"","enabled":false},"version":2}},"categories":[27,35],"tags":[],"class_list":["post-45573","post","type-post","status-publish","format-standard","has-post-thumbnail","hentry","category-blogu-i-udhetarit","category-shoqerore"],"jetpack_publicize_connections":[],"jetpack_featured_media_url":"https:\/\/i0.wp.com\/www.shqiperia.com\/blog\/wp-content\/uploads\/2021\/03\/800-0-6057acb5cce77.jpg?fit=800%2C400&ssl=1","jetpack_sharing_enabled":true,"jetpack_shortlink":"https:\/\/wp.me\/p5Z6wp-bR3","jetpack-related-posts":[{"id":41600,"url":"https:\/\/www.shqiperia.com\/blog\/ja-cfare-do-te-ndodhe-me-motin-ne-ditet-ne-vijim\/","url_meta":{"origin":45573,"position":0},"title":"Ja \u00e7far\u00eb do t\u00eb ndodh\u00eb me motin ne dit\u00ebt n\u00eb vijim","author":"Kurt Farka","date":"December 6, 2020","format":false,"excerpt":"Ja \u00e7far\u00eb do t\u00eb ndodh\u00eb me motin ne dit\u00ebt n\u00eb vijim 5 DHJETOR 2020 Masa t\u00eb fuqishme ajrore ciklonike n\u00eb Evrop\u00eb m\u00eb n\u00eb fund do t\u00eb \u201chapin korridorin\u201d p\u00ebr dep\u00ebrtimin e reshjeve atmosferike edhe n\u00eb territoret tona. Duke filluar nga mbr\u00ebmja e nes\u00ebrme (e diel) do t\u00eb fillojn\u00eb reshjet e\u2026","rel":"","context":"In &quot;Blogu i Udh\u00ebtarit&quot;","block_context":{"text":"Blogu i Udh\u00ebtarit","link":"https:\/\/www.shqiperia.com\/blog\/category\/blogu-i-udhetarit\/"},"img":{"alt_text":"","src":"https:\/\/i0.wp.com\/www.shqiperia.com\/blog\/wp-content\/uploads\/2020\/12\/800-0-5fcbc9634f2ea-1.jpg.gif?fit=800%2C533&ssl=1&resize=350%2C200","width":350,"height":200,"srcset":"https:\/\/i0.wp.com\/www.shqiperia.com\/blog\/wp-content\/uploads\/2020\/12\/800-0-5fcbc9634f2ea-1.jpg.gif?fit=800%2C533&ssl=1&resize=350%2C200 1x, https:\/\/i0.wp.com\/www.shqiperia.com\/blog\/wp-content\/uploads\/2020\/12\/800-0-5fcbc9634f2ea-1.jpg.gif?fit=800%2C533&ssl=1&resize=525%2C300 1.5x, https:\/\/i0.wp.com\/www.shqiperia.com\/blog\/wp-content\/uploads\/2020\/12\/800-0-5fcbc9634f2ea-1.jpg.gif?fit=800%2C533&ssl=1&resize=700%2C400 2x"},"classes":[]},{"id":51963,"url":"https:\/\/www.shqiperia.com\/blog\/afrohet-cikloni-fuqizohen-ererat-ja-cfare-e-pret-shqiperine-oret-ne-vijim\/","url_meta":{"origin":45573,"position":1},"title":"Afrohet cikloni, fuqizohen er\u00ebrat! &#8211; Ja \u00e7far\u00eb e pret Shqip\u00ebrin\u00eb or\u00ebt n\u00eb vijim","author":"Kurt Farka","date":"December 3, 2021","format":false,"excerpt":"Afrohet cikloni, fuqizohen er\u00ebrat! - Ja \u00e7far\u00eb e pret Shqip\u00ebrin\u00eb or\u00ebt n\u00eb vijim 3 DHJETOR 2021 N\u00eb k\u00ebto \u00e7aste q\u00eb nga Deti Tiren p\u00ebrtej Italis\u00eb, pastaj n\u00eb Adriatikun qendror dhe n\u00eb territorin e Bosnj\u00ebs dhe Hercegovin\u00ebs, Vojvodin\u00ebs dhe Hungaris\u00eb kemi masa t\u00eb fuqishme ajrore ciklonike q\u00eb l\u00ebvizin n\u00eb drejtim t\u00eb\u2026","rel":"","context":"In &quot;Blogu i Udh\u00ebtarit&quot;","block_context":{"text":"Blogu i Udh\u00ebtarit","link":"https:\/\/www.shqiperia.com\/blog\/category\/blogu-i-udhetarit\/"},"img":{"alt_text":"","src":"https:\/\/i0.wp.com\/www.shqiperia.com\/blog\/wp-content\/uploads\/2021\/12\/800-0-06beb3c59d58844d4123487c111d5380.jpg?fit=800%2C486&ssl=1&resize=350%2C200","width":350,"height":200,"srcset":"https:\/\/i0.wp.com\/www.shqiperia.com\/blog\/wp-content\/uploads\/2021\/12\/800-0-06beb3c59d58844d4123487c111d5380.jpg?fit=800%2C486&ssl=1&resize=350%2C200 1x, https:\/\/i0.wp.com\/www.shqiperia.com\/blog\/wp-content\/uploads\/2021\/12\/800-0-06beb3c59d58844d4123487c111d5380.jpg?fit=800%2C486&ssl=1&resize=525%2C300 1.5x, https:\/\/i0.wp.com\/www.shqiperia.com\/blog\/wp-content\/uploads\/2021\/12\/800-0-06beb3c59d58844d4123487c111d5380.jpg?fit=800%2C486&ssl=1&resize=700%2C400 2x"},"classes":[]},{"id":52901,"url":"https:\/\/www.shqiperia.com\/blog\/vjen-fronti-i-fuqishem-i-ftohte-ajror-sinoptikanet-reshje-te-dendura-bore-sonte-ne-disa-pjese-te-ballkanit-ja-cfare-e-pret-shqiperine-ne-vijim\/","url_meta":{"origin":45573,"position":2},"title":"\u201cVjen fronti i fuqish\u00ebm i ftoht\u00eb ajror\u201d. Sinoptikan\u00ebt: &#8211; Reshje t\u00eb dendura bore sonte n\u00eb disa pjes\u00eb t\u00eb Ballkanit! Ja \u00e7far\u00eb e pret Shqip\u00ebrin\u00eb n\u00eb vijim","author":"Kurt Farka","date":"January 5, 2022","format":false,"excerpt":"\u201cVjen fronti i fuqish\u00ebm i ftoht\u00eb ajror\u201d. Sinoptikan\u00ebt: - Reshje t\u00eb dendura bore sonte n\u00eb disa pjes\u00eb t\u00eb Ballkanit! Ja \u00e7far\u00eb e pret Shqip\u00ebrin\u00eb n\u00eb vijim 5 JANAR 2022 Edhe sot n\u00eb Shqip\u00ebri dhe Kosov\u00eb po mban\u00eb mot mjaft i ngroht\u00eb p\u00ebr k\u00ebt\u00eb periudh\u00eb kohore me temperatura pothuajse pranverore dhe\u2026","rel":"","context":"In &quot;Njoftime Shtypi&quot;","block_context":{"text":"Njoftime Shtypi","link":"https:\/\/www.shqiperia.com\/blog\/category\/njoftime-shtypi\/"},"img":{"alt_text":"","src":"https:\/\/i0.wp.com\/www.shqiperia.com\/blog\/wp-content\/uploads\/2022\/01\/800-0-61d5ea132b154.jpg?fit=800%2C400&ssl=1&resize=350%2C200","width":350,"height":200,"srcset":"https:\/\/i0.wp.com\/www.shqiperia.com\/blog\/wp-content\/uploads\/2022\/01\/800-0-61d5ea132b154.jpg?fit=800%2C400&ssl=1&resize=350%2C200 1x, https:\/\/i0.wp.com\/www.shqiperia.com\/blog\/wp-content\/uploads\/2022\/01\/800-0-61d5ea132b154.jpg?fit=800%2C400&ssl=1&resize=525%2C300 1.5x, https:\/\/i0.wp.com\/www.shqiperia.com\/blog\/wp-content\/uploads\/2022\/01\/800-0-61d5ea132b154.jpg?fit=800%2C400&ssl=1&resize=700%2C400 2x"},"classes":[]},{"id":51787,"url":"https:\/\/www.shqiperia.com\/blog\/dimri-tregon-dhembet-priten-stuhi-te-fuqishme-dhe-temperatura-te-uleta-ja-cfare-parashikohet-ne-ndodhe-nga-e-hena-e-ne-vazhdim\/","url_meta":{"origin":45573,"position":3},"title":"Dimri \u201ctregon dh\u00ebmb\u00ebt\u201d. &#8211; \u00a0priten stuhi t\u00eb fuqishme dhe temperatura t\u00eb ul\u00ebta, ja \u00e7far\u00eb parashikohet n\u00eb ndodh\u00eb nga e h\u00ebna e n\u00eb vazhdim","author":"Kurt Farka","date":"November 28, 2021","format":false,"excerpt":"Dimri \u201ctregon dh\u00ebmb\u00ebt\u201d. - \u00a0priten stuhi t\u00eb fuqishme dhe temperatura t\u00eb ul\u00ebta, ja \u00e7far\u00eb parashikohet n\u00eb ndodh\u00eb nga e h\u00ebna e n\u00eb vazhdim 28 N\u00cbNTOR 2021 Masa e fuqishme e ftoht\u00eb ajrore me origjin\u00eb polare ka filluar t\u00eb p\u00ebrfshij\u00eb Evropen me reshje shiu e n\u00eb shum\u00eb vende edhe reshje bore.\u2026","rel":"","context":"In &quot;Blogu i Udh\u00ebtarit&quot;","block_context":{"text":"Blogu i Udh\u00ebtarit","link":"https:\/\/www.shqiperia.com\/blog\/category\/blogu-i-udhetarit\/"},"img":{"alt_text":"","src":"https:\/\/i0.wp.com\/www.shqiperia.com\/blog\/wp-content\/uploads\/2021\/11\/800-0-61a3350bc2034.jpg?fit=800%2C432&ssl=1&resize=350%2C200","width":350,"height":200,"srcset":"https:\/\/i0.wp.com\/www.shqiperia.com\/blog\/wp-content\/uploads\/2021\/11\/800-0-61a3350bc2034.jpg?fit=800%2C432&ssl=1&resize=350%2C200 1x, https:\/\/i0.wp.com\/www.shqiperia.com\/blog\/wp-content\/uploads\/2021\/11\/800-0-61a3350bc2034.jpg?fit=800%2C432&ssl=1&resize=525%2C300 1.5x, https:\/\/i0.wp.com\/www.shqiperia.com\/blog\/wp-content\/uploads\/2021\/11\/800-0-61a3350bc2034.jpg?fit=800%2C432&ssl=1&resize=700%2C400 2x"},"classes":[]},{"id":53591,"url":"https:\/\/www.shqiperia.com\/blog\/cmendet-moti-ja-cfare-na-pret-te-marten-shkurti-na-vjen-me-ciklon-te-fuqishem-dimeror-qe-do-leviz-nga\/","url_meta":{"origin":45573,"position":4},"title":"&#8216;\u00c7mendet&#8217; moti! &#8211; Ja \u00e7far\u00eb na pret t\u00eb marten. Shkurti na vjen me ciklon t\u00eb fuqish\u00ebm dim\u00ebror q\u00eb do l\u00ebviz nga&#8230;","author":"Kurt Farka","date":"January 30, 2022","format":false,"excerpt":"'\u00c7mendet' moti! - Ja \u00e7far\u00eb na pret t\u00eb marten. Shkurti na vjen me ciklon t\u00eb fuqish\u00ebm dim\u00ebror q\u00eb do l\u00ebviz nga... 29 JANAR 2022 Stacionet meteorologjike nd\u00ebrkomb\u00ebtare raportojn\u00eb se gjat\u00eb t\u00eb mart\u00ebs priten reshje shiu n\u00eb t\u00eb gjith\u00eb pjes\u00ebn qendore, Ult\u00ebsir\u00ebn Per\u00ebndimore dhe n\u00eb jug t\u00eb vendit, nd\u00ebrsa veriu, veri-lindja\u2026","rel":"","context":"In &quot;Blogu i Udh\u00ebtarit&quot;","block_context":{"text":"Blogu i Udh\u00ebtarit","link":"https:\/\/www.shqiperia.com\/blog\/category\/blogu-i-udhetarit\/"},"img":{"alt_text":"","src":"https:\/\/i0.wp.com\/www.shqiperia.com\/blog\/wp-content\/uploads\/2022\/01\/Screenshot_3-51.png?fit=1087%2C602&ssl=1&resize=350%2C200","width":350,"height":200,"srcset":"https:\/\/i0.wp.com\/www.shqiperia.com\/blog\/wp-content\/uploads\/2022\/01\/Screenshot_3-51.png?fit=1087%2C602&ssl=1&resize=350%2C200 1x, https:\/\/i0.wp.com\/www.shqiperia.com\/blog\/wp-content\/uploads\/2022\/01\/Screenshot_3-51.png?fit=1087%2C602&ssl=1&resize=525%2C300 1.5x, https:\/\/i0.wp.com\/www.shqiperia.com\/blog\/wp-content\/uploads\/2022\/01\/Screenshot_3-51.png?fit=1087%2C602&ssl=1&resize=700%2C400 2x, https:\/\/i0.wp.com\/www.shqiperia.com\/blog\/wp-content\/uploads\/2022\/01\/Screenshot_3-51.png?fit=1087%2C602&ssl=1&resize=1050%2C600 3x"},"classes":[]},{"id":73945,"url":"https:\/\/www.shqiperia.com\/blog\/perkeqesohen-kushtet-e-motit-zbuloni-cfare-do-te-ndodhe-me-temperaturat-gjate-diteve-ne-vijim\/","url_meta":{"origin":45573,"position":5},"title":"P\u00ebrkeq\u00ebsohen kushtet e motit, zbuloni \u00e7far\u00eb do t\u00eb ndodh\u00eb me temperaturat gjat\u00eb dit\u00ebve n\u00eb vijim","author":"Kurt Farka","date":"September 3, 2023","format":false,"excerpt":"3 Shtator 2023 Nj\u00eb front i ftoht\u00eb direkt nga veriu pritet t\u00eb p\u00ebrshkoj\u00eb territorin e Republik\u00ebs s\u00eb Kosov\u00ebs dhe disa pjes\u00eb t\u00eb Shqip\u00ebris\u00eb dhe Maqedonis\u00eb s\u00eb Veriut duke shkaktuar ulje t\u00eb ndjeshme t\u00eb temperaturave dhe reshje e rrebeshe lokale shiu me ndonj\u00eb vet\u00ebtim\u00eb dhe bubullim\u00eb. Vran\u00ebsirat do t\u00eb fillojn\u00eb t\u00eb\u2026","rel":"","context":"In &quot;Blogu i Udh\u00ebtarit&quot;","block_context":{"text":"Blogu i Udh\u00ebtarit","link":"https:\/\/www.shqiperia.com\/blog\/category\/blogu-i-udhetarit\/"},"img":{"alt_text":"","src":"https:\/\/i0.wp.com\/www.shqiperia.com\/blog\/wp-content\/uploads\/2023\/09\/800-0-56c1c3c9f44f7d61d4f2756d8728d0eb.jpg?fit=800%2C480&ssl=1&resize=350%2C200","width":350,"height":200,"srcset":"https:\/\/i0.wp.com\/www.shqiperia.com\/blog\/wp-content\/uploads\/2023\/09\/800-0-56c1c3c9f44f7d61d4f2756d8728d0eb.jpg?fit=800%2C480&ssl=1&resize=350%2C200 1x, https:\/\/i0.wp.com\/www.shqiperia.com\/blog\/wp-content\/uploads\/2023\/09\/800-0-56c1c3c9f44f7d61d4f2756d8728d0eb.jpg?fit=800%2C480&ssl=1&resize=525%2C300 1.5x, https:\/\/i0.wp.com\/www.shqiperia.com\/blog\/wp-content\/uploads\/2023\/09\/800-0-56c1c3c9f44f7d61d4f2756d8728d0eb.jpg?fit=800%2C480&ssl=1&resize=700%2C400 2x"},"classes":[]}],"_links":{"self":[{"href":"https:\/\/www.shqiperia.com\/blog\/wp-json\/wp\/v2\/posts\/45573","targetHints":{"allow":["GET"]}}],"collection":[{"href":"https:\/\/www.shqiperia.com\/blog\/wp-json\/wp\/v2\/posts"}],"about":[{"href":"https:\/\/www.shqiperia.com\/blog\/wp-json\/wp\/v2\/types\/post"}],"author":[{"embeddable":true,"href":"https:\/\/www.shqiperia.com\/blog\/wp-json\/wp\/v2\/users\/9"}],"replies":[{"embeddable":true,"href":"https:\/\/www.shqiperia.com\/blog\/wp-json\/wp\/v2\/comments?post=45573"}],"version-history":[{"count":1,"href":"https:\/\/www.shqiperia.com\/blog\/wp-json\/wp\/v2\/posts\/45573\/revisions"}],"predecessor-version":[{"id":45575,"href":"https:\/\/www.shqiperia.com\/blog\/wp-json\/wp\/v2\/posts\/45573\/revisions\/45575"}],"wp:featuredmedia":[{"embeddable":true,"href":"https:\/\/www.shqiperia.com\/blog\/wp-json\/wp\/v2\/media\/45574"}],"wp:attachment":[{"href":"https:\/\/www.shqiperia.com\/blog\/wp-json\/wp\/v2\/media?parent=45573"}],"wp:term":[{"taxonomy":"category","embeddable":true,"href":"https:\/\/www.shqiperia.com\/blog\/wp-json\/wp\/v2\/categories?post=45573"},{"taxonomy":"post_tag","embeddable":true,"href":"https:\/\/www.shqiperia.com\/blog\/wp-json\/wp\/v2\/tags?post=45573"}],"curies":[{"name":"wp","href":"https:\/\/api.w.org\/{rel}","templated":true}]}}