{"id":45570,"date":"2021-03-21T19:20:36","date_gmt":"2021-03-21T19:20:36","guid":{"rendered":"https:\/\/www.shqiperia.com\/blog\/?p=45570"},"modified":"2021-03-21T19:20:36","modified_gmt":"2021-03-21T19:20:36","slug":"qytetaret-ne-panik-termet-ne-vendin-fqinje","status":"publish","type":"post","link":"https:\/\/www.shqiperia.com\/blog\/qytetaret-ne-panik-termet-ne-vendin-fqinje\/","title":{"rendered":"Qytetar\u00ebt n\u00eb panik! T\u00ebrmet ne vendin fqinj\u00eb"},"content":{"rendered":"<p><img data-recalc-dims=\"1\" loading=\"lazy\" decoding=\"async\" data-attachment-id=\"45571\" data-permalink=\"https:\/\/www.shqiperia.com\/blog\/qytetaret-ne-panik-termet-ne-vendin-fqinje\/800-0-60578b56f056a\/\" data-orig-file=\"https:\/\/i0.wp.com\/www.shqiperia.com\/blog\/wp-content\/uploads\/2021\/03\/800-0-60578b56f056a.jpg?fit=800%2C450&amp;ssl=1\" data-orig-size=\"800,450\" data-comments-opened=\"1\" data-image-meta=\"{&quot;aperture&quot;:&quot;0&quot;,&quot;credit&quot;:&quot;&quot;,&quot;camera&quot;:&quot;&quot;,&quot;caption&quot;:&quot;&quot;,&quot;created_timestamp&quot;:&quot;0&quot;,&quot;copyright&quot;:&quot;&quot;,&quot;focal_length&quot;:&quot;0&quot;,&quot;iso&quot;:&quot;0&quot;,&quot;shutter_speed&quot;:&quot;0&quot;,&quot;title&quot;:&quot;&quot;,&quot;orientation&quot;:&quot;0&quot;}\" data-image-title=\"-800-0-60578b56f056a\" data-image-description=\"\" data-image-caption=\"\" data-medium-file=\"https:\/\/i0.wp.com\/www.shqiperia.com\/blog\/wp-content\/uploads\/2021\/03\/800-0-60578b56f056a.jpg?fit=300%2C169&amp;ssl=1\" data-large-file=\"https:\/\/i0.wp.com\/www.shqiperia.com\/blog\/wp-content\/uploads\/2021\/03\/800-0-60578b56f056a.jpg?fit=800%2C450&amp;ssl=1\" class=\"alignnone  wp-image-45571\" alt=\"\" src=\"https:\/\/i0.wp.com\/www.shqiperia.com\/blog\/wp-content\/uploads\/2021\/03\/800-0-60578b56f056a.jpg?resize=518%2C292&#038;ssl=1\" width=\"518\" height=\"292\" srcset=\"https:\/\/i0.wp.com\/www.shqiperia.com\/blog\/wp-content\/uploads\/2021\/03\/800-0-60578b56f056a.jpg?resize=300%2C169&amp;ssl=1 300w, https:\/\/i0.wp.com\/www.shqiperia.com\/blog\/wp-content\/uploads\/2021\/03\/800-0-60578b56f056a.jpg?resize=768%2C432&amp;ssl=1 768w, https:\/\/i0.wp.com\/www.shqiperia.com\/blog\/wp-content\/uploads\/2021\/03\/800-0-60578b56f056a.jpg?resize=450%2C253&amp;ssl=1 450w, https:\/\/i0.wp.com\/www.shqiperia.com\/blog\/wp-content\/uploads\/2021\/03\/800-0-60578b56f056a.jpg?resize=600%2C338&amp;ssl=1 600w, https:\/\/i0.wp.com\/www.shqiperia.com\/blog\/wp-content\/uploads\/2021\/03\/800-0-60578b56f056a.jpg?resize=400%2C225&amp;ssl=1 400w, https:\/\/i0.wp.com\/www.shqiperia.com\/blog\/wp-content\/uploads\/2021\/03\/800-0-60578b56f056a.jpg?w=800&amp;ssl=1 800w\" sizes=\"auto, (max-width: 518px) 100vw, 518px\" \/><\/p>\n<p>Qytetar\u00ebt n\u00eb panik! T\u00ebrmet ne vendin fqinj\u00eb<\/p>\n<p>21 MARS 2021<\/p>\n<p>Nj\u00eb t\u00ebrmet me magnitud\u00eb 4.7 t\u00eb shkall\u00ebs rihter ka r\u00ebn\u00eb para pak \u00e7astesh n\u00eb af\u00ebrsi t\u00eb qytetit t\u00eb Larisas n\u00eb Greqi.<\/p>\n<p>T\u00ebrmeti ka patur nj\u00eb thell\u00ebsi prej 10 km duke shkaktuar panik dhe frik\u00eb te banor\u00ebt e zon\u00ebs.<\/p>\n<p>Paraprakisht nuk raportohet p\u00ebr l\u00ebndime n\u00eb njer\u00ebz apo d\u00ebme material.<\/p>\n<ol>\n<li>Sot<\/li>\n<\/ol>\n","protected":false},"excerpt":{"rendered":"<p>Qytetar\u00ebt n\u00eb panik! T\u00ebrmet ne vendin fqinj\u00eb 21 MARS 2021 Nj\u00eb t\u00ebrmet me magnitud\u00eb 4.7 t\u00eb shkall\u00ebs rihter ka r\u00ebn\u00eb para pak \u00e7astesh n\u00eb af\u00ebrsi t\u00eb qytetit t\u00eb Larisas n\u00eb Greqi. T\u00ebrmeti ka patur nj\u00eb thell\u00ebsi prej 10 km duke shkaktuar panik dhe frik\u00eb te banor\u00ebt e zon\u00ebs. Paraprakisht nuk raportohet p\u00ebr l\u00ebndime n\u00eb njer\u00ebz [&hellip;]<\/p>\n","protected":false},"author":9,"featured_media":45571,"comment_status":"open","ping_status":"open","sticky":false,"template":"","format":"standard","meta":{"jetpack_post_was_ever_published":false,"_jetpack_newsletter_access":"","_jetpack_dont_email_post_to_subs":false,"_jetpack_newsletter_tier_id":0,"_jetpack_memberships_contains_paywalled_content":false,"_jetpack_memberships_contains_paid_content":false,"footnotes":"","jetpack_publicize_message":"","jetpack_publicize_feature_enabled":true,"jetpack_social_post_already_shared":true,"jetpack_social_options":{"image_generator_settings":{"template":"highway","default_image_id":0,"font":"","enabled":false},"version":2}},"categories":[27,35],"tags":[],"class_list":["post-45570","post","type-post","status-publish","format-standard","has-post-thumbnail","hentry","category-blogu-i-udhetarit","category-shoqerore"],"jetpack_publicize_connections":[],"jetpack_featured_media_url":"https:\/\/i0.wp.com\/www.shqiperia.com\/blog\/wp-content\/uploads\/2021\/03\/800-0-60578b56f056a.jpg?fit=800%2C450&ssl=1","jetpack_sharing_enabled":true,"jetpack_shortlink":"https:\/\/wp.me\/p5Z6wp-bR0","jetpack-related-posts":[{"id":26185,"url":"https:\/\/www.shqiperia.com\/blog\/arrestohen-gazetaret-qe-publikuan-lajmin-e-rreme-per-termet-ne-oren-23-30-emrat\/","url_meta":{"origin":45570,"position":0},"title":"Arrestohen gazetar\u00ebt q\u00eb publikuan lajmin e rrem\u00eb p\u00ebr t\u00ebrmet n\u00eb or\u00ebn 23.30 (EMRAT)","author":"Kurt Farka","date":"September 23, 2019","format":false,"excerpt":"Arrestohen gazetar\u00ebt q\u00eb publikuan lajmin e rrem\u00eb p\u00ebr t\u00ebrmet n\u00eb or\u00ebn 23.30 (EMRAT) 23 Shtator 2019 | 00 : 25 Policia e Shtetit Menj\u00ebher\u00eb pas publikimit t\u00eb nj\u00eb lajmi t\u00eb rrem\u00eb n\u00eb portalin \u201cSYRI.net\u201d dhe m\u00eb pas edhe n\u00eb disa portale t\u00eb tjera, se sipas parashikimeve t\u00eb nj\u00eb sizmologu grek\u2026","rel":"","context":"In &quot;Blogu i Udh\u00ebtarit&quot;","block_context":{"text":"Blogu i Udh\u00ebtarit","link":"https:\/\/www.shqiperia.com\/blog\/category\/blogu-i-udhetarit\/"},"img":{"alt_text":"","src":"https:\/\/i0.wp.com\/www.shqiperia.com\/blog\/wp-content\/uploads\/2019\/09\/E233BD9C-ABD6-449C-A4E4-365E983A34A5.jpeg?fit=1200%2C700&ssl=1&resize=350%2C200","width":350,"height":200,"srcset":"https:\/\/i0.wp.com\/www.shqiperia.com\/blog\/wp-content\/uploads\/2019\/09\/E233BD9C-ABD6-449C-A4E4-365E983A34A5.jpeg?fit=1200%2C700&ssl=1&resize=350%2C200 1x, https:\/\/i0.wp.com\/www.shqiperia.com\/blog\/wp-content\/uploads\/2019\/09\/E233BD9C-ABD6-449C-A4E4-365E983A34A5.jpeg?fit=1200%2C700&ssl=1&resize=525%2C300 1.5x, https:\/\/i0.wp.com\/www.shqiperia.com\/blog\/wp-content\/uploads\/2019\/09\/E233BD9C-ABD6-449C-A4E4-365E983A34A5.jpeg?fit=1200%2C700&ssl=1&resize=700%2C400 2x, https:\/\/i0.wp.com\/www.shqiperia.com\/blog\/wp-content\/uploads\/2019\/09\/E233BD9C-ABD6-449C-A4E4-365E983A34A5.jpeg?fit=1200%2C700&ssl=1&resize=1050%2C600 3x"},"classes":[]},{"id":24690,"url":"https:\/\/www.shqiperia.com\/blog\/lekundet-shqiperia-termet-i-fuqishem-ne-fushe-arrez-nuk-eshte-e-sakte-epiqendra\/","url_meta":{"origin":45570,"position":1},"title":"L\u00ebkundet Shqip\u00ebria, t\u00ebrmet i fuqish\u00ebm n\u00eb Fush\u00eb-Arr\u00ebz.  Nuk dihet e sakte Epiqendra.","author":"Kurt Farka","date":"August 12, 2019","format":false,"excerpt":"LAJMI I FUNDIT\/ L\u00ebkundet Shqip\u00ebria, t\u00ebrmet i fuqish\u00ebm n\u00eb Fush\u00eb-Arr\u00ebz. Nuk dihet e sakte Epiqendra. 12 Gusht, 2019 Sipas Dosja.Al PUK\u00cb- L\u00ebkundet toka n\u00eb Fush\u00eb-Arr\u00ebz. T\u00ebrmet me magnitud\u00eb 4.2 ball\u00eb ka r\u00ebn\u00eb n\u00eb nj\u00eb thell\u00ebsi prej 2 kilometrash. Nga: Dosja.Al Nje Informcion tjeter i momentit njofton se Termeti ka nje\u2026","rel":"","context":"In &quot;Blogu i Udh\u00ebtarit&quot;","block_context":{"text":"Blogu i Udh\u00ebtarit","link":"https:\/\/www.shqiperia.com\/blog\/category\/blogu-i-udhetarit\/"},"img":{"alt_text":"","src":"https:\/\/i0.wp.com\/www.shqiperia.com\/blog\/wp-content\/uploads\/2019\/08\/1526295776_termet-770x434.jpg?fit=770%2C434&ssl=1&resize=350%2C200","width":350,"height":200,"srcset":"https:\/\/i0.wp.com\/www.shqiperia.com\/blog\/wp-content\/uploads\/2019\/08\/1526295776_termet-770x434.jpg?fit=770%2C434&ssl=1&resize=350%2C200 1x, https:\/\/i0.wp.com\/www.shqiperia.com\/blog\/wp-content\/uploads\/2019\/08\/1526295776_termet-770x434.jpg?fit=770%2C434&ssl=1&resize=525%2C300 1.5x, https:\/\/i0.wp.com\/www.shqiperia.com\/blog\/wp-content\/uploads\/2019\/08\/1526295776_termet-770x434.jpg?fit=770%2C434&ssl=1&resize=700%2C400 2x"},"classes":[]},{"id":35539,"url":"https:\/\/www.shqiperia.com\/blog\/termet-i-lehte-ne-tirane\/","url_meta":{"origin":45570,"position":2},"title":"Termet i lehte ne Tirane","author":"Kurt Farka","date":"June 8, 2020","format":false,"excerpt":"Termet i lehte ne Tirane, ora 17.22 mituta. Sh\u00ebnohet nj\u00eb tjet\u00ebr l\u00ebkundje t\u00ebrmeti n\u00eb Shqip\u00ebri me magnitud\u00eb 4.7. T\u00ebrmeti \u00ebsht\u00eb ndjer\u00eb rreth or\u00ebs 17:22, paraprakisht llogaritet me magnitud\u00eb 4.7, l\u00ebkundjet kan\u00eb qen\u00eb t\u00eb shkurtra por jan\u00eb ndjer\u00eb duke shkaktuar edhe panik te qytetar\u00ebt.","rel":"","context":"In &quot;Blogu i Udh\u00ebtarit&quot;","block_context":{"text":"Blogu i Udh\u00ebtarit","link":"https:\/\/www.shqiperia.com\/blog\/category\/blogu-i-udhetarit\/"},"img":{"alt_text":"","src":"https:\/\/i0.wp.com\/www.shqiperia.com\/blog\/wp-content\/uploads\/2020\/06\/termeti2020-1.jpg?fit=456%2C233&ssl=1&resize=350%2C200","width":350,"height":200},"classes":[]},{"id":97015,"url":"https:\/\/www.shqiperia.com\/blog\/banoret-e-juglindjes-ne-panik-kater-termete-brenda-dites\/","url_meta":{"origin":45570,"position":3},"title":"Banor\u00ebt e juglindjes n\u00eb panik, kat\u00ebr t\u00ebrmete brenda dit\u00ebs","author":"Kurt Farka","date":"January 27, 2026","format":false,"excerpt":"27 Janar 2026 Aktiviteti sizmik ka rikthyer frik\u00ebn te banor\u00ebt e juglindjes s\u00eb vendit, pasi brenda vet\u00ebm 12 or\u00ebve jan\u00eb regjistruar kat\u00ebr l\u00ebkundje t\u00ebrmeti, t\u00eb cilat jan\u00eb ndjer\u00eb n\u00eb qytetin e Kor\u00e7\u00ebs dhe n\u00eb zonat p\u00ebrreth. N\u00eb 04:47, nj\u00eb t\u00ebrmet me magnitud\u00eb 2.7 ball\u00eb goditi zon\u00ebn e Bick\u00ebs. Por shqet\u00ebsimi\u2026","rel":"","context":"In &quot;Njoftime Shtypi&quot;","block_context":{"text":"Njoftime Shtypi","link":"https:\/\/www.shqiperia.com\/blog\/category\/njoftime-shtypi\/"},"img":{"alt_text":"","src":"https:\/\/i0.wp.com\/www.shqiperia.com\/blog\/wp-content\/uploads\/2026\/01\/termet1-770x440-1-752x440-1.jpg?fit=752%2C440&ssl=1&resize=350%2C200","width":350,"height":200,"srcset":"https:\/\/i0.wp.com\/www.shqiperia.com\/blog\/wp-content\/uploads\/2026\/01\/termet1-770x440-1-752x440-1.jpg?fit=752%2C440&ssl=1&resize=350%2C200 1x, https:\/\/i0.wp.com\/www.shqiperia.com\/blog\/wp-content\/uploads\/2026\/01\/termet1-770x440-1-752x440-1.jpg?fit=752%2C440&ssl=1&resize=525%2C300 1.5x, https:\/\/i0.wp.com\/www.shqiperia.com\/blog\/wp-content\/uploads\/2026\/01\/termet1-770x440-1-752x440-1.jpg?fit=752%2C440&ssl=1&resize=700%2C400 2x"},"classes":[]},{"id":43133,"url":"https:\/\/www.shqiperia.com\/blog\/lekundje-te-forta-termeti-ne-shqiperi-ja-ku-ishte-epiqendra-qytetaret-zgjohen-te-alarmuar\/","url_meta":{"origin":45570,"position":4},"title":"L\u00ebkundje t\u00eb forta t\u00ebrmeti n\u00eb Shqip\u00ebri, ja ku ishte epiqendra! Qytetar\u00ebt zgjohen t\u00eb alarmuar&#8230;","author":"Kurt Farka","date":"January 21, 2021","format":false,"excerpt":"L\u00ebkundje t\u00eb forta t\u00ebrmeti n\u00eb Shqip\u00ebri, ja ku ishte epiqendra! Qytetar\u00ebt zgjohen t\u00eb alarmuar... 20 JANAR 2021 L\u00ebkundje t\u00ebrmeti jan\u00eb regjistruar k\u00ebt\u00eb m\u00ebngjes n\u00eb Shqip\u00ebri. M\u00ebsohet se nj\u00eb t\u00ebrmet me magnitud\u00eb 4.4 t\u00eb shkall\u00ebs Rihter \u00ebsht\u00eb ndjer\u00eb n\u00eb Elbasan dhe qytete p\u00ebrreth duke krijuar panik tek qytetar\u00ebt. T\u00ebrmeti ka qen\u00eb\u2026","rel":"","context":"In &quot;Blogu i Udh\u00ebtarit&quot;","block_context":{"text":"Blogu i Udh\u00ebtarit","link":"https:\/\/www.shqiperia.com\/blog\/category\/blogu-i-udhetarit\/"},"img":{"alt_text":"","src":"https:\/\/i0.wp.com\/www.shqiperia.com\/blog\/wp-content\/uploads\/2021\/01\/640-0-45c1616ca27f399de77d5c637ef62ae9.jpg?fit=640%2C361&ssl=1&resize=350%2C200","width":350,"height":200,"srcset":"https:\/\/i0.wp.com\/www.shqiperia.com\/blog\/wp-content\/uploads\/2021\/01\/640-0-45c1616ca27f399de77d5c637ef62ae9.jpg?fit=640%2C361&ssl=1&resize=350%2C200 1x, https:\/\/i0.wp.com\/www.shqiperia.com\/blog\/wp-content\/uploads\/2021\/01\/640-0-45c1616ca27f399de77d5c637ef62ae9.jpg?fit=640%2C361&ssl=1&resize=525%2C300 1.5x"},"classes":[]},{"id":98825,"url":"https:\/\/www.shqiperia.com\/blog\/termet-ne-shqiperi-lekundjet-ndihen-per-disa-sekonda-ja-epiqendra-dhe-sa-ishte-magnituda\/","url_meta":{"origin":45570,"position":5},"title":"T\u00ebrmet n\u00eb Shqip\u00ebri, l\u00ebkundjet ndihen p\u00ebr disa sekonda! &#8211; Ja epiqendra dhe sa ishte magnituda","author":"Kurt Farka","date":"March 30, 2026","format":false,"excerpt":"30 Mars 2026 Nj\u00eb t\u00ebrmet me magnitud\u00eb 3.8 t\u00eb shkall\u00ebs Rihter \u00ebsht\u00eb regjistruar m\u00ebngjesin e sot\u00ebm n\u00eb territorin e Shqip\u00ebri, duke shkaktuar l\u00ebkundje n\u00eb disa zona t\u00eb vendit. Sipas t\u00eb dh\u00ebnave paraprake, epiqendra e t\u00ebrmetit ka qen\u00eb n\u00eb nj\u00eb zon\u00eb midis Lushnj\u00ebs dhe Elbasanit, rreth 10 kilometra larg Lushnj\u00ebs dhe\u2026","rel":"","context":"In &quot;Blogu i Udh\u00ebtarit&quot;","block_context":{"text":"Blogu i Udh\u00ebtarit","link":"https:\/\/www.shqiperia.com\/blog\/category\/blogu-i-udhetarit\/"},"img":{"alt_text":"","src":"https:\/\/i0.wp.com\/www.shqiperia.com\/blog\/wp-content\/uploads\/2026\/03\/images-15.jpg?resize=350%2C200&ssl=1","width":350,"height":200,"srcset":"https:\/\/i0.wp.com\/www.shqiperia.com\/blog\/wp-content\/uploads\/2026\/03\/images-15.jpg?resize=350%2C200&ssl=1 1x, https:\/\/i0.wp.com\/www.shqiperia.com\/blog\/wp-content\/uploads\/2026\/03\/images-15.jpg?resize=525%2C300&ssl=1 1.5x"},"classes":[]}],"_links":{"self":[{"href":"https:\/\/www.shqiperia.com\/blog\/wp-json\/wp\/v2\/posts\/45570","targetHints":{"allow":["GET"]}}],"collection":[{"href":"https:\/\/www.shqiperia.com\/blog\/wp-json\/wp\/v2\/posts"}],"about":[{"href":"https:\/\/www.shqiperia.com\/blog\/wp-json\/wp\/v2\/types\/post"}],"author":[{"embeddable":true,"href":"https:\/\/www.shqiperia.com\/blog\/wp-json\/wp\/v2\/users\/9"}],"replies":[{"embeddable":true,"href":"https:\/\/www.shqiperia.com\/blog\/wp-json\/wp\/v2\/comments?post=45570"}],"version-history":[{"count":1,"href":"https:\/\/www.shqiperia.com\/blog\/wp-json\/wp\/v2\/posts\/45570\/revisions"}],"predecessor-version":[{"id":45572,"href":"https:\/\/www.shqiperia.com\/blog\/wp-json\/wp\/v2\/posts\/45570\/revisions\/45572"}],"wp:featuredmedia":[{"embeddable":true,"href":"https:\/\/www.shqiperia.com\/blog\/wp-json\/wp\/v2\/media\/45571"}],"wp:attachment":[{"href":"https:\/\/www.shqiperia.com\/blog\/wp-json\/wp\/v2\/media?parent=45570"}],"wp:term":[{"taxonomy":"category","embeddable":true,"href":"https:\/\/www.shqiperia.com\/blog\/wp-json\/wp\/v2\/categories?post=45570"},{"taxonomy":"post_tag","embeddable":true,"href":"https:\/\/www.shqiperia.com\/blog\/wp-json\/wp\/v2\/tags?post=45570"}],"curies":[{"name":"wp","href":"https:\/\/api.w.org\/{rel}","templated":true}]}}