{"id":45567,"date":"2021-03-21T18:14:34","date_gmt":"2021-03-21T18:14:34","guid":{"rendered":"https:\/\/www.shqiperia.com\/blog\/?p=45567"},"modified":"2021-03-21T18:14:34","modified_gmt":"2021-03-21T18:14:34","slug":"vala-e-trete-e-pandemise-godet-evropen-do-te-jete-aq-vdekjeprurese-sa-e-dyta-rritja-e-frikshme-e-rasteve-te-reja-detyron-disa-vende-qe","status":"publish","type":"post","link":"https:\/\/www.shqiperia.com\/blog\/vala-e-trete-e-pandemise-godet-evropen-do-te-jete-aq-vdekjeprurese-sa-e-dyta-rritja-e-frikshme-e-rasteve-te-reja-detyron-disa-vende-qe\/","title":{"rendered":"Vala e tret\u00eb e pandemis\u00eb godet Evrop\u00ebn. Do t\u00eb jet\u00eb aq vdekjeprur\u00ebse sa e dyta? &#8211; \u201cRritja e frikshme e rasteve t\u00eb reja detyron disa vende q\u00eb\u2026\u201d"},"content":{"rendered":"<p><img data-recalc-dims=\"1\" loading=\"lazy\" decoding=\"async\" data-attachment-id=\"45568\" data-permalink=\"https:\/\/www.shqiperia.com\/blog\/vala-e-trete-e-pandemise-godet-evropen-do-te-jete-aq-vdekjeprurese-sa-e-dyta-rritja-e-frikshme-e-rasteve-te-reja-detyron-disa-vende-qe\/vala-e-trete\/\" data-orig-file=\"https:\/\/i0.wp.com\/www.shqiperia.com\/blog\/wp-content\/uploads\/2021\/03\/vala-e-trete.jpg?fit=963%2C518&amp;ssl=1\" data-orig-size=\"963,518\" data-comments-opened=\"1\" data-image-meta=\"{&quot;aperture&quot;:&quot;0&quot;,&quot;credit&quot;:&quot;&quot;,&quot;camera&quot;:&quot;&quot;,&quot;caption&quot;:&quot;&quot;,&quot;created_timestamp&quot;:&quot;0&quot;,&quot;copyright&quot;:&quot;&quot;,&quot;focal_length&quot;:&quot;0&quot;,&quot;iso&quot;:&quot;0&quot;,&quot;shutter_speed&quot;:&quot;0&quot;,&quot;title&quot;:&quot;&quot;,&quot;orientation&quot;:&quot;0&quot;}\" data-image-title=\"vala-e-trete\" data-image-description=\"\" data-image-caption=\"\" data-medium-file=\"https:\/\/i0.wp.com\/www.shqiperia.com\/blog\/wp-content\/uploads\/2021\/03\/vala-e-trete.jpg?fit=300%2C161&amp;ssl=1\" data-large-file=\"https:\/\/i0.wp.com\/www.shqiperia.com\/blog\/wp-content\/uploads\/2021\/03\/vala-e-trete.jpg?fit=963%2C518&amp;ssl=1\" class=\"alignnone  wp-image-45568\" alt=\"\" src=\"https:\/\/i0.wp.com\/www.shqiperia.com\/blog\/wp-content\/uploads\/2021\/03\/vala-e-trete.jpg?resize=471%2C253&#038;ssl=1\" width=\"471\" height=\"253\" srcset=\"https:\/\/i0.wp.com\/www.shqiperia.com\/blog\/wp-content\/uploads\/2021\/03\/vala-e-trete.jpg?resize=300%2C161&amp;ssl=1 300w, https:\/\/i0.wp.com\/www.shqiperia.com\/blog\/wp-content\/uploads\/2021\/03\/vala-e-trete.jpg?resize=768%2C413&amp;ssl=1 768w, https:\/\/i0.wp.com\/www.shqiperia.com\/blog\/wp-content\/uploads\/2021\/03\/vala-e-trete.jpg?resize=450%2C242&amp;ssl=1 450w, https:\/\/i0.wp.com\/www.shqiperia.com\/blog\/wp-content\/uploads\/2021\/03\/vala-e-trete.jpg?resize=600%2C323&amp;ssl=1 600w, https:\/\/i0.wp.com\/www.shqiperia.com\/blog\/wp-content\/uploads\/2021\/03\/vala-e-trete.jpg?resize=400%2C215&amp;ssl=1 400w, https:\/\/i0.wp.com\/www.shqiperia.com\/blog\/wp-content\/uploads\/2021\/03\/vala-e-trete.jpg?w=963&amp;ssl=1 963w\" sizes=\"auto, (max-width: 471px) 100vw, 471px\" \/><\/p>\n<p><a href=\"http:\/\/www.panorama.com.al\/rritja-e-frikshme-e-rasteve-te-reja-detyron-disa-vende-qe-vala-e-trete-e-pandemise-godet-evropen-do-te-jete-aq-vdekjeprurese-sa-e-dyta\/\">Vala e tret\u00eb e pandemis\u00eb godet Evrop\u00ebn. Do t\u00eb jet\u00eb aq vdekjeprur\u00ebse sa e dyta? &#8211; \u201cRritja e frikshme e rasteve t\u00eb reja detyron disa vende q\u00eb\u2026\u201d<\/a><\/p>\n<p><em>21 mars 2021<\/em><\/p>\n<p><strong>Kontinenti Europian ka hyr\u00eb n\u00eb val\u00ebn e tret\u00eb t\u00eb pandemis\u00eb, kjo referuar numrit t\u00eb lart\u00eb t\u00eb infeksioneve q\u00eb raportohen nga vendet \u00e7do dit\u00eb.\u00a0Shum\u00eb vende evropiane jan\u00eb n\u00eb rrug\u00ebn e shtr\u00ebngimit t\u00eb kufizimeve, t\u00eb cilat, pavar\u00ebsisht fushat\u00ebs s\u00eb vaksinimit, po p\u00ebrballen me nj\u00eb trend n\u00eb rritje t\u00eb rasteve t\u00eb reja.<\/strong><\/p>\n<p><a href=\"https:\/\/www.protothema.gr\/world\/article\/1106544\/to-trito-kuma-pandimias-htupa-tin-europi-nea-lockdown-fernei-i-auxisi-krousmaton\/\">Mediat e huaja\u00a0<\/a>shkruajn\u00eb se n\u00eb Europ\u00eb ekziston ankthi p\u00ebr faktin se si do t\u00eb vijoj\u00eb rrjedha e vaksinimit, pasi sipas \u201cgjeografis\u00eb\u201d s\u00eb vaksinimeve, t\u00eb paraqitur disa dit\u00eb m\u00eb par\u00eb nga Reuters, vet\u00ebm 8.5% e Evropian\u00ebve jan\u00eb vaksinuar. Q\u00ebllimi i mbulimit t\u00eb 70% t\u00eb popullsis\u00eb, deri n\u00eb ver\u00eb, i vendosur nga Komisioni, p\u00ebrmes Presidentes Ursula Von der Layen, duket se aktualisht \u00ebsht\u00eb e v\u00ebshtir\u00eb p\u00ebr tu arritur.<\/p>\n<p>N\u00eb t\u00eb nj\u00ebjt\u00ebn koh\u00eb, ekziston nj\u00eb ankth i p\u00ebrhapur p\u00ebr mutacionet e koronavirusit q\u00eb e b\u00ebjn\u00eb t\u00eb v\u00ebshtir\u00eb p\u00ebrcaktimin e gjendjes. N\u00eb shumic\u00ebn e vendeve evropiane, varianti britanik \u00ebsht\u00eb m\u00eb i p\u00ebrhapuri, nd\u00ebrsa nj\u00eb sekret i p\u00ebrbashk\u00ebt \u00ebsht\u00eb indeksi i tij i lart\u00eb i transmetueshm\u00ebris\u00eb.<\/p>\n<p>\u201cDrit\u00ebn jeshile\u201d p\u00ebr gjendjen e japin disa ekspert\u00eb nga vende t\u00eb ndryshme t\u00eb Europ\u00ebs, t\u00eb cil\u00ebt thon\u00eb se shumica e vaksinave jan\u00eb rezistente ndaj mutacioneve dhe mbrojn\u00eb me marrjen e doz\u00ebs s\u00eb par\u00eb, madje 80% nga s\u00ebmundjet serioze, n\u00eb rast t\u00eb infektimit nga koronavirus.<\/p>\n<p>T\u00eb rraskapitur nga masat e zgjatura, demonstrimet dhe p\u00ebrplasjet me policin\u00eb u regjistruan t\u00eb shtun\u00ebn n\u00eb Gjermani, Kroaci dhe Zvic\u00ebr. Bllokimet e reja u fut\u00ebn paralelisht n\u00eb Franc\u00eb dhe Poloni n\u00eb m\u00ebnyr\u00eb q\u00eb t\u00eb ndalonin val\u00ebn e tret\u00eb.<\/p>\n<p><strong>N\u00eb k\u00ebt\u00eb pik\u00eb, shtrohet pyetja n\u00ebse vala e tret\u00eb do t\u00eb jet\u00eb aq vdekjeprur\u00ebse sa e dyta n\u00ebse do t\u00eb godas\u00eb bot\u00ebn?<\/strong><\/p>\n<p>Sidoqoft\u00eb, fakti q\u00eb Evropa tashm\u00eb \u00ebsht\u00eb plagosur r\u00ebnd\u00eb nga pandemia, pasi vajton mbi nj\u00eb milion viktima t\u00eb koronavirusit, nuk mund t\u00eb neglizhohet.<\/p>\n<p>Rreth 20,000 protestues u mblodh\u00ebn n\u00eb qytetin gjerman t\u00eb Kassel p\u00ebr nj\u00eb nga demonstratat m\u00eb t\u00eb m\u00ebdha t\u00eb vitit p\u00ebr t\u00eb protestuar ndaj masave.<\/p>\n<p>Edhe n\u00eb qytete t\u00eb vogla n\u00eb Zvic\u00ebr, marshime u organizuan nga qindra qytetar\u00eb q\u00eb donin t\u00eb protestonin ndaj masave, nd\u00ebrsa imazhet nga rrug\u00ebt e shkreta n\u00eb Paris krijuan nj\u00eb p\u00ebrshtypje sikur iu rikthen s\u00ebrish karantin\u00ebs.<\/p>\n<p>Rritja e infeksioneve n\u00eb Franc\u00eb e ka detyruar Emanuel Macron t\u00eb shpall\u00eb rivendosjen e masave p\u00ebr t\u00eb vendosur nj\u00eb frenim n\u00eb rrjedh\u00ebn e pakontrolluar t\u00eb virusit.<\/p>\n<p>N\u00eb t\u00eb nj\u00ebjt\u00ebn koh\u00eb, n\u00eb Poloni t\u00eb gjitha dyqanet do t\u00eb mbyllen p\u00ebr tre jav\u00eb. Kufizime t\u00eb reja priten n\u00eb Gjermani nga e h\u00ebna, me Angela Merkel q\u00eb ndjek nj\u00eb politik\u00eb t\u00eb masave shtr\u00ebnguese.<\/p>\n<p>Gazeta Panorama<\/p>\n","protected":false},"excerpt":{"rendered":"<p>Vala e tret\u00eb e pandemis\u00eb godet Evrop\u00ebn. Do t\u00eb jet\u00eb aq vdekjeprur\u00ebse sa e dyta? &#8211; \u201cRritja e frikshme e rasteve t\u00eb reja detyron disa vende q\u00eb\u2026\u201d 21 mars 2021 Kontinenti Europian ka hyr\u00eb n\u00eb val\u00ebn e tret\u00eb t\u00eb pandemis\u00eb, kjo referuar numrit t\u00eb lart\u00eb t\u00eb infeksioneve q\u00eb raportohen nga vendet \u00e7do dit\u00eb.\u00a0Shum\u00eb vende evropiane [&hellip;]<\/p>\n","protected":false},"author":9,"featured_media":45568,"comment_status":"open","ping_status":"open","sticky":false,"template":"","format":"standard","meta":{"jetpack_post_was_ever_published":false,"_jetpack_newsletter_access":"","_jetpack_dont_email_post_to_subs":false,"_jetpack_newsletter_tier_id":0,"_jetpack_memberships_contains_paywalled_content":false,"_jetpack_memberships_contains_paid_content":false,"footnotes":"","jetpack_publicize_message":"","jetpack_publicize_feature_enabled":true,"jetpack_social_post_already_shared":true,"jetpack_social_options":{"image_generator_settings":{"template":"highway","default_image_id":0,"font":"","enabled":false},"version":2}},"categories":[27,35],"tags":[],"class_list":["post-45567","post","type-post","status-publish","format-standard","has-post-thumbnail","hentry","category-blogu-i-udhetarit","category-shoqerore"],"jetpack_publicize_connections":[],"jetpack_featured_media_url":"https:\/\/i0.wp.com\/www.shqiperia.com\/blog\/wp-content\/uploads\/2021\/03\/vala-e-trete.jpg?fit=963%2C518&ssl=1","jetpack_sharing_enabled":true,"jetpack_shortlink":"https:\/\/wp.me\/p5Z6wp-bQX","jetpack-related-posts":[{"id":41576,"url":"https:\/\/www.shqiperia.com\/blog\/pandemise-covid-19-qe-pushtoi-boten-po-i-vjen-fundi-ja-pse-nuk-do-te-kete-vale-te-trete\/","url_meta":{"origin":45567,"position":0},"title":"Pandemis\u00eb Covid-19 q\u00eb pushtoi bot\u00ebn, po i vjen fundi! &#8211; Ja pse nuk do t\u00eb ket\u00eb val\u00eb t\u00eb tret\u00eb","author":"Kurt Farka","date":"December 5, 2020","format":false,"excerpt":"\"Ndodh p\u00ebr her\u00eb t\u00eb par\u00eb\", profesori i s\u00ebmundjeve infektive jep lajmin q\u00eb po e prisnim t\u00eb gjith\u00eb: - Pandemis\u00eb Covid-19 q\u00eb pushtoi bot\u00ebn, po i vjen fundi! Ja pse nuk do t\u00eb ket\u00eb val\u00eb t\u00eb tret\u00eb 5 DHJETOR 2020 Infektologu dhe profesori i asociuar i s\u00ebmundjeve infektive, Ilir Q. Tolaj\u2026","rel":"","context":"In &quot;Blogu i Udh\u00ebtarit&quot;","block_context":{"text":"Blogu i Udh\u00ebtarit","link":"https:\/\/www.shqiperia.com\/blog\/category\/blogu-i-udhetarit\/"},"img":{"alt_text":"","src":"https:\/\/i0.wp.com\/www.shqiperia.com\/blog\/wp-content\/uploads\/2020\/12\/800-0-5fcbab1760abf.jpg?fit=800%2C447&ssl=1&resize=350%2C200","width":350,"height":200,"srcset":"https:\/\/i0.wp.com\/www.shqiperia.com\/blog\/wp-content\/uploads\/2020\/12\/800-0-5fcbab1760abf.jpg?fit=800%2C447&ssl=1&resize=350%2C200 1x, https:\/\/i0.wp.com\/www.shqiperia.com\/blog\/wp-content\/uploads\/2020\/12\/800-0-5fcbab1760abf.jpg?fit=800%2C447&ssl=1&resize=525%2C300 1.5x, https:\/\/i0.wp.com\/www.shqiperia.com\/blog\/wp-content\/uploads\/2020\/12\/800-0-5fcbab1760abf.jpg?fit=800%2C447&ssl=1&resize=700%2C400 2x"},"classes":[]},{"id":39130,"url":"https:\/\/www.shqiperia.com\/blog\/shqiperia-ne-valen-e-dyte-te-pandemise-euronews-tregon-dhe-nje-arsye-pse-shifrat-e-infektimeve-jane-kaq-te-larta\/","url_meta":{"origin":45567,"position":1},"title":"\u201cShqip\u00ebria n\u00eb val\u00ebn e dyt\u00eb t\u00eb pandemis\u00eb\u201d, Euronews tregon dhe nj\u00eb arsye pse shifrat e infektimeve jan\u00eb kaq t\u00eb larta","author":"Kurt Farka","date":"October 1, 2020","format":false,"excerpt":"\u201cShqip\u00ebria n\u00eb val\u00ebn e dyt\u00eb t\u00eb pandemis\u00eb\u201d, Euronews tregon dhe nj\u00eb arsye pse shifrat e infektimeve jan\u00eb kaq t\u00eb larta 1 tetor 2020 Shtetet n\u00eb t\u00eb gjith\u00eb Evrop\u00ebn po shohin nj\u00eb rishp\u00ebrthim t\u00eb rasteve t\u00eb infeksioneve me COVID-19 pasi e ngadal\u00ebsuan me sukses val\u00ebn e par\u00eb n\u00eb Euronews\u00a0p\u00ebrfshin dhe vendin\u2026","rel":"","context":"In &quot;Blogu i Udh\u00ebtarit&quot;","block_context":{"text":"Blogu i Udh\u00ebtarit","link":"https:\/\/www.shqiperia.com\/blog\/category\/blogu-i-udhetarit\/"},"img":{"alt_text":"","src":"https:\/\/i0.wp.com\/www.shqiperia.com\/blog\/wp-content\/uploads\/2020\/10\/773x435_cmsv2_4fa7af26-0455-5e6e-92ab-5050144db277-4852246.jpg?fit=773%2C407&ssl=1&resize=350%2C200","width":350,"height":200,"srcset":"https:\/\/i0.wp.com\/www.shqiperia.com\/blog\/wp-content\/uploads\/2020\/10\/773x435_cmsv2_4fa7af26-0455-5e6e-92ab-5050144db277-4852246.jpg?fit=773%2C407&ssl=1&resize=350%2C200 1x, https:\/\/i0.wp.com\/www.shqiperia.com\/blog\/wp-content\/uploads\/2020\/10\/773x435_cmsv2_4fa7af26-0455-5e6e-92ab-5050144db277-4852246.jpg?fit=773%2C407&ssl=1&resize=525%2C300 1.5x, https:\/\/i0.wp.com\/www.shqiperia.com\/blog\/wp-content\/uploads\/2020\/10\/773x435_cmsv2_4fa7af26-0455-5e6e-92ab-5050144db277-4852246.jpg?fit=773%2C407&ssl=1&resize=700%2C400 2x"},"classes":[]},{"id":40105,"url":"https:\/\/www.shqiperia.com\/blog\/vala-e-dyte-e-pandemise-se-koronavirusit-pushton-evropen\/","url_meta":{"origin":45567,"position":2},"title":"Vala e dyt\u00eb e pandemis\u00eb s\u00eb koronavirusit pushton Evrop\u00ebn","author":"Kurt Farka","date":"October 25, 2020","format":false,"excerpt":"Vala e dyt\u00eb e pandemis\u00eb s\u00eb koronavirusit pushton Evrop\u00ebn 25 TETOR 2020 N\u00eb Gjermani po rriten tej mase infektimet, kurse \u00c7ekia, Belgjika dhe Holanda jan\u00eb kthyer nd\u00ebrkoh\u00eb n\u00eb vatra t\u00eb rrezikshme t\u00eb pandemis\u00eb. Nj\u00eb v\u00ebshtrim mbi p\u00ebrhapjen me shpejt\u00ebsi t\u00eb virusit kudo n\u00eb Europ\u00eb. N\u00eb fillim ishte kancelarja Merkel q\u00eb\u2026","rel":"","context":"In &quot;Blogu i Udh\u00ebtarit&quot;","block_context":{"text":"Blogu i Udh\u00ebtarit","link":"https:\/\/www.shqiperia.com\/blog\/category\/blogu-i-udhetarit\/"},"img":{"alt_text":"","src":"https:\/\/i0.wp.com\/www.shqiperia.com\/blog\/wp-content\/uploads\/2020\/10\/640-0-5f952d4e62719.png?fit=640%2C376&ssl=1&resize=350%2C200","width":350,"height":200,"srcset":"https:\/\/i0.wp.com\/www.shqiperia.com\/blog\/wp-content\/uploads\/2020\/10\/640-0-5f952d4e62719.png?fit=640%2C376&ssl=1&resize=350%2C200 1x, https:\/\/i0.wp.com\/www.shqiperia.com\/blog\/wp-content\/uploads\/2020\/10\/640-0-5f952d4e62719.png?fit=640%2C376&ssl=1&resize=525%2C300 1.5x"},"classes":[]},{"id":38638,"url":"https:\/\/www.shqiperia.com\/blog\/shteti-i-pare-ne-bote-qe-hyn-ne-izolim-3-javor-karantine-e-pjesshme-edhe-ne-angli-e-spanje\/","url_meta":{"origin":45567,"position":3},"title":"Shteti i par\u00eb n\u00eb bot\u00eb q\u00eb hyn n\u00eb izolim 3-javor, karantin\u00eb e pjesshme edhe n\u00eb Angli e Spanj\u00eb","author":"Kurt Farka","date":"September 19, 2020","format":false,"excerpt":"Shteti i par\u00eb n\u00eb bot\u00eb q\u00eb hyn n\u00eb izolim 3-javor, karantin\u00eb e pjesshme edhe n\u00eb Angli e Spanj\u00eb 19 SHTATOR 2020 Numri i rasteve t\u00eb konfirmuara t\u00eb koronavirusit n\u00eb t\u00eb gjith\u00eb globin ka kaluar 30 milion\u00eb dhe mbi 940 mij\u00eb jan\u00eb viktimat. SHBA, India dhe Brazili kan\u00eb numrin m\u00eb t\u00eb\u2026","rel":"","context":"In &quot;Blogu i Udh\u00ebtarit&quot;","block_context":{"text":"Blogu i Udh\u00ebtarit","link":"https:\/\/www.shqiperia.com\/blog\/category\/blogu-i-udhetarit\/"},"img":{"alt_text":"","src":"https:\/\/i0.wp.com\/www.shqiperia.com\/blog\/wp-content\/uploads\/2020\/09\/640-0-5f65cf096e513.jpg?fit=640%2C401&ssl=1&resize=350%2C200","width":350,"height":200,"srcset":"https:\/\/i0.wp.com\/www.shqiperia.com\/blog\/wp-content\/uploads\/2020\/09\/640-0-5f65cf096e513.jpg?fit=640%2C401&ssl=1&resize=350%2C200 1x, https:\/\/i0.wp.com\/www.shqiperia.com\/blog\/wp-content\/uploads\/2020\/09\/640-0-5f65cf096e513.jpg?fit=640%2C401&ssl=1&resize=525%2C300 1.5x"},"classes":[]},{"id":51855,"url":"https:\/\/www.shqiperia.com\/blog\/dite-te-erreta-evropa-behet-gati-per-rikthimin-e-kufizimeve-kunder-pandemise-cfare-shkoi-keq\/","url_meta":{"origin":45567,"position":4},"title":"Dit\u00eb t\u00eb err\u00ebta: &#8211; \u00a0Evropa b\u00ebhet gati p\u00ebr rikthimin e kufizimeve kund\u00ebr pandemis\u00eb. &#8211; \u00c7far\u00eb shkoi keq?","author":"Kurt Farka","date":"November 30, 2021","format":false,"excerpt":"Dit\u00eb t\u00eb err\u00ebta: - \u00a0Evropa b\u00ebhet gati p\u00ebr rikthimin e kufizimeve kund\u00ebr pandemis\u00eb. - \u00c7far\u00eb shkoi keq? 29 Nentor 2021 Ishte pothuajse sikur pandemia t\u00eb mos kishte ndodhur kurr\u00eb. N\u00eb K\u00ebln, mij\u00ebra njer\u00ebz t\u00eb veshur bukur k\u00ebrcyen krah p\u00ebr krah n\u00eb nj\u00eb turm\u00eb gjigande, teksa num\u00ebronin mbrapsht p\u00ebr fillimin e\u2026","rel":"","context":"In &quot;Blogu i Udh\u00ebtarit&quot;","block_context":{"text":"Blogu i Udh\u00ebtarit","link":"https:\/\/www.shqiperia.com\/blog\/category\/blogu-i-udhetarit\/"},"img":{"alt_text":"","src":"https:\/\/i0.wp.com\/www.shqiperia.com\/blog\/wp-content\/uploads\/2021\/11\/gati.jpeg?fit=1200%2C608&ssl=1&resize=350%2C200","width":350,"height":200,"srcset":"https:\/\/i0.wp.com\/www.shqiperia.com\/blog\/wp-content\/uploads\/2021\/11\/gati.jpeg?fit=1200%2C608&ssl=1&resize=350%2C200 1x, https:\/\/i0.wp.com\/www.shqiperia.com\/blog\/wp-content\/uploads\/2021\/11\/gati.jpeg?fit=1200%2C608&ssl=1&resize=525%2C300 1.5x, https:\/\/i0.wp.com\/www.shqiperia.com\/blog\/wp-content\/uploads\/2021\/11\/gati.jpeg?fit=1200%2C608&ssl=1&resize=700%2C400 2x, https:\/\/i0.wp.com\/www.shqiperia.com\/blog\/wp-content\/uploads\/2021\/11\/gati.jpeg?fit=1200%2C608&ssl=1&resize=1050%2C600 3x"},"classes":[]},{"id":42709,"url":"https:\/\/www.shqiperia.com\/blog\/virusi-i-ri-covid-obsh-paralajmeron-shtetet-e-be-se\/","url_meta":{"origin":45567,"position":5},"title":"Virusi i ri Covid, &#8211; OBSH paralajm\u00ebron shtetet e BE-s\u00eb","author":"Kurt Farka","date":"January 7, 2021","format":false,"excerpt":"Virusi i ri Covid, - OBSH paralajm\u00ebron shtetet e BE-s\u00eb 7 JANAR 2021 Organizata Bot\u00ebrore e Sh\u00ebndet\u00ebsis\u00eb i k\u00ebrkon publikisht shteteve t\u00eb Europ\u00ebs q\u00eb t\u00eb ket\u00eb kujdes sa i p\u00ebrket p\u00ebrhapjes s\u00eb Covid-19. Duke folur n\u00eb nj\u00eb konferenc\u00eb p\u00ebr media, drejtori p\u00ebr Evrop\u00eb i OBSH-s\u00eb, Hans Kluge, tha se situata\u2026","rel":"","context":"In &quot;Njoftime Shtypi&quot;","block_context":{"text":"Njoftime Shtypi","link":"https:\/\/www.shqiperia.com\/blog\/category\/njoftime-shtypi\/"},"img":{"alt_text":"","src":"https:\/\/i0.wp.com\/www.shqiperia.com\/blog\/wp-content\/uploads\/2021\/01\/640-0-5ff7239056cb7.jpg?fit=545%2C291&ssl=1&resize=350%2C200","width":350,"height":200,"srcset":"https:\/\/i0.wp.com\/www.shqiperia.com\/blog\/wp-content\/uploads\/2021\/01\/640-0-5ff7239056cb7.jpg?fit=545%2C291&ssl=1&resize=350%2C200 1x, https:\/\/i0.wp.com\/www.shqiperia.com\/blog\/wp-content\/uploads\/2021\/01\/640-0-5ff7239056cb7.jpg?fit=545%2C291&ssl=1&resize=525%2C300 1.5x"},"classes":[]}],"_links":{"self":[{"href":"https:\/\/www.shqiperia.com\/blog\/wp-json\/wp\/v2\/posts\/45567","targetHints":{"allow":["GET"]}}],"collection":[{"href":"https:\/\/www.shqiperia.com\/blog\/wp-json\/wp\/v2\/posts"}],"about":[{"href":"https:\/\/www.shqiperia.com\/blog\/wp-json\/wp\/v2\/types\/post"}],"author":[{"embeddable":true,"href":"https:\/\/www.shqiperia.com\/blog\/wp-json\/wp\/v2\/users\/9"}],"replies":[{"embeddable":true,"href":"https:\/\/www.shqiperia.com\/blog\/wp-json\/wp\/v2\/comments?post=45567"}],"version-history":[{"count":1,"href":"https:\/\/www.shqiperia.com\/blog\/wp-json\/wp\/v2\/posts\/45567\/revisions"}],"predecessor-version":[{"id":45569,"href":"https:\/\/www.shqiperia.com\/blog\/wp-json\/wp\/v2\/posts\/45567\/revisions\/45569"}],"wp:featuredmedia":[{"embeddable":true,"href":"https:\/\/www.shqiperia.com\/blog\/wp-json\/wp\/v2\/media\/45568"}],"wp:attachment":[{"href":"https:\/\/www.shqiperia.com\/blog\/wp-json\/wp\/v2\/media?parent=45567"}],"wp:term":[{"taxonomy":"category","embeddable":true,"href":"https:\/\/www.shqiperia.com\/blog\/wp-json\/wp\/v2\/categories?post=45567"},{"taxonomy":"post_tag","embeddable":true,"href":"https:\/\/www.shqiperia.com\/blog\/wp-json\/wp\/v2\/tags?post=45567"}],"curies":[{"name":"wp","href":"https:\/\/api.w.org\/{rel}","templated":true}]}}