{"id":45563,"date":"2021-03-21T17:42:22","date_gmt":"2021-03-21T17:42:22","guid":{"rendered":"https:\/\/www.shqiperia.com\/blog\/?p=45563"},"modified":"2021-03-21T17:42:59","modified_gmt":"2021-03-21T17:42:59","slug":"rama-kryemadhi-do-vije-bashke-me-ceten-e-saj-te-harbuar-ajo-do-jete-qeveria-e-ilirit-dhe-mones","status":"publish","type":"post","link":"https:\/\/www.shqiperia.com\/blog\/rama-kryemadhi-do-vije-bashke-me-ceten-e-saj-te-harbuar-ajo-do-jete-qeveria-e-ilirit-dhe-mones\/","title":{"rendered":"Rama: &#8211; Kryemadhi do vij\u00eb bashk\u00eb me \u00e7et\u00ebn e saj t\u00eb harbuar, ajo do jet\u00eb qeveria e Ilirit dhe Mon\u00ebs"},"content":{"rendered":"<p><img data-recalc-dims=\"1\" loading=\"lazy\" decoding=\"async\" data-attachment-id=\"45564\" data-permalink=\"https:\/\/www.shqiperia.com\/blog\/rama-kryemadhi-do-vije-bashke-me-ceten-e-saj-te-harbuar-ajo-do-jete-qeveria-e-ilirit-dhe-mones\/edi-rama-4-3\/\" data-orig-file=\"https:\/\/i0.wp.com\/www.shqiperia.com\/blog\/wp-content\/uploads\/2021\/03\/Edi-Rama-4.jpg?fit=770%2C433&amp;ssl=1\" data-orig-size=\"770,433\" data-comments-opened=\"1\" data-image-meta=\"{&quot;aperture&quot;:&quot;0&quot;,&quot;credit&quot;:&quot;&quot;,&quot;camera&quot;:&quot;&quot;,&quot;caption&quot;:&quot;&quot;,&quot;created_timestamp&quot;:&quot;0&quot;,&quot;copyright&quot;:&quot;&quot;,&quot;focal_length&quot;:&quot;0&quot;,&quot;iso&quot;:&quot;0&quot;,&quot;shutter_speed&quot;:&quot;0&quot;,&quot;title&quot;:&quot;&quot;,&quot;orientation&quot;:&quot;0&quot;}\" data-image-title=\"Edi Rama (4)\" data-image-description=\"\" data-image-caption=\"\" data-medium-file=\"https:\/\/i0.wp.com\/www.shqiperia.com\/blog\/wp-content\/uploads\/2021\/03\/Edi-Rama-4.jpg?fit=300%2C169&amp;ssl=1\" data-large-file=\"https:\/\/i0.wp.com\/www.shqiperia.com\/blog\/wp-content\/uploads\/2021\/03\/Edi-Rama-4.jpg?fit=770%2C433&amp;ssl=1\" class=\"alignnone wp-image-45564\" alt=\"\" src=\"https:\/\/i0.wp.com\/www.shqiperia.com\/blog\/wp-content\/uploads\/2021\/03\/Edi-Rama-4.jpg?resize=564%2C318&#038;ssl=1\" width=\"564\" height=\"318\" srcset=\"https:\/\/i0.wp.com\/www.shqiperia.com\/blog\/wp-content\/uploads\/2021\/03\/Edi-Rama-4.jpg?resize=300%2C169&amp;ssl=1 300w, https:\/\/i0.wp.com\/www.shqiperia.com\/blog\/wp-content\/uploads\/2021\/03\/Edi-Rama-4.jpg?resize=768%2C432&amp;ssl=1 768w, https:\/\/i0.wp.com\/www.shqiperia.com\/blog\/wp-content\/uploads\/2021\/03\/Edi-Rama-4.jpg?resize=450%2C253&amp;ssl=1 450w, https:\/\/i0.wp.com\/www.shqiperia.com\/blog\/wp-content\/uploads\/2021\/03\/Edi-Rama-4.jpg?resize=600%2C337&amp;ssl=1 600w, https:\/\/i0.wp.com\/www.shqiperia.com\/blog\/wp-content\/uploads\/2021\/03\/Edi-Rama-4.jpg?resize=400%2C225&amp;ssl=1 400w, https:\/\/i0.wp.com\/www.shqiperia.com\/blog\/wp-content\/uploads\/2021\/03\/Edi-Rama-4.jpg?w=770&amp;ssl=1 770w\" sizes=\"auto, (max-width: 564px) 100vw, 564px\" \/><\/p>\n<p>Rama: &#8211; Kryemadhi do vij\u00eb bashk\u00eb me \u00e7et\u00ebn e saj t\u00eb harbuar, ajo do jet\u00eb qeveria e Ilirit dhe Mon\u00ebs<\/p>\n<p>&#8211; 21.03.21<\/p>\n<p>Kryeministri Edi Rama nga qyteti i Elbasanit sulmoi koalicionin opozitar, teksa tha nga Elbasani se PD dhe LSI kan\u00eb nj\u00eb kontrat\u00eb, ku sipas tij, pjesa e fsheht\u00eb e saj tregon p\u00ebrgjegj\u00ebsin\u00eb q\u00eb do t\u00eb marr\u00eb n\u00eb qeverin\u00eb e nes\u00ebrme Monika Kryemadhi dhe \u00e7eta e saj e harbuar.<\/p>\n<p>Sipas Ram\u00ebs t\u00eb gjith\u00eb ata q\u00eb jan\u00eb pjes\u00eb e koalicionit, jan\u00eb pengmarr\u00ebsit e \u00e7do mund\u00ebsie p\u00ebr t\u00eb zhvilluar nj\u00eb qeveri normale.<\/p>\n<p>\u201cAta kan\u00eb nj\u00eb kontrat\u00eb, ku pjesa e fsheht\u00eb thot\u00eb se \u00e7far\u00eb do t\u00eb marr\u00eb n\u00eb p\u00ebrgjegj\u00ebsit\u00eb e qeveris\u00eb s\u00eb nes\u00ebrme Monika Kryemadhi, bashk\u00eb me gjith\u00eb \u00e7et\u00ebn e saj t\u00eb harbuar. Nd\u00ebrkoh\u00eb demokrat\u00ebve iu thuhet votoni PD, po p\u00ebr cfar\u00eb? P\u00ebr t\u00eb marr\u00eb Monika Kryemadhin, apo p\u00ebr t\u00eb rreshtuar n\u00eb qeverin\u00eb e nes\u00ebrme Gon Duk\u00ebn, Nard Ndok\u00ebn, Mesil\u00ebn, Dash Shehin, e plot t\u00eb tjer\u00eb q\u00eb cfar\u00eb mund t\u2019i ofrojn\u00eb Shqip\u00ebris\u00eb e shqiptar\u00ebve, kur i kan\u00eb pasur gjith\u00eb shanset p\u00ebr t\u00eb treguar kush jan\u00eb dhe e kan\u00eb treguar.<\/p>\n<p>\u00cbsht\u00eb nj\u00eb koalicion ku Saliu-Iliri-Monika i b\u00ebjn\u00eb karshill\u00ebk dynjas\u00eb, SHBA, BE, rajonit ton\u00eb, me nj\u00eb program q\u00eb \u00ebsht\u00eb i nj\u00ebjti, ngjan si dy pika uji me programin e prodhuar, t\u00eb d\u00ebshtuar, duke pasur munges\u00ebn e plot\u00eb t\u00eb sek\u00eblldis\u00eb m\u00eb t\u00eb vog\u00ebl me rikthimin e taks\u00ebs s\u00eb shesht\u00eb. Taks\u00eb e shesht\u00eb p\u00ebr t\u00eb v\u00ebn\u00eb t\u00eb gjith\u00eb ata q\u00eb fitojn\u00eb m\u00eb pak, t\u00eb paguajn\u00eb m\u00eb shum\u00eb, dhe p\u00ebr t\u2019iu dh\u00ebn\u00eb atyre q\u00eb fitojn\u00eb m\u00eb shum\u00eb, t\u00eb paguajn\u00eb m\u00eb pak.<\/p>\n<p>Taks\u00eb e shesht\u00eb p\u00ebr t\u00eb rikthyer nj\u00eb barr\u00eb t\u00eb padrejt\u00eb taksimi mbi m\u00ebsuesit, mjek\u00ebt, polic\u00ebt, punonj\u00ebsit e k\u00ebtij shteti, apo mbi kamarier\u00ebt, shofer\u00ebt, kuzhinier\u00ebt, mbi gjith\u00eb at\u00eb pjes\u00eb t\u00eb madhe t\u00eb shoq\u00ebris\u00eb son\u00eb q\u00eb punon fort p\u00ebr t\u00eb cuar n\u00eb sht\u00ebpi nj\u00eb pag\u00eb, q\u00eb zvog\u00eblohet automatikisht me taks\u00ebn e shesht\u00eb. Ata s\u2019i kan\u00eb dh\u00ebn\u00eb vetes koh\u00eb as t\u00eb m\u00ebsojn\u00eb, as t\u00eb fusin ndonj\u00eb gj\u00eb n\u00eb kok\u00eb, se kan\u00eb qen\u00eb rrug\u00ebve duke destabilizuar. A e kuptoni se gjith\u00eb k\u00ebta q\u00eb jan\u00eb pjes\u00eb e k\u00ebtij koalicioni, jan\u00eb pengmarr\u00ebsit e cdo mund\u00ebsie p\u00ebr t\u00eb zhvilluar nj\u00eb qeveri normale, sepse do t\u00eb k\u00ebrkojn\u00eb cop\u00ebn<\/p>\n<p>. Gon Duka minist\u00ebr Bujq\u00ebsie. Shp\u00ebthim Idrizi me Vangjel Dulen duan t\u00eb kthehen n\u00eb qeveri, edhe Nard Ndoka, q\u00eb nga gjith\u00eb k\u00ebta i takon m\u00eb shum\u00eb, se t\u00eb pakt\u00ebn na b\u00ebn t\u00eb qeshim. Duhet pasur parasysh se ajo do t\u00eb jet\u00eb qeveria e Monik\u00ebs dhe Ilir Met\u00ebs. Kjo fushat\u00eb nuk do t\u00eb ket\u00eb tiparin e fushatave t\u00eb tjera, me turma njer\u00ebzish, muzik\u00eb, zhurm\u00eb, por do t\u00eb na jap\u00eb m\u00eb shum\u00eb mund\u00ebsi p\u00ebr t\u00eb folur p\u00ebr c\u00ebshtje, p\u00ebr programin. Koalicioni opozitar \u00ebsht\u00eb KCK, kap ca t\u00eb kap\u00ebsh, fut k\u00ebt\u00eb fus\u00ebsh\u201d, deklaroi Rama.<\/p>\n<p>Nga: Gazeta Shqiptare<\/p>\n","protected":false},"excerpt":{"rendered":"<p>Rama: &#8211; Kryemadhi do vij\u00eb bashk\u00eb me \u00e7et\u00ebn e saj t\u00eb harbuar, ajo do jet\u00eb qeveria e Ilirit dhe Mon\u00ebs &#8211; 21.03.21 Kryeministri Edi Rama nga qyteti i Elbasanit sulmoi koalicionin opozitar, teksa tha nga Elbasani se PD dhe LSI kan\u00eb nj\u00eb kontrat\u00eb, ku sipas tij, pjesa e fsheht\u00eb e saj tregon p\u00ebrgjegj\u00ebsin\u00eb q\u00eb do [&hellip;]<\/p>\n","protected":false},"author":9,"featured_media":45564,"comment_status":"open","ping_status":"open","sticky":false,"template":"","format":"standard","meta":{"jetpack_post_was_ever_published":false,"_jetpack_newsletter_access":"","_jetpack_dont_email_post_to_subs":false,"_jetpack_newsletter_tier_id":0,"_jetpack_memberships_contains_paywalled_content":false,"_jetpack_memberships_contains_paid_content":false,"footnotes":"","jetpack_publicize_message":"","jetpack_publicize_feature_enabled":true,"jetpack_social_post_already_shared":true,"jetpack_social_options":{"image_generator_settings":{"template":"highway","default_image_id":0,"font":"","enabled":false},"version":2}},"categories":[2,35],"tags":[],"class_list":["post-45563","post","type-post","status-publish","format-standard","has-post-thumbnail","hentry","category-politika","category-shoqerore"],"jetpack_publicize_connections":[],"jetpack_featured_media_url":"https:\/\/i0.wp.com\/www.shqiperia.com\/blog\/wp-content\/uploads\/2021\/03\/Edi-Rama-4.jpg?fit=770%2C433&ssl=1","jetpack_sharing_enabled":true,"jetpack_shortlink":"https:\/\/wp.me\/p5Z6wp-bQT","jetpack-related-posts":[{"id":52456,"url":"https:\/\/www.shqiperia.com\/blog\/cfare-hetimi-kerkohet-me-kur-eshte-me-firme-dhe-me-vule-dorezoi-informacione-shtese-ne-spak-monika-kryemadhi-publikon-dokumentet-dhe-hedh-akuzat-e-renda\/","url_meta":{"origin":45563,"position":0},"title":"\u201c\u00c7far\u00eb hetimi k\u00ebrkohet m\u00eb, kur \u00ebsht\u00eb me firm\u00eb dhe me vul\u00eb?\u201d &#8211; Dor\u00ebzoi informacione shtes\u00eb n\u00eb SPAK, Monika Kryemadhi publikon dokumentet dhe hedh akuzat e r\u00ebnda","author":"Kurt Farka","date":"December 17, 2021","format":false,"excerpt":"\u201c\u00c7far\u00eb hetimi k\u00ebrkohet m\u00eb, kur \u00ebsht\u00eb me firm\u00eb dhe me vul\u00eb?\u201d - Dor\u00ebzoi informacione shtes\u00eb n\u00eb SPAK, Monika Kryemadhi publikon dokumentet dhe hedh akuzat e r\u00ebnda 17 DHJETOR 2021 Kryetarja e LSI-s\u00eb Monika Kryemadhi pas informacioneve q\u00eb dor\u00ebzoi dje n\u00eb SPAK p\u00ebr afer\u00ebn e incenator\u00ebve, ka dal\u00eb me nj\u00eb deklarat\u00eb\u2026","rel":"","context":"In &quot;Blogu i Udh\u00ebtarit&quot;","block_context":{"text":"Blogu i Udh\u00ebtarit","link":"https:\/\/www.shqiperia.com\/blog\/category\/blogu-i-udhetarit\/"},"img":{"alt_text":"","src":"https:\/\/i0.wp.com\/www.shqiperia.com\/blog\/wp-content\/uploads\/2021\/12\/01.jpg?fit=676%2C387&ssl=1&resize=350%2C200","width":350,"height":200,"srcset":"https:\/\/i0.wp.com\/www.shqiperia.com\/blog\/wp-content\/uploads\/2021\/12\/01.jpg?fit=676%2C387&ssl=1&resize=350%2C200 1x, https:\/\/i0.wp.com\/www.shqiperia.com\/blog\/wp-content\/uploads\/2021\/12\/01.jpg?fit=676%2C387&ssl=1&resize=525%2C300 1.5x"},"classes":[]},{"id":22704,"url":"https:\/\/www.shqiperia.com\/blog\/zgjedhje-do-te-kete-ne-13-tetor-pasi-dekretin-e-presidentit-nuk-e-gjykon-dot-tjeter-gjykate-vetem-ajo-kushtetuese-sic-e-meshtet-dhe-osbe-ohdir\/","url_meta":{"origin":45563,"position":1},"title":"Zgjedhje do t\u00eb ket\u00eb n\u00eb 13 tetor, pasi dekretin e Presidentit nuk e gjykon dot tjet\u00ebr gjykat\u00eb, vet\u00ebm ajo Kushtetuese si\u00e7 e m\u00ebshtet dhe OSBE\/ OHDIR.\/","author":"Kurt Farka","date":"July 2, 2019","format":false,"excerpt":"Zgjedhje do t\u00eb ket\u00eb n\u00eb 13 tetor, pasi dekretin e Presidentit nuk e gjykon dot tjet\u00ebr gjykat\u00eb, vet\u00ebm ajo Kushtetuese si\u00e7 e m\u00ebshtet dhe OSBE\/ OHDIR.\/ \u00a01 korrik 2019 Kryetarja e LSI nuk dha nj\u00eb opsion se \u00e7far\u00eb do t\u00eb b\u00ebj\u00eb opozita n\u00ebse t\u00eb zgjedhurit e 30 qershorit do t\u00eb\u2026","rel":"","context":"In &quot;Blogu i Udh\u00ebtarit&quot;","block_context":{"text":"Blogu i Udh\u00ebtarit","link":"https:\/\/www.shqiperia.com\/blog\/category\/blogu-i-udhetarit\/"},"img":{"alt_text":"","src":"https:\/\/i0.wp.com\/www.shqiperia.com\/blog\/wp-content\/uploads\/2019\/07\/k1-4.jpg?fit=870%2C470&ssl=1&resize=350%2C200","width":350,"height":200,"srcset":"https:\/\/i0.wp.com\/www.shqiperia.com\/blog\/wp-content\/uploads\/2019\/07\/k1-4.jpg?fit=870%2C470&ssl=1&resize=350%2C200 1x, https:\/\/i0.wp.com\/www.shqiperia.com\/blog\/wp-content\/uploads\/2019\/07\/k1-4.jpg?fit=870%2C470&ssl=1&resize=525%2C300 1.5x, https:\/\/i0.wp.com\/www.shqiperia.com\/blog\/wp-content\/uploads\/2019\/07\/k1-4.jpg?fit=870%2C470&ssl=1&resize=700%2C400 2x"},"classes":[]},{"id":44820,"url":"https:\/\/www.shqiperia.com\/blog\/monika-kryemadhi-paralajmeron-skandalin-e-kryeministrit-rama-brenda-dy-ditesh-do-denoncoj-me-fakte\/","url_meta":{"origin":45563,"position":2},"title":"Monika Kryemadhi, paralajm\u00ebron skandalin e Kryeministrit Rama: &#8211; Brenda dy dit\u00ebsh do denoncoj me fakte!","author":"Kurt Farka","date":"March 1, 2021","format":false,"excerpt":"Monika Kryemadhi, paralajm\u00ebron skandalin e Kryeministrit Rama: - Brenda dy dit\u00ebsh do denoncoj me fakte! 1 MARS 2021 Kryetarja e LSI-s\u00eb Monika Kryemadhi paralajm\u00ebron nj\u00eb denoncim shum\u00eb t\u00eb fort\u00eb p\u00ebr kryeministrin Rama dit\u00ebt n\u00eb vijim. Ajo i k\u00ebrkoi moderatorit Blendi Fevziu live q\u00eb ta ftoj\u00eb n\u00eb studio pas publikimit t\u00eb\u2026","rel":"","context":"In &quot;Blogu i Udh\u00ebtarit&quot;","block_context":{"text":"Blogu i Udh\u00ebtarit","link":"https:\/\/www.shqiperia.com\/blog\/category\/blogu-i-udhetarit\/"},"img":{"alt_text":"","src":"https:\/\/i0.wp.com\/www.shqiperia.com\/blog\/wp-content\/uploads\/2021\/03\/Monika-Kryemadhi.jpg?fit=800%2C515&ssl=1&resize=350%2C200","width":350,"height":200,"srcset":"https:\/\/i0.wp.com\/www.shqiperia.com\/blog\/wp-content\/uploads\/2021\/03\/Monika-Kryemadhi.jpg?fit=800%2C515&ssl=1&resize=350%2C200 1x, https:\/\/i0.wp.com\/www.shqiperia.com\/blog\/wp-content\/uploads\/2021\/03\/Monika-Kryemadhi.jpg?fit=800%2C515&ssl=1&resize=525%2C300 1.5x, https:\/\/i0.wp.com\/www.shqiperia.com\/blog\/wp-content\/uploads\/2021\/03\/Monika-Kryemadhi.jpg?fit=800%2C515&ssl=1&resize=700%2C400 2x"},"classes":[]},{"id":46455,"url":"https:\/\/www.shqiperia.com\/blog\/sondazhet-nuk-me-shqetesojne-fare-kryemadhi-tregon-kush-jane-dy-qytetet-qe-do-te-sjellin-humbjen-kryeministrit-rama\/","url_meta":{"origin":45563,"position":3},"title":"\u2018Sondazhet nuk m\u00eb shqet\u00ebsojn\u00eb fare\u2019, &#8211; Kryemadhi tregon kush jan\u00eb dy qytetet q\u00eb do t\u00eb sjellin humbjen kryeministrit Rama","author":"Kurt Farka","date":"April 15, 2021","format":false,"excerpt":"\u2018Sondazhet nuk m\u00eb shqet\u00ebsojn\u00eb fare\u2019, - Kryemadhi tregon kush jan\u00eb dy qytetet q\u00eb do t\u00eb sjellin humbjen kryeministrit Rama 15 PRILL 2021 Kryetarja e LSI-s\u00eb, Monika Kryemadhi deklaroi mbr\u00ebmjen e sotme se Shkodra dhe Vlora do t\u00eb sjellin p\u00ebrmbysjen spektakolare t\u00eb shum\u00eb gjerave. E ftuar n\u00eb \u2018Real Story\u2019, Kryemadhi tha\u2026","rel":"","context":"In &quot;Blogu i Udh\u00ebtarit&quot;","block_context":{"text":"Blogu i Udh\u00ebtarit","link":"https:\/\/www.shqiperia.com\/blog\/category\/blogu-i-udhetarit\/"},"img":{"alt_text":"","src":"https:\/\/i0.wp.com\/www.shqiperia.com\/blog\/wp-content\/uploads\/2021\/04\/640-0-607895fddc43b.png?fit=640%2C361&ssl=1&resize=350%2C200","width":350,"height":200,"srcset":"https:\/\/i0.wp.com\/www.shqiperia.com\/blog\/wp-content\/uploads\/2021\/04\/640-0-607895fddc43b.png?fit=640%2C361&ssl=1&resize=350%2C200 1x, https:\/\/i0.wp.com\/www.shqiperia.com\/blog\/wp-content\/uploads\/2021\/04\/640-0-607895fddc43b.png?fit=640%2C361&ssl=1&resize=525%2C300 1.5x"},"classes":[]},{"id":26324,"url":"https:\/\/www.shqiperia.com\/blog\/opozita-ka-qendrim-te-unifikuar-kryemadhi-mjaftojne-9-kushtet-e-bundestagut-gjerman-per-te-kuptuar-se-kush-eshte-rama\/","url_meta":{"origin":45563,"position":4},"title":"\u201cOpozita ka q\u00ebndrim t\u00eb unifikuar\u201d- Kryemadhi: &#8211; Mjaftojn\u00eb 9 kushtet e Bundestagut gjerman p\u00ebr t\u00eb kuptuar se kush \u00ebsht\u00eb Rama","author":"Kurt Farka","date":"September 27, 2019","format":false,"excerpt":"\u201cOpozita ka q\u00ebndrim t\u00eb unifikuar\u201d- Kryemadhi: - Mjaftojn\u00eb 9 kushtet e Bundestagut gjerman p\u00ebr t\u00eb kuptuar se kush \u00ebsht\u00eb Rama \u00a026 shtator 2019 Kryetarja e LSI, Monika Kryemadhi thot\u00eb se koalicioni opozitar \u00ebsht\u00eb i unifikuar, pavar\u00ebsisht se partia\u00a0 q\u00eb drejton nga mendime ndryshe. \u201cDuhet t\u00eb kuptojm\u00eb dy gj\u00ebra, \u00ebsht\u00eb q\u00ebndrimi\u2026","rel":"","context":"In &quot;Blogu i Udh\u00ebtarit&quot;","block_context":{"text":"Blogu i Udh\u00ebtarit","link":"https:\/\/www.shqiperia.com\/blog\/category\/blogu-i-udhetarit\/"},"img":{"alt_text":"","src":"https:\/\/i0.wp.com\/www.shqiperia.com\/blog\/wp-content\/uploads\/2019\/09\/auto_Untitled-211569527365-433x300.jpg?fit=433%2C264&ssl=1&resize=350%2C200","width":350,"height":200},"classes":[]},{"id":13754,"url":"https:\/\/www.shqiperia.com\/blog\/kryemadhi-nje-pergjim-skandaloz-ndodhet-ne-duart-e-opozites-do-te-jete-shkaterrues-per-qeverine-ku-rrezikohet-jo-vetem-politikisht-mazhoranca-por-edhe-koka-te-medha\/","url_meta":{"origin":45563,"position":5},"title":"Kryemadhi: -Nj\u00eb p\u00ebrgjim skandaloz  ndodhet n\u00eb duart e opozit\u00ebs, do t\u00eb jet\u00eb shkat\u00ebrrues p\u00ebr qeverin\u00eb, ku rrezikohet jo vet\u00ebm politikisht mazhoranca por edhe koka t\u00eb m\u00ebdha. &#8211;","author":"Kurt Farka","date":"November 16, 2018","format":false,"excerpt":"Kryemadhi: -Nj\u00eb p\u00ebrgjim skandaloz \u00a0ndodhet n\u00eb duart e opozit\u00ebs, do t\u00eb jet\u00eb shkat\u00ebrrues p\u00ebr qeverin\u00eb, ku rrezikohet jo vet\u00ebm politikisht mazhoranca por edhe koka t\u00eb m\u00ebdha. - \u00a0 Skandalet e fundit q\u00eb faktojn\u00eb p\u00ebrfshirjen e zyrtar\u00ebve qeveritar\u00eb n\u00eb vjedhjen e votave dhe bashk\u00ebpunimin me bandat e drog\u00ebs nuk i kan\u00eb\u2026","rel":"","context":"In &quot;Blogu i Udh\u00ebtarit&quot;","block_context":{"text":"Blogu i Udh\u00ebtarit","link":"https:\/\/www.shqiperia.com\/blog\/category\/blogu-i-udhetarit\/"},"img":{"alt_text":"","src":"https:\/\/i0.wp.com\/www.shqiperia.com\/blog\/wp-content\/uploads\/2018\/11\/monika-Kryemadhi-2.png?fit=627%2C319&ssl=1&resize=350%2C200","width":350,"height":200,"srcset":"https:\/\/i0.wp.com\/www.shqiperia.com\/blog\/wp-content\/uploads\/2018\/11\/monika-Kryemadhi-2.png?fit=627%2C319&ssl=1&resize=350%2C200 1x, https:\/\/i0.wp.com\/www.shqiperia.com\/blog\/wp-content\/uploads\/2018\/11\/monika-Kryemadhi-2.png?fit=627%2C319&ssl=1&resize=525%2C300 1.5x"},"classes":[]}],"_links":{"self":[{"href":"https:\/\/www.shqiperia.com\/blog\/wp-json\/wp\/v2\/posts\/45563","targetHints":{"allow":["GET"]}}],"collection":[{"href":"https:\/\/www.shqiperia.com\/blog\/wp-json\/wp\/v2\/posts"}],"about":[{"href":"https:\/\/www.shqiperia.com\/blog\/wp-json\/wp\/v2\/types\/post"}],"author":[{"embeddable":true,"href":"https:\/\/www.shqiperia.com\/blog\/wp-json\/wp\/v2\/users\/9"}],"replies":[{"embeddable":true,"href":"https:\/\/www.shqiperia.com\/blog\/wp-json\/wp\/v2\/comments?post=45563"}],"version-history":[{"count":2,"href":"https:\/\/www.shqiperia.com\/blog\/wp-json\/wp\/v2\/posts\/45563\/revisions"}],"predecessor-version":[{"id":45566,"href":"https:\/\/www.shqiperia.com\/blog\/wp-json\/wp\/v2\/posts\/45563\/revisions\/45566"}],"wp:featuredmedia":[{"embeddable":true,"href":"https:\/\/www.shqiperia.com\/blog\/wp-json\/wp\/v2\/media\/45564"}],"wp:attachment":[{"href":"https:\/\/www.shqiperia.com\/blog\/wp-json\/wp\/v2\/media?parent=45563"}],"wp:term":[{"taxonomy":"category","embeddable":true,"href":"https:\/\/www.shqiperia.com\/blog\/wp-json\/wp\/v2\/categories?post=45563"},{"taxonomy":"post_tag","embeddable":true,"href":"https:\/\/www.shqiperia.com\/blog\/wp-json\/wp\/v2\/tags?post=45563"}],"curies":[{"name":"wp","href":"https:\/\/api.w.org\/{rel}","templated":true}]}}