{"id":45560,"date":"2021-03-21T17:30:32","date_gmt":"2021-03-21T17:30:32","guid":{"rendered":"https:\/\/www.shqiperia.com\/blog\/?p=45560"},"modified":"2021-03-21T17:30:32","modified_gmt":"2021-03-21T17:30:32","slug":"formularet-e-dekriminalizimit-rama-dhe-basha-rrezikojne-perjashtimin-nga-zgjedhjet","status":"publish","type":"post","link":"https:\/\/www.shqiperia.com\/blog\/formularet-e-dekriminalizimit-rama-dhe-basha-rrezikojne-perjashtimin-nga-zgjedhjet\/","title":{"rendered":"Formular\u00ebt e dekriminalizimit, Rama dhe Basha rrezikojne p\u00ebrjashtimin nga zgjedhjet"},"content":{"rendered":"<p><img data-recalc-dims=\"1\" loading=\"lazy\" decoding=\"async\" data-attachment-id=\"45561\" data-permalink=\"https:\/\/www.shqiperia.com\/blog\/formularet-e-dekriminalizimit-rama-dhe-basha-rrezikojne-perjashtimin-nga-zgjedhjet\/rama-12\/\" data-orig-file=\"https:\/\/i0.wp.com\/www.shqiperia.com\/blog\/wp-content\/uploads\/2021\/03\/rama-12.jpg?fit=1190%2C494&amp;ssl=1\" data-orig-size=\"1190,494\" data-comments-opened=\"1\" data-image-meta=\"{&quot;aperture&quot;:&quot;0&quot;,&quot;credit&quot;:&quot;pc&quot;,&quot;camera&quot;:&quot;&quot;,&quot;caption&quot;:&quot;&quot;,&quot;created_timestamp&quot;:&quot;1616324024&quot;,&quot;copyright&quot;:&quot;&quot;,&quot;focal_length&quot;:&quot;0&quot;,&quot;iso&quot;:&quot;0&quot;,&quot;shutter_speed&quot;:&quot;0&quot;,&quot;title&quot;:&quot;&quot;,&quot;orientation&quot;:&quot;0&quot;}\" data-image-title=\"rama-12\" data-image-description=\"\" data-image-caption=\"\" data-medium-file=\"https:\/\/i0.wp.com\/www.shqiperia.com\/blog\/wp-content\/uploads\/2021\/03\/rama-12.jpg?fit=300%2C125&amp;ssl=1\" data-large-file=\"https:\/\/i0.wp.com\/www.shqiperia.com\/blog\/wp-content\/uploads\/2021\/03\/rama-12.jpg?fit=1024%2C425&amp;ssl=1\" class=\"alignnone  wp-image-45561\" alt=\"\" src=\"https:\/\/i0.wp.com\/www.shqiperia.com\/blog\/wp-content\/uploads\/2021\/03\/rama-12.jpg?resize=498%2C209&#038;ssl=1\" width=\"498\" height=\"209\" srcset=\"https:\/\/i0.wp.com\/www.shqiperia.com\/blog\/wp-content\/uploads\/2021\/03\/rama-12.jpg?resize=300%2C125&amp;ssl=1 300w, https:\/\/i0.wp.com\/www.shqiperia.com\/blog\/wp-content\/uploads\/2021\/03\/rama-12.jpg?zoom=2&amp;resize=498%2C209&amp;ssl=1 996w\" sizes=\"auto, (max-width: 498px) 100vw, 498px\" \/><\/p>\n<p>Formular\u00ebt e dekriminalizimit, Rama dhe Basha rrezikojne p\u00ebrjashtimin nga zgjedhjet<\/p>\n<p>21 mars, 2021<\/p>\n<p>Dy kandidat\u00ebt p\u00ebr kryeminist\u00ebr n\u00eb zgjedhjet e 25 prillit, Edi Rama dhe Lulzim Basha kan\u00eb pasakt\u00ebsi n\u00eb deklarimet e b\u00ebra n\u00eb formular\u00ebt e demokriminalizimit, q\u00eb jan\u00eb d\u00ebrguar n\u00eb KQZ.<\/p>\n<p>N\u00eb nj\u00eb v\u00ebzhgim q\u00eb A2 i b\u00ebri formular\u00ebve t\u00eb depozituara n\u00eb Komisionin Qendror t\u00eb Zgjedhjeve bien n\u00eb sy disa pasakt\u00ebsi. Madje Edi Rama mund t\u00eb akuzohet p\u00ebr deklarim t\u00eb rrem\u00eb n\u00eb formular\u00eb pasi kreu i qeveris\u00eb, n\u00eb seksionin ku k\u00ebrkohet deklarimi i t\u00eb dh\u00ebnave n\u00eb rast t\u00eb q\u00ebndrimit m\u00eb shum\u00eb se nj\u00eb muaj jasht\u00eb vendit ka sh\u00ebnuar \u201cJO\u201d.<\/p>\n<p>Mesa duket, kryeministri q\u00eb k\u00ebrkon nj\u00eb mandat t\u00eb tret\u00eb ka harruar se p\u00ebr nj\u00eb periudh\u00eb kat\u00ebr vje\u00e7are ka jetuar n\u00eb Franc\u00eb p\u00ebrpara se sa t\u00eb futej n\u00eb rrug\u00ebtimin e tij politik n\u00eb vitin 1998.<\/p>\n<p>Nga\u00a0\u00a0 Media<\/p>\n","protected":false},"excerpt":{"rendered":"<p>Formular\u00ebt e dekriminalizimit, Rama dhe Basha rrezikojne p\u00ebrjashtimin nga zgjedhjet 21 mars, 2021 Dy kandidat\u00ebt p\u00ebr kryeminist\u00ebr n\u00eb zgjedhjet e 25 prillit, Edi Rama dhe Lulzim Basha kan\u00eb pasakt\u00ebsi n\u00eb deklarimet e b\u00ebra n\u00eb formular\u00ebt e demokriminalizimit, q\u00eb jan\u00eb d\u00ebrguar n\u00eb KQZ. N\u00eb nj\u00eb v\u00ebzhgim q\u00eb A2 i b\u00ebri formular\u00ebve t\u00eb depozituara n\u00eb Komisionin Qendror [&hellip;]<\/p>\n","protected":false},"author":9,"featured_media":45561,"comment_status":"open","ping_status":"open","sticky":false,"template":"","format":"standard","meta":{"jetpack_post_was_ever_published":false,"_jetpack_newsletter_access":"","_jetpack_dont_email_post_to_subs":false,"_jetpack_newsletter_tier_id":0,"_jetpack_memberships_contains_paywalled_content":false,"_jetpack_memberships_contains_paid_content":false,"footnotes":"","jetpack_publicize_message":"","jetpack_publicize_feature_enabled":true,"jetpack_social_post_already_shared":true,"jetpack_social_options":{"image_generator_settings":{"template":"highway","default_image_id":0,"font":"","enabled":false},"version":2}},"categories":[27,2,14],"tags":[],"class_list":["post-45560","post","type-post","status-publish","format-standard","has-post-thumbnail","hentry","category-blogu-i-udhetarit","category-politika","category-press-releases"],"jetpack_publicize_connections":[],"jetpack_featured_media_url":"https:\/\/i0.wp.com\/www.shqiperia.com\/blog\/wp-content\/uploads\/2021\/03\/rama-12.jpg?fit=1190%2C494&ssl=1","jetpack_sharing_enabled":true,"jetpack_shortlink":"https:\/\/wp.me\/p5Z6wp-bQQ","jetpack-related-posts":[{"id":35533,"url":"https:\/\/www.shqiperia.com\/blog\/ps-gati-te-leshoje-pushtetin-vendor-se-shpejti-zgjedhje-lokale-ndoshta\/","url_meta":{"origin":45560,"position":0},"title":"PS gati t\u00eb l\u00ebshoj\u00eb pushtetin vendor. &#8211; Se shpejti Zgjedhje Lokale, ndoshta &#8230;","author":"Kurt Farka","date":"June 8, 2020","format":false,"excerpt":"PS gati t\u00eb l\u00ebshoj\u00eb pushtetin vendor. - Se shpejti Zgjedhje Lokale, ndoshta ... 8 QERSHOR 2020 Partia Demokratike ka ndezur motor\u00ebt p\u00ebr zgjedhje. Dje kryedemokrati Lulzim Basha zhvilloi nj\u00eb mbledhje me kryesin\u00eb e partis\u00eb, ku propozoi nisjen e procesit t\u00eb p\u00ebrzgjedhjes, konsultimit dhe seleksionimit t\u00eb kandidaturave p\u00ebr zgjedhjet parlamentare dhe\u2026","rel":"","context":"In &quot;Blogu i Udh\u00ebtarit&quot;","block_context":{"text":"Blogu i Udh\u00ebtarit","link":"https:\/\/www.shqiperia.com\/blog\/category\/blogu-i-udhetarit\/"},"img":{"alt_text":"","src":"https:\/\/i0.wp.com\/www.shqiperia.com\/blog\/wp-content\/uploads\/2020\/06\/Rama-Dako.jpg?fit=539%2C305&ssl=1&resize=350%2C200","width":350,"height":200,"srcset":"https:\/\/i0.wp.com\/www.shqiperia.com\/blog\/wp-content\/uploads\/2020\/06\/Rama-Dako.jpg?fit=539%2C305&ssl=1&resize=350%2C200 1x, https:\/\/i0.wp.com\/www.shqiperia.com\/blog\/wp-content\/uploads\/2020\/06\/Rama-Dako.jpg?fit=539%2C305&ssl=1&resize=525%2C300 1.5x"},"classes":[]},{"id":80955,"url":"https:\/\/www.shqiperia.com\/blog\/ti-kryeminister-dhe-rama-president-basha-jep-pergjigjen-e-papritur\/","url_meta":{"origin":45560,"position":1},"title":"Ti kryeminist\u00ebr dhe Rama president? &#8211; Basha jep p\u00ebrgjigjen e papritur","author":"Kurt Farka","date":"May 11, 2024","format":false,"excerpt":"11 Maji 2024 Edhe kryetari i PD-s\u00eb, Lulzim Basha nuk i ka rezistuar dot pjes\u00ebmarrjes n\u00eb \u2018podcast\u2019-e, tashm\u00eb t\u00eb kthyera n\u00eb trend p\u00ebr shum\u00eb politikan\u00eb. S\u00eb fundmi ai ka marr\u00eb pjes\u00eb n\u00eb nj\u00eb podcast t\u00eb transmetuar n\u00eb profilin e tij zyrtar n\u00eb Facebook, ku nd\u00ebr t\u00eb tjera \u00ebsht\u00eb pyetur edhe\u2026","rel":"","context":"In &quot;Blogu i Udh\u00ebtarit&quot;","block_context":{"text":"Blogu i Udh\u00ebtarit","link":"https:\/\/www.shqiperia.com\/blog\/category\/blogu-i-udhetarit\/"},"img":{"alt_text":"","src":"https:\/\/i0.wp.com\/www.shqiperia.com\/blog\/wp-content\/uploads\/2024\/05\/800-0-0ff88b5ab4a9e80fb95625f847c661dc.jpg?fit=800%2C420&ssl=1&resize=350%2C200","width":350,"height":200,"srcset":"https:\/\/i0.wp.com\/www.shqiperia.com\/blog\/wp-content\/uploads\/2024\/05\/800-0-0ff88b5ab4a9e80fb95625f847c661dc.jpg?fit=800%2C420&ssl=1&resize=350%2C200 1x, https:\/\/i0.wp.com\/www.shqiperia.com\/blog\/wp-content\/uploads\/2024\/05\/800-0-0ff88b5ab4a9e80fb95625f847c661dc.jpg?fit=800%2C420&ssl=1&resize=525%2C300 1.5x, https:\/\/i0.wp.com\/www.shqiperia.com\/blog\/wp-content\/uploads\/2024\/05\/800-0-0ff88b5ab4a9e80fb95625f847c661dc.jpg?fit=800%2C420&ssl=1&resize=700%2C400 2x"},"classes":[]},{"id":30921,"url":"https:\/\/www.shqiperia.com\/blog\/basha-u-ulem-per-reformen-zgjedhore-vetem-per-te-arritur-zgjedhjet-e-parakohshme\/","url_meta":{"origin":45560,"position":2},"title":"Basha: U ul\u00ebm p\u00ebr Reform\u00ebn Zgjedhore, vet\u00ebm p\u00ebr t\u00eb arritur zgjedhjet e parakohshme.","author":"Kurt Farka","date":"February 1, 2020","format":false,"excerpt":"Basha: U ul\u00ebm p\u00ebr Reform\u00ebn Zgjedhore, vet\u00ebm p\u00ebr t\u00eb arritur zgjedhjet e parakohshme 31\/01\/2020 \u00a0\u00a0\u00a0\u00a0 Marr\u00ebveshja p\u00ebr Reform\u00ebn Zgjedhore me Edi Ram\u00ebn do prodhoj\u00eb edhe zgjedhjet e parakohshme, konfirmimi vjen nga kryetari i PD Lulzim Basha. \u201cNe i qendrojm\u00eb propozimit ton\u00eb p\u00ebr nj\u00eb qeveri tranzitore jo vet\u00ebm p\u00ebr t\u00eb kaluar\u2026","rel":"","context":"In &quot;Blogu i Udh\u00ebtarit&quot;","block_context":{"text":"Blogu i Udh\u00ebtarit","link":"https:\/\/www.shqiperia.com\/blog\/category\/blogu-i-udhetarit\/"},"img":{"alt_text":"","src":"https:\/\/i0.wp.com\/www.shqiperia.com\/blog\/wp-content\/uploads\/2020\/02\/hqdefault.jpg?fit=480%2C319&ssl=1&resize=350%2C200","width":350,"height":200},"classes":[]},{"id":49866,"url":"https:\/\/www.shqiperia.com\/blog\/ish-presidenti-nishani-ja-e-verteta-basha-kishte-ultimatume-te-forta-edhe-per\/","url_meta":{"origin":45560,"position":3},"title":"Ish-Presidenti Nishani: Ja e v\u00ebrteta, Basha kishte ultimatume t\u00eb forta edhe p\u00ebr\u2026","author":"Kurt Farka","date":"September 14, 2021","format":false,"excerpt":"Ish-Presidenti Nishani: Ja e v\u00ebrteta, Basha kishte ultimatume t\u00eb forta edhe p\u00ebr\u2026 14 shtator 2021 Ish- Presidenti Bujar Nishani e quan sjelljen e kryetarit t\u00eb Partis\u00eb Demokratike Lulzim Basha dhe vendimin p\u00ebr p\u00ebrjashtimin nga grupi parlamentar t\u00eb Sali Berish\u00ebs nj\u00eb \u201cthik\u00eb pas shpine ndaj PD dhe Shqip\u00ebris\u00eb\u201d. N\u00eb nj\u00eb postim\u2026","rel":"","context":"In &quot;Blogu i Udh\u00ebtarit&quot;","block_context":{"text":"Blogu i Udh\u00ebtarit","link":"https:\/\/www.shqiperia.com\/blog\/category\/blogu-i-udhetarit\/"},"img":{"alt_text":"","src":"https:\/\/i0.wp.com\/www.shqiperia.com\/blog\/wp-content\/uploads\/2021\/09\/basha-nishani.jpg?fit=718%2C455&ssl=1&resize=350%2C200","width":350,"height":200,"srcset":"https:\/\/i0.wp.com\/www.shqiperia.com\/blog\/wp-content\/uploads\/2021\/09\/basha-nishani.jpg?fit=718%2C455&ssl=1&resize=350%2C200 1x, https:\/\/i0.wp.com\/www.shqiperia.com\/blog\/wp-content\/uploads\/2021\/09\/basha-nishani.jpg?fit=718%2C455&ssl=1&resize=525%2C300 1.5x, https:\/\/i0.wp.com\/www.shqiperia.com\/blog\/wp-content\/uploads\/2021\/09\/basha-nishani.jpg?fit=718%2C455&ssl=1&resize=700%2C400 2x"},"classes":[]},{"id":69118,"url":"https:\/\/www.shqiperia.com\/blog\/pd-ne-e-vendos-kqz-ja-berisha-basha-alibeaj-te-shitur-te-rama-dalim-ne-koalicion-tabaku-basha-eshte-histori\/","url_meta":{"origin":45560,"position":4},"title":"PD-n\u00eb &#8220;e vendos&#8221; KQZ-ja: &#8211; Berisha: Basha-Alibeaj, t\u00eb shitur te Rama, dalim n\u00eb koalicion. Tabaku: Basha \u00ebsht\u00eb histori","author":"Kurt Farka","date":"March 6, 2023","format":false,"excerpt":"6 Mars 2023 N\u00eb afatet e fundit p\u00ebr regjistrimin e partive dhe m\u00eb tej edhe t\u00eb kandidat\u00ebve p\u00ebr zgjedhjt vendore grupimi I alibeajt n\u00eb pd kan\u00eb rihedhur propozimet p\u00ebr t\u00eb dal\u00eb n\u00eb gar\u00eb me list\u00ebn e primareve t\u00eb Berish\u00ebs. Por nga ana tjet\u00ebr n\u00eb selin\u00eb blu tashm\u00eb kan\u00eb nisur diskutimet\u2026","rel":"","context":"In &quot;Blogu i Udh\u00ebtarit&quot;","block_context":{"text":"Blogu i Udh\u00ebtarit","link":"https:\/\/www.shqiperia.com\/blog\/category\/blogu-i-udhetarit\/"},"img":{"alt_text":"","src":"https:\/\/i0.wp.com\/www.shqiperia.com\/blog\/wp-content\/uploads\/2023\/03\/basha-berisha-alibeah.jpg?fit=847%2C477&ssl=1&resize=350%2C200","width":350,"height":200,"srcset":"https:\/\/i0.wp.com\/www.shqiperia.com\/blog\/wp-content\/uploads\/2023\/03\/basha-berisha-alibeah.jpg?fit=847%2C477&ssl=1&resize=350%2C200 1x, https:\/\/i0.wp.com\/www.shqiperia.com\/blog\/wp-content\/uploads\/2023\/03\/basha-berisha-alibeah.jpg?fit=847%2C477&ssl=1&resize=525%2C300 1.5x, https:\/\/i0.wp.com\/www.shqiperia.com\/blog\/wp-content\/uploads\/2023\/03\/basha-berisha-alibeah.jpg?fit=847%2C477&ssl=1&resize=700%2C400 2x"},"classes":[]},{"id":53325,"url":"https:\/\/www.shqiperia.com\/blog\/zgjedhjet-e-6-marsit-berisha-eshte-e-qarte-cila-eshte-pd-ja-basha-nuk-firmos-dot-kandidatura\/","url_meta":{"origin":45560,"position":5},"title":"Zgjedhjet e 6 marsit, Berisha: &#8211; \u00cbsht\u00eb e qart\u00eb cila \u00ebsht\u00eb PD-ja, Basha nuk firmos dot kandidatura","author":"Kurt Farka","date":"January 21, 2022","format":false,"excerpt":"Zgjedhjet e 6 marsit, Berisha: - \u00cbsht\u00eb e qart\u00eb cila \u00ebsht\u00eb PD-ja, Basha nuk firmos dot kandidatura Nga OraNews 20 Janar 2022 N\u00eb nj\u00eb intervist\u00eb ekskluzive n\u00eb \u201cDrejt\u201d nga Luan Rama n\u00eb RTV Ora, ish-kryeministri Sali Berisha u shpreh se lidhur me zgjedhjet e 6 marsit \u00ebsht\u00eb shum\u00eb e qart\u00eb\u2026","rel":"","context":"In &quot;Blogu i Udh\u00ebtarit&quot;","block_context":{"text":"Blogu i Udh\u00ebtarit","link":"https:\/\/www.shqiperia.com\/blog\/category\/blogu-i-udhetarit\/"},"img":{"alt_text":"","src":"https:\/\/i0.wp.com\/www.shqiperia.com\/blog\/wp-content\/uploads\/2022\/01\/fgfhtyyu-1024x477-1.jpg?fit=1024%2C477&ssl=1&resize=350%2C200","width":350,"height":200,"srcset":"https:\/\/i0.wp.com\/www.shqiperia.com\/blog\/wp-content\/uploads\/2022\/01\/fgfhtyyu-1024x477-1.jpg?fit=1024%2C477&ssl=1&resize=350%2C200 1x, https:\/\/i0.wp.com\/www.shqiperia.com\/blog\/wp-content\/uploads\/2022\/01\/fgfhtyyu-1024x477-1.jpg?fit=1024%2C477&ssl=1&resize=525%2C300 1.5x, https:\/\/i0.wp.com\/www.shqiperia.com\/blog\/wp-content\/uploads\/2022\/01\/fgfhtyyu-1024x477-1.jpg?fit=1024%2C477&ssl=1&resize=700%2C400 2x"},"classes":[]}],"_links":{"self":[{"href":"https:\/\/www.shqiperia.com\/blog\/wp-json\/wp\/v2\/posts\/45560","targetHints":{"allow":["GET"]}}],"collection":[{"href":"https:\/\/www.shqiperia.com\/blog\/wp-json\/wp\/v2\/posts"}],"about":[{"href":"https:\/\/www.shqiperia.com\/blog\/wp-json\/wp\/v2\/types\/post"}],"author":[{"embeddable":true,"href":"https:\/\/www.shqiperia.com\/blog\/wp-json\/wp\/v2\/users\/9"}],"replies":[{"embeddable":true,"href":"https:\/\/www.shqiperia.com\/blog\/wp-json\/wp\/v2\/comments?post=45560"}],"version-history":[{"count":1,"href":"https:\/\/www.shqiperia.com\/blog\/wp-json\/wp\/v2\/posts\/45560\/revisions"}],"predecessor-version":[{"id":45562,"href":"https:\/\/www.shqiperia.com\/blog\/wp-json\/wp\/v2\/posts\/45560\/revisions\/45562"}],"wp:featuredmedia":[{"embeddable":true,"href":"https:\/\/www.shqiperia.com\/blog\/wp-json\/wp\/v2\/media\/45561"}],"wp:attachment":[{"href":"https:\/\/www.shqiperia.com\/blog\/wp-json\/wp\/v2\/media?parent=45560"}],"wp:term":[{"taxonomy":"category","embeddable":true,"href":"https:\/\/www.shqiperia.com\/blog\/wp-json\/wp\/v2\/categories?post=45560"},{"taxonomy":"post_tag","embeddable":true,"href":"https:\/\/www.shqiperia.com\/blog\/wp-json\/wp\/v2\/tags?post=45560"}],"curies":[{"name":"wp","href":"https:\/\/api.w.org\/{rel}","templated":true}]}}