{"id":45555,"date":"2021-03-20T23:46:04","date_gmt":"2021-03-20T23:46:04","guid":{"rendered":"https:\/\/www.shqiperia.com\/blog\/?p=45555"},"modified":"2021-03-20T23:46:04","modified_gmt":"2021-03-20T23:46:04","slug":"si-defteri-i-borgjlive-te-dyqaneve-paguaj-paret-shlyhet-emiri-i-monumentit","status":"publish","type":"post","link":"https:\/\/www.shqiperia.com\/blog\/si-defteri-i-borgjlive-te-dyqaneve-paguaj-paret-shlyhet-emiri-i-monumentit\/","title":{"rendered":"Si defteri i borgjlive te dyqaneve \u2013 Paguaj paret, shlyhet emiri (i Monumentit)."},"content":{"rendered":"<p><img data-recalc-dims=\"1\" loading=\"lazy\" decoding=\"async\" data-attachment-id=\"45558\" data-permalink=\"https:\/\/www.shqiperia.com\/blog\/si-defteri-i-borgjlive-te-dyqaneve-paguaj-paret-shlyhet-emiri-i-monumentit\/dy-ministret-2\/\" data-orig-file=\"https:\/\/i0.wp.com\/www.shqiperia.com\/blog\/wp-content\/uploads\/2021\/03\/Dy-Ministret-1.jpg?fit=1280%2C666&amp;ssl=1\" data-orig-size=\"1280,666\" data-comments-opened=\"1\" data-image-meta=\"{&quot;aperture&quot;:&quot;0&quot;,&quot;credit&quot;:&quot;&quot;,&quot;camera&quot;:&quot;&quot;,&quot;caption&quot;:&quot;&quot;,&quot;created_timestamp&quot;:&quot;0&quot;,&quot;copyright&quot;:&quot;&quot;,&quot;focal_length&quot;:&quot;0&quot;,&quot;iso&quot;:&quot;0&quot;,&quot;shutter_speed&quot;:&quot;0&quot;,&quot;title&quot;:&quot;&quot;,&quot;orientation&quot;:&quot;0&quot;}\" data-image-title=\"Dy Ministret\" data-image-description=\"\" data-image-caption=\"\" data-medium-file=\"https:\/\/i0.wp.com\/www.shqiperia.com\/blog\/wp-content\/uploads\/2021\/03\/Dy-Ministret-1.jpg?fit=300%2C156&amp;ssl=1\" data-large-file=\"https:\/\/i0.wp.com\/www.shqiperia.com\/blog\/wp-content\/uploads\/2021\/03\/Dy-Ministret-1.jpg?fit=1024%2C533&amp;ssl=1\" class=\"alignnone  wp-image-45558\" alt=\"\" src=\"https:\/\/i0.wp.com\/www.shqiperia.com\/blog\/wp-content\/uploads\/2021\/03\/Dy-Ministret-1.jpg?resize=558%2C290&#038;ssl=1\" width=\"558\" height=\"290\" srcset=\"https:\/\/i0.wp.com\/www.shqiperia.com\/blog\/wp-content\/uploads\/2021\/03\/Dy-Ministret-1.jpg?resize=300%2C156&amp;ssl=1 300w, https:\/\/i0.wp.com\/www.shqiperia.com\/blog\/wp-content\/uploads\/2021\/03\/Dy-Ministret-1.jpg?resize=1024%2C533&amp;ssl=1 1024w, https:\/\/i0.wp.com\/www.shqiperia.com\/blog\/wp-content\/uploads\/2021\/03\/Dy-Ministret-1.jpg?resize=768%2C400&amp;ssl=1 768w, https:\/\/i0.wp.com\/www.shqiperia.com\/blog\/wp-content\/uploads\/2021\/03\/Dy-Ministret-1.jpg?resize=450%2C234&amp;ssl=1 450w, https:\/\/i0.wp.com\/www.shqiperia.com\/blog\/wp-content\/uploads\/2021\/03\/Dy-Ministret-1.jpg?resize=600%2C312&amp;ssl=1 600w, https:\/\/i0.wp.com\/www.shqiperia.com\/blog\/wp-content\/uploads\/2021\/03\/Dy-Ministret-1.jpg?resize=400%2C208&amp;ssl=1 400w, https:\/\/i0.wp.com\/www.shqiperia.com\/blog\/wp-content\/uploads\/2021\/03\/Dy-Ministret-1.jpg?w=1280&amp;ssl=1 1280w\" sizes=\"auto, (max-width: 558px) 100vw, 558px\" \/><\/p>\n<p>Si defteri i borgjlive te dyqaneve \u2013 Paguaj paret, shlyhet emiri (i Monumentit).<\/p>\n<p>Lista e Monumenteve te Kultures ne doren e Elva Margaritit si defteri i borgjlive te dyqaneve \u2013 Paguaj paret, shlyhet emiri\u00a0 (i Monumentit).<\/p>\n<div id=\"attachment_45557\" style=\"width: 613px\" class=\"wp-caption alignnone\"><img data-recalc-dims=\"1\" loading=\"lazy\" decoding=\"async\" aria-describedby=\"caption-attachment-45557\" data-attachment-id=\"45557\" data-permalink=\"https:\/\/www.shqiperia.com\/blog\/si-defteri-i-borgjlive-te-dyqaneve-paguaj-paret-shlyhet-emiri-i-monumentit\/shkaterrohet-materniteti-monument-kulture\/\" data-orig-file=\"https:\/\/i0.wp.com\/www.shqiperia.com\/blog\/wp-content\/uploads\/2021\/03\/Shkaterrohet-Materniteti-Monument-Kulture.jpg?fit=700%2C525&amp;ssl=1\" data-orig-size=\"700,525\" data-comments-opened=\"1\" data-image-meta=\"{&quot;aperture&quot;:&quot;0&quot;,&quot;credit&quot;:&quot;&quot;,&quot;camera&quot;:&quot;&quot;,&quot;caption&quot;:&quot;&quot;,&quot;created_timestamp&quot;:&quot;0&quot;,&quot;copyright&quot;:&quot;&quot;,&quot;focal_length&quot;:&quot;0&quot;,&quot;iso&quot;:&quot;0&quot;,&quot;shutter_speed&quot;:&quot;0&quot;,&quot;title&quot;:&quot;&quot;,&quot;orientation&quot;:&quot;0&quot;}\" data-image-title=\"Shkaterrohet Materniteti &#8211; Monument Kulture\" data-image-description=\"\" data-image-caption=\"&lt;p&gt;Shkaterrohet Materniteti &#8211; Monument Kulture&lt;\/p&gt;\n\" data-medium-file=\"https:\/\/i0.wp.com\/www.shqiperia.com\/blog\/wp-content\/uploads\/2021\/03\/Shkaterrohet-Materniteti-Monument-Kulture.jpg?fit=300%2C225&amp;ssl=1\" data-large-file=\"https:\/\/i0.wp.com\/www.shqiperia.com\/blog\/wp-content\/uploads\/2021\/03\/Shkaterrohet-Materniteti-Monument-Kulture.jpg?fit=700%2C525&amp;ssl=1\" class=\" wp-image-45557\" alt=\"\" src=\"https:\/\/i0.wp.com\/www.shqiperia.com\/blog\/wp-content\/uploads\/2021\/03\/Shkaterrohet-Materniteti-Monument-Kulture.jpg?resize=603%2C454&#038;ssl=1\" width=\"603\" height=\"454\" srcset=\"https:\/\/i0.wp.com\/www.shqiperia.com\/blog\/wp-content\/uploads\/2021\/03\/Shkaterrohet-Materniteti-Monument-Kulture.jpg?resize=300%2C225&amp;ssl=1 300w, https:\/\/i0.wp.com\/www.shqiperia.com\/blog\/wp-content\/uploads\/2021\/03\/Shkaterrohet-Materniteti-Monument-Kulture.jpg?resize=450%2C338&amp;ssl=1 450w, https:\/\/i0.wp.com\/www.shqiperia.com\/blog\/wp-content\/uploads\/2021\/03\/Shkaterrohet-Materniteti-Monument-Kulture.jpg?resize=400%2C300&amp;ssl=1 400w\" sizes=\"auto, (max-width: 603px) 100vw, 603px\" \/><p id=\"caption-attachment-45557\" class=\"wp-caption-text\">Shkaterrohet Materniteti &#8211; Monument Kulture<\/p><\/div>\n","protected":false},"excerpt":{"rendered":"<p>Si defteri i borgjlive te dyqaneve \u2013 Paguaj paret, shlyhet emiri (i Monumentit). Lista e Monumenteve te Kultures ne doren e Elva Margaritit si defteri i borgjlive te dyqaneve \u2013 Paguaj paret, shlyhet emiri\u00a0 (i Monumentit).<\/p>\n","protected":false},"author":9,"featured_media":45557,"comment_status":"open","ping_status":"open","sticky":false,"template":"","format":"standard","meta":{"jetpack_post_was_ever_published":false,"_jetpack_newsletter_access":"","_jetpack_dont_email_post_to_subs":false,"_jetpack_newsletter_tier_id":0,"_jetpack_memberships_contains_paywalled_content":false,"_jetpack_memberships_contains_paid_content":false,"footnotes":"","jetpack_publicize_message":"","jetpack_publicize_feature_enabled":true,"jetpack_social_post_already_shared":true,"jetpack_social_options":{"image_generator_settings":{"template":"highway","default_image_id":0,"font":"","enabled":false},"version":2}},"categories":[10],"tags":[],"class_list":["post-45555","post","type-post","status-publish","format-standard","has-post-thumbnail","hentry","category-kultura"],"jetpack_publicize_connections":[],"jetpack_featured_media_url":"https:\/\/i0.wp.com\/www.shqiperia.com\/blog\/wp-content\/uploads\/2021\/03\/Shkaterrohet-Materniteti-Monument-Kulture.jpg?fit=700%2C525&ssl=1","jetpack_sharing_enabled":true,"jetpack_shortlink":"https:\/\/wp.me\/p5Z6wp-bQL","jetpack-related-posts":[{"id":40093,"url":"https:\/\/www.shqiperia.com\/blog\/brukseli-masa-te-rrepta-per-te-parandaluar-covid-mbyllja-e-dyqaneve-ne-oren-2000-shtetrrethim-gjate-nates-ne-dasma-jo-me-shume-se-10-te-ftuar\/","url_meta":{"origin":45555,"position":0},"title":"Brukseli masa t\u00eb rrepta p\u00ebr t\u00eb parandaluar COVID. &#8211; Mbyllja e dyqaneve n\u00eb or\u00ebn 20:00, shtetrrethim gjat\u00eb nat\u00ebs! N\u00eb dasma jo m\u00eb shum\u00eb se 10 t\u00eb ftuar!","author":"Kurt Farka","date":"October 24, 2020","format":false,"excerpt":"Brukseli masa t\u00eb rrepta p\u00ebr t\u00eb parandaluar COVID. - Mbyllja e dyqaneve n\u00eb or\u00ebn 20:00, shtetrrethim gjat\u00eb nat\u00ebs! N\u00eb dasma jo m\u00eb shum\u00eb se 10 t\u00eb ftuar! 24 Tetor, 21:08 Masa m\u00eb t\u00eb rrepta do t\u00eb zbatohen nga e h\u00ebna 26 tetor n\u00eb Bruksel, n\u00eb nj\u00eb p\u00ebrpjekje p\u00ebr t\u00eb ndaluar\u2026","rel":"","context":"In &quot;Blogu i Udh\u00ebtarit&quot;","block_context":{"text":"Blogu i Udh\u00ebtarit","link":"https:\/\/www.shqiperia.com\/blog\/category\/blogu-i-udhetarit\/"},"img":{"alt_text":"","src":"https:\/\/i0.wp.com\/www.shqiperia.com\/blog\/wp-content\/uploads\/2020\/10\/1603566523_Screenshot4.jpg?fit=780%2C440&ssl=1&resize=350%2C200","width":350,"height":200,"srcset":"https:\/\/i0.wp.com\/www.shqiperia.com\/blog\/wp-content\/uploads\/2020\/10\/1603566523_Screenshot4.jpg?fit=780%2C440&ssl=1&resize=350%2C200 1x, https:\/\/i0.wp.com\/www.shqiperia.com\/blog\/wp-content\/uploads\/2020\/10\/1603566523_Screenshot4.jpg?fit=780%2C440&ssl=1&resize=525%2C300 1.5x, https:\/\/i0.wp.com\/www.shqiperia.com\/blog\/wp-content\/uploads\/2020\/10\/1603566523_Screenshot4.jpg?fit=780%2C440&ssl=1&resize=700%2C400 2x"},"classes":[]},{"id":63701,"url":"https:\/\/www.shqiperia.com\/blog\/rama-do-rrisim-ndjeshem-edhe-gjobat-per-konfirmon-rritjen-e-cmimit-te-energjise-elektrike\/","url_meta":{"origin":45555,"position":1},"title":"Rama: -Do rrisim ndjesh\u00ebm edhe gjobat p\u00ebr\u2026 &#8211; Konfirmon rritjen e \u00e7mimit t\u00eb energjis\u00eb elektrike","author":"Kurt Farka","date":"October 28, 2022","format":false,"excerpt":"28 Tetor 2022 Kryeministri Edi Rama ka konfirmuar rritjen e energjis\u00eb elektrike, vendim i cili u mor sot nga ERE. Nga Bulqiza, kreu i qeveris\u00eb u shpreh se pavar\u00ebsisht k\u00ebsaj, qeveria do vazhdoj\u00eb me mburoj\u00eb financiare. Rama u shpreh se ERE ka rritur \u00e7mimin nga 42 lek\u00eb n\u00eb 44, nj\u00eb\u2026","rel":"","context":"In &quot;Blogu i Udh\u00ebtarit&quot;","block_context":{"text":"Blogu i Udh\u00ebtarit","link":"https:\/\/www.shqiperia.com\/blog\/category\/blogu-i-udhetarit\/"},"img":{"alt_text":"","src":"https:\/\/i0.wp.com\/www.shqiperia.com\/blog\/wp-content\/uploads\/2022\/10\/ilir-meta-tedi-blushi-edi-rama-Copy.jpg?resize=350%2C200&ssl=1","width":350,"height":200},"classes":[]},{"id":41880,"url":"https:\/\/www.shqiperia.com\/blog\/protestuesit-nuk-jane-aty-nga-dashuria-e-madhe-per-bashen-e-kryemadhin-gazetari-i-njohur-nuk-ka-lek-qe-te-paguaj\/","url_meta":{"origin":45555,"position":2},"title":"\u201cProtestuesit nuk jan\u00eb aty nga dashuria e madhe p\u00ebr Bash\u00ebn e Kryemadhin\u201d, gazetari i njohur: Nuk ka lek q\u00eb t\u00eb paguaj&#8230;","author":"Kurt Farka","date":"December 14, 2020","format":false,"excerpt":"\u201cProtestuesit nuk jan\u00eb aty nga dashuria e madhe p\u00ebr Bash\u00ebn e Kryemadhin\u201d, gazetari i njohur: Nuk ka lek q\u00eb t\u00eb paguaj... 14 DHJETOR 2020 Gazetari i njohur, Mentor Kikia, \u00ebsht\u00eb shprehur se protesta p\u00ebr vrasjen e 25-vje\u00e7arit, Klodian Rasha, \u00ebsht\u00eb legjitime. \u201c\u00c7do protest\u00eb \u00ebsht\u00eb politike, \u00ebsht\u00eb n\u00eb dobi t\u00eb shoq\u00ebris\u00eb,\u2026","rel":"","context":"In &quot;Blogu i Udh\u00ebtarit&quot;","block_context":{"text":"Blogu i Udh\u00ebtarit","link":"https:\/\/www.shqiperia.com\/blog\/category\/blogu-i-udhetarit\/"},"img":{"alt_text":"","src":"https:\/\/i0.wp.com\/www.shqiperia.com\/blog\/wp-content\/uploads\/2020\/12\/640-0-5fd760c3a534f.jpeg?fit=640%2C348&ssl=1&resize=350%2C200","width":350,"height":200,"srcset":"https:\/\/i0.wp.com\/www.shqiperia.com\/blog\/wp-content\/uploads\/2020\/12\/640-0-5fd760c3a534f.jpeg?fit=640%2C348&ssl=1&resize=350%2C200 1x, https:\/\/i0.wp.com\/www.shqiperia.com\/blog\/wp-content\/uploads\/2020\/12\/640-0-5fd760c3a534f.jpeg?fit=640%2C348&ssl=1&resize=525%2C300 1.5x"},"classes":[]},{"id":44630,"url":"https:\/\/www.shqiperia.com\/blog\/japonia-merr-vendimin-ja-sa-do-i-paguaj-familjet-nese-i-afermi-i-tyre-vdes-nga-vaksina-kunder-covid\/","url_meta":{"origin":45555,"position":3},"title":"Japonia merr vendimin, ja sa do i paguaj familjet, n\u00ebse i af\u00ebrmi i tyre vdes nga vaksina kund\u00ebr COVID","author":"Kurt Farka","date":"February 24, 2021","format":false,"excerpt":"Japonia merr vendimin, ja sa do i paguaj familjet, n\u00ebse i af\u00ebrmi i tyre vdes nga vaksina kund\u00ebr COVID 24 SHKURT 2021 Autoritetet japoneze do t'i paguajn\u00eb nj\u00eb familje shum\u00ebn prej 44.2 milion jen, n\u00ebse ata humbin nj\u00eb familjar\u00eb t\u00eb pas marrjes s\u00eb vaksin\u00ebs kund\u00ebr Covid-19. Shifra, e cila \u00ebsht\u00eb\u2026","rel":"","context":"In &quot;Blogu i Udh\u00ebtarit&quot;","block_context":{"text":"Blogu i Udh\u00ebtarit","link":"https:\/\/www.shqiperia.com\/blog\/category\/blogu-i-udhetarit\/"},"img":{"alt_text":"","src":"https:\/\/i0.wp.com\/www.shqiperia.com\/blog\/wp-content\/uploads\/2021\/02\/640-0-6036b91326c2e.png?fit=640%2C329&ssl=1&resize=350%2C200","width":350,"height":200,"srcset":"https:\/\/i0.wp.com\/www.shqiperia.com\/blog\/wp-content\/uploads\/2021\/02\/640-0-6036b91326c2e.png?fit=640%2C329&ssl=1&resize=350%2C200 1x, https:\/\/i0.wp.com\/www.shqiperia.com\/blog\/wp-content\/uploads\/2021\/02\/640-0-6036b91326c2e.png?fit=640%2C329&ssl=1&resize=525%2C300 1.5x"},"classes":[]},{"id":60904,"url":"https:\/\/www.shqiperia.com\/blog\/tregoni-ku-i-cuat-parate-qe-ju-kemi-besuar-dhe-behet-fjale-per-qindra-milione-euro-ju-thoni-paguaj-ti-qe-te-vjedhim-ne\/","url_meta":{"origin":45555,"position":4},"title":"Tregoni ku i \u00e7uat parat\u00eb q\u00eb ju kemi besuar! Dhe b\u00ebhet fjal\u00eb p\u00ebr qindra milion\u00eb euro. Ju thoni: paguaj ti, q\u00eb t\u00eb vjedhim ne.","author":"Kurt Farka","date":"August 9, 2022","format":false,"excerpt":"9 Gsht 2022 Nga Erion Kristo. Mora vesh q\u00eb tatimet do kontrollojn\u00eb mediat, sigurimet dhe universitetet p\u00ebr pagat. Atyre u duket se ka abuzime. Jemi dakord. Ta luftojm\u00eb abuzimin. Por p\u00ebrpara se t\u00eb nxjerrim dhjam\u00eb nga pleshti, a mund t\u00eb m\u00eb thon\u00eb tatimet dhe qeveria: a keni nxjerr\u00eb p\u00ebrgjegj\u00ebsit\u00eb tuaja\u2026","rel":"","context":"In &quot;Blogu i Udh\u00ebtarit&quot;","block_context":{"text":"Blogu i Udh\u00ebtarit","link":"https:\/\/www.shqiperia.com\/blog\/category\/blogu-i-udhetarit\/"},"img":{"alt_text":"","src":"https:\/\/i0.wp.com\/www.shqiperia.com\/blog\/wp-content\/uploads\/2022\/08\/erion-kristo.jpg?fit=590%2C354&ssl=1&resize=350%2C200","width":350,"height":200,"srcset":"https:\/\/i0.wp.com\/www.shqiperia.com\/blog\/wp-content\/uploads\/2022\/08\/erion-kristo.jpg?fit=590%2C354&ssl=1&resize=350%2C200 1x, https:\/\/i0.wp.com\/www.shqiperia.com\/blog\/wp-content\/uploads\/2022\/08\/erion-kristo.jpg?fit=590%2C354&ssl=1&resize=525%2C300 1.5x"},"classes":[]},{"id":94163,"url":"https:\/\/www.shqiperia.com\/blog\/kam-32-vite-gjyqeve-vajza-e-lasgush-poradecit-probleme-me-pronat-si-duhet-te-sillem-une\/","url_meta":{"origin":45555,"position":5},"title":"\u201cKam 32 vite gjyqeve\u201d, vajza e Lasgush Poradecit probleme me pronat: &#8211; Si duhet t\u00eb sillem un\u00eb!?","author":"Kurt Farka","date":"October 8, 2025","format":false,"excerpt":"8 Tetor 2025 Vajza e poetit t\u00eb njohur Lasgush Poradeci, Maria, ka reaguar ashp\u00ebr ndaj institucioneve t\u00eb drejt\u00ebsis\u00eb, duke denoncuar at\u00eb q\u00eb e quan \u201c32 vite vuajtje, gjyqe dhe korrupsion\u201d p\u00ebr nj\u00eb pron\u00eb familjare n\u00eb Pogradecit. P\u00ebrmes nj\u00eb postimi n\u00eb rrjetet sociale ajo shprehet se nuk po gjen t\u00eb drejt\u00ebn\u2026","rel":"","context":"In &quot;Blogu i Udh\u00ebtarit&quot;","block_context":{"text":"Blogu i Udh\u00ebtarit","link":"https:\/\/www.shqiperia.com\/blog\/category\/blogu-i-udhetarit\/"},"img":{"alt_text":"","src":"https:\/\/i0.wp.com\/www.shqiperia.com\/blog\/wp-content\/uploads\/2025\/10\/640-0-fghg-1759914839_sd-800x450-1.jpg?fit=800%2C450&ssl=1&resize=350%2C200","width":350,"height":200,"srcset":"https:\/\/i0.wp.com\/www.shqiperia.com\/blog\/wp-content\/uploads\/2025\/10\/640-0-fghg-1759914839_sd-800x450-1.jpg?fit=800%2C450&ssl=1&resize=350%2C200 1x, https:\/\/i0.wp.com\/www.shqiperia.com\/blog\/wp-content\/uploads\/2025\/10\/640-0-fghg-1759914839_sd-800x450-1.jpg?fit=800%2C450&ssl=1&resize=525%2C300 1.5x, https:\/\/i0.wp.com\/www.shqiperia.com\/blog\/wp-content\/uploads\/2025\/10\/640-0-fghg-1759914839_sd-800x450-1.jpg?fit=800%2C450&ssl=1&resize=700%2C400 2x"},"classes":[]}],"_links":{"self":[{"href":"https:\/\/www.shqiperia.com\/blog\/wp-json\/wp\/v2\/posts\/45555","targetHints":{"allow":["GET"]}}],"collection":[{"href":"https:\/\/www.shqiperia.com\/blog\/wp-json\/wp\/v2\/posts"}],"about":[{"href":"https:\/\/www.shqiperia.com\/blog\/wp-json\/wp\/v2\/types\/post"}],"author":[{"embeddable":true,"href":"https:\/\/www.shqiperia.com\/blog\/wp-json\/wp\/v2\/users\/9"}],"replies":[{"embeddable":true,"href":"https:\/\/www.shqiperia.com\/blog\/wp-json\/wp\/v2\/comments?post=45555"}],"version-history":[{"count":1,"href":"https:\/\/www.shqiperia.com\/blog\/wp-json\/wp\/v2\/posts\/45555\/revisions"}],"predecessor-version":[{"id":45559,"href":"https:\/\/www.shqiperia.com\/blog\/wp-json\/wp\/v2\/posts\/45555\/revisions\/45559"}],"wp:featuredmedia":[{"embeddable":true,"href":"https:\/\/www.shqiperia.com\/blog\/wp-json\/wp\/v2\/media\/45557"}],"wp:attachment":[{"href":"https:\/\/www.shqiperia.com\/blog\/wp-json\/wp\/v2\/media?parent=45555"}],"wp:term":[{"taxonomy":"category","embeddable":true,"href":"https:\/\/www.shqiperia.com\/blog\/wp-json\/wp\/v2\/categories?post=45555"},{"taxonomy":"post_tag","embeddable":true,"href":"https:\/\/www.shqiperia.com\/blog\/wp-json\/wp\/v2\/tags?post=45555"}],"curies":[{"name":"wp","href":"https:\/\/api.w.org\/{rel}","templated":true}]}}