{"id":45548,"date":"2021-03-20T23:03:17","date_gmt":"2021-03-20T23:03:17","guid":{"rendered":"https:\/\/www.shqiperia.com\/blog\/?p=45548"},"modified":"2022-04-14T12:34:46","modified_gmt":"2022-04-14T12:34:46","slug":"vula-e-pleqesise-se-arberit-kabash-puke-26-mars-1609-artefakte-histori-413-vite-me-pare","status":"publish","type":"post","link":"https:\/\/www.shqiperia.com\/blog\/vula-e-pleqesise-se-arberit-kabash-puke-26-mars-1609-artefakte-histori-413-vite-me-pare\/","title":{"rendered":"Vula e Pleqesise se Arberit. Kabash, Puke, 26 mars 1609 &#8211; Artefakte Histori:  413 vite me pare."},"content":{"rendered":"<div style=\"font-family: 'Segoe UI Historic', 'Segoe UI', Helvetica, Arial, sans-serif;color: #050505;font-size: 15px\" class=\"\" data-block=\"true\" data-editor=\"fd4i1\" data-offset-key=\"4105u-0-0\">\n<div data-offset-key=\"4105u-0-0\">\n<div id=\"attachment_45549\" style=\"width: 507px\" class=\"wp-caption alignnone\"><img data-recalc-dims=\"1\" loading=\"lazy\" decoding=\"async\" aria-describedby=\"caption-attachment-45549\" data-attachment-id=\"45549\" data-permalink=\"https:\/\/www.shqiperia.com\/blog\/vula-e-pleqesise-se-arberit-kabash-puke-26-mars-1609-artefakte-histori-413-vite-me-pare\/01-2-2\/\" data-orig-file=\"https:\/\/i0.wp.com\/www.shqiperia.com\/blog\/wp-content\/uploads\/2021\/03\/01-2-scaled.jpg?fit=2560%2C1341&amp;ssl=1\" data-orig-size=\"2560,1341\" data-comments-opened=\"1\" data-image-meta=\"{&quot;aperture&quot;:&quot;1.7&quot;,&quot;credit&quot;:&quot;&quot;,&quot;camera&quot;:&quot;SM-N950F&quot;,&quot;caption&quot;:&quot;&quot;,&quot;created_timestamp&quot;:&quot;1616283953&quot;,&quot;copyright&quot;:&quot;&quot;,&quot;focal_length&quot;:&quot;4.3&quot;,&quot;iso&quot;:&quot;50&quot;,&quot;shutter_speed&quot;:&quot;0.02&quot;,&quot;title&quot;:&quot;&quot;,&quot;orientation&quot;:&quot;0&quot;}\" data-image-title=\"01 (2)\" data-image-description=\"\" data-image-caption=\"&lt;p&gt;Artefakte Histori: &#8211; 412 vite me pare.&lt;\/p&gt;\n\" data-medium-file=\"https:\/\/i0.wp.com\/www.shqiperia.com\/blog\/wp-content\/uploads\/2021\/03\/01-2-scaled.jpg?fit=300%2C157&amp;ssl=1\" data-large-file=\"https:\/\/i0.wp.com\/www.shqiperia.com\/blog\/wp-content\/uploads\/2021\/03\/01-2-scaled.jpg?fit=1024%2C536&amp;ssl=1\" class=\" wp-image-45549\" alt=\"\" src=\"https:\/\/i0.wp.com\/www.shqiperia.com\/blog\/wp-content\/uploads\/2021\/03\/01-2.jpg?resize=497%2C260&#038;ssl=1\" width=\"497\" height=\"260\" srcset=\"https:\/\/i0.wp.com\/www.shqiperia.com\/blog\/wp-content\/uploads\/2021\/03\/01-2-scaled.jpg?resize=300%2C157&amp;ssl=1 300w, https:\/\/i0.wp.com\/www.shqiperia.com\/blog\/wp-content\/uploads\/2021\/03\/01-2-scaled.jpg?resize=1024%2C536&amp;ssl=1 1024w, https:\/\/i0.wp.com\/www.shqiperia.com\/blog\/wp-content\/uploads\/2021\/03\/01-2-scaled.jpg?resize=768%2C402&amp;ssl=1 768w, https:\/\/i0.wp.com\/www.shqiperia.com\/blog\/wp-content\/uploads\/2021\/03\/01-2-scaled.jpg?resize=1536%2C805&amp;ssl=1 1536w, https:\/\/i0.wp.com\/www.shqiperia.com\/blog\/wp-content\/uploads\/2021\/03\/01-2-scaled.jpg?resize=2048%2C1073&amp;ssl=1 2048w, https:\/\/i0.wp.com\/www.shqiperia.com\/blog\/wp-content\/uploads\/2021\/03\/01-2-scaled.jpg?resize=2000%2C1048&amp;ssl=1 2000w, https:\/\/i0.wp.com\/www.shqiperia.com\/blog\/wp-content\/uploads\/2021\/03\/01-2-scaled.jpg?resize=450%2C236&amp;ssl=1 450w, https:\/\/i0.wp.com\/www.shqiperia.com\/blog\/wp-content\/uploads\/2021\/03\/01-2-scaled.jpg?resize=600%2C314&amp;ssl=1 600w, https:\/\/i0.wp.com\/www.shqiperia.com\/blog\/wp-content\/uploads\/2021\/03\/01-2-scaled.jpg?resize=1500%2C786&amp;ssl=1 1500w, https:\/\/i0.wp.com\/www.shqiperia.com\/blog\/wp-content\/uploads\/2021\/03\/01-2-scaled.jpg?resize=1300%2C681&amp;ssl=1 1300w, https:\/\/i0.wp.com\/www.shqiperia.com\/blog\/wp-content\/uploads\/2021\/03\/01-2-scaled.jpg?resize=400%2C210&amp;ssl=1 400w\" sizes=\"auto, (max-width: 497px) 100vw, 497px\" \/><p id=\"caption-attachment-45549\" class=\"wp-caption-text\">Artefakte Histori: &#8211; 413 vite me pare.<\/p><\/div>\n<\/div>\n<\/div>\n<div style=\"font-family: 'Segoe UI Historic', 'Segoe UI', Helvetica, Arial, sans-serif;color: #050505;font-size: 15px\" class=\"\" data-block=\"true\" data-editor=\"fd4i1\" data-offset-key=\"dkj5l-0-0\">\n<div style=\"direction: ltr;font-family: inherit\" class=\"_1mf _1mj\" data-offset-key=\"dkj5l-0-0\">\n<div>Vule e Pleqesise se Arberit dhe nje leter e vulosur me te ne Shenpal, Kabash, Puke, 26 mars 1609.<\/div>\n<div>\u00a0Artefakte Histori: \u2013 413 vite me pare.<\/div>\n<div>&#8211; Nga: Jaho Brahaj<\/div>\n<div>\u2013 Vula eshte me Shqiponjen Dykrenare ku ruhet pothuajse e njejte forma grafike e shqiponjes se vules se Gjergj Kastrioti SKenderbeu, ka disa shenja shtese.<\/div>\n<div>&#8211; Letra ne fjale eshte hartuar nga Krenet (Kreret) Shqiptar ne Kabash, Puke, 26 mars 1609 dhe i drejtohet Mbretit Filip te Spanjes. Me ane te kesaj letre paraqesin (kreret) ipeshkvin Nikoll Mekajshi si perfaqesues e si Ambasador.<\/div>\n<div>Letra ne emer te Krereve eshte shkruar dhe vulosur nga Dom Pjeter Zeza, Abat ne Shen Pal, Kabash.<\/div>\n<div>Pjeter Zeza ishte pinjoll i deres se lashte fisnike Zeza me titullin Sevast dikur, dhe nga kjo dere ka shume bije qe mbanin titullin Abat te ketij manastiri i cili ne dokumente te shekujve me pare vertetohet se nga kjo Abaci jane shuguruar edhe prifterinje, sepse kjo abaci me titullin \u201cAbaci e Mitruar\u201d, pra kishte shkolle teologjike (prifterore).<\/div>\n<div>Per kete vule se pari eshte shkruar ne Revisten Leka, dhe nga dokumentet e hulumtuara ne vazhdimsi i dihet edhe punishtja ku u punu (formesu).<\/div>\n<div>&#8211; Eshte Vula me te cilen u vulosen para kesaj date, me 15 shkurt 1602 Aktet e Kuvendit te Dukagjinit nga Kreret, ku ne emer te Zadrimes dhe Lezhes ka firmosur Teta (Shtjefen) Zeza po i kesaj dere nga eshte dhe Pal Zeza Abat &#8211; dhe njekohesisht Sekretar per ceshtjet qe vendosnin Kreret Shqiptare.<\/div>\n<div>Ne Arkivin e Vatikanit ruhet gjurma e saj e vulosur ne dyll, sipas praktikave te asaj kohe.<\/div>\n<div>\n<div id=\"attachment_56707\" style=\"width: 618px\" class=\"wp-caption alignnone\"><img data-recalc-dims=\"1\" loading=\"lazy\" decoding=\"async\" aria-describedby=\"caption-attachment-56707\" data-attachment-id=\"56707\" data-permalink=\"https:\/\/www.shqiperia.com\/blog\/vula-e-pleqesise-se-arberit-kabash-puke-26-mars-1609-artefakte-histori-413-vite-me-pare\/vula-e-pleqesise-se-arberit-kabash-puke-26-mars-1609\/\" data-orig-file=\"https:\/\/i0.wp.com\/www.shqiperia.com\/blog\/wp-content\/uploads\/2021\/03\/Vula-e-Pleqesise-se-Arberit.-Kabash-Puke-26-mars-1609.jpg?fit=960%2C927&amp;ssl=1\" data-orig-size=\"960,927\" data-comments-opened=\"1\" data-image-meta=\"{&quot;aperture&quot;:&quot;0&quot;,&quot;credit&quot;:&quot;&quot;,&quot;camera&quot;:&quot;&quot;,&quot;caption&quot;:&quot;&quot;,&quot;created_timestamp&quot;:&quot;0&quot;,&quot;copyright&quot;:&quot;&quot;,&quot;focal_length&quot;:&quot;0&quot;,&quot;iso&quot;:&quot;0&quot;,&quot;shutter_speed&quot;:&quot;0&quot;,&quot;title&quot;:&quot;&quot;,&quot;orientation&quot;:&quot;0&quot;}\" data-image-title=\"Vula e Pleqesise se Arberit. Kabash, Puke 26 mars 1609\" data-image-description=\"\" data-image-caption=\"&lt;p&gt;Vula e Pleqesise se Arberit. Kabash, Puke 26 mars 1609&lt;\/p&gt;\n\" data-medium-file=\"https:\/\/i0.wp.com\/www.shqiperia.com\/blog\/wp-content\/uploads\/2021\/03\/Vula-e-Pleqesise-se-Arberit.-Kabash-Puke-26-mars-1609.jpg?fit=300%2C290&amp;ssl=1\" data-large-file=\"https:\/\/i0.wp.com\/www.shqiperia.com\/blog\/wp-content\/uploads\/2021\/03\/Vula-e-Pleqesise-se-Arberit.-Kabash-Puke-26-mars-1609.jpg?fit=960%2C927&amp;ssl=1\" class=\" wp-image-56707\" alt=\"\" src=\"https:\/\/i0.wp.com\/www.shqiperia.com\/blog\/wp-content\/uploads\/2021\/03\/Vula-e-Pleqesise-se-Arberit.-Kabash-Puke-26-mars-1609.jpg?resize=608%2C588&#038;ssl=1\" width=\"608\" height=\"588\" srcset=\"https:\/\/i0.wp.com\/www.shqiperia.com\/blog\/wp-content\/uploads\/2021\/03\/Vula-e-Pleqesise-se-Arberit.-Kabash-Puke-26-mars-1609.jpg?resize=300%2C290&amp;ssl=1 300w, https:\/\/i0.wp.com\/www.shqiperia.com\/blog\/wp-content\/uploads\/2021\/03\/Vula-e-Pleqesise-se-Arberit.-Kabash-Puke-26-mars-1609.jpg?resize=768%2C742&amp;ssl=1 768w, https:\/\/i0.wp.com\/www.shqiperia.com\/blog\/wp-content\/uploads\/2021\/03\/Vula-e-Pleqesise-se-Arberit.-Kabash-Puke-26-mars-1609.jpg?resize=450%2C435&amp;ssl=1 450w, https:\/\/i0.wp.com\/www.shqiperia.com\/blog\/wp-content\/uploads\/2021\/03\/Vula-e-Pleqesise-se-Arberit.-Kabash-Puke-26-mars-1609.jpg?resize=600%2C579&amp;ssl=1 600w, https:\/\/i0.wp.com\/www.shqiperia.com\/blog\/wp-content\/uploads\/2021\/03\/Vula-e-Pleqesise-se-Arberit.-Kabash-Puke-26-mars-1609.jpg?resize=400%2C386&amp;ssl=1 400w, https:\/\/i0.wp.com\/www.shqiperia.com\/blog\/wp-content\/uploads\/2021\/03\/Vula-e-Pleqesise-se-Arberit.-Kabash-Puke-26-mars-1609.jpg?w=960&amp;ssl=1 960w\" sizes=\"auto, (max-width: 608px) 100vw, 608px\" \/><p id=\"caption-attachment-56707\" class=\"wp-caption-text\">Vula e Pleqesise se Arberit. Kabash, Puke, 26 mars 1609<\/p><\/div>\n<\/div>\n<div>Per kete vule kemi shkruar edhe me pare, por ne vazhdimesi do shkruajme, per pershkrimin e saje dhe per disa Akt-kredenciale qe jane vulosur me te.<\/div>\n<\/div>\n<\/div>\n","protected":false},"excerpt":{"rendered":"<p>Vule e Pleqesise se Arberit dhe nje leter e vulosur me te ne Shenpal, Kabash, Puke, 26 mars 1609. \u00a0Artefakte Histori: \u2013 413 vite me pare. &#8211; Nga: Jaho Brahaj \u2013 Vula eshte me Shqiponjen Dykrenare ku ruhet pothuajse e njejte forma grafike e shqiponjes se vules se Gjergj Kastrioti SKenderbeu, ka disa shenja shtese. [&hellip;]<\/p>\n","protected":false},"author":9,"featured_media":45549,"comment_status":"open","ping_status":"open","sticky":false,"template":"","format":"standard","meta":{"jetpack_post_was_ever_published":false,"_jetpack_newsletter_access":"","_jetpack_dont_email_post_to_subs":false,"_jetpack_newsletter_tier_id":0,"_jetpack_memberships_contains_paywalled_content":false,"_jetpack_memberships_contains_paid_content":false,"footnotes":"","jetpack_publicize_message":"","jetpack_publicize_feature_enabled":true,"jetpack_social_post_already_shared":true,"jetpack_social_options":{"image_generator_settings":{"template":"highway","default_image_id":0,"font":"","enabled":false},"version":2}},"categories":[85,10,86],"tags":[],"class_list":["post-45548","post","type-post","status-publish","format-standard","has-post-thumbnail","hentry","category-histori","category-kultura","category-trashegimi-kulturore"],"jetpack_publicize_connections":[],"jetpack_featured_media_url":"https:\/\/i0.wp.com\/www.shqiperia.com\/blog\/wp-content\/uploads\/2021\/03\/01-2-scaled.jpg?fit=2560%2C1341&ssl=1","jetpack_sharing_enabled":true,"jetpack_shortlink":"https:\/\/wp.me\/p5Z6wp-bQE","jetpack-related-posts":[{"id":98838,"url":"https:\/\/www.shqiperia.com\/blog\/album-foto-kisha-e-shen-palit-kabash-puke-monument-kulture\/","url_meta":{"origin":45548,"position":0},"title":"Album Foto: &#8211; Kisha e Sh\u00ebn Palit Kabash, Puk\u00eb, Monument Kulture","author":"Kurt Farka","date":"March 30, 2026","format":false,"excerpt":"Kisha e Sh\u00ebn Palit Kabash gjendet n\u00eb fshatin malor, Kabash. Kisha e Sh\u00ebn Palit daton q\u00eb n\u00eb shekullin e II e.s, dhe \u00ebsht\u00eb shpallur Monument Kulture m\u00eb dat\u00eb 5 N\u00ebntor 1984. Fshati Kabash, n\u00eb ate periudh\u00eb kohore, ishte nj\u00eb qend\u00ebr e r\u00ebnd\u00ebsishme, jo vet\u00ebm p\u00ebr zon\u00ebn e Puk\u00ebs, por edhe\u2026","rel":"","context":"In &quot;Arte&quot;","block_context":{"text":"Arte","link":"https:\/\/www.shqiperia.com\/blog\/category\/arte\/"},"img":{"alt_text":"","src":"https:\/\/i0.wp.com\/www.shqiperia.com\/blog\/wp-content\/uploads\/2026\/03\/65be565200d7a-WhatsApp-Image-2024-02-03-at-3.05.04-PM-3.jpeg?fit=1200%2C721&ssl=1&resize=350%2C200","width":350,"height":200,"srcset":"https:\/\/i0.wp.com\/www.shqiperia.com\/blog\/wp-content\/uploads\/2026\/03\/65be565200d7a-WhatsApp-Image-2024-02-03-at-3.05.04-PM-3.jpeg?fit=1200%2C721&ssl=1&resize=350%2C200 1x, https:\/\/i0.wp.com\/www.shqiperia.com\/blog\/wp-content\/uploads\/2026\/03\/65be565200d7a-WhatsApp-Image-2024-02-03-at-3.05.04-PM-3.jpeg?fit=1200%2C721&ssl=1&resize=525%2C300 1.5x, https:\/\/i0.wp.com\/www.shqiperia.com\/blog\/wp-content\/uploads\/2026\/03\/65be565200d7a-WhatsApp-Image-2024-02-03-at-3.05.04-PM-3.jpeg?fit=1200%2C721&ssl=1&resize=700%2C400 2x, https:\/\/i0.wp.com\/www.shqiperia.com\/blog\/wp-content\/uploads\/2026\/03\/65be565200d7a-WhatsApp-Image-2024-02-03-at-3.05.04-PM-3.jpeg?fit=1200%2C721&ssl=1&resize=1050%2C600 3x"},"classes":[]},{"id":35788,"url":"https:\/\/www.shqiperia.com\/blog\/kisha-ne-truallin-e-abacise-se-shen-palit-kabash-puke-2-foto\/","url_meta":{"origin":45548,"position":1},"title":"Kisha ne truallin e Abacise se Sh\u00ebn Palit, Kabash, Puke. (2 foto).","author":"Kurt Farka","date":"June 17, 2020","format":false,"excerpt":"Kisha ne truallin e Abacise se Sh\u00ebn Palit, Kabash, Puke me pasuri arkeologjike te pa germuar dhe e pa studiuar. Foto: Enklajd Zeneli, 2020. Huazuar nga: \"PUKA nd\u00ebr vite\".","rel":"","context":"In &quot;Histori&quot;","block_context":{"text":"Histori","link":"https:\/\/www.shqiperia.com\/blog\/category\/histori\/"},"img":{"alt_text":"","src":"https:\/\/i0.wp.com\/www.shqiperia.com\/blog\/wp-content\/uploads\/2020\/06\/82173449_874361173062573_140678814807097344_o-Copy.jpg?fit=718%2C419&ssl=1&resize=350%2C200","width":350,"height":200,"srcset":"https:\/\/i0.wp.com\/www.shqiperia.com\/blog\/wp-content\/uploads\/2020\/06\/82173449_874361173062573_140678814807097344_o-Copy.jpg?fit=718%2C419&ssl=1&resize=350%2C200 1x, https:\/\/i0.wp.com\/www.shqiperia.com\/blog\/wp-content\/uploads\/2020\/06\/82173449_874361173062573_140678814807097344_o-Copy.jpg?fit=718%2C419&ssl=1&resize=525%2C300 1.5x, https:\/\/i0.wp.com\/www.shqiperia.com\/blog\/wp-content\/uploads\/2020\/06\/82173449_874361173062573_140678814807097344_o-Copy.jpg?fit=718%2C419&ssl=1&resize=700%2C400 2x"},"classes":[]},{"id":53512,"url":"https:\/\/www.shqiperia.com\/blog\/new-yorku-kthen-ne-irak-artefakte-te-trafikuara\/","url_meta":{"origin":45548,"position":2},"title":"New Yorku kthen n\u00eb Irak artefakte t\u00eb trafikuara","author":"Kurt Farka","date":"January 26, 2022","format":false,"excerpt":"New Yorku kthen n\u00eb Irak artefakte t\u00eb trafikuara 20 janar 2022 Dy nga artefaktet e ekspozuara, si pjes\u00eb t\u00eb koleksionit t\u00eb sekuestruar q\u00eb iu rikthyen Irakut, jan\u00eb objekte t\u00eb tregtuara jasht\u00ebligjsh\u00ebm nga miliarderi Michael Steinhardt Zyrtar\u00eb nga Iraku dhe Zyra e Prokurorit t\u00eb Qarkut n\u00eb Manhattan u mblodh\u00ebn p\u00ebr t\u00eb\u2026","rel":"","context":"In &quot;Blogu i Udh\u00ebtarit&quot;","block_context":{"text":"Blogu i Udh\u00ebtarit","link":"https:\/\/www.shqiperia.com\/blog\/category\/blogu-i-udhetarit\/"},"img":{"alt_text":"","src":"https:\/\/i0.wp.com\/www.shqiperia.com\/blog\/wp-content\/uploads\/2022\/01\/auto_IrakuArtefakte1642630979.png?fit=773%2C419&ssl=1&resize=350%2C200","width":350,"height":200,"srcset":"https:\/\/i0.wp.com\/www.shqiperia.com\/blog\/wp-content\/uploads\/2022\/01\/auto_IrakuArtefakte1642630979.png?fit=773%2C419&ssl=1&resize=350%2C200 1x, https:\/\/i0.wp.com\/www.shqiperia.com\/blog\/wp-content\/uploads\/2022\/01\/auto_IrakuArtefakte1642630979.png?fit=773%2C419&ssl=1&resize=525%2C300 1.5x, https:\/\/i0.wp.com\/www.shqiperia.com\/blog\/wp-content\/uploads\/2022\/01\/auto_IrakuArtefakte1642630979.png?fit=773%2C419&ssl=1&resize=700%2C400 2x"},"classes":[]},{"id":95523,"url":"https:\/\/www.shqiperia.com\/blog\/pas-luvrit-tjeter-vjedhje-e-veprave-te-artit-mbi-600-artefakte-grabiten-nga-muzeu-i-bristolit-ne-britani\/","url_meta":{"origin":45548,"position":3},"title":"Pas Luvrit, tjet\u00ebr vjedhje e veprave t\u00eb artit\/ Mbi 600 artefakte grabiten nga muzeu i Bristolit n\u00eb Britani","author":"Kurt Farka","date":"December 12, 2025","format":false,"excerpt":"12 Dhjetor 2025 Mbi 600 artefakte q\u00eb lidhen me Perandorin\u00eb Britanike dhe Komonuelthin jan\u00eb vjedhur nga koleksioni i muzeut t\u00eb Bristolit, n\u00eb Britain\u00eb e Madhe. Policia njoftoi se kat\u00ebr t\u00eb panjohur hyn\u00eb n\u00eb nd\u00ebrtes\u00eb n\u00eb Bristol\u00a0 gjat\u00eb mesnat\u00ebs m\u00eb 25 shtator. Forcat e policis\u00eb, q\u00eb publikuan imazhe CCTV t\u00eb kat\u00ebr\u2026","rel":"","context":"In &quot;Blogu i Udh\u00ebtarit&quot;","block_context":{"text":"Blogu i Udh\u00ebtarit","link":"https:\/\/www.shqiperia.com\/blog\/category\/blogu-i-udhetarit\/"},"img":{"alt_text":"","src":"https:\/\/i0.wp.com\/www.shqiperia.com\/blog\/wp-content\/uploads\/2025\/12\/640-0-arte-1765475664.jpg?fit=640%2C360&ssl=1&resize=350%2C200","width":350,"height":200,"srcset":"https:\/\/i0.wp.com\/www.shqiperia.com\/blog\/wp-content\/uploads\/2025\/12\/640-0-arte-1765475664.jpg?fit=640%2C360&ssl=1&resize=350%2C200 1x, https:\/\/i0.wp.com\/www.shqiperia.com\/blog\/wp-content\/uploads\/2025\/12\/640-0-arte-1765475664.jpg?fit=640%2C360&ssl=1&resize=525%2C300 1.5x"},"classes":[]},{"id":90429,"url":"https:\/\/www.shqiperia.com\/blog\/po-te-ishin-ndertuar-piramidat-me-ritmin-e-rruges-se-arberit-tani-do-ishin-ne-themel\/","url_meta":{"origin":45548,"position":4},"title":"Po t\u00eb ishin nd\u00ebrtuar piramidat me ritmin e Rruges s\u00eb Arb\u00ebrit&#8230; tani do ishin n\u00eb themel","author":"Kurt Farka","date":"March 14, 2025","format":false,"excerpt":"14 Mars 2025 Analisti Lutfi Dervishi ka ironizuar inaugurimin p\u00ebr t\u00eb disat\u00ebn her\u00eb t\u00eb Rrug\u00ebs s\u00eb Arb\u00ebrit nga kryeministri Edi Rama. Sipas Dervishit, se po t\u00eb nd\u00ebrtoheshin piramidat me ritmin e Rrug\u00ebs s\u00eb Arb\u00ebrit, sot t\u00eb ishin vet\u00ebm themelet. \u2018N\u00ebse piramidat e Egjiptit do t\u00eb ishin nd\u00ebrtuar me ritmin e\u2026","rel":"","context":"In &quot;Histori&quot;","block_context":{"text":"Histori","link":"https:\/\/www.shqiperia.com\/blog\/category\/histori\/"},"img":{"alt_text":"","src":"https:\/\/i0.wp.com\/www.shqiperia.com\/blog\/wp-content\/uploads\/2025\/03\/auto_QTWGSEHDBFX1741970238.jpg?fit=900%2C635&ssl=1&resize=350%2C200","width":350,"height":200,"srcset":"https:\/\/i0.wp.com\/www.shqiperia.com\/blog\/wp-content\/uploads\/2025\/03\/auto_QTWGSEHDBFX1741970238.jpg?fit=900%2C635&ssl=1&resize=350%2C200 1x, https:\/\/i0.wp.com\/www.shqiperia.com\/blog\/wp-content\/uploads\/2025\/03\/auto_QTWGSEHDBFX1741970238.jpg?fit=900%2C635&ssl=1&resize=525%2C300 1.5x, https:\/\/i0.wp.com\/www.shqiperia.com\/blog\/wp-content\/uploads\/2025\/03\/auto_QTWGSEHDBFX1741970238.jpg?fit=900%2C635&ssl=1&resize=700%2C400 2x"},"classes":[]},{"id":38085,"url":"https:\/\/www.shqiperia.com\/blog\/fshatrat-e-shqiperise-lubonje-korce-1100-vite-histori\/","url_meta":{"origin":45548,"position":5},"title":"Fshatrat e Shqiperise- Lubonje Korce: 1100 vite histori.","author":"Kurt Farka","date":"September 5, 2020","format":false,"excerpt":"Fshatrat e Shqiperise- Lubonje Korce: 1100 vite histori. 1005 VJETORI I ND\u00cbRTIMIT T\u00cb KISH\u00cbS \"Fjetja e Sh\u00ebn Maris\u00eb\", MONUMENT KULTURE I KATEGORIS\u00ca S\u00cb PAR\u00cb! APEL P\u00cbR INSTITUCIONET DHE ARKEOLOGJIN\u00cb SHQIPTARE Nga Edmond Resmi Hoxha Nj\u00eb fshat me histori mbi 1100 vje\u00e7are, me 9 Kisha, nj\u00eb Manastir, pervec 3 kishezave te\u2026","rel":"","context":"In &quot;Histori&quot;","block_context":{"text":"Histori","link":"https:\/\/www.shqiperia.com\/blog\/category\/histori\/"},"img":{"alt_text":"","src":"https:\/\/i0.wp.com\/www.shqiperia.com\/blog\/wp-content\/uploads\/2020\/09\/Lubonj%C3%AB-Kor%C3%A7%C3%AB-2.jpg?fit=480%2C325&ssl=1&resize=350%2C200","width":350,"height":200},"classes":[]}],"_links":{"self":[{"href":"https:\/\/www.shqiperia.com\/blog\/wp-json\/wp\/v2\/posts\/45548","targetHints":{"allow":["GET"]}}],"collection":[{"href":"https:\/\/www.shqiperia.com\/blog\/wp-json\/wp\/v2\/posts"}],"about":[{"href":"https:\/\/www.shqiperia.com\/blog\/wp-json\/wp\/v2\/types\/post"}],"author":[{"embeddable":true,"href":"https:\/\/www.shqiperia.com\/blog\/wp-json\/wp\/v2\/users\/9"}],"replies":[{"embeddable":true,"href":"https:\/\/www.shqiperia.com\/blog\/wp-json\/wp\/v2\/comments?post=45548"}],"version-history":[{"count":9,"href":"https:\/\/www.shqiperia.com\/blog\/wp-json\/wp\/v2\/posts\/45548\/revisions"}],"predecessor-version":[{"id":56711,"href":"https:\/\/www.shqiperia.com\/blog\/wp-json\/wp\/v2\/posts\/45548\/revisions\/56711"}],"wp:featuredmedia":[{"embeddable":true,"href":"https:\/\/www.shqiperia.com\/blog\/wp-json\/wp\/v2\/media\/45549"}],"wp:attachment":[{"href":"https:\/\/www.shqiperia.com\/blog\/wp-json\/wp\/v2\/media?parent=45548"}],"wp:term":[{"taxonomy":"category","embeddable":true,"href":"https:\/\/www.shqiperia.com\/blog\/wp-json\/wp\/v2\/categories?post=45548"},{"taxonomy":"post_tag","embeddable":true,"href":"https:\/\/www.shqiperia.com\/blog\/wp-json\/wp\/v2\/tags?post=45548"}],"curies":[{"name":"wp","href":"https:\/\/api.w.org\/{rel}","templated":true}]}}