{"id":45048,"date":"2021-03-06T16:39:11","date_gmt":"2021-03-06T16:39:11","guid":{"rendered":"https:\/\/www.shqiperia.com\/blog\/?p=45048"},"modified":"2021-03-06T16:39:11","modified_gmt":"2021-03-06T16:39:11","slug":"duroni-dhe-2-muaj-imunologu-i-njohur-ne-itali-tregon-menyren-se-si-do-te-shpetoje-bota-nga-koronavirusi","status":"publish","type":"post","link":"https:\/\/www.shqiperia.com\/blog\/duroni-dhe-2-muaj-imunologu-i-njohur-ne-itali-tregon-menyren-se-si-do-te-shpetoje-bota-nga-koronavirusi\/","title":{"rendered":"\u201cDuroni dhe 2 muaj!\u201d, imunologu i njohur n\u00eb Itali tregon m\u00ebnyr\u00ebn se si do t\u00eb shp\u00ebtoj\u00eb bota nga koronavirusi"},"content":{"rendered":"<p><img data-recalc-dims=\"1\" loading=\"lazy\" decoding=\"async\" data-attachment-id=\"45049\" data-permalink=\"https:\/\/www.shqiperia.com\/blog\/duroni-dhe-2-muaj-imunologu-i-njohur-ne-itali-tregon-menyren-se-si-do-te-shpetoje-bota-nga-koronavirusi\/800-0-60439452d6918\/\" data-orig-file=\"https:\/\/i0.wp.com\/www.shqiperia.com\/blog\/wp-content\/uploads\/2021\/03\/800-0-60439452d6918.jpg?fit=800%2C416&amp;ssl=1\" data-orig-size=\"800,416\" data-comments-opened=\"1\" data-image-meta=\"{&quot;aperture&quot;:&quot;0&quot;,&quot;credit&quot;:&quot;&quot;,&quot;camera&quot;:&quot;&quot;,&quot;caption&quot;:&quot;&quot;,&quot;created_timestamp&quot;:&quot;0&quot;,&quot;copyright&quot;:&quot;&quot;,&quot;focal_length&quot;:&quot;0&quot;,&quot;iso&quot;:&quot;0&quot;,&quot;shutter_speed&quot;:&quot;0&quot;,&quot;title&quot;:&quot;&quot;,&quot;orientation&quot;:&quot;0&quot;}\" data-image-title=\"-800-0-60439452d6918\" data-image-description=\"\" data-image-caption=\"\" data-medium-file=\"https:\/\/i0.wp.com\/www.shqiperia.com\/blog\/wp-content\/uploads\/2021\/03\/800-0-60439452d6918.jpg?fit=300%2C156&amp;ssl=1\" data-large-file=\"https:\/\/i0.wp.com\/www.shqiperia.com\/blog\/wp-content\/uploads\/2021\/03\/800-0-60439452d6918.jpg?fit=800%2C416&amp;ssl=1\" class=\"alignnone  wp-image-45049\" alt=\"\" src=\"https:\/\/i0.wp.com\/www.shqiperia.com\/blog\/wp-content\/uploads\/2021\/03\/800-0-60439452d6918.jpg?resize=565%2C294&#038;ssl=1\" width=\"565\" height=\"294\" srcset=\"https:\/\/i0.wp.com\/www.shqiperia.com\/blog\/wp-content\/uploads\/2021\/03\/800-0-60439452d6918.jpg?resize=300%2C156&amp;ssl=1 300w, https:\/\/i0.wp.com\/www.shqiperia.com\/blog\/wp-content\/uploads\/2021\/03\/800-0-60439452d6918.jpg?resize=768%2C399&amp;ssl=1 768w, https:\/\/i0.wp.com\/www.shqiperia.com\/blog\/wp-content\/uploads\/2021\/03\/800-0-60439452d6918.jpg?resize=450%2C234&amp;ssl=1 450w, https:\/\/i0.wp.com\/www.shqiperia.com\/blog\/wp-content\/uploads\/2021\/03\/800-0-60439452d6918.jpg?resize=600%2C312&amp;ssl=1 600w, https:\/\/i0.wp.com\/www.shqiperia.com\/blog\/wp-content\/uploads\/2021\/03\/800-0-60439452d6918.jpg?resize=400%2C208&amp;ssl=1 400w, https:\/\/i0.wp.com\/www.shqiperia.com\/blog\/wp-content\/uploads\/2021\/03\/800-0-60439452d6918.jpg?w=800&amp;ssl=1 800w\" sizes=\"auto, (max-width: 565px) 100vw, 565px\" \/><\/p>\n<p>\u201cDuroni dhe 2 muaj!\u201d, imunologu i njohur n\u00eb Itali tregon m\u00ebnyr\u00ebn se si do t\u00eb shp\u00ebtoj\u00eb bota nga koronavirusi<\/p>\n<p>MARS 2021<\/p>\n<p>Imunologu dhe alergologu i njohur n\u00eb Itali, Francesco Le Foche, babai i tre f\u00ebmij\u00ebve t\u00eb mosh\u00ebs 20, 13 dhe 12 vje\u00e7, e di se \u00e7far\u00eb do t\u00eb thot\u00eb t\u00eb p\u00ebrjetosh Covid 19 n\u00eb k\u00ebt\u00eb mosh\u00eb.<\/p>\n<p>N\u00eb k\u00ebt\u00eb intervist\u00eb, ai rendit disa arsye, pse brezi i mosh\u00ebs s\u00eb re \u00ebsht\u00eb m\u00eb i prirur t\u00eb infektohet me koronavirus, duke sjell\u00eb madje jo pak raste t\u00eb fataliteteve.<\/p>\n<p>Pse kaq shum\u00eb raste mes t\u00eb rinjve?<\/p>\n<p>Ata mblidhen n\u00eb ambiente t\u00eb mbyllura, ambienti i preferuar p\u00ebr viruset e frym\u00ebmarrjes, n\u00eb ve\u00e7anti nga Sars-CoV-2, i cili me mutacionin \u2018anglez\u2019, ka fituar aft\u00ebsin\u00eb p\u00ebr t\u00eb transmetuar shum\u00eb shpejt. N\u00ebse q\u00ebndroni n\u00eb nj\u00eb dhom\u00eb p\u00ebr nj\u00eb koh\u00eb t\u00eb gjat\u00eb, mund\u00ebsia e infektimit \u00ebsht\u00eb shum\u00eb e lart\u00eb. Dhe k\u00ebtu \u00e7do situat\u00eb grumbullimi b\u00ebhet nj\u00eb rrezik i shtuar. Prandaj, kufizoni q\u00ebndrimin brenda n\u00eb at\u00eb q\u00eb \u00ebsht\u00eb e domosdoshme.<\/p>\n<p>Po n\u00eb shkoll\u00eb?<\/p>\n<p>N\u00eb klas\u00eb, v\u00ebmendja maksimale duhet t\u00eb jet\u00eb distancimi social dhe maska. Ne duhet t\u2019i b\u00ebjm\u00eb f\u00ebmij\u00ebt t\u00eb kuptojn\u00eb r\u00ebnd\u00ebsin\u00eb e largimit n\u00eb sht\u00ebpi, pasi t\u00eb mbarojn\u00eb m\u00ebsimet dhe t\u00eb mos mblidhen n\u00eb grupe t\u00eb vogla. Nj\u00eb privim i m\u00ebtejsh\u00ebm i liris\u00eb p\u00ebr ta, \u00ebsht\u00eb i domosdosh\u00ebm. Brenda nj\u00eb muaji, varianti \u2018anglez\u2019 \u00ebsht\u00eb kthyer i rreziksh\u00ebm.<\/p>\n<p>Cila \u00ebsht\u00eb rruga p\u00ebr t\u00eb dal\u00eb?<\/p>\n<p>T\u00eb durohet edhe dy muaj t\u00eb tjer\u00eb derisa t\u00eb ket\u00eb doza p\u00ebr t\u00eb vaksinuar miliona njer\u00ebz dhe p\u00ebr t\u00eb zvog\u00ebluar qarkullimin e virusit. Vaksinat jan\u00eb gjithashtu efektive kund\u00ebr varianteve. Un\u00eb shpresoj se gjith\u00e7ka q\u00eb \u00ebsht\u00eb e mundur, do t\u00eb b\u00ebhet p\u00ebr t\u00eb pastruar fush\u00ebn e pengesave burokratike p\u00ebr t\u00eb inkurajuar ardhjen e vaksinave q\u00eb kan\u00eb marr\u00eb tashm\u00eb autorizim n\u00eb SHBA.<\/p>\n<p>Nuk \u00ebsht\u00eb b\u00ebr\u00eb sa duhet p\u00ebr t\u00eb shpejtuar?<\/p>\n<p>Duhet b\u00ebr\u00eb m\u00eb shum\u00eb. Tani p\u00ebrgatitja e \u2018Johnson &amp; Johnson\u2019 po shqyrtohet nga agjencia evropiane, e cila duhet t\u00eb ngutet p\u00ebr t\u00eb dh\u00ebn\u00eb drit\u00ebn jeshile. Nuk ka asnj\u00eb arsye p\u00ebr t\u00eb humbur m\u00eb shum\u00eb koh\u00eb, pasi organi amerikan ka l\u00ebshuar autorizimin. \u00cbsht\u00eb p\u00ebr t\u00eb shpresuar q\u00eb Sputnik i prodhuar nga Rusia, do t\u00eb kaloj\u00eb po aq shpejt, sepse \u00ebsht\u00eb i prodhuar n\u00eb m\u00ebnyr\u00eb t\u00eb shk\u00eblqyer. BE duhet t\u00eb b\u00ebj\u00eb gjith\u00e7ka q\u00eb \u00ebsht\u00eb e mundur p\u00ebr ta pasur at\u00eb. Njer\u00ebzit vdesin, shum\u00eb jet\u00eb mund t\u00eb shp\u00ebtohen.<\/p>\n<p>A mund t\u00eb mos vaksinohet dikush q\u00eb ka pasur Covid?<\/p>\n<p>N\u00eb k\u00ebt\u00eb faz\u00eb emergjence, mund t\u00eb jeni duke pritur p\u00ebr nj\u00eb doz\u00eb. K\u00ebshilla ime \u00ebsht\u00eb q\u00eb ata q\u00eb kan\u00eb pasur s\u00ebmundje asimptomatike, t\u2019i n\u00ebnshtrohen nj\u00eb testi serologjik q\u00eb vler\u00ebson pranin\u00eb e antitrupave. N\u00ebse i ka, ai mund t\u00eb vonoj\u00eb t\u00eb vaksinohet, t\u00eb pakt\u00ebn deri n\u00eb qershor, p\u00ebr t\u2019u hapur rrug\u00eb atyre q\u00eb jan\u00eb plot\u00ebsisht t\u00eb ndjesh\u00ebm ndaj virusit. Mbi t\u00eb gjitha, nevojitet nj\u00eb informacion i qart\u00eb, i cili mungon.\/ Corriera della Sera.<\/p>\n<p>Gazeta Sot<\/p>\n","protected":false},"excerpt":{"rendered":"<p>\u201cDuroni dhe 2 muaj!\u201d, imunologu i njohur n\u00eb Itali tregon m\u00ebnyr\u00ebn se si do t\u00eb shp\u00ebtoj\u00eb bota nga koronavirusi MARS 2021 Imunologu dhe alergologu i njohur n\u00eb Itali, Francesco Le Foche, babai i tre f\u00ebmij\u00ebve t\u00eb mosh\u00ebs 20, 13 dhe 12 vje\u00e7, e di se \u00e7far\u00eb do t\u00eb thot\u00eb t\u00eb p\u00ebrjetosh Covid 19 n\u00eb k\u00ebt\u00eb [&hellip;]<\/p>\n","protected":false},"author":9,"featured_media":45049,"comment_status":"open","ping_status":"open","sticky":false,"template":"","format":"standard","meta":{"jetpack_post_was_ever_published":false,"_jetpack_newsletter_access":"","_jetpack_dont_email_post_to_subs":false,"_jetpack_newsletter_tier_id":0,"_jetpack_memberships_contains_paywalled_content":false,"_jetpack_memberships_contains_paid_content":false,"footnotes":"","jetpack_publicize_message":"","jetpack_publicize_feature_enabled":true,"jetpack_social_post_already_shared":true,"jetpack_social_options":{"image_generator_settings":{"template":"highway","default_image_id":0,"font":"","enabled":false},"version":2}},"categories":[27,1],"tags":[],"class_list":["post-45048","post","type-post","status-publish","format-standard","has-post-thumbnail","hentry","category-blogu-i-udhetarit","category-njoftime-shtypi"],"jetpack_publicize_connections":[],"jetpack_featured_media_url":"https:\/\/i0.wp.com\/www.shqiperia.com\/blog\/wp-content\/uploads\/2021\/03\/800-0-60439452d6918.jpg?fit=800%2C416&ssl=1","jetpack_sharing_enabled":true,"jetpack_shortlink":"https:\/\/wp.me\/p5Z6wp-bIA","jetpack-related-posts":[{"id":101878,"url":"https:\/\/www.shqiperia.com\/blog\/dilni-z-president\/","url_meta":{"origin":45048,"position":0},"title":"Dilni, z.President!","author":"Kurt Farka","date":"June 27, 2026","format":false,"excerpt":"27 Qershor 2026 Nga Fatos Tarifa \u00c7far\u00eb dim\u00eb Shqip\u00ebria \u00ebsht\u00eb Republik\u00eb Parlamentare dhe kjo republik\u00eb ju ka Juve Kryetar t\u00eb saj. E keni marr\u00eb k\u00ebt\u00eb post shtet\u00ebror, postin m\u00eb t\u00eb lart\u00eb t\u00eb Republik\u00ebs, jo nga vota e popullit, por nga vota shumic\u00ebs s\u00eb deputet\u00ebve t\u00eb Kuvendit t\u00eb Shqip\u00ebris\u00eb q\u00eb nuk\u2026","rel":"","context":"In &quot;Blogu i Udh\u00ebtarit&quot;","block_context":{"text":"Blogu i Udh\u00ebtarit","link":"https:\/\/www.shqiperia.com\/blog\/category\/blogu-i-udhetarit\/"},"img":{"alt_text":"","src":"https:\/\/i0.wp.com\/www.shqiperia.com\/blog\/wp-content\/uploads\/2026\/06\/Screenshot_20260626_213452_Gallery.jpg?fit=720%2C637&ssl=1&resize=350%2C200","width":350,"height":200,"srcset":"https:\/\/i0.wp.com\/www.shqiperia.com\/blog\/wp-content\/uploads\/2026\/06\/Screenshot_20260626_213452_Gallery.jpg?fit=720%2C637&ssl=1&resize=350%2C200 1x, https:\/\/i0.wp.com\/www.shqiperia.com\/blog\/wp-content\/uploads\/2026\/06\/Screenshot_20260626_213452_Gallery.jpg?fit=720%2C637&ssl=1&resize=525%2C300 1.5x, https:\/\/i0.wp.com\/www.shqiperia.com\/blog\/wp-content\/uploads\/2026\/06\/Screenshot_20260626_213452_Gallery.jpg?fit=720%2C637&ssl=1&resize=700%2C400 2x"},"classes":[]},{"id":102912,"url":"https:\/\/www.shqiperia.com\/blog\/zonjushet-e-avinjonit-kryevepra-e-picasso-s-qe-u-mbajt-e-fshehur-per-9-vjet\/","url_meta":{"origin":45048,"position":1},"title":"\u201cZonjushet e Avinjonit\u201d, kryevepra e Picasso-s q\u00eb u mbajt e fshehur p\u00ebr 9 vjet","author":"Kurt Farka","date":"July 19, 2026","format":false,"excerpt":"19 Korrik 2026 Pablo Picasso krijoi n\u00eb vitin 1907 nj\u00eb nga veprat m\u00eb t\u00eb famshme dhe m\u00eb t\u00eb debatueshme t\u00eb historis\u00eb s\u00eb artit: \u201cZonjushet e Avinjonit\u201d (Les Demoiselles d\u2019Avignon). Piktura, e cila n\u00eb fillim shkaktoi tronditje dhe refuzim nga artist\u00ebt e koh\u00ebs, m\u00eb von\u00eb u konsiderua nj\u00eb vep\u00ebr themelore, q\u00eb\u2026","rel":"","context":"In &quot;Arte&quot;","block_context":{"text":"Arte","link":"https:\/\/www.shqiperia.com\/blog\/category\/arte\/"},"img":{"alt_text":"","src":"https:\/\/i0.wp.com\/www.shqiperia.com\/blog\/wp-content\/uploads\/2026\/07\/640-0-pikajpg-1784381262.jpg?fit=640%2C357&ssl=1&resize=350%2C200","width":350,"height":200,"srcset":"https:\/\/i0.wp.com\/www.shqiperia.com\/blog\/wp-content\/uploads\/2026\/07\/640-0-pikajpg-1784381262.jpg?fit=640%2C357&ssl=1&resize=350%2C200 1x, https:\/\/i0.wp.com\/www.shqiperia.com\/blog\/wp-content\/uploads\/2026\/07\/640-0-pikajpg-1784381262.jpg?fit=640%2C357&ssl=1&resize=525%2C300 1.5x"},"classes":[]},{"id":105161,"url":"https:\/\/www.shqiperia.com\/blog\/kriza-qe-po-jetojme-ka-ne-thelb-menyren-se-si-vendosim-brace-po-pres-garen-per-kryetar-bashkie-te-tiranes\/","url_meta":{"origin":45048,"position":2},"title":"Kriza q\u00eb po jetojm\u00eb ka n\u00eb thelb m\u00ebnyr\u00ebn se si vendosim.  Bra\u00e7e: &#8211; Po pres gar\u00ebn p\u00ebr kryetar bashkie t\u00eb Tiran\u00ebs.","author":"Kurt Farka","date":"August 25, 2026","format":false,"excerpt":"25 Gusht 2026 Deputeti socialist Erion Bra\u00e7e ka rikujtuar s\u00ebrish p\u00ebr publikun dhe mb\u00ebshtet\u00ebsit e tij ambicien p\u00ebr t\u2019u zgjedhur kryetar i Bashkis\u00eb Tiran\u00eb n\u00eb zgjedhjet vendore q\u00eb pritet t\u00eb mbahen n\u00eb vitin 2027. P\u00ebrmes nj\u00eb postimi n\u00eb rrjetet sociale, Bra\u00e7e thekson se do t\u2019i sh\u00ebrbej\u00eb Tiran\u00ebs n\u00ebse zgjidhet kryebashkiak\u2026","rel":"","context":"In &quot;Blogu i Udh\u00ebtarit&quot;","block_context":{"text":"Blogu i Udh\u00ebtarit","link":"https:\/\/www.shqiperia.com\/blog\/category\/blogu-i-udhetarit\/"},"img":{"alt_text":"","src":"https:\/\/i0.wp.com\/www.shqiperia.com\/blog\/wp-content\/uploads\/2026\/08\/Erion-Brace.png?fit=800%2C450&ssl=1&resize=350%2C200","width":350,"height":200,"srcset":"https:\/\/i0.wp.com\/www.shqiperia.com\/blog\/wp-content\/uploads\/2026\/08\/Erion-Brace.png?fit=800%2C450&ssl=1&resize=350%2C200 1x, https:\/\/i0.wp.com\/www.shqiperia.com\/blog\/wp-content\/uploads\/2026\/08\/Erion-Brace.png?fit=800%2C450&ssl=1&resize=525%2C300 1.5x, https:\/\/i0.wp.com\/www.shqiperia.com\/blog\/wp-content\/uploads\/2026\/08\/Erion-Brace.png?fit=800%2C450&ssl=1&resize=700%2C400 2x"},"classes":[]},{"id":103375,"url":"https:\/\/www.shqiperia.com\/blog\/nje-shekull-ne-arrati-si-u-rikthye-ne-itali-koka-e-aleksandrit-te-madh\/","url_meta":{"origin":45048,"position":3},"title":"Nj\u00eb shekull n\u00eb \u201carrati\u201d, si u rikthye n\u00eb Itali koka e Aleksandrit t\u00eb Madh","author":"Kurt Farka","date":"July 29, 2026","format":false,"excerpt":"29 Korrik 2026 Arkeologu q\u00eb e nxori nga toka, hajdut\u00ebt dhe kontrabandist\u00ebt q\u00eb e larguan fshehurazi, nj\u00eb tregtar armen arti, nj\u00eb profesor grek i arkeologjis\u00eb dhe nx\u00ebn\u00ebsi i tij, nj\u00eb sheik nga Katari dhe nj\u00eb galerist n\u00eb Manhattan. Jan\u00eb t\u00eb shumta duart q\u00eb p\u00ebrgjat\u00eb m\u00eb shum\u00eb se nj\u00eb shekulli, mbajt\u00ebn\u2026","rel":"","context":"In &quot;Blogu i Udh\u00ebtarit&quot;","block_context":{"text":"Blogu i Udh\u00ebtarit","link":"https:\/\/www.shqiperia.com\/blog\/category\/blogu-i-udhetarit\/"},"img":{"alt_text":"","src":"https:\/\/i0.wp.com\/www.shqiperia.com\/blog\/wp-content\/uploads\/2026\/07\/Aleksandri-i-Madh.jpg?fit=1024%2C577&ssl=1&resize=350%2C200","width":350,"height":200,"srcset":"https:\/\/i0.wp.com\/www.shqiperia.com\/blog\/wp-content\/uploads\/2026\/07\/Aleksandri-i-Madh.jpg?fit=1024%2C577&ssl=1&resize=350%2C200 1x, https:\/\/i0.wp.com\/www.shqiperia.com\/blog\/wp-content\/uploads\/2026\/07\/Aleksandri-i-Madh.jpg?fit=1024%2C577&ssl=1&resize=525%2C300 1.5x, https:\/\/i0.wp.com\/www.shqiperia.com\/blog\/wp-content\/uploads\/2026\/07\/Aleksandri-i-Madh.jpg?fit=1024%2C577&ssl=1&resize=700%2C400 2x"},"classes":[]},{"id":105665,"url":"https:\/\/www.shqiperia.com\/blog\/pse-fjala-gotik-fillimisht-ishte-nje-fyerje\/","url_meta":{"origin":45048,"position":4},"title":"Pse fjala \u2018gotik\u2019 fillimisht ishte nj\u00eb fyerje","author":"Kurt Farka","date":"September 1, 2026","format":false,"excerpt":"1 Shtator 2026 Sot fjala \u201cgotik\u201d mund t\u00eb na sjell\u00eb n\u00eb mendje katedrale mesjetare me harqe t\u00eb mprehta, romane dhe filma misterioz\u00eb apo njer\u00ebz t\u00eb veshur me t\u00eb zeza q\u00eb d\u00ebgjojn\u00eb muzik\u00eb t\u00eb err\u00ebt. Por kjo fjal\u00eb ka nj\u00eb histori shum\u00eb m\u00eb t\u00eb vjet\u00ebr dhe krejt tjet\u00ebr. Ajo lidhet me\u2026","rel":"","context":"In &quot;Blogu i Udh\u00ebtarit&quot;","block_context":{"text":"Blogu i Udh\u00ebtarit","link":"https:\/\/www.shqiperia.com\/blog\/category\/blogu-i-udhetarit\/"},"img":{"alt_text":"","src":"https:\/\/i0.wp.com\/www.shqiperia.com\/blog\/wp-content\/uploads\/2026\/09\/auto_images_GettyImages_mmsport_mentalfloss_01m0z6p2rat2dpwnfb651788166950.webp?fit=1080%2C608&ssl=1&resize=350%2C200","width":350,"height":200,"srcset":"https:\/\/i0.wp.com\/www.shqiperia.com\/blog\/wp-content\/uploads\/2026\/09\/auto_images_GettyImages_mmsport_mentalfloss_01m0z6p2rat2dpwnfb651788166950.webp?fit=1080%2C608&ssl=1&resize=350%2C200 1x, https:\/\/i0.wp.com\/www.shqiperia.com\/blog\/wp-content\/uploads\/2026\/09\/auto_images_GettyImages_mmsport_mentalfloss_01m0z6p2rat2dpwnfb651788166950.webp?fit=1080%2C608&ssl=1&resize=525%2C300 1.5x, https:\/\/i0.wp.com\/www.shqiperia.com\/blog\/wp-content\/uploads\/2026\/09\/auto_images_GettyImages_mmsport_mentalfloss_01m0z6p2rat2dpwnfb651788166950.webp?fit=1080%2C608&ssl=1&resize=700%2C400 2x, https:\/\/i0.wp.com\/www.shqiperia.com\/blog\/wp-content\/uploads\/2026\/09\/auto_images_GettyImages_mmsport_mentalfloss_01m0z6p2rat2dpwnfb651788166950.webp?fit=1080%2C608&ssl=1&resize=1050%2C600 3x"},"classes":[]},{"id":104193,"url":"https:\/\/www.shqiperia.com\/blog\/robert-papa-plas-bomben-alex-soros-mban-peng-edi-ramen-me-materiale-shantazhimi-hetimet-e-cia-dhe-fbi-po-e-cojne\/","url_meta":{"origin":45048,"position":5},"title":"Robert Papa plas \u201cbomb\u00ebn\u201d: &#8211; Alex Soros mban peng Edi Ram\u00ebn me materiale shantazhimi, hetimet e CIA dhe FBI po e \u00e7ojn\u00eb\u2026","author":"Kurt Farka","date":"August 11, 2026","format":false,"excerpt":"11 Gusht 2026 Gazetari i njohur shqiptaro-amerikan, Robert Papa ka deklaruar se Senati Amerikan ka miratuar em\u00ebrimin e nj\u00eb ish-gjenerali si ambasador n\u00eb Tiran\u00eb, duke e ngritur zyrtarisht nivelin e ambasad\u00ebs pasi Amerika e konsideron Tiran\u00ebn si nj\u00eb vend, ku rrezikohet siguria komb\u00ebtare e amerikan\u00ebve. Sipas tij, misioni i ri\u2026","rel":"","context":"In &quot;Blogu i Udh\u00ebtarit&quot;","block_context":{"text":"Blogu i Udh\u00ebtarit","link":"https:\/\/www.shqiperia.com\/blog\/category\/blogu-i-udhetarit\/"},"img":{"alt_text":"","src":"https:\/\/i0.wp.com\/www.shqiperia.com\/blog\/wp-content\/uploads\/2026\/08\/Edi-Rama.jpg?fit=736%2C476&ssl=1&resize=350%2C200","width":350,"height":200,"srcset":"https:\/\/i0.wp.com\/www.shqiperia.com\/blog\/wp-content\/uploads\/2026\/08\/Edi-Rama.jpg?fit=736%2C476&ssl=1&resize=350%2C200 1x, https:\/\/i0.wp.com\/www.shqiperia.com\/blog\/wp-content\/uploads\/2026\/08\/Edi-Rama.jpg?fit=736%2C476&ssl=1&resize=525%2C300 1.5x, https:\/\/i0.wp.com\/www.shqiperia.com\/blog\/wp-content\/uploads\/2026\/08\/Edi-Rama.jpg?fit=736%2C476&ssl=1&resize=700%2C400 2x"},"classes":[]}],"_links":{"self":[{"href":"https:\/\/www.shqiperia.com\/blog\/wp-json\/wp\/v2\/posts\/45048","targetHints":{"allow":["GET"]}}],"collection":[{"href":"https:\/\/www.shqiperia.com\/blog\/wp-json\/wp\/v2\/posts"}],"about":[{"href":"https:\/\/www.shqiperia.com\/blog\/wp-json\/wp\/v2\/types\/post"}],"author":[{"embeddable":true,"href":"https:\/\/www.shqiperia.com\/blog\/wp-json\/wp\/v2\/users\/9"}],"replies":[{"embeddable":true,"href":"https:\/\/www.shqiperia.com\/blog\/wp-json\/wp\/v2\/comments?post=45048"}],"version-history":[{"count":1,"href":"https:\/\/www.shqiperia.com\/blog\/wp-json\/wp\/v2\/posts\/45048\/revisions"}],"predecessor-version":[{"id":45050,"href":"https:\/\/www.shqiperia.com\/blog\/wp-json\/wp\/v2\/posts\/45048\/revisions\/45050"}],"wp:featuredmedia":[{"embeddable":true,"href":"https:\/\/www.shqiperia.com\/blog\/wp-json\/wp\/v2\/media\/45049"}],"wp:attachment":[{"href":"https:\/\/www.shqiperia.com\/blog\/wp-json\/wp\/v2\/media?parent=45048"}],"wp:term":[{"taxonomy":"category","embeddable":true,"href":"https:\/\/www.shqiperia.com\/blog\/wp-json\/wp\/v2\/categories?post=45048"},{"taxonomy":"post_tag","embeddable":true,"href":"https:\/\/www.shqiperia.com\/blog\/wp-json\/wp\/v2\/tags?post=45048"}],"curies":[{"name":"wp","href":"https:\/\/api.w.org\/{rel}","templated":true}]}}