{"id":4347,"date":"2018-03-04T21:39:27","date_gmt":"2018-03-04T21:39:27","guid":{"rendered":"http:\/\/www.shqiperia.com\/blog\/?p=4347"},"modified":"2018-03-04T21:43:54","modified_gmt":"2018-03-04T21:43:54","slug":"t-r-n-e-v-j-e-t-e-r","status":"publish","type":"post","link":"https:\/\/www.shqiperia.com\/blog\/t-r-n-e-v-j-e-t-e-r\/","title":{"rendered":""},"content":{"rendered":"<p>&nbsp;<\/p>\n","protected":false},"excerpt":{"rendered":"<p>&nbsp;<\/p>\n","protected":false},"author":9,"featured_media":4348,"comment_status":"open","ping_status":"open","sticky":false,"template":"","format":"standard","meta":{"jetpack_post_was_ever_published":false,"_jetpack_newsletter_access":"","_jetpack_dont_email_post_to_subs":false,"_jetpack_newsletter_tier_id":0,"_jetpack_memberships_contains_paywalled_content":false,"_jetpack_memberships_contains_paid_content":false,"footnotes":"","jetpack_publicize_message":"","jetpack_publicize_feature_enabled":true,"jetpack_social_post_already_shared":true,"jetpack_social_options":{"image_generator_settings":{"template":"highway","default_image_id":0,"font":"","enabled":false},"version":2}},"categories":[85],"tags":[],"class_list":["post-4347","post","type-post","status-publish","format-standard","has-post-thumbnail","hentry","category-histori"],"jetpack_publicize_connections":[],"jetpack_featured_media_url":"https:\/\/i0.wp.com\/www.shqiperia.com\/blog\/wp-content\/uploads\/2018\/03\/Tirana-e-Vjeter.jpg?fit=225%2C174&ssl=1","jetpack_sharing_enabled":true,"jetpack_shortlink":"https:\/\/wp.me\/p5Z6wp-187","jetpack-related-posts":[{"id":103745,"url":"https:\/\/www.shqiperia.com\/blog\/histori-suksesi-sipas-edi-rames-aksh-i-eshte-nje-histori-suksesi-dhe-nje-model-qe-duhet-ndjekur-nga-europa\/","url_meta":{"origin":4347,"position":0},"title":"\u2018Histori suksesi\u2019. &#8211; Sipas Edi Ram\u00ebs, AKSH-i \u00ebsht\u00eb nj\u00eb histori suksesi dhe nj\u00eb model q\u00eb duhet ndjekur nga Europa.","author":"Kurt Farka","date":"August 4, 2026","format":false,"excerpt":"4 Gusht 2026 Nga Grigels Mu\u00e7ollari Diferenca mes propagand\u00ebs dhe realitetit \u00ebsht\u00eb b\u00ebr\u00eb nj\u00eb tipar i qeverisjes 13-vje\u00e7are t\u00eb Edi Ram\u00ebs. Premtimet dhe deklaratat e tij jan\u00eb rr\u00ebzuar vazhdimisht nga faktet. Rasti i fundit lidhet me t\u00eb shum\u00ebk\u00ebrkuarin Ermal Beqiri, nj\u00eb em\u00ebr q\u00eb sipas hetimeve t\u00eb SPAK-ut del n\u00eb qend\u00ebr\u2026","rel":"","context":"In &quot;Blogu i Udh\u00ebtarit&quot;","block_context":{"text":"Blogu i Udh\u00ebtarit","link":"https:\/\/www.shqiperia.com\/blog\/category\/blogu-i-udhetarit\/"},"img":{"alt_text":"","src":"https:\/\/i0.wp.com\/www.shqiperia.com\/blog\/wp-content\/uploads\/2026\/08\/auto_grrr1785780086.jpg?fit=900%2C635&ssl=1&resize=350%2C200","width":350,"height":200,"srcset":"https:\/\/i0.wp.com\/www.shqiperia.com\/blog\/wp-content\/uploads\/2026\/08\/auto_grrr1785780086.jpg?fit=900%2C635&ssl=1&resize=350%2C200 1x, https:\/\/i0.wp.com\/www.shqiperia.com\/blog\/wp-content\/uploads\/2026\/08\/auto_grrr1785780086.jpg?fit=900%2C635&ssl=1&resize=525%2C300 1.5x, https:\/\/i0.wp.com\/www.shqiperia.com\/blog\/wp-content\/uploads\/2026\/08\/auto_grrr1785780086.jpg?fit=900%2C635&ssl=1&resize=700%2C400 2x"},"classes":[]},{"id":105615,"url":"https:\/\/www.shqiperia.com\/blog\/mokra-nje-bote-e-fshehur-mes-maleve-valle-kenge-dhe-histori-qe-zgjohen-ne-mokra-nfeste\/","url_meta":{"origin":4347,"position":1},"title":"Mokra, nj\u00eb bot\u00eb e fshehur mes maleve Vall\u00eb, k\u00ebng\u00eb dhe histori q\u00eb zgjohen n\u00eb &#8220;Mokra n&#8217;fest\u00eb&#8221;","author":"Kurt Farka","date":"August 31, 2026","format":false,"excerpt":"1 Shtator 2026 Mes maleve t\u00eb larta, aty ku rrug\u00ebt marrin kthesa dhe koha duket sikur ec\u00ebn m\u00eb ngadal\u00eb, shtrihet Mokra. Nj\u00eb trev\u00eb e pasur me histori, tradita e rr\u00ebfime t\u00eb p\u00ebrcjella brez pas brezi. Por sot, Mokra nuk na pret n\u00eb heshtje. Ajo vishet me ngjyra, me k\u00ebng\u00eb, me\u2026","rel":"","context":"In &quot;Blogu i Udh\u00ebtarit&quot;","block_context":{"text":"Blogu i Udh\u00ebtarit","link":"https:\/\/www.shqiperia.com\/blog\/category\/blogu-i-udhetarit\/"},"img":{"alt_text":"","src":"https:\/\/i0.wp.com\/www.shqiperia.com\/blog\/wp-content\/uploads\/2026\/08\/Screenshot-2026-08-29-163244-1024x516-1.jpg?fit=1024%2C516&ssl=1&resize=350%2C200","width":350,"height":200,"srcset":"https:\/\/i0.wp.com\/www.shqiperia.com\/blog\/wp-content\/uploads\/2026\/08\/Screenshot-2026-08-29-163244-1024x516-1.jpg?fit=1024%2C516&ssl=1&resize=350%2C200 1x, https:\/\/i0.wp.com\/www.shqiperia.com\/blog\/wp-content\/uploads\/2026\/08\/Screenshot-2026-08-29-163244-1024x516-1.jpg?fit=1024%2C516&ssl=1&resize=525%2C300 1.5x, https:\/\/i0.wp.com\/www.shqiperia.com\/blog\/wp-content\/uploads\/2026\/08\/Screenshot-2026-08-29-163244-1024x516-1.jpg?fit=1024%2C516&ssl=1&resize=700%2C400 2x"},"classes":[]},{"id":100164,"url":"https:\/\/www.shqiperia.com\/blog\/alarm-apo-histori-e-harruar-rasti-i-pare-i-hantavirus-ne-shqiperi\/","url_meta":{"origin":4347,"position":2},"title":"Alarm apo histori e harruar? &#8211; Rasti i par\u00eb i Hantavirus n\u00eb Shqip\u00ebri","author":"Kurt Farka","date":"May 12, 2026","format":false,"excerpt":"12 Maji 2026 Nj\u00eb rast i Hantavirus \u00ebsht\u00eb identifikuar n\u00eb Shqip\u00ebri q\u00eb rreth kat\u00ebr dekada m\u00eb par\u00eb, duke treguar se prania e k\u00ebtij virusi n\u00eb vend nuk \u00ebsht\u00eb nj\u00eb fenomen i ri, por nj\u00eb realitet i dokumentuar q\u00eb prej viteve \u201980. Referuar nj\u00eb publikimi n\u00eb revist\u00ebn prestigjioze The Lancet, rasti\u2026","rel":"","context":"In &quot;Histori&quot;","block_context":{"text":"Histori","link":"https:\/\/www.shqiperia.com\/blog\/category\/histori\/"},"img":{"alt_text":"","src":"https:\/\/i0.wp.com\/www.shqiperia.com\/blog\/wp-content\/uploads\/2026\/05\/640-0-5f86265b9546d1befb9e98e9744fc0c5-1.jpeg?fit=640%2C360&ssl=1&resize=350%2C200","width":350,"height":200,"srcset":"https:\/\/i0.wp.com\/www.shqiperia.com\/blog\/wp-content\/uploads\/2026\/05\/640-0-5f86265b9546d1befb9e98e9744fc0c5-1.jpeg?fit=640%2C360&ssl=1&resize=350%2C200 1x, https:\/\/i0.wp.com\/www.shqiperia.com\/blog\/wp-content\/uploads\/2026\/05\/640-0-5f86265b9546d1befb9e98e9744fc0c5-1.jpeg?fit=640%2C360&ssl=1&resize=525%2C300 1.5x"},"classes":[]},{"id":77144,"url":"https:\/\/www.shqiperia.com\/blog\/konsiderohet-si-nje-nga-grate-me-te-bukura-ne-histori\/","url_meta":{"origin":4347,"position":3},"title":"Konsiderohet si nj\u00eb nga grat\u00eb m\u00eb t\u00eb bukura n\u00eb histori","author":"Kurt Farka","date":"January 11, 2024","format":false,"excerpt":"11 Janar 2024 Nefertiti Ajo ishte gruaja e madhe mbret\u00ebrore e Akhenaten, faraoni i Dinastis\u00eb s\u00eb 18-t\u00eb t\u00eb Egjiptit. Ajo shpesh konsiderohet si nj\u00eb nga grat\u00eb m\u00eb t\u00eb bukura n\u00eb histori, dhe imazhi i saj \u00ebsht\u00eb nj\u00eb nga veprat m\u00eb t\u00eb famshme t\u00eb artit t\u00eb lasht\u00eb egjiptian.","rel":"","context":"In &quot;Arte&quot;","block_context":{"text":"Arte","link":"https:\/\/www.shqiperia.com\/blog\/category\/arte\/"},"img":{"alt_text":"","src":"https:\/\/i0.wp.com\/www.shqiperia.com\/blog\/wp-content\/uploads\/2024\/01\/konsiderohet-si-nje-nga-grate-me-te-bukura-ne-histori.jpg?fit=828%2C624&ssl=1&resize=350%2C200","width":350,"height":200,"srcset":"https:\/\/i0.wp.com\/www.shqiperia.com\/blog\/wp-content\/uploads\/2024\/01\/konsiderohet-si-nje-nga-grate-me-te-bukura-ne-histori.jpg?fit=828%2C624&ssl=1&resize=350%2C200 1x, https:\/\/i0.wp.com\/www.shqiperia.com\/blog\/wp-content\/uploads\/2024\/01\/konsiderohet-si-nje-nga-grate-me-te-bukura-ne-histori.jpg?fit=828%2C624&ssl=1&resize=525%2C300 1.5x, https:\/\/i0.wp.com\/www.shqiperia.com\/blog\/wp-content\/uploads\/2024\/01\/konsiderohet-si-nje-nga-grate-me-te-bukura-ne-histori.jpg?fit=828%2C624&ssl=1&resize=700%2C400 2x"},"classes":[]},{"id":16303,"url":"https:\/\/www.shqiperia.com\/blog\/nga-e-hena-nis-greva-e-pedagogeve-te-histori-filologjise-ja-vendimi-qe-u-mor\/","url_meta":{"origin":4347,"position":4},"title":"Nga e h\u00ebna nis greva e pedagog\u00ebve t\u00eb Histori-Filologjis\u00eb, ja vendimi q\u00eb u mor&#8230; &#8211;","author":"Kurt Farka","date":"January 18, 2019","format":false,"excerpt":"Nga e h\u00ebna nis greva e pedagog\u00ebve t\u00eb Histori-Filologjis\u00eb, ja vendimi q\u00eb u mor... - 18 Janar, 2019 Nga e h\u00ebna pedagog\u00eb t\u00eb Histori-Filologji do t\u00eb nisin grev\u00ebn p\u00ebr t\u00eb rr\u00ebzuar ligjin e Arsimit t\u00eb Lart\u00eb. Ky \u00ebshte vendimi q\u00eb \u00ebsht\u00eb marr\u00eb opera pak minutash nga student\u00ebt dhe pedagog\u00ebt e\u2026","rel":"","context":"In &quot;Blogu i Udh\u00ebtarit&quot;","block_context":{"text":"Blogu i Udh\u00ebtarit","link":"https:\/\/www.shqiperia.com\/blog\/category\/blogu-i-udhetarit\/"},"img":{"alt_text":"","src":"https:\/\/i0.wp.com\/www.shqiperia.com\/blog\/wp-content\/uploads\/2019\/01\/RAMA-STUDENTET-1.jpg?fit=640%2C356&ssl=1&resize=350%2C200","width":350,"height":200,"srcset":"https:\/\/i0.wp.com\/www.shqiperia.com\/blog\/wp-content\/uploads\/2019\/01\/RAMA-STUDENTET-1.jpg?fit=640%2C356&ssl=1&resize=350%2C200 1x, https:\/\/i0.wp.com\/www.shqiperia.com\/blog\/wp-content\/uploads\/2019\/01\/RAMA-STUDENTET-1.jpg?fit=640%2C356&ssl=1&resize=525%2C300 1.5x"},"classes":[]},{"id":57074,"url":"https:\/\/www.shqiperia.com\/blog\/ministerja-edona-bilali-po-pergatit-nje-tjeter-histori-suksesi-fintech-ne-shqiperi\/","url_meta":{"origin":4347,"position":5},"title":"Ministerja Edona Bilali: &#8211; \u00a0Po p\u00ebrgatit nj\u00eb tjet\u00ebr histori suksesi. &#8211; Fintech n\u00eb Shqip\u00ebri","author":"Kurt Farka","date":"April 22, 2022","format":false,"excerpt":"Ministerja Edona Bilali: - \u00a0Po p\u00ebrgatit nj\u00eb tjet\u00ebr histori suksesi. - Fintech n\u00eb Shqip\u00ebri 22 prill 2022 Sot me z. Eno Kotmilo dhe z.Armand Brahaj, p\u00ebrfaq\u00ebsues t\u00eb \"Rubicon\". Kjo nj\u00eb kompani e re e formuar n\u00eb vitin 2020 por me ambicie p\u00ebr t\u00eb revolucionarizuar tregun e sh\u00ebrbimeve financiare n\u00eb vend.\u2026","rel":"","context":"In &quot;Blogu i Udh\u00ebtarit&quot;","block_context":{"text":"Blogu i Udh\u00ebtarit","link":"https:\/\/www.shqiperia.com\/blog\/category\/blogu-i-udhetarit\/"},"img":{"alt_text":"","src":"https:\/\/i0.wp.com\/www.shqiperia.com\/blog\/wp-content\/uploads\/2022\/04\/Po-pergatit-nje-tjeter-histori-suksesi-Fintech-ne-Shqiperi-Copy.jpg?fit=1200%2C676&ssl=1&resize=350%2C200","width":350,"height":200,"srcset":"https:\/\/i0.wp.com\/www.shqiperia.com\/blog\/wp-content\/uploads\/2022\/04\/Po-pergatit-nje-tjeter-histori-suksesi-Fintech-ne-Shqiperi-Copy.jpg?fit=1200%2C676&ssl=1&resize=350%2C200 1x, https:\/\/i0.wp.com\/www.shqiperia.com\/blog\/wp-content\/uploads\/2022\/04\/Po-pergatit-nje-tjeter-histori-suksesi-Fintech-ne-Shqiperi-Copy.jpg?fit=1200%2C676&ssl=1&resize=525%2C300 1.5x, https:\/\/i0.wp.com\/www.shqiperia.com\/blog\/wp-content\/uploads\/2022\/04\/Po-pergatit-nje-tjeter-histori-suksesi-Fintech-ne-Shqiperi-Copy.jpg?fit=1200%2C676&ssl=1&resize=700%2C400 2x, https:\/\/i0.wp.com\/www.shqiperia.com\/blog\/wp-content\/uploads\/2022\/04\/Po-pergatit-nje-tjeter-histori-suksesi-Fintech-ne-Shqiperi-Copy.jpg?fit=1200%2C676&ssl=1&resize=1050%2C600 3x"},"classes":[]}],"_links":{"self":[{"href":"https:\/\/www.shqiperia.com\/blog\/wp-json\/wp\/v2\/posts\/4347","targetHints":{"allow":["GET"]}}],"collection":[{"href":"https:\/\/www.shqiperia.com\/blog\/wp-json\/wp\/v2\/posts"}],"about":[{"href":"https:\/\/www.shqiperia.com\/blog\/wp-json\/wp\/v2\/types\/post"}],"author":[{"embeddable":true,"href":"https:\/\/www.shqiperia.com\/blog\/wp-json\/wp\/v2\/users\/9"}],"replies":[{"embeddable":true,"href":"https:\/\/www.shqiperia.com\/blog\/wp-json\/wp\/v2\/comments?post=4347"}],"version-history":[{"count":3,"href":"https:\/\/www.shqiperia.com\/blog\/wp-json\/wp\/v2\/posts\/4347\/revisions"}],"predecessor-version":[{"id":4352,"href":"https:\/\/www.shqiperia.com\/blog\/wp-json\/wp\/v2\/posts\/4347\/revisions\/4352"}],"wp:featuredmedia":[{"embeddable":true,"href":"https:\/\/www.shqiperia.com\/blog\/wp-json\/wp\/v2\/media\/4348"}],"wp:attachment":[{"href":"https:\/\/www.shqiperia.com\/blog\/wp-json\/wp\/v2\/media?parent=4347"}],"wp:term":[{"taxonomy":"category","embeddable":true,"href":"https:\/\/www.shqiperia.com\/blog\/wp-json\/wp\/v2\/categories?post=4347"},{"taxonomy":"post_tag","embeddable":true,"href":"https:\/\/www.shqiperia.com\/blog\/wp-json\/wp\/v2\/tags?post=4347"}],"curies":[{"name":"wp","href":"https:\/\/api.w.org\/{rel}","templated":true}]}}