{"id":4335,"date":"2018-03-04T19:25:10","date_gmt":"2018-03-04T19:25:10","guid":{"rendered":"http:\/\/www.shqiperia.com\/blog\/?p=4335"},"modified":"2018-03-04T19:25:29","modified_gmt":"2018-03-04T19:25:29","slug":"gjetjet-arkeologjike-ne-dresnik-te-klines-vlera-te-jashtezakonshme","status":"publish","type":"post","link":"https:\/\/www.shqiperia.com\/blog\/gjetjet-arkeologjike-ne-dresnik-te-klines-vlera-te-jashtezakonshme\/","title":{"rendered":"Gjetjet arkeologjike n\u00eb Dresnik t\u00eb Klin\u00ebs, me vlera t\u00eb jasht\u00ebzakonshme. &#8211;"},"content":{"rendered":"<p><strong><img data-recalc-dims=\"1\" loading=\"lazy\" decoding=\"async\" data-attachment-id=\"4336\" data-permalink=\"https:\/\/www.shqiperia.com\/blog\/gjetjet-arkeologjike-ne-dresnik-te-klines-vlera-te-jashtezakonshme\/bazilika-ne-dersnik-4-640x424\/\" data-orig-file=\"https:\/\/i0.wp.com\/www.shqiperia.com\/blog\/wp-content\/uploads\/2018\/03\/Bazilika-ne-Dersnik-4-640x424.jpg?fit=640%2C424&amp;ssl=1\" data-orig-size=\"640,424\" data-comments-opened=\"1\" data-image-meta=\"{&quot;aperture&quot;:&quot;0&quot;,&quot;credit&quot;:&quot;&quot;,&quot;camera&quot;:&quot;&quot;,&quot;caption&quot;:&quot;&quot;,&quot;created_timestamp&quot;:&quot;0&quot;,&quot;copyright&quot;:&quot;&quot;,&quot;focal_length&quot;:&quot;0&quot;,&quot;iso&quot;:&quot;0&quot;,&quot;shutter_speed&quot;:&quot;0&quot;,&quot;title&quot;:&quot;&quot;,&quot;orientation&quot;:&quot;0&quot;}\" data-image-title=\"Bazilika-ne-Dersnik-4-640&#215;424\" data-image-description=\"\" data-image-caption=\"\" data-medium-file=\"https:\/\/i0.wp.com\/www.shqiperia.com\/blog\/wp-content\/uploads\/2018\/03\/Bazilika-ne-Dersnik-4-640x424.jpg?fit=300%2C199&amp;ssl=1\" data-large-file=\"https:\/\/i0.wp.com\/www.shqiperia.com\/blog\/wp-content\/uploads\/2018\/03\/Bazilika-ne-Dersnik-4-640x424.jpg?fit=640%2C424&amp;ssl=1\" class=\"alignnone wp-image-4336\" alt=\"\" src=\"https:\/\/i0.wp.com\/www.shqiperia.com\/blog\/wp-content\/uploads\/2018\/03\/Bazilika-ne-Dersnik-4-640x424-300x199.jpg?resize=378%2C251\" width=\"378\" height=\"251\" srcset=\"https:\/\/i0.wp.com\/www.shqiperia.com\/blog\/wp-content\/uploads\/2018\/03\/Bazilika-ne-Dersnik-4-640x424.jpg?resize=300%2C199&amp;ssl=1 300w, https:\/\/i0.wp.com\/www.shqiperia.com\/blog\/wp-content\/uploads\/2018\/03\/Bazilika-ne-Dersnik-4-640x424.jpg?resize=640%2C424&amp;ssl=1 640w\" sizes=\"auto, (max-width: 378px) 100vw, 378px\" \/><\/strong><\/p>\n<p><strong>\u00a0\u2013 <\/strong>G\u00ebrmimet arkeologjike t\u00eb fshatin Dresnik t\u00eb Komun\u00ebs s\u00eb Klin\u00ebs, t\u00eb nisura n\u00eb vitin 2012, kan\u00eb zbuluar n\u00eb gjetje me vler\u00eb t\u00eb jasht\u00ebzakonshme arkeologjike. Ekspert\u00ebt mendojn\u00eb se b\u00ebhet fjal\u00eb p\u00ebr objekte q\u00eb i takojn\u00eb periudh\u00ebs romake. Ky zbulim konsiderohet si nga m\u00eb t\u00eb r\u00ebnd\u00ebsishmit q\u00eb ka ndodhur p\u00ebr disa dekada n\u00eb Kosov\u00eb n\u00eb fush\u00ebn e arkeologjis\u00eb.<\/p>\n<p><img data-recalc-dims=\"1\" loading=\"lazy\" decoding=\"async\" data-attachment-id=\"4337\" data-permalink=\"https:\/\/www.shqiperia.com\/blog\/gjetjet-arkeologjike-ne-dresnik-te-klines-vlera-te-jashtezakonshme\/bazilika-ne-dersnik-3-300x300\/\" data-orig-file=\"https:\/\/i0.wp.com\/www.shqiperia.com\/blog\/wp-content\/uploads\/2018\/03\/Bazilika-ne-Dersnik-3-300x300.jpg?fit=300%2C300&amp;ssl=1\" data-orig-size=\"300,300\" data-comments-opened=\"1\" data-image-meta=\"{&quot;aperture&quot;:&quot;0&quot;,&quot;credit&quot;:&quot;&quot;,&quot;camera&quot;:&quot;&quot;,&quot;caption&quot;:&quot;&quot;,&quot;created_timestamp&quot;:&quot;0&quot;,&quot;copyright&quot;:&quot;&quot;,&quot;focal_length&quot;:&quot;0&quot;,&quot;iso&quot;:&quot;0&quot;,&quot;shutter_speed&quot;:&quot;0&quot;,&quot;title&quot;:&quot;&quot;,&quot;orientation&quot;:&quot;0&quot;}\" data-image-title=\"Bazilika-ne-Dersnik-3-300&#215;300\" data-image-description=\"\" data-image-caption=\"\" data-medium-file=\"https:\/\/i0.wp.com\/www.shqiperia.com\/blog\/wp-content\/uploads\/2018\/03\/Bazilika-ne-Dersnik-3-300x300.jpg?fit=300%2C300&amp;ssl=1\" data-large-file=\"https:\/\/i0.wp.com\/www.shqiperia.com\/blog\/wp-content\/uploads\/2018\/03\/Bazilika-ne-Dersnik-3-300x300.jpg?fit=300%2C300&amp;ssl=1\" class=\"alignnone wp-image-4337\" alt=\"\" src=\"https:\/\/i0.wp.com\/www.shqiperia.com\/blog\/wp-content\/uploads\/2018\/03\/Bazilika-ne-Dersnik-3-300x300.jpg?resize=474%2C474\" width=\"474\" height=\"474\" srcset=\"https:\/\/i0.wp.com\/www.shqiperia.com\/blog\/wp-content\/uploads\/2018\/03\/Bazilika-ne-Dersnik-3-300x300.jpg?resize=300%2C300&amp;ssl=1 300w, https:\/\/i0.wp.com\/www.shqiperia.com\/blog\/wp-content\/uploads\/2018\/03\/Bazilika-ne-Dersnik-3-300x300.jpg?resize=150%2C150&amp;ssl=1 150w\" sizes=\"auto, (max-width: 474px) 100vw, 474px\" \/><\/p>\n<p>G\u00ebrmimet po b\u00ebhen nga Institutit Arkeologjik i Kosov\u00ebs, n\u00ebn udh\u00ebheqjen e arkeologut Masar Valla, nd\u00ebrsa fondet p\u00ebr g\u00ebrmime jan\u00eb siguruar nga Ministria e Kultur\u00ebs, Rinis\u00eb dhe Sportit.<\/p>\n<p>Hap\u00ebsira e zones arkeologjike vler\u00ebsohet t\u00eb jet\u00eb rreth 300 metra katror\u00eb, si dhe t\u00eb hap\u00ebsir\u00ebs p\u00ebrreth.<\/p>\n<p>Zbulimet e deritashme jan\u00eb mbres\u00ebl\u00ebn\u00ebse.<\/p>\n<p><img data-recalc-dims=\"1\" loading=\"lazy\" decoding=\"async\" data-attachment-id=\"4338\" data-permalink=\"https:\/\/www.shqiperia.com\/blog\/gjetjet-arkeologjike-ne-dresnik-te-klines-vlera-te-jashtezakonshme\/bazilika-dersnik-300x300\/\" data-orig-file=\"https:\/\/i0.wp.com\/www.shqiperia.com\/blog\/wp-content\/uploads\/2018\/03\/Bazilika-Dersnik-300x300.jpg?fit=300%2C300&amp;ssl=1\" data-orig-size=\"300,300\" data-comments-opened=\"1\" data-image-meta=\"{&quot;aperture&quot;:&quot;0&quot;,&quot;credit&quot;:&quot;&quot;,&quot;camera&quot;:&quot;&quot;,&quot;caption&quot;:&quot;&quot;,&quot;created_timestamp&quot;:&quot;0&quot;,&quot;copyright&quot;:&quot;&quot;,&quot;focal_length&quot;:&quot;0&quot;,&quot;iso&quot;:&quot;0&quot;,&quot;shutter_speed&quot;:&quot;0&quot;,&quot;title&quot;:&quot;&quot;,&quot;orientation&quot;:&quot;0&quot;}\" data-image-title=\"Bazilika-Dersnik-300&#215;300\" data-image-description=\"\" data-image-caption=\"\" data-medium-file=\"https:\/\/i0.wp.com\/www.shqiperia.com\/blog\/wp-content\/uploads\/2018\/03\/Bazilika-Dersnik-300x300.jpg?fit=300%2C300&amp;ssl=1\" data-large-file=\"https:\/\/i0.wp.com\/www.shqiperia.com\/blog\/wp-content\/uploads\/2018\/03\/Bazilika-Dersnik-300x300.jpg?fit=300%2C300&amp;ssl=1\" class=\"alignnone wp-image-4338\" alt=\"\" src=\"https:\/\/i0.wp.com\/www.shqiperia.com\/blog\/wp-content\/uploads\/2018\/03\/Bazilika-Dersnik-300x300.jpg?resize=607%2C607\" width=\"607\" height=\"607\" srcset=\"https:\/\/i0.wp.com\/www.shqiperia.com\/blog\/wp-content\/uploads\/2018\/03\/Bazilika-Dersnik-300x300.jpg?resize=300%2C300&amp;ssl=1 300w, https:\/\/i0.wp.com\/www.shqiperia.com\/blog\/wp-content\/uploads\/2018\/03\/Bazilika-Dersnik-300x300.jpg?resize=150%2C150&amp;ssl=1 150w\" sizes=\"auto, (max-width: 607px) 100vw, 607px\" \/> <img data-recalc-dims=\"1\" loading=\"lazy\" decoding=\"async\" data-attachment-id=\"4339\" data-permalink=\"https:\/\/www.shqiperia.com\/blog\/gjetjet-arkeologjike-ne-dresnik-te-klines-vlera-te-jashtezakonshme\/bazilika-ne-dersnik-300x300\/\" data-orig-file=\"https:\/\/i0.wp.com\/www.shqiperia.com\/blog\/wp-content\/uploads\/2018\/03\/Bazilika-ne-Dersnik-300x300.jpg?fit=300%2C300&amp;ssl=1\" data-orig-size=\"300,300\" data-comments-opened=\"1\" data-image-meta=\"{&quot;aperture&quot;:&quot;0&quot;,&quot;credit&quot;:&quot;&quot;,&quot;camera&quot;:&quot;&quot;,&quot;caption&quot;:&quot;&quot;,&quot;created_timestamp&quot;:&quot;0&quot;,&quot;copyright&quot;:&quot;&quot;,&quot;focal_length&quot;:&quot;0&quot;,&quot;iso&quot;:&quot;0&quot;,&quot;shutter_speed&quot;:&quot;0&quot;,&quot;title&quot;:&quot;&quot;,&quot;orientation&quot;:&quot;0&quot;}\" data-image-title=\"Bazilika-ne-Dersnik-300&#215;300\" data-image-description=\"\" data-image-caption=\"\" data-medium-file=\"https:\/\/i0.wp.com\/www.shqiperia.com\/blog\/wp-content\/uploads\/2018\/03\/Bazilika-ne-Dersnik-300x300.jpg?fit=300%2C300&amp;ssl=1\" data-large-file=\"https:\/\/i0.wp.com\/www.shqiperia.com\/blog\/wp-content\/uploads\/2018\/03\/Bazilika-ne-Dersnik-300x300.jpg?fit=300%2C300&amp;ssl=1\" class=\"alignnone wp-image-4339\" alt=\"\" src=\"https:\/\/i0.wp.com\/www.shqiperia.com\/blog\/wp-content\/uploads\/2018\/03\/Bazilika-ne-Dersnik-300x300.jpg?resize=635%2C635\" width=\"635\" height=\"635\" srcset=\"https:\/\/i0.wp.com\/www.shqiperia.com\/blog\/wp-content\/uploads\/2018\/03\/Bazilika-ne-Dersnik-300x300.jpg?resize=300%2C300&amp;ssl=1 300w, https:\/\/i0.wp.com\/www.shqiperia.com\/blog\/wp-content\/uploads\/2018\/03\/Bazilika-ne-Dersnik-300x300.jpg?resize=150%2C150&amp;ssl=1 150w\" sizes=\"auto, (max-width: 635px) 100vw, 635px\" \/><\/p>\n<p>\u201cNga informatat q\u00eb kam marr\u00eb nga ekspert\u00ebt tan\u00eb del se ky mund t\u00eb jet\u00eb zbulimi m\u00eb interesant q\u00eb \u00ebsht\u00eb b\u00ebr\u00eb n\u00eb Kosov\u00eb p\u00ebr disa dekada, sa i p\u00ebrket fush\u00ebs s\u00eb arkeologjis\u00eb\u201d, ka th\u00ebn\u00eb ai.<\/p>\n<p>Ministria e Kultures se Kosoves do t\u2019i jap\u00eb prioritet g\u00ebrmimeve n\u00eb k\u00ebt\u00eb lokalitet dhe ka paraqitur iden\u00eb p\u00ebr nd\u00ebrtimin e nj\u00eb muzeu t\u00eb hapur arkeologjik.<\/p>\n<p>Kjo \u00ebsht\u00eb nj\u00eb pun\u00eb q\u00eb\u00a0 nxjerr n\u00eb pah qytet\u00ebrimin e hersh\u00ebm t\u00eb t\u00eb par\u00ebve tan\u00eb, i cili ka lul\u00ebzuar para shum\u00eb shekujve. Monumenti i zbuluar n\u00eb lokalitetin arkeologjik t\u00eb Dresnikut \u00ebsht\u00eb i vetmi i k\u00ebtij lloji i zbuluar deri m\u00eb tash n\u00eb territorin e Kosov\u00ebs. Dyshemet\u00eb e t\u00eb gjitha ndarjeve t\u00eb tij jan\u00eb t\u00eb shkruara me mozaik\u00eb shum\u00ebngjyr\u00ebsh, t\u00eb punuar n\u00eb m\u00ebnyr\u00eb t\u00eb ve\u00e7ant\u00eb. (R.M.)<\/p>\n","protected":false},"excerpt":{"rendered":"<p>\u00a0\u2013 G\u00ebrmimet arkeologjike t\u00eb fshatin Dresnik t\u00eb Komun\u00ebs s\u00eb Klin\u00ebs, t\u00eb nisura n\u00eb vitin 2012, kan\u00eb zbuluar n\u00eb gjetje me vler\u00eb t\u00eb jasht\u00ebzakonshme arkeologjike. Ekspert\u00ebt mendojn\u00eb se b\u00ebhet fjal\u00eb p\u00ebr objekte q\u00eb i takojn\u00eb periudh\u00ebs romake. Ky zbulim konsiderohet si nga m\u00eb t\u00eb r\u00ebnd\u00ebsishmit q\u00eb ka ndodhur p\u00ebr disa dekada n\u00eb Kosov\u00eb n\u00eb fush\u00ebn e [&hellip;]<\/p>\n","protected":false},"author":9,"featured_media":4336,"comment_status":"open","ping_status":"open","sticky":false,"template":"","format":"standard","meta":{"jetpack_post_was_ever_published":false,"_jetpack_newsletter_access":"","_jetpack_dont_email_post_to_subs":false,"_jetpack_newsletter_tier_id":0,"_jetpack_memberships_contains_paywalled_content":false,"_jetpack_memberships_contains_paid_content":false,"footnotes":"","jetpack_publicize_message":"","jetpack_publicize_feature_enabled":true,"jetpack_social_post_already_shared":true,"jetpack_social_options":{"image_generator_settings":{"template":"highway","default_image_id":0,"font":"","enabled":false},"version":2}},"categories":[86],"tags":[],"class_list":["post-4335","post","type-post","status-publish","format-standard","has-post-thumbnail","hentry","category-trashegimi-kulturore"],"jetpack_publicize_connections":[],"jetpack_featured_media_url":"https:\/\/i0.wp.com\/www.shqiperia.com\/blog\/wp-content\/uploads\/2018\/03\/Bazilika-ne-Dersnik-4-640x424.jpg?fit=640%2C424&ssl=1","jetpack_sharing_enabled":true,"jetpack_shortlink":"https:\/\/wp.me\/p5Z6wp-17V","jetpack-related-posts":[{"id":105096,"url":"https:\/\/www.shqiperia.com\/blog\/blendi-gonxhe-legalizon-shkaterrimin-e-kalase-se-lekuresit-resorti-me-leje-arkeologjike-false\/","url_meta":{"origin":4335,"position":0},"title":"Blendi Gonxhe legalizon shkat\u00ebrrimin e Kalas\u00eb s\u00eb L\u00ebkur\u00ebsit, resorti me leje arkeologjike false","author":"Kurt Farka","date":"August 24, 2026","format":false,"excerpt":"24 Gusht 2026 P\u00ebr Blendi Gonxhen ka disa dosje t\u00eb agjencive europiane p\u00ebr p\u00ebrfshirje t\u00eb tij n\u00eb aktivitete kriminale gjat\u00eb viteve 2002-2008 n\u00eb Spanj\u00eb, ku u arratis pas hapjes s\u00eb dig\u00ebs s\u00eb Liqenit t\u00eb Tiran\u00ebs, dhe n\u00eb Itali e Greqi si emigrant. Dosje p\u00ebr z. Blendi Gonxhen ka dhe drejt\u00ebsia\u2026","rel":"","context":"In &quot;Blogu i Udh\u00ebtarit&quot;","block_context":{"text":"Blogu i Udh\u00ebtarit","link":"https:\/\/www.shqiperia.com\/blog\/category\/blogu-i-udhetarit\/"},"img":{"alt_text":"","src":"https:\/\/i0.wp.com\/www.shqiperia.com\/blog\/wp-content\/uploads\/2026\/08\/ijh-6a8c014e75999.jpg?fit=854%2C482&ssl=1&resize=350%2C200","width":350,"height":200,"srcset":"https:\/\/i0.wp.com\/www.shqiperia.com\/blog\/wp-content\/uploads\/2026\/08\/ijh-6a8c014e75999.jpg?fit=854%2C482&ssl=1&resize=350%2C200 1x, https:\/\/i0.wp.com\/www.shqiperia.com\/blog\/wp-content\/uploads\/2026\/08\/ijh-6a8c014e75999.jpg?fit=854%2C482&ssl=1&resize=525%2C300 1.5x, https:\/\/i0.wp.com\/www.shqiperia.com\/blog\/wp-content\/uploads\/2026\/08\/ijh-6a8c014e75999.jpg?fit=854%2C482&ssl=1&resize=700%2C400 2x"},"classes":[]},{"id":105424,"url":"https:\/\/www.shqiperia.com\/blog\/turizmi-kulturor-nen-kritika-auron-tare-ciceronet-filipineze-promovojne-qendrat-arkeologjike\/","url_meta":{"origin":4335,"position":1},"title":"Turizmi kulturor n\u00ebn kritika, Auron Tare: &#8211; Ciceron\u00ebt filipinez\u00eb promovojn\u00eb qendrat arkeologjike","author":"Kurt Farka","date":"August 29, 2026","format":false,"excerpt":"29 Gusht 2026 M\u00ebnyra se si po zhvillohet dhe promovohet turizmi kulturor n\u00eb vend po ngre pik\u00ebpyetje, ve\u00e7an\u00ebrisht sa i p\u00ebrket menaxhimit dhe promovimit t\u00eb trash\u00ebgimis\u00eb arkeologjike. Studiuesi Auron Tare ka reaguar ndaj m\u00ebnyr\u00ebs se si po zhvillohet turizmi kulturor n\u00eb vend, duke ngritur nj\u00eb s\u00ebr\u00eb kritikash p\u00ebr modelin q\u00eb\u2026","rel":"","context":"In &quot;Blogu i Udh\u00ebtarit&quot;","block_context":{"text":"Blogu i Udh\u00ebtarit","link":"https:\/\/www.shqiperia.com\/blog\/category\/blogu-i-udhetarit\/"},"img":{"alt_text":"","src":"https:\/\/i0.wp.com\/www.shqiperia.com\/blog\/wp-content\/uploads\/2026\/08\/BUTRINTI.jpg?fit=1095%2C574&ssl=1&resize=350%2C200","width":350,"height":200,"srcset":"https:\/\/i0.wp.com\/www.shqiperia.com\/blog\/wp-content\/uploads\/2026\/08\/BUTRINTI.jpg?fit=1095%2C574&ssl=1&resize=350%2C200 1x, https:\/\/i0.wp.com\/www.shqiperia.com\/blog\/wp-content\/uploads\/2026\/08\/BUTRINTI.jpg?fit=1095%2C574&ssl=1&resize=525%2C300 1.5x, https:\/\/i0.wp.com\/www.shqiperia.com\/blog\/wp-content\/uploads\/2026\/08\/BUTRINTI.jpg?fit=1095%2C574&ssl=1&resize=700%2C400 2x, https:\/\/i0.wp.com\/www.shqiperia.com\/blog\/wp-content\/uploads\/2026\/08\/BUTRINTI.jpg?fit=1095%2C574&ssl=1&resize=1050%2C600 3x"},"classes":[]},{"id":104197,"url":"https:\/\/www.shqiperia.com\/blog\/anija-romake-2100-vjecare-me-500-amfora-gjendet-ne-brigjet-e-sicilise\/","url_meta":{"origin":4335,"position":2},"title":"Anija romake 2100-vje\u00e7are me 500 amfora gjendet n\u00eb brigjet e Si\u00e7ilis\u00eb","author":"Kurt Farka","date":"August 11, 2026","format":false,"excerpt":"11 Gusht 2026 Nj\u00eb anije e mbytur romake 2,100-vje\u00e7are q\u00eb mbante rreth 500 amfora \u00ebsht\u00eb zbuluar 3 milje larg brigjeve t\u00eb Mazara del Vallo n\u00eb Si\u00e7ili. Skuadra italiane e mbrojtjes s\u00eb trash\u00ebgimis\u00eb kulturore t\u00eb Karabinier\u00ebve hetoi rr\u00ebnojat me ndihm\u00ebn e zhyt\u00ebsve dhe kamerave n\u00ebnujore, pasi mori nj\u00eb informacion nga peshkatar\u00ebt.\u2026","rel":"","context":"In &quot;Blogu i Udh\u00ebtarit&quot;","block_context":{"text":"Blogu i Udh\u00ebtarit","link":"https:\/\/www.shqiperia.com\/blog\/category\/blogu-i-udhetarit\/"},"img":{"alt_text":"","src":"https:\/\/i0.wp.com\/www.shqiperia.com\/blog\/wp-content\/uploads\/2026\/08\/auto_ANIJA1786383635-1.png?fit=900%2C414&ssl=1&resize=350%2C200","width":350,"height":200,"srcset":"https:\/\/i0.wp.com\/www.shqiperia.com\/blog\/wp-content\/uploads\/2026\/08\/auto_ANIJA1786383635-1.png?fit=900%2C414&ssl=1&resize=350%2C200 1x, https:\/\/i0.wp.com\/www.shqiperia.com\/blog\/wp-content\/uploads\/2026\/08\/auto_ANIJA1786383635-1.png?fit=900%2C414&ssl=1&resize=525%2C300 1.5x, https:\/\/i0.wp.com\/www.shqiperia.com\/blog\/wp-content\/uploads\/2026\/08\/auto_ANIJA1786383635-1.png?fit=900%2C414&ssl=1&resize=700%2C400 2x"},"classes":[]},{"id":104393,"url":"https:\/\/www.shqiperia.com\/blog\/ja-si-blendi-gonxhe-shkaterroi-zonat-arkeologjike-legalizoi-156-ndertime-pa-leje-pas-nisjes-se-punimeve-dalin\/","url_meta":{"origin":4335,"position":3},"title":"Ja si Blendi Gonxhe shkat\u00ebrroi zonat arkeologjike, legalizoi 156 nd\u00ebrtime pa leje pas nisjes s\u00eb punimeve, dalin\u2026","author":"Kurt Farka","date":"August 14, 2026","format":false,"excerpt":"14 Gusht 2026 Endri Haxhiu shfaqet prej vitesh pran\u00eb Blendi Gonxhes, duke e ndjekur at\u00eb n\u00eb disa prej posteve m\u00eb t\u00eb r\u00ebnd\u00ebsishme q\u00eb ka mbajtur. Nga Drejtoria e P\u00ebrgjithshme e Sh\u00ebrbimeve t\u00eb Transportit Rrugor, te Ministria e Kultur\u00ebs, Haxhiu ka vijuar t\u00eb jet\u00eb pjes\u00eb e strukturave ku ka ushtruar detyr\u00ebn\u2026","rel":"","context":"In &quot;Blogu i Udh\u00ebtarit&quot;","block_context":{"text":"Blogu i Udh\u00ebtarit","link":"https:\/\/www.shqiperia.com\/blog\/category\/blogu-i-udhetarit\/"},"img":{"alt_text":"","src":"https:\/\/i0.wp.com\/www.shqiperia.com\/blog\/wp-content\/uploads\/2026\/08\/hkhhhkhh-2.jpg?fit=516%2C400&ssl=1&resize=350%2C200","width":350,"height":200},"classes":[]},{"id":101351,"url":"https:\/\/www.shqiperia.com\/blog\/arkeologji-vendbanimi-i-zvernecit-mund-te-krahasohet-e-barazohet-me-kulturat-me-te-zhvilluara-paleolitike-te-evropes-musteriane-e-salutriane\/","url_meta":{"origin":4335,"position":4},"title":"Arkeologji: &#8211; Prof. Korkuti: &#8211; Vendbanimi i Zv\u00ebrnecit, mund t\u00eb krahasohet e barazohet me kulturat me t\u00eb zhvilluara paleolitike t\u00eb Evrop\u00ebs (Musteriane e Salutriane).","author":"Kurt Farka","date":"June 10, 2026","format":false,"excerpt":"10 Qershor 2026 Zbulime te Specialistit te Trashegimise Novruz Bajramaj. \"Gjat\u00eb muajit qershor t\u00eb k\u00ebsaj vere (viti 2016) pata nj\u00eb k\u00ebnaq\u00ebsi t\u00eb ve\u00e7ant\u00eb; s\u00eb bashku me kolegun e vjet\u00ebr, mjeshtrin e monumenteve Novrus Bajrami, vizituam disa stacione paleolitike t\u00eb reja dhe u njoh\u00ebm me gjetjet, veglat e strallit, t\u00eb zbuluara\u2026","rel":"","context":"In &quot;Blogu i Udh\u00ebtarit&quot;","block_context":{"text":"Blogu i Udh\u00ebtarit","link":"https:\/\/www.shqiperia.com\/blog\/category\/blogu-i-udhetarit\/"},"img":{"alt_text":"","src":"https:\/\/i0.wp.com\/www.shqiperia.com\/blog\/wp-content\/uploads\/2026\/06\/Novruz-Bajramaj.jpg?fit=960%2C720&ssl=1&resize=350%2C200","width":350,"height":200,"srcset":"https:\/\/i0.wp.com\/www.shqiperia.com\/blog\/wp-content\/uploads\/2026\/06\/Novruz-Bajramaj.jpg?fit=960%2C720&ssl=1&resize=350%2C200 1x, https:\/\/i0.wp.com\/www.shqiperia.com\/blog\/wp-content\/uploads\/2026\/06\/Novruz-Bajramaj.jpg?fit=960%2C720&ssl=1&resize=525%2C300 1.5x, https:\/\/i0.wp.com\/www.shqiperia.com\/blog\/wp-content\/uploads\/2026\/06\/Novruz-Bajramaj.jpg?fit=960%2C720&ssl=1&resize=700%2C400 2x"},"classes":[]},{"id":105404,"url":"https:\/\/www.shqiperia.com\/blog\/vidhet-thesari-3-mijevjecar-grabitesit-moren-objektet-e-rralla-ne-nje-muze-ne-spanje\/","url_meta":{"origin":4335,"position":5},"title":"VIDHET THESARI 3-MIJ\u00cbVJE\u00c7AR\/ Grabit\u00ebsit mor\u00ebn objektet e rralla n\u00eb nj\u00eb muze n\u00eb Spanj\u00eb","author":"Kurt Farka","date":"August 28, 2026","format":false,"excerpt":"28 Gusht 2026 Nj\u00eb prej thesareve m\u00eb t\u00eb \u00e7muara arkeologjike t\u00eb Evrop\u00ebs \u00ebsht\u00eb zhdukur nga nj\u00eb muze n\u00eb Spanj\u00eb, m\u00eb shum\u00eb se 3 mij\u00eb vite pasi ishte krijuar. Persona ende t\u00eb paidentifikuar kan\u00eb grabitur nj\u00eb pjes\u00eb ose t\u00eb gjith\u00eb Thesarin e Villen\u00ebs, nd\u00ebrsa policia ka nisur hetimet p\u00ebr t\u00eb zbardhur\u2026","rel":"","context":"In &quot;Blogu i Udh\u00ebtarit&quot;","block_context":{"text":"Blogu i Udh\u00ebtarit","link":"https:\/\/www.shqiperia.com\/blog\/category\/blogu-i-udhetarit\/"},"img":{"alt_text":"","src":"https:\/\/i0.wp.com\/www.shqiperia.com\/blog\/wp-content\/uploads\/2026\/08\/Spanje-VIDHET-THESARI-3-MIJEVJECAR.png?fit=640%2C356&ssl=1&resize=350%2C200","width":350,"height":200,"srcset":"https:\/\/i0.wp.com\/www.shqiperia.com\/blog\/wp-content\/uploads\/2026\/08\/Spanje-VIDHET-THESARI-3-MIJEVJECAR.png?fit=640%2C356&ssl=1&resize=350%2C200 1x, https:\/\/i0.wp.com\/www.shqiperia.com\/blog\/wp-content\/uploads\/2026\/08\/Spanje-VIDHET-THESARI-3-MIJEVJECAR.png?fit=640%2C356&ssl=1&resize=525%2C300 1.5x"},"classes":[]}],"_links":{"self":[{"href":"https:\/\/www.shqiperia.com\/blog\/wp-json\/wp\/v2\/posts\/4335","targetHints":{"allow":["GET"]}}],"collection":[{"href":"https:\/\/www.shqiperia.com\/blog\/wp-json\/wp\/v2\/posts"}],"about":[{"href":"https:\/\/www.shqiperia.com\/blog\/wp-json\/wp\/v2\/types\/post"}],"author":[{"embeddable":true,"href":"https:\/\/www.shqiperia.com\/blog\/wp-json\/wp\/v2\/users\/9"}],"replies":[{"embeddable":true,"href":"https:\/\/www.shqiperia.com\/blog\/wp-json\/wp\/v2\/comments?post=4335"}],"version-history":[{"count":1,"href":"https:\/\/www.shqiperia.com\/blog\/wp-json\/wp\/v2\/posts\/4335\/revisions"}],"predecessor-version":[{"id":4340,"href":"https:\/\/www.shqiperia.com\/blog\/wp-json\/wp\/v2\/posts\/4335\/revisions\/4340"}],"wp:featuredmedia":[{"embeddable":true,"href":"https:\/\/www.shqiperia.com\/blog\/wp-json\/wp\/v2\/media\/4336"}],"wp:attachment":[{"href":"https:\/\/www.shqiperia.com\/blog\/wp-json\/wp\/v2\/media?parent=4335"}],"wp:term":[{"taxonomy":"category","embeddable":true,"href":"https:\/\/www.shqiperia.com\/blog\/wp-json\/wp\/v2\/categories?post=4335"},{"taxonomy":"post_tag","embeddable":true,"href":"https:\/\/www.shqiperia.com\/blog\/wp-json\/wp\/v2\/tags?post=4335"}],"curies":[{"name":"wp","href":"https:\/\/api.w.org\/{rel}","templated":true}]}}