{"id":4332,"date":"2018-03-04T18:14:29","date_gmt":"2018-03-04T18:14:29","guid":{"rendered":"http:\/\/www.shqiperia.com\/blog\/?p=4332"},"modified":"2018-03-04T18:14:29","modified_gmt":"2018-03-04T18:14:29","slug":"shqiptaret-duan-te-ikin-te-gjitha-menyrat-thote-policia","status":"publish","type":"post","link":"https:\/\/www.shqiperia.com\/blog\/shqiptaret-duan-te-ikin-te-gjitha-menyrat-thote-policia\/","title":{"rendered":"Shqiptar\u00ebt duan t\u00eb ikin, me t\u00eb gjitha m\u00ebnyrat: thote Policia. &#8211;"},"content":{"rendered":"<p><strong><img data-recalc-dims=\"1\" loading=\"lazy\" decoding=\"async\" data-attachment-id=\"4333\" data-permalink=\"https:\/\/www.shqiperia.com\/blog\/shqiptaret-duan-te-ikin-te-gjitha-menyrat-thote-policia\/azilkerkues\/\" data-orig-file=\"https:\/\/i0.wp.com\/www.shqiperia.com\/blog\/wp-content\/uploads\/2018\/03\/azilkerkues.jpg?fit=640%2C360&amp;ssl=1\" data-orig-size=\"640,360\" data-comments-opened=\"1\" data-image-meta=\"{&quot;aperture&quot;:&quot;0&quot;,&quot;credit&quot;:&quot;&quot;,&quot;camera&quot;:&quot;&quot;,&quot;caption&quot;:&quot;&quot;,&quot;created_timestamp&quot;:&quot;0&quot;,&quot;copyright&quot;:&quot;&quot;,&quot;focal_length&quot;:&quot;0&quot;,&quot;iso&quot;:&quot;0&quot;,&quot;shutter_speed&quot;:&quot;0&quot;,&quot;title&quot;:&quot;&quot;,&quot;orientation&quot;:&quot;0&quot;}\" data-image-title=\"azilkerkues\" data-image-description=\"\" data-image-caption=\"\" data-medium-file=\"https:\/\/i0.wp.com\/www.shqiperia.com\/blog\/wp-content\/uploads\/2018\/03\/azilkerkues.jpg?fit=300%2C169&amp;ssl=1\" data-large-file=\"https:\/\/i0.wp.com\/www.shqiperia.com\/blog\/wp-content\/uploads\/2018\/03\/azilkerkues.jpg?fit=640%2C360&amp;ssl=1\" class=\"alignnone  wp-image-4333\" alt=\"\" src=\"https:\/\/i0.wp.com\/www.shqiperia.com\/blog\/wp-content\/uploads\/2018\/03\/azilkerkues-300x169.jpg?resize=360%2C203\" width=\"360\" height=\"203\" srcset=\"https:\/\/i0.wp.com\/www.shqiperia.com\/blog\/wp-content\/uploads\/2018\/03\/azilkerkues.jpg?resize=300%2C169&amp;ssl=1 300w, https:\/\/i0.wp.com\/www.shqiperia.com\/blog\/wp-content\/uploads\/2018\/03\/azilkerkues.jpg?w=640&amp;ssl=1 640w\" sizes=\"auto, (max-width: 360px) 100vw, 360px\" \/><\/strong><\/p>\n<p>Shqiptar\u00ebt duan t\u00eb ikin nga Shqip\u00ebria! T\u00eb pakt\u00ebn n\u00eb k\u00ebt\u00eb p\u00ebrfundim arrin me t\u00eb dh\u00ebnat e reja t\u00eb publikuara nga policia.<br \/>\nP\u00ebr dy muaj, nga fillimi i janarit deri n\u00eb shkurt policia thot\u00eb se, 3307 qytetar\u00eb nuk jan\u00eb lejuar q\u00eb t\u00eb udh\u00ebtojn\u00eb jasht\u00eb Shqip\u00ebris\u00eb p\u00ebr shkak t\u00eb mosplot\u00ebsimit t\u00eb kushteve drejt vendeve t\u00eb Shengen.<\/p>\n<p>Nga k\u00ebta, 246 jan\u00eb t\u00eb mitur. N\u00eb bashk\u00ebpunim me FRONTEX, sipas policis\u00eb jan\u00eb kryer 156 operacione me 1044 shtetas t\u00eb kthyer.<\/p>\n<p><img data-recalc-dims=\"1\" loading=\"lazy\" decoding=\"async\" data-attachment-id=\"4333\" data-permalink=\"https:\/\/www.shqiperia.com\/blog\/shqiptaret-duan-te-ikin-te-gjitha-menyrat-thote-policia\/azilkerkues\/\" data-orig-file=\"https:\/\/i0.wp.com\/www.shqiperia.com\/blog\/wp-content\/uploads\/2018\/03\/azilkerkues.jpg?fit=640%2C360&amp;ssl=1\" data-orig-size=\"640,360\" data-comments-opened=\"1\" data-image-meta=\"{&quot;aperture&quot;:&quot;0&quot;,&quot;credit&quot;:&quot;&quot;,&quot;camera&quot;:&quot;&quot;,&quot;caption&quot;:&quot;&quot;,&quot;created_timestamp&quot;:&quot;0&quot;,&quot;copyright&quot;:&quot;&quot;,&quot;focal_length&quot;:&quot;0&quot;,&quot;iso&quot;:&quot;0&quot;,&quot;shutter_speed&quot;:&quot;0&quot;,&quot;title&quot;:&quot;&quot;,&quot;orientation&quot;:&quot;0&quot;}\" data-image-title=\"azilkerkues\" data-image-description=\"\" data-image-caption=\"\" data-medium-file=\"https:\/\/i0.wp.com\/www.shqiperia.com\/blog\/wp-content\/uploads\/2018\/03\/azilkerkues.jpg?fit=300%2C169&amp;ssl=1\" data-large-file=\"https:\/\/i0.wp.com\/www.shqiperia.com\/blog\/wp-content\/uploads\/2018\/03\/azilkerkues.jpg?fit=640%2C360&amp;ssl=1\" class=\"alignnone  wp-image-4333\" alt=\"\" src=\"https:\/\/i0.wp.com\/www.shqiperia.com\/blog\/wp-content\/uploads\/2018\/03\/azilkerkues-300x169.jpg?resize=662%2C373\" width=\"662\" height=\"373\" srcset=\"https:\/\/i0.wp.com\/www.shqiperia.com\/blog\/wp-content\/uploads\/2018\/03\/azilkerkues.jpg?resize=300%2C169&amp;ssl=1 300w, https:\/\/i0.wp.com\/www.shqiperia.com\/blog\/wp-content\/uploads\/2018\/03\/azilkerkues.jpg?w=640&amp;ssl=1 640w\" sizes=\"auto, (max-width: 662px) 100vw, 662px\" \/><\/p>\n<p>Po ashtu jan\u00eb riatdhesuar 21 t\u00eb mitur, nd\u00ebrsa jan\u00eb kapur 311 shtetas shqiptar p\u00ebr kalim t\u00eb paligjsh\u00ebm t\u00eb kufirit. Sipas policis\u00eb 45 persona jan\u00eb proceduar, pasi kan\u00eb p\u00ebrdor dokumente udh\u00ebtimi t\u00eb falsifikuara.<\/p>\n<p>Nga: Gazeta Shqiptare.<\/p>\n","protected":false},"excerpt":{"rendered":"<p>Shqiptar\u00ebt duan t\u00eb ikin nga Shqip\u00ebria! T\u00eb pakt\u00ebn n\u00eb k\u00ebt\u00eb p\u00ebrfundim arrin me t\u00eb dh\u00ebnat e reja t\u00eb publikuara nga policia. P\u00ebr dy muaj, nga fillimi i janarit deri n\u00eb shkurt policia thot\u00eb se, 3307 qytetar\u00eb nuk jan\u00eb lejuar q\u00eb t\u00eb udh\u00ebtojn\u00eb jasht\u00eb Shqip\u00ebris\u00eb p\u00ebr shkak t\u00eb mosplot\u00ebsimit t\u00eb kushteve drejt vendeve t\u00eb Shengen. Nga [&hellip;]<\/p>\n","protected":false},"author":9,"featured_media":4333,"comment_status":"open","ping_status":"open","sticky":false,"template":"","format":"standard","meta":{"jetpack_post_was_ever_published":false,"_jetpack_newsletter_access":"","_jetpack_dont_email_post_to_subs":false,"_jetpack_newsletter_tier_id":0,"_jetpack_memberships_contains_paywalled_content":false,"_jetpack_memberships_contains_paid_content":false,"footnotes":"","jetpack_publicize_message":"","jetpack_publicize_feature_enabled":true,"jetpack_social_post_already_shared":true,"jetpack_social_options":{"image_generator_settings":{"template":"highway","default_image_id":0,"font":"","enabled":false},"version":2}},"categories":[27],"tags":[],"class_list":["post-4332","post","type-post","status-publish","format-standard","has-post-thumbnail","hentry","category-blogu-i-udhetarit"],"jetpack_publicize_connections":[],"jetpack_featured_media_url":"https:\/\/i0.wp.com\/www.shqiperia.com\/blog\/wp-content\/uploads\/2018\/03\/azilkerkues.jpg?fit=640%2C360&ssl=1","jetpack_sharing_enabled":true,"jetpack_shortlink":"https:\/\/wp.me\/p5Z6wp-17S","jetpack-related-posts":[{"id":101027,"url":"https:\/\/www.shqiperia.com\/blog\/dy-te-rinjte-nga-kosova-humben-jeten-ne-shengjin\/","url_meta":{"origin":4332,"position":0},"title":"Dy t\u00eb rinjt\u00eb nga Kosova humb\u00ebn jet\u00ebn n\u00eb Sh\u00ebngjin&#8230;","author":"Kurt Farka","date":"June 3, 2026","format":false,"excerpt":"3 Qershor 2026 Tre t\u00eb tjer\u00eb vijojn\u00eb t\u00eb marrin ndihm\u00eb mjek\u00ebsore. Nj\u00eb tragjedi \u00ebsht\u00eb sh\u00ebnuar pasditen e k\u00ebsaj t\u00eb m\u00ebrkure n\u00eb zon\u00ebn e Ran\u00ebs s\u00eb Hedhun n\u00eb Sh\u00ebngjin, ku dy t\u00eb rinj nga Kosova kan\u00eb humbur jet\u00ebn pasi u mor\u00ebn nga dallg\u00ebt e forta t\u00eb detit. Viktimat jan\u00eb identifikuar si\u00a0Leonid\u2026","rel":"","context":"In &quot;Njoftime Shtypi&quot;","block_context":{"text":"Njoftime Shtypi","link":"https:\/\/www.shqiperia.com\/blog\/category\/njoftime-shtypi\/"},"img":{"alt_text":"","src":"https:\/\/i0.wp.com\/www.shqiperia.com\/blog\/wp-content\/uploads\/2026\/06\/sd-696x392-1.webp?fit=696%2C392&ssl=1&resize=350%2C200","width":350,"height":200,"srcset":"https:\/\/i0.wp.com\/www.shqiperia.com\/blog\/wp-content\/uploads\/2026\/06\/sd-696x392-1.webp?fit=696%2C392&ssl=1&resize=350%2C200 1x, https:\/\/i0.wp.com\/www.shqiperia.com\/blog\/wp-content\/uploads\/2026\/06\/sd-696x392-1.webp?fit=696%2C392&ssl=1&resize=525%2C300 1.5x"},"classes":[]},{"id":102642,"url":"https:\/\/www.shqiperia.com\/blog\/policia-i-shpall-lufte-piromaneve-zjarrvenesve-29-te-arrestuar-ne-gjashte-jave-vere-per-zjarrvenie-apeli-denoncojini-autoret-ruajme-anonimatin\/","url_meta":{"origin":4332,"position":1},"title":"Policia i shpall luft\u00eb piroman\u00ebve (zjarrv\u00ebn\u00ebsve), 29 t\u00eb arrestuar n\u00eb gjasht\u00eb jav\u00eb vere p\u00ebr zjarrv\u00ebnie! Apeli: Denoncojini autor\u00ebt, ruajm\u00eb anonimatin!","author":"Kurt Farka","date":"July 14, 2026","format":false,"excerpt":"14 Korrik 2026 Ata akuzohen p\u00ebr ndezjen e vatrave n\u00eb territore t\u00eb ndryshme, si kullota, pem\u00ebtari, ara tok\u00eb, shkurre, prona e bim\u00ebsi. Vet\u00ebm gjat\u00eb 24 or\u00ebve t\u00eb fundit, jan\u00eb identifikuar dhe arrestuar n\u00eb flagranc\u00eb 2 shtetas, nd\u00ebrsa \u00ebsht\u00eb proceduar n\u00eb gjendje t\u00eb lir\u00eb 1 tjet\u00ebr, t\u00eb dyshuar si autor\u00eb t\u00eb\u2026","rel":"","context":"In &quot;Blogu i Udh\u00ebtarit&quot;","block_context":{"text":"Blogu i Udh\u00ebtarit","link":"https:\/\/www.shqiperia.com\/blog\/category\/blogu-i-udhetarit\/"},"img":{"alt_text":"","src":"https:\/\/i0.wp.com\/www.shqiperia.com\/blog\/wp-content\/uploads\/2026\/07\/zjarri-policia.jpg?fit=1200%2C659&ssl=1&resize=350%2C200","width":350,"height":200,"srcset":"https:\/\/i0.wp.com\/www.shqiperia.com\/blog\/wp-content\/uploads\/2026\/07\/zjarri-policia.jpg?fit=1200%2C659&ssl=1&resize=350%2C200 1x, https:\/\/i0.wp.com\/www.shqiperia.com\/blog\/wp-content\/uploads\/2026\/07\/zjarri-policia.jpg?fit=1200%2C659&ssl=1&resize=525%2C300 1.5x, https:\/\/i0.wp.com\/www.shqiperia.com\/blog\/wp-content\/uploads\/2026\/07\/zjarri-policia.jpg?fit=1200%2C659&ssl=1&resize=700%2C400 2x, https:\/\/i0.wp.com\/www.shqiperia.com\/blog\/wp-content\/uploads\/2026\/07\/zjarri-policia.jpg?fit=1200%2C659&ssl=1&resize=1050%2C600 3x"},"classes":[]},{"id":104682,"url":"https:\/\/www.shqiperia.com\/blog\/ngaterrohet-identiteti-i-viktimes-ne-ksamil-nga-francez-ne-portugez-policia-zbardh-te-dhena-te-reja-per-ngjarjen\/","url_meta":{"origin":4332,"position":2},"title":"Ngat\u00ebrrohet identiteti i viktim\u00ebs n\u00eb Ksamil\/ Nga francez n\u00eb portugez, policia zbardh t\u00eb dh\u00ebna t\u00eb reja p\u00ebr ngjarjen","author":"Kurt Farka","date":"August 18, 2026","format":false,"excerpt":"18 Gusht 2026 Policia ka zbuluar t\u00eb dh\u00ebna t\u00eb reja mbi identitetin e viktim\u00ebs. Fillimisht u njoftua se i riu ishte shtetas francez, po pas verifikimeve ka rezultuar se ai \u00ebsht\u00eb portugez dhe quhet Luis Miguel Varela Mendes. Identifikimi i tij \u00ebsht\u00eb b\u00ebr\u00eb nga mjeti i identifikimit. Sipas autoriteteve hetimet\u2026","rel":"","context":"In &quot;Blogu i Udh\u00ebtarit&quot;","block_context":{"text":"Blogu i Udh\u00ebtarit","link":"https:\/\/www.shqiperia.com\/blog\/category\/blogu-i-udhetarit\/"},"img":{"alt_text":"","src":"https:\/\/i0.wp.com\/www.shqiperia.com\/blog\/wp-content\/uploads\/2026\/08\/ksamil-1-1-1-6a843dd1823f6.jpg?fit=752%2C430&ssl=1&resize=350%2C200","width":350,"height":200,"srcset":"https:\/\/i0.wp.com\/www.shqiperia.com\/blog\/wp-content\/uploads\/2026\/08\/ksamil-1-1-1-6a843dd1823f6.jpg?fit=752%2C430&ssl=1&resize=350%2C200 1x, https:\/\/i0.wp.com\/www.shqiperia.com\/blog\/wp-content\/uploads\/2026\/08\/ksamil-1-1-1-6a843dd1823f6.jpg?fit=752%2C430&ssl=1&resize=525%2C300 1.5x, https:\/\/i0.wp.com\/www.shqiperia.com\/blog\/wp-content\/uploads\/2026\/08\/ksamil-1-1-1-6a843dd1823f6.jpg?fit=752%2C430&ssl=1&resize=700%2C400 2x"},"classes":[]},{"id":100588,"url":"https:\/\/www.shqiperia.com\/blog\/jonathan-pano-shpopullimi-nuk-eshte-rastesi-por-nje-axhende-e-qeverise\/","url_meta":{"origin":4332,"position":3},"title":"Jonathan Pano: &#8211; Shpopullimi nuk \u00ebsht\u00eb rast\u00ebsi, por nj\u00eb axhend\u00eb e qeveris\u00eb","author":"Kurt Farka","date":"May 22, 2026","format":false,"excerpt":"22 Maji 2026 I ftuar n\u00eb nj\u00eb studio televizive Jonathan Pano, an\u00ebtar i K\u00ebshillit Bashkiak t\u00eb Tiran\u00ebs nga radh\u00ebt e opozit\u00ebs, ngriti alarmin p\u00ebr ritmet e shpopullimit n\u00eb Shqip\u00ebri, duke iu referuar t\u00eb dh\u00ebnave t\u00eb Eurostat dhe analizave t\u00eb ekspert\u00ebve t\u00eb demografis\u00eb. Sipas Panos, raportimet p\u00ebr rreth 29 mij\u00eb persona\u2026","rel":"","context":"In &quot;Blogu i Udh\u00ebtarit&quot;","block_context":{"text":"Blogu i Udh\u00ebtarit","link":"https:\/\/www.shqiperia.com\/blog\/category\/blogu-i-udhetarit\/"},"img":{"alt_text":"","src":"https:\/\/i0.wp.com\/www.shqiperia.com\/blog\/wp-content\/uploads\/2026\/05\/nfk.jpg?fit=773%2C528&ssl=1&resize=350%2C200","width":350,"height":200,"srcset":"https:\/\/i0.wp.com\/www.shqiperia.com\/blog\/wp-content\/uploads\/2026\/05\/nfk.jpg?fit=773%2C528&ssl=1&resize=350%2C200 1x, https:\/\/i0.wp.com\/www.shqiperia.com\/blog\/wp-content\/uploads\/2026\/05\/nfk.jpg?fit=773%2C528&ssl=1&resize=525%2C300 1.5x, https:\/\/i0.wp.com\/www.shqiperia.com\/blog\/wp-content\/uploads\/2026\/05\/nfk.jpg?fit=773%2C528&ssl=1&resize=700%2C400 2x"},"classes":[]},{"id":103773,"url":"https:\/\/www.shqiperia.com\/blog\/habiten-shqiptaret-kush-eshte-ky-minister-shqiptaret-nuk-jane-ndare-kurre-ne-ata-brenda-dhe-jashte-kufirit-shteteror\/","url_meta":{"origin":4332,"position":4},"title":"Habiten Shqiptaret Kush \u00ebsht\u00eb ky Minister(!?) &#8211; Shqiptar\u00ebt nuk jan\u00eb ndar\u00eb kurr\u00eb n\u00eb ata \u201cbrenda\u201d dhe \u201cjasht\u00eb\u201d kufirit shtet\u00ebror.","author":"Kurt Farka","date":"August 4, 2026","format":false,"excerpt":"4 Gusht 2026 Valon Bela, i cili u shpall \u201cnon grata\u201d nga Ministria e Brendshme p\u00ebr veprime n\u00eb d\u00ebm t\u00eb Shqip\u00ebris\u00eb, ka reaguar me an\u00eb t\u00eb nj\u00eb postimi p\u00ebr vendimin q\u00eb u mor ndaj tij. Sipas tij dinjiteti i nj\u00eb luft\u00ebtari nuk matet me t\u00eb drejt\u00ebn p\u00ebr t\u00eb hyr\u00eb ose\u2026","rel":"","context":"In &quot;Blogu i Udh\u00ebtarit&quot;","block_context":{"text":"Blogu i Udh\u00ebtarit","link":"https:\/\/www.shqiperia.com\/blog\/category\/blogu-i-udhetarit\/"},"img":{"alt_text":"","src":"https:\/\/i0.wp.com\/www.shqiperia.com\/blog\/wp-content\/uploads\/2026\/08\/Ministri-Besfort-Lamallari-1.png?fit=900%2C573&ssl=1&resize=350%2C200","width":350,"height":200,"srcset":"https:\/\/i0.wp.com\/www.shqiperia.com\/blog\/wp-content\/uploads\/2026\/08\/Ministri-Besfort-Lamallari-1.png?fit=900%2C573&ssl=1&resize=350%2C200 1x, https:\/\/i0.wp.com\/www.shqiperia.com\/blog\/wp-content\/uploads\/2026\/08\/Ministri-Besfort-Lamallari-1.png?fit=900%2C573&ssl=1&resize=525%2C300 1.5x, https:\/\/i0.wp.com\/www.shqiperia.com\/blog\/wp-content\/uploads\/2026\/08\/Ministri-Besfort-Lamallari-1.png?fit=900%2C573&ssl=1&resize=700%2C400 2x"},"classes":[]},{"id":102382,"url":"https:\/\/www.shqiperia.com\/blog\/shqiptaret-po-mbrojne-te-drejtat-e-tyre-the-guardian-protestat-masive-po-vene-ne-pikepyetje-drejtimin-e-vendit\/","url_meta":{"origin":4332,"position":5},"title":"\u201cShqiptar\u00ebt po mbrojn\u00eb t\u00eb drejtat e tyre\u201d\/ The Guardian: &#8211; Protestat masive po v\u00ebn\u00eb n\u00eb pik\u00ebpyetje drejtimin e vendit","author":"Kurt Farka","date":"July 9, 2026","format":false,"excerpt":"9 Korrik 2026 Prestigjozja britanike The Guardian i ka kushtuar nj\u00eb artikull zhvillimeve t\u00eb fundit n\u00eb vend, t\u00eb cilat lidhen me protestat masive p\u00ebrmes s\u00eb cilave \u00ebsht\u00eb k\u00ebrkuar dor\u00ebheqja e panegociueshme e kryeministrit Edi Rama. N\u00eb shkrimin e saj theksohet se shqiptar\u00ebt jan\u00eb t\u00eb zem\u00ebruar, pasi zhvillimet luksoze multimiliarda dollar\u00ebshe\u2026","rel":"","context":"In &quot;Blogu i Udh\u00ebtarit&quot;","block_context":{"text":"Blogu i Udh\u00ebtarit","link":"https:\/\/www.shqiperia.com\/blog\/category\/blogu-i-udhetarit\/"},"img":{"alt_text":"","src":"https:\/\/i0.wp.com\/www.shqiperia.com\/blog\/wp-content\/uploads\/2026\/07\/IMG_0182.jpg.png?fit=640%2C359&ssl=1&resize=350%2C200","width":350,"height":200,"srcset":"https:\/\/i0.wp.com\/www.shqiperia.com\/blog\/wp-content\/uploads\/2026\/07\/IMG_0182.jpg.png?fit=640%2C359&ssl=1&resize=350%2C200 1x, https:\/\/i0.wp.com\/www.shqiperia.com\/blog\/wp-content\/uploads\/2026\/07\/IMG_0182.jpg.png?fit=640%2C359&ssl=1&resize=525%2C300 1.5x"},"classes":[]}],"_links":{"self":[{"href":"https:\/\/www.shqiperia.com\/blog\/wp-json\/wp\/v2\/posts\/4332","targetHints":{"allow":["GET"]}}],"collection":[{"href":"https:\/\/www.shqiperia.com\/blog\/wp-json\/wp\/v2\/posts"}],"about":[{"href":"https:\/\/www.shqiperia.com\/blog\/wp-json\/wp\/v2\/types\/post"}],"author":[{"embeddable":true,"href":"https:\/\/www.shqiperia.com\/blog\/wp-json\/wp\/v2\/users\/9"}],"replies":[{"embeddable":true,"href":"https:\/\/www.shqiperia.com\/blog\/wp-json\/wp\/v2\/comments?post=4332"}],"version-history":[{"count":1,"href":"https:\/\/www.shqiperia.com\/blog\/wp-json\/wp\/v2\/posts\/4332\/revisions"}],"predecessor-version":[{"id":4334,"href":"https:\/\/www.shqiperia.com\/blog\/wp-json\/wp\/v2\/posts\/4332\/revisions\/4334"}],"wp:featuredmedia":[{"embeddable":true,"href":"https:\/\/www.shqiperia.com\/blog\/wp-json\/wp\/v2\/media\/4333"}],"wp:attachment":[{"href":"https:\/\/www.shqiperia.com\/blog\/wp-json\/wp\/v2\/media?parent=4332"}],"wp:term":[{"taxonomy":"category","embeddable":true,"href":"https:\/\/www.shqiperia.com\/blog\/wp-json\/wp\/v2\/categories?post=4332"},{"taxonomy":"post_tag","embeddable":true,"href":"https:\/\/www.shqiperia.com\/blog\/wp-json\/wp\/v2\/tags?post=4332"}],"curies":[{"name":"wp","href":"https:\/\/api.w.org\/{rel}","templated":true}]}}