{"id":43002,"date":"2021-01-17T01:23:32","date_gmt":"2021-01-17T01:23:32","guid":{"rendered":"https:\/\/www.shqiperia.com\/blog\/?p=43002"},"modified":"2024-07-01T07:30:49","modified_gmt":"2024-07-01T07:30:49","slug":"jaho-brahaj-shqyptari-ngadhnjyes-drame-e-shtjefen-gjecov-kryeziut-per-skenderbeun-dhe-familjen-e-tij","status":"publish","type":"post","link":"https:\/\/www.shqiperia.com\/blog\/jaho-brahaj-shqyptari-ngadhnjyes-drame-e-shtjefen-gjecov-kryeziut-per-skenderbeun-dhe-familjen-e-tij\/","title":{"rendered":"Jaho Brahaj: &#8211; &#8220;Shqyptari Ngadhnjyes&#8221;,  dram\u00eb e Shtjef\u00ebn Gje\u00e7ov Kryeziut p\u00ebr Skenderbeun dhe Familjen e Tij"},"content":{"rendered":"<p><img data-recalc-dims=\"1\" loading=\"lazy\" decoding=\"async\" data-attachment-id=\"43003\" data-permalink=\"https:\/\/www.shqiperia.com\/blog\/jaho-brahaj-shqyptari-ngadhnjyes-drame-e-shtjefen-gjecov-kryeziut-per-skenderbeun-dhe-familjen-e-tij\/drama-shqyptari-ngadhnjyes-e-shtjefen-gjecov-kryeziut-2\/\" data-orig-file=\"https:\/\/i0.wp.com\/www.shqiperia.com\/blog\/wp-content\/uploads\/2021\/01\/Drama-Shqyptari-Ngadhnjyes-e-Shtjefen-Gjecov-Kryeziut-2.jpg?fit=726%2C471&amp;ssl=1\" data-orig-size=\"726,471\" data-comments-opened=\"1\" data-image-meta=\"{&quot;aperture&quot;:&quot;0&quot;,&quot;credit&quot;:&quot;&quot;,&quot;camera&quot;:&quot;&quot;,&quot;caption&quot;:&quot;&quot;,&quot;created_timestamp&quot;:&quot;0&quot;,&quot;copyright&quot;:&quot;&quot;,&quot;focal_length&quot;:&quot;0&quot;,&quot;iso&quot;:&quot;0&quot;,&quot;shutter_speed&quot;:&quot;0&quot;,&quot;title&quot;:&quot;&quot;,&quot;orientation&quot;:&quot;1&quot;}\" data-image-title=\"Drama Shqyptari Ngadhnjyes e Shtjefen Gjecov Kryeziut (2)\" data-image-description=\"\" data-image-caption=\"\" data-medium-file=\"https:\/\/i0.wp.com\/www.shqiperia.com\/blog\/wp-content\/uploads\/2021\/01\/Drama-Shqyptari-Ngadhnjyes-e-Shtjefen-Gjecov-Kryeziut-2.jpg?fit=300%2C195&amp;ssl=1\" data-large-file=\"https:\/\/i0.wp.com\/www.shqiperia.com\/blog\/wp-content\/uploads\/2021\/01\/Drama-Shqyptari-Ngadhnjyes-e-Shtjefen-Gjecov-Kryeziut-2.jpg?fit=726%2C471&amp;ssl=1\" class=\"alignnone wp-image-43003\" alt=\"\" src=\"https:\/\/i0.wp.com\/www.shqiperia.com\/blog\/wp-content\/uploads\/2021\/01\/Drama-Shqyptari-Ngadhnjyes-e-Shtjefen-Gjecov-Kryeziut-2.jpg?resize=565%2C369&#038;ssl=1\" width=\"565\" height=\"369\" srcset=\"https:\/\/i0.wp.com\/www.shqiperia.com\/blog\/wp-content\/uploads\/2021\/01\/Drama-Shqyptari-Ngadhnjyes-e-Shtjefen-Gjecov-Kryeziut-2.jpg?resize=300%2C195&amp;ssl=1 300w, https:\/\/i0.wp.com\/www.shqiperia.com\/blog\/wp-content\/uploads\/2021\/01\/Drama-Shqyptari-Ngadhnjyes-e-Shtjefen-Gjecov-Kryeziut-2.jpg?resize=400%2C260&amp;ssl=1 400w\" sizes=\"auto, (max-width: 565px) 100vw, 565px\" \/><\/p>\n<p>Botohet drama e Shtjef\u00ebn Gjecov Kryeziut &#8220;Shqyptari Ngadhnjyes&#8221; nga dorshkrimi i vitit 1904.<\/p>\n<p>Pergatitja p\u00ebr botim u realizua nga Jaho Brahaj<\/p>\n<p>Dram\u00eb e Shtjef\u00ebn Gje\u00e7ovit p\u00ebr Skenderbeun dhe Familjen e Tij<\/p>\n<p>Drama e titulluar: SHQYPTARI NGADHNJYES\u201d ruhet dorshkrim n\u00eb AQSh, \u00ebsht\u00eb shkruar n\u00eb vitin 1902 dhe ripunuar n\u00eb vitin 1904.<\/p>\n<p>Gje\u00e7ovi e kuptonte se gjinia e dram\u00ebs n\u00eb kushtet e analfabetizmit masiv ishte shum\u00eb e r\u00ebndesishme p\u00ebr nd\u00ebrgjegjesimin e vet\u00ebdijes etnike dhe p\u00ebr t\u00eb ngjallur urrejtjen ndaj pushtuesit. Drama \u00ebsht\u00eb n\u00eb vargje me personazhe historike dhe letrare, ngjarja zhvillohet n\u00eb qytetin e Krujes.<\/p>\n<p>Ndaj kenaqesine me lexuesin me k\u00ebt\u00eb rast q\u00eb dramen nga dorshkrim i Arkivit Qendror t\u00eb Shtetit e kam p\u00ebrgatitur dhe botuar n\u00eb Shtepin\u00eb Botuese \u201cBogdani-Pashku\u201d n\u00eb Prishtin\u00eb n\u00eb vitin 2002.<\/p>\n<p>Gje\u00e7ovi p\u00ebr Skenderbeut ka botuar dhe studime historike, poezi, tregime letrare, etj.<\/p>\n","protected":false},"excerpt":{"rendered":"<p>Botohet drama e Shtjef\u00ebn Gjecov Kryeziut &#8220;Shqyptari Ngadhnjyes&#8221; nga dorshkrimi i vitit 1904. Pergatitja p\u00ebr botim u realizua nga Jaho Brahaj Dram\u00eb e Shtjef\u00ebn Gje\u00e7ovit p\u00ebr Skenderbeun dhe Familjen e Tij Drama e titulluar: SHQYPTARI NGADHNJYES\u201d ruhet dorshkrim n\u00eb AQSh, \u00ebsht\u00eb shkruar n\u00eb vitin 1902 dhe ripunuar n\u00eb vitin 1904. Gje\u00e7ovi e kuptonte se gjinia [&hellip;]<\/p>\n","protected":false},"author":9,"featured_media":43003,"comment_status":"open","ping_status":"open","sticky":false,"template":"","format":"standard","meta":{"jetpack_post_was_ever_published":false,"_jetpack_newsletter_access":"","_jetpack_dont_email_post_to_subs":false,"_jetpack_newsletter_tier_id":0,"_jetpack_memberships_contains_paywalled_content":false,"_jetpack_memberships_contains_paid_content":false,"footnotes":"","jetpack_publicize_message":"","jetpack_publicize_feature_enabled":true,"jetpack_social_post_already_shared":true,"jetpack_social_options":{"image_generator_settings":{"template":"highway","default_image_id":0,"font":"","enabled":false},"version":2}},"categories":[85,10,86],"tags":[],"class_list":["post-43002","post","type-post","status-publish","format-standard","has-post-thumbnail","hentry","category-histori","category-kultura","category-trashegimi-kulturore"],"jetpack_publicize_connections":[],"jetpack_featured_media_url":"https:\/\/i0.wp.com\/www.shqiperia.com\/blog\/wp-content\/uploads\/2021\/01\/Drama-Shqyptari-Ngadhnjyes-e-Shtjefen-Gjecov-Kryeziut-2.jpg?fit=726%2C471&ssl=1","jetpack_sharing_enabled":true,"jetpack_shortlink":"https:\/\/wp.me\/p5Z6wp-bbA","jetpack-related-posts":[{"id":12587,"url":"https:\/\/www.shqiperia.com\/blog\/12587-2\/","url_meta":{"origin":43002,"position":0},"title":"14 tetori dita perkujtimore e Renies se SHTJEFEN GJECOV KRYEZIUT. &#8211;","author":"Kurt Farka","date":"October 12, 2018","format":false,"excerpt":"14 tetori dita perkujtimore e Renies ee SHTJEFEN GJECOV KRYEZIUT. - Me 14 tetor eshte dita perkujtimore e Renies per lirine e Kosoves dhe te Drejtat e Shqipetareve,\u00a0 Shtjefen Gjecov \u00a0Kryeziu. \u00a0E perkujtoi kete date duke publikuar Kater Vepra te Shtjefen Gjecov Kryeziut qe kam \u00a0pergatitur dhe botuar, te cilat\u2026","rel":"","context":"In &quot;Histori&quot;","block_context":{"text":"Histori","link":"https:\/\/www.shqiperia.com\/blog\/category\/histori\/"},"img":{"alt_text":"","src":"https:\/\/i0.wp.com\/www.shqiperia.com\/blog\/wp-content\/uploads\/2018\/10\/Shtjefen-Gjecov-Kryeziu.png?fit=555%2C341&ssl=1&resize=350%2C200","width":350,"height":200,"srcset":"https:\/\/i0.wp.com\/www.shqiperia.com\/blog\/wp-content\/uploads\/2018\/10\/Shtjefen-Gjecov-Kryeziu.png?fit=555%2C341&ssl=1&resize=350%2C200 1x, https:\/\/i0.wp.com\/www.shqiperia.com\/blog\/wp-content\/uploads\/2018\/10\/Shtjefen-Gjecov-Kryeziu.png?fit=555%2C341&ssl=1&resize=525%2C300 1.5x"},"classes":[]},{"id":1928,"url":"https:\/\/www.shqiperia.com\/blog\/shtjefen-gjecov-kryeziu-drame-per-skenderbeun-1904\/","url_meta":{"origin":43002,"position":1},"title":"Shtjefen Gjecov  Kryeziu:  drame per SKENDERBEUN -1904","author":"Kurt Farka","date":"January 24, 2018","format":false,"excerpt":"Nga: Jaho Brahaj - Ne Arkivin Qendror te Shtetit Tirane ruhet ne dorshkrim drama e shkruar nga Shtjefen Gjegjov Kryeziu qe i kushtohet Dinastise Kastrioti, Drama titullohet \"Shqyptari Ngdhnjyes\", eshe shkruar ne priudhen 1902-04, dorshkrimi ruhet ne AQSH me nr: Fondi 58, dosja 34, dok. 1-39. Tema qe Gjecovi\u00a0 trajtoi\u2026","rel":"","context":"In &quot;Kultura&quot;","block_context":{"text":"Kultura","link":"https:\/\/www.shqiperia.com\/blog\/category\/kultura\/"},"img":{"alt_text":"","src":"https:\/\/i0.wp.com\/www.shqiperia.com\/blog\/wp-content\/uploads\/2018\/01\/1-555289_690083404369198_1658080114_n.jpg?fit=631%2C960&ssl=1&resize=350%2C200","width":350,"height":200,"srcset":"https:\/\/i0.wp.com\/www.shqiperia.com\/blog\/wp-content\/uploads\/2018\/01\/1-555289_690083404369198_1658080114_n.jpg?fit=631%2C960&ssl=1&resize=350%2C200 1x, https:\/\/i0.wp.com\/www.shqiperia.com\/blog\/wp-content\/uploads\/2018\/01\/1-555289_690083404369198_1658080114_n.jpg?fit=631%2C960&ssl=1&resize=525%2C300 1.5x"},"classes":[]},{"id":27071,"url":"https:\/\/www.shqiperia.com\/blog\/vula-peshkopale-e-nikolle-mekajshit-e-ruajtur-ne-koleksionin-e-shtjefen-gjecov-kryeziut\/","url_meta":{"origin":43002,"position":2},"title":"Vula Peshkopale e Nikoll\u00eb Mekajshit, e ruajtur n\u00eb koleksionin e Shtjef\u00ebn Gje\u00e7ov Kryeziut. &#8211;","author":"Kurt Farka","date":"October 17, 2019","format":false,"excerpt":"Vula Peshkopale e Nikoll\u00eb Mekajshit, e ruajtur n\u00eb koleksionin e Shtjef\u00ebn Gje\u00e7ov Kryeziut. Nj\u00eb imazh i nj\u00eb relikeje t\u00eb humbur, sillet n\u00eb p\u00ebrkujtim t\u00eb Shtjefen Gje\u00e7ov Kryeziut . Nga: Jaho Brahaj\u00a0 Nga: Gazeta Shqiptarja.com. - N\u00eb arkivin e Shtjef\u00ebn Gje\u00e7ov Kryeziut ruhej deri n\u00eb vitin 1945 Vula e Peshkopit Nikoll\u2026","rel":"","context":"In &quot;Histori&quot;","block_context":{"text":"Histori","link":"https:\/\/www.shqiperia.com\/blog\/category\/histori\/"},"img":{"alt_text":"","src":"https:\/\/i0.wp.com\/www.shqiperia.com\/blog\/wp-content\/uploads\/2019\/10\/Jaho-Brahaj-Vula-Peshkopale-e-Nikoll%C3%AB-Mekajshit-e-ruajtur-n%C3%AB-koleksionin-e-Shtjef%C3%ABn-Gje%C3%A7ov-Kryeziut.jpg?fit=1200%2C601&ssl=1&resize=350%2C200","width":350,"height":200,"srcset":"https:\/\/i0.wp.com\/www.shqiperia.com\/blog\/wp-content\/uploads\/2019\/10\/Jaho-Brahaj-Vula-Peshkopale-e-Nikoll%C3%AB-Mekajshit-e-ruajtur-n%C3%AB-koleksionin-e-Shtjef%C3%ABn-Gje%C3%A7ov-Kryeziut.jpg?fit=1200%2C601&ssl=1&resize=350%2C200 1x, https:\/\/i0.wp.com\/www.shqiperia.com\/blog\/wp-content\/uploads\/2019\/10\/Jaho-Brahaj-Vula-Peshkopale-e-Nikoll%C3%AB-Mekajshit-e-ruajtur-n%C3%AB-koleksionin-e-Shtjef%C3%ABn-Gje%C3%A7ov-Kryeziut.jpg?fit=1200%2C601&ssl=1&resize=525%2C300 1.5x, https:\/\/i0.wp.com\/www.shqiperia.com\/blog\/wp-content\/uploads\/2019\/10\/Jaho-Brahaj-Vula-Peshkopale-e-Nikoll%C3%AB-Mekajshit-e-ruajtur-n%C3%AB-koleksionin-e-Shtjef%C3%ABn-Gje%C3%A7ov-Kryeziut.jpg?fit=1200%2C601&ssl=1&resize=700%2C400 2x, https:\/\/i0.wp.com\/www.shqiperia.com\/blog\/wp-content\/uploads\/2019\/10\/Jaho-Brahaj-Vula-Peshkopale-e-Nikoll%C3%AB-Mekajshit-e-ruajtur-n%C3%AB-koleksionin-e-Shtjef%C3%ABn-Gje%C3%A7ov-Kryeziut.jpg?fit=1200%2C601&ssl=1&resize=1050%2C600 3x"},"classes":[]},{"id":63281,"url":"https:\/\/www.shqiperia.com\/blog\/perkujtim-i-dites-se-renies-ne-altarin-e-atedhut-te-shtjefen-gjecovit-dhe-nje-verejtje-per-ngaterrimin-e-fotove\/","url_meta":{"origin":43002,"position":3},"title":"P\u00ebrkujtim i dit\u00ebs s\u00eb r\u00ebnies n\u00eb Altarin e Atedhut t\u00eb Shtjef\u00ebn Gje\u00e7ovit dhe nj\u00eb v\u00ebrejtje p\u00ebr ngaterrimin e fotove","author":"Kurt Farka","date":"October 14, 2022","format":false,"excerpt":"14 Tetor 2022 Nga: Jaho Brahaj Nga: Drini.us Sot me 14 Tetor perkujtojme renien e Atdhetarit dhe albanologut Shtjefen Gje\u00e7ov Kryeziu. Me modesti duhet te permend se krahas shume shkrimeve me gjurmime arkivore dhe popullarizuese i kam kushtuar nje liber kesaj figure atdhetare dhe te studimeve shqiptare, botuar para disa\u2026","rel":"","context":"In &quot;Histori&quot;","block_context":{"text":"Histori","link":"https:\/\/www.shqiperia.com\/blog\/category\/histori\/"},"img":{"alt_text":"","src":"https:\/\/i0.wp.com\/www.shqiperia.com\/blog\/wp-content\/uploads\/2022\/10\/Shtjefen-Gjecov-Kryeziu.jpg?fit=646%2C467&ssl=1&resize=350%2C200","width":350,"height":200,"srcset":"https:\/\/i0.wp.com\/www.shqiperia.com\/blog\/wp-content\/uploads\/2022\/10\/Shtjefen-Gjecov-Kryeziu.jpg?fit=646%2C467&ssl=1&resize=350%2C200 1x, https:\/\/i0.wp.com\/www.shqiperia.com\/blog\/wp-content\/uploads\/2022\/10\/Shtjefen-Gjecov-Kryeziu.jpg?fit=646%2C467&ssl=1&resize=525%2C300 1.5x"},"classes":[]},{"id":26627,"url":"https:\/\/www.shqiperia.com\/blog\/nikolle-mekajshi-dhe-vula-peshkopale-e-tij-e-rujatur-ne-koleksionin-e-sh-gj-kryeziut\/","url_meta":{"origin":43002,"position":4},"title":"Vula Peshkopale e Nikoll\u00eb Mekajshit, e ruajtur n\u00eb koleksionin e Shtjef\u00ebn Gje\u00e7ov Kryeziut","author":"Kurt Farka","date":"October 4, 2019","format":false,"excerpt":"12 Prill 2024 Nga Jaho Brahaj. N\u00eb kuad\u00ebr t\u00eb \"Vitit t\u00eb Gjecovit\" n\u00eb 150 vjetorin e lindjes,\u00a0 te shpallur nga Akademia e Shkencave te Kosov\u00ebs. Nikoll\u00eb Mekajshi dhe Vula Peshkopale e tij e rujatur ne koleksionin e Sh. Gjecov Kryeziut. Ne arkivin e Shtjefen Gjecov Kryeziut ruhej deri ne vitin\u2026","rel":"","context":"In &quot;Histori&quot;","block_context":{"text":"Histori","link":"https:\/\/www.shqiperia.com\/blog\/category\/histori\/"},"img":{"alt_text":"","src":"https:\/\/i0.wp.com\/www.shqiperia.com\/blog\/wp-content\/uploads\/2019\/10\/Vula-Peshkopale-e-N.-Mekajshit-e-rujatur-ne-koleksionin-e-Sh.-Gj.-Kryeziut.-2.jpg?fit=1200%2C608&ssl=1&resize=350%2C200","width":350,"height":200,"srcset":"https:\/\/i0.wp.com\/www.shqiperia.com\/blog\/wp-content\/uploads\/2019\/10\/Vula-Peshkopale-e-N.-Mekajshit-e-rujatur-ne-koleksionin-e-Sh.-Gj.-Kryeziut.-2.jpg?fit=1200%2C608&ssl=1&resize=350%2C200 1x, https:\/\/i0.wp.com\/www.shqiperia.com\/blog\/wp-content\/uploads\/2019\/10\/Vula-Peshkopale-e-N.-Mekajshit-e-rujatur-ne-koleksionin-e-Sh.-Gj.-Kryeziut.-2.jpg?fit=1200%2C608&ssl=1&resize=525%2C300 1.5x, https:\/\/i0.wp.com\/www.shqiperia.com\/blog\/wp-content\/uploads\/2019\/10\/Vula-Peshkopale-e-N.-Mekajshit-e-rujatur-ne-koleksionin-e-Sh.-Gj.-Kryeziut.-2.jpg?fit=1200%2C608&ssl=1&resize=700%2C400 2x, https:\/\/i0.wp.com\/www.shqiperia.com\/blog\/wp-content\/uploads\/2019\/10\/Vula-Peshkopale-e-N.-Mekajshit-e-rujatur-ne-koleksionin-e-Sh.-Gj.-Kryeziut.-2.jpg?fit=1200%2C608&ssl=1&resize=1050%2C600 3x"},"classes":[]},{"id":43196,"url":"https:\/\/www.shqiperia.com\/blog\/nje-roman-pak-i-njohur-i-shtjefen-gjecov-kryeziut\/","url_meta":{"origin":43002,"position":5},"title":"NJ\u00cb ROMAN PAK I NJOHUR I SHTJEFEN GJE\u00c7OV &#8211; KRYEZIUT","author":"Kurt Farka","date":"January 22, 2021","format":false,"excerpt":"NJ\u00cb ROMAN PAK I NJOHUR I SHTJEFEN GJE\u00c7OV - KRYEZIUT \"Shp\u00ebrblesi i Bot\u00ebs ase Jeta e Jezu Krishtit\" Huazim nga WWW.Puka.shqiperia.com. Shp\u00ebrblesi i bot\u00ebs ase Jeta e Jezu Krishtit, t\u00eb cil\u00ebn, si duket, At\u00eb Shtjef\u00ebn Gje\u00e7ovi e shkroi gjat\u00eb q\u00ebndrimit t\u00eb tij si famullitar e m\u00ebsues n\u00eb Zym t\u00eb Hasit\u2026","rel":"","context":"In &quot;Blogu i Udh\u00ebtarit&quot;","block_context":{"text":"Blogu i Udh\u00ebtarit","link":"https:\/\/www.shqiperia.com\/blog\/category\/blogu-i-udhetarit\/"},"img":{"alt_text":"","src":"https:\/\/i0.wp.com\/www.shqiperia.com\/blog\/wp-content\/uploads\/2021\/01\/10934007_1626486390907991_7180751441997581574_n-Copy-300x180.jpg?resize=350%2C200&ssl=1","width":350,"height":200},"classes":[]}],"_links":{"self":[{"href":"https:\/\/www.shqiperia.com\/blog\/wp-json\/wp\/v2\/posts\/43002","targetHints":{"allow":["GET"]}}],"collection":[{"href":"https:\/\/www.shqiperia.com\/blog\/wp-json\/wp\/v2\/posts"}],"about":[{"href":"https:\/\/www.shqiperia.com\/blog\/wp-json\/wp\/v2\/types\/post"}],"author":[{"embeddable":true,"href":"https:\/\/www.shqiperia.com\/blog\/wp-json\/wp\/v2\/users\/9"}],"replies":[{"embeddable":true,"href":"https:\/\/www.shqiperia.com\/blog\/wp-json\/wp\/v2\/comments?post=43002"}],"version-history":[{"count":9,"href":"https:\/\/www.shqiperia.com\/blog\/wp-json\/wp\/v2\/posts\/43002\/revisions"}],"predecessor-version":[{"id":82368,"href":"https:\/\/www.shqiperia.com\/blog\/wp-json\/wp\/v2\/posts\/43002\/revisions\/82368"}],"wp:featuredmedia":[{"embeddable":true,"href":"https:\/\/www.shqiperia.com\/blog\/wp-json\/wp\/v2\/media\/43003"}],"wp:attachment":[{"href":"https:\/\/www.shqiperia.com\/blog\/wp-json\/wp\/v2\/media?parent=43002"}],"wp:term":[{"taxonomy":"category","embeddable":true,"href":"https:\/\/www.shqiperia.com\/blog\/wp-json\/wp\/v2\/categories?post=43002"},{"taxonomy":"post_tag","embeddable":true,"href":"https:\/\/www.shqiperia.com\/blog\/wp-json\/wp\/v2\/tags?post=43002"}],"curies":[{"name":"wp","href":"https:\/\/api.w.org\/{rel}","templated":true}]}}