{"id":42996,"date":"2021-01-16T23:11:11","date_gmt":"2021-01-16T23:11:11","guid":{"rendered":"https:\/\/www.shqiperia.com\/blog\/?p=42996"},"modified":"2021-01-16T23:11:22","modified_gmt":"2021-01-16T23:11:22","slug":"nje-skandal-i-ri-diplomatik","status":"publish","type":"post","link":"https:\/\/www.shqiperia.com\/blog\/nje-skandal-i-ri-diplomatik\/","title":{"rendered":"Nj\u00eb skandal i ri diplomatik!"},"content":{"rendered":"<p><img data-recalc-dims=\"1\" loading=\"lazy\" decoding=\"async\" data-attachment-id=\"42997\" data-permalink=\"https:\/\/www.shqiperia.com\/blog\/nje-skandal-i-ri-diplomatik\/sali-berisha-edi-rama-re-750x416\/\" data-orig-file=\"https:\/\/i0.wp.com\/www.shqiperia.com\/blog\/wp-content\/uploads\/2021\/01\/sali-berisha-edi-rama-re-750x416-1.jpg?fit=750%2C416&amp;ssl=1\" data-orig-size=\"750,416\" data-comments-opened=\"1\" data-image-meta=\"{&quot;aperture&quot;:&quot;0&quot;,&quot;credit&quot;:&quot;&quot;,&quot;camera&quot;:&quot;&quot;,&quot;caption&quot;:&quot;&quot;,&quot;created_timestamp&quot;:&quot;0&quot;,&quot;copyright&quot;:&quot;&quot;,&quot;focal_length&quot;:&quot;0&quot;,&quot;iso&quot;:&quot;0&quot;,&quot;shutter_speed&quot;:&quot;0&quot;,&quot;title&quot;:&quot;&quot;,&quot;orientation&quot;:&quot;1&quot;}\" data-image-title=\"sali-berisha-edi-rama-re-750&#215;416\" data-image-description=\"\" data-image-caption=\"\" data-medium-file=\"https:\/\/i0.wp.com\/www.shqiperia.com\/blog\/wp-content\/uploads\/2021\/01\/sali-berisha-edi-rama-re-750x416-1.jpg?fit=300%2C166&amp;ssl=1\" data-large-file=\"https:\/\/i0.wp.com\/www.shqiperia.com\/blog\/wp-content\/uploads\/2021\/01\/sali-berisha-edi-rama-re-750x416-1.jpg?fit=750%2C416&amp;ssl=1\" class=\"alignnone wp-image-42997\" alt=\"\" src=\"https:\/\/i0.wp.com\/www.shqiperia.com\/blog\/wp-content\/uploads\/2021\/01\/sali-berisha-edi-rama-re-750x416-1.jpg?resize=604%2C334&#038;ssl=1\" width=\"604\" height=\"334\" srcset=\"https:\/\/i0.wp.com\/www.shqiperia.com\/blog\/wp-content\/uploads\/2021\/01\/sali-berisha-edi-rama-re-750x416-1.jpg?resize=300%2C166&amp;ssl=1 300w, https:\/\/i0.wp.com\/www.shqiperia.com\/blog\/wp-content\/uploads\/2021\/01\/sali-berisha-edi-rama-re-750x416-1.jpg?resize=450%2C250&amp;ssl=1 450w, https:\/\/i0.wp.com\/www.shqiperia.com\/blog\/wp-content\/uploads\/2021\/01\/sali-berisha-edi-rama-re-750x416-1.jpg?resize=600%2C333&amp;ssl=1 600w, https:\/\/i0.wp.com\/www.shqiperia.com\/blog\/wp-content\/uploads\/2021\/01\/sali-berisha-edi-rama-re-750x416-1.jpg?resize=400%2C222&amp;ssl=1 400w, https:\/\/i0.wp.com\/www.shqiperia.com\/blog\/wp-content\/uploads\/2021\/01\/sali-berisha-edi-rama-re-750x416-1.jpg?w=750&amp;ssl=1 750w\" sizes=\"auto, (max-width: 604px) 100vw, 604px\" \/><\/p>\n<p>Nj\u00eb skandal i ri diplomatik!<\/p>\n<p>&#8211; 16\/01\/21<\/p>\n<p>Ambasada e Frances proteston ndaj sulmeve te Edvin Droges kunder Frances dhe Bashkimit Europian!<\/p>\n<p>Miq, ne nje note me shkrim drejtuar Ministrise sone per Europen, de facto per Azine dhe Punet e Jashtme, ambasada e Republikes se Frances hedh poshte si te paverteta akuzat e papergjegjshme te kreut te narkoqeverise shqiptare, i cili ne nje akt pacipesie, mosmirenjohje te turpshme akuzon Bashkimin Europian dhe vendet anetare si fajtore per papergjegjshmerine e tij te plote ne lenien e vendit pa vaksina anticovid 19.<\/p>\n<p>Ambasada informon shqiptaret se BE i ka dhene dhe vazhdon ti japi Shqiperise \u00e7do vit ndihme mbi 100 milione euro dmth me shume me distance se sa \u00e7do donator tjeter.<\/p>\n<p>Ambasada hedh poshte sulmin direkt te Edvin Droges ndaj Frances sikur gjoja ajo mban stock vaksinat dhe nuk i perdor e nuk i ndane ato me te tjeret si nje sulm qe bazohet ne mashtrimin dhe qe eshte i ndjeshem per njerezit.<\/p>\n<p>Franca, informon ambasada, brenda muajit janar do te kete vaksinuar 1 milione qytetare.<\/p>\n<p>Miq, me kete rast dua tju sqaroj se 6 muaj me pare opozita ne menyre te perseritur ngriti domosdoshmerine e kontakteve dhe kontratave direkte me kompanite prodhuese te vaksinave anticovid19 por Edvin Rama injoroi thirrjet e opozites dhe tani fut ne Shqiperi 970 vaksina kontrabande nga tregu i zi, te cilat mund te jane kallp, skarcitet etj etj dhe fajson paturpesisht Bashkimin Europian, Komisionin dhe vende anetare per lenien e vendit pa vaksina nderkohe qe Serbia nisi vaksinimin per se dyti te 20000 qytetareve te vet.<\/p>\n<p>Natyrisht Edvin Rama sot nuk perfaqeson shqiptaret por klanet e krimit dhe droges te narkoshtetit qe ndertoi dhe uroj qe aleatet dhe partneret tane ta realizojne kete sa me pare ne interesin me te mire te Shqiperise, Bashkimit Europian dhe vendeve anetare.<\/p>\n<p>Ketu me poshte keni noten e ambasades se Republikes se Frances drejtuar Ministrise per Europen, de fakto Azise dhe Puneve te Jashtme per skandalin e fundit diplomatik te Edvin Droges.<\/p>\n<p>Nga Sali Berisha<\/p>\n<p>Gazeta Mapo<\/p>\n","protected":false},"excerpt":{"rendered":"<p>Nj\u00eb skandal i ri diplomatik! &#8211; 16\/01\/21 Ambasada e Frances proteston ndaj sulmeve te Edvin Droges kunder Frances dhe Bashkimit Europian! Miq, ne nje note me shkrim drejtuar Ministrise sone per Europen, de facto per Azine dhe Punet e Jashtme, ambasada e Republikes se Frances hedh poshte si te paverteta akuzat e papergjegjshme te kreut [&hellip;]<\/p>\n","protected":false},"author":9,"featured_media":42997,"comment_status":"open","ping_status":"open","sticky":false,"template":"","format":"standard","meta":{"jetpack_post_was_ever_published":false,"_jetpack_newsletter_access":"","_jetpack_dont_email_post_to_subs":false,"_jetpack_newsletter_tier_id":0,"_jetpack_memberships_contains_paywalled_content":false,"_jetpack_memberships_contains_paid_content":false,"footnotes":"","jetpack_publicize_message":"","jetpack_publicize_feature_enabled":true,"jetpack_social_post_already_shared":true,"jetpack_social_options":{"image_generator_settings":{"template":"highway","default_image_id":0,"font":"","enabled":false},"version":2}},"categories":[27,2,35],"tags":[],"class_list":["post-42996","post","type-post","status-publish","format-standard","has-post-thumbnail","hentry","category-blogu-i-udhetarit","category-politika","category-shoqerore"],"jetpack_publicize_connections":[],"jetpack_featured_media_url":"https:\/\/i0.wp.com\/www.shqiperia.com\/blog\/wp-content\/uploads\/2021\/01\/sali-berisha-edi-rama-re-750x416-1.jpg?fit=750%2C416&ssl=1","jetpack_sharing_enabled":true,"jetpack_shortlink":"https:\/\/wp.me\/p5Z6wp-bbu","jetpack-related-posts":[{"id":15652,"url":"https:\/\/www.shqiperia.com\/blog\/dy-projekligjet-e-qeverise-kercenim-per-lirine-e-medias-ne-shqiperi-leter-e-albana-vokshit-be-dhe-shba-ve\/","url_meta":{"origin":42996,"position":0},"title":"Dy projekligjet e qeveris\u00eb, k\u00ebrc\u00ebnim p\u00ebr lirin\u00eb e medias n\u00eb Shqip\u00ebri. Leter e Albana Vokshit BE dhe SHBA-ve.","author":"Kurt Farka","date":"January 7, 2019","format":false,"excerpt":"Dy projekligjet e qeveris\u00eb, k\u00ebrc\u00ebnim p\u00ebr lirin\u00eb e medias n\u00eb Shqip\u00ebri. Leter e Albana Vokshit BE dhe SHBA-ve. 6 janar 2019. \u00a0 Kryetarja e Komisionit Parlamentar p\u00ebr \u00c7\u00ebshtjet e Mediave, Albana Vokshi informoi t\u00eb gjith\u00eb institucionet nd\u00ebrkomb\u00ebtare, Bashkimin Europian dhe Shtetet e Bashkuara mbi projektligjet e qeveris\u00eb q\u00eb sipas saj\u2026","rel":"","context":"In &quot;Blogu i Udh\u00ebtarit&quot;","block_context":{"text":"Blogu i Udh\u00ebtarit","link":"https:\/\/www.shqiperia.com\/blog\/category\/blogu-i-udhetarit\/"},"img":{"alt_text":"","src":"https:\/\/i0.wp.com\/www.shqiperia.com\/blog\/wp-content\/uploads\/2019\/01\/115.jpg?fit=544%2C306&ssl=1&resize=350%2C200","width":350,"height":200,"srcset":"https:\/\/i0.wp.com\/www.shqiperia.com\/blog\/wp-content\/uploads\/2019\/01\/115.jpg?fit=544%2C306&ssl=1&resize=350%2C200 1x, https:\/\/i0.wp.com\/www.shqiperia.com\/blog\/wp-content\/uploads\/2019\/01\/115.jpg?fit=544%2C306&ssl=1&resize=525%2C300 1.5x"},"classes":[]},{"id":65473,"url":"https:\/\/www.shqiperia.com\/blog\/zgjedhja-e-kreut-te-spak-voa-ambasada-amerikane-ka-marre-sinjale-te-qarta-per-perpjekje-per-te\/","url_meta":{"origin":42996,"position":1},"title":"Zgjedhja e kreut t\u00eb SPAK, VOA: &#8211; Ambasada amerikane ka marr\u00eb sinjale t\u00eb qarta p\u00ebr p\u00ebrpjekje p\u00ebr t\u00eb&#8230;","author":"Kurt Farka","date":"December 15, 2022","format":false,"excerpt":"15 Dhjetor 2022 N\u00eb Shqip\u00ebri, ambasadorja amerikane Yuri Kim, shprehu sot s\u00ebrish shqet\u00ebsim ndaj procesit t\u00eb p\u00ebrzgjedhjes s\u00eb kreut t\u00eb Prokuroris\u00eb s\u00eb Posa\u00e7me kund\u00ebr Krimit t\u00eb Organizuar dhe Korrupsionit. N\u00eb nj\u00eb postim t\u00eb gjat\u00eb n\u00eb Twitter, ambasadorja Kim theksoi se \u201cprocesi i p\u00ebrzgjedhjes nuk duhet t\u00eb ndikohet nga ata q\u00eb\u2026","rel":"","context":"In &quot;Blogu i Udh\u00ebtarit&quot;","block_context":{"text":"Blogu i Udh\u00ebtarit","link":"https:\/\/www.shqiperia.com\/blog\/category\/blogu-i-udhetarit\/"},"img":{"alt_text":"","src":"https:\/\/i0.wp.com\/www.shqiperia.com\/blog\/wp-content\/uploads\/2022\/12\/640-0-639a36f7b39ba.png?fit=640%2C336&ssl=1&resize=350%2C200","width":350,"height":200,"srcset":"https:\/\/i0.wp.com\/www.shqiperia.com\/blog\/wp-content\/uploads\/2022\/12\/640-0-639a36f7b39ba.png?fit=640%2C336&ssl=1&resize=350%2C200 1x, https:\/\/i0.wp.com\/www.shqiperia.com\/blog\/wp-content\/uploads\/2022\/12\/640-0-639a36f7b39ba.png?fit=640%2C336&ssl=1&resize=525%2C300 1.5x"},"classes":[]},{"id":96643,"url":"https:\/\/www.shqiperia.com\/blog\/mesazh-rames-per-kartelet-e-droges-ambasada-e-shba-mafia-shqiptare-rrezikon-edhe-ameriken\/","url_meta":{"origin":42996,"position":2},"title":"Mesazh Ram\u00ebs p\u00ebr kartelet e drog\u00ebs\/ Ambasada e SHBA: Mafia shqiptare rrezikon edhe Amerik\u00ebn","author":"Kurt Farka","date":"January 16, 2026","format":false,"excerpt":"16 Janar 2026 E ngarkuara e ambasad\u00ebs s\u00eb SHBA n\u00eb Tiran\u00eb Nanci VanHorn ka mbajtur nj\u00eb fjalim me shum\u00eb mesazhe gjat\u00eb dit\u00ebs s\u00eb sotme ku u sh\u00ebnua p\u00ebrfundimi i trajnimit t\u00eb udh\u00ebhequr nga FBI p\u00ebr hetuesit e SPAK-NBI n\u00eb Akademin\u00eb e Siguris\u00eb. Ajo ka cil\u00ebsuar prer\u00eb se bashk\u00ebpunimi i karteleve\u2026","rel":"","context":"In &quot;Blogu i Udh\u00ebtarit&quot;","block_context":{"text":"Blogu i Udh\u00ebtarit","link":"https:\/\/www.shqiperia.com\/blog\/category\/blogu-i-udhetarit\/"},"img":{"alt_text":"","src":"https:\/\/i0.wp.com\/www.shqiperia.com\/blog\/wp-content\/uploads\/2026\/01\/auto_900-0-1722853535xscreenshot-24-8381768571271.jpg?fit=900%2C576&ssl=1&resize=350%2C200","width":350,"height":200,"srcset":"https:\/\/i0.wp.com\/www.shqiperia.com\/blog\/wp-content\/uploads\/2026\/01\/auto_900-0-1722853535xscreenshot-24-8381768571271.jpg?fit=900%2C576&ssl=1&resize=350%2C200 1x, https:\/\/i0.wp.com\/www.shqiperia.com\/blog\/wp-content\/uploads\/2026\/01\/auto_900-0-1722853535xscreenshot-24-8381768571271.jpg?fit=900%2C576&ssl=1&resize=525%2C300 1.5x, https:\/\/i0.wp.com\/www.shqiperia.com\/blog\/wp-content\/uploads\/2026\/01\/auto_900-0-1722853535xscreenshot-24-8381768571271.jpg?fit=900%2C576&ssl=1&resize=700%2C400 2x"},"classes":[]},{"id":92406,"url":"https:\/\/www.shqiperia.com\/blog\/shba-kunder-edi-rames-thirrje-shqiptareve-te-dalin-ne-zgjedhje-votoni-pa-frike\/","url_meta":{"origin":42996,"position":3},"title":"SHBA kund\u00ebr Edi Ram\u00ebs. &#8211; Thirrje shqiptar\u00ebve t\u00eb dalin n\u00eb zgjedhje: &#8211; Votoni pa frik\u00eb","author":"Kurt Farka","date":"May 7, 2025","format":false,"excerpt":"7 Maji 2025 ... Edi Rama\u00a0p\u00ebrs\u00ebrit\u00a0disa her\u00eb\u00a0n\u00eb fushat\u00eb\u00a0thirrjen qytetar\u00ebve q\u00eb nuk do t\u00eb votojn\u00eb p\u00ebr Partin\u00eb Socialiste,\u00a0t\u00eb mos shkojn\u00eb fare n\u00eb votime. Ambasada Amerikane n\u00eb Tiran\u00eb ka publikuar nj\u00eb mesazh t\u00eb fuqish\u00ebm p\u00ebr qytetar\u00ebt shqiptar\u00eb, duke theksuar r\u00ebnd\u00ebsin\u00eb e vot\u00ebs dhe t\u00eb drejt\u00ebs p\u00ebr t\u00eb marr\u00eb vendime t\u00eb pavarura. \"Mos\u2026","rel":"","context":"In &quot;Blogu i Udh\u00ebtarit&quot;","block_context":{"text":"Blogu i Udh\u00ebtarit","link":"https:\/\/www.shqiperia.com\/blog\/category\/blogu-i-udhetarit\/"},"img":{"alt_text":"","src":"https:\/\/i0.wp.com\/www.shqiperia.com\/blog\/wp-content\/uploads\/2025\/05\/ambasada.png?fit=954%2C539&ssl=1&resize=350%2C200","width":350,"height":200,"srcset":"https:\/\/i0.wp.com\/www.shqiperia.com\/blog\/wp-content\/uploads\/2025\/05\/ambasada.png?fit=954%2C539&ssl=1&resize=350%2C200 1x, https:\/\/i0.wp.com\/www.shqiperia.com\/blog\/wp-content\/uploads\/2025\/05\/ambasada.png?fit=954%2C539&ssl=1&resize=525%2C300 1.5x, https:\/\/i0.wp.com\/www.shqiperia.com\/blog\/wp-content\/uploads\/2025\/05\/ambasada.png?fit=954%2C539&ssl=1&resize=700%2C400 2x"},"classes":[]},{"id":40497,"url":"https:\/\/www.shqiperia.com\/blog\/jo-ja-e-holandes-rama-foli-per-ceshtje-te-tyre-te-brendshme-reagon-ambasada-dy-shqetesimet-tona-gjykata-kushtetuese-dhe-ligji-per-mediat\/","url_meta":{"origin":42996,"position":4},"title":"JO-ja e Holand\u00ebs, Rama foli p\u00ebr \u201c\u00e7\u00ebshtje t\u00eb tyre t\u00eb brendshme\u201d, reagon Ambasada: &#8211; Dy shqet\u00ebsimet tona, Gjykata Kushtetuese dhe Ligji p\u00ebr Mediat","author":"Kurt Farka","date":"November 3, 2020","format":false,"excerpt":"JO-ja e Holand\u00ebs, Rama foli p\u00ebr \u201c\u00e7\u00ebshtje t\u00eb tyre t\u00eb brendshme\u201d, reagon Ambasada: - Dy shqet\u00ebsimet tona, Gjykata Kushtetuese dhe Ligji p\u00ebr Mediat 3 nentor 2020 Pas publikimit t\u00eb q\u00ebndrimit t\u00eb Holand\u00ebs p\u00ebr \u00e7\u00ebshtjen e negociatave dhe konferenc\u00ebs s\u00eb par\u00eb nd\u00ebrqeveritare ku deri tani ka nj\u00eb q\u00ebndrim negativ, ka reaguar\u2026","rel":"","context":"In &quot;Blogu i Udh\u00ebtarit&quot;","block_context":{"text":"Blogu i Udh\u00ebtarit","link":"https:\/\/www.shqiperia.com\/blog\/category\/blogu-i-udhetarit\/"},"img":{"alt_text":"","src":"https:\/\/i0.wp.com\/www.shqiperia.com\/blog\/wp-content\/uploads\/2020\/11\/parlamenti-holandez-1-751x450-1-905x450-1.jpg?fit=905%2C450&ssl=1&resize=350%2C200","width":350,"height":200,"srcset":"https:\/\/i0.wp.com\/www.shqiperia.com\/blog\/wp-content\/uploads\/2020\/11\/parlamenti-holandez-1-751x450-1-905x450-1.jpg?fit=905%2C450&ssl=1&resize=350%2C200 1x, https:\/\/i0.wp.com\/www.shqiperia.com\/blog\/wp-content\/uploads\/2020\/11\/parlamenti-holandez-1-751x450-1-905x450-1.jpg?fit=905%2C450&ssl=1&resize=525%2C300 1.5x, https:\/\/i0.wp.com\/www.shqiperia.com\/blog\/wp-content\/uploads\/2020\/11\/parlamenti-holandez-1-751x450-1-905x450-1.jpg?fit=905%2C450&ssl=1&resize=700%2C400 2x"},"classes":[]},{"id":53704,"url":"https:\/\/www.shqiperia.com\/blog\/letra-e-rusise-per-shqiperine-reagon-berisha-fyerje-dhe-kercenim-per-cdo-shqiptar\/","url_meta":{"origin":42996,"position":5},"title":"Letra e Rusis\u00eb p\u00ebr Shqip\u00ebrin\u00eb, reagon Berisha: &#8211; Fyerje dhe k\u00ebrc\u00ebnim p\u00ebr \u00e7do shqiptar!","author":"Kurt Farka","date":"February 3, 2022","format":false,"excerpt":"Letra e Rusis\u00eb p\u00ebr Shqip\u00ebrin\u00eb, reagon Berisha: - Fyerje dhe k\u00ebrc\u00ebnim p\u00ebr \u00e7do shqiptar! 3 shkurt 2022 Ish-kryeministri Sali Berisha ka folur n\u00eb seanc\u00ebn e sotme plenare n\u00eb lidhje me letr\u00ebn q\u00eb shteti Rus i ka d\u00ebrguar vendit ton\u00eb, p\u00ebrsa i p\u00ebrket qendrimit t\u00eb saj p\u00ebr konfliktin me Ukrain\u00ebn. Berisha\u2026","rel":"","context":"In &quot;Blogu i Udh\u00ebtarit&quot;","block_context":{"text":"Blogu i Udh\u00ebtarit","link":"https:\/\/www.shqiperia.com\/blog\/category\/blogu-i-udhetarit\/"},"img":{"alt_text":"","src":"https:\/\/i0.wp.com\/www.shqiperia.com\/blog\/wp-content\/uploads\/2022\/02\/sali-berisha.jpg?fit=640%2C384&ssl=1&resize=350%2C200","width":350,"height":200,"srcset":"https:\/\/i0.wp.com\/www.shqiperia.com\/blog\/wp-content\/uploads\/2022\/02\/sali-berisha.jpg?fit=640%2C384&ssl=1&resize=350%2C200 1x, https:\/\/i0.wp.com\/www.shqiperia.com\/blog\/wp-content\/uploads\/2022\/02\/sali-berisha.jpg?fit=640%2C384&ssl=1&resize=525%2C300 1.5x"},"classes":[]}],"_links":{"self":[{"href":"https:\/\/www.shqiperia.com\/blog\/wp-json\/wp\/v2\/posts\/42996","targetHints":{"allow":["GET"]}}],"collection":[{"href":"https:\/\/www.shqiperia.com\/blog\/wp-json\/wp\/v2\/posts"}],"about":[{"href":"https:\/\/www.shqiperia.com\/blog\/wp-json\/wp\/v2\/types\/post"}],"author":[{"embeddable":true,"href":"https:\/\/www.shqiperia.com\/blog\/wp-json\/wp\/v2\/users\/9"}],"replies":[{"embeddable":true,"href":"https:\/\/www.shqiperia.com\/blog\/wp-json\/wp\/v2\/comments?post=42996"}],"version-history":[{"count":1,"href":"https:\/\/www.shqiperia.com\/blog\/wp-json\/wp\/v2\/posts\/42996\/revisions"}],"predecessor-version":[{"id":42998,"href":"https:\/\/www.shqiperia.com\/blog\/wp-json\/wp\/v2\/posts\/42996\/revisions\/42998"}],"wp:featuredmedia":[{"embeddable":true,"href":"https:\/\/www.shqiperia.com\/blog\/wp-json\/wp\/v2\/media\/42997"}],"wp:attachment":[{"href":"https:\/\/www.shqiperia.com\/blog\/wp-json\/wp\/v2\/media?parent=42996"}],"wp:term":[{"taxonomy":"category","embeddable":true,"href":"https:\/\/www.shqiperia.com\/blog\/wp-json\/wp\/v2\/categories?post=42996"},{"taxonomy":"post_tag","embeddable":true,"href":"https:\/\/www.shqiperia.com\/blog\/wp-json\/wp\/v2\/tags?post=42996"}],"curies":[{"name":"wp","href":"https:\/\/api.w.org\/{rel}","templated":true}]}}