{"id":42175,"date":"2020-12-22T20:42:30","date_gmt":"2020-12-22T20:42:30","guid":{"rendered":"https:\/\/www.shqiperia.com\/blog\/?p=42175"},"modified":"2020-12-22T20:44:32","modified_gmt":"2020-12-22T20:44:32","slug":"nje-termet-i-forte-godet-italine","status":"publish","type":"post","link":"https:\/\/www.shqiperia.com\/blog\/nje-termet-i-forte-godet-italine\/","title":{"rendered":"Nj\u00eb t\u00ebrmet i fort\u00eb godet Italin\u00eb"},"content":{"rendered":"<p><img data-recalc-dims=\"1\" loading=\"lazy\" decoding=\"async\" data-attachment-id=\"42176\" data-permalink=\"https:\/\/www.shqiperia.com\/blog\/nje-termet-i-forte-godet-italine\/800-0-5fe258c706b09\/\" data-orig-file=\"https:\/\/i0.wp.com\/www.shqiperia.com\/blog\/wp-content\/uploads\/2020\/12\/800-0-5fe258c706b09.jpg?fit=519%2C298&amp;ssl=1\" data-orig-size=\"519,298\" data-comments-opened=\"1\" data-image-meta=\"{&quot;aperture&quot;:&quot;0&quot;,&quot;credit&quot;:&quot;&quot;,&quot;camera&quot;:&quot;&quot;,&quot;caption&quot;:&quot;&quot;,&quot;created_timestamp&quot;:&quot;0&quot;,&quot;copyright&quot;:&quot;&quot;,&quot;focal_length&quot;:&quot;0&quot;,&quot;iso&quot;:&quot;0&quot;,&quot;shutter_speed&quot;:&quot;0&quot;,&quot;title&quot;:&quot;&quot;,&quot;orientation&quot;:&quot;0&quot;}\" data-image-title=\"-800-0-5fe258c706b09\" data-image-description=\"\" data-image-caption=\"\" data-medium-file=\"https:\/\/i0.wp.com\/www.shqiperia.com\/blog\/wp-content\/uploads\/2020\/12\/800-0-5fe258c706b09.jpg?fit=300%2C172&amp;ssl=1\" data-large-file=\"https:\/\/i0.wp.com\/www.shqiperia.com\/blog\/wp-content\/uploads\/2020\/12\/800-0-5fe258c706b09.jpg?fit=519%2C298&amp;ssl=1\" class=\"alignnone wp-image-42176\" alt=\"\" src=\"https:\/\/i0.wp.com\/www.shqiperia.com\/blog\/wp-content\/uploads\/2020\/12\/800-0-5fe258c706b09.jpg?resize=487%2C279&#038;ssl=1\" width=\"487\" height=\"279\" srcset=\"https:\/\/i0.wp.com\/www.shqiperia.com\/blog\/wp-content\/uploads\/2020\/12\/800-0-5fe258c706b09.jpg?resize=300%2C172&amp;ssl=1 300w, https:\/\/i0.wp.com\/www.shqiperia.com\/blog\/wp-content\/uploads\/2020\/12\/800-0-5fe258c706b09.jpg?resize=450%2C258&amp;ssl=1 450w, https:\/\/i0.wp.com\/www.shqiperia.com\/blog\/wp-content\/uploads\/2020\/12\/800-0-5fe258c706b09.jpg?resize=400%2C230&amp;ssl=1 400w, https:\/\/i0.wp.com\/www.shqiperia.com\/blog\/wp-content\/uploads\/2020\/12\/800-0-5fe258c706b09.jpg?w=519&amp;ssl=1 519w\" sizes=\"auto, (max-width: 487px) 100vw, 487px\" \/><\/p>\n<p><strong>Nj\u00eb t\u00ebrmet i fort\u00eb godet Italin\u00eb, &#8211; ja informacionet e para.<\/strong><\/p>\n<p>22 Dhjetor 2020.<\/p>\n<p>Nj\u00eb t\u00ebrmet i fort\u00eb ka goditur pak minuta m\u00eb par\u00eb n\u00eb shtetin fqinj, Italin\u00eb. Nj\u00eb t\u00ebrmet i forc\u00ebs 5.2 ball\u00eb ka goditur Italin\u00eb.<\/p>\n<p>Epiqendra e t\u00ebrmetit ka qen\u00eb n\u00eb Katania t\u00eb Si\u00e7ilis\u00eb.<\/p>\n<p>Deri n\u00eb k\u00ebto momente nuk raportohet n\u00eb l\u00ebndime n\u00eb njer\u00ebz apo n\u00eb d\u00ebme materiale.<\/p>\n<p>Gazeta Sot.<\/p>\n","protected":false},"excerpt":{"rendered":"<p>Nj\u00eb t\u00ebrmet i fort\u00eb godet Italin\u00eb, &#8211; ja informacionet e para. 22 Dhjetor 2020. Nj\u00eb t\u00ebrmet i fort\u00eb ka goditur pak minuta m\u00eb par\u00eb n\u00eb shtetin fqinj, Italin\u00eb. Nj\u00eb t\u00ebrmet i forc\u00ebs 5.2 ball\u00eb ka goditur Italin\u00eb. Epiqendra e t\u00ebrmetit ka qen\u00eb n\u00eb Katania t\u00eb Si\u00e7ilis\u00eb. Deri n\u00eb k\u00ebto momente nuk raportohet n\u00eb l\u00ebndime n\u00eb [&hellip;]<\/p>\n","protected":false},"author":9,"featured_media":42176,"comment_status":"open","ping_status":"open","sticky":false,"template":"","format":"standard","meta":{"jetpack_post_was_ever_published":false,"_jetpack_newsletter_access":"","_jetpack_dont_email_post_to_subs":false,"_jetpack_newsletter_tier_id":0,"_jetpack_memberships_contains_paywalled_content":false,"_jetpack_memberships_contains_paid_content":false,"footnotes":"","jetpack_publicize_message":"","jetpack_publicize_feature_enabled":true,"jetpack_social_post_already_shared":true,"jetpack_social_options":{"image_generator_settings":{"template":"highway","default_image_id":0,"font":"","enabled":false},"version":2}},"categories":[27,1,35],"tags":[],"class_list":["post-42175","post","type-post","status-publish","format-standard","has-post-thumbnail","hentry","category-blogu-i-udhetarit","category-njoftime-shtypi","category-shoqerore"],"jetpack_publicize_connections":[],"jetpack_featured_media_url":"https:\/\/i0.wp.com\/www.shqiperia.com\/blog\/wp-content\/uploads\/2020\/12\/800-0-5fe258c706b09.jpg?fit=519%2C298&ssl=1","jetpack_sharing_enabled":true,"jetpack_shortlink":"https:\/\/wp.me\/p5Z6wp-aYf","jetpack-related-posts":[{"id":42437,"url":"https:\/\/www.shqiperia.com\/blog\/termeti-i-forte-godet-italine-ja-sa-ishte-mangituda\/","url_meta":{"origin":42175,"position":0},"title":"T\u00ebrmeti i fort\u00eb godet Italin\u00eb, ja sa ishte mangituda","author":"Kurt Farka","date":"December 29, 2020","format":false,"excerpt":"T\u00ebrmeti i fort\u00eb godet Italin\u00eb, ja sa ishte mangituda 29 DHJETOR 2020 Nj\u00eb t\u00ebrmet i fort\u00eb ka tronditur Italin\u00eb para ak minutash, duke krijuar panik tek qytetar\u00ebt. T\u00ebrmeti ka qen\u00eb i forc\u00ebs 4.4 ball\u00eb dhe ka goditur Italin\u00eb veriore. Epiqendra e t\u00ebrmetit ka qen\u00eb 22 kiliometra nga qyteti i Veron\u00ebs.\u2026","rel":"","context":"In &quot;Blogu i Udh\u00ebtarit&quot;","block_context":{"text":"Blogu i Udh\u00ebtarit","link":"https:\/\/www.shqiperia.com\/blog\/category\/blogu-i-udhetarit\/"},"img":{"alt_text":"","src":"https:\/\/i0.wp.com\/www.shqiperia.com\/blog\/wp-content\/uploads\/2020\/12\/EqahfRvW4AAdyfv.png?fit=535%2C334&ssl=1&resize=350%2C200","width":350,"height":200,"srcset":"https:\/\/i0.wp.com\/www.shqiperia.com\/blog\/wp-content\/uploads\/2020\/12\/EqahfRvW4AAdyfv.png?fit=535%2C334&ssl=1&resize=350%2C200 1x, https:\/\/i0.wp.com\/www.shqiperia.com\/blog\/wp-content\/uploads\/2020\/12\/EqahfRvW4AAdyfv.png?fit=535%2C334&ssl=1&resize=525%2C300 1.5x"},"classes":[]},{"id":98261,"url":"https:\/\/www.shqiperia.com\/blog\/nje-termet-me-magnitude-6-0-balle-godet-italine-jugore-prane-napolit\/","url_meta":{"origin":42175,"position":1},"title":"Nj\u00eb t\u00ebrmet me magnitud\u00eb 6.0 ball\u00eb godet Italin\u00eb jugore pran\u00eb Napolit","author":"Kurt Farka","date":"March 10, 2026","format":false,"excerpt":"10 Mars 2026 Nj\u00eb t\u00ebrmet me magnitud\u00eb 6.0 ball\u00eb t\u00eb shkall\u00ebs Rihter goditi Italin\u00eb jugore n\u00eb or\u00ebt e para t\u00eb s\u00eb mart\u00ebs, me epiqendr\u00ebn e tij rreth 68 kilometra n\u00eb veri t\u00eb Napolit dhe pran\u00eb qytetit Piedimonte Matese, sipas t\u00eb dh\u00ebnave fillestare sizmologjike. Dridhja u regjistrua n\u00eb or\u00ebn 00:03:55 sipas\u2026","rel":"","context":"In &quot;Njoftime Shtypi&quot;","block_context":{"text":"Njoftime Shtypi","link":"https:\/\/www.shqiperia.com\/blog\/category\/njoftime-shtypi\/"},"img":{"alt_text":"","src":"https:\/\/i0.wp.com\/www.shqiperia.com\/blog\/wp-content\/uploads\/2026\/03\/Nje-termet-me-magnitude.webp?fit=1168%2C656&ssl=1&resize=350%2C200","width":350,"height":200,"srcset":"https:\/\/i0.wp.com\/www.shqiperia.com\/blog\/wp-content\/uploads\/2026\/03\/Nje-termet-me-magnitude.webp?fit=1168%2C656&ssl=1&resize=350%2C200 1x, https:\/\/i0.wp.com\/www.shqiperia.com\/blog\/wp-content\/uploads\/2026\/03\/Nje-termet-me-magnitude.webp?fit=1168%2C656&ssl=1&resize=525%2C300 1.5x, https:\/\/i0.wp.com\/www.shqiperia.com\/blog\/wp-content\/uploads\/2026\/03\/Nje-termet-me-magnitude.webp?fit=1168%2C656&ssl=1&resize=700%2C400 2x, https:\/\/i0.wp.com\/www.shqiperia.com\/blog\/wp-content\/uploads\/2026\/03\/Nje-termet-me-magnitude.webp?fit=1168%2C656&ssl=1&resize=1050%2C600 3x"},"classes":[]},{"id":38362,"url":"https:\/\/www.shqiperia.com\/blog\/termet-i-forte-godet-shqiperine-ja-sa-ishte-magnituda\/","url_meta":{"origin":42175,"position":2},"title":"T\u00ebrmet i fort\u00eb godet Shqip\u00ebrin\u00eb, ja sa ishte magnituda","author":"Kurt Farka","date":"September 12, 2020","format":false,"excerpt":"T\u00ebrmet i fort\u00eb godet Shqip\u00ebrin\u00eb, ja sa ishte magnituda 12 SHTATOR 2020 Nj\u00eb tjet\u00ebr t\u00ebrmet i fort\u00eb ka goditur vendin pak m\u00eb par\u00eb. Magnituda ka qen\u00eb 4.2. Sipas Qendr\u00ebs Europiane Sizmiologjike, (ESMC), t\u00ebrmeti u regjistrua n\u00eb qarkun e Lezh\u00ebs, me thell\u00ebsi 12 km. Gazeta Sot","rel":"","context":"In &quot;Njoftime Shtypi&quot;","block_context":{"text":"Njoftime Shtypi","link":"https:\/\/www.shqiperia.com\/blog\/category\/njoftime-shtypi\/"},"img":{"alt_text":"","src":"https:\/\/i0.wp.com\/www.shqiperia.com\/blog\/wp-content\/uploads\/2020\/09\/640-0-5f5cfda9409e9.jpg?fit=640%2C335&ssl=1&resize=350%2C200","width":350,"height":200,"srcset":"https:\/\/i0.wp.com\/www.shqiperia.com\/blog\/wp-content\/uploads\/2020\/09\/640-0-5f5cfda9409e9.jpg?fit=640%2C335&ssl=1&resize=350%2C200 1x, https:\/\/i0.wp.com\/www.shqiperia.com\/blog\/wp-content\/uploads\/2020\/09\/640-0-5f5cfda9409e9.jpg?fit=640%2C335&ssl=1&resize=525%2C300 1.5x"},"classes":[]},{"id":70212,"url":"https:\/\/www.shqiperia.com\/blog\/termeti-godet-italine-jugore-frike-dhe-panik-te-banoret\/","url_meta":{"origin":42175,"position":3},"title":"T\u00ebrmeti godet Italin\u00eb Jugore, frik\u00eb dhe panik te banor\u00ebt","author":"Kurt Farka","date":"March 29, 2023","format":false,"excerpt":"29 Mars 2023 Nj\u00eb t\u00ebrmet me magnitud\u00eb 4.7 Rihter \u00ebsht\u00eb ndier gjat\u00eb mesnat\u00ebs n\u00eb Itali. M\u00ebsohet se thell\u00ebsia e l\u00ebkundjes ka q\u00ebn\u00eb 10 kilometra, nd\u00ebrsa epiqendra \u00ebsht\u00eb regjistruar 79 km n\u00eb per\u00ebndim t\u00eb Foggia dhe 13 kilometra larg Campobasso. Si pasoj\u00eb e l\u00ebkundjes s\u00eb fuqishme n\u00eb disa komuna jan\u00eb raportuar\u2026","rel":"","context":"In &quot;Blogu i Udh\u00ebtarit&quot;","block_context":{"text":"Blogu i Udh\u00ebtarit","link":"https:\/\/www.shqiperia.com\/blog\/category\/blogu-i-udhetarit\/"},"img":{"alt_text":"","src":"https:\/\/i0.wp.com\/www.shqiperia.com\/blog\/wp-content\/uploads\/2023\/03\/termet.png?fit=501%2C312&ssl=1&resize=350%2C200","width":350,"height":200},"classes":[]},{"id":53298,"url":"https:\/\/www.shqiperia.com\/blog\/tmerrohen-qytetaret-termeti-shkund-serish-italine-ja-magnituda\/","url_meta":{"origin":42175,"position":4},"title":"Tmerrohen qytetar\u00ebt! T\u00ebrmeti \u2018shkund\u2019 s\u00ebrish Italin\u00eb, ja magnituda","author":"Kurt Farka","date":"January 20, 2022","format":false,"excerpt":"Tmerrohen qytetar\u00ebt! T\u00ebrmeti \u2018shkund\u2019 s\u00ebrish Italin\u00eb, ja magnituda 20 JANAR 2022 Nj\u00eb t\u00ebrmet i fort\u00eb ka shkundur Italin\u00eb dit\u00ebn e sotme. T\u00ebrmeti i regjistruar me magnitud\u00eb 4.4 t\u00eb shkall\u00ebs Rihter, ishte me epiqend\u00ebr n\u00eb Sicili, 75 km nga Mesina. L\u00ebkundjet jan\u00eb ndier n\u00eb t\u00eb gjith\u00eb zon\u00ebn por deri tani mediat\u2026","rel":"","context":"In &quot;Blogu i Udh\u00ebtarit&quot;","block_context":{"text":"Blogu i Udh\u00ebtarit","link":"https:\/\/www.shqiperia.com\/blog\/category\/blogu-i-udhetarit\/"},"img":{"alt_text":"","src":"https:\/\/i0.wp.com\/www.shqiperia.com\/blog\/wp-content\/uploads\/2022\/01\/640-0-61e932e27ef65.jpg?fit=640%2C361&ssl=1&resize=350%2C200","width":350,"height":200,"srcset":"https:\/\/i0.wp.com\/www.shqiperia.com\/blog\/wp-content\/uploads\/2022\/01\/640-0-61e932e27ef65.jpg?fit=640%2C361&ssl=1&resize=350%2C200 1x, https:\/\/i0.wp.com\/www.shqiperia.com\/blog\/wp-content\/uploads\/2022\/01\/640-0-61e932e27ef65.jpg?fit=640%2C361&ssl=1&resize=525%2C300 1.5x"},"classes":[]},{"id":57709,"url":"https:\/\/www.shqiperia.com\/blog\/termeti-godet-kreten-greqia-nuk-gjen-qetesi-ja-sa-balle-ishte\/","url_meta":{"origin":42175,"position":5},"title":"T\u00ebrmeti godet Kret\u00ebn, Greqia nuk gjen qet\u00ebsi! &#8211; Ja sa ball\u00eb ishte","author":"Kurt Farka","date":"May 8, 2022","format":false,"excerpt":"T\u00ebrmeti godet Kret\u00ebn, Greqia nuk gjen qet\u00ebsi! - Ja sa ball\u00eb ishte 8 MAJ 2022 T\u00ebrmet i fort\u00eb godet Kret\u00ebn, Greqia nuk gjen qet\u00ebsi! Ja sa Nj\u00eb tjet\u00ebr t\u00ebrmet i fort\u00eb ka goditur mesdit\u00ebn e s\u00eb diel\u00ebs ishullin e Kret\u00ebs. Forca e t\u00ebrmetit ka qen\u00eb 4.3 ball\u00eb. Nuk raportohet p\u00ebr\u2026","rel":"","context":"In &quot;Kultura&quot;","block_context":{"text":"Kultura","link":"https:\/\/www.shqiperia.com\/blog\/category\/kultura\/"},"img":{"alt_text":"","src":"https:\/\/i0.wp.com\/www.shqiperia.com\/blog\/wp-content\/uploads\/2022\/05\/640-0-6277da6b89c07.png?fit=640%2C354&ssl=1&resize=350%2C200","width":350,"height":200,"srcset":"https:\/\/i0.wp.com\/www.shqiperia.com\/blog\/wp-content\/uploads\/2022\/05\/640-0-6277da6b89c07.png?fit=640%2C354&ssl=1&resize=350%2C200 1x, https:\/\/i0.wp.com\/www.shqiperia.com\/blog\/wp-content\/uploads\/2022\/05\/640-0-6277da6b89c07.png?fit=640%2C354&ssl=1&resize=525%2C300 1.5x"},"classes":[]}],"_links":{"self":[{"href":"https:\/\/www.shqiperia.com\/blog\/wp-json\/wp\/v2\/posts\/42175","targetHints":{"allow":["GET"]}}],"collection":[{"href":"https:\/\/www.shqiperia.com\/blog\/wp-json\/wp\/v2\/posts"}],"about":[{"href":"https:\/\/www.shqiperia.com\/blog\/wp-json\/wp\/v2\/types\/post"}],"author":[{"embeddable":true,"href":"https:\/\/www.shqiperia.com\/blog\/wp-json\/wp\/v2\/users\/9"}],"replies":[{"embeddable":true,"href":"https:\/\/www.shqiperia.com\/blog\/wp-json\/wp\/v2\/comments?post=42175"}],"version-history":[{"count":2,"href":"https:\/\/www.shqiperia.com\/blog\/wp-json\/wp\/v2\/posts\/42175\/revisions"}],"predecessor-version":[{"id":42178,"href":"https:\/\/www.shqiperia.com\/blog\/wp-json\/wp\/v2\/posts\/42175\/revisions\/42178"}],"wp:featuredmedia":[{"embeddable":true,"href":"https:\/\/www.shqiperia.com\/blog\/wp-json\/wp\/v2\/media\/42176"}],"wp:attachment":[{"href":"https:\/\/www.shqiperia.com\/blog\/wp-json\/wp\/v2\/media?parent=42175"}],"wp:term":[{"taxonomy":"category","embeddable":true,"href":"https:\/\/www.shqiperia.com\/blog\/wp-json\/wp\/v2\/categories?post=42175"},{"taxonomy":"post_tag","embeddable":true,"href":"https:\/\/www.shqiperia.com\/blog\/wp-json\/wp\/v2\/tags?post=42175"}],"curies":[{"name":"wp","href":"https:\/\/api.w.org\/{rel}","templated":true}]}}