{"id":42169,"date":"2020-12-22T20:23:36","date_gmt":"2020-12-22T20:23:36","guid":{"rendered":"https:\/\/www.shqiperia.com\/blog\/?p=42169"},"modified":"2020-12-22T20:23:36","modified_gmt":"2020-12-22T20:23:36","slug":"deklarata-e-ish-prokurorit-per-dosjen-184-kjo-dosje-tregoi-se-drejtesia-e-re-ishte-mashtrim","status":"publish","type":"post","link":"https:\/\/www.shqiperia.com\/blog\/deklarata-e-ish-prokurorit-per-dosjen-184-kjo-dosje-tregoi-se-drejtesia-e-re-ishte-mashtrim\/","title":{"rendered":"Deklarata e Ish-prokurorit per \u201cDosjen 184\u201d: &#8211; Kjo dosje tregoi se drejt\u00ebsia e re ishte mashtrim"},"content":{"rendered":"<p><img data-recalc-dims=\"1\" loading=\"lazy\" decoding=\"async\" data-attachment-id=\"42171\" data-permalink=\"https:\/\/www.shqiperia.com\/blog\/deklarata-e-ish-prokurorit-per-dosjen-184-kjo-dosje-tregoi-se-drejtesia-e-re-ishte-mashtrim\/800-0-5fe25402539e9\/\" data-orig-file=\"https:\/\/i0.wp.com\/www.shqiperia.com\/blog\/wp-content\/uploads\/2020\/12\/800-0-5fe25402539e9.jpg?fit=800%2C412&amp;ssl=1\" data-orig-size=\"800,412\" data-comments-opened=\"1\" data-image-meta=\"{&quot;aperture&quot;:&quot;0&quot;,&quot;credit&quot;:&quot;&quot;,&quot;camera&quot;:&quot;&quot;,&quot;caption&quot;:&quot;&quot;,&quot;created_timestamp&quot;:&quot;0&quot;,&quot;copyright&quot;:&quot;&quot;,&quot;focal_length&quot;:&quot;0&quot;,&quot;iso&quot;:&quot;0&quot;,&quot;shutter_speed&quot;:&quot;0&quot;,&quot;title&quot;:&quot;&quot;,&quot;orientation&quot;:&quot;0&quot;}\" data-image-title=\"-800-0-5fe25402539e9\" data-image-description=\"\" data-image-caption=\"\" data-medium-file=\"https:\/\/i0.wp.com\/www.shqiperia.com\/blog\/wp-content\/uploads\/2020\/12\/800-0-5fe25402539e9.jpg?fit=300%2C155&amp;ssl=1\" data-large-file=\"https:\/\/i0.wp.com\/www.shqiperia.com\/blog\/wp-content\/uploads\/2020\/12\/800-0-5fe25402539e9.jpg?fit=800%2C412&amp;ssl=1\" class=\"alignnone  wp-image-42171\" alt=\"\" src=\"https:\/\/i0.wp.com\/www.shqiperia.com\/blog\/wp-content\/uploads\/2020\/12\/800-0-5fe25402539e9.jpg?resize=554%2C288&#038;ssl=1\" width=\"554\" height=\"288\" \/><\/p>\n<p>Deklarata e Ish-prokurorit per \u201cDosjen 184\u201d: &#8211; Kjo dosje tregoi se drejt\u00ebsia e re ishte mashtrim<\/p>\n<p>22 DHJETOR 2020<\/p>\n<p>FacebookWhatsAppTwitterEmail<\/p>\n<p>Ish-prokurori Gentian Trenova \u00ebsht\u00eb skualifikuar nga \u201cVettingu\u201d me arsyetime jo fort bind\u00ebse n\u00eb raport me t\u00eb tjer\u00eb prokuror\u00eb q\u00eb e kaluan k\u00ebt\u00eb proces.<\/p>\n<p>N\u00eb p\u00ebrfundim t\u00eb \u00e7\u00ebshtjes q\u00eb ai nisi, thot\u00eb se procedura e dosjes u realizua n\u00eb kund\u00ebrshtim me ligjin, nd\u00ebrsa theksoi se \u201cDosja 184\u201d duhet t\u00eb hetohej nga Prokuroria e Posa\u00e7me.<\/p>\n<p>\u201cTek lista e dosjes e gjith\u00eb procedura mendoj se \u00ebsht\u00eb n\u00eb kund\u00ebrshtim me ligjin, n\u00eb Kodin e Procedur\u00ebs penale, sa i p\u00ebrket kompetenc\u00ebs p\u00ebr hetimin e k\u00ebsaj dosje. Jam i mendimit q\u00eb dosja duhet t\u00eb hetohej nga Prokuroria e Posa\u00e7me. Kjo dosja ka pasur shum\u00eb lirshm\u00ebri publike ne vend dhe jasht\u00eb vendit dhe p\u00ebr k\u00ebt\u00eb arsye dosja duhet t\u00eb ishte hetuar me shum\u00eb seriozitet, nga ana e Prokuroris\u00eb s\u00eb Posa\u00e7me. Kjo nuk u realizuar sepse mendoj se duket qart\u00eb edhe ndikimi i politik\u00ebs n\u00eb k\u00ebt\u00eb institucion\u201d,\u00a0tha ish-prokurori p\u00ebr abc news.<\/p>\n<p>Gazeta Sot<\/p>\n","protected":false},"excerpt":{"rendered":"<p>Deklarata e Ish-prokurorit per \u201cDosjen 184\u201d: &#8211; Kjo dosje tregoi se drejt\u00ebsia e re ishte mashtrim 22 DHJETOR 2020 FacebookWhatsAppTwitterEmail Ish-prokurori Gentian Trenova \u00ebsht\u00eb skualifikuar nga \u201cVettingu\u201d me arsyetime jo fort bind\u00ebse n\u00eb raport me t\u00eb tjer\u00eb prokuror\u00eb q\u00eb e kaluan k\u00ebt\u00eb proces. N\u00eb p\u00ebrfundim t\u00eb \u00e7\u00ebshtjes q\u00eb ai nisi, thot\u00eb se procedura e dosjes [&hellip;]<\/p>\n","protected":false},"author":9,"featured_media":42171,"comment_status":"open","ping_status":"open","sticky":false,"template":"","format":"standard","meta":{"jetpack_post_was_ever_published":false,"_jetpack_newsletter_access":"","_jetpack_dont_email_post_to_subs":false,"_jetpack_newsletter_tier_id":0,"_jetpack_memberships_contains_paywalled_content":false,"_jetpack_memberships_contains_paid_content":false,"footnotes":"","jetpack_publicize_message":"","jetpack_publicize_feature_enabled":true,"jetpack_social_post_already_shared":true,"jetpack_social_options":{"image_generator_settings":{"template":"highway","default_image_id":0,"font":"","enabled":false},"version":2}},"categories":[27,2],"tags":[],"class_list":["post-42169","post","type-post","status-publish","format-standard","has-post-thumbnail","hentry","category-blogu-i-udhetarit","category-politika"],"jetpack_publicize_connections":[],"jetpack_featured_media_url":"https:\/\/i0.wp.com\/www.shqiperia.com\/blog\/wp-content\/uploads\/2020\/12\/800-0-5fe25402539e9.jpg?fit=800%2C412&ssl=1","jetpack_sharing_enabled":true,"jetpack_shortlink":"https:\/\/wp.me\/p5Z6wp-aY9","jetpack-related-posts":[{"id":93488,"url":"https:\/\/www.shqiperia.com\/blog\/dosja-e-metes-ne-duart-e-irena-gjokes-vjen-reagimi-i-avokatit-gjyqtarja-ka-probleme-me-ligjin-do-kerkojme\/","url_meta":{"origin":42169,"position":0},"title":"Dosja e Met\u00ebs n\u00eb duart e Irena Gjok\u00ebs, vjen reagimi i avokatit: &#8211; Gjyqtarja ka probleme me ligjin, do k\u00ebrkojm\u00eb&#8230;","author":"Kurt Farka","date":"September 3, 2025","format":false,"excerpt":"3 Shtator 2025 Irena Gjoka \u00ebsht\u00eb caktuar gjyqtare paraprake p\u00ebr dosjen ndaj ish-Presidentit t\u00eb Republik\u00ebs Ilir Meta, i cili gjendet prapa hekurave prej 11 muajsh tashm\u00eb Gazetari Edison Vatnikaj raporton se Gjoka do t\u00eb vler\u00ebsoj\u00eb veprimet e Prokuroris\u00eb dhe do t\u00eb vendos\u00eb n\u00ebse do t\u00eb kaloj\u00eb dosja p\u00ebr gjykim, do\u2026","rel":"","context":"In &quot;Blogu i Udh\u00ebtarit&quot;","block_context":{"text":"Blogu i Udh\u00ebtarit","link":"https:\/\/www.shqiperia.com\/blog\/category\/blogu-i-udhetarit\/"},"img":{"alt_text":"","src":"https:\/\/i0.wp.com\/www.shqiperia.com\/blog\/wp-content\/uploads\/2025\/09\/600-388-ilir-meta-irena-gjoka-1756888676.jpg?fit=600%2C388&ssl=1&resize=350%2C200","width":350,"height":200,"srcset":"https:\/\/i0.wp.com\/www.shqiperia.com\/blog\/wp-content\/uploads\/2025\/09\/600-388-ilir-meta-irena-gjoka-1756888676.jpg?fit=600%2C388&ssl=1&resize=350%2C200 1x, https:\/\/i0.wp.com\/www.shqiperia.com\/blog\/wp-content\/uploads\/2025\/09\/600-388-ilir-meta-irena-gjoka-1756888676.jpg?fit=600%2C388&ssl=1&resize=525%2C300 1.5x"},"classes":[]},{"id":98586,"url":"https:\/\/www.shqiperia.com\/blog\/flash-i-me-provat-e-ballukut-si-dosja-epstein\/","url_meta":{"origin":42169,"position":1},"title":"\u201cFlash\u201d-i me provat e Ballukut, si dosja \u201cEpstein\u201d","author":"Kurt Farka","date":"March 23, 2026","format":false,"excerpt":"23 Mars 2026 NGA VALENTINA MADANI Flitet shum\u00eb, por qytetar\u00ebt din\u00eb shum\u00eb pak! Ky \u00ebsht\u00eb realiteti i asaj q\u00eb po ndodh me dosjen \u201cBalluku\u201d, nj\u00eb histori q\u00eb po merr gjithnj\u00eb e m\u00eb shum\u00eb trajtat e nj\u00eb enigme publike, ku p\u00ebrmenden prova, USB dhe dokumente, por asgj\u00eb nuk publikohet plot\u00ebsisht. Nj\u00eb\u2026","rel":"","context":"In &quot;Blogu i Udh\u00ebtarit&quot;","block_context":{"text":"Blogu i Udh\u00ebtarit","link":"https:\/\/www.shqiperia.com\/blog\/category\/blogu-i-udhetarit\/"},"img":{"alt_text":"","src":"https:\/\/i0.wp.com\/www.shqiperia.com\/blog\/wp-content\/uploads\/2026\/03\/Belinda-Balluku1-2.jpg?fit=800%2C451&ssl=1&resize=350%2C200","width":350,"height":200,"srcset":"https:\/\/i0.wp.com\/www.shqiperia.com\/blog\/wp-content\/uploads\/2026\/03\/Belinda-Balluku1-2.jpg?fit=800%2C451&ssl=1&resize=350%2C200 1x, https:\/\/i0.wp.com\/www.shqiperia.com\/blog\/wp-content\/uploads\/2026\/03\/Belinda-Balluku1-2.jpg?fit=800%2C451&ssl=1&resize=525%2C300 1.5x, https:\/\/i0.wp.com\/www.shqiperia.com\/blog\/wp-content\/uploads\/2026\/03\/Belinda-Balluku1-2.jpg?fit=800%2C451&ssl=1&resize=700%2C400 2x"},"classes":[]},{"id":98332,"url":"https:\/\/www.shqiperia.com\/blog\/rama-del-ne-dosjen-e-re-te-ballukut-spak-gati-te-therrase-kryeministrin-si-te-pandehur-ja-faktet-qe-e-komprometojne\/","url_meta":{"origin":42169,"position":2},"title":"Rama del ne dosjen e re te Ballukut, SPAK gati t\u00eb th\u00ebrras\u00eb kryeministrin si t\u00eb pandehur, ja faktet q\u00eb e komprometojn\u00eb","author":"Kurt Farka","date":"March 11, 2026","format":false,"excerpt":"12 Mars 2026 Kryeministri Edi Rama duket se do t\u00eb ket\u00eb telashe me drejt\u00ebsin\u00eb, madje nuk p\u00ebrjashtohet mund\u00ebsia q\u00eb ai t\u00eb thirret n\u00eb Prokurorin\u00eb e Posa\u00e7me (SPAK) si i pandehur, p\u00ebr shkak se del n\u00eb dosjen e re t\u00eb Belinda Ballukut. Paralajm\u00ebrimin e ka b\u00ebr\u00eb dit\u00ebn e djeshme gazetari Enton\u2026","rel":"","context":"In &quot;Blogu i Udh\u00ebtarit&quot;","block_context":{"text":"Blogu i Udh\u00ebtarit","link":"https:\/\/www.shqiperia.com\/blog\/category\/blogu-i-udhetarit\/"},"img":{"alt_text":"","src":"https:\/\/i0.wp.com\/www.shqiperia.com\/blog\/wp-content\/uploads\/2026\/03\/800-0-bandicam-2021-04-21-03-52-09-903.jpg?fit=800%2C448&ssl=1&resize=350%2C200","width":350,"height":200,"srcset":"https:\/\/i0.wp.com\/www.shqiperia.com\/blog\/wp-content\/uploads\/2026\/03\/800-0-bandicam-2021-04-21-03-52-09-903.jpg?fit=800%2C448&ssl=1&resize=350%2C200 1x, https:\/\/i0.wp.com\/www.shqiperia.com\/blog\/wp-content\/uploads\/2026\/03\/800-0-bandicam-2021-04-21-03-52-09-903.jpg?fit=800%2C448&ssl=1&resize=525%2C300 1.5x, https:\/\/i0.wp.com\/www.shqiperia.com\/blog\/wp-content\/uploads\/2026\/03\/800-0-bandicam-2021-04-21-03-52-09-903.jpg?fit=800%2C448&ssl=1&resize=700%2C400 2x"},"classes":[]},{"id":61183,"url":"https:\/\/www.shqiperia.com\/blog\/dosja-per-ilir-meten-nuk-ekziston-gjekmarkaj-jemi-ne-ambientin-e-shantazheve-qe-dhe-nje-burre-e-bejne-shtatzene-kreu-i-pl-duhet-te-vere-me-shpatulla-pas-muri-qeverine-qe\/","url_meta":{"origin":42169,"position":3},"title":"\u201cDosja p\u00ebr Ilir Met\u00ebn nuk ekziston\u201d- Gjekmarkaj: Jemi n\u00eb ambientin e shantazheve q\u00eb dhe nj\u00eb burr\u00eb e b\u00ebjn\u00eb shtatz\u00ebn\u00eb! Kreu i PL duhet t\u00eb v\u00ebr\u00eb me shpatulla pas muri qeverin\u00eb q\u00eb\u2026","author":"Kurt Farka","date":"August 15, 2022","format":false,"excerpt":"15 Gusht 2022 Deputeti i Partis\u00eb Demokratike, Agron Gjekmarkaj, foli k\u00ebt\u00eb t\u00eb h\u00ebn\u00eb n\u00eb lidhje me pretendimet e qeveris\u00eb p\u00ebr bashk\u00ebpunimin e ish-Presidentit Ilir Meta, me Sigurimin e Shtetit. P\u00ebrmes nj\u00eb interviste t\u00eb dh\u00ebn\u00eb p\u00ebr News 24, deputeti demokrat tha se nuk beson se ekziston nj\u00eb dosje e till\u00eb, nd\u00ebrsa\u2026","rel":"","context":"In &quot;Kultura&quot;","block_context":{"text":"Kultura","link":"https:\/\/www.shqiperia.com\/blog\/category\/kultura\/"},"img":{"alt_text":"","src":"https:\/\/i0.wp.com\/www.shqiperia.com\/blog\/wp-content\/uploads\/2022\/08\/Agron-Gjekmarkaj-1.png?fit=641%2C371&ssl=1&resize=350%2C200","width":350,"height":200,"srcset":"https:\/\/i0.wp.com\/www.shqiperia.com\/blog\/wp-content\/uploads\/2022\/08\/Agron-Gjekmarkaj-1.png?fit=641%2C371&ssl=1&resize=350%2C200 1x, https:\/\/i0.wp.com\/www.shqiperia.com\/blog\/wp-content\/uploads\/2022\/08\/Agron-Gjekmarkaj-1.png?fit=641%2C371&ssl=1&resize=525%2C300 1.5x"},"classes":[]},{"id":24964,"url":"https:\/\/www.shqiperia.com\/blog\/dosja-184-ne-diber-per-ta-mbyllur-shkodra-kontrollohet-nga-tom-doshi-lubonja-pse-pas-rastit-te-sotem-te-porto-palermos-cdo-shqiptar-duhet-te-ndihet-i-rrezikuar\/","url_meta":{"origin":42169,"position":4},"title":"\u201cDosja 184 n\u00eb Dib\u00ebr p\u00ebr ta mbyllur. Shkodra kontrollohet nga Tom Doshi\u201d- Lubonja: Pse pas rastit t\u00eb sot\u00ebm t\u00eb \u2018Porto Palermos\u2019 \u00e7do shqiptar duhet t\u00eb ndihet i rrezikuar","author":"Kurt Farka","date":"August 22, 2019","format":false,"excerpt":"\u201cDosja 184 n\u00eb Dib\u00ebr p\u00ebr ta mbyllur. Shkodra kontrollohet nga Tom Doshi\u201d- Lubonja: Pse pas rastit t\u00eb sot\u00ebm t\u00eb \u2018Porto Palermos\u2019 \u00e7do shqiptar duhet t\u00eb ndihet i rrezikuar \u00a021 gusht 2019 Transferimi i dosjes 184 n\u00eb Dib\u00ebr, p\u00ebr analistin e njohur Fatos Lubonja tregon se prokuroria \u00ebsht\u00eb e kapur dhe\u2026","rel":"","context":"In &quot;Kultura&quot;","block_context":{"text":"Kultura","link":"https:\/\/www.shqiperia.com\/blog\/category\/kultura\/"},"img":{"alt_text":"","src":"https:\/\/i0.wp.com\/www.shqiperia.com\/blog\/wp-content\/uploads\/2019\/08\/lubonja.jpg?fit=772%2C379&ssl=1&resize=350%2C200","width":350,"height":200,"srcset":"https:\/\/i0.wp.com\/www.shqiperia.com\/blog\/wp-content\/uploads\/2019\/08\/lubonja.jpg?fit=772%2C379&ssl=1&resize=350%2C200 1x, https:\/\/i0.wp.com\/www.shqiperia.com\/blog\/wp-content\/uploads\/2019\/08\/lubonja.jpg?fit=772%2C379&ssl=1&resize=525%2C300 1.5x, https:\/\/i0.wp.com\/www.shqiperia.com\/blog\/wp-content\/uploads\/2019\/08\/lubonja.jpg?fit=772%2C379&ssl=1&resize=700%2C400 2x"},"classes":[]},{"id":79750,"url":"https:\/\/www.shqiperia.com\/blog\/birn-vellai-i-kryeministrit-olsi-rama-akuzohet-per-lidhje-me-te-denuarit-e-dosjes-xibraka\/","url_meta":{"origin":42169,"position":5},"title":"BIRN: &#8211; V\u00ebllai i kryeministrit, Olsi Rama akuzohet p\u00ebr lidhje me t\u00eb d\u00ebnuarit e dosjes \u201cXibraka\u201d","author":"Kurt Farka","date":"March 30, 2024","format":false,"excerpt":"31 Mars 2024 .. BIRN - \u201cJan\u00eb kaq shum\u00eb fakte, rrethana dhe indicie n\u00eb dosjen e hetuar keq t\u00eb prokuroris\u00eb, saq\u00eb drejt\u00ebsia ka p\u00ebr detyr\u00eb t\u00eb rihap\u00eb dosjen menj\u00ebher\u00eb,\u201d tha Bardhi duke i b\u00ebr\u00eb thirje kreut t\u00eb SPAK. Kryetari i Grupit Parlamentar t\u00eb Partis\u00eb Demokratike, Gazmend Bardhi akuzoi t\u00eb enjten\u2026","rel":"","context":"In &quot;Blogu i Udh\u00ebtarit&quot;","block_context":{"text":"Blogu i Udh\u00ebtarit","link":"https:\/\/www.shqiperia.com\/blog\/category\/blogu-i-udhetarit\/"},"img":{"alt_text":"","src":"https:\/\/i0.wp.com\/www.shqiperia.com\/blog\/wp-content\/uploads\/2024\/03\/800-0-b2b1cb5ec361741725388bc1ee0997d9.jpg?fit=800%2C480&ssl=1&resize=350%2C200","width":350,"height":200,"srcset":"https:\/\/i0.wp.com\/www.shqiperia.com\/blog\/wp-content\/uploads\/2024\/03\/800-0-b2b1cb5ec361741725388bc1ee0997d9.jpg?fit=800%2C480&ssl=1&resize=350%2C200 1x, https:\/\/i0.wp.com\/www.shqiperia.com\/blog\/wp-content\/uploads\/2024\/03\/800-0-b2b1cb5ec361741725388bc1ee0997d9.jpg?fit=800%2C480&ssl=1&resize=525%2C300 1.5x, https:\/\/i0.wp.com\/www.shqiperia.com\/blog\/wp-content\/uploads\/2024\/03\/800-0-b2b1cb5ec361741725388bc1ee0997d9.jpg?fit=800%2C480&ssl=1&resize=700%2C400 2x"},"classes":[]}],"_links":{"self":[{"href":"https:\/\/www.shqiperia.com\/blog\/wp-json\/wp\/v2\/posts\/42169","targetHints":{"allow":["GET"]}}],"collection":[{"href":"https:\/\/www.shqiperia.com\/blog\/wp-json\/wp\/v2\/posts"}],"about":[{"href":"https:\/\/www.shqiperia.com\/blog\/wp-json\/wp\/v2\/types\/post"}],"author":[{"embeddable":true,"href":"https:\/\/www.shqiperia.com\/blog\/wp-json\/wp\/v2\/users\/9"}],"replies":[{"embeddable":true,"href":"https:\/\/www.shqiperia.com\/blog\/wp-json\/wp\/v2\/comments?post=42169"}],"version-history":[{"count":1,"href":"https:\/\/www.shqiperia.com\/blog\/wp-json\/wp\/v2\/posts\/42169\/revisions"}],"predecessor-version":[{"id":42172,"href":"https:\/\/www.shqiperia.com\/blog\/wp-json\/wp\/v2\/posts\/42169\/revisions\/42172"}],"wp:featuredmedia":[{"embeddable":true,"href":"https:\/\/www.shqiperia.com\/blog\/wp-json\/wp\/v2\/media\/42171"}],"wp:attachment":[{"href":"https:\/\/www.shqiperia.com\/blog\/wp-json\/wp\/v2\/media?parent=42169"}],"wp:term":[{"taxonomy":"category","embeddable":true,"href":"https:\/\/www.shqiperia.com\/blog\/wp-json\/wp\/v2\/categories?post=42169"},{"taxonomy":"post_tag","embeddable":true,"href":"https:\/\/www.shqiperia.com\/blog\/wp-json\/wp\/v2\/tags?post=42169"}],"curies":[{"name":"wp","href":"https:\/\/api.w.org\/{rel}","templated":true}]}}