{"id":42159,"date":"2020-12-22T13:04:34","date_gmt":"2020-12-22T13:04:34","guid":{"rendered":"https:\/\/www.shqiperia.com\/blog\/?p=42159"},"modified":"2020-12-22T13:04:34","modified_gmt":"2020-12-22T13:04:34","slug":"kjo-perben-nje-kercenim-per-njerezimin-mjeku-i-njohur-do-vijne-viruse-edhe-me-vrastare-duhet-te-kemi-frike","status":"publish","type":"post","link":"https:\/\/www.shqiperia.com\/blog\/kjo-perben-nje-kercenim-per-njerezimin-mjeku-i-njohur-do-vijne-viruse-edhe-me-vrastare-duhet-te-kemi-frike\/","title":{"rendered":"\u201cKjo p\u00ebrb\u00ebn nj\u00eb k\u00ebrc\u00ebnim p\u00ebr njer\u00ebzimin\u201d. Mjeku i njohur: &#8211; Do vijn\u00eb viruse edhe m\u00eb vrastare, duhet t\u00eb kemi frik\u00eb!"},"content":{"rendered":"<p><img data-recalc-dims=\"1\" loading=\"lazy\" decoding=\"async\" data-attachment-id=\"42160\" data-permalink=\"https:\/\/www.shqiperia.com\/blog\/kjo-perben-nje-kercenim-per-njerezimin-mjeku-i-njohur-do-vijne-viruse-edhe-me-vrastare-duhet-te-kemi-frike\/800-0-81509a6fc2e06e83b428d94f8a2fe539\/\" data-orig-file=\"https:\/\/i0.wp.com\/www.shqiperia.com\/blog\/wp-content\/uploads\/2020\/12\/800-0-81509a6fc2e06e83b428d94f8a2fe539.jpg?fit=589%2C299&amp;ssl=1\" data-orig-size=\"589,299\" data-comments-opened=\"1\" data-image-meta=\"{&quot;aperture&quot;:&quot;0&quot;,&quot;credit&quot;:&quot;&quot;,&quot;camera&quot;:&quot;&quot;,&quot;caption&quot;:&quot;&quot;,&quot;created_timestamp&quot;:&quot;0&quot;,&quot;copyright&quot;:&quot;&quot;,&quot;focal_length&quot;:&quot;0&quot;,&quot;iso&quot;:&quot;0&quot;,&quot;shutter_speed&quot;:&quot;0&quot;,&quot;title&quot;:&quot;&quot;,&quot;orientation&quot;:&quot;0&quot;}\" data-image-title=\"-800-0-81509a6fc2e06e83b428d94f8a2fe539\" data-image-description=\"\" data-image-caption=\"\" data-medium-file=\"https:\/\/i0.wp.com\/www.shqiperia.com\/blog\/wp-content\/uploads\/2020\/12\/800-0-81509a6fc2e06e83b428d94f8a2fe539.jpg?fit=300%2C152&amp;ssl=1\" data-large-file=\"https:\/\/i0.wp.com\/www.shqiperia.com\/blog\/wp-content\/uploads\/2020\/12\/800-0-81509a6fc2e06e83b428d94f8a2fe539.jpg?fit=589%2C299&amp;ssl=1\" class=\"alignnone  wp-image-42160\" alt=\"\" src=\"https:\/\/i0.wp.com\/www.shqiperia.com\/blog\/wp-content\/uploads\/2020\/12\/800-0-81509a6fc2e06e83b428d94f8a2fe539.jpg?resize=624%2C316&#038;ssl=1\" width=\"624\" height=\"316\" srcset=\"https:\/\/i0.wp.com\/www.shqiperia.com\/blog\/wp-content\/uploads\/2020\/12\/800-0-81509a6fc2e06e83b428d94f8a2fe539.jpg?resize=300%2C152&amp;ssl=1 300w, https:\/\/i0.wp.com\/www.shqiperia.com\/blog\/wp-content\/uploads\/2020\/12\/800-0-81509a6fc2e06e83b428d94f8a2fe539.jpg?resize=450%2C228&amp;ssl=1 450w, https:\/\/i0.wp.com\/www.shqiperia.com\/blog\/wp-content\/uploads\/2020\/12\/800-0-81509a6fc2e06e83b428d94f8a2fe539.jpg?resize=400%2C203&amp;ssl=1 400w, https:\/\/i0.wp.com\/www.shqiperia.com\/blog\/wp-content\/uploads\/2020\/12\/800-0-81509a6fc2e06e83b428d94f8a2fe539.jpg?w=589&amp;ssl=1 589w\" sizes=\"auto, (max-width: 624px) 100vw, 624px\" \/><\/p>\n<p>\u201cKjo p\u00ebrb\u00ebn nj\u00eb k\u00ebrc\u00ebnim p\u00ebr njer\u00ebzimin\u201d. Mjeku i njohur: &#8211; Do vijn\u00eb viruse edhe m\u00eb vrastare, duhet t\u00eb kemi frik\u00eb!<\/p>\n<p>22 DHJETOR 2020<\/p>\n<p>Mjeku i njohur q\u00eb ka zbuluar ebol\u00ebn ka b\u00ebr\u00eb nj\u00eb deklarat\u00eb t\u00eb fshikshme n\u00eb lidhje me virusi t\u00eb tjera q\u00eb priten t\u00eb shfaqen.<\/p>\n<p>\u201cKy nuk \u00ebsht\u00eb nj\u00eb trillim fantastiko-shkencor; t\u00eb gjith\u00eb duhet t\u00eb kemi frik\u00eb. Ebola ishte e panjohur. Covid-i ishte i panjohur. Tani duhet t\u00eb druhemi nga s\u00ebmundje t\u00eb tjera\u201d.<\/p>\n<p>Dr. Dadin Bonkole, ka deklaruar se sott ka nj\u00eb vaksin\u00eb dhe nj\u00eb trajtim p\u00ebr k\u00ebt\u00eb s\u00ebmundje t\u00eb tmerrshme, q\u00eb kan\u00eb arritur ta ulin shum\u00eb vdekshm\u00ebrin\u00eb prej saj. Pyetja q\u00eb t\u00eb vjen nd\u00ebrmend kur shikon nj\u00eb paciente q\u00eb shfaq simptoma t\u00eb hershme t\u00eb etheve hemorragjike, e q\u00eb me t\u00eb af\u00ebrmit mund t\u00eb komunikoj\u00eb vet\u00ebm p\u00ebrmes nj\u00eb ndarjeje plastike, \u00ebsht\u00eb: po n\u00ebse kjo grua nuk ka ebol\u00ebn? Po n\u00ebse ajo \u00ebsht\u00eb prekur nga nj\u00eb s\u00ebmundje e re dhe e panjohur, nj\u00eb s\u00ebmundje X, thot\u00eb CNN.<\/p>\n<p>Sipas profesorit Jean-Jacques Muyembe Tamfum, i cili ndihmoi t\u00eb zbulohej ebola n\u00eb 1976-\u00ebn, njer\u00ebzimit p\u00ebrballet me nj\u00eb num\u00ebr t\u00eb panjohur virusesh t\u00eb reja dhe potencialisht fatale q\u00eb mund t\u00eb dalin prej pyjeve tropikale t\u00eb Afrik\u00ebs.<\/p>\n<p>\u201cNe jetojm\u00eb n\u00eb nj\u00eb bot\u00eb ku patogjen\u00eb t\u00eb rinj mund t\u00eb shfaqen n\u00eb \u00e7do moment. Dhe kjo p\u00ebrb\u00ebn nj\u00eb k\u00ebrc\u00ebnim p\u00ebr njer\u00ebzimin\u201d, shprehet ai.<\/p>\n<p>Ebola ishte nj\u00eb prej tyre. Tani per\u00ebndimit, vazhdon gjiganti mediatik amerikan, do t\u2019i duhet t\u00eb mb\u00ebshtetet te shkenc\u00ebtar\u00ebt afrikan\u00eb n\u00eb Kongo e gjetk\u00eb, p\u00ebr t\u00eb vepruar si roje t\u00eb cil\u00ebt t\u00eb l\u00ebshojn\u00eb alarmin p\u00ebr s\u00ebmundje t\u00eb ardhshme.<\/p>\n<p>Gazeta Sot<\/p>\n","protected":false},"excerpt":{"rendered":"<p>\u201cKjo p\u00ebrb\u00ebn nj\u00eb k\u00ebrc\u00ebnim p\u00ebr njer\u00ebzimin\u201d. Mjeku i njohur: &#8211; Do vijn\u00eb viruse edhe m\u00eb vrastare, duhet t\u00eb kemi frik\u00eb! 22 DHJETOR 2020 Mjeku i njohur q\u00eb ka zbuluar ebol\u00ebn ka b\u00ebr\u00eb nj\u00eb deklarat\u00eb t\u00eb fshikshme n\u00eb lidhje me virusi t\u00eb tjera q\u00eb priten t\u00eb shfaqen. \u201cKy nuk \u00ebsht\u00eb nj\u00eb trillim fantastiko-shkencor; t\u00eb gjith\u00eb duhet [&hellip;]<\/p>\n","protected":false},"author":9,"featured_media":42160,"comment_status":"open","ping_status":"open","sticky":false,"template":"","format":"standard","meta":{"jetpack_post_was_ever_published":false,"_jetpack_newsletter_access":"","_jetpack_dont_email_post_to_subs":false,"_jetpack_newsletter_tier_id":0,"_jetpack_memberships_contains_paywalled_content":false,"_jetpack_memberships_contains_paid_content":false,"footnotes":"","jetpack_publicize_message":"","jetpack_publicize_feature_enabled":true,"jetpack_social_post_already_shared":true,"jetpack_social_options":{"image_generator_settings":{"template":"highway","default_image_id":0,"font":"","enabled":false},"version":2}},"categories":[27,35],"tags":[],"class_list":["post-42159","post","type-post","status-publish","format-standard","has-post-thumbnail","hentry","category-blogu-i-udhetarit","category-shoqerore"],"jetpack_publicize_connections":[],"jetpack_featured_media_url":"https:\/\/i0.wp.com\/www.shqiperia.com\/blog\/wp-content\/uploads\/2020\/12\/800-0-81509a6fc2e06e83b428d94f8a2fe539.jpg?fit=589%2C299&ssl=1","jetpack_sharing_enabled":true,"jetpack_shortlink":"https:\/\/wp.me\/p5Z6wp-aXZ","jetpack-related-posts":[{"id":32181,"url":"https:\/\/www.shqiperia.com\/blog\/koronavirusi-mjeku-i-njohur-jep-10-keshilla-qe-duhet-zbatuar-rreptesisht-dhe-ka-nje-mesazh-te-forte-per-gjithe-shqiptaret\/","url_meta":{"origin":42159,"position":0},"title":"Koronavirusi\/ Mjeku i njohur jep 10 k\u00ebshilla q\u00eb duhet zbatuar rrept\u00ebsisht dhe ka nj\u00eb mesazh t\u00eb fort\u00eb p\u00ebr gjith\u00eb shqiptar\u00ebt","author":"Kurt Farka","date":"March 9, 2020","format":false,"excerpt":"Koronavirusi\/ Mjeku i njohur jep 10 k\u00ebshilla q\u00eb duhet zbatuar rrept\u00ebsisht dhe ka nj\u00eb mesazh t\u00eb fort\u00eb p\u00ebr gjith\u00eb shqiptar\u00ebt 9 mars 2020 Koronavirusi eshte konfirmuar zyrtarisht edhe ne vendin tone, e ne nje situate te tille kur njerezit pushtohen nga paniku, mjeku i njohur Tritan Kalo ka disa keshilla\u2026","rel":"","context":"In &quot;Blogu i Udh\u00ebtarit&quot;","block_context":{"text":"Blogu i Udh\u00ebtarit","link":"https:\/\/www.shqiperia.com\/blog\/category\/blogu-i-udhetarit\/"},"img":{"alt_text":"","src":"https:\/\/i0.wp.com\/www.shqiperia.com\/blog\/wp-content\/uploads\/2020\/03\/Tritan-Kalo.jpg?fit=600%2C311&ssl=1&resize=350%2C200","width":350,"height":200,"srcset":"https:\/\/i0.wp.com\/www.shqiperia.com\/blog\/wp-content\/uploads\/2020\/03\/Tritan-Kalo.jpg?fit=600%2C311&ssl=1&resize=350%2C200 1x, https:\/\/i0.wp.com\/www.shqiperia.com\/blog\/wp-content\/uploads\/2020\/03\/Tritan-Kalo.jpg?fit=600%2C311&ssl=1&resize=525%2C300 1.5x"},"classes":[]},{"id":48088,"url":"https:\/\/www.shqiperia.com\/blog\/a-rrezikojme-nje-vale-te-4-ne-vjeshte-nga-mutacioni-i-covid-19-flet-mjeku-i-njohur-ne-shqiperi-pres-qe\/","url_meta":{"origin":42159,"position":1},"title":"A rrezikojm\u00eb nj\u00eb val\u00eb t\u00eb 4 n\u00eb vjesht\u00eb nga mutacioni i Covid-19? Flet mjeku i njohur: N\u00eb Shqip\u00ebri pres q\u00eb&#8230;","author":"Kurt Farka","date":"June 23, 2021","format":false,"excerpt":"A rrezikojm\u00eb nj\u00eb val\u00eb t\u00eb 4 n\u00eb vjesht\u00eb nga mutacioni i Covid-19? Flet mjeku i njohur: N\u00eb Shqip\u00ebri pres q\u00eb... 23 QERSHOR 2021 \u201c\u2026I pyetur n\u00eb lidhje me krijimin e nj\u00eb doze t\u00eb tret\u00eb t\u00eb nj\u00eb tjet\u00ebr vaksine p\u00ebr t\u2019u injektuar te personat q\u00eb kan\u00eb marr\u00eb vaksin\u00ebn kineze, mjeku i\u2026","rel":"","context":"In &quot;Blogu i Udh\u00ebtarit&quot;","block_context":{"text":"Blogu i Udh\u00ebtarit","link":"https:\/\/www.shqiperia.com\/blog\/category\/blogu-i-udhetarit\/"},"img":{"alt_text":"","src":"https:\/\/i0.wp.com\/www.shqiperia.com\/blog\/wp-content\/uploads\/2021\/06\/Alarming-gap-in-global-response-to-COVID-19-2.jpg?fit=736%2C401&ssl=1&resize=350%2C200","width":350,"height":200,"srcset":"https:\/\/i0.wp.com\/www.shqiperia.com\/blog\/wp-content\/uploads\/2021\/06\/Alarming-gap-in-global-response-to-COVID-19-2.jpg?fit=736%2C401&ssl=1&resize=350%2C200 1x, https:\/\/i0.wp.com\/www.shqiperia.com\/blog\/wp-content\/uploads\/2021\/06\/Alarming-gap-in-global-response-to-COVID-19-2.jpg?fit=736%2C401&ssl=1&resize=525%2C300 1.5x, https:\/\/i0.wp.com\/www.shqiperia.com\/blog\/wp-content\/uploads\/2021\/06\/Alarming-gap-in-global-response-to-COVID-19-2.jpg?fit=736%2C401&ssl=1&resize=700%2C400 2x"},"classes":[]},{"id":32884,"url":"https:\/\/www.shqiperia.com\/blog\/situata-eshte-menaxhuar-shume-keq-mjeku-flamur-topi-apel-te-forte-qytetareve-keto-dy-veprime-te-vlefshme-ju-mbajne-larg-virusit\/","url_meta":{"origin":42159,"position":2},"title":"\u201cSituata \u00ebsht\u00eb menaxhuar shum\u00eb keq\u201d, mjeku Flamur Topi apel t\u00eb fort\u00eb qytetar\u00ebve: K\u00ebto dy veprime t\u00eb vlefshme ju mbajn\u00eb larg virusit","author":"Kurt Farka","date":"March 29, 2020","format":false,"excerpt":"\u201cSituata \u00ebsht\u00eb menaxhuar shum\u00eb keq\u201d, mjeku Flamur Topi apel t\u00eb fort\u00eb qytetar\u00ebve: K\u00ebto dy veprime t\u00eb vlefshme ju mbajn\u00eb larg virusit 27 MARS 2020 Doktori i njohur, Flamur Topi n\u00eb nj\u00eb lidhje skype n\u00eb emisionin \"Rreze Dielli\" ka folur p\u00ebr situat\u00ebn e krijuar nga koronavirusi n\u00eb Shqip\u00ebri dhe bot\u00eb. Ai\u2026","rel":"","context":"In &quot;Blogu i Udh\u00ebtarit&quot;","block_context":{"text":"Blogu i Udh\u00ebtarit","link":"https:\/\/www.shqiperia.com\/blog\/category\/blogu-i-udhetarit\/"},"img":{"alt_text":"","src":"https:\/\/i0.wp.com\/www.shqiperia.com\/blog\/wp-content\/uploads\/2020\/03\/640-0-5e7dc996b1d7a.jpg?fit=640%2C331&ssl=1&resize=350%2C200","width":350,"height":200,"srcset":"https:\/\/i0.wp.com\/www.shqiperia.com\/blog\/wp-content\/uploads\/2020\/03\/640-0-5e7dc996b1d7a.jpg?fit=640%2C331&ssl=1&resize=350%2C200 1x, https:\/\/i0.wp.com\/www.shqiperia.com\/blog\/wp-content\/uploads\/2020\/03\/640-0-5e7dc996b1d7a.jpg?fit=640%2C331&ssl=1&resize=525%2C300 1.5x"},"classes":[]},{"id":51055,"url":"https:\/\/www.shqiperia.com\/blog\/kujdes-po-qarkullon-nje-virus-shume-ngjites-tek-femijet-mjeku-i-njohur-del-me-apelin-e-rendesishem-dhe-sqaron-simptomat\/","url_meta":{"origin":42159,"position":3},"title":"\u201cKujdes, po qarkullon nj\u00eb virus shum\u00eb ngjit\u00ebs tek f\u00ebmij\u00ebt\u201d, mjeku i njohur del me apelin e r\u00ebnd\u00ebsish\u00ebm dhe sqaron simptomat","author":"Kurt Farka","date":"November 3, 2021","format":false,"excerpt":"\u201cKujdes, po qarkullon nj\u00eb virus shum\u00eb ngjit\u00ebs tek f\u00ebmij\u00ebt\u201d, mjeku i njohur del me apelin e r\u00ebnd\u00ebsish\u00ebm dhe sqaron simptomat 3 N\u00cbNTOR 2021 Stina e vjesht\u00ebs ka rikthyer edhe virozat tek f\u00ebmij\u00ebt. Shefi i pavionit t\u00eb pediatris\u00eb n\u00eb spitalin e Kor\u00e7\u00ebs Rober Rado b\u00ebn t\u00eb ditur se n\u00eb k\u00ebt\u00eb pavion\u2026","rel":"","context":"In &quot;Blogu i Udh\u00ebtarit&quot;","block_context":{"text":"Blogu i Udh\u00ebtarit","link":"https:\/\/www.shqiperia.com\/blog\/category\/blogu-i-udhetarit\/"},"img":{"alt_text":"","src":"https:\/\/i0.wp.com\/www.shqiperia.com\/blog\/wp-content\/uploads\/2021\/11\/Rober-Rado.png?fit=800%2C453&ssl=1&resize=350%2C200","width":350,"height":200,"srcset":"https:\/\/i0.wp.com\/www.shqiperia.com\/blog\/wp-content\/uploads\/2021\/11\/Rober-Rado.png?fit=800%2C453&ssl=1&resize=350%2C200 1x, https:\/\/i0.wp.com\/www.shqiperia.com\/blog\/wp-content\/uploads\/2021\/11\/Rober-Rado.png?fit=800%2C453&ssl=1&resize=525%2C300 1.5x, https:\/\/i0.wp.com\/www.shqiperia.com\/blog\/wp-content\/uploads\/2021\/11\/Rober-Rado.png?fit=800%2C453&ssl=1&resize=700%2C400 2x"},"classes":[]},{"id":44409,"url":"https:\/\/www.shqiperia.com\/blog\/bill-gates-duhet-te-shohim-ate-qe-kemi-mesuar-nga-kjo-pandemi-sepse-do-te-kete-nje-tjeter-kemi-nevoje-per-3-mije-eksperte-per\/","url_meta":{"origin":42159,"position":4},"title":"Bill Gates: &#8211; Duhet t\u00eb shohim at\u00eb q\u00eb kemi m\u00ebsuar nga kjo pandemi, sepse do t\u00eb ket\u00eb nj\u00eb tjet\u00ebr, kemi nevoj\u00eb p\u00ebr 3 mij\u00eb ekspert\u00eb p\u00ebr\u2026","author":"Kurt Farka","date":"February 18, 2021","format":false,"excerpt":"Bill Gates: - Duhet t\u00eb shohim at\u00eb q\u00eb kemi m\u00ebsuar nga kjo pandemi, sepse do t\u00eb ket\u00eb nj\u00eb tjet\u00ebr, kemi nevoj\u00eb p\u00ebr 3 mij\u00eb ekspert\u00eb p\u00ebr\u2026 - 16.02.21 N\u00eb vitin 2015, bashk\u00ebthemeluesi i Microsoft Bill Gates mbajti nj\u00eb fjalim n\u00eb TED Talks gjat\u00eb t\u00eb cilit paralajm\u00ebroi njer\u00ebzit se nj\u00eb virus\u2026","rel":"","context":"In &quot;Blogu i Udh\u00ebtarit&quot;","block_context":{"text":"Blogu i Udh\u00ebtarit","link":"https:\/\/www.shqiperia.com\/blog\/category\/blogu-i-udhetarit\/"},"img":{"alt_text":"","src":"https:\/\/i0.wp.com\/www.shqiperia.com\/blog\/wp-content\/uploads\/2021\/02\/Bill-Gates-770x433-1.jpg?fit=770%2C433&ssl=1&resize=350%2C200","width":350,"height":200,"srcset":"https:\/\/i0.wp.com\/www.shqiperia.com\/blog\/wp-content\/uploads\/2021\/02\/Bill-Gates-770x433-1.jpg?fit=770%2C433&ssl=1&resize=350%2C200 1x, https:\/\/i0.wp.com\/www.shqiperia.com\/blog\/wp-content\/uploads\/2021\/02\/Bill-Gates-770x433-1.jpg?fit=770%2C433&ssl=1&resize=525%2C300 1.5x, https:\/\/i0.wp.com\/www.shqiperia.com\/blog\/wp-content\/uploads\/2021\/02\/Bill-Gates-770x433-1.jpg?fit=770%2C433&ssl=1&resize=700%2C400 2x"},"classes":[]},{"id":49130,"url":"https:\/\/www.shqiperia.com\/blog\/del-nje-tjeter-teori-mikrobiologu-ben-parashikimin-e-frikshem-pandemia-e-ardhshme-eshte-e-fshehur-ne\/","url_meta":{"origin":42159,"position":5},"title":"Del nj\u00eb tjet\u00ebr teori! &#8211; Mikrobiologu b\u00ebn parashikimin e friksh\u00ebm: &#8211; Pandemia e ardhshme \u00ebsht\u00eb e fshehur n\u00eb&#8230;","author":"Kurt Farka","date":"August 14, 2021","format":false,"excerpt":"Del nj\u00eb tjet\u00ebr teori! - Mikrobiologu b\u00ebn parashikimin e friksh\u00ebm: - Pandemia e ardhshme \u00ebsht\u00eb e fshehur n\u00eb... 10 GUSHT 2021 Del nj\u00eb tjet\u00ebr teori! Mikrobiologu b\u00ebn parashikimin e Kufomat e kalbura t\u00eb njer\u00ebzve dhe kufomat e kafsh\u00ebve t\u00eb infektuara me s\u00ebmundje vdekjeprur\u00ebse mund t\u00eb shkaktojn\u00eb pandemin\u00eb tjet\u00ebr globale, ka\u2026","rel":"","context":"In &quot;Blogu i Udh\u00ebtarit&quot;","block_context":{"text":"Blogu i Udh\u00ebtarit","link":"https:\/\/www.shqiperia.com\/blog\/category\/blogu-i-udhetarit\/"},"img":{"alt_text":"","src":"https:\/\/i0.wp.com\/www.shqiperia.com\/blog\/wp-content\/uploads\/2021\/08\/800-0-61123925c8297.jpg?fit=800%2C431&ssl=1&resize=350%2C200","width":350,"height":200,"srcset":"https:\/\/i0.wp.com\/www.shqiperia.com\/blog\/wp-content\/uploads\/2021\/08\/800-0-61123925c8297.jpg?fit=800%2C431&ssl=1&resize=350%2C200 1x, https:\/\/i0.wp.com\/www.shqiperia.com\/blog\/wp-content\/uploads\/2021\/08\/800-0-61123925c8297.jpg?fit=800%2C431&ssl=1&resize=525%2C300 1.5x, https:\/\/i0.wp.com\/www.shqiperia.com\/blog\/wp-content\/uploads\/2021\/08\/800-0-61123925c8297.jpg?fit=800%2C431&ssl=1&resize=700%2C400 2x"},"classes":[]}],"_links":{"self":[{"href":"https:\/\/www.shqiperia.com\/blog\/wp-json\/wp\/v2\/posts\/42159","targetHints":{"allow":["GET"]}}],"collection":[{"href":"https:\/\/www.shqiperia.com\/blog\/wp-json\/wp\/v2\/posts"}],"about":[{"href":"https:\/\/www.shqiperia.com\/blog\/wp-json\/wp\/v2\/types\/post"}],"author":[{"embeddable":true,"href":"https:\/\/www.shqiperia.com\/blog\/wp-json\/wp\/v2\/users\/9"}],"replies":[{"embeddable":true,"href":"https:\/\/www.shqiperia.com\/blog\/wp-json\/wp\/v2\/comments?post=42159"}],"version-history":[{"count":1,"href":"https:\/\/www.shqiperia.com\/blog\/wp-json\/wp\/v2\/posts\/42159\/revisions"}],"predecessor-version":[{"id":42161,"href":"https:\/\/www.shqiperia.com\/blog\/wp-json\/wp\/v2\/posts\/42159\/revisions\/42161"}],"wp:featuredmedia":[{"embeddable":true,"href":"https:\/\/www.shqiperia.com\/blog\/wp-json\/wp\/v2\/media\/42160"}],"wp:attachment":[{"href":"https:\/\/www.shqiperia.com\/blog\/wp-json\/wp\/v2\/media?parent=42159"}],"wp:term":[{"taxonomy":"category","embeddable":true,"href":"https:\/\/www.shqiperia.com\/blog\/wp-json\/wp\/v2\/categories?post=42159"},{"taxonomy":"post_tag","embeddable":true,"href":"https:\/\/www.shqiperia.com\/blog\/wp-json\/wp\/v2\/tags?post=42159"}],"curies":[{"name":"wp","href":"https:\/\/api.w.org\/{rel}","templated":true}]}}