{"id":42156,"date":"2020-12-22T10:11:55","date_gmt":"2020-12-22T10:11:55","guid":{"rendered":"https:\/\/www.shqiperia.com\/blog\/?p=42156"},"modified":"2020-12-22T15:43:02","modified_gmt":"2020-12-22T15:43:02","slug":"varianti-i-ri-i-covid-70-me-shume-infektues-ish-ministri-i-shendetesise-ky-virus-nuk-prek-veprimin-e-vaksines","status":"publish","type":"post","link":"https:\/\/www.shqiperia.com\/blog\/varianti-i-ri-i-covid-70-me-shume-infektues-ish-ministri-i-shendetesise-ky-virus-nuk-prek-veprimin-e-vaksines\/","title":{"rendered":"Varianti i ri i Covid, 70% m\u00eb shum\u00eb infektues\/ Ish-ministri i Sh\u00ebndet\u00ebsis\u00eb: Ky virus nuk prek veprimin e vaksin\u00ebs"},"content":{"rendered":"<p><img data-recalc-dims=\"1\" loading=\"lazy\" decoding=\"async\" data-attachment-id=\"42157\" data-permalink=\"https:\/\/www.shqiperia.com\/blog\/varianti-i-ri-i-covid-70-me-shume-infektues-ish-ministri-i-shendetesise-ky-virus-nuk-prek-veprimin-e-vaksines\/640-0-5fe1bd8c5c916\/\" data-orig-file=\"https:\/\/i0.wp.com\/www.shqiperia.com\/blog\/wp-content\/uploads\/2020\/12\/640-0-5fe1bd8c5c916.png?fit=640%2C335&amp;ssl=1\" data-orig-size=\"640,335\" data-comments-opened=\"1\" data-image-meta=\"{&quot;aperture&quot;:&quot;0&quot;,&quot;credit&quot;:&quot;&quot;,&quot;camera&quot;:&quot;&quot;,&quot;caption&quot;:&quot;&quot;,&quot;created_timestamp&quot;:&quot;0&quot;,&quot;copyright&quot;:&quot;&quot;,&quot;focal_length&quot;:&quot;0&quot;,&quot;iso&quot;:&quot;0&quot;,&quot;shutter_speed&quot;:&quot;0&quot;,&quot;title&quot;:&quot;&quot;,&quot;orientation&quot;:&quot;0&quot;}\" data-image-title=\"-640-0-5fe1bd8c5c916\" data-image-description=\"\" data-image-caption=\"\" data-medium-file=\"https:\/\/i0.wp.com\/www.shqiperia.com\/blog\/wp-content\/uploads\/2020\/12\/640-0-5fe1bd8c5c916.png?fit=300%2C157&amp;ssl=1\" data-large-file=\"https:\/\/i0.wp.com\/www.shqiperia.com\/blog\/wp-content\/uploads\/2020\/12\/640-0-5fe1bd8c5c916.png?fit=640%2C335&amp;ssl=1\" class=\"alignnone wp-image-42157\" alt=\"\" src=\"https:\/\/i0.wp.com\/www.shqiperia.com\/blog\/wp-content\/uploads\/2020\/12\/640-0-5fe1bd8c5c916.png?resize=596%2C312&#038;ssl=1\" width=\"596\" height=\"312\" srcset=\"https:\/\/i0.wp.com\/www.shqiperia.com\/blog\/wp-content\/uploads\/2020\/12\/640-0-5fe1bd8c5c916.png?resize=300%2C157&amp;ssl=1 300w, https:\/\/i0.wp.com\/www.shqiperia.com\/blog\/wp-content\/uploads\/2020\/12\/640-0-5fe1bd8c5c916.png?resize=450%2C236&amp;ssl=1 450w, https:\/\/i0.wp.com\/www.shqiperia.com\/blog\/wp-content\/uploads\/2020\/12\/640-0-5fe1bd8c5c916.png?resize=600%2C314&amp;ssl=1 600w, https:\/\/i0.wp.com\/www.shqiperia.com\/blog\/wp-content\/uploads\/2020\/12\/640-0-5fe1bd8c5c916.png?resize=400%2C209&amp;ssl=1 400w, https:\/\/i0.wp.com\/www.shqiperia.com\/blog\/wp-content\/uploads\/2020\/12\/640-0-5fe1bd8c5c916.png?w=640&amp;ssl=1 640w\" sizes=\"auto, (max-width: 596px) 100vw, 596px\" \/><\/p>\n<p><strong>Varianti i ri i Covid, 70% m\u00eb shum\u00eb infektues\/ Ish-ministri i Sh\u00ebndet\u00ebsis\u00eb: Ky virus nuk prek veprimin e vaksin\u00ebs<\/strong><\/p>\n<p><strong>22 DHJETOR 2020<\/strong><\/p>\n<p>Pak dit\u00eb pasi ka nisur vaksinimi kund\u00ebr koronavirusit Sars CoV-2, nj\u00eb variant i ri i tij, edhe m\u00eb p\u00ebrhap\u00ebs, ka shkaktuar alarm anemban\u00eb Europ\u00ebs. Mbret\u00ebria e Bashkuar, ku edhe \u00ebsht\u00eb zbuluar varianti i ri, ka vendosur masa t\u00eb ashpra dhe ka l\u00ebshuar urdhra p\u00ebr q\u00ebndrim n\u00eb sht\u00ebpi, nd\u00ebrsa shum\u00eb vende t\u00eb tjera (p\u00ebrfshi Shqip\u00ebrin\u00eb dhe fqinjin ton\u00eb Maqedonin\u00eb e Veriut) i kan\u00eb ndaluar fluturimet prej atje.<\/p>\n<p>Kryeministri britanik, Boris Johnson deklaroi se: \u201ckur virusi e ndryshon metod\u00ebn e sulmit, ne duhet ta ndryshojm\u00eb metod\u00ebn e mbrojtjes\u201d.<\/p>\n<p>Komiteti Teknik nd\u00ebrkaq ka shtuar dje orarin e kufizimit. Ish-ministri i Sh\u00ebndet\u00ebsis\u00eb, Tritan Shehu ka folur p\u00ebr \u201cWake Up\u201d, ku ka dh\u00ebn\u00eb detaje rreth mutacionit t\u00eb virusit.<\/p>\n<p>\u201cNuk \u00ebsht\u00eb se kemi nj\u00eb virus t\u00eb ri, kemi n\u00eb fakt di\u00e7ka tjet\u00ebr, ekzistues, q\u00eb \u00ebsht\u00eb virusi q\u00eb shkakton k\u00ebt\u00eb q\u00eb po qarkullon tashm\u00eb.<\/p>\n<p>Kemi nj\u00eb mutacion gjenetik t\u00eb tij, i cili si\u00e7 duket manifestohet n\u00eb nj\u00eb element kryesor, transmetueshm\u00ebria e virusit thuhet se \u00ebsht\u00eb 70 p\u00ebr qind m\u00eb e lart\u00eb se\u00e7 ishte n\u00eb fillim me virusin q\u00eb lindi.<\/p>\n<p>Nuk duket se ka rritje t\u00eb agresivitetit t\u00eb virusit ndaj njeriut. Dhe ky virus i ri nuk prek veprimin e vaksin\u00ebs n\u00eb luft\u00ebn kund\u00ebr virusit. Problem \u00ebsht\u00eb p\u00ebrhapja m\u00eb e shpejt\u00eb e tij\u201d, sqaroi Shehu.<\/p>\n<p>Gazeta Shqip<\/p>\n","protected":false},"excerpt":{"rendered":"<p>Varianti i ri i Covid, 70% m\u00eb shum\u00eb infektues\/ Ish-ministri i Sh\u00ebndet\u00ebsis\u00eb: Ky virus nuk prek veprimin e vaksin\u00ebs 22 DHJETOR 2020 Pak dit\u00eb pasi ka nisur vaksinimi kund\u00ebr koronavirusit Sars CoV-2, nj\u00eb variant i ri i tij, edhe m\u00eb p\u00ebrhap\u00ebs, ka shkaktuar alarm anemban\u00eb Europ\u00ebs. Mbret\u00ebria e Bashkuar, ku edhe \u00ebsht\u00eb zbuluar varianti i [&hellip;]<\/p>\n","protected":false},"author":9,"featured_media":42157,"comment_status":"open","ping_status":"open","sticky":false,"template":"","format":"standard","meta":{"jetpack_post_was_ever_published":false,"_jetpack_newsletter_access":"","_jetpack_dont_email_post_to_subs":false,"_jetpack_newsletter_tier_id":0,"_jetpack_memberships_contains_paywalled_content":false,"_jetpack_memberships_contains_paid_content":false,"footnotes":"","jetpack_publicize_message":"","jetpack_publicize_feature_enabled":true,"jetpack_social_post_already_shared":true,"jetpack_social_options":{"image_generator_settings":{"template":"highway","default_image_id":0,"font":"","enabled":false},"version":2}},"categories":[27,35],"tags":[],"class_list":["post-42156","post","type-post","status-publish","format-standard","has-post-thumbnail","hentry","category-blogu-i-udhetarit","category-shoqerore"],"jetpack_publicize_connections":[],"jetpack_featured_media_url":"https:\/\/i0.wp.com\/www.shqiperia.com\/blog\/wp-content\/uploads\/2020\/12\/640-0-5fe1bd8c5c916.png?fit=640%2C335&ssl=1","jetpack_sharing_enabled":true,"jetpack_shortlink":"https:\/\/wp.me\/p5Z6wp-aXW","jetpack-related-posts":[{"id":53663,"url":"https:\/\/www.shqiperia.com\/blog\/perkeqesohet-situate-eshte-edhe-me-infektues-se-sa-omicron-cfare-po-ndodh-me-nenvariantin-e-ri-qe-po-qarkullon-vjen-reagimi-urgjent-i-obsh-se\/","url_meta":{"origin":42156,"position":0},"title":"P\u00ebrkeq\u00ebsohet situate: &#8211; \u00a0\u00cbsht\u00eb edhe m\u00eb infektues se sa Omicron! \u00c7far\u00eb po ndodh me n\u00ebnvariantin e ri q\u00eb po qarkullon? Vjen reagimi urgjent i OBSH-s\u00eb","author":"Kurt Farka","date":"February 1, 2022","format":false,"excerpt":"P\u00ebrkeq\u00ebsohet situate: - \u00a0\u00cbsht\u00eb edhe m\u00eb infektues se sa Omicron! \u00c7far\u00eb po ndodh me n\u00ebnvariantin e ri q\u00eb po qarkullon? Vjen reagimi urgjent i OBSH-s\u00eb 1 SHKURT 2022 Organizata Bot\u00ebrore e Sh\u00ebndet\u00ebsis\u00eb ka reaguar p\u00ebr shqet\u00ebsimin q\u00eb ka nxitur tek shkenc\u00ebtar\u00ebt identifikimi dhe p\u00ebrhapja e nj\u00eb n\u00ebn-variant t\u00eb Omicron, i\u2026","rel":"","context":"In &quot;Njoftime Shtypi&quot;","block_context":{"text":"Njoftime Shtypi","link":"https:\/\/www.shqiperia.com\/blog\/category\/njoftime-shtypi\/"},"img":{"alt_text":"","src":"https:\/\/i0.wp.com\/www.shqiperia.com\/blog\/wp-content\/uploads\/2022\/02\/800-0-035ae6d7a5e27cf3b4ba7bda40789f76.jpg?fit=800%2C479&ssl=1&resize=350%2C200","width":350,"height":200,"srcset":"https:\/\/i0.wp.com\/www.shqiperia.com\/blog\/wp-content\/uploads\/2022\/02\/800-0-035ae6d7a5e27cf3b4ba7bda40789f76.jpg?fit=800%2C479&ssl=1&resize=350%2C200 1x, https:\/\/i0.wp.com\/www.shqiperia.com\/blog\/wp-content\/uploads\/2022\/02\/800-0-035ae6d7a5e27cf3b4ba7bda40789f76.jpg?fit=800%2C479&ssl=1&resize=525%2C300 1.5x, https:\/\/i0.wp.com\/www.shqiperia.com\/blog\/wp-content\/uploads\/2022\/02\/800-0-035ae6d7a5e27cf3b4ba7bda40789f76.jpg?fit=800%2C479&ssl=1&resize=700%2C400 2x"},"classes":[]},{"id":42120,"url":"https:\/\/www.shqiperia.com\/blog\/eshte-shume-ngjites-virusi-anglez-mberrin-dhe-ne-itali-mediat-simptoma-te-lehta-per-nje-makth-te-ri\/","url_meta":{"origin":42156,"position":1},"title":"\u201c\u00cbsht\u00eb shum\u00eb ngjit\u00ebs\u2019\/ \u201cVirusi anglez\u201d mb\u00ebrrin dhe n\u00eb Itali, mediat: &#8211; Simptoma t\u00eb lehta p\u00ebr nj\u00eb makth t\u00eb ri","author":"Kurt Farka","date":"December 21, 2020","format":false,"excerpt":"\u201c\u00cbsht\u00eb shum\u00eb ngjit\u00ebs\u2019\/ \u201cVirusi anglez\u201d mb\u00ebrrin dhe n\u00eb Itali, mediat: - Simptoma t\u00eb lehta p\u00ebr nj\u00eb makth t\u00eb ri 21 dhjetor 2020 \u00a0\u201cVirusi anglez mb\u00ebrrin dhe n\u00eb Itali\u201d, jan\u00eb titujt e mediave italiane k\u00ebt\u00eb t\u00eb h\u00ebn\u00eb, pas konfirmimit t\u00eb rastit t\u00eb par\u00eb n\u00eb k\u00ebt\u00eb shtet, t\u00eb nj\u00eb personi t\u00eb infektuar\u2026","rel":"","context":"In &quot;Blogu i Udh\u00ebtarit&quot;","block_context":{"text":"Blogu i Udh\u00ebtarit","link":"https:\/\/www.shqiperia.com\/blog\/category\/blogu-i-udhetarit\/"},"img":{"alt_text":"","src":"https:\/\/i0.wp.com\/www.shqiperia.com\/blog\/wp-content\/uploads\/2020\/12\/virusi-itali.jpg?fit=656%2C357&ssl=1&resize=350%2C200","width":350,"height":200,"srcset":"https:\/\/i0.wp.com\/www.shqiperia.com\/blog\/wp-content\/uploads\/2020\/12\/virusi-itali.jpg?fit=656%2C357&ssl=1&resize=350%2C200 1x, https:\/\/i0.wp.com\/www.shqiperia.com\/blog\/wp-content\/uploads\/2020\/12\/virusi-itali.jpg?fit=656%2C357&ssl=1&resize=525%2C300 1.5x"},"classes":[]},{"id":49524,"url":"https:\/\/www.shqiperia.com\/blog\/obsh-njofton-zbulimin-e-nje-varianti-te-ri-te-koronavirusit-eshte-rezistent-ndaj-vaksines-dhe-me-agresiv-po-vjen-edhe-ne\/","url_meta":{"origin":42156,"position":2},"title":"OBSH njofton zbulimin e nj\u00eb varianti t\u00eb ri t\u00eb koronavirusit: &#8211; \u00cbsht\u00eb rezistent ndaj vaksin\u00ebs dhe m\u00eb agresiv! &#8211; Po vjen edhe n\u00eb&#8230;","author":"Kurt Farka","date":"September 1, 2021","format":false,"excerpt":"OBSH njofton zbulimin e nj\u00eb varianti t\u00eb ri t\u00eb koronavirusit: - \u00cbsht\u00eb rezistent ndaj vaksin\u00ebs dhe m\u00eb agresiv! - Po vjen edhe n\u00eb... 1 SHTATOR 2021 OBSH ka dale me njoftimin se \u00ebsht\u00eb duke verifikuar t\u00eb dh\u00ebnat nga terreni, t\u00eb cilat konfirmojn\u00eb nj\u00eb variant t\u00eb ri t\u00eb koronavirusit, i shfaqur\u2026","rel":"","context":"In &quot;Blogu i Udh\u00ebtarit&quot;","block_context":{"text":"Blogu i Udh\u00ebtarit","link":"https:\/\/www.shqiperia.com\/blog\/category\/blogu-i-udhetarit\/"},"img":{"alt_text":"","src":"https:\/\/i0.wp.com\/www.shqiperia.com\/blog\/wp-content\/uploads\/2021\/09\/800-0-612f3ba5cbb66.jpg?fit=800%2C449&ssl=1&resize=350%2C200","width":350,"height":200,"srcset":"https:\/\/i0.wp.com\/www.shqiperia.com\/blog\/wp-content\/uploads\/2021\/09\/800-0-612f3ba5cbb66.jpg?fit=800%2C449&ssl=1&resize=350%2C200 1x, https:\/\/i0.wp.com\/www.shqiperia.com\/blog\/wp-content\/uploads\/2021\/09\/800-0-612f3ba5cbb66.jpg?fit=800%2C449&ssl=1&resize=525%2C300 1.5x, https:\/\/i0.wp.com\/www.shqiperia.com\/blog\/wp-content\/uploads\/2021\/09\/800-0-612f3ba5cbb66.jpg?fit=800%2C449&ssl=1&resize=700%2C400 2x"},"classes":[]},{"id":56867,"url":"https:\/\/www.shqiperia.com\/blog\/gjermania-ngre-alarmin-nje-variant-i-ri-vrases-absolut-i-covid-19-rrezikon-popullaten-e-botes\/","url_meta":{"origin":42156,"position":3},"title":"Gjermania ngre alarmin: &#8211; Nj\u00eb variant i ri \u201cVrases absolut\u201d i Covid-19 rrezikon popullat\u00ebn e bot\u00ebs!","author":"Kurt Farka","date":"April 18, 2022","format":false,"excerpt":"Gjermania ngre alarmin: - Nj\u00eb variant i ri \u201cVrases absolut\u201d i Covid-19 rrezikon popullat\u00ebn e bot\u00ebs! - 18.04.22 Nd\u00ebrsa numri i infektimeve me virusin korona n\u00eb Gjermani vazhdon t\u00eb bjer\u00eb \u2013 Ministri federal i Sh\u00ebndet\u00ebsis\u00eb paralajm\u00ebron p\u00ebr mutacione t\u00eb reja tejet t\u00eb rrezikshme. Ministri federal i Sh\u00ebndet\u00ebsis\u00eb, Karl Lauterbach tha\u2026","rel":"","context":"In &quot;Blogu i Udh\u00ebtarit&quot;","block_context":{"text":"Blogu i Udh\u00ebtarit","link":"https:\/\/www.shqiperia.com\/blog\/category\/blogu-i-udhetarit\/"},"img":{"alt_text":"","src":"https:\/\/i0.wp.com\/www.shqiperia.com\/blog\/wp-content\/uploads\/2022\/04\/Nje-variant-i-ri-Vrases-absolut-i-Covid-19-rrezikon-popullaten-e-botes-1.jpg?fit=770%2C390&ssl=1&resize=350%2C200","width":350,"height":200,"srcset":"https:\/\/i0.wp.com\/www.shqiperia.com\/blog\/wp-content\/uploads\/2022\/04\/Nje-variant-i-ri-Vrases-absolut-i-Covid-19-rrezikon-popullaten-e-botes-1.jpg?fit=770%2C390&ssl=1&resize=350%2C200 1x, https:\/\/i0.wp.com\/www.shqiperia.com\/blog\/wp-content\/uploads\/2022\/04\/Nje-variant-i-ri-Vrases-absolut-i-Covid-19-rrezikon-popullaten-e-botes-1.jpg?fit=770%2C390&ssl=1&resize=525%2C300 1.5x, https:\/\/i0.wp.com\/www.shqiperia.com\/blog\/wp-content\/uploads\/2022\/04\/Nje-variant-i-ri-Vrases-absolut-i-Covid-19-rrezikon-popullaten-e-botes-1.jpg?fit=770%2C390&ssl=1&resize=700%2C400 2x"},"classes":[]},{"id":42841,"url":"https:\/\/www.shqiperia.com\/blog\/nje-variant-i-ri-i-covid-zbulohet-ne-japoni-obsh-situate-problematike\/","url_meta":{"origin":42156,"position":4},"title":"Nj\u00eb variant i ri i COVID zbulohet n\u00eb Japoni, OBSH: Situat\u00eb problematike","author":"Kurt Farka","date":"January 11, 2021","format":false,"excerpt":"Nj\u00eb variant i ri i COVID zbulohet n\u00eb Japoni, OBSH: Situat\u00eb problematike 11 JANAR 2021 Variantet e reja, m\u00eb ngjit\u00ebse t\u00eb mutuara t\u00eb koronavirusit jan\u00eb \"shum\u00eb problematike\" dhe mund t\u00eb shkaktojn\u00eb m\u00eb shum\u00eb raste dhe shtrime n\u00eb spital n\u00ebse p\u00ebrhapja e virusit nuk kufizohet menj\u00ebher\u00eb, tha kreu i Organizat\u00ebs Bot\u00ebrore\u2026","rel":"","context":"In &quot;Blogu i Udh\u00ebtarit&quot;","block_context":{"text":"Blogu i Udh\u00ebtarit","link":"https:\/\/www.shqiperia.com\/blog\/category\/blogu-i-udhetarit\/"},"img":{"alt_text":"","src":"https:\/\/i0.wp.com\/www.shqiperia.com\/blog\/wp-content\/uploads\/2021\/01\/640-0-5ffcbe4257809.jpeg?fit=640%2C360&ssl=1&resize=350%2C200","width":350,"height":200,"srcset":"https:\/\/i0.wp.com\/www.shqiperia.com\/blog\/wp-content\/uploads\/2021\/01\/640-0-5ffcbe4257809.jpeg?fit=640%2C360&ssl=1&resize=350%2C200 1x, https:\/\/i0.wp.com\/www.shqiperia.com\/blog\/wp-content\/uploads\/2021\/01\/640-0-5ffcbe4257809.jpeg?fit=640%2C360&ssl=1&resize=525%2C300 1.5x"},"classes":[]},{"id":42273,"url":"https:\/\/www.shqiperia.com\/blog\/virusi-mutant-me-shume-ngjites-tek-femijet-dhe-te-rinjte-alarmi-i-shkencetareve-per-variantin-e-ri-te-koronavirusit-dhe-rreziku-qe-kanoset-duhet-te-nxitojme-me\/","url_meta":{"origin":42156,"position":5},"title":"Virusi mutant m\u00eb shum\u00eb ngjit\u00ebs tek f\u00ebmij\u00ebt dhe t\u00eb rinjt\u00eb\/ Alarmi i shkenc\u00ebtar\u00ebve p\u00ebr variantin e ri t\u00eb koronavirusit dhe rreziku q\u00eb kanoset: Duhet t\u00eb nxitojm\u00eb me&#8230;","author":"Kurt Farka","date":"December 24, 2020","format":false,"excerpt":"Virusi mutant m\u00eb shum\u00eb ngjit\u00ebs tek f\u00ebmij\u00ebt dhe t\u00eb rinjt\u00eb\/ Alarmi i shkenc\u00ebtar\u00ebve p\u00ebr variantin e ri t\u00eb koronavirusit dhe rreziku q\u00eb kanoset: Duhet t\u00eb nxitojm\u00eb me... 24 DHJETOR 2020 Varianti i ri i koronavirusit q\u00eb lindi n\u00eb Britanin\u00eb e Madhe dhe u p\u00ebrhap gjer\u00ebsisht jo vet\u00ebm n\u00eb Angli, por\u2026","rel":"","context":"In &quot;Blogu i Udh\u00ebtarit&quot;","block_context":{"text":"Blogu i Udh\u00ebtarit","link":"https:\/\/www.shqiperia.com\/blog\/category\/blogu-i-udhetarit\/"},"img":{"alt_text":"","src":"https:\/\/i0.wp.com\/www.shqiperia.com\/blog\/wp-content\/uploads\/2020\/12\/800-0-6d73660da72afdca3ea073a17d94dfeb-1.jpg?fit=800%2C450&ssl=1&resize=350%2C200","width":350,"height":200,"srcset":"https:\/\/i0.wp.com\/www.shqiperia.com\/blog\/wp-content\/uploads\/2020\/12\/800-0-6d73660da72afdca3ea073a17d94dfeb-1.jpg?fit=800%2C450&ssl=1&resize=350%2C200 1x, https:\/\/i0.wp.com\/www.shqiperia.com\/blog\/wp-content\/uploads\/2020\/12\/800-0-6d73660da72afdca3ea073a17d94dfeb-1.jpg?fit=800%2C450&ssl=1&resize=525%2C300 1.5x, https:\/\/i0.wp.com\/www.shqiperia.com\/blog\/wp-content\/uploads\/2020\/12\/800-0-6d73660da72afdca3ea073a17d94dfeb-1.jpg?fit=800%2C450&ssl=1&resize=700%2C400 2x"},"classes":[]}],"_links":{"self":[{"href":"https:\/\/www.shqiperia.com\/blog\/wp-json\/wp\/v2\/posts\/42156","targetHints":{"allow":["GET"]}}],"collection":[{"href":"https:\/\/www.shqiperia.com\/blog\/wp-json\/wp\/v2\/posts"}],"about":[{"href":"https:\/\/www.shqiperia.com\/blog\/wp-json\/wp\/v2\/types\/post"}],"author":[{"embeddable":true,"href":"https:\/\/www.shqiperia.com\/blog\/wp-json\/wp\/v2\/users\/9"}],"replies":[{"embeddable":true,"href":"https:\/\/www.shqiperia.com\/blog\/wp-json\/wp\/v2\/comments?post=42156"}],"version-history":[{"count":3,"href":"https:\/\/www.shqiperia.com\/blog\/wp-json\/wp\/v2\/posts\/42156\/revisions"}],"predecessor-version":[{"id":42164,"href":"https:\/\/www.shqiperia.com\/blog\/wp-json\/wp\/v2\/posts\/42156\/revisions\/42164"}],"wp:featuredmedia":[{"embeddable":true,"href":"https:\/\/www.shqiperia.com\/blog\/wp-json\/wp\/v2\/media\/42157"}],"wp:attachment":[{"href":"https:\/\/www.shqiperia.com\/blog\/wp-json\/wp\/v2\/media?parent=42156"}],"wp:term":[{"taxonomy":"category","embeddable":true,"href":"https:\/\/www.shqiperia.com\/blog\/wp-json\/wp\/v2\/categories?post=42156"},{"taxonomy":"post_tag","embeddable":true,"href":"https:\/\/www.shqiperia.com\/blog\/wp-json\/wp\/v2\/tags?post=42156"}],"curies":[{"name":"wp","href":"https:\/\/api.w.org\/{rel}","templated":true}]}}