{"id":42151,"date":"2020-12-22T09:58:26","date_gmt":"2020-12-22T09:58:26","guid":{"rendered":"https:\/\/www.shqiperia.com\/blog\/?p=42151"},"modified":"2020-12-22T09:58:26","modified_gmt":"2020-12-22T09:58:26","slug":"rritet-everesti-mali-me-i-larte-ne-bote","status":"publish","type":"post","link":"https:\/\/www.shqiperia.com\/blog\/rritet-everesti-mali-me-i-larte-ne-bote\/","title":{"rendered":"Rritet Everesti, mali m\u00eb i lart\u00eb n\u00eb bot\u00eb"},"content":{"rendered":"<p><img data-recalc-dims=\"1\" loading=\"lazy\" decoding=\"async\" data-attachment-id=\"42152\" data-permalink=\"https:\/\/www.shqiperia.com\/blog\/rritet-everesti-mali-me-i-larte-ne-bote\/640-0-5fcf689e12310-copy\/\" data-orig-file=\"https:\/\/i0.wp.com\/www.shqiperia.com\/blog\/wp-content\/uploads\/2020\/12\/640-0-5fcf689e12310-Copy.jpg?fit=615%2C315&amp;ssl=1\" data-orig-size=\"615,315\" data-comments-opened=\"1\" data-image-meta=\"{&quot;aperture&quot;:&quot;0&quot;,&quot;credit&quot;:&quot;&quot;,&quot;camera&quot;:&quot;&quot;,&quot;caption&quot;:&quot;&quot;,&quot;created_timestamp&quot;:&quot;0&quot;,&quot;copyright&quot;:&quot;&quot;,&quot;focal_length&quot;:&quot;0&quot;,&quot;iso&quot;:&quot;0&quot;,&quot;shutter_speed&quot;:&quot;0&quot;,&quot;title&quot;:&quot;&quot;,&quot;orientation&quot;:&quot;0&quot;}\" data-image-title=\"-640-0-5fcf689e12310 &#8211; Copy\" data-image-description=\"\" data-image-caption=\"\" data-medium-file=\"https:\/\/i0.wp.com\/www.shqiperia.com\/blog\/wp-content\/uploads\/2020\/12\/640-0-5fcf689e12310-Copy.jpg?fit=300%2C154&amp;ssl=1\" data-large-file=\"https:\/\/i0.wp.com\/www.shqiperia.com\/blog\/wp-content\/uploads\/2020\/12\/640-0-5fcf689e12310-Copy.jpg?fit=615%2C315&amp;ssl=1\" class=\"alignnone  wp-image-42152\" alt=\"\" src=\"https:\/\/i0.wp.com\/www.shqiperia.com\/blog\/wp-content\/uploads\/2020\/12\/640-0-5fcf689e12310-Copy.jpg?resize=479%2C246&#038;ssl=1\" width=\"479\" height=\"246\" srcset=\"https:\/\/i0.wp.com\/www.shqiperia.com\/blog\/wp-content\/uploads\/2020\/12\/640-0-5fcf689e12310-Copy.jpg?resize=300%2C154&amp;ssl=1 300w, https:\/\/i0.wp.com\/www.shqiperia.com\/blog\/wp-content\/uploads\/2020\/12\/640-0-5fcf689e12310-Copy.jpg?resize=450%2C230&amp;ssl=1 450w, https:\/\/i0.wp.com\/www.shqiperia.com\/blog\/wp-content\/uploads\/2020\/12\/640-0-5fcf689e12310-Copy.jpg?resize=600%2C307&amp;ssl=1 600w, https:\/\/i0.wp.com\/www.shqiperia.com\/blog\/wp-content\/uploads\/2020\/12\/640-0-5fcf689e12310-Copy.jpg?resize=400%2C205&amp;ssl=1 400w, https:\/\/i0.wp.com\/www.shqiperia.com\/blog\/wp-content\/uploads\/2020\/12\/640-0-5fcf689e12310-Copy.jpg?w=615&amp;ssl=1 615w\" sizes=\"auto, (max-width: 479px) 100vw, 479px\" \/><\/p>\n<p><strong>Rritet Everesti, mali m\u00eb i lart\u00eb n\u00eb bot\u00eb<\/strong><\/p>\n<p>DHJETOR 2020<\/p>\n<p>Mali i Everestit \u00ebsht\u00eb sakt\u00ebsisht 8,848.86 metra i lart\u00eb. Ai \u00ebsht\u00eb rritur 86 centimetra nga matja e fundit, e cila daton n\u00eb vitin 1954, viti kur mali u pushtua p\u00ebr her\u00eb t\u00eb par\u00eb nga alpinist\u00ebt dhe u caktua si maja e bot\u00ebs.<\/p>\n<p>Shifra e re u njoftua bashk\u00ebrisht nga Kina dhe Nepali, dy vendet q\u00eb ndajn\u00eb malin, kufiri i t\u00eb cilave kalon pik\u00ebrisht mes p\u00ebrmes maj\u00ebs s\u00eb tij.<\/p>\n<p>Marr\u00ebveshja midis dy vendeve fqinje p\u00ebr matjen e re u njoftua vitin e kaluar gjat\u00eb nj\u00eb vizite nga presidenti kinez Xi Jinping n\u00eb Nepal.<\/p>\n<p><img data-recalc-dims=\"1\" loading=\"lazy\" decoding=\"async\" data-attachment-id=\"42153\" data-permalink=\"https:\/\/www.shqiperia.com\/blog\/rritet-everesti-mali-me-i-larte-ne-bote\/640-0-5fcf689e12310\/\" data-orig-file=\"https:\/\/i0.wp.com\/www.shqiperia.com\/blog\/wp-content\/uploads\/2020\/12\/640-0-5fcf689e12310.jpg?fit=640%2C423&amp;ssl=1\" data-orig-size=\"640,423\" data-comments-opened=\"1\" data-image-meta=\"{&quot;aperture&quot;:&quot;0&quot;,&quot;credit&quot;:&quot;&quot;,&quot;camera&quot;:&quot;&quot;,&quot;caption&quot;:&quot;&quot;,&quot;created_timestamp&quot;:&quot;0&quot;,&quot;copyright&quot;:&quot;&quot;,&quot;focal_length&quot;:&quot;0&quot;,&quot;iso&quot;:&quot;0&quot;,&quot;shutter_speed&quot;:&quot;0&quot;,&quot;title&quot;:&quot;&quot;,&quot;orientation&quot;:&quot;0&quot;}\" data-image-title=\"-640-0-5fcf689e12310\" data-image-description=\"\" data-image-caption=\"\" data-medium-file=\"https:\/\/i0.wp.com\/www.shqiperia.com\/blog\/wp-content\/uploads\/2020\/12\/640-0-5fcf689e12310.jpg?fit=300%2C198&amp;ssl=1\" data-large-file=\"https:\/\/i0.wp.com\/www.shqiperia.com\/blog\/wp-content\/uploads\/2020\/12\/640-0-5fcf689e12310.jpg?fit=640%2C423&amp;ssl=1\" class=\"alignnone  wp-image-42153\" alt=\"\" src=\"https:\/\/i0.wp.com\/www.shqiperia.com\/blog\/wp-content\/uploads\/2020\/12\/640-0-5fcf689e12310.jpg?resize=530%2C350&#038;ssl=1\" width=\"530\" height=\"350\" srcset=\"https:\/\/i0.wp.com\/www.shqiperia.com\/blog\/wp-content\/uploads\/2020\/12\/640-0-5fcf689e12310.jpg?resize=300%2C198&amp;ssl=1 300w, https:\/\/i0.wp.com\/www.shqiperia.com\/blog\/wp-content\/uploads\/2020\/12\/640-0-5fcf689e12310.jpg?resize=450%2C297&amp;ssl=1 450w, https:\/\/i0.wp.com\/www.shqiperia.com\/blog\/wp-content\/uploads\/2020\/12\/640-0-5fcf689e12310.jpg?resize=600%2C397&amp;ssl=1 600w, https:\/\/i0.wp.com\/www.shqiperia.com\/blog\/wp-content\/uploads\/2020\/12\/640-0-5fcf689e12310.jpg?resize=400%2C264&amp;ssl=1 400w, https:\/\/i0.wp.com\/www.shqiperia.com\/blog\/wp-content\/uploads\/2020\/12\/640-0-5fcf689e12310.jpg?w=640&amp;ssl=1 640w\" sizes=\"auto, (max-width: 530px) 100vw, 530px\" \/><\/p>\n<p>Gjeologjikisht himalajat, t\u00eb krijuar 50-60 milion\u00eb vjet m\u00eb par\u00eb, jan\u00eb ende n\u00eb rritje p\u00ebr shkak t\u00eb forcave tektonike t\u00eb kores s\u00eb tok\u00ebs. Megjithat\u00eb, gjeolog\u00ebt besojn\u00eb se maja e Everestit ngrihet me gati gjysm\u00eb metri \u00e7do shekull apo m\u00eb shum\u00eb.<\/p>\n<p>dritare.net<\/p>\n","protected":false},"excerpt":{"rendered":"<p>Rritet Everesti, mali m\u00eb i lart\u00eb n\u00eb bot\u00eb DHJETOR 2020 Mali i Everestit \u00ebsht\u00eb sakt\u00ebsisht 8,848.86 metra i lart\u00eb. Ai \u00ebsht\u00eb rritur 86 centimetra nga matja e fundit, e cila daton n\u00eb vitin 1954, viti kur mali u pushtua p\u00ebr her\u00eb t\u00eb par\u00eb nga alpinist\u00ebt dhe u caktua si maja e bot\u00ebs. Shifra e re [&hellip;]<\/p>\n","protected":false},"author":9,"featured_media":42152,"comment_status":"open","ping_status":"open","sticky":false,"template":"","format":"standard","meta":{"jetpack_post_was_ever_published":false,"_jetpack_newsletter_access":"","_jetpack_dont_email_post_to_subs":false,"_jetpack_newsletter_tier_id":0,"_jetpack_memberships_contains_paywalled_content":false,"_jetpack_memberships_contains_paid_content":false,"footnotes":"","jetpack_publicize_message":"","jetpack_publicize_feature_enabled":true,"jetpack_social_post_already_shared":true,"jetpack_social_options":{"image_generator_settings":{"template":"highway","default_image_id":0,"font":"","enabled":false},"version":2}},"categories":[27,14],"tags":[],"class_list":["post-42151","post","type-post","status-publish","format-standard","has-post-thumbnail","hentry","category-blogu-i-udhetarit","category-press-releases"],"jetpack_publicize_connections":[],"jetpack_featured_media_url":"https:\/\/i0.wp.com\/www.shqiperia.com\/blog\/wp-content\/uploads\/2020\/12\/640-0-5fcf689e12310-Copy.jpg?fit=615%2C315&ssl=1","jetpack_sharing_enabled":true,"jetpack_shortlink":"https:\/\/wp.me\/p5Z6wp-aXR","jetpack-related-posts":[{"id":81372,"url":"https:\/\/www.shqiperia.com\/blog\/shqiperia-dhe-kosova-kryesojne-ne-ballkan-per-numrin-me-te-larte-te-azilkerkuesve-ne-evrope\/","url_meta":{"origin":42151,"position":0},"title":"Shqip\u00ebria dhe Kosova kryesojn\u00eb n\u00eb Ballkan p\u00ebr numrin m\u00eb t\u00eb lart\u00eb t\u00eb azilk\u00ebrkuesve n\u00eb Evrop\u00eb","author":"Kurt Farka","date":"May 27, 2024","format":false,"excerpt":"27 Maji 2026 Shtetasit nga Shqip\u00ebria dhe Kosova kryesojn\u00eb n\u00eb list\u00ebn e aplikuesve nga Ballkani Per\u00ebndimor p\u00ebr azil n\u00eb nj\u00eb vend t\u00eb Bashkimit Evropian, p\u00ebr tre muajt e par\u00eb t\u00eb vitit 2024. Sipas raportit t\u00eb fundit t\u00eb Agjencis\u00eb s\u00eb Bashkimit Evropian p\u00ebr Azilin (EUAA) numri i aplikuesve nga k\u00ebto dy\u2026","rel":"","context":"In &quot;Blogu i Udh\u00ebtarit&quot;","block_context":{"text":"Blogu i Udh\u00ebtarit","link":"https:\/\/www.shqiperia.com\/blog\/category\/blogu-i-udhetarit\/"},"img":{"alt_text":"","src":"https:\/\/i0.wp.com\/www.shqiperia.com\/blog\/wp-content\/uploads\/2024\/05\/alb-1-800x450-1.jpg?fit=800%2C450&ssl=1&resize=350%2C200","width":350,"height":200,"srcset":"https:\/\/i0.wp.com\/www.shqiperia.com\/blog\/wp-content\/uploads\/2024\/05\/alb-1-800x450-1.jpg?fit=800%2C450&ssl=1&resize=350%2C200 1x, https:\/\/i0.wp.com\/www.shqiperia.com\/blog\/wp-content\/uploads\/2024\/05\/alb-1-800x450-1.jpg?fit=800%2C450&ssl=1&resize=525%2C300 1.5x, https:\/\/i0.wp.com\/www.shqiperia.com\/blog\/wp-content\/uploads\/2024\/05\/alb-1-800x450-1.jpg?fit=800%2C450&ssl=1&resize=700%2C400 2x"},"classes":[]},{"id":7733,"url":"https:\/\/www.shqiperia.com\/blog\/nje-prej-vendeve-me-te-bukura-ne-bote-mali-ylber-eshte-i-rrezikuar\/","url_meta":{"origin":42151,"position":1},"title":"Nj\u00eb prej vendeve m\u00eb t\u00eb bukura n\u00eb bot\u00eb, mali Ylber \u00ebsht\u00eb i rrezikuar.-","author":"Kurt Farka","date":"May 22, 2018","format":false,"excerpt":"Nj\u00eb prej vendeve m\u00eb t\u00eb bukura n\u00eb bot\u00eb, mali Ylber \u00ebsht\u00eb i rrezikuar.- Nj\u00eb mal me ngjyra, i cili \u00ebsht\u00eb nd\u00ebr m\u00eb t\u00eb bukurit n\u00eb bot\u00eb, ndryshe quhet edhe mali Ylber dhe ndodhet n\u00eb Peru. Vizitohet nga rreth 1000 turist\u00eb t\u00eb cil\u00ebt ngjiten \u00e7do dit\u00eb n\u00eb kulmin e tij. Mali\u2026","rel":"","context":"In &quot;Blogu i Udh\u00ebtarit&quot;","block_context":{"text":"Blogu i Udh\u00ebtarit","link":"https:\/\/www.shqiperia.com\/blog\/category\/blogu-i-udhetarit\/"},"img":{"alt_text":"","src":"https:\/\/i0.wp.com\/www.shqiperia.com\/blog\/wp-content\/uploads\/2018\/05\/1525791943_maletylber.jpg?fit=780%2C440&ssl=1&resize=350%2C200","width":350,"height":200,"srcset":"https:\/\/i0.wp.com\/www.shqiperia.com\/blog\/wp-content\/uploads\/2018\/05\/1525791943_maletylber.jpg?fit=780%2C440&ssl=1&resize=350%2C200 1x, https:\/\/i0.wp.com\/www.shqiperia.com\/blog\/wp-content\/uploads\/2018\/05\/1525791943_maletylber.jpg?fit=780%2C440&ssl=1&resize=525%2C300 1.5x, https:\/\/i0.wp.com\/www.shqiperia.com\/blog\/wp-content\/uploads\/2018\/05\/1525791943_maletylber.jpg?fit=780%2C440&ssl=1&resize=700%2C400 2x"},"classes":[]},{"id":26654,"url":"https:\/\/www.shqiperia.com\/blog\/shqiperise-shpejti-pleqte-e-ballkanit\/","url_meta":{"origin":42151,"position":2},"title":"Shqiperia, se shpejti: &#8220;Pleqte e Ballkanit&#8221;. &#8211;","author":"Kurt Farka","date":"October 4, 2019","format":false,"excerpt":"Shqip\u00ebria nga vendi me popullsin\u00eb m\u00eb t\u00eb re, do t\u00eb jen\u00eb shum\u00eb shpejt \u201cPleqt\u00eb\u201d e Ballkanit Per\u00ebndimor.\u00a03\u00a0 shtator 2019 1 tetori sh\u00ebnon edhe dit\u00ebn nd\u00ebrkomb\u00ebtare t\u00eb t\u00eb moshuarve, p\u00ebrqindja e t\u00eb cil\u00ebve n\u00eb raport me popullsin\u00eb po rritet ndjesh\u00ebm. \u00a0Kjo \u00ebsht\u00eb rrjedhoj\u00eb edhe e procesit t\u00eb plakjes s\u00eb popullsis\u00eb .\u2026","rel":"","context":"In &quot;Blogu i Udh\u00ebtarit&quot;","block_context":{"text":"Blogu i Udh\u00ebtarit","link":"https:\/\/www.shqiperia.com\/blog\/category\/blogu-i-udhetarit\/"},"img":{"alt_text":"","src":"https:\/\/i0.wp.com\/www.shqiperia.com\/blog\/wp-content\/uploads\/2019\/10\/auto_p1506835994-2-905x450.jpg?fit=905%2C450&ssl=1&resize=350%2C200","width":350,"height":200,"srcset":"https:\/\/i0.wp.com\/www.shqiperia.com\/blog\/wp-content\/uploads\/2019\/10\/auto_p1506835994-2-905x450.jpg?fit=905%2C450&ssl=1&resize=350%2C200 1x, https:\/\/i0.wp.com\/www.shqiperia.com\/blog\/wp-content\/uploads\/2019\/10\/auto_p1506835994-2-905x450.jpg?fit=905%2C450&ssl=1&resize=525%2C300 1.5x, https:\/\/i0.wp.com\/www.shqiperia.com\/blog\/wp-content\/uploads\/2019\/10\/auto_p1506835994-2-905x450.jpg?fit=905%2C450&ssl=1&resize=700%2C400 2x"},"classes":[]},{"id":84595,"url":"https:\/\/www.shqiperia.com\/blog\/rritet-papunesia-ne-vitin-2024-ne-shqiperi-ja-shifrat\/","url_meta":{"origin":42151,"position":3},"title":"Rritet papun\u00ebsia n\u00eb vitin 2024 n\u00eb Shqip\u00ebri, ja shifrat","author":"Kurt Farka","date":"September 17, 2024","format":false,"excerpt":"17 Shtator 2024 K\u00ebt\u00eb vit, INSTAT nuk ka publikuar asnj\u00eb tregues n\u00eb lidhje me pun\u00ebsimin n\u00eb vend, p\u00ebr shkak t\u00eb p\u00ebrputhjes s\u00eb Anket\u00ebs s\u00eb Forc\u00ebs s\u00eb Pun\u00ebs me t\u00eb dh\u00ebnat e reja t\u00eb popullsis\u00eb q\u00eb buruan nga Cens 2023. Por t\u00eb dh\u00ebnat nga anketa e Barometrit t\u00eb Ballkanit 2024 treguan\u2026","rel":"","context":"In &quot;Blogu i Udh\u00ebtarit&quot;","block_context":{"text":"Blogu i Udh\u00ebtarit","link":"https:\/\/www.shqiperia.com\/blog\/category\/blogu-i-udhetarit\/"},"img":{"alt_text":"","src":"https:\/\/i0.wp.com\/www.shqiperia.com\/blog\/wp-content\/uploads\/2024\/09\/papunesia-te-te-rinjte-1024x701-1.jpg?fit=1024%2C591&ssl=1&resize=350%2C200","width":350,"height":200,"srcset":"https:\/\/i0.wp.com\/www.shqiperia.com\/blog\/wp-content\/uploads\/2024\/09\/papunesia-te-te-rinjte-1024x701-1.jpg?fit=1024%2C591&ssl=1&resize=350%2C200 1x, https:\/\/i0.wp.com\/www.shqiperia.com\/blog\/wp-content\/uploads\/2024\/09\/papunesia-te-te-rinjte-1024x701-1.jpg?fit=1024%2C591&ssl=1&resize=525%2C300 1.5x, https:\/\/i0.wp.com\/www.shqiperia.com\/blog\/wp-content\/uploads\/2024\/09\/papunesia-te-te-rinjte-1024x701-1.jpg?fit=1024%2C591&ssl=1&resize=700%2C400 2x"},"classes":[]},{"id":39844,"url":"https:\/\/www.shqiperia.com\/blog\/shifrat-e-frikshme-te-fmn-se-cdo-shqiptar-pritet-te-varferohet-ne-2020-n-te-gjithe-do-humbin\/","url_meta":{"origin":42151,"position":4},"title":"Shifrat e frikshme t\u00eb FMN-s\u00eb: \u00c7do shqiptar pritet t\u00eb varf\u00ebrohet n\u00eb 2020-n, t\u00eb gjith\u00eb do humbin&#8230;","author":"Kurt Farka","date":"October 19, 2020","format":false,"excerpt":"Shifrat e frikshme t\u00eb FMN-s\u00eb: \u00c7do shqiptar pritet t\u00eb varf\u00ebrohet n\u00eb 2020-n, t\u00eb gjith\u00eb do humbin... 19 TETOR 2020 T\u00eb ardhurat p\u00ebr frym\u00eb t\u00eb shqiptar\u00ebve n\u00eb vitin pritet t\u00eb ulen me 425 dollar\u00eb, ose me gati 8% n\u00eb krahasim me vitin e m\u00ebparsh\u00ebm, sipas tabelave t\u00eb p\u00ebrdit\u00ebsuara t\u00eb Fondit Monetar\u2026","rel":"","context":"In &quot;Blogu i Udh\u00ebtarit&quot;","block_context":{"text":"Blogu i Udh\u00ebtarit","link":"https:\/\/www.shqiperia.com\/blog\/category\/blogu-i-udhetarit\/"},"img":{"alt_text":"","src":"https:\/\/i0.wp.com\/www.shqiperia.com\/blog\/wp-content\/uploads\/2020\/10\/640-0-12c17e61b360640983cce3b33b613f32.jpg?fit=640%2C392&ssl=1&resize=350%2C200","width":350,"height":200,"srcset":"https:\/\/i0.wp.com\/www.shqiperia.com\/blog\/wp-content\/uploads\/2020\/10\/640-0-12c17e61b360640983cce3b33b613f32.jpg?fit=640%2C392&ssl=1&resize=350%2C200 1x, https:\/\/i0.wp.com\/www.shqiperia.com\/blog\/wp-content\/uploads\/2020\/10\/640-0-12c17e61b360640983cce3b33b613f32.jpg?fit=640%2C392&ssl=1&resize=525%2C300 1.5x"},"classes":[]},{"id":13417,"url":"https:\/\/www.shqiperia.com\/blog\/fmn-ka-publikuar-raportin-e-te-ardhurave-per-fryme-te-vendeve-te-europes-ja-ne-cfare-vendi-renditet-shqiperia\/","url_meta":{"origin":42151,"position":5},"title":"FMN ka publikuar raportin e t\u00eb ardhurave p\u00ebr frym\u00eb t\u00eb vendeve t\u00eb Europ\u00ebs, ja n\u00eb \u00e7far\u00eb vendi renditet Shqip\u00ebria.-","author":"Kurt Farka","date":"November 5, 2018","format":false,"excerpt":"FMN ka publikuar raportin e t\u00eb ardhurave p\u00ebr frym\u00eb t\u00eb vendeve t\u00eb Europ\u00ebs, ja n\u00eb \u00e7far\u00eb vendi renditet Shqip\u00ebria.- Dy shtetet shqipfol\u00ebse, Shqip\u00ebria dhe Kosova renditen t\u00eb fundit n\u00eb Europ\u00eb (pa p\u00ebrfshir\u00eb vendet e ish Bashkimit Sovjetik) p\u00ebr t\u00eb ardhurat p\u00ebr frym\u00eb, sipas t\u00eb dh\u00ebnave t\u00eb fundit t\u00eb Fondit Monetar\u2026","rel":"","context":"In &quot;Blogu i Udh\u00ebtarit&quot;","block_context":{"text":"Blogu i Udh\u00ebtarit","link":"https:\/\/www.shqiperia.com\/blog\/category\/blogu-i-udhetarit\/"},"img":{"alt_text":"","src":"https:\/\/i0.wp.com\/www.shqiperia.com\/blog\/wp-content\/uploads\/2018\/11\/ndihma9_1529427740-2136647-300x159.jpg?resize=350%2C200","width":350,"height":200,"srcset":"https:\/\/i0.wp.com\/www.shqiperia.com\/blog\/wp-content\/uploads\/2018\/11\/ndihma9_1529427740-2136647-300x159.jpg?resize=350%2C200 1x, https:\/\/i0.wp.com\/www.shqiperia.com\/blog\/wp-content\/uploads\/2018\/11\/ndihma9_1529427740-2136647-300x159.jpg?resize=525%2C300 1.5x"},"classes":[]}],"_links":{"self":[{"href":"https:\/\/www.shqiperia.com\/blog\/wp-json\/wp\/v2\/posts\/42151","targetHints":{"allow":["GET"]}}],"collection":[{"href":"https:\/\/www.shqiperia.com\/blog\/wp-json\/wp\/v2\/posts"}],"about":[{"href":"https:\/\/www.shqiperia.com\/blog\/wp-json\/wp\/v2\/types\/post"}],"author":[{"embeddable":true,"href":"https:\/\/www.shqiperia.com\/blog\/wp-json\/wp\/v2\/users\/9"}],"replies":[{"embeddable":true,"href":"https:\/\/www.shqiperia.com\/blog\/wp-json\/wp\/v2\/comments?post=42151"}],"version-history":[{"count":1,"href":"https:\/\/www.shqiperia.com\/blog\/wp-json\/wp\/v2\/posts\/42151\/revisions"}],"predecessor-version":[{"id":42154,"href":"https:\/\/www.shqiperia.com\/blog\/wp-json\/wp\/v2\/posts\/42151\/revisions\/42154"}],"wp:featuredmedia":[{"embeddable":true,"href":"https:\/\/www.shqiperia.com\/blog\/wp-json\/wp\/v2\/media\/42152"}],"wp:attachment":[{"href":"https:\/\/www.shqiperia.com\/blog\/wp-json\/wp\/v2\/media?parent=42151"}],"wp:term":[{"taxonomy":"category","embeddable":true,"href":"https:\/\/www.shqiperia.com\/blog\/wp-json\/wp\/v2\/categories?post=42151"},{"taxonomy":"post_tag","embeddable":true,"href":"https:\/\/www.shqiperia.com\/blog\/wp-json\/wp\/v2\/tags?post=42151"}],"curies":[{"name":"wp","href":"https:\/\/api.w.org\/{rel}","templated":true}]}}