{"id":42146,"date":"2020-12-22T00:52:55","date_gmt":"2020-12-22T00:52:55","guid":{"rendered":"https:\/\/www.shqiperia.com\/blog\/?p=42146"},"modified":"2020-12-22T00:52:55","modified_gmt":"2020-12-22T00:52:55","slug":"po-alarmon-europen-mjeku-sulcebe-tregon-sa-here-me-infektues-eshte-mutacioni-i-shfaqur-ne-angli","status":"publish","type":"post","link":"https:\/\/www.shqiperia.com\/blog\/po-alarmon-europen-mjeku-sulcebe-tregon-sa-here-me-infektues-eshte-mutacioni-i-shfaqur-ne-angli\/","title":{"rendered":"Po alarmon Europ\u00ebn! Mjeku Sul\u00e7ebe tregon sa her\u00eb m\u00eb infektues \u00ebsht\u00eb mutacioni i shfaqur n\u00eb Angli"},"content":{"rendered":"<p><img data-recalc-dims=\"1\" loading=\"lazy\" decoding=\"async\" data-attachment-id=\"42147\" data-permalink=\"https:\/\/www.shqiperia.com\/blog\/po-alarmon-europen-mjeku-sulcebe-tregon-sa-here-me-infektues-eshte-mutacioni-i-shfaqur-ne-angli\/800-0-5fe1188fd81b4\/\" data-orig-file=\"https:\/\/i0.wp.com\/www.shqiperia.com\/blog\/wp-content\/uploads\/2020\/12\/800-0-5fe1188fd81b4.jpg?fit=800%2C415&amp;ssl=1\" data-orig-size=\"800,415\" data-comments-opened=\"1\" data-image-meta=\"{&quot;aperture&quot;:&quot;0&quot;,&quot;credit&quot;:&quot;&quot;,&quot;camera&quot;:&quot;&quot;,&quot;caption&quot;:&quot;&quot;,&quot;created_timestamp&quot;:&quot;0&quot;,&quot;copyright&quot;:&quot;&quot;,&quot;focal_length&quot;:&quot;0&quot;,&quot;iso&quot;:&quot;0&quot;,&quot;shutter_speed&quot;:&quot;0&quot;,&quot;title&quot;:&quot;&quot;,&quot;orientation&quot;:&quot;0&quot;}\" data-image-title=\"-800-0-5fe1188fd81b4\" data-image-description=\"\" data-image-caption=\"\" data-medium-file=\"https:\/\/i0.wp.com\/www.shqiperia.com\/blog\/wp-content\/uploads\/2020\/12\/800-0-5fe1188fd81b4.jpg?fit=300%2C156&amp;ssl=1\" data-large-file=\"https:\/\/i0.wp.com\/www.shqiperia.com\/blog\/wp-content\/uploads\/2020\/12\/800-0-5fe1188fd81b4.jpg?fit=800%2C415&amp;ssl=1\" class=\"alignnone  wp-image-42147\" alt=\"\" src=\"https:\/\/i0.wp.com\/www.shqiperia.com\/blog\/wp-content\/uploads\/2020\/12\/800-0-5fe1188fd81b4.jpg?resize=560%2C291&#038;ssl=1\" width=\"560\" height=\"291\" srcset=\"https:\/\/i0.wp.com\/www.shqiperia.com\/blog\/wp-content\/uploads\/2020\/12\/800-0-5fe1188fd81b4.jpg?resize=300%2C156&amp;ssl=1 300w, https:\/\/i0.wp.com\/www.shqiperia.com\/blog\/wp-content\/uploads\/2020\/12\/800-0-5fe1188fd81b4.jpg?resize=768%2C398&amp;ssl=1 768w, https:\/\/i0.wp.com\/www.shqiperia.com\/blog\/wp-content\/uploads\/2020\/12\/800-0-5fe1188fd81b4.jpg?resize=450%2C233&amp;ssl=1 450w, https:\/\/i0.wp.com\/www.shqiperia.com\/blog\/wp-content\/uploads\/2020\/12\/800-0-5fe1188fd81b4.jpg?resize=600%2C311&amp;ssl=1 600w, https:\/\/i0.wp.com\/www.shqiperia.com\/blog\/wp-content\/uploads\/2020\/12\/800-0-5fe1188fd81b4.jpg?resize=400%2C208&amp;ssl=1 400w, https:\/\/i0.wp.com\/www.shqiperia.com\/blog\/wp-content\/uploads\/2020\/12\/800-0-5fe1188fd81b4.jpg?w=800&amp;ssl=1 800w\" sizes=\"auto, (max-width: 560px) 100vw, 560px\" \/><\/p>\n<p>Po alarmon Europ\u00ebn! Mjeku Sul\u00e7ebe tregon sa her\u00eb m\u00eb infektues \u00ebsht\u00eb mutacioni i shfaqur n\u00eb Angli<\/p>\n<p>21 DHJETOR 2020<\/p>\n<p>Mjeku imunolog Genc Sul\u00e7ebe tha se sipas t\u00eb dh\u00ebnave t\u00eb deritanishme mutacioni i ri i koronavirusit q\u00eb \u00ebsht\u00eb shfaqur n\u00eb Britanin\u00eb e Madhe nuk rrezikon t\u00eb jet\u00eb m\u00eb shum\u00eb vdekjeprur\u00ebs.<\/p>\n<p><strong>Pjes\u00eb nga biseda<\/strong><\/p>\n<p>Sul\u00e7ebe: Ngjitet 2 her\u00eb m\u00eb shpejt se sa varianti aktual i koronavirusit. Dhe kjo \u00ebsht\u00eb v\u00ebn\u00eb re n\u00eb struktur\u00ebn qelizore. Po b\u00ebhen studimet m\u00eb t\u00eb thella p\u00ebr t\u00eb par\u00eb nivelin e k\u00ebtij mutacioni, se sa i rreziksh\u00ebm \u00ebsht\u00eb.<\/p>\n<p>Fevziu: Pse shtetet evropiane, p\u00ebrfshir\u00eb dhe Shqip\u00ebrin\u00eb mbyll\u00ebn kufijt\u00eb me Britanin\u00eb?<\/p>\n<p>Sul\u00e7ebe: Vet\u00eb kryeministri britanik komunikoi se kemi t\u00eb b\u00ebjm\u00eb me nj\u00eb variacion t\u00eb virusit i cili \u00ebsht\u00eb i transmetuesh\u00ebm pothuajse 2 her\u00eb m\u00eb shpejt. Por thuhet q\u00eb nuk \u00ebsht\u00eb m\u00eb tep\u00ebr vdekjeprur\u00ebs.<\/p>\n<p>Fevziu: A e pengon vaksina k\u00ebt\u00eb mutacion t\u00eb ri, ose a \u00ebsht\u00eb vaksina efikase kundrejt k\u00ebtij virusi?<\/p>\n<p>Sul\u00e7ebe: Duhet t\u00eb themi q\u00eb \u00ebsht\u00eb nj\u00eb proces i gjat\u00eb. Q\u00eb t\u00eb shohim efektin e vaksin\u00ebs duhet t\u00eb presim 6-7 muaj. Deri tani k\u00ebshtu thuhet, por duhen t\u00eb priten studimet e m\u00ebtejshme. At\u00eb do e tregojn\u00eb n\u00eb laborator me personat t\u00eb cil\u00ebt jan\u00eb infektuar. \u00cbsht\u00eb shum\u00eb her\u00ebt t\u00eb flasim p\u00ebr k\u00ebt\u00eb gj\u00eb. Por n\u00ebse flasim n\u00eb p\u00ebrgjith\u00ebsi nga pik\u00ebpamja imuniatare duhet q\u00eb vaksina ta luftoj\u00eb dhe k\u00ebt\u00eb mutacion.<\/p>\n<p>Gazeta Sot<\/p>\n","protected":false},"excerpt":{"rendered":"<p>Po alarmon Europ\u00ebn! Mjeku Sul\u00e7ebe tregon sa her\u00eb m\u00eb infektues \u00ebsht\u00eb mutacioni i shfaqur n\u00eb Angli 21 DHJETOR 2020 Mjeku imunolog Genc Sul\u00e7ebe tha se sipas t\u00eb dh\u00ebnave t\u00eb deritanishme mutacioni i ri i koronavirusit q\u00eb \u00ebsht\u00eb shfaqur n\u00eb Britanin\u00eb e Madhe nuk rrezikon t\u00eb jet\u00eb m\u00eb shum\u00eb vdekjeprur\u00ebs. Pjes\u00eb nga biseda Sul\u00e7ebe: Ngjitet 2 [&hellip;]<\/p>\n","protected":false},"author":9,"featured_media":42147,"comment_status":"open","ping_status":"open","sticky":false,"template":"","format":"standard","meta":{"jetpack_post_was_ever_published":false,"_jetpack_newsletter_access":"","_jetpack_dont_email_post_to_subs":false,"_jetpack_newsletter_tier_id":0,"_jetpack_memberships_contains_paywalled_content":false,"_jetpack_memberships_contains_paid_content":false,"footnotes":"","jetpack_publicize_message":"","jetpack_publicize_feature_enabled":true,"jetpack_social_post_already_shared":true,"jetpack_social_options":{"image_generator_settings":{"template":"highway","default_image_id":0,"font":"","enabled":false},"version":2}},"categories":[27,35],"tags":[],"class_list":["post-42146","post","type-post","status-publish","format-standard","has-post-thumbnail","hentry","category-blogu-i-udhetarit","category-shoqerore"],"jetpack_publicize_connections":[],"jetpack_featured_media_url":"https:\/\/i0.wp.com\/www.shqiperia.com\/blog\/wp-content\/uploads\/2020\/12\/800-0-5fe1188fd81b4.jpg?fit=800%2C415&ssl=1","jetpack_sharing_enabled":true,"jetpack_shortlink":"https:\/\/wp.me\/p5Z6wp-aXM","jetpack-related-posts":[{"id":45496,"url":"https:\/\/www.shqiperia.com\/blog\/zbulohet-ne-france-mutacioni-i-koronavirusit-qe-nuk-kapet-nga-tamponi-mjeku-shqiptar-ja-simptomat\/","url_meta":{"origin":42146,"position":0},"title":"Zbulohet n\u00eb Franc\u00eb mutacioni i koronavirusit q\u00eb nuk kapet nga tamponi, mjeku shqiptar: Ja simptomat","author":"Kurt Farka","date":"March 19, 2021","format":false,"excerpt":"Zbulohet n\u00eb Franc\u00eb mutacioni i koronavirusit q\u00eb nuk kapet nga tamponi, mjeku shqiptar: Ja simptomat. 19 mars 2021 Autoritetet franceze kan\u00eb identifikuar nj\u00eb variant t\u00eb ri t\u00eb koronavirusit, q\u00eb nuk mund t\u00eb zbulohet nga testet standarte PCR. Anestezisti shqiptar n\u00eb Franc\u00eb, Teni Kamberi thot\u00eb se deri tani jan\u00eb 8 persona\u2026","rel":"","context":"In &quot;Blogu i Udh\u00ebtarit&quot;","block_context":{"text":"Blogu i Udh\u00ebtarit","link":"https:\/\/www.shqiperia.com\/blog\/category\/blogu-i-udhetarit\/"},"img":{"alt_text":"","src":"https:\/\/i0.wp.com\/www.shqiperia.com\/blog\/wp-content\/uploads\/2021\/03\/pjimage-2021-03-19T105908.132.jpg?fit=600%2C310&ssl=1&resize=350%2C200","width":350,"height":200,"srcset":"https:\/\/i0.wp.com\/www.shqiperia.com\/blog\/wp-content\/uploads\/2021\/03\/pjimage-2021-03-19T105908.132.jpg?fit=600%2C310&ssl=1&resize=350%2C200 1x, https:\/\/i0.wp.com\/www.shqiperia.com\/blog\/wp-content\/uploads\/2021\/03\/pjimage-2021-03-19T105908.132.jpg?fit=600%2C310&ssl=1&resize=525%2C300 1.5x"},"classes":[]},{"id":49524,"url":"https:\/\/www.shqiperia.com\/blog\/obsh-njofton-zbulimin-e-nje-varianti-te-ri-te-koronavirusit-eshte-rezistent-ndaj-vaksines-dhe-me-agresiv-po-vjen-edhe-ne\/","url_meta":{"origin":42146,"position":1},"title":"OBSH njofton zbulimin e nj\u00eb varianti t\u00eb ri t\u00eb koronavirusit: &#8211; \u00cbsht\u00eb rezistent ndaj vaksin\u00ebs dhe m\u00eb agresiv! &#8211; Po vjen edhe n\u00eb&#8230;","author":"Kurt Farka","date":"September 1, 2021","format":false,"excerpt":"OBSH njofton zbulimin e nj\u00eb varianti t\u00eb ri t\u00eb koronavirusit: - \u00cbsht\u00eb rezistent ndaj vaksin\u00ebs dhe m\u00eb agresiv! - Po vjen edhe n\u00eb... 1 SHTATOR 2021 OBSH ka dale me njoftimin se \u00ebsht\u00eb duke verifikuar t\u00eb dh\u00ebnat nga terreni, t\u00eb cilat konfirmojn\u00eb nj\u00eb variant t\u00eb ri t\u00eb koronavirusit, i shfaqur\u2026","rel":"","context":"In &quot;Blogu i Udh\u00ebtarit&quot;","block_context":{"text":"Blogu i Udh\u00ebtarit","link":"https:\/\/www.shqiperia.com\/blog\/category\/blogu-i-udhetarit\/"},"img":{"alt_text":"","src":"https:\/\/i0.wp.com\/www.shqiperia.com\/blog\/wp-content\/uploads\/2021\/09\/800-0-612f3ba5cbb66.jpg?fit=800%2C449&ssl=1&resize=350%2C200","width":350,"height":200,"srcset":"https:\/\/i0.wp.com\/www.shqiperia.com\/blog\/wp-content\/uploads\/2021\/09\/800-0-612f3ba5cbb66.jpg?fit=800%2C449&ssl=1&resize=350%2C200 1x, https:\/\/i0.wp.com\/www.shqiperia.com\/blog\/wp-content\/uploads\/2021\/09\/800-0-612f3ba5cbb66.jpg?fit=800%2C449&ssl=1&resize=525%2C300 1.5x, https:\/\/i0.wp.com\/www.shqiperia.com\/blog\/wp-content\/uploads\/2021\/09\/800-0-612f3ba5cbb66.jpg?fit=800%2C449&ssl=1&resize=700%2C400 2x"},"classes":[]},{"id":42123,"url":"https:\/\/www.shqiperia.com\/blog\/kete-here-nuk-eshte-brexit-15-shtete-mbyllin-kufijte-me-britanine-e-madhe-mutacioni-i-ri-i-covid-frikeson-europianet-largohen-me-avionet-e-fundit-nga-vendi-po-shqiperia-do-marre-masa\/","url_meta":{"origin":42146,"position":2},"title":"K\u00ebt\u00eb her\u00eb nuk \u00ebsht\u00eb Brexit! 15 shtete mbyllin kufijt\u00eb me Britanin\u00eb e Madhe. Mutacioni i ri i Covid frik\u00ebson europian\u00ebt, largohen me avion\u00ebt e fundit nga vendi. Po Shqip\u00ebria do marr\u00eb masa?","author":"Kurt Farka","date":"December 21, 2020","format":false,"excerpt":"K\u00ebt\u00eb her\u00eb nuk \u00ebsht\u00eb Brexit! 15 shtete mbyllin kufijt\u00eb me Britanin\u00eb e Madhe. Mutacioni i ri i Covid frik\u00ebson europian\u00ebt, largohen me avion\u00ebt e fundit nga vendi. Po Shqip\u00ebria do marr\u00eb masa? 21 dhjetor 2020 Britania e Madhe \u00ebsht\u00eb n\u00eb lockdown! Mutacioni i ri i ngjash\u00ebm me Covid ka b\u00ebr\u00eb\u2026","rel":"","context":"In &quot;Blogu i Udh\u00ebtarit&quot;","block_context":{"text":"Blogu i Udh\u00ebtarit","link":"https:\/\/www.shqiperia.com\/blog\/category\/blogu-i-udhetarit\/"},"img":{"alt_text":"","src":"https:\/\/i0.wp.com\/www.shqiperia.com\/blog\/wp-content\/uploads\/2020\/12\/unnamed-5.jpg?fit=432%2C223&ssl=1&resize=350%2C200","width":350,"height":200},"classes":[]},{"id":70723,"url":"https:\/\/www.shqiperia.com\/blog\/tjeter-version-i-covid-19-shkencetaret-dalin-me-paralajmerimin\/","url_meta":{"origin":42146,"position":3},"title":"Tjet\u00ebr version i Covid-19, shkenc\u00ebtar\u00ebt dalin me paralajm\u00ebrimin","author":"Kurt Farka","date":"April 12, 2023","format":false,"excerpt":"12 Prill 2023 N\u00eb Britanin\u00eb e Madhe po qarkullon nj\u00eb variant i ri i koronavirusit, i cili u em\u00ebrua \"Arcturos\" dhe tashm\u00eb po \"p\u00ebrhapet\" m\u00eb shum\u00eb n\u00eb Indi. Si\u00e7 b\u00ebhet e ditur nga mediat britanike, mutacioni i ri shum\u00eb i transmetuesh\u00ebm u shfaq n\u00eb Britanin\u00eb e Madhe p\u00ebr her\u00eb t\u00eb\u2026","rel":"","context":"In &quot;Blogu i Udh\u00ebtarit&quot;","block_context":{"text":"Blogu i Udh\u00ebtarit","link":"https:\/\/www.shqiperia.com\/blog\/category\/blogu-i-udhetarit\/"},"img":{"alt_text":"","src":"https:\/\/i0.wp.com\/www.shqiperia.com\/blog\/wp-content\/uploads\/2023\/04\/800-0-31bdc9d5e9263c9787532b7242e52663.jpg?fit=800%2C420&ssl=1&resize=350%2C200","width":350,"height":200,"srcset":"https:\/\/i0.wp.com\/www.shqiperia.com\/blog\/wp-content\/uploads\/2023\/04\/800-0-31bdc9d5e9263c9787532b7242e52663.jpg?fit=800%2C420&ssl=1&resize=350%2C200 1x, https:\/\/i0.wp.com\/www.shqiperia.com\/blog\/wp-content\/uploads\/2023\/04\/800-0-31bdc9d5e9263c9787532b7242e52663.jpg?fit=800%2C420&ssl=1&resize=525%2C300 1.5x, https:\/\/i0.wp.com\/www.shqiperia.com\/blog\/wp-content\/uploads\/2023\/04\/800-0-31bdc9d5e9263c9787532b7242e52663.jpg?fit=800%2C420&ssl=1&resize=700%2C400 2x"},"classes":[]},{"id":48088,"url":"https:\/\/www.shqiperia.com\/blog\/a-rrezikojme-nje-vale-te-4-ne-vjeshte-nga-mutacioni-i-covid-19-flet-mjeku-i-njohur-ne-shqiperi-pres-qe\/","url_meta":{"origin":42146,"position":4},"title":"A rrezikojm\u00eb nj\u00eb val\u00eb t\u00eb 4 n\u00eb vjesht\u00eb nga mutacioni i Covid-19? Flet mjeku i njohur: N\u00eb Shqip\u00ebri pres q\u00eb&#8230;","author":"Kurt Farka","date":"June 23, 2021","format":false,"excerpt":"A rrezikojm\u00eb nj\u00eb val\u00eb t\u00eb 4 n\u00eb vjesht\u00eb nga mutacioni i Covid-19? Flet mjeku i njohur: N\u00eb Shqip\u00ebri pres q\u00eb... 23 QERSHOR 2021 \u201c\u2026I pyetur n\u00eb lidhje me krijimin e nj\u00eb doze t\u00eb tret\u00eb t\u00eb nj\u00eb tjet\u00ebr vaksine p\u00ebr t\u2019u injektuar te personat q\u00eb kan\u00eb marr\u00eb vaksin\u00ebn kineze, mjeku i\u2026","rel":"","context":"In &quot;Blogu i Udh\u00ebtarit&quot;","block_context":{"text":"Blogu i Udh\u00ebtarit","link":"https:\/\/www.shqiperia.com\/blog\/category\/blogu-i-udhetarit\/"},"img":{"alt_text":"","src":"https:\/\/i0.wp.com\/www.shqiperia.com\/blog\/wp-content\/uploads\/2021\/06\/Alarming-gap-in-global-response-to-COVID-19-2.jpg?fit=736%2C401&ssl=1&resize=350%2C200","width":350,"height":200,"srcset":"https:\/\/i0.wp.com\/www.shqiperia.com\/blog\/wp-content\/uploads\/2021\/06\/Alarming-gap-in-global-response-to-COVID-19-2.jpg?fit=736%2C401&ssl=1&resize=350%2C200 1x, https:\/\/i0.wp.com\/www.shqiperia.com\/blog\/wp-content\/uploads\/2021\/06\/Alarming-gap-in-global-response-to-COVID-19-2.jpg?fit=736%2C401&ssl=1&resize=525%2C300 1.5x, https:\/\/i0.wp.com\/www.shqiperia.com\/blog\/wp-content\/uploads\/2021\/06\/Alarming-gap-in-global-response-to-COVID-19-2.jpg?fit=736%2C401&ssl=1&resize=700%2C400 2x"},"classes":[]},{"id":70005,"url":"https:\/\/www.shqiperia.com\/blog\/myku-infektues-qe-i-reziston-ilaceve-po-alarmon-shba-ne\/","url_meta":{"origin":42146,"position":5},"title":"Myku infektues q\u00eb i reziston ila\u00e7eve po alarmon SHBA-n\u00eb","author":"Kurt Farka","date":"March 24, 2023","format":false,"excerpt":"24 Mars 2023 Quhet \u201cCandida Auris\u201d, \u00ebsht\u00eb nj\u00eb s\u00ebmundje k\u00ebrpudhore e l\u00ebkur\u00ebs q\u00eb po p\u00ebrhapet me shpejt\u00ebsi n\u00eb SHBA, p\u00ebrmes qendrave sh\u00ebndet\u00ebsore, dhe p\u00ebrb\u00ebn rrezik t\u00eb r\u00ebnd\u00eb p\u00ebr jet\u00ebn e personave t\u00eb infektuar. Pak muaj pasi lam\u00eb pas pandemin\u00eb e koronavirusit, nj\u00eb tjet\u00ebr emergjenc\u00eb sh\u00ebndet\u00ebsore vendos n\u00eb alarm autoritetet amerikane,\u2026","rel":"","context":"In &quot;Blogu i Udh\u00ebtarit&quot;","block_context":{"text":"Blogu i Udh\u00ebtarit","link":"https:\/\/www.shqiperia.com\/blog\/category\/blogu-i-udhetarit\/"},"img":{"alt_text":"","src":"https:\/\/i0.wp.com\/www.shqiperia.com\/blog\/wp-content\/uploads\/2023\/03\/myku-qe-po-ben-kerdine-2-1078x720-1.jpg?fit=1078%2C720&ssl=1&resize=350%2C200","width":350,"height":200,"srcset":"https:\/\/i0.wp.com\/www.shqiperia.com\/blog\/wp-content\/uploads\/2023\/03\/myku-qe-po-ben-kerdine-2-1078x720-1.jpg?fit=1078%2C720&ssl=1&resize=350%2C200 1x, https:\/\/i0.wp.com\/www.shqiperia.com\/blog\/wp-content\/uploads\/2023\/03\/myku-qe-po-ben-kerdine-2-1078x720-1.jpg?fit=1078%2C720&ssl=1&resize=525%2C300 1.5x, https:\/\/i0.wp.com\/www.shqiperia.com\/blog\/wp-content\/uploads\/2023\/03\/myku-qe-po-ben-kerdine-2-1078x720-1.jpg?fit=1078%2C720&ssl=1&resize=700%2C400 2x, https:\/\/i0.wp.com\/www.shqiperia.com\/blog\/wp-content\/uploads\/2023\/03\/myku-qe-po-ben-kerdine-2-1078x720-1.jpg?fit=1078%2C720&ssl=1&resize=1050%2C600 3x"},"classes":[]}],"_links":{"self":[{"href":"https:\/\/www.shqiperia.com\/blog\/wp-json\/wp\/v2\/posts\/42146","targetHints":{"allow":["GET"]}}],"collection":[{"href":"https:\/\/www.shqiperia.com\/blog\/wp-json\/wp\/v2\/posts"}],"about":[{"href":"https:\/\/www.shqiperia.com\/blog\/wp-json\/wp\/v2\/types\/post"}],"author":[{"embeddable":true,"href":"https:\/\/www.shqiperia.com\/blog\/wp-json\/wp\/v2\/users\/9"}],"replies":[{"embeddable":true,"href":"https:\/\/www.shqiperia.com\/blog\/wp-json\/wp\/v2\/comments?post=42146"}],"version-history":[{"count":1,"href":"https:\/\/www.shqiperia.com\/blog\/wp-json\/wp\/v2\/posts\/42146\/revisions"}],"predecessor-version":[{"id":42148,"href":"https:\/\/www.shqiperia.com\/blog\/wp-json\/wp\/v2\/posts\/42146\/revisions\/42148"}],"wp:featuredmedia":[{"embeddable":true,"href":"https:\/\/www.shqiperia.com\/blog\/wp-json\/wp\/v2\/media\/42147"}],"wp:attachment":[{"href":"https:\/\/www.shqiperia.com\/blog\/wp-json\/wp\/v2\/media?parent=42146"}],"wp:term":[{"taxonomy":"category","embeddable":true,"href":"https:\/\/www.shqiperia.com\/blog\/wp-json\/wp\/v2\/categories?post=42146"},{"taxonomy":"post_tag","embeddable":true,"href":"https:\/\/www.shqiperia.com\/blog\/wp-json\/wp\/v2\/tags?post=42146"}],"curies":[{"name":"wp","href":"https:\/\/api.w.org\/{rel}","templated":true}]}}