{"id":42143,"date":"2020-12-22T00:31:55","date_gmt":"2020-12-22T00:31:55","guid":{"rendered":"https:\/\/www.shqiperia.com\/blog\/?p=42143"},"modified":"2020-12-22T00:31:55","modified_gmt":"2020-12-22T00:31:55","slug":"marredheniet-shqiperi-serbi-bushati-sulmon-indirekt-ramen-interesi-kombetar-seshte-treg-futbolli","status":"publish","type":"post","link":"https:\/\/www.shqiperia.com\/blog\/marredheniet-shqiperi-serbi-bushati-sulmon-indirekt-ramen-interesi-kombetar-seshte-treg-futbolli\/","title":{"rendered":"Marr\u00ebdh\u00ebniet Shqip\u00ebri-Serbi \/ Bushati sulmon indirekt Ram\u00ebn: Interesi komb\u00ebtar s\u2019\u00ebsht\u00eb treg futbolli!"},"content":{"rendered":"<p><img data-recalc-dims=\"1\" loading=\"lazy\" decoding=\"async\" data-attachment-id=\"42144\" data-permalink=\"https:\/\/www.shqiperia.com\/blog\/marredheniet-shqiperi-serbi-bushati-sulmon-indirekt-ramen-interesi-kombetar-seshte-treg-futbolli\/osmani-rama-bushati-vucic\/\" data-orig-file=\"https:\/\/i0.wp.com\/www.shqiperia.com\/blog\/wp-content\/uploads\/2020\/12\/osmani-Rama-bushati-vucic-.jpg?fit=1920%2C1080&amp;ssl=1\" data-orig-size=\"1920,1080\" data-comments-opened=\"1\" data-image-meta=\"{&quot;aperture&quot;:&quot;0&quot;,&quot;credit&quot;:&quot;&quot;,&quot;camera&quot;:&quot;&quot;,&quot;caption&quot;:&quot;&quot;,&quot;created_timestamp&quot;:&quot;0&quot;,&quot;copyright&quot;:&quot;&quot;,&quot;focal_length&quot;:&quot;0&quot;,&quot;iso&quot;:&quot;0&quot;,&quot;shutter_speed&quot;:&quot;0&quot;,&quot;title&quot;:&quot;&quot;,&quot;orientation&quot;:&quot;0&quot;}\" data-image-title=\"osmani-Rama-bushati-vucic-\" data-image-description=\"\" data-image-caption=\"\" data-medium-file=\"https:\/\/i0.wp.com\/www.shqiperia.com\/blog\/wp-content\/uploads\/2020\/12\/osmani-Rama-bushati-vucic-.jpg?fit=300%2C169&amp;ssl=1\" data-large-file=\"https:\/\/i0.wp.com\/www.shqiperia.com\/blog\/wp-content\/uploads\/2020\/12\/osmani-Rama-bushati-vucic-.jpg?fit=1024%2C576&amp;ssl=1\" class=\"alignnone  wp-image-42144\" alt=\"\" src=\"https:\/\/i0.wp.com\/www.shqiperia.com\/blog\/wp-content\/uploads\/2020\/12\/osmani-Rama-bushati-vucic-.jpg?resize=570%2C321&#038;ssl=1\" width=\"570\" height=\"321\" srcset=\"https:\/\/i0.wp.com\/www.shqiperia.com\/blog\/wp-content\/uploads\/2020\/12\/osmani-Rama-bushati-vucic-.jpg?resize=300%2C169&amp;ssl=1 300w, https:\/\/i0.wp.com\/www.shqiperia.com\/blog\/wp-content\/uploads\/2020\/12\/osmani-Rama-bushati-vucic-.jpg?resize=1024%2C576&amp;ssl=1 1024w, https:\/\/i0.wp.com\/www.shqiperia.com\/blog\/wp-content\/uploads\/2020\/12\/osmani-Rama-bushati-vucic-.jpg?resize=768%2C432&amp;ssl=1 768w, https:\/\/i0.wp.com\/www.shqiperia.com\/blog\/wp-content\/uploads\/2020\/12\/osmani-Rama-bushati-vucic-.jpg?resize=1536%2C864&amp;ssl=1 1536w, https:\/\/i0.wp.com\/www.shqiperia.com\/blog\/wp-content\/uploads\/2020\/12\/osmani-Rama-bushati-vucic-.jpg?resize=450%2C253&amp;ssl=1 450w, https:\/\/i0.wp.com\/www.shqiperia.com\/blog\/wp-content\/uploads\/2020\/12\/osmani-Rama-bushati-vucic-.jpg?resize=600%2C338&amp;ssl=1 600w, https:\/\/i0.wp.com\/www.shqiperia.com\/blog\/wp-content\/uploads\/2020\/12\/osmani-Rama-bushati-vucic-.jpg?resize=1500%2C844&amp;ssl=1 1500w, https:\/\/i0.wp.com\/www.shqiperia.com\/blog\/wp-content\/uploads\/2020\/12\/osmani-Rama-bushati-vucic-.jpg?resize=1300%2C731&amp;ssl=1 1300w, https:\/\/i0.wp.com\/www.shqiperia.com\/blog\/wp-content\/uploads\/2020\/12\/osmani-Rama-bushati-vucic-.jpg?resize=400%2C225&amp;ssl=1 400w, https:\/\/i0.wp.com\/www.shqiperia.com\/blog\/wp-content\/uploads\/2020\/12\/osmani-Rama-bushati-vucic-.jpg?w=1920&amp;ssl=1 1920w\" sizes=\"auto, (max-width: 570px) 100vw, 570px\" \/><\/p>\n<p><strong>Marr\u00ebdh\u00ebniet Shqip\u00ebri-Serbi \/ Bushati sulmon indirekt Ram\u00ebn: Interesi komb\u00ebtar s\u2019\u00ebsht\u00eb treg futbolli!<\/strong><\/p>\n<p>&#8211; 21\/12\/20<\/p>\n<p>Ish-ministri i Jasht\u00ebm n\u00eb mandatin e par\u00eb t\u00eb qeveris\u00eb Rama, Ditmir Bushati, ka sulmuar indirekt marr\u00ebdh\u00ebnien e af\u00ebrt t\u00eb kryeministrit Edi Rama me presidentin serb Aleksand\u00ebr Vu\u00e7i\u00e7.<\/p>\n<p>N\u00eb nj\u00eb shkrim t\u00eb hedhur n\u00eb \u201cFacebook\u201d, Bushati shprehet se marr\u00ebdh\u00ebniet Shqip\u00ebri-Serbi nuk mund t\u00eb nd\u00ebrtohen kurrsesi duke tejkaluar Kosov\u00ebn, pasi nuk e njeh mir\u00eb at\u00eb, e as nuk mund ta shoh\u00eb dot pa syt\u00eb e k\u00ebsaj t\u00eb fundit.\u00a0<em>\u201cSikund\u00ebr, Kosova nuk e njeh Mesdheun e as garanton dot pjes\u00ebmarrjen n\u00eb nismat rajonale pa Shqip\u00ebrin\u00eb<\/em>\u201d, \u2013 shton si argument ai.<\/p>\n<p>Reagimi i Bushatit vjen nga mesazhet q\u00eb p\u00ebrcolli n\u00eb Kuvendin e Shqip\u00ebris\u00eb presidentja n\u00eb detyr\u00eb e Kosov\u00ebs, Vjosa Osmani.<\/p>\n<p>Ish-ministri gjithashtu nuk ngurron t\u00eb sjell\u00eb p\u00ebr Ram\u00ebn nj\u00eb krahasim.\u00a0\u201c<em>Politika, dhe aq m\u00eb tep\u00ebr interesi komb\u00ebtar, nuk mund t\u00eb jet\u00eb si tregu i futbollit ku sportist\u00ebt mund t\u00eb veshin p\u00ebr nj\u00eb koh\u00eb fanell\u00ebn e Real Madridit dhe p\u00ebr nj\u00eb koh\u00eb tjet\u00ebr at\u00eb t\u00eb Juventusit. Sepse n\u00eb politik\u00eb historia dhe gjeografia jan\u00eb element\u00eb t\u00eb pakap\u00ebrcyesh\u00ebm.\u201d<\/em><\/p>\n<p><strong>Shkrimi i plot\u00eb i Ditmir Bushatit:<\/strong><\/p>\n<p>Rind\u00ebrtimi i Besimit<\/p>\n<p>Mesazhet e Vjosa Osmanit, gjat\u00eb vizit\u00ebs n\u00eb Tiran\u00eb, p\u00ebrtej interpretimeve partizane dhe epiteteve t\u00eb papranueshme q\u00eb u p\u00ebrdor\u00ebn ndaj saj, nxor\u00ebn edhe nj\u00eb her\u00eb tjet\u00ebr n\u00eb pah nevoj\u00ebn dramatike q\u00eb ka shoq\u00ebria shqiptare p\u00ebr nj\u00eb regjim epistemik. Nj\u00eb treg idesh ku njer\u00ebzit kolektivisht kan\u00eb mund\u00ebsi t\u00eb arsyetojn\u00eb mbi at\u00eb q\u00eb \u00ebsht\u00eb e v\u00ebrtet\u00eb. N\u00eb shoq\u00ebrit\u00eb demokratike, ky regjim \u00ebsht\u00eb nj\u00eb ekosistem i decentralizuar i akademik\u00ebve, klerit, shoq\u00ebris\u00eb civile, gazetar\u00ebve, sip\u00ebrmarrjes dhe t\u00eb tjer\u00ebve q\u00eb nuk bien dakord p\u00ebr shum\u00eb\u00e7ka, por bien dakord p\u00ebr nj\u00eb sistem t\u00eb p\u00ebrbashk\u00ebt rregullash p\u00ebr peshimin e provave dhe form\u00ebsimin e njohurive. Nj\u00eb regjim, i cili po reziston me v\u00ebshtir\u00ebsi ndaj epok\u00ebs s\u00eb t\u00eb \u201cv\u00ebrtetave alternative\u201d dhe gar\u00ebs brutale p\u00ebr klikime.<\/p>\n<p>N\u00eb munges\u00eb t\u00eb regjimit epistemik, politika i dikton shoq\u00ebris\u00eb nj\u00eb agjend\u00eb mediatike, edhe p\u00ebr \u00e7\u00ebshtje t\u00eb interesit komb\u00ebtar, e cila, n\u00eb rastin m\u00eb t\u00eb mir\u00eb nuk mund\u00ebson shoshitjen e ideve q\u00eb duhet t\u2019i mbijetojn\u00eb kontrollit kolektiv, por p\u00ebrqendrohet tek artileria e p\u00ebrbaltjes dhe p\u00ebrbuzjes.<\/p>\n<p>Le t\u2019i marrim me radh\u00eb disa prej element\u00ebve q\u00eb duhet t\u00eb p\u00ebrb\u00ebjn\u00eb parimet udh\u00ebrr\u00ebfyese t\u00eb nj\u00eb debati t\u00eb sh\u00ebndetsh\u00ebm mbar\u00ebshqiptar.<\/p>\n<p><strong>I.<\/strong><\/p>\n<p>Ioannis Kasoulidis, ish minist\u00ebr i jasht\u00ebm i Qipros dhe nj\u00eb prej mendjeve elegante t\u00eb diplomacis\u00eb europiane nuk nguronte ta pranonte n\u00ebp\u00ebr biseda se, \u201cp\u00ebr arsye t\u00eb njohura historike, qendra e helenizmit \u00ebsht\u00eb Athina dhe jo Nikosia\u201d. Kjo \u00ebsht\u00eb e vetkuptueshme edhe p\u00ebr ne shqiptar\u00ebt. P\u00ebr Shqip\u00ebrin\u00eb, Kosova \u00ebsht\u00eb krye\u00e7\u00ebshtje q\u00eb prej themelimit t\u00eb shtetit n\u00eb vitin 1912, pavar\u00ebsisht rrethanave gjeopolitike, formave t\u00eb ndryshme t\u00eb regjimit, qeverive q\u00eb kan\u00eb sh\u00ebrbyer n\u00eb Shqip\u00ebri dhe evoluimit t\u00eb projektit t\u00eb shtet\u00ebsis\u00eb s\u00eb Kosov\u00ebs.<\/p>\n<p>Mund t\u00eb argumentohet e t\u00eb debatohet holl\u00ebsisht p\u00ebr pesh\u00ebn dhe influenc\u00ebn e Shqip\u00ebris\u00eb n\u00eb Kosov\u00eb, p\u00ebr marr\u00ebdh\u00ebniet mes politikan\u00ebve dhe forcave politike, por nuk mund t\u00eb vendoset n\u00eb pik\u00ebpyetje roli i paz\u00ebvend\u00ebsuesh\u00ebm i Shqip\u00ebris\u00eb.<\/p>\n<p>P\u00ebr m\u00eb tep\u00ebr, Shqip\u00ebria \u00ebsht\u00eb shteti am\u00eb i t\u00eb gjith\u00eb shqiptar\u00ebve n\u00eb rajon, e jo ve\u00e7 atyre q\u00eb jetojn\u00eb n\u00eb Kosov\u00eb. K\u00ebsisoj, pritshm\u00ebrit\u00eb ndaj Shqip\u00ebris\u00eb jan\u00eb gjithnj\u00eb t\u00eb m\u00ebdha, sikurse p\u00ebrgjegj\u00ebsit\u00eb e saj. Kujdesi nga Shqip\u00ebria p\u00ebr t\u00eb mos u p\u00ebrfshir\u00eb dhe mos u perceptuar si e p\u00ebrfshir\u00eb n\u00eb debatin politik t\u00eb dit\u00ebs n\u00eb Kosov\u00eb \u00ebsht\u00eb parakusht p\u00ebr nj\u00eb politike efektive.<\/p>\n<p>I njejti kujdes duhet treguar edhe p\u00ebrsa i p\u00ebrket orientimeve dhe mb\u00ebshtetjeve q\u00eb Shqip\u00ebria jep p\u00ebr fuqizimin e faktorit politik shqiptar n\u00eb Maqedonin\u00eb e Veriut, Malin e Zi dhe Lugin\u00ebn e Preshev\u00ebs. Sa her\u00eb \u00ebsht\u00eb synuar bashkimi dhe e mira e p\u00ebrbashk\u00ebt, rezultatet nuk kan\u00eb munguar.<\/p>\n<p><strong>II.<\/strong><\/p>\n<p>Ting\u00ebllon e \u00e7uditshme, por duhet t\u2019ia p\u00ebrs\u00ebrisim s\u00ebrish vetes se, avancimi i pozitave t\u00eb shqiptar\u00ebve n\u00eb rajon shkon n\u00eb raport t\u00eb drejtp\u00ebrdrejt me nd\u00ebrtimin e nj\u00eb marr\u00ebdh\u00ebnie strategjike mes Shqip\u00ebris\u00eb dhe Kosov\u00ebs, e cila duhet t\u00eb jet\u00eb kapilare, n\u00eb \u00e7do fush\u00eb t\u00eb jet\u00ebs. Rrjedhimisht, edhe nd\u00ebrtimi i marr\u00ebdh\u00ebnieve t\u00eb mira me fqinj\u00ebt e tjer\u00eb n\u00eb rajon ndikohet nga ky bosht dhe ndarja e p\u00ebrgjegj\u00ebsive e roleve mes Shqip\u00ebris\u00eb dhe Kosov\u00ebs.<\/p>\n<p>Bie fjala, Shqip\u00ebria nuk mund t\u00eb nd\u00ebrtoj\u00eb marr\u00ebdh\u00ebnie direkte me Serbin\u00eb, duke tejkaluar Kosov\u00ebn, pasi nuk e njeh mir\u00eb at\u00eb, e as nuk mund ta shoh dot pa syt\u00eb e k\u00ebsaj t\u00eb fundit. Sikund\u00ebr, Kosova nuk e njeh Mesdheun e as garanton dot pjes\u00ebmarrjen n\u00eb nismat rajonale pa Shqip\u00ebrin\u00eb.<\/p>\n<p>Duke ndjer\u00eb k\u00ebt\u00eb nevoj\u00eb jetike, programi politik i Partis\u00eb Socialiste, q\u00eb mori mb\u00ebshtetjen e shumic\u00ebs s\u00eb popullit n\u00eb vitin 2013, parashikonte mekanizimin p\u00ebr arritjen e k\u00ebtij q\u00ebllimi. Ne janar t\u00eb 2014, n\u00eb Prizren, vet\u00ebm pak muaj pasi erdh\u00ebm n\u00eb krye t\u00eb pun\u00ebve t\u00eb vendit, firmos\u00ebm dokumentin e partneritetit strategjik. Ky dokument, bashk\u00eb me praktik\u00ebn e mbledhjes s\u00eb p\u00ebrbashk\u00ebt t\u00eb dy qeverive, u kritikua n\u00eb Tiran\u00eb e Prishtin\u00eb, si i panevojsh\u00ebm. Nd\u00ebrkoh\u00eb q\u00eb u kund\u00ebrshtua z\u00ebsh\u00ebm n\u00eb Beograd, Banjaluka e Mosk\u00eb, si k\u00ebrc\u00ebnim p\u00ebr rajonin.<\/p>\n<p>Duhet th\u00ebn\u00eb se dokumenti ishte produkt i nj\u00eb pun\u00eb t\u00eb mir\u00ebmenduar t\u00eb strukturave shtet\u00ebrore t\u00eb Shqip\u00ebris\u00eb dhe Kosov\u00ebs, n\u00eb konsultim me partner\u00ebt strategjik, i hartuar me nj\u00eb gjuh\u00eb t\u00eb kujdesshme, plot\u00ebsisht n\u00eb pajtim me angazhimet nd\u00ebrkomb\u00ebtare, duke mos kompromentuar asnj\u00eb prej arritjeve t\u00eb mundimshme historike t\u00eb shqiptar\u00ebve. Nj\u00eb prej tyre, kishte t\u00eb b\u00ebnte me paprekshm\u00ebrin\u00eb e kufijve, n\u00eb p\u00ebrputhje me angazhimet e Aktit Final t\u00eb Helsinkit.<\/p>\n<p>N\u00eb dokument, partneriteti Shqip\u00ebri-Kosov\u00eb p\u00ebrkufizohet si strategjik p\u00ebr ne, stabilizues p\u00ebr rajonin dhe orientues p\u00ebr t\u00eb ardhmen e tij euroatlantike. N\u00eb rast se do t\u00eb respektohej fryma dhe mekanizmi bashk\u00ebrendues i parashikuar n\u00eb dokument, bazuar mbi kat\u00ebr shtylla: (i) politika e jashtme dhe e siguris\u00eb; (ii) drejt\u00ebsia dhe \u00e7\u00ebshtjet e brendshme; (iii) ekonomia, energjia, transporti, turizmi dhe mbrojtja e mjedisit; (iv) kultura, arsimi dhe shkenca, sot do t\u00eb kishim nj\u00eb bashk\u00ebpunim molekular me impakt t\u00eb ndjesh\u00ebm p\u00ebr qytetar\u00ebt n\u00eb t\u00eb dyja an\u00ebt e Morin\u00ebs, q\u00eb do t\u2019i paraprinte n\u00eb t\u00eb nj\u00ebjt\u00ebn koh\u00eb bashk\u00ebpunimit rajonal me fqinj\u00ebt.<\/p>\n<p>Sot, do t\u00eb kishim gjithashtu dy shtete m\u00eb funksionale dhe nj\u00eb debat me v\u00ebshtrim nga e ardhmja p\u00ebr rolin dhe kontributin e shqiptar\u00ebve n\u00eb shekullin e 21, n\u00eb k\u00ebt\u00eb k\u00ebnd t\u00eb Europ\u00ebs Juglindore dhe jo \u201cimportime interesash\u201d. Nuk duhet t\u00eb harrojm\u00eb se p\u00ebrfaq\u00ebsimi n\u00eb politik\u00eb \u00ebsht\u00eb po aq jetik sa \u00e7\u2019\u00ebsht\u00eb pulsi p\u00ebr njeriun. Politika, dhe aq m\u00eb tep\u00ebr interesi komb\u00ebtar, nuk mund t\u00eb jet\u00eb si tregu i futbollit ku sportist\u00ebt mund t\u00eb veshin p\u00ebr nj\u00eb koh\u00eb fanell\u00ebn e Real Madridit dhe p\u00ebr nj\u00eb koh\u00eb tjet\u00ebr at\u00eb t\u00eb Juventusit. Sepse n\u00eb politik\u00eb historia dhe gjeografia jan\u00eb element\u00eb t\u00eb pakap\u00ebrcyesh\u00ebm.<\/p>\n<p>N\u00eb rast se temat q\u00eb vijojn\u00eb t\u00eb mbajn\u00eb gjall\u00eb hap\u00ebsir\u00ebn mediatike, n\u00eb lidhje me cop\u00ebtimin territorial t\u00eb Kosov\u00ebs, mini-schengenin, gjykat\u00ebn speciale, apo raportet me Serbin\u00eb, do t\u00eb trajtoheshin p\u00ebrmes mekanizmit t\u00eb nd\u00ebrtuar nga partneriteti strategjik, e nj\u00ebkoh\u00ebsisht duke siguruar mir\u00ebkuptim sa m\u00eb t\u00eb madh politik dhe shoq\u00ebror n\u00eb Shqip\u00ebri dhe Kosov\u00eb, k\u00ebto tema, do t\u00eb prodhonin m\u00eb shum\u00eb unitet dhe m\u00eb pak p\u00ebr\u00e7arje. Mbase nuk do t\u00eb arrinin kurr\u00eb t\u00eb ishin pjes\u00eb e agjend\u00ebs politike, apo t\u2019i diktoheshin opinionit publik p\u00ebrmes oligark\u00ebve propagandistik. Fatkeq\u00ebsisht, k\u00ebto tema i p\u00ebr\u00e7an shqiptar\u00ebt si kurr\u00eb m\u00eb par\u00eb.<\/p>\n<p><strong>III.<\/strong><\/p>\n<p>Mungesa e nj\u00eb regjimi epistemik, shoq\u00ebruar me shp\u00ebrfilljen e parimeve udh\u00ebrr\u00ebfyese t\u00eb m\u00ebsip\u00ebrme, na largon nga objektivat strategjik, duke dob\u00ebsuar rolin e shqiptar\u00ebve n\u00eb rajon. Ndaj, le t\u00eb ndalim rrug\u00ebn e vetasgj\u00ebsimit, e t\u00eb p\u00ebrqendrohemi tek nd\u00ebrtimi i nj\u00eb besimi t\u00eb nd\u00ebrsjell\u00eb q\u00eb \u00e7liron energji pozitive.<\/p>\n<p>Gazeta Mapo<\/p>\n","protected":false},"excerpt":{"rendered":"<p>Marr\u00ebdh\u00ebniet Shqip\u00ebri-Serbi \/ Bushati sulmon indirekt Ram\u00ebn: Interesi komb\u00ebtar s\u2019\u00ebsht\u00eb treg futbolli! &#8211; 21\/12\/20 Ish-ministri i Jasht\u00ebm n\u00eb mandatin e par\u00eb t\u00eb qeveris\u00eb Rama, Ditmir Bushati, ka sulmuar indirekt marr\u00ebdh\u00ebnien e af\u00ebrt t\u00eb kryeministrit Edi Rama me presidentin serb Aleksand\u00ebr Vu\u00e7i\u00e7. N\u00eb nj\u00eb shkrim t\u00eb hedhur n\u00eb \u201cFacebook\u201d, Bushati shprehet se marr\u00ebdh\u00ebniet Shqip\u00ebri-Serbi nuk mund [&hellip;]<\/p>\n","protected":false},"author":9,"featured_media":42144,"comment_status":"open","ping_status":"open","sticky":false,"template":"","format":"standard","meta":{"jetpack_post_was_ever_published":false,"_jetpack_newsletter_access":"","_jetpack_dont_email_post_to_subs":false,"_jetpack_newsletter_tier_id":0,"_jetpack_memberships_contains_paywalled_content":false,"_jetpack_memberships_contains_paid_content":false,"footnotes":"","jetpack_publicize_message":"","jetpack_publicize_feature_enabled":true,"jetpack_social_post_already_shared":true,"jetpack_social_options":{"image_generator_settings":{"template":"highway","default_image_id":0,"font":"","enabled":false},"version":2}},"categories":[27,2],"tags":[],"class_list":["post-42143","post","type-post","status-publish","format-standard","has-post-thumbnail","hentry","category-blogu-i-udhetarit","category-politika"],"jetpack_publicize_connections":[],"jetpack_featured_media_url":"https:\/\/i0.wp.com\/www.shqiperia.com\/blog\/wp-content\/uploads\/2020\/12\/osmani-Rama-bushati-vucic-.jpg?fit=1920%2C1080&ssl=1","jetpack_sharing_enabled":true,"jetpack_shortlink":"https:\/\/wp.me\/p5Z6wp-aXJ","jetpack-related-posts":[{"id":45128,"url":"https:\/\/www.shqiperia.com\/blog\/sherri-ne-seline-e-ps-analisti-i-njohur-zbulon-dy-arsyet-pse-rama-e-perjashtoi-nga-listat-ish-ministrin-ditmir-bushati\/","url_meta":{"origin":42143,"position":0},"title":"Sherri n\u00eb selin\u00eb e PS, analisti i njohur zbulon dy arsyet pse Rama e p\u00ebrjashtoi nga listat ish ministrin Ditmir Bushati","author":"Kurt Farka","date":"March 9, 2021","format":false,"excerpt":"Sherri n\u00eb selin\u00eb e PS, analisti i njohur zbulon dy arsyet pse Rama e p\u00ebrjashtoi nga listat ish ministrin Ditmir Bushati 9 MARS 2021 \u2026 Dhe p\u00ebr ndarjen e Kosov\u00ebs shk\u00ebmbimit t\u00eb territoreve Kosov\u00eb-Serbi, kishin nj\u00eb q\u00ebndrim t\u00eb ndrysh\u00ebm. FacebookWhatsAppTwitterEmail Analisti dhe gazetari Erl Murati, ka komentuar p\u00ebrjashtimin e Ditmir\u2026","rel":"","context":"In &quot;Blogu i Udh\u00ebtarit&quot;","block_context":{"text":"Blogu i Udh\u00ebtarit","link":"https:\/\/www.shqiperia.com\/blog\/category\/blogu-i-udhetarit\/"},"img":{"alt_text":"","src":"https:\/\/i0.wp.com\/www.shqiperia.com\/blog\/wp-content\/uploads\/2021\/03\/640-0-6047b4998301f.jpg?fit=640%2C329&ssl=1&resize=350%2C200","width":350,"height":200,"srcset":"https:\/\/i0.wp.com\/www.shqiperia.com\/blog\/wp-content\/uploads\/2021\/03\/640-0-6047b4998301f.jpg?fit=640%2C329&ssl=1&resize=350%2C200 1x, https:\/\/i0.wp.com\/www.shqiperia.com\/blog\/wp-content\/uploads\/2021\/03\/640-0-6047b4998301f.jpg?fit=640%2C329&ssl=1&resize=525%2C300 1.5x"},"classes":[]},{"id":45984,"url":"https:\/\/www.shqiperia.com\/blog\/bushati-rama-barazoi-shkodranet-me-punetoret-e-bangladeshit-nuk-njeh-turp-as-marre\/","url_meta":{"origin":42143,"position":1},"title":"Bushati: Rama barazoi shkodran\u00ebt me pun\u00ebtor\u00ebt e Bangladeshit, nuk njeh turp as marre","author":"Kurt Farka","date":"March 31, 2021","format":false,"excerpt":"Bushati: Rama barazoi shkodran\u00ebt me pun\u00ebtor\u00ebt e Bangladeshit, nuk njeh turp as marre 31\/03\/2021 Teksa kryeministri Rama hapi \u201ctraun\u201d p\u00ebr pun\u00ebtor\u00ebt e huaj nga Bangladeshi, Pakistani e India, ka ardhur dhe reagimi i kandidatit p\u00ebr deputet t\u00eb PD n\u00eb Shkod\u00ebr, Helidon Bushati. N\u00eb nj\u00eb postim n\u00eb facebook, ai shkruan se\u2026","rel":"","context":"In &quot;Blogu i Udh\u00ebtarit&quot;","block_context":{"text":"Blogu i Udh\u00ebtarit","link":"https:\/\/www.shqiperia.com\/blog\/category\/blogu-i-udhetarit\/"},"img":{"alt_text":"","src":"https:\/\/i0.wp.com\/www.shqiperia.com\/blog\/wp-content\/uploads\/2021\/03\/Helidon-Bushati..jpg?fit=722%2C417&ssl=1&resize=350%2C200","width":350,"height":200,"srcset":"https:\/\/i0.wp.com\/www.shqiperia.com\/blog\/wp-content\/uploads\/2021\/03\/Helidon-Bushati..jpg?fit=722%2C417&ssl=1&resize=350%2C200 1x, https:\/\/i0.wp.com\/www.shqiperia.com\/blog\/wp-content\/uploads\/2021\/03\/Helidon-Bushati..jpg?fit=722%2C417&ssl=1&resize=525%2C300 1.5x, https:\/\/i0.wp.com\/www.shqiperia.com\/blog\/wp-content\/uploads\/2021\/03\/Helidon-Bushati..jpg?fit=722%2C417&ssl=1&resize=700%2C400 2x"},"classes":[]},{"id":28040,"url":"https:\/\/www.shqiperia.com\/blog\/me-mospjesemarrjen-ne-oher-kosova-u-vetembrojt-nuk-u-veteperjashtua\/","url_meta":{"origin":42143,"position":2},"title":"Me mospjes\u00ebmarrjen n\u00eb Oh\u00ebr, Kosova u vet\u00ebmbrojt, nuk u &#8220;vet\u00ebp\u00ebrjashtua&#8221;. &#8211;","author":"Kurt Farka","date":"November 13, 2019","format":false,"excerpt":"Me mospjes\u00ebmarrjen n\u00eb Oh\u00ebr, Kosova u vet\u00ebmbrojt, nuk u \"vet\u00ebp\u00ebrjashtua\". m\u00eb 11-11-2019 Nga Prof. Lisen Bashkurti Nisma e Shengenit Ballkaik \u00ebsht\u00eb pritur me shum\u00eb shqet\u00ebsim sidomos n\u00eb Kosov\u00eb dhe, p\u00ebr konseguenc\u00eb, n\u00eb t\u00eb gjith\u00eb shqiptar\u00ebt n\u00eb Ballkan, Evrop\u00eb dhe ShBA. Sinjalet e kund\u00ebrshtimit jan\u00eb b\u00ebr\u00eb t\u00eb forta dhe publike. Kjo\u2026","rel":"","context":"In &quot;Blogu i Udh\u00ebtarit&quot;","block_context":{"text":"Blogu i Udh\u00ebtarit","link":"https:\/\/www.shqiperia.com\/blog\/category\/blogu-i-udhetarit\/"},"img":{"alt_text":"","src":"https:\/\/i0.wp.com\/www.shqiperia.com\/blog\/wp-content\/uploads\/2019\/11\/0c56aa62e0aa1130eac350acff413bf2_L.jpg?fit=700%2C377&ssl=1&resize=350%2C200","width":350,"height":200,"srcset":"https:\/\/i0.wp.com\/www.shqiperia.com\/blog\/wp-content\/uploads\/2019\/11\/0c56aa62e0aa1130eac350acff413bf2_L.jpg?fit=700%2C377&ssl=1&resize=350%2C200 1x, https:\/\/i0.wp.com\/www.shqiperia.com\/blog\/wp-content\/uploads\/2019\/11\/0c56aa62e0aa1130eac350acff413bf2_L.jpg?fit=700%2C377&ssl=1&resize=525%2C300 1.5x, https:\/\/i0.wp.com\/www.shqiperia.com\/blog\/wp-content\/uploads\/2019\/11\/0c56aa62e0aa1130eac350acff413bf2_L.jpg?fit=700%2C377&ssl=1&resize=700%2C400 2x"},"classes":[]},{"id":45695,"url":"https:\/\/www.shqiperia.com\/blog\/ish-ministri-bushati-hedh-bomben-kryeministri-rama-ishte-me-vucic-per-ndarjen-e-kosoves\/","url_meta":{"origin":42143,"position":3},"title":"Ish-ministri Bushati hedh \u201cbomb\u00ebn\u201d: Kryeministri Rama ishte me Vu\u00e7i\u00e7 p\u00ebr ndarjen e Kosov\u00ebs","author":"Kurt Farka","date":"March 24, 2021","format":false,"excerpt":"Ish-ministri Bushati hedh \u201cbomb\u00ebn\u201d: Kryeministri Rama ishte me Vu\u00e7i\u00e7 p\u00ebr ndarjen e Kosov\u00ebs 24\/03\/2021 Ish-ministri i Jasht\u00ebm i Shqip\u00ebris\u00eb, Ditmir Bushati i ftuar n\u00eb \u2018A Show\u2019 me Adi Krast\u00ebn n\u00eb SYRI TV ka folur p\u00ebr n\u00eb lidhje me p\u00ebrplasjet me Edi Ram\u00ebn p\u00ebr \u00e7\u00ebshtjen e ndarjes s\u00eb Kosov\u00ebs. \u2018Mund t\u00eb\u2026","rel":"","context":"In &quot;Blogu i Udh\u00ebtarit&quot;","block_context":{"text":"Blogu i Udh\u00ebtarit","link":"https:\/\/www.shqiperia.com\/blog\/category\/blogu-i-udhetarit\/"},"img":{"alt_text":"","src":"https:\/\/i0.wp.com\/www.shqiperia.com\/blog\/wp-content\/uploads\/2021\/03\/auto_bushati_krasta1616530473-750x375-1.jpg?fit=750%2C375&ssl=1&resize=350%2C200","width":350,"height":200,"srcset":"https:\/\/i0.wp.com\/www.shqiperia.com\/blog\/wp-content\/uploads\/2021\/03\/auto_bushati_krasta1616530473-750x375-1.jpg?fit=750%2C375&ssl=1&resize=350%2C200 1x, https:\/\/i0.wp.com\/www.shqiperia.com\/blog\/wp-content\/uploads\/2021\/03\/auto_bushati_krasta1616530473-750x375-1.jpg?fit=750%2C375&ssl=1&resize=525%2C300 1.5x, https:\/\/i0.wp.com\/www.shqiperia.com\/blog\/wp-content\/uploads\/2021\/03\/auto_bushati_krasta1616530473-750x375-1.jpg?fit=750%2C375&ssl=1&resize=700%2C400 2x"},"classes":[]},{"id":93754,"url":"https:\/\/www.shqiperia.com\/blog\/ish-kryediplomati-i-ps-se-bushati-kunder-rames-perdorimi-i-saj-sna-i-lan-hesapet-as-me-korrupsionin-as-me-keqqeverisjen\/","url_meta":{"origin":42143,"position":4},"title":"Ish-kryediplomati i PS-se Bushati kund\u00ebr Ram\u00ebs: &#8211; P\u00ebrdorimi i saj, s&#8217;na i lan hesapet as me korrupsionin, as me keqqeverisjen","author":"Kurt Farka","date":"September 15, 2025","format":false,"excerpt":"15 Shtator 2025 Ish ministri i Jasht\u00ebm, Ditmir Bushati del kund\u00ebr nism\u00ebs s\u00eb kryeministrit Edi Rama p\u00ebr nj\u00eb \u2018minist\u00ebr AI\u2019, si\u00e7 \u00ebsht\u00eb Diella, dhe q\u00eb tanim\u00eb \u00ebsht\u00eb dekretuar edhe nga Presidenti Bajram Begaj. P\u00ebrmes nj\u00eb opinioni t\u00eb postuar n\u00eb rrjetet sociale, Bushati shkruan nd\u00ebr t\u00eb tjera se, inteligjenca artificiale p\u00ebr\u2026","rel":"","context":"In &quot;Blogu i Udh\u00ebtarit&quot;","block_context":{"text":"Blogu i Udh\u00ebtarit","link":"https:\/\/www.shqiperia.com\/blog\/category\/blogu-i-udhetarit\/"},"img":{"alt_text":"","src":"https:\/\/i0.wp.com\/www.shqiperia.com\/blog\/wp-content\/uploads\/2025\/09\/auto_sdfs8df1757957103.jpg?fit=900%2C571&ssl=1&resize=350%2C200","width":350,"height":200,"srcset":"https:\/\/i0.wp.com\/www.shqiperia.com\/blog\/wp-content\/uploads\/2025\/09\/auto_sdfs8df1757957103.jpg?fit=900%2C571&ssl=1&resize=350%2C200 1x, https:\/\/i0.wp.com\/www.shqiperia.com\/blog\/wp-content\/uploads\/2025\/09\/auto_sdfs8df1757957103.jpg?fit=900%2C571&ssl=1&resize=525%2C300 1.5x, https:\/\/i0.wp.com\/www.shqiperia.com\/blog\/wp-content\/uploads\/2025\/09\/auto_sdfs8df1757957103.jpg?fit=900%2C571&ssl=1&resize=700%2C400 2x"},"classes":[]},{"id":44561,"url":"https:\/\/www.shqiperia.com\/blog\/debati-bushati-vaksina-nuk-ka-rama-ben-propagande-dritan-hila-e-ben-per-te-mbajtur-popullin-me-gajret\/","url_meta":{"origin":42143,"position":5},"title":"Debati\/ Bushati: -Vaksina nuk ka, Rama b\u00ebn propagand\u00eb. Dritan Hila: &#8211; E b\u00ebn p\u00ebr t\u00eb mbajtur popullin me gajret\u2026","author":"Kurt Farka","date":"February 22, 2021","format":false,"excerpt":"Debati\/ Bushati: -Vaksina nuk ka, Rama b\u00ebn propagand\u00eb. Dritan Hila: - E b\u00ebn p\u00ebr t\u00eb mbajtur popullin me gajret\u2026 22 Shkurt, 2021 N\u00eb emisionin \u201cOpen\u201d ka patur nj\u00eb debat mes analist\u00ebve Andi Bushati dhe Dritan Hila, lidhur me vaksinimin e personaliteteve n\u00eb Shqip\u00ebri, nj\u00eb nism\u00eb e kryeministrit Edi Rama, p\u00ebr\u2026","rel":"","context":"In &quot;Blogu i Udh\u00ebtarit&quot;","block_context":{"text":"Blogu i Udh\u00ebtarit","link":"https:\/\/www.shqiperia.com\/blog\/category\/blogu-i-udhetarit\/"},"img":{"alt_text":"","src":"https:\/\/i0.wp.com\/www.shqiperia.com\/blog\/wp-content\/uploads\/2021\/02\/bushati-hila-tpz.al_.jpg?fit=1200%2C687&ssl=1&resize=350%2C200","width":350,"height":200,"srcset":"https:\/\/i0.wp.com\/www.shqiperia.com\/blog\/wp-content\/uploads\/2021\/02\/bushati-hila-tpz.al_.jpg?fit=1200%2C687&ssl=1&resize=350%2C200 1x, https:\/\/i0.wp.com\/www.shqiperia.com\/blog\/wp-content\/uploads\/2021\/02\/bushati-hila-tpz.al_.jpg?fit=1200%2C687&ssl=1&resize=525%2C300 1.5x, https:\/\/i0.wp.com\/www.shqiperia.com\/blog\/wp-content\/uploads\/2021\/02\/bushati-hila-tpz.al_.jpg?fit=1200%2C687&ssl=1&resize=700%2C400 2x, https:\/\/i0.wp.com\/www.shqiperia.com\/blog\/wp-content\/uploads\/2021\/02\/bushati-hila-tpz.al_.jpg?fit=1200%2C687&ssl=1&resize=1050%2C600 3x"},"classes":[]}],"_links":{"self":[{"href":"https:\/\/www.shqiperia.com\/blog\/wp-json\/wp\/v2\/posts\/42143","targetHints":{"allow":["GET"]}}],"collection":[{"href":"https:\/\/www.shqiperia.com\/blog\/wp-json\/wp\/v2\/posts"}],"about":[{"href":"https:\/\/www.shqiperia.com\/blog\/wp-json\/wp\/v2\/types\/post"}],"author":[{"embeddable":true,"href":"https:\/\/www.shqiperia.com\/blog\/wp-json\/wp\/v2\/users\/9"}],"replies":[{"embeddable":true,"href":"https:\/\/www.shqiperia.com\/blog\/wp-json\/wp\/v2\/comments?post=42143"}],"version-history":[{"count":1,"href":"https:\/\/www.shqiperia.com\/blog\/wp-json\/wp\/v2\/posts\/42143\/revisions"}],"predecessor-version":[{"id":42145,"href":"https:\/\/www.shqiperia.com\/blog\/wp-json\/wp\/v2\/posts\/42143\/revisions\/42145"}],"wp:featuredmedia":[{"embeddable":true,"href":"https:\/\/www.shqiperia.com\/blog\/wp-json\/wp\/v2\/media\/42144"}],"wp:attachment":[{"href":"https:\/\/www.shqiperia.com\/blog\/wp-json\/wp\/v2\/media?parent=42143"}],"wp:term":[{"taxonomy":"category","embeddable":true,"href":"https:\/\/www.shqiperia.com\/blog\/wp-json\/wp\/v2\/categories?post=42143"},{"taxonomy":"post_tag","embeddable":true,"href":"https:\/\/www.shqiperia.com\/blog\/wp-json\/wp\/v2\/tags?post=42143"}],"curies":[{"name":"wp","href":"https:\/\/api.w.org\/{rel}","templated":true}]}}