{"id":42140,"date":"2020-12-21T23:42:35","date_gmt":"2020-12-21T23:42:35","guid":{"rendered":"https:\/\/www.shqiperia.com\/blog\/?p=42140"},"modified":"2020-12-21T23:42:35","modified_gmt":"2020-12-21T23:42:35","slug":"90-vjetori-i-lindjes-se-alfred-ucit-nipit-te-luaraseve-e-bija-donte-ta-kujtonim-si-atdhetar-demokrat-dhe-liberal","status":"publish","type":"post","link":"https:\/\/www.shqiperia.com\/blog\/90-vjetori-i-lindjes-se-alfred-ucit-nipit-te-luaraseve-e-bija-donte-ta-kujtonim-si-atdhetar-demokrat-dhe-liberal\/","title":{"rendered":"90-vjetori i lindjes s\u00eb Alfred U\u00e7it, nipit t\u00eb Luaras\u00ebve. E bija: Donte ta kujtonim, si atdhetar demokrat dhe liberal"},"content":{"rendered":"<p><img data-recalc-dims=\"1\" loading=\"lazy\" decoding=\"async\" data-attachment-id=\"42141\" data-permalink=\"https:\/\/www.shqiperia.com\/blog\/90-vjetori-i-lindjes-se-alfred-ucit-nipit-te-luaraseve-e-bija-donte-ta-kujtonim-si-atdhetar-demokrat-dhe-liberal\/1608306720_vasiltole\/\" data-orig-file=\"https:\/\/i0.wp.com\/www.shqiperia.com\/blog\/wp-content\/uploads\/2020\/12\/1608306720_vasiltole.jpg?fit=780%2C440&amp;ssl=1\" data-orig-size=\"780,440\" data-comments-opened=\"1\" data-image-meta=\"{&quot;aperture&quot;:&quot;0&quot;,&quot;credit&quot;:&quot;&quot;,&quot;camera&quot;:&quot;&quot;,&quot;caption&quot;:&quot;&quot;,&quot;created_timestamp&quot;:&quot;0&quot;,&quot;copyright&quot;:&quot;&quot;,&quot;focal_length&quot;:&quot;0&quot;,&quot;iso&quot;:&quot;0&quot;,&quot;shutter_speed&quot;:&quot;0&quot;,&quot;title&quot;:&quot;&quot;,&quot;orientation&quot;:&quot;0&quot;}\" data-image-title=\"1608306720_vasiltole\" data-image-description=\"\" data-image-caption=\"\" data-medium-file=\"https:\/\/i0.wp.com\/www.shqiperia.com\/blog\/wp-content\/uploads\/2020\/12\/1608306720_vasiltole.jpg?fit=300%2C169&amp;ssl=1\" data-large-file=\"https:\/\/i0.wp.com\/www.shqiperia.com\/blog\/wp-content\/uploads\/2020\/12\/1608306720_vasiltole.jpg?fit=780%2C440&amp;ssl=1\" class=\"alignnone  wp-image-42141\" alt=\"\" src=\"https:\/\/i0.wp.com\/www.shqiperia.com\/blog\/wp-content\/uploads\/2020\/12\/1608306720_vasiltole.jpg?resize=588%2C331&#038;ssl=1\" width=\"588\" height=\"331\" srcset=\"https:\/\/i0.wp.com\/www.shqiperia.com\/blog\/wp-content\/uploads\/2020\/12\/1608306720_vasiltole.jpg?resize=300%2C169&amp;ssl=1 300w, https:\/\/i0.wp.com\/www.shqiperia.com\/blog\/wp-content\/uploads\/2020\/12\/1608306720_vasiltole.jpg?resize=768%2C433&amp;ssl=1 768w, https:\/\/i0.wp.com\/www.shqiperia.com\/blog\/wp-content\/uploads\/2020\/12\/1608306720_vasiltole.jpg?resize=450%2C254&amp;ssl=1 450w, https:\/\/i0.wp.com\/www.shqiperia.com\/blog\/wp-content\/uploads\/2020\/12\/1608306720_vasiltole.jpg?resize=600%2C338&amp;ssl=1 600w, https:\/\/i0.wp.com\/www.shqiperia.com\/blog\/wp-content\/uploads\/2020\/12\/1608306720_vasiltole.jpg?resize=400%2C226&amp;ssl=1 400w, https:\/\/i0.wp.com\/www.shqiperia.com\/blog\/wp-content\/uploads\/2020\/12\/1608306720_vasiltole.jpg?w=780&amp;ssl=1 780w\" sizes=\"auto, (max-width: 588px) 100vw, 588px\" \/><\/p>\n<p><strong>90-vjetori i lindjes s\u00eb Alfred U\u00e7it, nipit t\u00eb Luaras\u00ebve. E bija: Donte ta kujtonim, si atdhetar demokrat dhe liberal<\/strong><\/p>\n<p><em>N\u00eb k\u00ebt\u00eb 90-vjetor t\u00eb lindjes s\u00eb akademikut t\u00eb ndjer\u00eb Alfred U\u00e7i, Vasil Tole tregon r\u00ebnd\u00ebsin\u00eb e veprave q\u00eb ai ka l\u00ebn\u00eb pas p\u00ebr t\u00eb gjith\u00eb brezat. Nd\u00ebrsa, vajza e tij rr\u00ebfen amanetin e fundit t\u00eb t\u00eb atit<\/em><\/p>\n<p><a href=\"https:\/\/shqiptarja.com\/autori\/218\">Valeria Dedaj<br \/>\n<\/a>18 Dhjetor 2020<\/p>\n<p>Akademiku Alfred U\u00e7i do t\u00eb festonte k\u00ebt\u00eb dhjetor 90-vjetorin e lindjes. E p\u00ebr k\u00ebt\u00eb kontributin e tij, si drejtues ku pati nj\u00eb rol t\u00eb duksh\u00ebm dhe transformues n\u00eb institucionet shkencore e publike, si studiues i let\u00ebrsis\u00eb dhe arteve, si z\u00eb i p\u00ebrve\u00e7\u00ebm n\u00eb p\u00ebrfaq\u00ebsimin e shkenc\u00ebs shqiptare n\u00eb forume diturake n\u00eb bot\u00eb, por edhe si kapedani i fundit, nipi familjes patriotike t\u00eb Luaras\u00ebve, kujtohet nga akademiku Vasil Tole.<\/p>\n<p><em>\u201cS\u00eb pari, do t\u00eb thoja se profesor Alfred U\u00e7i na iku shpejt, duke llogaritur dinamizmin edhe energjin\u00eb q\u00eb ai kishte p\u00ebr jet\u00ebn dhe pun\u00ebn k\u00ebrkimore shkencore. N\u00eb k\u00ebndv\u00ebshtrimin ton\u00eb jeta dhe veprimtaria e akademikut konsiderohet, si p\u00ebrfaq\u00ebsuesi m\u00eb i shquar i brezit t\u00eb dyt\u00eb t\u00eb akademik\u00ebve t\u00eb Shqip\u00ebris\u00eb&#8230;<\/em><\/p>\n<p><em>Ai ishte nj\u00eb shkenc\u00ebtar q\u00eb t\u00ebr\u00eb jet\u00ebn e vet ia kushtoi zbulimit dhe analizimit t\u00eb rr\u00ebnj\u00ebve, n\u00eb studime dhe identitetin ton\u00eb kulturor. Nuk e ndan dot jet\u00ebn dhe kontributin e profesor U\u00e7it me thik\u00eb, se pas p\u00ebrfundimit t\u00eb studimeve universitare n\u00eb Mosk\u00eb ai ishte themelues n\u00eb katedrat tona, i filozofis\u00eb edhe n\u00eb m\u00ebnyr\u00eb t\u00eb ve\u00e7ant\u00eb i estetik\u00ebs. Ai ka drejtuar Komitetin e kultur\u00ebs, Institutin e Antropologjis\u00eb Kulturore\u201d,\u00a0<\/em>tregon Tole.<\/p>\n<p>Tole, p\u00ebrpos kontributit t\u00eb U\u00e7it n\u00eb shkenc\u00ebn shqiptare, thekson edhe se vepra e tij, qw \u00e7do dit\u00eb vazhdon t\u00eb lexohet nga brezat pasardh\u00ebs<\/p>\n<p><em>Nuk dua t\u00eb zgjatem me vepra q\u00eb i kan\u00eb siguruar kryet e vendin p\u00ebr krijimtarin\u00eb e Naim Frash\u00ebrin, Kadaren\u00eb, Migjenin etj. Ai jo vet\u00ebm ishte shkenc\u00ebtar i madh, por edhe pinjoll i nj\u00eb familje patriotike t\u00eb Shqip\u00ebris\u00eb. Me Alfred U\u00e7in \u00ebsht\u00eb larguar pjesa fizike e tij, pjesa tjet\u00ebr \u00ebsht\u00eb mes njer\u00ebzve, sepse lexohet edhe shfryt\u00ebzohet \u00e7do dit\u00eb\u201d, shprehet akademiku Vasil Tole.<\/em><\/p>\n<p>Albana, vajza e profesor U\u00e7it na rr\u00ebfen amanetet dhe porosit\u00eb\u00a0 e fundit t\u00eb t\u00eb atit.<\/p>\n<p><em>\u201cBabi m\u00eb mungon. M\u00eb mungon pa fund. E kam t\u00eb v\u00ebshtir\u00eb q\u00eb<strong>\u00a0<\/strong>n\u00eb dit\u00ebn e 90-vjetorit t\u00eb lindjes s\u00eb tij, q\u00eb emocionet jan\u00eb t\u00eb pafundme kur un\u00eb t\u00eb flas p\u00ebr njeriun m\u00eb t\u00eb shtrenjt\u00eb dhe t\u00eb af\u00ebrm, q\u00eb nuk \u00ebsht\u00eb m\u00eb i pranish\u00ebm p\u00ebr ne. Ai la nj\u00eb dhom\u00eb me dokumente, libra dhe studime. Kjo m\u00eb ngush\u00ebllon shum\u00eb, se kur un\u00eb lexoj veprat e tij jam me t\u00eb. Babin e adhuroja pa fund p\u00ebr vullnetin e tij t\u00eb hekurt, ai kishte nj\u00eb vullnet q\u00eb m\u00eb b\u00ebn ta krahasoj me Ni\u00e7en shum\u00eb her\u00eb. Gishtat e tij b\u00ebnin gjimnastik\u00eb t\u00eb p\u00ebrditshme nga m\u00ebngjesi n\u00eb dark. Si fillim n\u00eb makin\u00ebn e shkrimit dhe shum\u00eb m\u00eb von\u00eb n\u00eb tastier\u00ebn e kompjuterit\u201d, tregon e bija.<\/em><\/p>\n<p>Drejt\u00ebsia dhe v\u00ebrtet\u00ebsia tek ai p\u00ebr Alban\u00ebn ishin tipare t\u00eb pazgjidhshme, ishin si muzik\u00eb n\u00eb shpirtin e tij.<\/p>\n<p><em>\u201cBabi ishte p\u00ebr nj\u00eb bot\u00eb t\u00eb hapur, ai e donte jet\u00ebn. Ai donte kat\u2019harsin. Idhuj kishte Fan Nolin, Ismail Qemalin, st\u00ebrgjyshin Petro Nini Luarasin, daj\u00ebn e tij Sk\u00ebnder Luarasin. M\u00eb thoshte: K\u00ebta jan\u00eb kapedan\u00ebt e atdhetarizmit\u201d, vijon ajo, duke theksuar edhe momentet e fundit.<\/em><\/p>\n<p><em>\u201cN\u00eb minutat e fundit, kur la disa amanete m\u00eb kujtohet q\u00eb na tha n\u00eb familje. \u201cM\u00eb kujtoni si atdhetar dhe si demokrat liberal\u201d. Ai ishte kund\u00ebr diktaturave, donte lirin\u00eb, lirin\u00eb e shpirtit. \u00a0Idhujt e tij bot\u00ebror\u00eb kan\u00eb qen\u00eb Shekspiri, Dostojevski, Servantesi, nj\u00eb nd\u00ebr librat e tij ka qe filozofia e Don Kishotizmit. Ai e ka lexuar Don Kishotin e Servantasit n\u00eb gjimnaz, derisa ka b\u00ebr\u00eb analiz\u00ebn e tij. M\u00eb thoshte se tre gj\u00ebra duhet t\u00eb merrni me vete pasi t\u00eb vdisni, Bibl\u00ebn, Simfonin\u00eb e 9 t\u00eb Beethovenit edhe Don Kishotin e Servantesit\u201d, p\u00ebrfundon e bija.<\/em><\/p>\n<p>Profesor Alfred U\u00e7i n\u00eb 60 vjet krijimtari arriti t\u00eb botoi rreth 20 vepra monografike.<\/p>\n<p>Shqiptarja.com<\/p>\n","protected":false},"excerpt":{"rendered":"<p>90-vjetori i lindjes s\u00eb Alfred U\u00e7it, nipit t\u00eb Luaras\u00ebve. E bija: Donte ta kujtonim, si atdhetar demokrat dhe liberal N\u00eb k\u00ebt\u00eb 90-vjetor t\u00eb lindjes s\u00eb akademikut t\u00eb ndjer\u00eb Alfred U\u00e7i, Vasil Tole tregon r\u00ebnd\u00ebsin\u00eb e veprave q\u00eb ai ka l\u00ebn\u00eb pas p\u00ebr t\u00eb gjith\u00eb brezat. Nd\u00ebrsa, vajza e tij rr\u00ebfen amanetin e fundit t\u00eb t\u00eb [&hellip;]<\/p>\n","protected":false},"author":9,"featured_media":42141,"comment_status":"open","ping_status":"open","sticky":false,"template":"","format":"standard","meta":{"jetpack_post_was_ever_published":false,"_jetpack_newsletter_access":"","_jetpack_dont_email_post_to_subs":false,"_jetpack_newsletter_tier_id":0,"_jetpack_memberships_contains_paywalled_content":false,"_jetpack_memberships_contains_paid_content":false,"footnotes":"","jetpack_publicize_message":"","jetpack_publicize_feature_enabled":true,"jetpack_social_post_already_shared":true,"jetpack_social_options":{"image_generator_settings":{"template":"highway","default_image_id":0,"font":"","enabled":false},"version":2}},"categories":[27,85],"tags":[],"class_list":["post-42140","post","type-post","status-publish","format-standard","has-post-thumbnail","hentry","category-blogu-i-udhetarit","category-histori"],"jetpack_publicize_connections":[],"jetpack_featured_media_url":"https:\/\/i0.wp.com\/www.shqiperia.com\/blog\/wp-content\/uploads\/2020\/12\/1608306720_vasiltole.jpg?fit=780%2C440&ssl=1","jetpack_sharing_enabled":true,"jetpack_shortlink":"https:\/\/wp.me\/p5Z6wp-aXG","jetpack-related-posts":[{"id":82698,"url":"https:\/\/www.shqiperia.com\/blog\/150-vjetori-i-lindjes-se-shtjefen-gjecov-kryeziu-1874-12-korik-2024\/","url_meta":{"origin":42140,"position":0},"title":"150 vjetori i lindjes s\u00eb\u00a0 Shtjef\u00ebn Gjecov Kryeziu. (1874- 12 Korik &#8211; 2024)","author":"Kurt Farka","date":"July 12, 2024","format":false,"excerpt":"12 Korrik 2024 Sot 12 Korrik, \u00ebsht\u00eb 150 vjetori i lindjes s\u00eb\u00a0 Shtjef\u00ebn Gjecov Kryeziu. Studiues, Shkencetar, Luftetar me arm\u00eb ne dor\u00eb p\u00ebr Pavarsin\u00eb Komb\u00ebtare, Arkeolog, Etnograf, Ramancier, Poet, Mesues dhe pionier i hapjes s\u00eb shkollave Shqipe, Skicograf i trashegimis\u00eb kulturore, Historian, Folklorist. Perkthues etj. D\u00ebshmor i Atdheut. Akademia e\u2026","rel":"","context":"In &quot;Arte&quot;","block_context":{"text":"Arte","link":"https:\/\/www.shqiperia.com\/blog\/category\/arte\/"},"img":{"alt_text":"","src":"https:\/\/i0.wp.com\/www.shqiperia.com\/blog\/wp-content\/uploads\/2024\/07\/Shtjefen-Gjecov-Kryeziu.jpg?fit=700%2C409&ssl=1&resize=350%2C200","width":350,"height":200,"srcset":"https:\/\/i0.wp.com\/www.shqiperia.com\/blog\/wp-content\/uploads\/2024\/07\/Shtjefen-Gjecov-Kryeziu.jpg?fit=700%2C409&ssl=1&resize=350%2C200 1x, https:\/\/i0.wp.com\/www.shqiperia.com\/blog\/wp-content\/uploads\/2024\/07\/Shtjefen-Gjecov-Kryeziu.jpg?fit=700%2C409&ssl=1&resize=525%2C300 1.5x, https:\/\/i0.wp.com\/www.shqiperia.com\/blog\/wp-content\/uploads\/2024\/07\/Shtjefen-Gjecov-Kryeziu.jpg?fit=700%2C409&ssl=1&resize=700%2C400 2x"},"classes":[]},{"id":523,"url":"https:\/\/www.shqiperia.com\/blog\/85-vjetori-lindjesshkodra-feste-te-madhe-per-tinka-kurtin\/","url_meta":{"origin":42140,"position":1},"title":"85-vjetori i lindjes,Shkodra fest\u00eb t\u00eb madhe p\u00ebr Tinka Kurtin","author":"Kurt Farka","date":"January 6, 2018","format":false,"excerpt":"Tinka Kurti ikona e kinematografis\u00eb shqiptare do ta festoj\u00eb 85-vjetorin e lindjes n\u00eb Teatrin \u201cMigjeni\u201d n\u00eb Shkod\u00ebr, ku hodhi hapat e para t\u00eb karrier\u00ebs s\u00eb saj. \u201cTinka Kurti pa me te voglin dyshim, \u00ebsht\u00eb emri m\u00eb i ndritsh\u00ebm n\u00eb qiellin e filmit, por edhe teatrit shqiptar. Nj\u00eb p\u00ebrvjetor i tille,\u2026","rel":"","context":"In &quot;Shoqerore&quot;","block_context":{"text":"Shoqerore","link":"https:\/\/www.shqiperia.com\/blog\/category\/shoqerore\/"},"img":{"alt_text":"","src":"https:\/\/i0.wp.com\/www.shqiperia.com\/blog\/wp-content\/uploads\/2018\/01\/tinka-kurti.jpg?fit=633%2C347&ssl=1&resize=350%2C200","width":350,"height":200,"srcset":"https:\/\/i0.wp.com\/www.shqiperia.com\/blog\/wp-content\/uploads\/2018\/01\/tinka-kurti.jpg?fit=633%2C347&ssl=1&resize=350%2C200 1x, https:\/\/i0.wp.com\/www.shqiperia.com\/blog\/wp-content\/uploads\/2018\/01\/tinka-kurti.jpg?fit=633%2C347&ssl=1&resize=525%2C300 1.5x"},"classes":[]},{"id":56935,"url":"https:\/\/www.shqiperia.com\/blog\/ndodh-edhe-keshtu-qendra-e-librit-konference-ku-i-flet-salles-bosh-konferenca-asdreni-150-vjetori-i-lindjes-se-poetit-te-madh-pa-risi-e-pjesemarres\/","url_meta":{"origin":42140,"position":2},"title":"Ndodh edhe keshtu:- Qendra e Librit Konference ku \u2018i flet\u2019 sall\u00ebs bosh.\u00a0 Konferenca \u2018Asdreni\u2019, 150-vjetori i lindjes s\u00eb poetit t\u00eb madh, pa risi e pjes\u00ebmarr\u00ebs.","author":"Kurt Farka","date":"April 19, 2022","format":false,"excerpt":"Ndodh edhe keshtu:- Qendra e Librit Konference ku \u2018i flet\u2019 sall\u00ebs bosh.\u00a0 Konferenca \u2018Asdreni\u2019, 150-vjetori i lindjes s\u00eb poetit t\u00eb madh, pa risi e pjes\u00ebmarr\u00ebs. 19 Prill 2022 Nga Anila Dedaj Konferenca \u2018Asdreni\u2019, 150-vjetori i lindjes s\u00eb poetit t\u00eb madh, pa risi e pjes\u00ebmarr\u00ebs, Qendra e Librit \u2018i flet\u2019 sall\u00ebs\u2026","rel":"","context":"In &quot;Press Releases&quot;","block_context":{"text":"Press Releases","link":"https:\/\/www.shqiperia.com\/blog\/category\/press-releases\/"},"img":{"alt_text":"","src":"https:\/\/i0.wp.com\/www.shqiperia.com\/blog\/wp-content\/uploads\/2022\/04\/Qendra-e-Librit-Konference-ku-%E2%80%98i-flet-salles-bosh..jpg?fit=539%2C305&ssl=1&resize=350%2C200","width":350,"height":200,"srcset":"https:\/\/i0.wp.com\/www.shqiperia.com\/blog\/wp-content\/uploads\/2022\/04\/Qendra-e-Librit-Konference-ku-%E2%80%98i-flet-salles-bosh..jpg?fit=539%2C305&ssl=1&resize=350%2C200 1x, https:\/\/i0.wp.com\/www.shqiperia.com\/blog\/wp-content\/uploads\/2022\/04\/Qendra-e-Librit-Konference-ku-%E2%80%98i-flet-salles-bosh..jpg?fit=539%2C305&ssl=1&resize=525%2C300 1.5x"},"classes":[]},{"id":43759,"url":"https:\/\/www.shqiperia.com\/blog\/nje-rruge-ne-tirane-me-emrin-e-akademikut-alfred-uci-veliaj-nje-qytetar-dhe-model-frymezimi\/","url_meta":{"origin":42140,"position":3},"title":"Nj\u00eb rrug\u00eb n\u00eb Tiran\u00eb me emrin e akademikut Alfred U\u00e7i, Veliaj: Nj\u00eb qytetar dhe model frym\u00ebzimi","author":"Kurt Farka","date":"February 4, 2021","format":false,"excerpt":"Nj\u00eb rrug\u00eb n\u00eb Tiran\u00eb me emrin e akademikut Alfred U\u00e7i, Veliaj: Nj\u00eb qytetar dhe model frym\u00ebzimi 31\/01\/2021 Segmenti q\u00eb lidh rrug\u00ebn e \u201cElbasanit\u201d me rrug\u00ebn \u201cPjet\u00ebr Budi\u201d, ku kalojn\u00eb \u00e7do dit\u00eb mij\u00ebra student\u00eb, do t\u00eb mbaj\u00eb emrin e akademikut t\u00eb njohur Alfred U\u00e7i. N\u00eb nj\u00eb ceremoni t\u00eb ve\u00e7ant\u00eb, kreu i\u2026","rel":"","context":"In &quot;Blogu i Udh\u00ebtarit&quot;","block_context":{"text":"Blogu i Udh\u00ebtarit","link":"https:\/\/www.shqiperia.com\/blog\/category\/blogu-i-udhetarit\/"},"img":{"alt_text":"","src":"https:\/\/i0.wp.com\/www.shqiperia.com\/blog\/wp-content\/uploads\/2021\/02\/alfred-uci.jpg?fit=370%2C223&ssl=1&resize=350%2C200","width":350,"height":200},"classes":[]},{"id":59013,"url":"https:\/\/www.shqiperia.com\/blog\/prof-ramadan-sokoli-102-vjetori-i-lindjes-nje-nga-studiuesit-me-te-shquar-te-etnokultures-trashegimise-dhe-qyteterimit-iliro-arberor\/","url_meta":{"origin":42140,"position":4},"title":"Prof. Ramadan Sokoli, 102 vjetori i lindjes \u2013 Nj\u00eb nga studiuesit m\u00eb t\u00eb shquar t\u00eb etnokultur\u00ebs, trash\u00ebgimis\u00eb dhe qytet\u00ebrimit Iliro-arb\u00ebror","author":"Kurt Farka","date":"June 14, 2022","format":false,"excerpt":"Prof. Ramadan Sokoli, 102 vjetori i lindjes \u2013 Nj\u00eb nga studiuesit m\u00eb t\u00eb shquar t\u00eb etnokultur\u00ebs, trash\u00ebgimis\u00eb dhe qytet\u00ebrimit Iliro-arb\u00ebror Nga Gazeta BOTA SOT, Prishtine. NGA: JAHO BRAHAJ Fotografi q\u00eb publikohet p\u00ebr her\u00eb t\u00eb par\u00eb pas 24 vitesh Ramadan Sokoli (14 qershor 1920 - 12 mars 2008) Ramadan Sokoli (14\u2026","rel":"","context":"In &quot;Blogu i Udh\u00ebtarit&quot;","block_context":{"text":"Blogu i Udh\u00ebtarit","link":"https:\/\/www.shqiperia.com\/blog\/category\/blogu-i-udhetarit\/"},"img":{"alt_text":"","src":"https:\/\/i0.wp.com\/www.shqiperia.com\/blog\/wp-content\/uploads\/2022\/06\/Prof.-Ramadan-Sokoli-102-vjetori-i-lindjes-%E2%80%93-Nje-nga-studiuesit-me-te-shquar-te-etnokultures-trashegimise-dhe-qyteterimit-Iliro-arberor.jpg?fit=720%2C446&ssl=1&resize=350%2C200","width":350,"height":200,"srcset":"https:\/\/i0.wp.com\/www.shqiperia.com\/blog\/wp-content\/uploads\/2022\/06\/Prof.-Ramadan-Sokoli-102-vjetori-i-lindjes-%E2%80%93-Nje-nga-studiuesit-me-te-shquar-te-etnokultures-trashegimise-dhe-qyteterimit-Iliro-arberor.jpg?fit=720%2C446&ssl=1&resize=350%2C200 1x, https:\/\/i0.wp.com\/www.shqiperia.com\/blog\/wp-content\/uploads\/2022\/06\/Prof.-Ramadan-Sokoli-102-vjetori-i-lindjes-%E2%80%93-Nje-nga-studiuesit-me-te-shquar-te-etnokultures-trashegimise-dhe-qyteterimit-Iliro-arberor.jpg?fit=720%2C446&ssl=1&resize=525%2C300 1.5x, https:\/\/i0.wp.com\/www.shqiperia.com\/blog\/wp-content\/uploads\/2022\/06\/Prof.-Ramadan-Sokoli-102-vjetori-i-lindjes-%E2%80%93-Nje-nga-studiuesit-me-te-shquar-te-etnokultures-trashegimise-dhe-qyteterimit-Iliro-arberor.jpg?fit=720%2C446&ssl=1&resize=700%2C400 2x"},"classes":[]},{"id":7728,"url":"https:\/\/www.shqiperia.com\/blog\/105-vjetori-i-lindjes-se-selahudin-totos-akademia-e-shkencave-studim-per-elitat-gjate-regjimit-komunist\/","url_meta":{"origin":42140,"position":5},"title":"105 vjetori i lindjes s\u00eb Selahudin Totos, Akademia e Shkencave studim p\u00ebr elitat gjat\u00eb regjimit komunist.-","author":"Kurt Farka","date":"May 21, 2018","format":false,"excerpt":"105 vjetori i lindjes s\u00eb Selahudin Totos, Akademia e Shkencave studim p\u00ebr elitat gjat\u00eb regjimit komunist.- Me rastin e 105 vjetorit t\u00eb lindjes s\u00eb Drejtorit t\u00eb par\u00eb t\u00eb Akademis\u00eb s\u00eb Shkencave, Selahudin Toto, sot u organizua nj\u00eb konferenc\u00eb p\u00ebr rolin e shkenc\u00ebs, elitave intelektuale dhe k\u00ebrkimit shkencor n\u00eb vitet e\u2026","rel":"","context":"In &quot;Blogu i Udh\u00ebtarit&quot;","block_context":{"text":"Blogu i Udh\u00ebtarit","link":"https:\/\/www.shqiperia.com\/blog\/category\/blogu-i-udhetarit\/"},"img":{"alt_text":"","src":"https:\/\/i0.wp.com\/www.shqiperia.com\/blog\/wp-content\/uploads\/2018\/05\/4bd88880c8d90da7c4399d01e2c9e8c6_XL.jpg?fit=800%2C413&ssl=1&resize=350%2C200","width":350,"height":200,"srcset":"https:\/\/i0.wp.com\/www.shqiperia.com\/blog\/wp-content\/uploads\/2018\/05\/4bd88880c8d90da7c4399d01e2c9e8c6_XL.jpg?fit=800%2C413&ssl=1&resize=350%2C200 1x, https:\/\/i0.wp.com\/www.shqiperia.com\/blog\/wp-content\/uploads\/2018\/05\/4bd88880c8d90da7c4399d01e2c9e8c6_XL.jpg?fit=800%2C413&ssl=1&resize=525%2C300 1.5x, https:\/\/i0.wp.com\/www.shqiperia.com\/blog\/wp-content\/uploads\/2018\/05\/4bd88880c8d90da7c4399d01e2c9e8c6_XL.jpg?fit=800%2C413&ssl=1&resize=700%2C400 2x"},"classes":[]}],"_links":{"self":[{"href":"https:\/\/www.shqiperia.com\/blog\/wp-json\/wp\/v2\/posts\/42140","targetHints":{"allow":["GET"]}}],"collection":[{"href":"https:\/\/www.shqiperia.com\/blog\/wp-json\/wp\/v2\/posts"}],"about":[{"href":"https:\/\/www.shqiperia.com\/blog\/wp-json\/wp\/v2\/types\/post"}],"author":[{"embeddable":true,"href":"https:\/\/www.shqiperia.com\/blog\/wp-json\/wp\/v2\/users\/9"}],"replies":[{"embeddable":true,"href":"https:\/\/www.shqiperia.com\/blog\/wp-json\/wp\/v2\/comments?post=42140"}],"version-history":[{"count":1,"href":"https:\/\/www.shqiperia.com\/blog\/wp-json\/wp\/v2\/posts\/42140\/revisions"}],"predecessor-version":[{"id":42142,"href":"https:\/\/www.shqiperia.com\/blog\/wp-json\/wp\/v2\/posts\/42140\/revisions\/42142"}],"wp:featuredmedia":[{"embeddable":true,"href":"https:\/\/www.shqiperia.com\/blog\/wp-json\/wp\/v2\/media\/42141"}],"wp:attachment":[{"href":"https:\/\/www.shqiperia.com\/blog\/wp-json\/wp\/v2\/media?parent=42140"}],"wp:term":[{"taxonomy":"category","embeddable":true,"href":"https:\/\/www.shqiperia.com\/blog\/wp-json\/wp\/v2\/categories?post=42140"},{"taxonomy":"post_tag","embeddable":true,"href":"https:\/\/www.shqiperia.com\/blog\/wp-json\/wp\/v2\/tags?post=42140"}],"curies":[{"name":"wp","href":"https:\/\/api.w.org\/{rel}","templated":true}]}}